{"id":75990,"date":"2021-09-30T09:26:18","date_gmt":"2021-09-30T12:26:18","guid":{"rendered":"https:\/\/noticiasmercedinas.com\/site\/?p=75990"},"modified":"2021-09-30T09:26:18","modified_gmt":"2021-09-30T12:26:18","slug":"la-primera-nacional-con-asistentes-mercedinos","status":"publish","type":"post","link":"https:\/\/noticiasmercedinas.com\/site\/2021\/09\/30\/la-primera-nacional-con-asistentes-mercedinos\/","title":{"rendered":"La Primera Nacional con asistentes mercedinos"},"content":{"rendered":"<figure id=\"attachment_75991\" aria-describedby=\"caption-attachment-75991\" style=\"width: 640px\" class=\"wp-caption alignnone\"><img loading=\"lazy\" decoding=\"async\" class=\"wp-image-75991 size-full\" src=\"https:\/\/noticiasmercedinas.com\/site\/wp-content\/uploads\/2021\/09\/IMG_0899.jpg\" alt=\"\" width=\"640\" height=\"418\" srcset=\"https:\/\/noticiasmercedinas.com\/site\/wp-content\/uploads\/2021\/09\/IMG_0899.jpg 640w, https:\/\/noticiasmercedinas.com\/site\/wp-content\/uploads\/2021\/09\/IMG_0899-300x196.jpg 300w\" sizes=\"auto, (max-width: 640px) 100vw, 640px\" \/><figcaption id=\"caption-attachment-75991\" class=\"wp-caption-text\">Javier Mihura.<\/figcaption><\/figure>\n<p>La Primera Nacional de AFA tendr\u00e1 en los pr\u00f3ximos d\u00edas la realizaci\u00f3n de la 28\u00b0 fecha, conoci\u00e9ndose\u00a0 la designaciones arbitrales para todos sus encuentros donde se encuentran los dos asistentes mercedinos. El pr\u00f3ximo domingo 3 por la Zona B desde las 15 jugar\u00e1n Brown (Adrogu\u00e9) vs. Ferro.<\/p>\n<p>El \u00e1rbitro ser\u00e1 Nazareno Arasa y los asistentes Dami\u00e1n Espinoza y Ernesto Callegari (Mercedes). El cuarto \u00e1rbitro Ramiro L\u00f3pez. El encuentro corresponde a la Zona B y lo tiene al \u201cTricolor\u201d tercero con 41 puntos mientras que el \u201cVerde\u201d lleva sumados 38 unidades marcha cuarto.<\/p>\n<p>El martes 5 de octubre por la Zona A desde las 21.10 se disputar\u00e1 el encuentro de Nueva Chicago vs. Temperley \u00a0televisado por TyC Sports. El \u00e1rbitro ser\u00e1 Nelson Sosa y sus asistentes Gisela Trucco y Javier Mihura (Mercedes) m\u00e1s el cuarto \u00e1rbitro Germ\u00e1n Berm\u00fadez.<\/p>\n<p>Este encuentro cerrar\u00e1 la fecha y tiene a los de Mataderos cerrando la tabla con 16 puntos, el \u201cCeleste\u201d ha logrado al momento 29 unidades, estando ambos lejos de la instancia de clasificaci\u00f3n.<\/p>\n","protected":false},"excerpt":{"rendered":"<p>\u25a0 El domingo Ernesto Callegari estar\u00e1 en el partido de Brown de Adrogu\u00e9 y Ferro por la 28\u00b0 fecha donde ambos busca clasificarse. Ya el martes pr\u00f3ximo Javier Mihura fue designado para Nueva Chicago vs. Temperley.<\/p>\n","protected":false},"author":6,"featured_media":75991,"comment_status":"open","ping_status":"open","sticky":false,"template":"","format":"standard","meta":{"footnotes":""},"categories":[5],"tags":[6317,11880,11091,11092,11470],"class_list":["post-75990","post","type-post","status-publish","format-standard","has-post-thumbnail","hentry","category-deportes","tag-arbitro","tag-asistentes","tag-ernesto-callegari","tag-javier-mihura","tag-primera-nacional"],"yoast_head":"<!-- This site is optimized with the Yoast SEO plugin v27.4 - https:\/\/yoast.com\/product\/yoast-seo-wordpress\/ -->\n<title>La Primera Nacional con asistentes mercedinos<\/title>\n<meta name=\"robots\" content=\"index, follow, max-snippet:-1, max-image-preview:large, max-video-preview:-1\" \/>\n<link rel=\"canonical\" href=\"https:\/\/noticiasmercedinas.com\/site\/2021\/09\/30\/la-primera-nacional-con-asistentes-mercedinos\/\" \/>\n<meta property=\"og:locale\" content=\"es_ES\" \/>\n<meta property=\"og:type\" content=\"article\" \/>\n<meta property=\"og:title\" content=\"La Primera Nacional con asistentes mercedinos\" \/>\n<meta property=\"og:description\" content=\"\u25a0 El domingo Ernesto Callegari estar\u00e1 en el partido de Brown de Adrogu\u00e9 y Ferro por la 28\u00b0 fecha donde ambos busca clasificarse. Ya el martes pr\u00f3ximo Javier Mihura fue designado para Nueva Chicago vs. Temperley.\" \/>\n<meta property=\"og:url\" content=\"https:\/\/noticiasmercedinas.com\/site\/2021\/09\/30\/la-primera-nacional-con-asistentes-mercedinos\/\" \/>\n<meta property=\"og:site_name\" content=\"NOTICIASMERCEDINAS.COM\" \/>\n<meta property=\"article:publisher\" content=\"https:\/\/www.facebook.com\/noticiasmercedinas\/\" \/>\n<meta property=\"article:published_time\" content=\"2021-09-30T12:26:18+00:00\" \/>\n<meta property=\"og:image\" content=\"https:\/\/noticiasmercedinas.com\/site\/wp-content\/uploads\/2021\/09\/IMG_0899.jpg\" \/>\n\t<meta property=\"og:image:width\" content=\"640\" \/>\n\t<meta property=\"og:image:height\" content=\"418\" \/>\n\t<meta property=\"og:image:type\" content=\"image\/jpeg\" \/>\n<meta name=\"author\" content=\"Juan Dagnino NOTICIASMERCEDINAS.COM\" \/>\n<meta name=\"twitter:card\" content=\"summary_large_image\" \/>\n<meta name=\"twitter:creator\" content=\"@notmercedinas\" \/>\n<meta name=\"twitter:site\" content=\"@notmercedinas\" \/>\n<meta name=\"twitter:label1\" content=\"Escrito por\" \/>\n\t<meta name=\"twitter:data1\" content=\"Juan Dagnino NOTICIASMERCEDINAS.COM\" \/>\n\t<meta name=\"twitter:label2\" content=\"Tiempo de lectura\" \/>\n\t<meta name=\"twitter:data2\" content=\"1 minuto\" \/>\n<script type=\"application\/ld+json\" class=\"yoast-schema-graph\">{\"@context\":\"https:\\\/\\\/schema.org\",\"@graph\":[{\"@type\":\"Article\",\"@id\":\"https:\\\/\\\/noticiasmercedinas.com\\\/site\\\/2021\\\/09\\\/30\\\/la-primera-nacional-con-asistentes-mercedinos\\\/#article\",\"isPartOf\":{\"@id\":\"https:\\\/\\\/noticiasmercedinas.com\\\/site\\\/2021\\\/09\\\/30\\\/la-primera-nacional-con-asistentes-mercedinos\\\/\"},\"author\":{\"name\":\"Juan Dagnino NOTICIASMERCEDINAS.COM\",\"@id\":\"https:\\\/\\\/noticiasmercedinas.com\\\/site\\\/#\\\/schema\\\/person\\\/8f2f09d666ef40986eba4a5e6f2a06f9\"},\"headline\":\"La Primera Nacional con asistentes mercedinos\",\"datePublished\":\"2021-09-30T12:26:18+00:00\",\"mainEntityOfPage\":{\"@id\":\"https:\\\/\\\/noticiasmercedinas.com\\\/site\\\/2021\\\/09\\\/30\\\/la-primera-nacional-con-asistentes-mercedinos\\\/\"},\"wordCount\":188,\"commentCount\":0,\"publisher\":{\"@id\":\"https:\\\/\\\/noticiasmercedinas.com\\\/site\\\/#organization\"},\"image\":{\"@id\":\"https:\\\/\\\/noticiasmercedinas.com\\\/site\\\/2021\\\/09\\\/30\\\/la-primera-nacional-con-asistentes-mercedinos\\\/#primaryimage\"},\"thumbnailUrl\":\"https:\\\/\\\/noticiasmercedinas.com\\\/site\\\/wp-content\\\/uploads\\\/2021\\\/09\\\/IMG_0899.jpg\",\"keywords\":[\"\u00e1rbitro\",\"asistentes\",\"ernesto callegari\",\"javier mihura\",\"primera nacional\"],\"articleSection\":[\"Deportes\"],\"inLanguage\":\"es\",\"potentialAction\":[{\"@type\":\"CommentAction\",\"name\":\"Comment\",\"target\":[\"https:\\\/\\\/noticiasmercedinas.com\\\/site\\\/2021\\\/09\\\/30\\\/la-primera-nacional-con-asistentes-mercedinos\\\/#respond\"]}]},{\"@type\":\"WebPage\",\"@id\":\"https:\\\/\\\/noticiasmercedinas.com\\\/site\\\/2021\\\/09\\\/30\\\/la-primera-nacional-con-asistentes-mercedinos\\\/\",\"url\":\"https:\\\/\\\/noticiasmercedinas.com\\\/site\\\/2021\\\/09\\\/30\\\/la-primera-nacional-con-asistentes-mercedinos\\\/\",\"name\":\"La Primera Nacional con asistentes mercedinos\",\"isPartOf\":{\"@id\":\"https:\\\/\\\/noticiasmercedinas.com\\\/site\\\/#website\"},\"primaryImageOfPage\":{\"@id\":\"https:\\\/\\\/noticiasmercedinas.com\\\/site\\\/2021\\\/09\\\/30\\\/la-primera-nacional-con-asistentes-mercedinos\\\/#primaryimage\"},\"image\":{\"@id\":\"https:\\\/\\\/noticiasmercedinas.com\\\/site\\\/2021\\\/09\\\/30\\\/la-primera-nacional-con-asistentes-mercedinos\\\/#primaryimage\"},\"thumbnailUrl\":\"https:\\\/\\\/noticiasmercedinas.com\\\/site\\\/wp-content\\\/uploads\\\/2021\\\/09\\\/IMG_0899.jpg\",\"datePublished\":\"2021-09-30T12:26:18+00:00\",\"breadcrumb\":{\"@id\":\"https:\\\/\\\/noticiasmercedinas.com\\\/site\\\/2021\\\/09\\\/30\\\/la-primera-nacional-con-asistentes-mercedinos\\\/#breadcrumb\"},\"inLanguage\":\"es\",\"potentialAction\":[{\"@type\":\"ReadAction\",\"target\":[\"https:\\\/\\\/noticiasmercedinas.com\\\/site\\\/2021\\\/09\\\/30\\\/la-primera-nacional-con-asistentes-mercedinos\\\/\"]}]},{\"@type\":\"ImageObject\",\"inLanguage\":\"es\",\"@id\":\"https:\\\/\\\/noticiasmercedinas.com\\\/site\\\/2021\\\/09\\\/30\\\/la-primera-nacional-con-asistentes-mercedinos\\\/#primaryimage\",\"url\":\"https:\\\/\\\/noticiasmercedinas.com\\\/site\\\/wp-content\\\/uploads\\\/2021\\\/09\\\/IMG_0899.jpg\",\"contentUrl\":\"https:\\\/\\\/noticiasmercedinas.com\\\/site\\\/wp-content\\\/uploads\\\/2021\\\/09\\\/IMG_0899.jpg\",\"width\":640,\"height\":418},{\"@type\":\"BreadcrumbList\",\"@id\":\"https:\\\/\\\/noticiasmercedinas.com\\\/site\\\/2021\\\/09\\\/30\\\/la-primera-nacional-con-asistentes-mercedinos\\\/#breadcrumb\",\"itemListElement\":[{\"@type\":\"ListItem\",\"position\":1,\"name\":\"Portada\",\"item\":\"https:\\\/\\\/noticiasmercedinas.com\\\/site\\\/\"},{\"@type\":\"ListItem\",\"position\":2,\"name\":\"La Primera Nacional con asistentes mercedinos\"}]},{\"@type\":\"WebSite\",\"@id\":\"https:\\\/\\\/noticiasmercedinas.com\\\/site\\\/#website\",\"url\":\"https:\\\/\\\/noticiasmercedinas.com\\\/site\\\/\",\"name\":\"NOTICIASMERCEDINAS.COM\",\"description\":\"Mercedes, Buenos Aires, Argentina\",\"publisher\":{\"@id\":\"https:\\\/\\\/noticiasmercedinas.com\\\/site\\\/#organization\"},\"potentialAction\":[{\"@type\":\"SearchAction\",\"target\":{\"@type\":\"EntryPoint\",\"urlTemplate\":\"https:\\\/\\\/noticiasmercedinas.com\\\/site\\\/?s={search_term_string}\"},\"query-input\":{\"@type\":\"PropertyValueSpecification\",\"valueRequired\":true,\"valueName\":\"search_term_string\"}}],\"inLanguage\":\"es\"},{\"@type\":\"Organization\",\"@id\":\"https:\\\/\\\/noticiasmercedinas.com\\\/site\\\/#organization\",\"name\":\"NOTICIASMERCEDINAS.COM\",\"url\":\"https:\\\/\\\/noticiasmercedinas.com\\\/site\\\/\",\"logo\":{\"@type\":\"ImageObject\",\"inLanguage\":\"es\",\"@id\":\"https:\\\/\\\/noticiasmercedinas.com\\\/site\\\/#\\\/schema\\\/logo\\\/image\\\/\",\"url\":\"https:\\\/\\\/noticiasmercedinas.com\\\/site\\\/wp-content\\\/uploads\\\/2020\\\/06\\\/LOGO-512.jpg\",\"contentUrl\":\"https:\\\/\\\/noticiasmercedinas.com\\\/site\\\/wp-content\\\/uploads\\\/2020\\\/06\\\/LOGO-512.jpg\",\"width\":512,\"height\":512,\"caption\":\"NOTICIASMERCEDINAS.COM\"},\"image\":{\"@id\":\"https:\\\/\\\/noticiasmercedinas.com\\\/site\\\/#\\\/schema\\\/logo\\\/image\\\/\"},\"sameAs\":[\"https:\\\/\\\/www.facebook.com\\\/noticiasmercedinas\\\/\",\"https:\\\/\\\/x.com\\\/notmercedinas\",\"https:\\\/\\\/www.instagram.com\\\/noticiasmercedinas\\\/\"]},{\"@type\":\"Person\",\"@id\":\"https:\\\/\\\/noticiasmercedinas.com\\\/site\\\/#\\\/schema\\\/person\\\/8f2f09d666ef40986eba4a5e6f2a06f9\",\"name\":\"Juan Dagnino NOTICIASMERCEDINAS.COM\",\"image\":{\"@type\":\"ImageObject\",\"inLanguage\":\"es\",\"@id\":\"https:\\\/\\\/secure.gravatar.com\\\/avatar\\\/fc7059a769f5a3cae65fadb228a3e4accf3a64b4b2305020d0a27e6d5333c91b?s=96&d=mm&r=g\",\"url\":\"https:\\\/\\\/secure.gravatar.com\\\/avatar\\\/fc7059a769f5a3cae65fadb228a3e4accf3a64b4b2305020d0a27e6d5333c91b?s=96&d=mm&r=g\",\"contentUrl\":\"https:\\\/\\\/secure.gravatar.com\\\/avatar\\\/fc7059a769f5a3cae65fadb228a3e4accf3a64b4b2305020d0a27e6d5333c91b?s=96&d=mm&r=g\",\"caption\":\"Juan Dagnino NOTICIASMERCEDINAS.COM\"},\"url\":\"https:\\\/\\\/noticiasmercedinas.com\\\/site\\\/author\\\/juandagnino\\\/\"}]}<\/script>\n<!-- \/ Yoast SEO plugin. -->","yoast_head_json":{"title":"La Primera Nacional con asistentes mercedinos","robots":{"index":"index","follow":"follow","max-snippet":"max-snippet:-1","max-image-preview":"max-image-preview:large","max-video-preview":"max-video-preview:-1"},"canonical":"https:\/\/noticiasmercedinas.com\/site\/2021\/09\/30\/la-primera-nacional-con-asistentes-mercedinos\/","og_locale":"es_ES","og_type":"article","og_title":"La Primera Nacional con asistentes mercedinos","og_description":"\u25a0 El domingo Ernesto Callegari estar\u00e1 en el partido de Brown de Adrogu\u00e9 y Ferro por la 28\u00b0 fecha donde ambos busca clasificarse. Ya el martes pr\u00f3ximo Javier Mihura fue designado para Nueva Chicago vs. Temperley.","og_url":"https:\/\/noticiasmercedinas.com\/site\/2021\/09\/30\/la-primera-nacional-con-asistentes-mercedinos\/","og_site_name":"NOTICIASMERCEDINAS.COM","article_publisher":"https:\/\/www.facebook.com\/noticiasmercedinas\/","article_published_time":"2021-09-30T12:26:18+00:00","og_image":[{"width":640,"height":418,"url":"https:\/\/noticiasmercedinas.com\/site\/wp-content\/uploads\/2021\/09\/IMG_0899.jpg","type":"image\/jpeg"}],"author":"Juan Dagnino NOTICIASMERCEDINAS.COM","twitter_card":"summary_large_image","twitter_creator":"@notmercedinas","twitter_site":"@notmercedinas","twitter_misc":{"Escrito por":"Juan Dagnino NOTICIASMERCEDINAS.COM","Tiempo de lectura":"1 minuto"},"schema":{"@context":"https:\/\/schema.org","@graph":[{"@type":"Article","@id":"https:\/\/noticiasmercedinas.com\/site\/2021\/09\/30\/la-primera-nacional-con-asistentes-mercedinos\/#article","isPartOf":{"@id":"https:\/\/noticiasmercedinas.com\/site\/2021\/09\/30\/la-primera-nacional-con-asistentes-mercedinos\/"},"author":{"name":"Juan Dagnino NOTICIASMERCEDINAS.COM","@id":"https:\/\/noticiasmercedinas.com\/site\/#\/schema\/person\/8f2f09d666ef40986eba4a5e6f2a06f9"},"headline":"La Primera Nacional con asistentes mercedinos","datePublished":"2021-09-30T12:26:18+00:00","mainEntityOfPage":{"@id":"https:\/\/noticiasmercedinas.com\/site\/2021\/09\/30\/la-primera-nacional-con-asistentes-mercedinos\/"},"wordCount":188,"commentCount":0,"publisher":{"@id":"https:\/\/noticiasmercedinas.com\/site\/#organization"},"image":{"@id":"https:\/\/noticiasmercedinas.com\/site\/2021\/09\/30\/la-primera-nacional-con-asistentes-mercedinos\/#primaryimage"},"thumbnailUrl":"https:\/\/noticiasmercedinas.com\/site\/wp-content\/uploads\/2021\/09\/IMG_0899.jpg","keywords":["\u00e1rbitro","asistentes","ernesto callegari","javier mihura","primera nacional"],"articleSection":["Deportes"],"inLanguage":"es","potentialAction":[{"@type":"CommentAction","name":"Comment","target":["https:\/\/noticiasmercedinas.com\/site\/2021\/09\/30\/la-primera-nacional-con-asistentes-mercedinos\/#respond"]}]},{"@type":"WebPage","@id":"https:\/\/noticiasmercedinas.com\/site\/2021\/09\/30\/la-primera-nacional-con-asistentes-mercedinos\/","url":"https:\/\/noticiasmercedinas.com\/site\/2021\/09\/30\/la-primera-nacional-con-asistentes-mercedinos\/","name":"La Primera Nacional con asistentes mercedinos","isPartOf":{"@id":"https:\/\/noticiasmercedinas.com\/site\/#website"},"primaryImageOfPage":{"@id":"https:\/\/noticiasmercedinas.com\/site\/2021\/09\/30\/la-primera-nacional-con-asistentes-mercedinos\/#primaryimage"},"image":{"@id":"https:\/\/noticiasmercedinas.com\/site\/2021\/09\/30\/la-primera-nacional-con-asistentes-mercedinos\/#primaryimage"},"thumbnailUrl":"https:\/\/noticiasmercedinas.com\/site\/wp-content\/uploads\/2021\/09\/IMG_0899.jpg","datePublished":"2021-09-30T12:26:18+00:00","breadcrumb":{"@id":"https:\/\/noticiasmercedinas.com\/site\/2021\/09\/30\/la-primera-nacional-con-asistentes-mercedinos\/#breadcrumb"},"inLanguage":"es","potentialAction":[{"@type":"ReadAction","target":["https:\/\/noticiasmercedinas.com\/site\/2021\/09\/30\/la-primera-nacional-con-asistentes-mercedinos\/"]}]},{"@type":"ImageObject","inLanguage":"es","@id":"https:\/\/noticiasmercedinas.com\/site\/2021\/09\/30\/la-primera-nacional-con-asistentes-mercedinos\/#primaryimage","url":"https:\/\/noticiasmercedinas.com\/site\/wp-content\/uploads\/2021\/09\/IMG_0899.jpg","contentUrl":"https:\/\/noticiasmercedinas.com\/site\/wp-content\/uploads\/2021\/09\/IMG_0899.jpg","width":640,"height":418},{"@type":"BreadcrumbList","@id":"https:\/\/noticiasmercedinas.com\/site\/2021\/09\/30\/la-primera-nacional-con-asistentes-mercedinos\/#breadcrumb","itemListElement":[{"@type":"ListItem","position":1,"name":"Portada","item":"https:\/\/noticiasmercedinas.com\/site\/"},{"@type":"ListItem","position":2,"name":"La Primera Nacional con asistentes mercedinos"}]},{"@type":"WebSite","@id":"https:\/\/noticiasmercedinas.com\/site\/#website","url":"https:\/\/noticiasmercedinas.com\/site\/","name":"NOTICIASMERCEDINAS.COM","description":"Mercedes, Buenos Aires, Argentina","publisher":{"@id":"https:\/\/noticiasmercedinas.com\/site\/#organization"},"potentialAction":[{"@type":"SearchAction","target":{"@type":"EntryPoint","urlTemplate":"https:\/\/noticiasmercedinas.com\/site\/?s={search_term_string}"},"query-input":{"@type":"PropertyValueSpecification","valueRequired":true,"valueName":"search_term_string"}}],"inLanguage":"es"},{"@type":"Organization","@id":"https:\/\/noticiasmercedinas.com\/site\/#organization","name":"NOTICIASMERCEDINAS.COM","url":"https:\/\/noticiasmercedinas.com\/site\/","logo":{"@type":"ImageObject","inLanguage":"es","@id":"https:\/\/noticiasmercedinas.com\/site\/#\/schema\/logo\/image\/","url":"https:\/\/noticiasmercedinas.com\/site\/wp-content\/uploads\/2020\/06\/LOGO-512.jpg","contentUrl":"https:\/\/noticiasmercedinas.com\/site\/wp-content\/uploads\/2020\/06\/LOGO-512.jpg","width":512,"height":512,"caption":"NOTICIASMERCEDINAS.COM"},"image":{"@id":"https:\/\/noticiasmercedinas.com\/site\/#\/schema\/logo\/image\/"},"sameAs":["https:\/\/www.facebook.com\/noticiasmercedinas\/","https:\/\/x.com\/notmercedinas","https:\/\/www.instagram.com\/noticiasmercedinas\/"]},{"@type":"Person","@id":"https:\/\/noticiasmercedinas.com\/site\/#\/schema\/person\/8f2f09d666ef40986eba4a5e6f2a06f9","name":"Juan Dagnino NOTICIASMERCEDINAS.COM","image":{"@type":"ImageObject","inLanguage":"es","@id":"https:\/\/secure.gravatar.com\/avatar\/fc7059a769f5a3cae65fadb228a3e4accf3a64b4b2305020d0a27e6d5333c91b?s=96&d=mm&r=g","url":"https:\/\/secure.gravatar.com\/avatar\/fc7059a769f5a3cae65fadb228a3e4accf3a64b4b2305020d0a27e6d5333c91b?s=96&d=mm&r=g","contentUrl":"https:\/\/secure.gravatar.com\/avatar\/fc7059a769f5a3cae65fadb228a3e4accf3a64b4b2305020d0a27e6d5333c91b?s=96&d=mm&r=g","caption":"Juan Dagnino NOTICIASMERCEDINAS.COM"},"url":"https:\/\/noticiasmercedinas.com\/site\/author\/juandagnino\/"}]}},"amp_enabled":true,"_links":{"self":[{"href":"https:\/\/noticiasmercedinas.com\/site\/wp-json\/wp\/v2\/posts\/75990","targetHints":{"allow":["GET"]}}],"collection":[{"href":"https:\/\/noticiasmercedinas.com\/site\/wp-json\/wp\/v2\/posts"}],"about":[{"href":"https:\/\/noticiasmercedinas.com\/site\/wp-json\/wp\/v2\/types\/post"}],"author":[{"embeddable":true,"href":"https:\/\/noticiasmercedinas.com\/site\/wp-json\/wp\/v2\/users\/6"}],"replies":[{"embeddable":true,"href":"https:\/\/noticiasmercedinas.com\/site\/wp-json\/wp\/v2\/comments?post=75990"}],"version-history":[{"count":1,"href":"https:\/\/noticiasmercedinas.com\/site\/wp-json\/wp\/v2\/posts\/75990\/revisions"}],"predecessor-version":[{"id":75992,"href":"https:\/\/noticiasmercedinas.com\/site\/wp-json\/wp\/v2\/posts\/75990\/revisions\/75992"}],"wp:featuredmedia":[{"embeddable":true,"href":"https:\/\/noticiasmercedinas.com\/site\/wp-json\/wp\/v2\/media\/75991"}],"wp:attachment":[{"href":"https:\/\/noticiasmercedinas.com\/site\/wp-json\/wp\/v2\/media?parent=75990"}],"wp:term":[{"taxonomy":"category","embeddable":true,"href":"https:\/\/noticiasmercedinas.com\/site\/wp-json\/wp\/v2\/categories?post=75990"},{"taxonomy":"post_tag","embeddable":true,"href":"https:\/\/noticiasmercedinas.com\/site\/wp-json\/wp\/v2\/tags?post=75990"}],"curies":[{"name":"wp","href":"https:\/\/api.w.org\/{rel}","templated":true}]}}