{"id":76462,"date":"2021-10-06T14:41:24","date_gmt":"2021-10-06T17:41:24","guid":{"rendered":"https:\/\/noticiasmercedinas.com\/site\/?p=76462"},"modified":"2021-10-06T14:42:04","modified_gmt":"2021-10-06T17:42:04","slug":"proponen-crear-por-ordenanza-guardias-voluntarias-de-animales","status":"publish","type":"post","link":"https:\/\/noticiasmercedinas.com\/site\/2021\/10\/06\/proponen-crear-por-ordenanza-guardias-voluntarias-de-animales\/","title":{"rendered":"Proponen crear por ordenanza Guardias voluntarias de animales"},"content":{"rendered":"<p><img loading=\"lazy\" decoding=\"async\" class=\"alignnone size-full wp-image-76463\" src=\"https:\/\/noticiasmercedinas.com\/site\/wp-content\/uploads\/2021\/10\/Depositphotos_496752352_S.jpg\" alt=\"\" width=\"640\" height=\"427\" srcset=\"https:\/\/noticiasmercedinas.com\/site\/wp-content\/uploads\/2021\/10\/Depositphotos_496752352_S.jpg 640w, https:\/\/noticiasmercedinas.com\/site\/wp-content\/uploads\/2021\/10\/Depositphotos_496752352_S-300x200.jpg 300w\" sizes=\"auto, (max-width: 640px) 100vw, 640px\" \/><\/p>\n<p>En consonancia con un <strong><a href=\"https:\/\/noticiasmercedinas.com\/site\/2021\/10\/01\/juntan-firmas-para-poder-contar-con-una-guardia-veterinaria\/\">reciente reclamo de vecinos <\/a><\/strong>en torno a la sanidad y salud de los animales, desde el bloque Juntos por el Cambio presentaron un proyecto de ordenanza para crear las \u201cguardias veterinarias voluntarias de animales dom\u00e9sticos\u201d.<\/p>\n<p>Esto en vista de las dificultades que presenta la ciudadan\u00eda toda en contactar a un profesional veterinario en urgencias, y la muerte de los animales por falta de atenci\u00f3n veterinaria.<\/p>\n<p>\u201cSer\u00eda de vital importancia, la creaci\u00f3n una Guardia Veterinaria para atender aquellos animales que se encuentren en riesgo sus vidas con profesionales id\u00f3neos que puedan responder a urgencias las 24 horas\u201d, marcan los ediles entre los considerandos del proyecto presentado en el Legislativo para su an\u00e1lisis.<\/p>\n<p>En este sentido indican que las Guardias Veterinarias implican \u201cla participaci\u00f3n de un grupo de profesionales veterinarios, a fin de cubrir las emergencias que ocurren los d\u00edas domingos, feriados y en los horarios en los cuales no hay atenci\u00f3n alguna\u201d.<\/p>\n<p>El proyecto \u201cGuardias Veterinarias\u201d trata sobre la organizaci\u00f3n y establecimiento de un sistema de guardias pasivas los d\u00edas domingos, feriados y horarios posteriores al horario comercial. Este sistema tiene por fin cubrir entre todos los veterinarios un cronograma de guardia, a fin de trabajar de una manera coordinada logrando un servicio de emergencia animal los d\u00edas domingos, feriados y horario no comercial en los cuales est\u00e1n todas cerradas.<\/p>\n<p>El bloque de concejales del Frente Juntos por el Cambio, propone el siguiente proyecto de ordenanza:<\/p>\n<p><strong><u>ARTICULO 1\u00ba<\/u><\/strong>: Crease \u201clas guardias veterinarias voluntarias de animales dom\u00e9sticos\u201d a fin de instrumentar un mecanismo voluntario de veterinarios de Guardia los d\u00edas Domingos, feriados y en horario no comercial, con el objeto de socorrer las emergencias de los animales del Partido de Mercedes.<\/p>\n<p><strong><u>ARTICULO 2\u00ba<\/u><\/strong>: Invitar a todos los veterinarios y cl\u00ednicas veterinarias que funcionen dentro del partido de Mercedes a adherirse a las Guardias veterinarias voluntarias de animales dom\u00e9sticos. De igual manera, el \u00e1rea de zoonosis municipal, podr\u00e1 si lo cree conveniente participar de las mencionadas guardias, en los d\u00edas que crea necesarios, con personal propio y\/o convenios con profesionales, instituciones, casas de estudios y\/o universidades que crea pertinente.<\/p>\n<p><strong><u>ARTICULO 3\u00ba<\/u><\/strong>: El Departamento Ejecutivo a trav\u00e9s del \u00e1rea que corresponda y en coordinaci\u00f3n con el Colegio de Veterinarios ser\u00e1 el encargado de convocar, coordinar, difundir y determinar la cantidad de veterinarias diarias que conformaran las mencionadas guardias en el Partido.<\/p>\n<p><strong><u>ARTICULO 4\u00ba:<\/u><\/strong>\u00a0Cuando se produzca la habilitaci\u00f3n de una nueva veterinaria se informar\u00e1 al profesional a fin de invitarlo a adherir a \u201clas Guardias Veterinarias\u201d.<\/p>\n<p><strong><u>ARTICULO 5\u00b0:<\/u><\/strong> Los honorarios de los profesionales veterinarios ser\u00e1n costeados por los clientes que requieran el servicio.<\/p>\n<p><strong><u>ARTICULO 6\u00b0<\/u><\/strong>: El costo de los honorarios se establecer\u00e1 de acuerdo al arancel determinado por el Colegio de Veterinarios.<\/p>\n<p><strong><u>ART\u00cdCULO 7\u00ba<\/u><\/strong>: Los gastos que demande la aplicaci\u00f3n de la presente Ordenanza ser\u00e1n imputados a la partida correspondiente.<\/p>\n<p><strong><u>ARTICULO 8\u00ba<\/u><\/strong>: De forma.<\/p>\n","protected":false},"excerpt":{"rendered":"<p>\u25a0 El proyecto \u201cGuardias Veterinarias\u201d trata sobre la organizaci\u00f3n y establecimiento de un sistema de guardias pasivas los d\u00edas domingos, feriados y horarios posteriores al horario comercial. Fue presentado por Juntos por el Cambio.<\/p>\n","protected":false},"author":16,"featured_media":76463,"comment_status":"open","ping_status":"open","sticky":false,"template":"","format":"standard","meta":{"footnotes":""},"categories":[16],"tags":[2029,12993,5269],"class_list":["post-76462","post","type-post","status-publish","format-standard","has-post-thumbnail","hentry","category-politica","tag-animales","tag-guardia-veterinaria","tag-juntos-por-el-cambio"],"yoast_head":"<!-- This site is optimized with the Yoast SEO plugin v27.4 - https:\/\/yoast.com\/product\/yoast-seo-wordpress\/ -->\n<title>Proponen crear por ordenanza Guardias voluntarias de animales<\/title>\n<meta name=\"robots\" content=\"index, follow, max-snippet:-1, max-image-preview:large, max-video-preview:-1\" \/>\n<link rel=\"canonical\" href=\"https:\/\/noticiasmercedinas.com\/site\/2021\/10\/06\/proponen-crear-por-ordenanza-guardias-voluntarias-de-animales\/\" \/>\n<meta property=\"og:locale\" content=\"es_ES\" \/>\n<meta property=\"og:type\" content=\"article\" \/>\n<meta property=\"og:title\" content=\"Proponen crear por ordenanza Guardias voluntarias de animales\" \/>\n<meta property=\"og:description\" content=\"\u25a0 El proyecto \u201cGuardias Veterinarias\u201d trata sobre la organizaci\u00f3n y establecimiento de un sistema de guardias pasivas los d\u00edas domingos, feriados y horarios posteriores al horario comercial. Fue presentado por Juntos por el Cambio.\" \/>\n<meta property=\"og:url\" content=\"https:\/\/noticiasmercedinas.com\/site\/2021\/10\/06\/proponen-crear-por-ordenanza-guardias-voluntarias-de-animales\/\" \/>\n<meta property=\"og:site_name\" content=\"NOTICIASMERCEDINAS.COM\" \/>\n<meta property=\"article:publisher\" content=\"https:\/\/www.facebook.com\/noticiasmercedinas\/\" \/>\n<meta property=\"article:published_time\" content=\"2021-10-06T17:41:24+00:00\" \/>\n<meta property=\"article:modified_time\" content=\"2021-10-06T17:42:04+00:00\" \/>\n<meta property=\"og:image\" content=\"https:\/\/noticiasmercedinas.com\/site\/wp-content\/uploads\/2021\/10\/Depositphotos_496752352_S.jpg\" \/>\n\t<meta property=\"og:image:width\" content=\"640\" \/>\n\t<meta property=\"og:image:height\" content=\"427\" \/>\n\t<meta property=\"og:image:type\" content=\"image\/jpeg\" \/>\n<meta name=\"author\" content=\"NOTICIASMERCEDINAS.COM\" \/>\n<meta name=\"twitter:card\" content=\"summary_large_image\" \/>\n<meta name=\"twitter:creator\" content=\"@notmercedinas\" \/>\n<meta name=\"twitter:site\" content=\"@notmercedinas\" \/>\n<meta name=\"twitter:label1\" content=\"Escrito por\" \/>\n\t<meta name=\"twitter:data1\" content=\"NOTICIASMERCEDINAS.COM\" \/>\n\t<meta name=\"twitter:label2\" content=\"Tiempo de lectura\" \/>\n\t<meta name=\"twitter:data2\" content=\"2 minutos\" \/>\n<script type=\"application\/ld+json\" class=\"yoast-schema-graph\">{\"@context\":\"https:\\\/\\\/schema.org\",\"@graph\":[{\"@type\":\"Article\",\"@id\":\"https:\\\/\\\/noticiasmercedinas.com\\\/site\\\/2021\\\/10\\\/06\\\/proponen-crear-por-ordenanza-guardias-voluntarias-de-animales\\\/#article\",\"isPartOf\":{\"@id\":\"https:\\\/\\\/noticiasmercedinas.com\\\/site\\\/2021\\\/10\\\/06\\\/proponen-crear-por-ordenanza-guardias-voluntarias-de-animales\\\/\"},\"author\":{\"name\":\"NOTICIASMERCEDINAS.COM\",\"@id\":\"https:\\\/\\\/noticiasmercedinas.com\\\/site\\\/#\\\/schema\\\/person\\\/84b59c099c28ff2e8b77d4ceec5d8063\"},\"headline\":\"Proponen crear por ordenanza Guardias voluntarias de animales\",\"datePublished\":\"2021-10-06T17:41:24+00:00\",\"dateModified\":\"2021-10-06T17:42:04+00:00\",\"mainEntityOfPage\":{\"@id\":\"https:\\\/\\\/noticiasmercedinas.com\\\/site\\\/2021\\\/10\\\/06\\\/proponen-crear-por-ordenanza-guardias-voluntarias-de-animales\\\/\"},\"wordCount\":501,\"commentCount\":0,\"publisher\":{\"@id\":\"https:\\\/\\\/noticiasmercedinas.com\\\/site\\\/#organization\"},\"image\":{\"@id\":\"https:\\\/\\\/noticiasmercedinas.com\\\/site\\\/2021\\\/10\\\/06\\\/proponen-crear-por-ordenanza-guardias-voluntarias-de-animales\\\/#primaryimage\"},\"thumbnailUrl\":\"https:\\\/\\\/noticiasmercedinas.com\\\/site\\\/wp-content\\\/uploads\\\/2021\\\/10\\\/Depositphotos_496752352_S.jpg\",\"keywords\":[\"animales\",\"guardia veterinaria\",\"juntos por el cambio\"],\"articleSection\":[\"Politica\"],\"inLanguage\":\"es\",\"potentialAction\":[{\"@type\":\"CommentAction\",\"name\":\"Comment\",\"target\":[\"https:\\\/\\\/noticiasmercedinas.com\\\/site\\\/2021\\\/10\\\/06\\\/proponen-crear-por-ordenanza-guardias-voluntarias-de-animales\\\/#respond\"]}]},{\"@type\":\"WebPage\",\"@id\":\"https:\\\/\\\/noticiasmercedinas.com\\\/site\\\/2021\\\/10\\\/06\\\/proponen-crear-por-ordenanza-guardias-voluntarias-de-animales\\\/\",\"url\":\"https:\\\/\\\/noticiasmercedinas.com\\\/site\\\/2021\\\/10\\\/06\\\/proponen-crear-por-ordenanza-guardias-voluntarias-de-animales\\\/\",\"name\":\"Proponen crear por ordenanza Guardias voluntarias de animales\",\"isPartOf\":{\"@id\":\"https:\\\/\\\/noticiasmercedinas.com\\\/site\\\/#website\"},\"primaryImageOfPage\":{\"@id\":\"https:\\\/\\\/noticiasmercedinas.com\\\/site\\\/2021\\\/10\\\/06\\\/proponen-crear-por-ordenanza-guardias-voluntarias-de-animales\\\/#primaryimage\"},\"image\":{\"@id\":\"https:\\\/\\\/noticiasmercedinas.com\\\/site\\\/2021\\\/10\\\/06\\\/proponen-crear-por-ordenanza-guardias-voluntarias-de-animales\\\/#primaryimage\"},\"thumbnailUrl\":\"https:\\\/\\\/noticiasmercedinas.com\\\/site\\\/wp-content\\\/uploads\\\/2021\\\/10\\\/Depositphotos_496752352_S.jpg\",\"datePublished\":\"2021-10-06T17:41:24+00:00\",\"dateModified\":\"2021-10-06T17:42:04+00:00\",\"breadcrumb\":{\"@id\":\"https:\\\/\\\/noticiasmercedinas.com\\\/site\\\/2021\\\/10\\\/06\\\/proponen-crear-por-ordenanza-guardias-voluntarias-de-animales\\\/#breadcrumb\"},\"inLanguage\":\"es\",\"potentialAction\":[{\"@type\":\"ReadAction\",\"target\":[\"https:\\\/\\\/noticiasmercedinas.com\\\/site\\\/2021\\\/10\\\/06\\\/proponen-crear-por-ordenanza-guardias-voluntarias-de-animales\\\/\"]}]},{\"@type\":\"ImageObject\",\"inLanguage\":\"es\",\"@id\":\"https:\\\/\\\/noticiasmercedinas.com\\\/site\\\/2021\\\/10\\\/06\\\/proponen-crear-por-ordenanza-guardias-voluntarias-de-animales\\\/#primaryimage\",\"url\":\"https:\\\/\\\/noticiasmercedinas.com\\\/site\\\/wp-content\\\/uploads\\\/2021\\\/10\\\/Depositphotos_496752352_S.jpg\",\"contentUrl\":\"https:\\\/\\\/noticiasmercedinas.com\\\/site\\\/wp-content\\\/uploads\\\/2021\\\/10\\\/Depositphotos_496752352_S.jpg\",\"width\":640,\"height\":427},{\"@type\":\"BreadcrumbList\",\"@id\":\"https:\\\/\\\/noticiasmercedinas.com\\\/site\\\/2021\\\/10\\\/06\\\/proponen-crear-por-ordenanza-guardias-voluntarias-de-animales\\\/#breadcrumb\",\"itemListElement\":[{\"@type\":\"ListItem\",\"position\":1,\"name\":\"Portada\",\"item\":\"https:\\\/\\\/noticiasmercedinas.com\\\/site\\\/\"},{\"@type\":\"ListItem\",\"position\":2,\"name\":\"Proponen crear por ordenanza Guardias voluntarias de animales\"}]},{\"@type\":\"WebSite\",\"@id\":\"https:\\\/\\\/noticiasmercedinas.com\\\/site\\\/#website\",\"url\":\"https:\\\/\\\/noticiasmercedinas.com\\\/site\\\/\",\"name\":\"NOTICIASMERCEDINAS.COM\",\"description\":\"Mercedes, Buenos Aires, Argentina\",\"publisher\":{\"@id\":\"https:\\\/\\\/noticiasmercedinas.com\\\/site\\\/#organization\"},\"potentialAction\":[{\"@type\":\"SearchAction\",\"target\":{\"@type\":\"EntryPoint\",\"urlTemplate\":\"https:\\\/\\\/noticiasmercedinas.com\\\/site\\\/?s={search_term_string}\"},\"query-input\":{\"@type\":\"PropertyValueSpecification\",\"valueRequired\":true,\"valueName\":\"search_term_string\"}}],\"inLanguage\":\"es\"},{\"@type\":\"Organization\",\"@id\":\"https:\\\/\\\/noticiasmercedinas.com\\\/site\\\/#organization\",\"name\":\"NOTICIASMERCEDINAS.COM\",\"url\":\"https:\\\/\\\/noticiasmercedinas.com\\\/site\\\/\",\"logo\":{\"@type\":\"ImageObject\",\"inLanguage\":\"es\",\"@id\":\"https:\\\/\\\/noticiasmercedinas.com\\\/site\\\/#\\\/schema\\\/logo\\\/image\\\/\",\"url\":\"https:\\\/\\\/noticiasmercedinas.com\\\/site\\\/wp-content\\\/uploads\\\/2020\\\/06\\\/LOGO-512.jpg\",\"contentUrl\":\"https:\\\/\\\/noticiasmercedinas.com\\\/site\\\/wp-content\\\/uploads\\\/2020\\\/06\\\/LOGO-512.jpg\",\"width\":512,\"height\":512,\"caption\":\"NOTICIASMERCEDINAS.COM\"},\"image\":{\"@id\":\"https:\\\/\\\/noticiasmercedinas.com\\\/site\\\/#\\\/schema\\\/logo\\\/image\\\/\"},\"sameAs\":[\"https:\\\/\\\/www.facebook.com\\\/noticiasmercedinas\\\/\",\"https:\\\/\\\/x.com\\\/notmercedinas\",\"https:\\\/\\\/www.instagram.com\\\/noticiasmercedinas\\\/\"]},{\"@type\":\"Person\",\"@id\":\"https:\\\/\\\/noticiasmercedinas.com\\\/site\\\/#\\\/schema\\\/person\\\/84b59c099c28ff2e8b77d4ceec5d8063\",\"name\":\"NOTICIASMERCEDINAS.COM\",\"image\":{\"@type\":\"ImageObject\",\"inLanguage\":\"es\",\"@id\":\"https:\\\/\\\/secure.gravatar.com\\\/avatar\\\/4dfbf16b4d17945bfb6341b2d19043457132fcf478a5ee04f42e959fd8f5df0a?s=96&d=mm&r=g\",\"url\":\"https:\\\/\\\/secure.gravatar.com\\\/avatar\\\/4dfbf16b4d17945bfb6341b2d19043457132fcf478a5ee04f42e959fd8f5df0a?s=96&d=mm&r=g\",\"contentUrl\":\"https:\\\/\\\/secure.gravatar.com\\\/avatar\\\/4dfbf16b4d17945bfb6341b2d19043457132fcf478a5ee04f42e959fd8f5df0a?s=96&d=mm&r=g\",\"caption\":\"NOTICIASMERCEDINAS.COM\"},\"url\":\"https:\\\/\\\/noticiasmercedinas.com\\\/site\\\/author\\\/anonimo\\\/\"}]}<\/script>\n<!-- \/ Yoast SEO plugin. -->","yoast_head_json":{"title":"Proponen crear por ordenanza Guardias voluntarias de animales","robots":{"index":"index","follow":"follow","max-snippet":"max-snippet:-1","max-image-preview":"max-image-preview:large","max-video-preview":"max-video-preview:-1"},"canonical":"https:\/\/noticiasmercedinas.com\/site\/2021\/10\/06\/proponen-crear-por-ordenanza-guardias-voluntarias-de-animales\/","og_locale":"es_ES","og_type":"article","og_title":"Proponen crear por ordenanza Guardias voluntarias de animales","og_description":"\u25a0 El proyecto \u201cGuardias Veterinarias\u201d trata sobre la organizaci\u00f3n y establecimiento de un sistema de guardias pasivas los d\u00edas domingos, feriados y horarios posteriores al horario comercial. Fue presentado por Juntos por el Cambio.","og_url":"https:\/\/noticiasmercedinas.com\/site\/2021\/10\/06\/proponen-crear-por-ordenanza-guardias-voluntarias-de-animales\/","og_site_name":"NOTICIASMERCEDINAS.COM","article_publisher":"https:\/\/www.facebook.com\/noticiasmercedinas\/","article_published_time":"2021-10-06T17:41:24+00:00","article_modified_time":"2021-10-06T17:42:04+00:00","og_image":[{"width":640,"height":427,"url":"https:\/\/noticiasmercedinas.com\/site\/wp-content\/uploads\/2021\/10\/Depositphotos_496752352_S.jpg","type":"image\/jpeg"}],"author":"NOTICIASMERCEDINAS.COM","twitter_card":"summary_large_image","twitter_creator":"@notmercedinas","twitter_site":"@notmercedinas","twitter_misc":{"Escrito por":"NOTICIASMERCEDINAS.COM","Tiempo de lectura":"2 minutos"},"schema":{"@context":"https:\/\/schema.org","@graph":[{"@type":"Article","@id":"https:\/\/noticiasmercedinas.com\/site\/2021\/10\/06\/proponen-crear-por-ordenanza-guardias-voluntarias-de-animales\/#article","isPartOf":{"@id":"https:\/\/noticiasmercedinas.com\/site\/2021\/10\/06\/proponen-crear-por-ordenanza-guardias-voluntarias-de-animales\/"},"author":{"name":"NOTICIASMERCEDINAS.COM","@id":"https:\/\/noticiasmercedinas.com\/site\/#\/schema\/person\/84b59c099c28ff2e8b77d4ceec5d8063"},"headline":"Proponen crear por ordenanza Guardias voluntarias de animales","datePublished":"2021-10-06T17:41:24+00:00","dateModified":"2021-10-06T17:42:04+00:00","mainEntityOfPage":{"@id":"https:\/\/noticiasmercedinas.com\/site\/2021\/10\/06\/proponen-crear-por-ordenanza-guardias-voluntarias-de-animales\/"},"wordCount":501,"commentCount":0,"publisher":{"@id":"https:\/\/noticiasmercedinas.com\/site\/#organization"},"image":{"@id":"https:\/\/noticiasmercedinas.com\/site\/2021\/10\/06\/proponen-crear-por-ordenanza-guardias-voluntarias-de-animales\/#primaryimage"},"thumbnailUrl":"https:\/\/noticiasmercedinas.com\/site\/wp-content\/uploads\/2021\/10\/Depositphotos_496752352_S.jpg","keywords":["animales","guardia veterinaria","juntos por el cambio"],"articleSection":["Politica"],"inLanguage":"es","potentialAction":[{"@type":"CommentAction","name":"Comment","target":["https:\/\/noticiasmercedinas.com\/site\/2021\/10\/06\/proponen-crear-por-ordenanza-guardias-voluntarias-de-animales\/#respond"]}]},{"@type":"WebPage","@id":"https:\/\/noticiasmercedinas.com\/site\/2021\/10\/06\/proponen-crear-por-ordenanza-guardias-voluntarias-de-animales\/","url":"https:\/\/noticiasmercedinas.com\/site\/2021\/10\/06\/proponen-crear-por-ordenanza-guardias-voluntarias-de-animales\/","name":"Proponen crear por ordenanza Guardias voluntarias de animales","isPartOf":{"@id":"https:\/\/noticiasmercedinas.com\/site\/#website"},"primaryImageOfPage":{"@id":"https:\/\/noticiasmercedinas.com\/site\/2021\/10\/06\/proponen-crear-por-ordenanza-guardias-voluntarias-de-animales\/#primaryimage"},"image":{"@id":"https:\/\/noticiasmercedinas.com\/site\/2021\/10\/06\/proponen-crear-por-ordenanza-guardias-voluntarias-de-animales\/#primaryimage"},"thumbnailUrl":"https:\/\/noticiasmercedinas.com\/site\/wp-content\/uploads\/2021\/10\/Depositphotos_496752352_S.jpg","datePublished":"2021-10-06T17:41:24+00:00","dateModified":"2021-10-06T17:42:04+00:00","breadcrumb":{"@id":"https:\/\/noticiasmercedinas.com\/site\/2021\/10\/06\/proponen-crear-por-ordenanza-guardias-voluntarias-de-animales\/#breadcrumb"},"inLanguage":"es","potentialAction":[{"@type":"ReadAction","target":["https:\/\/noticiasmercedinas.com\/site\/2021\/10\/06\/proponen-crear-por-ordenanza-guardias-voluntarias-de-animales\/"]}]},{"@type":"ImageObject","inLanguage":"es","@id":"https:\/\/noticiasmercedinas.com\/site\/2021\/10\/06\/proponen-crear-por-ordenanza-guardias-voluntarias-de-animales\/#primaryimage","url":"https:\/\/noticiasmercedinas.com\/site\/wp-content\/uploads\/2021\/10\/Depositphotos_496752352_S.jpg","contentUrl":"https:\/\/noticiasmercedinas.com\/site\/wp-content\/uploads\/2021\/10\/Depositphotos_496752352_S.jpg","width":640,"height":427},{"@type":"BreadcrumbList","@id":"https:\/\/noticiasmercedinas.com\/site\/2021\/10\/06\/proponen-crear-por-ordenanza-guardias-voluntarias-de-animales\/#breadcrumb","itemListElement":[{"@type":"ListItem","position":1,"name":"Portada","item":"https:\/\/noticiasmercedinas.com\/site\/"},{"@type":"ListItem","position":2,"name":"Proponen crear por ordenanza Guardias voluntarias de animales"}]},{"@type":"WebSite","@id":"https:\/\/noticiasmercedinas.com\/site\/#website","url":"https:\/\/noticiasmercedinas.com\/site\/","name":"NOTICIASMERCEDINAS.COM","description":"Mercedes, Buenos Aires, Argentina","publisher":{"@id":"https:\/\/noticiasmercedinas.com\/site\/#organization"},"potentialAction":[{"@type":"SearchAction","target":{"@type":"EntryPoint","urlTemplate":"https:\/\/noticiasmercedinas.com\/site\/?s={search_term_string}"},"query-input":{"@type":"PropertyValueSpecification","valueRequired":true,"valueName":"search_term_string"}}],"inLanguage":"es"},{"@type":"Organization","@id":"https:\/\/noticiasmercedinas.com\/site\/#organization","name":"NOTICIASMERCEDINAS.COM","url":"https:\/\/noticiasmercedinas.com\/site\/","logo":{"@type":"ImageObject","inLanguage":"es","@id":"https:\/\/noticiasmercedinas.com\/site\/#\/schema\/logo\/image\/","url":"https:\/\/noticiasmercedinas.com\/site\/wp-content\/uploads\/2020\/06\/LOGO-512.jpg","contentUrl":"https:\/\/noticiasmercedinas.com\/site\/wp-content\/uploads\/2020\/06\/LOGO-512.jpg","width":512,"height":512,"caption":"NOTICIASMERCEDINAS.COM"},"image":{"@id":"https:\/\/noticiasmercedinas.com\/site\/#\/schema\/logo\/image\/"},"sameAs":["https:\/\/www.facebook.com\/noticiasmercedinas\/","https:\/\/x.com\/notmercedinas","https:\/\/www.instagram.com\/noticiasmercedinas\/"]},{"@type":"Person","@id":"https:\/\/noticiasmercedinas.com\/site\/#\/schema\/person\/84b59c099c28ff2e8b77d4ceec5d8063","name":"NOTICIASMERCEDINAS.COM","image":{"@type":"ImageObject","inLanguage":"es","@id":"https:\/\/secure.gravatar.com\/avatar\/4dfbf16b4d17945bfb6341b2d19043457132fcf478a5ee04f42e959fd8f5df0a?s=96&d=mm&r=g","url":"https:\/\/secure.gravatar.com\/avatar\/4dfbf16b4d17945bfb6341b2d19043457132fcf478a5ee04f42e959fd8f5df0a?s=96&d=mm&r=g","contentUrl":"https:\/\/secure.gravatar.com\/avatar\/4dfbf16b4d17945bfb6341b2d19043457132fcf478a5ee04f42e959fd8f5df0a?s=96&d=mm&r=g","caption":"NOTICIASMERCEDINAS.COM"},"url":"https:\/\/noticiasmercedinas.com\/site\/author\/anonimo\/"}]}},"amp_enabled":true,"_links":{"self":[{"href":"https:\/\/noticiasmercedinas.com\/site\/wp-json\/wp\/v2\/posts\/76462","targetHints":{"allow":["GET"]}}],"collection":[{"href":"https:\/\/noticiasmercedinas.com\/site\/wp-json\/wp\/v2\/posts"}],"about":[{"href":"https:\/\/noticiasmercedinas.com\/site\/wp-json\/wp\/v2\/types\/post"}],"author":[{"embeddable":true,"href":"https:\/\/noticiasmercedinas.com\/site\/wp-json\/wp\/v2\/users\/16"}],"replies":[{"embeddable":true,"href":"https:\/\/noticiasmercedinas.com\/site\/wp-json\/wp\/v2\/comments?post=76462"}],"version-history":[{"count":2,"href":"https:\/\/noticiasmercedinas.com\/site\/wp-json\/wp\/v2\/posts\/76462\/revisions"}],"predecessor-version":[{"id":76465,"href":"https:\/\/noticiasmercedinas.com\/site\/wp-json\/wp\/v2\/posts\/76462\/revisions\/76465"}],"wp:featuredmedia":[{"embeddable":true,"href":"https:\/\/noticiasmercedinas.com\/site\/wp-json\/wp\/v2\/media\/76463"}],"wp:attachment":[{"href":"https:\/\/noticiasmercedinas.com\/site\/wp-json\/wp\/v2\/media?parent=76462"}],"wp:term":[{"taxonomy":"category","embeddable":true,"href":"https:\/\/noticiasmercedinas.com\/site\/wp-json\/wp\/v2\/categories?post=76462"},{"taxonomy":"post_tag","embeddable":true,"href":"https:\/\/noticiasmercedinas.com\/site\/wp-json\/wp\/v2\/tags?post=76462"}],"curies":[{"name":"wp","href":"https:\/\/api.w.org\/{rel}","templated":true}]}}