{"id":76522,"date":"2021-10-07T11:55:24","date_gmt":"2021-10-07T14:55:24","guid":{"rendered":"https:\/\/noticiasmercedinas.com\/site\/?p=76522"},"modified":"2021-10-07T11:56:02","modified_gmt":"2021-10-07T14:56:02","slug":"callegari-en-primera-nacional-y-mihura-al-federal-a","status":"publish","type":"post","link":"https:\/\/noticiasmercedinas.com\/site\/2021\/10\/07\/callegari-en-primera-nacional-y-mihura-al-federal-a\/","title":{"rendered":"Callegari en Primera Nacional y Mihura al Federal A"},"content":{"rendered":"<figure id=\"attachment_76523\" aria-describedby=\"caption-attachment-76523\" style=\"width: 640px\" class=\"wp-caption alignnone\"><img loading=\"lazy\" decoding=\"async\" class=\"wp-image-76523 size-full\" src=\"https:\/\/noticiasmercedinas.com\/site\/wp-content\/uploads\/2021\/10\/IMG_0965.jpg\" alt=\"\" width=\"640\" height=\"469\" srcset=\"https:\/\/noticiasmercedinas.com\/site\/wp-content\/uploads\/2021\/10\/IMG_0965.jpg 640w, https:\/\/noticiasmercedinas.com\/site\/wp-content\/uploads\/2021\/10\/IMG_0965-300x220.jpg 300w, https:\/\/noticiasmercedinas.com\/site\/wp-content\/uploads\/2021\/10\/IMG_0965-80x60.jpg 80w\" sizes=\"auto, (max-width: 640px) 100vw, 640px\" \/><figcaption id=\"caption-attachment-76523\" class=\"wp-caption-text\">Ernesto Callegari.<\/figcaption><\/figure>\n<p>Por la 29\u00b0 fecha de la Primera Nacional en su Zona B para este s\u00e1bado 9 fue designado uno de los asistentes mercedinos. Ser\u00e1 en el partido entre Deportivo Mor\u00f3n y Villa D\u00e1lmine desde la hora 15.30.<\/p>\n<p>El \u00e1rbitro es Andr\u00e9s Gariano, los asistentes Ernesto Callegari (Mercedes) y Guido C\u00f3rdoba. El cuarto \u00e1rbitro Jonathan De Oto, el Gallo\u201d tiene 41 puntos para marchar quinto contra los 31 que tiene el \u201cViola\u201d que se ubica 15\u00b0.<\/p>\n<p>Por el Torneo Federal A en su fecha 27\u00b0 el juego de la Zona A que va el domingo 10 tendr\u00e1 el cruce de C\u00edrculo Deportivo (Otamendi) vs. Juventud Universitario (San Luis) desde las 15.<\/p>\n<p>Juan Ignacio Nebbietti ser\u00e1 el \u00e1rbitro, Javier Mihura (Mercedes) y Diego Novelli los asistentes, Marcos Liuzzi es el cuarto \u00e1rbitro. Los puntanos con 28 puntos se ubican s\u00e9ptimos jugando en el arco Facundo D\u00e9sima, Otamendi cierra la tabla con 13 unidades.<\/p>\n","protected":false},"excerpt":{"rendered":"<p>\u25a0 Ser\u00e1n asistentes en los partidos de Deportivo Mor\u00f3n vs. Villa D\u00e1lmine este s\u00e1bado 9 y C\u00edrculo Otamendi vs. Juventud de San Luis el pr\u00f3ximo domingo 10.<\/p>\n","protected":false},"author":6,"featured_media":76523,"comment_status":"open","ping_status":"open","sticky":false,"template":"","format":"standard","meta":{"footnotes":""},"categories":[5],"tags":[11093,11091,11092],"class_list":["post-76522","post","type-post","status-publish","format-standard","has-post-thumbnail","hentry","category-deportes","tag-arbitros","tag-ernesto-callegari","tag-javier-mihura"],"yoast_head":"<!-- This site is optimized with the Yoast SEO plugin v27.4 - https:\/\/yoast.com\/product\/yoast-seo-wordpress\/ -->\n<title>Callegari en Primera Nacional y Mihura al Federal A<\/title>\n<meta name=\"robots\" content=\"index, follow, max-snippet:-1, max-image-preview:large, max-video-preview:-1\" \/>\n<link rel=\"canonical\" href=\"https:\/\/noticiasmercedinas.com\/site\/2021\/10\/07\/callegari-en-primera-nacional-y-mihura-al-federal-a\/\" \/>\n<meta property=\"og:locale\" content=\"es_ES\" \/>\n<meta property=\"og:type\" content=\"article\" \/>\n<meta property=\"og:title\" content=\"Callegari en Primera Nacional y Mihura al Federal A\" \/>\n<meta property=\"og:description\" content=\"\u25a0 Ser\u00e1n asistentes en los partidos de Deportivo Mor\u00f3n vs. Villa D\u00e1lmine este s\u00e1bado 9 y C\u00edrculo Otamendi vs. Juventud de San Luis el pr\u00f3ximo domingo 10.\" \/>\n<meta property=\"og:url\" content=\"https:\/\/noticiasmercedinas.com\/site\/2021\/10\/07\/callegari-en-primera-nacional-y-mihura-al-federal-a\/\" \/>\n<meta property=\"og:site_name\" content=\"NOTICIASMERCEDINAS.COM\" \/>\n<meta property=\"article:publisher\" content=\"https:\/\/www.facebook.com\/noticiasmercedinas\/\" \/>\n<meta property=\"article:published_time\" content=\"2021-10-07T14:55:24+00:00\" \/>\n<meta property=\"article:modified_time\" content=\"2021-10-07T14:56:02+00:00\" \/>\n<meta property=\"og:image\" content=\"https:\/\/noticiasmercedinas.com\/site\/wp-content\/uploads\/2021\/10\/IMG_0965.jpg\" \/>\n\t<meta property=\"og:image:width\" content=\"640\" \/>\n\t<meta property=\"og:image:height\" content=\"469\" \/>\n\t<meta property=\"og:image:type\" content=\"image\/jpeg\" \/>\n<meta name=\"author\" content=\"Juan Dagnino NOTICIASMERCEDINAS.COM\" \/>\n<meta name=\"twitter:card\" content=\"summary_large_image\" \/>\n<meta name=\"twitter:creator\" content=\"@notmercedinas\" \/>\n<meta name=\"twitter:site\" content=\"@notmercedinas\" \/>\n<meta name=\"twitter:label1\" content=\"Escrito por\" \/>\n\t<meta name=\"twitter:data1\" content=\"Juan Dagnino NOTICIASMERCEDINAS.COM\" \/>\n\t<meta name=\"twitter:label2\" content=\"Tiempo de lectura\" \/>\n\t<meta name=\"twitter:data2\" content=\"1 minuto\" \/>\n<script type=\"application\/ld+json\" class=\"yoast-schema-graph\">{\"@context\":\"https:\\\/\\\/schema.org\",\"@graph\":[{\"@type\":\"Article\",\"@id\":\"https:\\\/\\\/noticiasmercedinas.com\\\/site\\\/2021\\\/10\\\/07\\\/callegari-en-primera-nacional-y-mihura-al-federal-a\\\/#article\",\"isPartOf\":{\"@id\":\"https:\\\/\\\/noticiasmercedinas.com\\\/site\\\/2021\\\/10\\\/07\\\/callegari-en-primera-nacional-y-mihura-al-federal-a\\\/\"},\"author\":{\"name\":\"Juan Dagnino NOTICIASMERCEDINAS.COM\",\"@id\":\"https:\\\/\\\/noticiasmercedinas.com\\\/site\\\/#\\\/schema\\\/person\\\/8f2f09d666ef40986eba4a5e6f2a06f9\"},\"headline\":\"Callegari en Primera Nacional y Mihura al Federal A\",\"datePublished\":\"2021-10-07T14:55:24+00:00\",\"dateModified\":\"2021-10-07T14:56:02+00:00\",\"mainEntityOfPage\":{\"@id\":\"https:\\\/\\\/noticiasmercedinas.com\\\/site\\\/2021\\\/10\\\/07\\\/callegari-en-primera-nacional-y-mihura-al-federal-a\\\/\"},\"wordCount\":166,\"commentCount\":0,\"publisher\":{\"@id\":\"https:\\\/\\\/noticiasmercedinas.com\\\/site\\\/#organization\"},\"image\":{\"@id\":\"https:\\\/\\\/noticiasmercedinas.com\\\/site\\\/2021\\\/10\\\/07\\\/callegari-en-primera-nacional-y-mihura-al-federal-a\\\/#primaryimage\"},\"thumbnailUrl\":\"https:\\\/\\\/noticiasmercedinas.com\\\/site\\\/wp-content\\\/uploads\\\/2021\\\/10\\\/IMG_0965.jpg\",\"keywords\":[\"arbitros\",\"ernesto callegari\",\"javier mihura\"],\"articleSection\":[\"Deportes\"],\"inLanguage\":\"es\",\"potentialAction\":[{\"@type\":\"CommentAction\",\"name\":\"Comment\",\"target\":[\"https:\\\/\\\/noticiasmercedinas.com\\\/site\\\/2021\\\/10\\\/07\\\/callegari-en-primera-nacional-y-mihura-al-federal-a\\\/#respond\"]}]},{\"@type\":\"WebPage\",\"@id\":\"https:\\\/\\\/noticiasmercedinas.com\\\/site\\\/2021\\\/10\\\/07\\\/callegari-en-primera-nacional-y-mihura-al-federal-a\\\/\",\"url\":\"https:\\\/\\\/noticiasmercedinas.com\\\/site\\\/2021\\\/10\\\/07\\\/callegari-en-primera-nacional-y-mihura-al-federal-a\\\/\",\"name\":\"Callegari en Primera Nacional y Mihura al Federal A\",\"isPartOf\":{\"@id\":\"https:\\\/\\\/noticiasmercedinas.com\\\/site\\\/#website\"},\"primaryImageOfPage\":{\"@id\":\"https:\\\/\\\/noticiasmercedinas.com\\\/site\\\/2021\\\/10\\\/07\\\/callegari-en-primera-nacional-y-mihura-al-federal-a\\\/#primaryimage\"},\"image\":{\"@id\":\"https:\\\/\\\/noticiasmercedinas.com\\\/site\\\/2021\\\/10\\\/07\\\/callegari-en-primera-nacional-y-mihura-al-federal-a\\\/#primaryimage\"},\"thumbnailUrl\":\"https:\\\/\\\/noticiasmercedinas.com\\\/site\\\/wp-content\\\/uploads\\\/2021\\\/10\\\/IMG_0965.jpg\",\"datePublished\":\"2021-10-07T14:55:24+00:00\",\"dateModified\":\"2021-10-07T14:56:02+00:00\",\"breadcrumb\":{\"@id\":\"https:\\\/\\\/noticiasmercedinas.com\\\/site\\\/2021\\\/10\\\/07\\\/callegari-en-primera-nacional-y-mihura-al-federal-a\\\/#breadcrumb\"},\"inLanguage\":\"es\",\"potentialAction\":[{\"@type\":\"ReadAction\",\"target\":[\"https:\\\/\\\/noticiasmercedinas.com\\\/site\\\/2021\\\/10\\\/07\\\/callegari-en-primera-nacional-y-mihura-al-federal-a\\\/\"]}]},{\"@type\":\"ImageObject\",\"inLanguage\":\"es\",\"@id\":\"https:\\\/\\\/noticiasmercedinas.com\\\/site\\\/2021\\\/10\\\/07\\\/callegari-en-primera-nacional-y-mihura-al-federal-a\\\/#primaryimage\",\"url\":\"https:\\\/\\\/noticiasmercedinas.com\\\/site\\\/wp-content\\\/uploads\\\/2021\\\/10\\\/IMG_0965.jpg\",\"contentUrl\":\"https:\\\/\\\/noticiasmercedinas.com\\\/site\\\/wp-content\\\/uploads\\\/2021\\\/10\\\/IMG_0965.jpg\",\"width\":640,\"height\":469},{\"@type\":\"BreadcrumbList\",\"@id\":\"https:\\\/\\\/noticiasmercedinas.com\\\/site\\\/2021\\\/10\\\/07\\\/callegari-en-primera-nacional-y-mihura-al-federal-a\\\/#breadcrumb\",\"itemListElement\":[{\"@type\":\"ListItem\",\"position\":1,\"name\":\"Portada\",\"item\":\"https:\\\/\\\/noticiasmercedinas.com\\\/site\\\/\"},{\"@type\":\"ListItem\",\"position\":2,\"name\":\"Callegari en Primera Nacional y Mihura al Federal A\"}]},{\"@type\":\"WebSite\",\"@id\":\"https:\\\/\\\/noticiasmercedinas.com\\\/site\\\/#website\",\"url\":\"https:\\\/\\\/noticiasmercedinas.com\\\/site\\\/\",\"name\":\"NOTICIASMERCEDINAS.COM\",\"description\":\"Mercedes, Buenos Aires, Argentina\",\"publisher\":{\"@id\":\"https:\\\/\\\/noticiasmercedinas.com\\\/site\\\/#organization\"},\"potentialAction\":[{\"@type\":\"SearchAction\",\"target\":{\"@type\":\"EntryPoint\",\"urlTemplate\":\"https:\\\/\\\/noticiasmercedinas.com\\\/site\\\/?s={search_term_string}\"},\"query-input\":{\"@type\":\"PropertyValueSpecification\",\"valueRequired\":true,\"valueName\":\"search_term_string\"}}],\"inLanguage\":\"es\"},{\"@type\":\"Organization\",\"@id\":\"https:\\\/\\\/noticiasmercedinas.com\\\/site\\\/#organization\",\"name\":\"NOTICIASMERCEDINAS.COM\",\"url\":\"https:\\\/\\\/noticiasmercedinas.com\\\/site\\\/\",\"logo\":{\"@type\":\"ImageObject\",\"inLanguage\":\"es\",\"@id\":\"https:\\\/\\\/noticiasmercedinas.com\\\/site\\\/#\\\/schema\\\/logo\\\/image\\\/\",\"url\":\"https:\\\/\\\/noticiasmercedinas.com\\\/site\\\/wp-content\\\/uploads\\\/2020\\\/06\\\/LOGO-512.jpg\",\"contentUrl\":\"https:\\\/\\\/noticiasmercedinas.com\\\/site\\\/wp-content\\\/uploads\\\/2020\\\/06\\\/LOGO-512.jpg\",\"width\":512,\"height\":512,\"caption\":\"NOTICIASMERCEDINAS.COM\"},\"image\":{\"@id\":\"https:\\\/\\\/noticiasmercedinas.com\\\/site\\\/#\\\/schema\\\/logo\\\/image\\\/\"},\"sameAs\":[\"https:\\\/\\\/www.facebook.com\\\/noticiasmercedinas\\\/\",\"https:\\\/\\\/x.com\\\/notmercedinas\",\"https:\\\/\\\/www.instagram.com\\\/noticiasmercedinas\\\/\"]},{\"@type\":\"Person\",\"@id\":\"https:\\\/\\\/noticiasmercedinas.com\\\/site\\\/#\\\/schema\\\/person\\\/8f2f09d666ef40986eba4a5e6f2a06f9\",\"name\":\"Juan Dagnino NOTICIASMERCEDINAS.COM\",\"image\":{\"@type\":\"ImageObject\",\"inLanguage\":\"es\",\"@id\":\"https:\\\/\\\/secure.gravatar.com\\\/avatar\\\/fc7059a769f5a3cae65fadb228a3e4accf3a64b4b2305020d0a27e6d5333c91b?s=96&d=mm&r=g\",\"url\":\"https:\\\/\\\/secure.gravatar.com\\\/avatar\\\/fc7059a769f5a3cae65fadb228a3e4accf3a64b4b2305020d0a27e6d5333c91b?s=96&d=mm&r=g\",\"contentUrl\":\"https:\\\/\\\/secure.gravatar.com\\\/avatar\\\/fc7059a769f5a3cae65fadb228a3e4accf3a64b4b2305020d0a27e6d5333c91b?s=96&d=mm&r=g\",\"caption\":\"Juan Dagnino NOTICIASMERCEDINAS.COM\"},\"url\":\"https:\\\/\\\/noticiasmercedinas.com\\\/site\\\/author\\\/juandagnino\\\/\"}]}<\/script>\n<!-- \/ Yoast SEO plugin. -->","yoast_head_json":{"title":"Callegari en Primera Nacional y Mihura al Federal A","robots":{"index":"index","follow":"follow","max-snippet":"max-snippet:-1","max-image-preview":"max-image-preview:large","max-video-preview":"max-video-preview:-1"},"canonical":"https:\/\/noticiasmercedinas.com\/site\/2021\/10\/07\/callegari-en-primera-nacional-y-mihura-al-federal-a\/","og_locale":"es_ES","og_type":"article","og_title":"Callegari en Primera Nacional y Mihura al Federal A","og_description":"\u25a0 Ser\u00e1n asistentes en los partidos de Deportivo Mor\u00f3n vs. Villa D\u00e1lmine este s\u00e1bado 9 y C\u00edrculo Otamendi vs. Juventud de San Luis el pr\u00f3ximo domingo 10.","og_url":"https:\/\/noticiasmercedinas.com\/site\/2021\/10\/07\/callegari-en-primera-nacional-y-mihura-al-federal-a\/","og_site_name":"NOTICIASMERCEDINAS.COM","article_publisher":"https:\/\/www.facebook.com\/noticiasmercedinas\/","article_published_time":"2021-10-07T14:55:24+00:00","article_modified_time":"2021-10-07T14:56:02+00:00","og_image":[{"width":640,"height":469,"url":"https:\/\/noticiasmercedinas.com\/site\/wp-content\/uploads\/2021\/10\/IMG_0965.jpg","type":"image\/jpeg"}],"author":"Juan Dagnino NOTICIASMERCEDINAS.COM","twitter_card":"summary_large_image","twitter_creator":"@notmercedinas","twitter_site":"@notmercedinas","twitter_misc":{"Escrito por":"Juan Dagnino NOTICIASMERCEDINAS.COM","Tiempo de lectura":"1 minuto"},"schema":{"@context":"https:\/\/schema.org","@graph":[{"@type":"Article","@id":"https:\/\/noticiasmercedinas.com\/site\/2021\/10\/07\/callegari-en-primera-nacional-y-mihura-al-federal-a\/#article","isPartOf":{"@id":"https:\/\/noticiasmercedinas.com\/site\/2021\/10\/07\/callegari-en-primera-nacional-y-mihura-al-federal-a\/"},"author":{"name":"Juan Dagnino NOTICIASMERCEDINAS.COM","@id":"https:\/\/noticiasmercedinas.com\/site\/#\/schema\/person\/8f2f09d666ef40986eba4a5e6f2a06f9"},"headline":"Callegari en Primera Nacional y Mihura al Federal A","datePublished":"2021-10-07T14:55:24+00:00","dateModified":"2021-10-07T14:56:02+00:00","mainEntityOfPage":{"@id":"https:\/\/noticiasmercedinas.com\/site\/2021\/10\/07\/callegari-en-primera-nacional-y-mihura-al-federal-a\/"},"wordCount":166,"commentCount":0,"publisher":{"@id":"https:\/\/noticiasmercedinas.com\/site\/#organization"},"image":{"@id":"https:\/\/noticiasmercedinas.com\/site\/2021\/10\/07\/callegari-en-primera-nacional-y-mihura-al-federal-a\/#primaryimage"},"thumbnailUrl":"https:\/\/noticiasmercedinas.com\/site\/wp-content\/uploads\/2021\/10\/IMG_0965.jpg","keywords":["arbitros","ernesto callegari","javier mihura"],"articleSection":["Deportes"],"inLanguage":"es","potentialAction":[{"@type":"CommentAction","name":"Comment","target":["https:\/\/noticiasmercedinas.com\/site\/2021\/10\/07\/callegari-en-primera-nacional-y-mihura-al-federal-a\/#respond"]}]},{"@type":"WebPage","@id":"https:\/\/noticiasmercedinas.com\/site\/2021\/10\/07\/callegari-en-primera-nacional-y-mihura-al-federal-a\/","url":"https:\/\/noticiasmercedinas.com\/site\/2021\/10\/07\/callegari-en-primera-nacional-y-mihura-al-federal-a\/","name":"Callegari en Primera Nacional y Mihura al Federal A","isPartOf":{"@id":"https:\/\/noticiasmercedinas.com\/site\/#website"},"primaryImageOfPage":{"@id":"https:\/\/noticiasmercedinas.com\/site\/2021\/10\/07\/callegari-en-primera-nacional-y-mihura-al-federal-a\/#primaryimage"},"image":{"@id":"https:\/\/noticiasmercedinas.com\/site\/2021\/10\/07\/callegari-en-primera-nacional-y-mihura-al-federal-a\/#primaryimage"},"thumbnailUrl":"https:\/\/noticiasmercedinas.com\/site\/wp-content\/uploads\/2021\/10\/IMG_0965.jpg","datePublished":"2021-10-07T14:55:24+00:00","dateModified":"2021-10-07T14:56:02+00:00","breadcrumb":{"@id":"https:\/\/noticiasmercedinas.com\/site\/2021\/10\/07\/callegari-en-primera-nacional-y-mihura-al-federal-a\/#breadcrumb"},"inLanguage":"es","potentialAction":[{"@type":"ReadAction","target":["https:\/\/noticiasmercedinas.com\/site\/2021\/10\/07\/callegari-en-primera-nacional-y-mihura-al-federal-a\/"]}]},{"@type":"ImageObject","inLanguage":"es","@id":"https:\/\/noticiasmercedinas.com\/site\/2021\/10\/07\/callegari-en-primera-nacional-y-mihura-al-federal-a\/#primaryimage","url":"https:\/\/noticiasmercedinas.com\/site\/wp-content\/uploads\/2021\/10\/IMG_0965.jpg","contentUrl":"https:\/\/noticiasmercedinas.com\/site\/wp-content\/uploads\/2021\/10\/IMG_0965.jpg","width":640,"height":469},{"@type":"BreadcrumbList","@id":"https:\/\/noticiasmercedinas.com\/site\/2021\/10\/07\/callegari-en-primera-nacional-y-mihura-al-federal-a\/#breadcrumb","itemListElement":[{"@type":"ListItem","position":1,"name":"Portada","item":"https:\/\/noticiasmercedinas.com\/site\/"},{"@type":"ListItem","position":2,"name":"Callegari en Primera Nacional y Mihura al Federal A"}]},{"@type":"WebSite","@id":"https:\/\/noticiasmercedinas.com\/site\/#website","url":"https:\/\/noticiasmercedinas.com\/site\/","name":"NOTICIASMERCEDINAS.COM","description":"Mercedes, Buenos Aires, Argentina","publisher":{"@id":"https:\/\/noticiasmercedinas.com\/site\/#organization"},"potentialAction":[{"@type":"SearchAction","target":{"@type":"EntryPoint","urlTemplate":"https:\/\/noticiasmercedinas.com\/site\/?s={search_term_string}"},"query-input":{"@type":"PropertyValueSpecification","valueRequired":true,"valueName":"search_term_string"}}],"inLanguage":"es"},{"@type":"Organization","@id":"https:\/\/noticiasmercedinas.com\/site\/#organization","name":"NOTICIASMERCEDINAS.COM","url":"https:\/\/noticiasmercedinas.com\/site\/","logo":{"@type":"ImageObject","inLanguage":"es","@id":"https:\/\/noticiasmercedinas.com\/site\/#\/schema\/logo\/image\/","url":"https:\/\/noticiasmercedinas.com\/site\/wp-content\/uploads\/2020\/06\/LOGO-512.jpg","contentUrl":"https:\/\/noticiasmercedinas.com\/site\/wp-content\/uploads\/2020\/06\/LOGO-512.jpg","width":512,"height":512,"caption":"NOTICIASMERCEDINAS.COM"},"image":{"@id":"https:\/\/noticiasmercedinas.com\/site\/#\/schema\/logo\/image\/"},"sameAs":["https:\/\/www.facebook.com\/noticiasmercedinas\/","https:\/\/x.com\/notmercedinas","https:\/\/www.instagram.com\/noticiasmercedinas\/"]},{"@type":"Person","@id":"https:\/\/noticiasmercedinas.com\/site\/#\/schema\/person\/8f2f09d666ef40986eba4a5e6f2a06f9","name":"Juan Dagnino NOTICIASMERCEDINAS.COM","image":{"@type":"ImageObject","inLanguage":"es","@id":"https:\/\/secure.gravatar.com\/avatar\/fc7059a769f5a3cae65fadb228a3e4accf3a64b4b2305020d0a27e6d5333c91b?s=96&d=mm&r=g","url":"https:\/\/secure.gravatar.com\/avatar\/fc7059a769f5a3cae65fadb228a3e4accf3a64b4b2305020d0a27e6d5333c91b?s=96&d=mm&r=g","contentUrl":"https:\/\/secure.gravatar.com\/avatar\/fc7059a769f5a3cae65fadb228a3e4accf3a64b4b2305020d0a27e6d5333c91b?s=96&d=mm&r=g","caption":"Juan Dagnino NOTICIASMERCEDINAS.COM"},"url":"https:\/\/noticiasmercedinas.com\/site\/author\/juandagnino\/"}]}},"amp_enabled":true,"_links":{"self":[{"href":"https:\/\/noticiasmercedinas.com\/site\/wp-json\/wp\/v2\/posts\/76522","targetHints":{"allow":["GET"]}}],"collection":[{"href":"https:\/\/noticiasmercedinas.com\/site\/wp-json\/wp\/v2\/posts"}],"about":[{"href":"https:\/\/noticiasmercedinas.com\/site\/wp-json\/wp\/v2\/types\/post"}],"author":[{"embeddable":true,"href":"https:\/\/noticiasmercedinas.com\/site\/wp-json\/wp\/v2\/users\/6"}],"replies":[{"embeddable":true,"href":"https:\/\/noticiasmercedinas.com\/site\/wp-json\/wp\/v2\/comments?post=76522"}],"version-history":[{"count":1,"href":"https:\/\/noticiasmercedinas.com\/site\/wp-json\/wp\/v2\/posts\/76522\/revisions"}],"predecessor-version":[{"id":76524,"href":"https:\/\/noticiasmercedinas.com\/site\/wp-json\/wp\/v2\/posts\/76522\/revisions\/76524"}],"wp:featuredmedia":[{"embeddable":true,"href":"https:\/\/noticiasmercedinas.com\/site\/wp-json\/wp\/v2\/media\/76523"}],"wp:attachment":[{"href":"https:\/\/noticiasmercedinas.com\/site\/wp-json\/wp\/v2\/media?parent=76522"}],"wp:term":[{"taxonomy":"category","embeddable":true,"href":"https:\/\/noticiasmercedinas.com\/site\/wp-json\/wp\/v2\/categories?post=76522"},{"taxonomy":"post_tag","embeddable":true,"href":"https:\/\/noticiasmercedinas.com\/site\/wp-json\/wp\/v2\/tags?post=76522"}],"curies":[{"name":"wp","href":"https:\/\/api.w.org\/{rel}","templated":true}]}}