{"id":76531,"date":"2021-10-07T13:40:08","date_gmt":"2021-10-07T16:40:08","guid":{"rendered":"https:\/\/noticiasmercedinas.com\/site\/?p=76531"},"modified":"2021-10-07T13:40:08","modified_gmt":"2021-10-07T16:40:08","slug":"cuatro-postulantes-de-la-unlu-fueron-seleccionados-por-conicet-cic","status":"publish","type":"post","link":"https:\/\/noticiasmercedinas.com\/site\/2021\/10\/07\/cuatro-postulantes-de-la-unlu-fueron-seleccionados-por-conicet-cic\/","title":{"rendered":"Cuatro postulantes de la UNLu fueron seleccionados por CONICET-CIC"},"content":{"rendered":"<p><img loading=\"lazy\" decoding=\"async\" class=\"alignnone size-full wp-image-76532\" src=\"https:\/\/noticiasmercedinas.com\/site\/wp-content\/uploads\/2021\/10\/Depositphotos_319552728_S.jpg\" alt=\"\" width=\"999\" height=\"667\" srcset=\"https:\/\/noticiasmercedinas.com\/site\/wp-content\/uploads\/2021\/10\/Depositphotos_319552728_S.jpg 999w, https:\/\/noticiasmercedinas.com\/site\/wp-content\/uploads\/2021\/10\/Depositphotos_319552728_S-300x200.jpg 300w, https:\/\/noticiasmercedinas.com\/site\/wp-content\/uploads\/2021\/10\/Depositphotos_319552728_S-768x513.jpg 768w, https:\/\/noticiasmercedinas.com\/site\/wp-content\/uploads\/2021\/10\/Depositphotos_319552728_S-537x360.jpg 537w, https:\/\/noticiasmercedinas.com\/site\/wp-content\/uploads\/2021\/10\/Depositphotos_319552728_S-640x427.jpg 640w, https:\/\/noticiasmercedinas.com\/site\/wp-content\/uploads\/2021\/10\/Depositphotos_319552728_S-681x455.jpg 681w\" sizes=\"auto, (max-width: 999px) 100vw, 999px\" \/><\/p>\n<p>El CONICET public\u00f3 los resultados de la Convocatoria 2020 para el ingreso a la Carrera del Investigador Cient\u00edfico y Tecnol\u00f3gico (CIC), en donde fueron seleccionados cuatro postulantes de la Universidad Nacional de Luj\u00e1n.<\/p>\n<p>Los seleccionados fueron los siguientes:<\/p>\n<p>&#8211; Dentro de la modalidad Fortalecimiento I+D+i, por el perfil \u201cDesarrollo y\/o aplicaci\u00f3n de modelos y herramientas para el estudio y an\u00e1lisis de grandes conjuntos de datos aplicados a las ciencias b\u00e1sicas\u201d: Marco Polo Domingo Cacciabue, con lugar de trabajo en el Departamento de Ciencias B\u00e1sicas, bajo la Direcci\u00f3n de Gabriel Tolosa y la Codirecci\u00f3n de Mar\u00eda In\u00e9s Gismondi, y Sabrina Costa Tartara, con lugar de trabajo en el Departamento de Ciencias B\u00e1sicas, bajo la Direcci\u00f3n de Guillermo Ra\u00fal Pratta y la Codirecci\u00f3n de Gabriel Tolosa.<\/p>\n<p>&#8211; Por el perfil \u201cImpacto de las Actividades Humanas sobre la biodiversidad y funcionamiento de ecosistemas de la cuenca del r\u00edo Luj\u00e1n\u201d: Mar\u00eda Carolina Rodriguez Castro, con lugar de trabajo en el Instituto de Ecolog\u00eda y Desarrollo Sustentable (INEDES), bajo la Direcci\u00f3n de Adonis Giorgi.<\/p>\n<p>Adem\u00e1s, en la modalidad Temas Estrat\u00e9gicos y Tecnolog\u00eda result\u00f3 seleccionado: Pablo Aristide, con lugar de trabajo en el Departamento de Educaci\u00f3n, bajo la Direcci\u00f3n de Pablo Tittonell y la Codirecci\u00f3n de \u00c1lvaro Javier Di Matteo.<\/p>\n<p>Asimismo, hasta el 18 de octubre estar\u00e1 abierta la Convocatoria 2021 para incorporarse a la Carrera del Investigador Cient\u00edfico y Tecnol\u00f3gico (CIC) en las modalidades General y Fortalecimiento I+D+i.<\/p>\n<p>En la modalidad Fortalecimiento I+D+i, la postulaci\u00f3n deber\u00e1 realizarse en alguna de las l\u00edneas de investigaci\u00f3n aprobadas por la Universidad Nacional de Luj\u00e1n:<\/p>\n<p>&#8211; Problem\u00e1ticas filos\u00f3fico-pedag\u00f3gicas ligadas a la Educaci\u00f3n Sexual Integral y a la discusi\u00f3n sobre las sexualidades y los g\u00e9neros como contenido transversal de la formaci\u00f3n en humanidades en los profesorados universitarios.<\/p>\n<p>&#8211; An\u00e1lisis espacial cuantitativo con Sistemas de Informaci\u00f3n Geogr\u00e1fica para el an\u00e1lisis urbano-regional.<\/p>\n<p>&#8211; Desarrollo y\/o aplicaci\u00f3n de modelos y herramientas para el estudio y an\u00e1lisis de grandes conjuntos de datos aplicados a las ciencias b\u00e1sicas.<\/p>\n<p>&#8211; Prote\u00ednas del suero l\u00e1cteo para vehiculizar calcio.<\/p>\n<p>&#8211; Indicadores de sustentabilidad aplicables a ecosistemas de la cuenca del r\u00edo Luj\u00e1n.<\/p>\n","protected":false},"excerpt":{"rendered":"<p>El CONICET public\u00f3 los resultados de la Convocatoria 2020 para el ingreso a la Carrera del Investigador Cient\u00edfico y Tecnol\u00f3gico (CIC), en donde fueron seleccionados cuatro postulantes de la Universidad Nacional de Luj\u00e1n. Los seleccionados fueron los siguientes: &#8211; Dentro de la modalidad Fortalecimiento I+D+i, por el perfil \u201cDesarrollo y\/o aplicaci\u00f3n de modelos y herramientas [&hellip;]<\/p>\n","protected":false},"author":16,"featured_media":76532,"comment_status":"open","ping_status":"open","sticky":false,"template":"","format":"standard","meta":{"footnotes":""},"categories":[139],"tags":[66,1203,116],"class_list":["post-76531","post","type-post","status-publish","format-standard","has-post-thumbnail","hentry","category-regionales","tag-conicet","tag-universidad-de-lujan","tag-unlu"],"yoast_head":"<!-- This site is optimized with the Yoast SEO plugin v27.4 - https:\/\/yoast.com\/product\/yoast-seo-wordpress\/ -->\n<title>Cuatro postulantes de la UNLu fueron seleccionados por CONICET-CIC<\/title>\n<meta name=\"robots\" content=\"index, follow, max-snippet:-1, max-image-preview:large, max-video-preview:-1\" \/>\n<link rel=\"canonical\" href=\"https:\/\/noticiasmercedinas.com\/site\/2021\/10\/07\/cuatro-postulantes-de-la-unlu-fueron-seleccionados-por-conicet-cic\/\" \/>\n<meta property=\"og:locale\" content=\"es_ES\" \/>\n<meta property=\"og:type\" content=\"article\" \/>\n<meta property=\"og:title\" content=\"Cuatro postulantes de la UNLu fueron seleccionados por CONICET-CIC\" \/>\n<meta property=\"og:description\" content=\"El CONICET public\u00f3 los resultados de la Convocatoria 2020 para el ingreso a la Carrera del Investigador Cient\u00edfico y Tecnol\u00f3gico (CIC), en donde fueron seleccionados cuatro postulantes de la Universidad Nacional de Luj\u00e1n. Los seleccionados fueron los siguientes: &#8211; Dentro de la modalidad Fortalecimiento I+D+i, por el perfil \u201cDesarrollo y\/o aplicaci\u00f3n de modelos y herramientas [&hellip;]\" \/>\n<meta property=\"og:url\" content=\"https:\/\/noticiasmercedinas.com\/site\/2021\/10\/07\/cuatro-postulantes-de-la-unlu-fueron-seleccionados-por-conicet-cic\/\" \/>\n<meta property=\"og:site_name\" content=\"NOTICIASMERCEDINAS.COM\" \/>\n<meta property=\"article:publisher\" content=\"https:\/\/www.facebook.com\/noticiasmercedinas\/\" \/>\n<meta property=\"article:published_time\" content=\"2021-10-07T16:40:08+00:00\" \/>\n<meta property=\"og:image\" content=\"https:\/\/noticiasmercedinas.com\/site\/wp-content\/uploads\/2021\/10\/Depositphotos_319552728_S.jpg\" \/>\n\t<meta property=\"og:image:width\" content=\"999\" \/>\n\t<meta property=\"og:image:height\" content=\"667\" \/>\n\t<meta property=\"og:image:type\" content=\"image\/jpeg\" \/>\n<meta name=\"author\" content=\"NOTICIASMERCEDINAS.COM\" \/>\n<meta name=\"twitter:card\" content=\"summary_large_image\" \/>\n<meta name=\"twitter:creator\" content=\"@notmercedinas\" \/>\n<meta name=\"twitter:site\" content=\"@notmercedinas\" \/>\n<meta name=\"twitter:label1\" content=\"Escrito por\" \/>\n\t<meta name=\"twitter:data1\" content=\"NOTICIASMERCEDINAS.COM\" \/>\n\t<meta name=\"twitter:label2\" content=\"Tiempo de lectura\" \/>\n\t<meta name=\"twitter:data2\" content=\"2 minutos\" \/>\n<script type=\"application\/ld+json\" class=\"yoast-schema-graph\">{\"@context\":\"https:\\\/\\\/schema.org\",\"@graph\":[{\"@type\":\"Article\",\"@id\":\"https:\\\/\\\/noticiasmercedinas.com\\\/site\\\/2021\\\/10\\\/07\\\/cuatro-postulantes-de-la-unlu-fueron-seleccionados-por-conicet-cic\\\/#article\",\"isPartOf\":{\"@id\":\"https:\\\/\\\/noticiasmercedinas.com\\\/site\\\/2021\\\/10\\\/07\\\/cuatro-postulantes-de-la-unlu-fueron-seleccionados-por-conicet-cic\\\/\"},\"author\":{\"name\":\"NOTICIASMERCEDINAS.COM\",\"@id\":\"https:\\\/\\\/noticiasmercedinas.com\\\/site\\\/#\\\/schema\\\/person\\\/84b59c099c28ff2e8b77d4ceec5d8063\"},\"headline\":\"Cuatro postulantes de la UNLu fueron seleccionados por CONICET-CIC\",\"datePublished\":\"2021-10-07T16:40:08+00:00\",\"mainEntityOfPage\":{\"@id\":\"https:\\\/\\\/noticiasmercedinas.com\\\/site\\\/2021\\\/10\\\/07\\\/cuatro-postulantes-de-la-unlu-fueron-seleccionados-por-conicet-cic\\\/\"},\"wordCount\":408,\"commentCount\":0,\"publisher\":{\"@id\":\"https:\\\/\\\/noticiasmercedinas.com\\\/site\\\/#organization\"},\"image\":{\"@id\":\"https:\\\/\\\/noticiasmercedinas.com\\\/site\\\/2021\\\/10\\\/07\\\/cuatro-postulantes-de-la-unlu-fueron-seleccionados-por-conicet-cic\\\/#primaryimage\"},\"thumbnailUrl\":\"https:\\\/\\\/noticiasmercedinas.com\\\/site\\\/wp-content\\\/uploads\\\/2021\\\/10\\\/Depositphotos_319552728_S.jpg\",\"keywords\":[\"conicet\",\"Universidad de Luj\u00e1n\",\"unlu\"],\"articleSection\":[\"Regionales\"],\"inLanguage\":\"es\",\"potentialAction\":[{\"@type\":\"CommentAction\",\"name\":\"Comment\",\"target\":[\"https:\\\/\\\/noticiasmercedinas.com\\\/site\\\/2021\\\/10\\\/07\\\/cuatro-postulantes-de-la-unlu-fueron-seleccionados-por-conicet-cic\\\/#respond\"]}]},{\"@type\":\"WebPage\",\"@id\":\"https:\\\/\\\/noticiasmercedinas.com\\\/site\\\/2021\\\/10\\\/07\\\/cuatro-postulantes-de-la-unlu-fueron-seleccionados-por-conicet-cic\\\/\",\"url\":\"https:\\\/\\\/noticiasmercedinas.com\\\/site\\\/2021\\\/10\\\/07\\\/cuatro-postulantes-de-la-unlu-fueron-seleccionados-por-conicet-cic\\\/\",\"name\":\"Cuatro postulantes de la UNLu fueron seleccionados por CONICET-CIC\",\"isPartOf\":{\"@id\":\"https:\\\/\\\/noticiasmercedinas.com\\\/site\\\/#website\"},\"primaryImageOfPage\":{\"@id\":\"https:\\\/\\\/noticiasmercedinas.com\\\/site\\\/2021\\\/10\\\/07\\\/cuatro-postulantes-de-la-unlu-fueron-seleccionados-por-conicet-cic\\\/#primaryimage\"},\"image\":{\"@id\":\"https:\\\/\\\/noticiasmercedinas.com\\\/site\\\/2021\\\/10\\\/07\\\/cuatro-postulantes-de-la-unlu-fueron-seleccionados-por-conicet-cic\\\/#primaryimage\"},\"thumbnailUrl\":\"https:\\\/\\\/noticiasmercedinas.com\\\/site\\\/wp-content\\\/uploads\\\/2021\\\/10\\\/Depositphotos_319552728_S.jpg\",\"datePublished\":\"2021-10-07T16:40:08+00:00\",\"breadcrumb\":{\"@id\":\"https:\\\/\\\/noticiasmercedinas.com\\\/site\\\/2021\\\/10\\\/07\\\/cuatro-postulantes-de-la-unlu-fueron-seleccionados-por-conicet-cic\\\/#breadcrumb\"},\"inLanguage\":\"es\",\"potentialAction\":[{\"@type\":\"ReadAction\",\"target\":[\"https:\\\/\\\/noticiasmercedinas.com\\\/site\\\/2021\\\/10\\\/07\\\/cuatro-postulantes-de-la-unlu-fueron-seleccionados-por-conicet-cic\\\/\"]}]},{\"@type\":\"ImageObject\",\"inLanguage\":\"es\",\"@id\":\"https:\\\/\\\/noticiasmercedinas.com\\\/site\\\/2021\\\/10\\\/07\\\/cuatro-postulantes-de-la-unlu-fueron-seleccionados-por-conicet-cic\\\/#primaryimage\",\"url\":\"https:\\\/\\\/noticiasmercedinas.com\\\/site\\\/wp-content\\\/uploads\\\/2021\\\/10\\\/Depositphotos_319552728_S.jpg\",\"contentUrl\":\"https:\\\/\\\/noticiasmercedinas.com\\\/site\\\/wp-content\\\/uploads\\\/2021\\\/10\\\/Depositphotos_319552728_S.jpg\",\"width\":999,\"height\":667},{\"@type\":\"BreadcrumbList\",\"@id\":\"https:\\\/\\\/noticiasmercedinas.com\\\/site\\\/2021\\\/10\\\/07\\\/cuatro-postulantes-de-la-unlu-fueron-seleccionados-por-conicet-cic\\\/#breadcrumb\",\"itemListElement\":[{\"@type\":\"ListItem\",\"position\":1,\"name\":\"Portada\",\"item\":\"https:\\\/\\\/noticiasmercedinas.com\\\/site\\\/\"},{\"@type\":\"ListItem\",\"position\":2,\"name\":\"Cuatro postulantes de la UNLu fueron seleccionados por CONICET-CIC\"}]},{\"@type\":\"WebSite\",\"@id\":\"https:\\\/\\\/noticiasmercedinas.com\\\/site\\\/#website\",\"url\":\"https:\\\/\\\/noticiasmercedinas.com\\\/site\\\/\",\"name\":\"NOTICIASMERCEDINAS.COM\",\"description\":\"Mercedes, Buenos Aires, Argentina\",\"publisher\":{\"@id\":\"https:\\\/\\\/noticiasmercedinas.com\\\/site\\\/#organization\"},\"potentialAction\":[{\"@type\":\"SearchAction\",\"target\":{\"@type\":\"EntryPoint\",\"urlTemplate\":\"https:\\\/\\\/noticiasmercedinas.com\\\/site\\\/?s={search_term_string}\"},\"query-input\":{\"@type\":\"PropertyValueSpecification\",\"valueRequired\":true,\"valueName\":\"search_term_string\"}}],\"inLanguage\":\"es\"},{\"@type\":\"Organization\",\"@id\":\"https:\\\/\\\/noticiasmercedinas.com\\\/site\\\/#organization\",\"name\":\"NOTICIASMERCEDINAS.COM\",\"url\":\"https:\\\/\\\/noticiasmercedinas.com\\\/site\\\/\",\"logo\":{\"@type\":\"ImageObject\",\"inLanguage\":\"es\",\"@id\":\"https:\\\/\\\/noticiasmercedinas.com\\\/site\\\/#\\\/schema\\\/logo\\\/image\\\/\",\"url\":\"https:\\\/\\\/noticiasmercedinas.com\\\/site\\\/wp-content\\\/uploads\\\/2020\\\/06\\\/LOGO-512.jpg\",\"contentUrl\":\"https:\\\/\\\/noticiasmercedinas.com\\\/site\\\/wp-content\\\/uploads\\\/2020\\\/06\\\/LOGO-512.jpg\",\"width\":512,\"height\":512,\"caption\":\"NOTICIASMERCEDINAS.COM\"},\"image\":{\"@id\":\"https:\\\/\\\/noticiasmercedinas.com\\\/site\\\/#\\\/schema\\\/logo\\\/image\\\/\"},\"sameAs\":[\"https:\\\/\\\/www.facebook.com\\\/noticiasmercedinas\\\/\",\"https:\\\/\\\/x.com\\\/notmercedinas\",\"https:\\\/\\\/www.instagram.com\\\/noticiasmercedinas\\\/\"]},{\"@type\":\"Person\",\"@id\":\"https:\\\/\\\/noticiasmercedinas.com\\\/site\\\/#\\\/schema\\\/person\\\/84b59c099c28ff2e8b77d4ceec5d8063\",\"name\":\"NOTICIASMERCEDINAS.COM\",\"image\":{\"@type\":\"ImageObject\",\"inLanguage\":\"es\",\"@id\":\"https:\\\/\\\/secure.gravatar.com\\\/avatar\\\/4dfbf16b4d17945bfb6341b2d19043457132fcf478a5ee04f42e959fd8f5df0a?s=96&d=mm&r=g\",\"url\":\"https:\\\/\\\/secure.gravatar.com\\\/avatar\\\/4dfbf16b4d17945bfb6341b2d19043457132fcf478a5ee04f42e959fd8f5df0a?s=96&d=mm&r=g\",\"contentUrl\":\"https:\\\/\\\/secure.gravatar.com\\\/avatar\\\/4dfbf16b4d17945bfb6341b2d19043457132fcf478a5ee04f42e959fd8f5df0a?s=96&d=mm&r=g\",\"caption\":\"NOTICIASMERCEDINAS.COM\"},\"url\":\"https:\\\/\\\/noticiasmercedinas.com\\\/site\\\/author\\\/anonimo\\\/\"}]}<\/script>\n<!-- \/ Yoast SEO plugin. -->","yoast_head_json":{"title":"Cuatro postulantes de la UNLu fueron seleccionados por CONICET-CIC","robots":{"index":"index","follow":"follow","max-snippet":"max-snippet:-1","max-image-preview":"max-image-preview:large","max-video-preview":"max-video-preview:-1"},"canonical":"https:\/\/noticiasmercedinas.com\/site\/2021\/10\/07\/cuatro-postulantes-de-la-unlu-fueron-seleccionados-por-conicet-cic\/","og_locale":"es_ES","og_type":"article","og_title":"Cuatro postulantes de la UNLu fueron seleccionados por CONICET-CIC","og_description":"El CONICET public\u00f3 los resultados de la Convocatoria 2020 para el ingreso a la Carrera del Investigador Cient\u00edfico y Tecnol\u00f3gico (CIC), en donde fueron seleccionados cuatro postulantes de la Universidad Nacional de Luj\u00e1n. Los seleccionados fueron los siguientes: &#8211; Dentro de la modalidad Fortalecimiento I+D+i, por el perfil \u201cDesarrollo y\/o aplicaci\u00f3n de modelos y herramientas [&hellip;]","og_url":"https:\/\/noticiasmercedinas.com\/site\/2021\/10\/07\/cuatro-postulantes-de-la-unlu-fueron-seleccionados-por-conicet-cic\/","og_site_name":"NOTICIASMERCEDINAS.COM","article_publisher":"https:\/\/www.facebook.com\/noticiasmercedinas\/","article_published_time":"2021-10-07T16:40:08+00:00","og_image":[{"width":999,"height":667,"url":"https:\/\/noticiasmercedinas.com\/site\/wp-content\/uploads\/2021\/10\/Depositphotos_319552728_S.jpg","type":"image\/jpeg"}],"author":"NOTICIASMERCEDINAS.COM","twitter_card":"summary_large_image","twitter_creator":"@notmercedinas","twitter_site":"@notmercedinas","twitter_misc":{"Escrito por":"NOTICIASMERCEDINAS.COM","Tiempo de lectura":"2 minutos"},"schema":{"@context":"https:\/\/schema.org","@graph":[{"@type":"Article","@id":"https:\/\/noticiasmercedinas.com\/site\/2021\/10\/07\/cuatro-postulantes-de-la-unlu-fueron-seleccionados-por-conicet-cic\/#article","isPartOf":{"@id":"https:\/\/noticiasmercedinas.com\/site\/2021\/10\/07\/cuatro-postulantes-de-la-unlu-fueron-seleccionados-por-conicet-cic\/"},"author":{"name":"NOTICIASMERCEDINAS.COM","@id":"https:\/\/noticiasmercedinas.com\/site\/#\/schema\/person\/84b59c099c28ff2e8b77d4ceec5d8063"},"headline":"Cuatro postulantes de la UNLu fueron seleccionados por CONICET-CIC","datePublished":"2021-10-07T16:40:08+00:00","mainEntityOfPage":{"@id":"https:\/\/noticiasmercedinas.com\/site\/2021\/10\/07\/cuatro-postulantes-de-la-unlu-fueron-seleccionados-por-conicet-cic\/"},"wordCount":408,"commentCount":0,"publisher":{"@id":"https:\/\/noticiasmercedinas.com\/site\/#organization"},"image":{"@id":"https:\/\/noticiasmercedinas.com\/site\/2021\/10\/07\/cuatro-postulantes-de-la-unlu-fueron-seleccionados-por-conicet-cic\/#primaryimage"},"thumbnailUrl":"https:\/\/noticiasmercedinas.com\/site\/wp-content\/uploads\/2021\/10\/Depositphotos_319552728_S.jpg","keywords":["conicet","Universidad de Luj\u00e1n","unlu"],"articleSection":["Regionales"],"inLanguage":"es","potentialAction":[{"@type":"CommentAction","name":"Comment","target":["https:\/\/noticiasmercedinas.com\/site\/2021\/10\/07\/cuatro-postulantes-de-la-unlu-fueron-seleccionados-por-conicet-cic\/#respond"]}]},{"@type":"WebPage","@id":"https:\/\/noticiasmercedinas.com\/site\/2021\/10\/07\/cuatro-postulantes-de-la-unlu-fueron-seleccionados-por-conicet-cic\/","url":"https:\/\/noticiasmercedinas.com\/site\/2021\/10\/07\/cuatro-postulantes-de-la-unlu-fueron-seleccionados-por-conicet-cic\/","name":"Cuatro postulantes de la UNLu fueron seleccionados por CONICET-CIC","isPartOf":{"@id":"https:\/\/noticiasmercedinas.com\/site\/#website"},"primaryImageOfPage":{"@id":"https:\/\/noticiasmercedinas.com\/site\/2021\/10\/07\/cuatro-postulantes-de-la-unlu-fueron-seleccionados-por-conicet-cic\/#primaryimage"},"image":{"@id":"https:\/\/noticiasmercedinas.com\/site\/2021\/10\/07\/cuatro-postulantes-de-la-unlu-fueron-seleccionados-por-conicet-cic\/#primaryimage"},"thumbnailUrl":"https:\/\/noticiasmercedinas.com\/site\/wp-content\/uploads\/2021\/10\/Depositphotos_319552728_S.jpg","datePublished":"2021-10-07T16:40:08+00:00","breadcrumb":{"@id":"https:\/\/noticiasmercedinas.com\/site\/2021\/10\/07\/cuatro-postulantes-de-la-unlu-fueron-seleccionados-por-conicet-cic\/#breadcrumb"},"inLanguage":"es","potentialAction":[{"@type":"ReadAction","target":["https:\/\/noticiasmercedinas.com\/site\/2021\/10\/07\/cuatro-postulantes-de-la-unlu-fueron-seleccionados-por-conicet-cic\/"]}]},{"@type":"ImageObject","inLanguage":"es","@id":"https:\/\/noticiasmercedinas.com\/site\/2021\/10\/07\/cuatro-postulantes-de-la-unlu-fueron-seleccionados-por-conicet-cic\/#primaryimage","url":"https:\/\/noticiasmercedinas.com\/site\/wp-content\/uploads\/2021\/10\/Depositphotos_319552728_S.jpg","contentUrl":"https:\/\/noticiasmercedinas.com\/site\/wp-content\/uploads\/2021\/10\/Depositphotos_319552728_S.jpg","width":999,"height":667},{"@type":"BreadcrumbList","@id":"https:\/\/noticiasmercedinas.com\/site\/2021\/10\/07\/cuatro-postulantes-de-la-unlu-fueron-seleccionados-por-conicet-cic\/#breadcrumb","itemListElement":[{"@type":"ListItem","position":1,"name":"Portada","item":"https:\/\/noticiasmercedinas.com\/site\/"},{"@type":"ListItem","position":2,"name":"Cuatro postulantes de la UNLu fueron seleccionados por CONICET-CIC"}]},{"@type":"WebSite","@id":"https:\/\/noticiasmercedinas.com\/site\/#website","url":"https:\/\/noticiasmercedinas.com\/site\/","name":"NOTICIASMERCEDINAS.COM","description":"Mercedes, Buenos Aires, Argentina","publisher":{"@id":"https:\/\/noticiasmercedinas.com\/site\/#organization"},"potentialAction":[{"@type":"SearchAction","target":{"@type":"EntryPoint","urlTemplate":"https:\/\/noticiasmercedinas.com\/site\/?s={search_term_string}"},"query-input":{"@type":"PropertyValueSpecification","valueRequired":true,"valueName":"search_term_string"}}],"inLanguage":"es"},{"@type":"Organization","@id":"https:\/\/noticiasmercedinas.com\/site\/#organization","name":"NOTICIASMERCEDINAS.COM","url":"https:\/\/noticiasmercedinas.com\/site\/","logo":{"@type":"ImageObject","inLanguage":"es","@id":"https:\/\/noticiasmercedinas.com\/site\/#\/schema\/logo\/image\/","url":"https:\/\/noticiasmercedinas.com\/site\/wp-content\/uploads\/2020\/06\/LOGO-512.jpg","contentUrl":"https:\/\/noticiasmercedinas.com\/site\/wp-content\/uploads\/2020\/06\/LOGO-512.jpg","width":512,"height":512,"caption":"NOTICIASMERCEDINAS.COM"},"image":{"@id":"https:\/\/noticiasmercedinas.com\/site\/#\/schema\/logo\/image\/"},"sameAs":["https:\/\/www.facebook.com\/noticiasmercedinas\/","https:\/\/x.com\/notmercedinas","https:\/\/www.instagram.com\/noticiasmercedinas\/"]},{"@type":"Person","@id":"https:\/\/noticiasmercedinas.com\/site\/#\/schema\/person\/84b59c099c28ff2e8b77d4ceec5d8063","name":"NOTICIASMERCEDINAS.COM","image":{"@type":"ImageObject","inLanguage":"es","@id":"https:\/\/secure.gravatar.com\/avatar\/4dfbf16b4d17945bfb6341b2d19043457132fcf478a5ee04f42e959fd8f5df0a?s=96&d=mm&r=g","url":"https:\/\/secure.gravatar.com\/avatar\/4dfbf16b4d17945bfb6341b2d19043457132fcf478a5ee04f42e959fd8f5df0a?s=96&d=mm&r=g","contentUrl":"https:\/\/secure.gravatar.com\/avatar\/4dfbf16b4d17945bfb6341b2d19043457132fcf478a5ee04f42e959fd8f5df0a?s=96&d=mm&r=g","caption":"NOTICIASMERCEDINAS.COM"},"url":"https:\/\/noticiasmercedinas.com\/site\/author\/anonimo\/"}]}},"amp_enabled":true,"_links":{"self":[{"href":"https:\/\/noticiasmercedinas.com\/site\/wp-json\/wp\/v2\/posts\/76531","targetHints":{"allow":["GET"]}}],"collection":[{"href":"https:\/\/noticiasmercedinas.com\/site\/wp-json\/wp\/v2\/posts"}],"about":[{"href":"https:\/\/noticiasmercedinas.com\/site\/wp-json\/wp\/v2\/types\/post"}],"author":[{"embeddable":true,"href":"https:\/\/noticiasmercedinas.com\/site\/wp-json\/wp\/v2\/users\/16"}],"replies":[{"embeddable":true,"href":"https:\/\/noticiasmercedinas.com\/site\/wp-json\/wp\/v2\/comments?post=76531"}],"version-history":[{"count":1,"href":"https:\/\/noticiasmercedinas.com\/site\/wp-json\/wp\/v2\/posts\/76531\/revisions"}],"predecessor-version":[{"id":76533,"href":"https:\/\/noticiasmercedinas.com\/site\/wp-json\/wp\/v2\/posts\/76531\/revisions\/76533"}],"wp:featuredmedia":[{"embeddable":true,"href":"https:\/\/noticiasmercedinas.com\/site\/wp-json\/wp\/v2\/media\/76532"}],"wp:attachment":[{"href":"https:\/\/noticiasmercedinas.com\/site\/wp-json\/wp\/v2\/media?parent=76531"}],"wp:term":[{"taxonomy":"category","embeddable":true,"href":"https:\/\/noticiasmercedinas.com\/site\/wp-json\/wp\/v2\/categories?post=76531"},{"taxonomy":"post_tag","embeddable":true,"href":"https:\/\/noticiasmercedinas.com\/site\/wp-json\/wp\/v2\/tags?post=76531"}],"curies":[{"name":"wp","href":"https:\/\/api.w.org\/{rel}","templated":true}]}}