{"id":76660,"date":"2021-10-09T21:02:31","date_gmt":"2021-10-10T00:02:31","guid":{"rendered":"https:\/\/noticiasmercedinas.com\/site\/?p=76660"},"modified":"2021-10-12T09:31:55","modified_gmt":"2021-10-12T12:31:55","slug":"ustarroz-apostamos-a-este-lugar-y-salio-bien","status":"publish","type":"post","link":"https:\/\/noticiasmercedinas.com\/site\/2021\/10\/09\/ustarroz-apostamos-a-este-lugar-y-salio-bien\/","title":{"rendered":"Ustarroz: \u201cApostamos a este lugar y sali\u00f3 bien\u201d"},"content":{"rendered":"<p><img loading=\"lazy\" decoding=\"async\" class=\"alignnone size-full wp-image-76662\" src=\"https:\/\/noticiasmercedinas.com\/site\/wp-content\/uploads\/2021\/10\/salameIMG_9898.jpg\" alt=\"\" width=\"640\" height=\"427\" srcset=\"https:\/\/noticiasmercedinas.com\/site\/wp-content\/uploads\/2021\/10\/salameIMG_9898.jpg 640w, https:\/\/noticiasmercedinas.com\/site\/wp-content\/uploads\/2021\/10\/salameIMG_9898-300x200.jpg 300w\" sizes=\"auto, (max-width: 640px) 100vw, 640px\" \/><\/p>\n<p>Una suerte de acto de apertura reducido se llev\u00f3 adelante este s\u00e1bado junto a los productores, con el intendente <strong>Juan Ustarroz<\/strong> y el Ministro del Interior de la Naci\u00f3n, <strong>Eduardo De Pedro<\/strong>, en el Festival del Salame Quintero de Mercedes, al anochecer.<\/p>\n<p>\u201cVen\u00edamos de tiempos muy duros y no sab\u00edamos c\u00f3mo iba a responder la gente\u201d, dijo Ustarroz y agradeci\u00f3 a los productores por su trabajo.<\/p>\n<p>Adem\u00e1s el intendente resalt\u00f3 lo positivo de la elecci\u00f3n del nuevo espacio. \u201cVino m\u00e1s gente de la que esper\u00e1bamos, vimos un inter\u00e9s muy manifiesto sobre la fiesta, en la que nuestros productores hacen la diferencia con este producto estrella que es el salame. Felicitamos al trabajo de todos los que pusieron el hombro en esto, y sabemos que muchos ayudan y crean las condiciones para que esto se pueda destacar\u201d, dijo el jefe comunal.<\/p>\n<p>\u201cApostamos a este lugar y sali\u00f3 bien\u201d, reconoci\u00f3 Ustarroz. \u201cEstamos contentos y felices y todo se lo debemos a la gente que trabaja y a los productores que le ponen voluntad\u201d, remarc\u00f3.<\/p>\n<p><img loading=\"lazy\" decoding=\"async\" class=\"alignnone size-full wp-image-76663\" src=\"https:\/\/noticiasmercedinas.com\/site\/wp-content\/uploads\/2021\/10\/salameIMG_9905.jpg\" alt=\"\" width=\"640\" height=\"427\" srcset=\"https:\/\/noticiasmercedinas.com\/site\/wp-content\/uploads\/2021\/10\/salameIMG_9905.jpg 640w, https:\/\/noticiasmercedinas.com\/site\/wp-content\/uploads\/2021\/10\/salameIMG_9905-300x200.jpg 300w\" sizes=\"auto, (max-width: 640px) 100vw, 640px\" \/><\/p>\n<p>\u201cCreemos que Mercedes va a constituirse en un polo tur\u00edstico y esta fiesta es una oportunidad enorme para que la gente pueda conocer todo lo que tiene la ciudad. Los hoteles y caba\u00f1as est\u00e1n al cien por ciento y quienes vienen de afuera destacan la tranquilidad y la limpieza de la ciudad. Eso es un orgullo y el camino ser\u00e1 constituir a Mercedes en un polo tur\u00edstico, recuperando espacios verdes y su cultura, organizados en funci\u00f3n de objetivos concretos\u201d, remarc\u00f3.<\/p>\n<p><img loading=\"lazy\" decoding=\"async\" class=\"alignnone size-full wp-image-76664\" src=\"https:\/\/noticiasmercedinas.com\/site\/wp-content\/uploads\/2021\/10\/salameIMG_9908.jpg\" alt=\"\" width=\"640\" height=\"427\" srcset=\"https:\/\/noticiasmercedinas.com\/site\/wp-content\/uploads\/2021\/10\/salameIMG_9908.jpg 640w, https:\/\/noticiasmercedinas.com\/site\/wp-content\/uploads\/2021\/10\/salameIMG_9908-300x200.jpg 300w\" sizes=\"auto, (max-width: 640px) 100vw, 640px\" \/><\/p>\n<p>Por su parte, el productor <strong>Carlos Berro<\/strong> se mostr\u00f3 sorprendido y dijo que \u201ces inamovible el predio del parque\u201d para esta fiesta: \u201cMe gust\u00f3 el lugar. Ten\u00eda dudas porque est\u00e1bamos acostumbrados al otro espacio, pero esto es mejor\u201d, dio el productor y remarc\u00f3 que estaban vendiendo muy bien. A su vez, agradeci\u00f3 al intendente porque \u201cesto fue una idea de \u00e9l\u201d: \u201cEst\u00e1bamos en pandemia y ni siquiera pens\u00e1bamos en una fiesta. Arriesgamos, sabemos c\u00f3mo est\u00e1 todo y es mucha la inversi\u00f3n que hay que hacer. Esto es algo nuevo y sali\u00f3 muy bien. Esperamos que se vuelva a repetir. Que tengamos la fiesta del salame por ejemplo en agosto y en octubre este festival\u201d, propuso y el intendente sonri\u00f3 y dio a entender que estaba de acuerdo con la propuesta, que los presentes aplaudieron.<\/p>\n<blockquote><p>\u201cLos productores vuelven a la actividad, la gente vuelve a salir y a juntarse. Es el momento de salir en familia\u201d, dijo Eduardo De Pedro<\/p><\/blockquote>\n<p>Y a su turno, \u201cWado\u201d de Pedro (que no par\u00f3 de sacarse selfies con los presentes, que le solicitaban) indic\u00f3 su felicidad. \u201cLos productores vuelven a la actividad, la gente vuelve a salir y a juntarse. Es el momento de salir en familia\u201d, dijo. \u201cFelicito al intendente, que siempre le da una vuelta m\u0618\u00e1s, le pone creatividad a las cosas. Arriesga. Hacer esto en el parque con su sombra, sol y el r\u00edo, ser\u00e1 un plus para esta fiesta. Es algo conocido el salame en todos lados, circulan las invitaciones y la gente pregunta, gracias a la intervenci\u00f3n de personajes de la ciudad que tienen muchos v\u00ednculos, como Hern\u00e1n Casciari, pro ejemplo. Son promociones muy notables, la ciudad est\u00e1 bien vista, es tranquila, linda, tiene cercan\u00eda con Buenos Aires y eso nos permitir\u00e1 desarrollarnos a los mercedinos con nuestros productos para vivir mejor\u201d, dijo el ministro.<\/p>\n<p><img loading=\"lazy\" decoding=\"async\" class=\"alignnone size-full wp-image-76665\" src=\"https:\/\/noticiasmercedinas.com\/site\/wp-content\/uploads\/2021\/10\/salameIMG_9911.jpg\" alt=\"\" width=\"640\" height=\"427\" srcset=\"https:\/\/noticiasmercedinas.com\/site\/wp-content\/uploads\/2021\/10\/salameIMG_9911.jpg 640w, https:\/\/noticiasmercedinas.com\/site\/wp-content\/uploads\/2021\/10\/salameIMG_9911-300x200.jpg 300w\" sizes=\"auto, (max-width: 640px) 100vw, 640px\" \/><\/p>\n","protected":false},"excerpt":{"rendered":"<p>\u25a0 El intendente agradeci\u00f3 el trabajo de productores y de todos los que pusieron el hombro en esta realizaci\u00f3n. Berro postul\u00f3 la idea de que desde ahora haya una fiesta y un festival del salame<\/p>\n","protected":false},"author":2,"featured_media":76662,"comment_status":"open","ping_status":"open","sticky":false,"template":"","format":"standard","meta":{"footnotes":""},"categories":[16],"tags":[13018],"class_list":["post-76660","post","type-post","status-publish","format-standard","has-post-thumbnail","hentry","category-politica","tag-festival-del-salame"],"yoast_head":"<!-- This site is optimized with the Yoast SEO plugin v27.4 - https:\/\/yoast.com\/product\/yoast-seo-wordpress\/ -->\n<title>Ustarroz: \u201cApostamos a este lugar y sali\u00f3 bien\u201d<\/title>\n<meta name=\"robots\" content=\"index, follow, max-snippet:-1, max-image-preview:large, max-video-preview:-1\" \/>\n<link rel=\"canonical\" href=\"https:\/\/noticiasmercedinas.com\/site\/2021\/10\/09\/ustarroz-apostamos-a-este-lugar-y-salio-bien\/\" \/>\n<meta property=\"og:locale\" content=\"es_ES\" \/>\n<meta property=\"og:type\" content=\"article\" \/>\n<meta property=\"og:title\" content=\"Ustarroz: \u201cApostamos a este lugar y sali\u00f3 bien\u201d\" \/>\n<meta property=\"og:description\" content=\"\u25a0 El intendente agradeci\u00f3 el trabajo de productores y de todos los que pusieron el hombro en esta realizaci\u00f3n. Berro postul\u00f3 la idea de que desde ahora haya una fiesta y un festival del salame\" \/>\n<meta property=\"og:url\" content=\"https:\/\/noticiasmercedinas.com\/site\/2021\/10\/09\/ustarroz-apostamos-a-este-lugar-y-salio-bien\/\" \/>\n<meta property=\"og:site_name\" content=\"NOTICIASMERCEDINAS.COM\" \/>\n<meta property=\"article:publisher\" content=\"https:\/\/www.facebook.com\/noticiasmercedinas\/\" \/>\n<meta property=\"article:author\" content=\"https:\/\/www.facebook.com\/cristian.falabella\" \/>\n<meta property=\"article:published_time\" content=\"2021-10-10T00:02:31+00:00\" \/>\n<meta property=\"article:modified_time\" content=\"2021-10-12T12:31:55+00:00\" \/>\n<meta property=\"og:image\" content=\"https:\/\/noticiasmercedinas.com\/site\/wp-content\/uploads\/2021\/10\/salameIMG_9898.jpg\" \/>\n\t<meta property=\"og:image:width\" content=\"640\" \/>\n\t<meta property=\"og:image:height\" content=\"427\" \/>\n\t<meta property=\"og:image:type\" content=\"image\/jpeg\" \/>\n<meta name=\"author\" content=\"Cristian Falabella NOTICIASMERCEDINAS.COM\" \/>\n<meta name=\"twitter:card\" content=\"summary_large_image\" \/>\n<meta name=\"twitter:creator\" content=\"@https:\/\/twitter.com\/NOTMERCEDINAS\" \/>\n<meta name=\"twitter:site\" content=\"@notmercedinas\" \/>\n<meta name=\"twitter:label1\" content=\"Escrito por\" \/>\n\t<meta name=\"twitter:data1\" content=\"Cristian Falabella NOTICIASMERCEDINAS.COM\" \/>\n\t<meta name=\"twitter:label2\" content=\"Tiempo de lectura\" \/>\n\t<meta name=\"twitter:data2\" content=\"3 minutos\" \/>\n<script type=\"application\/ld+json\" class=\"yoast-schema-graph\">{\"@context\":\"https:\\\/\\\/schema.org\",\"@graph\":[{\"@type\":\"Article\",\"@id\":\"https:\\\/\\\/noticiasmercedinas.com\\\/site\\\/2021\\\/10\\\/09\\\/ustarroz-apostamos-a-este-lugar-y-salio-bien\\\/#article\",\"isPartOf\":{\"@id\":\"https:\\\/\\\/noticiasmercedinas.com\\\/site\\\/2021\\\/10\\\/09\\\/ustarroz-apostamos-a-este-lugar-y-salio-bien\\\/\"},\"author\":{\"name\":\"Cristian Falabella NOTICIASMERCEDINAS.COM\",\"@id\":\"https:\\\/\\\/noticiasmercedinas.com\\\/site\\\/#\\\/schema\\\/person\\\/d481a9696a5feaec13a60e2bbd991a6a\"},\"headline\":\"Ustarroz: \u201cApostamos a este lugar y sali\u00f3 bien\u201d\",\"datePublished\":\"2021-10-10T00:02:31+00:00\",\"dateModified\":\"2021-10-12T12:31:55+00:00\",\"mainEntityOfPage\":{\"@id\":\"https:\\\/\\\/noticiasmercedinas.com\\\/site\\\/2021\\\/10\\\/09\\\/ustarroz-apostamos-a-este-lugar-y-salio-bien\\\/\"},\"wordCount\":592,\"commentCount\":0,\"publisher\":{\"@id\":\"https:\\\/\\\/noticiasmercedinas.com\\\/site\\\/#organization\"},\"image\":{\"@id\":\"https:\\\/\\\/noticiasmercedinas.com\\\/site\\\/2021\\\/10\\\/09\\\/ustarroz-apostamos-a-este-lugar-y-salio-bien\\\/#primaryimage\"},\"thumbnailUrl\":\"https:\\\/\\\/noticiasmercedinas.com\\\/site\\\/wp-content\\\/uploads\\\/2021\\\/10\\\/salameIMG_9898.jpg\",\"keywords\":[\"festival del salame\"],\"articleSection\":[\"Politica\"],\"inLanguage\":\"es\",\"potentialAction\":[{\"@type\":\"CommentAction\",\"name\":\"Comment\",\"target\":[\"https:\\\/\\\/noticiasmercedinas.com\\\/site\\\/2021\\\/10\\\/09\\\/ustarroz-apostamos-a-este-lugar-y-salio-bien\\\/#respond\"]}]},{\"@type\":\"WebPage\",\"@id\":\"https:\\\/\\\/noticiasmercedinas.com\\\/site\\\/2021\\\/10\\\/09\\\/ustarroz-apostamos-a-este-lugar-y-salio-bien\\\/\",\"url\":\"https:\\\/\\\/noticiasmercedinas.com\\\/site\\\/2021\\\/10\\\/09\\\/ustarroz-apostamos-a-este-lugar-y-salio-bien\\\/\",\"name\":\"Ustarroz: \u201cApostamos a este lugar y sali\u00f3 bien\u201d\",\"isPartOf\":{\"@id\":\"https:\\\/\\\/noticiasmercedinas.com\\\/site\\\/#website\"},\"primaryImageOfPage\":{\"@id\":\"https:\\\/\\\/noticiasmercedinas.com\\\/site\\\/2021\\\/10\\\/09\\\/ustarroz-apostamos-a-este-lugar-y-salio-bien\\\/#primaryimage\"},\"image\":{\"@id\":\"https:\\\/\\\/noticiasmercedinas.com\\\/site\\\/2021\\\/10\\\/09\\\/ustarroz-apostamos-a-este-lugar-y-salio-bien\\\/#primaryimage\"},\"thumbnailUrl\":\"https:\\\/\\\/noticiasmercedinas.com\\\/site\\\/wp-content\\\/uploads\\\/2021\\\/10\\\/salameIMG_9898.jpg\",\"datePublished\":\"2021-10-10T00:02:31+00:00\",\"dateModified\":\"2021-10-12T12:31:55+00:00\",\"breadcrumb\":{\"@id\":\"https:\\\/\\\/noticiasmercedinas.com\\\/site\\\/2021\\\/10\\\/09\\\/ustarroz-apostamos-a-este-lugar-y-salio-bien\\\/#breadcrumb\"},\"inLanguage\":\"es\",\"potentialAction\":[{\"@type\":\"ReadAction\",\"target\":[\"https:\\\/\\\/noticiasmercedinas.com\\\/site\\\/2021\\\/10\\\/09\\\/ustarroz-apostamos-a-este-lugar-y-salio-bien\\\/\"]}]},{\"@type\":\"ImageObject\",\"inLanguage\":\"es\",\"@id\":\"https:\\\/\\\/noticiasmercedinas.com\\\/site\\\/2021\\\/10\\\/09\\\/ustarroz-apostamos-a-este-lugar-y-salio-bien\\\/#primaryimage\",\"url\":\"https:\\\/\\\/noticiasmercedinas.com\\\/site\\\/wp-content\\\/uploads\\\/2021\\\/10\\\/salameIMG_9898.jpg\",\"contentUrl\":\"https:\\\/\\\/noticiasmercedinas.com\\\/site\\\/wp-content\\\/uploads\\\/2021\\\/10\\\/salameIMG_9898.jpg\",\"width\":640,\"height\":427},{\"@type\":\"BreadcrumbList\",\"@id\":\"https:\\\/\\\/noticiasmercedinas.com\\\/site\\\/2021\\\/10\\\/09\\\/ustarroz-apostamos-a-este-lugar-y-salio-bien\\\/#breadcrumb\",\"itemListElement\":[{\"@type\":\"ListItem\",\"position\":1,\"name\":\"Portada\",\"item\":\"https:\\\/\\\/noticiasmercedinas.com\\\/site\\\/\"},{\"@type\":\"ListItem\",\"position\":2,\"name\":\"Ustarroz: \u201cApostamos a este lugar y sali\u00f3 bien\u201d\"}]},{\"@type\":\"WebSite\",\"@id\":\"https:\\\/\\\/noticiasmercedinas.com\\\/site\\\/#website\",\"url\":\"https:\\\/\\\/noticiasmercedinas.com\\\/site\\\/\",\"name\":\"NOTICIASMERCEDINAS.COM\",\"description\":\"Mercedes, Buenos Aires, Argentina\",\"publisher\":{\"@id\":\"https:\\\/\\\/noticiasmercedinas.com\\\/site\\\/#organization\"},\"potentialAction\":[{\"@type\":\"SearchAction\",\"target\":{\"@type\":\"EntryPoint\",\"urlTemplate\":\"https:\\\/\\\/noticiasmercedinas.com\\\/site\\\/?s={search_term_string}\"},\"query-input\":{\"@type\":\"PropertyValueSpecification\",\"valueRequired\":true,\"valueName\":\"search_term_string\"}}],\"inLanguage\":\"es\"},{\"@type\":\"Organization\",\"@id\":\"https:\\\/\\\/noticiasmercedinas.com\\\/site\\\/#organization\",\"name\":\"NOTICIASMERCEDINAS.COM\",\"url\":\"https:\\\/\\\/noticiasmercedinas.com\\\/site\\\/\",\"logo\":{\"@type\":\"ImageObject\",\"inLanguage\":\"es\",\"@id\":\"https:\\\/\\\/noticiasmercedinas.com\\\/site\\\/#\\\/schema\\\/logo\\\/image\\\/\",\"url\":\"https:\\\/\\\/noticiasmercedinas.com\\\/site\\\/wp-content\\\/uploads\\\/2020\\\/06\\\/LOGO-512.jpg\",\"contentUrl\":\"https:\\\/\\\/noticiasmercedinas.com\\\/site\\\/wp-content\\\/uploads\\\/2020\\\/06\\\/LOGO-512.jpg\",\"width\":512,\"height\":512,\"caption\":\"NOTICIASMERCEDINAS.COM\"},\"image\":{\"@id\":\"https:\\\/\\\/noticiasmercedinas.com\\\/site\\\/#\\\/schema\\\/logo\\\/image\\\/\"},\"sameAs\":[\"https:\\\/\\\/www.facebook.com\\\/noticiasmercedinas\\\/\",\"https:\\\/\\\/x.com\\\/notmercedinas\",\"https:\\\/\\\/www.instagram.com\\\/noticiasmercedinas\\\/\"]},{\"@type\":\"Person\",\"@id\":\"https:\\\/\\\/noticiasmercedinas.com\\\/site\\\/#\\\/schema\\\/person\\\/d481a9696a5feaec13a60e2bbd991a6a\",\"name\":\"Cristian Falabella NOTICIASMERCEDINAS.COM\",\"image\":{\"@type\":\"ImageObject\",\"inLanguage\":\"es\",\"@id\":\"https:\\\/\\\/secure.gravatar.com\\\/avatar\\\/0dbbfc45970cc46bcd0e57766228574ff3511d6eed045b182f536f0f478c1f06?s=96&d=mm&r=g\",\"url\":\"https:\\\/\\\/secure.gravatar.com\\\/avatar\\\/0dbbfc45970cc46bcd0e57766228574ff3511d6eed045b182f536f0f478c1f06?s=96&d=mm&r=g\",\"contentUrl\":\"https:\\\/\\\/secure.gravatar.com\\\/avatar\\\/0dbbfc45970cc46bcd0e57766228574ff3511d6eed045b182f536f0f478c1f06?s=96&d=mm&r=g\",\"caption\":\"Cristian Falabella NOTICIASMERCEDINAS.COM\"},\"description\":\"Periodista, editor de Noticias Mercedinas. Pas\u00f3 por varias redacciones y emprendimientos de prensa, en distintos formatos y \u00e9pocas. Se especializ\u00f3 --y sigue haci\u00e9ndolo-- en comunicaci\u00f3n en la web y en junio de 2006 fund\u00f3 este diario digital.\",\"sameAs\":[\"https:\\\/\\\/noticiasmercedinas.com\",\"https:\\\/\\\/www.facebook.com\\\/cristian.falabella\",\"https:\\\/\\\/www.instagram.com\\\/noticiasmercedinas\\\/\",\"https:\\\/\\\/x.com\\\/https:\\\/\\\/twitter.com\\\/NOTMERCEDINAS\"],\"url\":\"https:\\\/\\\/noticiasmercedinas.com\\\/site\\\/author\\\/as000384\\\/\"}]}<\/script>\n<!-- \/ Yoast SEO plugin. -->","yoast_head_json":{"title":"Ustarroz: \u201cApostamos a este lugar y sali\u00f3 bien\u201d","robots":{"index":"index","follow":"follow","max-snippet":"max-snippet:-1","max-image-preview":"max-image-preview:large","max-video-preview":"max-video-preview:-1"},"canonical":"https:\/\/noticiasmercedinas.com\/site\/2021\/10\/09\/ustarroz-apostamos-a-este-lugar-y-salio-bien\/","og_locale":"es_ES","og_type":"article","og_title":"Ustarroz: \u201cApostamos a este lugar y sali\u00f3 bien\u201d","og_description":"\u25a0 El intendente agradeci\u00f3 el trabajo de productores y de todos los que pusieron el hombro en esta realizaci\u00f3n. Berro postul\u00f3 la idea de que desde ahora haya una fiesta y un festival del salame","og_url":"https:\/\/noticiasmercedinas.com\/site\/2021\/10\/09\/ustarroz-apostamos-a-este-lugar-y-salio-bien\/","og_site_name":"NOTICIASMERCEDINAS.COM","article_publisher":"https:\/\/www.facebook.com\/noticiasmercedinas\/","article_author":"https:\/\/www.facebook.com\/cristian.falabella","article_published_time":"2021-10-10T00:02:31+00:00","article_modified_time":"2021-10-12T12:31:55+00:00","og_image":[{"width":640,"height":427,"url":"https:\/\/noticiasmercedinas.com\/site\/wp-content\/uploads\/2021\/10\/salameIMG_9898.jpg","type":"image\/jpeg"}],"author":"Cristian Falabella NOTICIASMERCEDINAS.COM","twitter_card":"summary_large_image","twitter_creator":"@https:\/\/twitter.com\/NOTMERCEDINAS","twitter_site":"@notmercedinas","twitter_misc":{"Escrito por":"Cristian Falabella NOTICIASMERCEDINAS.COM","Tiempo de lectura":"3 minutos"},"schema":{"@context":"https:\/\/schema.org","@graph":[{"@type":"Article","@id":"https:\/\/noticiasmercedinas.com\/site\/2021\/10\/09\/ustarroz-apostamos-a-este-lugar-y-salio-bien\/#article","isPartOf":{"@id":"https:\/\/noticiasmercedinas.com\/site\/2021\/10\/09\/ustarroz-apostamos-a-este-lugar-y-salio-bien\/"},"author":{"name":"Cristian Falabella NOTICIASMERCEDINAS.COM","@id":"https:\/\/noticiasmercedinas.com\/site\/#\/schema\/person\/d481a9696a5feaec13a60e2bbd991a6a"},"headline":"Ustarroz: \u201cApostamos a este lugar y sali\u00f3 bien\u201d","datePublished":"2021-10-10T00:02:31+00:00","dateModified":"2021-10-12T12:31:55+00:00","mainEntityOfPage":{"@id":"https:\/\/noticiasmercedinas.com\/site\/2021\/10\/09\/ustarroz-apostamos-a-este-lugar-y-salio-bien\/"},"wordCount":592,"commentCount":0,"publisher":{"@id":"https:\/\/noticiasmercedinas.com\/site\/#organization"},"image":{"@id":"https:\/\/noticiasmercedinas.com\/site\/2021\/10\/09\/ustarroz-apostamos-a-este-lugar-y-salio-bien\/#primaryimage"},"thumbnailUrl":"https:\/\/noticiasmercedinas.com\/site\/wp-content\/uploads\/2021\/10\/salameIMG_9898.jpg","keywords":["festival del salame"],"articleSection":["Politica"],"inLanguage":"es","potentialAction":[{"@type":"CommentAction","name":"Comment","target":["https:\/\/noticiasmercedinas.com\/site\/2021\/10\/09\/ustarroz-apostamos-a-este-lugar-y-salio-bien\/#respond"]}]},{"@type":"WebPage","@id":"https:\/\/noticiasmercedinas.com\/site\/2021\/10\/09\/ustarroz-apostamos-a-este-lugar-y-salio-bien\/","url":"https:\/\/noticiasmercedinas.com\/site\/2021\/10\/09\/ustarroz-apostamos-a-este-lugar-y-salio-bien\/","name":"Ustarroz: \u201cApostamos a este lugar y sali\u00f3 bien\u201d","isPartOf":{"@id":"https:\/\/noticiasmercedinas.com\/site\/#website"},"primaryImageOfPage":{"@id":"https:\/\/noticiasmercedinas.com\/site\/2021\/10\/09\/ustarroz-apostamos-a-este-lugar-y-salio-bien\/#primaryimage"},"image":{"@id":"https:\/\/noticiasmercedinas.com\/site\/2021\/10\/09\/ustarroz-apostamos-a-este-lugar-y-salio-bien\/#primaryimage"},"thumbnailUrl":"https:\/\/noticiasmercedinas.com\/site\/wp-content\/uploads\/2021\/10\/salameIMG_9898.jpg","datePublished":"2021-10-10T00:02:31+00:00","dateModified":"2021-10-12T12:31:55+00:00","breadcrumb":{"@id":"https:\/\/noticiasmercedinas.com\/site\/2021\/10\/09\/ustarroz-apostamos-a-este-lugar-y-salio-bien\/#breadcrumb"},"inLanguage":"es","potentialAction":[{"@type":"ReadAction","target":["https:\/\/noticiasmercedinas.com\/site\/2021\/10\/09\/ustarroz-apostamos-a-este-lugar-y-salio-bien\/"]}]},{"@type":"ImageObject","inLanguage":"es","@id":"https:\/\/noticiasmercedinas.com\/site\/2021\/10\/09\/ustarroz-apostamos-a-este-lugar-y-salio-bien\/#primaryimage","url":"https:\/\/noticiasmercedinas.com\/site\/wp-content\/uploads\/2021\/10\/salameIMG_9898.jpg","contentUrl":"https:\/\/noticiasmercedinas.com\/site\/wp-content\/uploads\/2021\/10\/salameIMG_9898.jpg","width":640,"height":427},{"@type":"BreadcrumbList","@id":"https:\/\/noticiasmercedinas.com\/site\/2021\/10\/09\/ustarroz-apostamos-a-este-lugar-y-salio-bien\/#breadcrumb","itemListElement":[{"@type":"ListItem","position":1,"name":"Portada","item":"https:\/\/noticiasmercedinas.com\/site\/"},{"@type":"ListItem","position":2,"name":"Ustarroz: \u201cApostamos a este lugar y sali\u00f3 bien\u201d"}]},{"@type":"WebSite","@id":"https:\/\/noticiasmercedinas.com\/site\/#website","url":"https:\/\/noticiasmercedinas.com\/site\/","name":"NOTICIASMERCEDINAS.COM","description":"Mercedes, Buenos Aires, Argentina","publisher":{"@id":"https:\/\/noticiasmercedinas.com\/site\/#organization"},"potentialAction":[{"@type":"SearchAction","target":{"@type":"EntryPoint","urlTemplate":"https:\/\/noticiasmercedinas.com\/site\/?s={search_term_string}"},"query-input":{"@type":"PropertyValueSpecification","valueRequired":true,"valueName":"search_term_string"}}],"inLanguage":"es"},{"@type":"Organization","@id":"https:\/\/noticiasmercedinas.com\/site\/#organization","name":"NOTICIASMERCEDINAS.COM","url":"https:\/\/noticiasmercedinas.com\/site\/","logo":{"@type":"ImageObject","inLanguage":"es","@id":"https:\/\/noticiasmercedinas.com\/site\/#\/schema\/logo\/image\/","url":"https:\/\/noticiasmercedinas.com\/site\/wp-content\/uploads\/2020\/06\/LOGO-512.jpg","contentUrl":"https:\/\/noticiasmercedinas.com\/site\/wp-content\/uploads\/2020\/06\/LOGO-512.jpg","width":512,"height":512,"caption":"NOTICIASMERCEDINAS.COM"},"image":{"@id":"https:\/\/noticiasmercedinas.com\/site\/#\/schema\/logo\/image\/"},"sameAs":["https:\/\/www.facebook.com\/noticiasmercedinas\/","https:\/\/x.com\/notmercedinas","https:\/\/www.instagram.com\/noticiasmercedinas\/"]},{"@type":"Person","@id":"https:\/\/noticiasmercedinas.com\/site\/#\/schema\/person\/d481a9696a5feaec13a60e2bbd991a6a","name":"Cristian Falabella NOTICIASMERCEDINAS.COM","image":{"@type":"ImageObject","inLanguage":"es","@id":"https:\/\/secure.gravatar.com\/avatar\/0dbbfc45970cc46bcd0e57766228574ff3511d6eed045b182f536f0f478c1f06?s=96&d=mm&r=g","url":"https:\/\/secure.gravatar.com\/avatar\/0dbbfc45970cc46bcd0e57766228574ff3511d6eed045b182f536f0f478c1f06?s=96&d=mm&r=g","contentUrl":"https:\/\/secure.gravatar.com\/avatar\/0dbbfc45970cc46bcd0e57766228574ff3511d6eed045b182f536f0f478c1f06?s=96&d=mm&r=g","caption":"Cristian Falabella NOTICIASMERCEDINAS.COM"},"description":"Periodista, editor de Noticias Mercedinas. Pas\u00f3 por varias redacciones y emprendimientos de prensa, en distintos formatos y \u00e9pocas. Se especializ\u00f3 --y sigue haci\u00e9ndolo-- en comunicaci\u00f3n en la web y en junio de 2006 fund\u00f3 este diario digital.","sameAs":["https:\/\/noticiasmercedinas.com","https:\/\/www.facebook.com\/cristian.falabella","https:\/\/www.instagram.com\/noticiasmercedinas\/","https:\/\/x.com\/https:\/\/twitter.com\/NOTMERCEDINAS"],"url":"https:\/\/noticiasmercedinas.com\/site\/author\/as000384\/"}]}},"amp_enabled":true,"_links":{"self":[{"href":"https:\/\/noticiasmercedinas.com\/site\/wp-json\/wp\/v2\/posts\/76660","targetHints":{"allow":["GET"]}}],"collection":[{"href":"https:\/\/noticiasmercedinas.com\/site\/wp-json\/wp\/v2\/posts"}],"about":[{"href":"https:\/\/noticiasmercedinas.com\/site\/wp-json\/wp\/v2\/types\/post"}],"author":[{"embeddable":true,"href":"https:\/\/noticiasmercedinas.com\/site\/wp-json\/wp\/v2\/users\/2"}],"replies":[{"embeddable":true,"href":"https:\/\/noticiasmercedinas.com\/site\/wp-json\/wp\/v2\/comments?post=76660"}],"version-history":[{"count":1,"href":"https:\/\/noticiasmercedinas.com\/site\/wp-json\/wp\/v2\/posts\/76660\/revisions"}],"predecessor-version":[{"id":76668,"href":"https:\/\/noticiasmercedinas.com\/site\/wp-json\/wp\/v2\/posts\/76660\/revisions\/76668"}],"wp:featuredmedia":[{"embeddable":true,"href":"https:\/\/noticiasmercedinas.com\/site\/wp-json\/wp\/v2\/media\/76662"}],"wp:attachment":[{"href":"https:\/\/noticiasmercedinas.com\/site\/wp-json\/wp\/v2\/media?parent=76660"}],"wp:term":[{"taxonomy":"category","embeddable":true,"href":"https:\/\/noticiasmercedinas.com\/site\/wp-json\/wp\/v2\/categories?post=76660"},{"taxonomy":"post_tag","embeddable":true,"href":"https:\/\/noticiasmercedinas.com\/site\/wp-json\/wp\/v2\/tags?post=76660"}],"curies":[{"name":"wp","href":"https:\/\/api.w.org\/{rel}","templated":true}]}}