{"id":76782,"date":"2021-10-11T09:30:34","date_gmt":"2021-10-11T12:30:34","guid":{"rendered":"https:\/\/noticiasmercedinas.com\/site\/?p=76782"},"modified":"2021-10-12T09:29:17","modified_gmt":"2021-10-12T12:29:17","slug":"bersuit-cerro-el-salame-argentinos-al-palo-y-de-fiesta","status":"publish","type":"post","link":"https:\/\/noticiasmercedinas.com\/site\/2021\/10\/11\/bersuit-cerro-el-salame-argentinos-al-palo-y-de-fiesta\/","title":{"rendered":"Bersuit cerr\u00f3 el Salame: Argentinos, al palo, y de fiesta"},"content":{"rendered":"<p><img loading=\"lazy\" decoding=\"async\" class=\"alignnone size-full wp-image-76786\" src=\"https:\/\/noticiasmercedinas.com\/site\/wp-content\/uploads\/2021\/10\/SJA_5368.jpg\" alt=\"\" width=\"965\" height=\"643\" srcset=\"https:\/\/noticiasmercedinas.com\/site\/wp-content\/uploads\/2021\/10\/SJA_5368.jpg 965w, https:\/\/noticiasmercedinas.com\/site\/wp-content\/uploads\/2021\/10\/SJA_5368-300x200.jpg 300w, https:\/\/noticiasmercedinas.com\/site\/wp-content\/uploads\/2021\/10\/SJA_5368-768x512.jpg 768w, https:\/\/noticiasmercedinas.com\/site\/wp-content\/uploads\/2021\/10\/SJA_5368-640x426.jpg 640w, https:\/\/noticiasmercedinas.com\/site\/wp-content\/uploads\/2021\/10\/SJA_5368-681x454.jpg 681w\" sizes=\"auto, (max-width: 965px) 100vw, 965px\" \/><\/p>\n<p>La Bersuit Vergarabat cerr\u00f3 este domingo por la noche la segunda y \u00faltima jornada del Festival del Salame Quintero en el parque municipal. El intendente les regal\u00f3 en el marco de su show una canasta de productos que incluyeron galleta de campo y salame quintero, y los m\u00fasicos dieron un show inolvidable para poner fin a un encuentro que concit\u00f3 a unas 40 mil personas durante todo el fin de semana y que movi\u00f3 positivamente la econom\u00eda de productores, feriantes, emprendedores y prestadores tur\u00edsticos en general, tras meses de pandemia y cuidados estrictos que impidieron este tipo de realizaciones populares.<\/p>\n<p>Adem\u00e1s en la jornada del domingo se vivi\u00f3, sobre el escenario, una velada muy sentida. Hubo homenaje a las familias Ghigliotti, Siri y Bigongiari, familias productoras que han perdido integrantes que formaron parte de la gran tradici\u00f3n de elaboraci\u00f3n de chachinados.<\/p>\n<p><iframe loading=\"lazy\" title=\"Bersuit Vergarabat en vivo! en Mercedes\" width=\"640\" height=\"360\" src=\"https:\/\/www.youtube.com\/embed\/JnRIdGpHDLU?feature=oembed\" frameborder=\"0\" allow=\"accelerometer; autoplay; clipboard-write; encrypted-media; gyroscope; picture-in-picture; web-share\" referrerpolicy=\"strict-origin-when-cross-origin\" allowfullscreen><\/iframe><\/p>\n<p>El director de Turismo y Comercio, Mart\u00edn Boragno, agradeci\u00f3 \u00aba todos y todas por venir\u00bb: \u00abGracias a los productores, de coraz\u00f3n, sin ellos sin duda este evento ser\u00eda m\u00e1s dif\u00edcil. Gracias a los artistas, a cultura, a los cerveceros, los emprendedores y artesanos, a las cantinas solidarias, y quisiera sobre todo contarles que Mercedes nos espera con naturaleza y gastronom\u00eda, en Tom\u00e1s Jofr\u00e9, Altamira y en nuestro casco hist\u00f3rico. Muchas gracias\u201d, dijo el funcionario.<\/p>\n<p><img loading=\"lazy\" decoding=\"async\" class=\"alignnone size-full wp-image-76785\" src=\"https:\/\/noticiasmercedinas.com\/site\/wp-content\/uploads\/2021\/10\/SJA_4605.jpg\" alt=\"\" width=\"657\" height=\"438\" srcset=\"https:\/\/noticiasmercedinas.com\/site\/wp-content\/uploads\/2021\/10\/SJA_4605.jpg 657w, https:\/\/noticiasmercedinas.com\/site\/wp-content\/uploads\/2021\/10\/SJA_4605-300x200.jpg 300w, https:\/\/noticiasmercedinas.com\/site\/wp-content\/uploads\/2021\/10\/SJA_4605-640x427.jpg 640w\" sizes=\"auto, (max-width: 657px) 100vw, 657px\" \/><\/p>\n<p><strong>\u00abSalir adelante con trabajo\u00bb<\/strong><br \/>\nPatricio Ballesty, director de Producci\u00f3n, por su parte a\u00f1adi\u00f3: \u201cEs muy lindo ver a tanta gente paseando y disfrutando despu\u00e9s de tanto tiempo\u201d y agreg\u00f3: \u201cEs mucho m\u00e1s lindo ver a las y los productores con cara de felicidad luego de la gran venta de salame, nuestro producto estrella, y tambi\u00e9n a cada emprendedor del Paseo del Jacarand\u00e1 y los cerveceros, es realmente gratificante. La mejor manera de salir adelante es con trabajo y empleo de calidad, como lo estamos haciendo, apoyando el empleo, los productores, los empresarios. Ac\u00e1 estamos para acompa\u00f1arlos\u201d.<\/p>\n<p>Yanina Mart\u00ednez, Secretar\u00eda de Turismo de la Naci\u00f3n, dijo que \u201ces una alegr\u00eda acompa\u00f1arlos, compartir este momento tan especial donde se apuesta a la cultura, la reactivaci\u00f3n del turismo, en donde sin duda estar ac\u00e1 viendo este contexto es de un gran impacto para esta ciudad\u201d. Y remarc\u00f3 que \u201cgracias a la vacunaci\u00f3n hoy nos encontramos m\u00e1s de 15 mil personas disfrutando. Gracias a todas y todos, entre Municipio, Provincia y Naci\u00f3n vamos a seguir trabajando para tener la vida que queremos. Las fiestas nacionales y populares reactivan las econom\u00edas locales. Yo soy del Norte, y s\u00e9 lo que representan estas acciones\u201d.<\/p>\n<p>El intendente Juan Ustarroz tambi\u00e9n se manifest\u00f3: \u201cQueremos reconocer a nuestros productores jurados que hoy ya no est\u00e1n, pero ac\u00e1 con sus familiares realizamos un merecido homenaje\u201d, y adem\u00e1s agreg\u00f3 que \u201clos productores son el alma de la fiesta; uno propone, y ellos dispusieron de inversi\u00f3n, tiempo y apostando a que sea esto una fiesta. Tambi\u00e9n a las y los trabajadores, porque para que cada uno de nosotros estemos atendidos y reconfortados se requiere mucho trabajo, como el de las cantinas de los clubes que solidariamente est\u00e1n trabajando\u201d y remarc\u00f3 tambi\u00e9n \u201ca los artistas locales, artesanos, a cada emprendedor, porque una fiesta as\u00ed es una oportunidad para el pueblo, de trabajo, de encuentro, de la m\u00fasica y el aire libre\u201d.<\/p>\n<p><img loading=\"lazy\" decoding=\"async\" class=\"alignnone size-full wp-image-76793\" src=\"https:\/\/noticiasmercedinas.com\/site\/wp-content\/uploads\/2021\/10\/SJA_5381.jpg\" alt=\"\" width=\"965\" height=\"643\" srcset=\"https:\/\/noticiasmercedinas.com\/site\/wp-content\/uploads\/2021\/10\/SJA_5381.jpg 965w, https:\/\/noticiasmercedinas.com\/site\/wp-content\/uploads\/2021\/10\/SJA_5381-300x200.jpg 300w, https:\/\/noticiasmercedinas.com\/site\/wp-content\/uploads\/2021\/10\/SJA_5381-768x512.jpg 768w, https:\/\/noticiasmercedinas.com\/site\/wp-content\/uploads\/2021\/10\/SJA_5381-640x426.jpg 640w, https:\/\/noticiasmercedinas.com\/site\/wp-content\/uploads\/2021\/10\/SJA_5381-681x454.jpg 681w\" sizes=\"auto, (max-width: 965px) 100vw, 965px\" \/><\/p>\n<p>Los reconocimientos a las y los productores, a sus familias, en memoria, estuvieron a cargo de la Secretaria de Gobierno, Clara Zunino; de Laura Bianchi, Directora de Acci\u00f3n Federal del Ministerio de Cultura de la Naci\u00f3n; del intendente Ustarroz contando con el acompa\u00f1amiento de Fernanda Rodr\u00edguez, Directora de Fiestas Nacionales y Eventos; Nahuel Segovia, Coordinador ejecutivo de Promover Turismo; Mat\u00edas Dematei, presidente del Concejo Deliberante y Luc\u00eda Capaccio, Directora de Cultura, entre otros.<\/p>\n<p>La fiesta se estima convoc\u00f3 no menos de 20 mil personas por d\u00eda, un n\u00famero impresionante para volver a vivir un evento popular que se desarroll\u00f3 al aire libre, con protocolos y en un parque municipal puesto en excelentes condiciones por el personal de Servicios P\u00fablicos.<\/p>\n<p>Se anunci\u00f3 que la pr\u00f3xima cita ser\u00e1 en el Festival de Cerveceros Mercedinos, los pr\u00f3ximos 6 y 7 de noviembre, donde se volver\u00e1 a promover el trabajo, la cultura y los emprendimientos mercedinos.<\/p>\n<p><img loading=\"lazy\" decoding=\"async\" class=\"alignnone size-full wp-image-76783\" src=\"https:\/\/noticiasmercedinas.com\/site\/wp-content\/uploads\/2021\/10\/SJA_5460.jpg\" alt=\"\" width=\"965\" height=\"643\" srcset=\"https:\/\/noticiasmercedinas.com\/site\/wp-content\/uploads\/2021\/10\/SJA_5460.jpg 965w, https:\/\/noticiasmercedinas.com\/site\/wp-content\/uploads\/2021\/10\/SJA_5460-300x200.jpg 300w, https:\/\/noticiasmercedinas.com\/site\/wp-content\/uploads\/2021\/10\/SJA_5460-768x512.jpg 768w, https:\/\/noticiasmercedinas.com\/site\/wp-content\/uploads\/2021\/10\/SJA_5460-640x426.jpg 640w, https:\/\/noticiasmercedinas.com\/site\/wp-content\/uploads\/2021\/10\/SJA_5460-681x454.jpg 681w\" sizes=\"auto, (max-width: 965px) 100vw, 965px\" \/><\/p>\n<p><strong>Junto al Ballet \u00abSanta Cecilia\u00bb<\/strong><br \/>\nUna vez m\u00e1s la Bersuit Vergarabat invit\u00f3 a subir al escenario para bailar \u00abLa argentinidad al palo\u00bb a los integrantes del Ballet \u00abSanta Cecilia\u00bb. Ya lo hab\u00edan hecho en una anterior <a href=\"https:\/\/noticiasmercedinas.com\/site\/2018\/11\/06\/argentinos-al-palo-ballet-santa-cecilia-con-bersuit\/\">presentaci\u00f3n en el Mercedes Rock en 2018<\/a>, y ahora en este marco de Festival del Salame Quintero en el parque municipal volvieron a convocarlos para que se sumen con su coreograf\u00eda a este himno del rock nacional, que el cuerpo de danzas dirigido por Romina Bufager tiene siempre en su repertorio.<\/p>\n<p>En esta ocasi\u00f3n vestidos con sus mejores galas los bailarines subieron a escena una vez m\u00e1s y adem\u00e1s pudieron compartir sus impresiones con los reconocidos m\u00fasicos. De esta manera la banda actualmente integrada por Juan Subir\u00e1 (teclados y voz), Carlos E. Mart\u00edn (bater\u00eda), Ren\u00e9 \u00abPepe\u00bb C\u00e9spedes (bajo), Daniel Su\u00e1rez (voz), Alberto Verenzuela (guitarra y voz), Nano Campoliete (guitarra, coros), Juan Bruno (guitarra), Manuel Uriona (percusi\u00f3n) y Germ\u00e1n \u00abC\u00f3ndor\u00bb Sbarbati (voz) comparti\u00f3 un emotivo e inolvidable momento con los bailarines y bailarinas de \u00abSanta Cecilia\u00bb.<\/p>\n<p><img loading=\"lazy\" decoding=\"async\" class=\"alignnone size-full wp-image-76822\" src=\"https:\/\/noticiasmercedinas.com\/site\/wp-content\/uploads\/2021\/10\/argentinidad.jpg\" alt=\"\" width=\"640\" height=\"343\" srcset=\"https:\/\/noticiasmercedinas.com\/site\/wp-content\/uploads\/2021\/10\/argentinidad.jpg 640w, https:\/\/noticiasmercedinas.com\/site\/wp-content\/uploads\/2021\/10\/argentinidad-300x160.jpg 300w\" sizes=\"auto, (max-width: 640px) 100vw, 640px\" \/><\/p>\n<p><img loading=\"lazy\" decoding=\"async\" class=\"alignnone size-full wp-image-76823\" src=\"https:\/\/noticiasmercedinas.com\/site\/wp-content\/uploads\/2021\/10\/alpalo.jpg\" alt=\"\" width=\"640\" height=\"433\" srcset=\"https:\/\/noticiasmercedinas.com\/site\/wp-content\/uploads\/2021\/10\/alpalo.jpg 640w, https:\/\/noticiasmercedinas.com\/site\/wp-content\/uploads\/2021\/10\/alpalo-300x203.jpg 300w\" sizes=\"auto, (max-width: 640px) 100vw, 640px\" \/><\/p>\n<div style=\"width: 640px;\" class=\"wp-video\"><video class=\"wp-video-shortcode\" id=\"video-76782-1\" width=\"640\" height=\"300\" preload=\"metadata\" controls=\"controls\"><source type=\"video\/mp4\" src=\"https:\/\/noticiasmercedinas.com\/site\/wp-content\/uploads\/2021\/10\/245219592_3834325433335930_4761903455058017013_n.mp4?_=1\" \/><a href=\"https:\/\/noticiasmercedinas.com\/site\/wp-content\/uploads\/2021\/10\/245219592_3834325433335930_4761903455058017013_n.mp4\">https:\/\/noticiasmercedinas.com\/site\/wp-content\/uploads\/2021\/10\/245219592_3834325433335930_4761903455058017013_n.mp4<\/a><\/video><\/div>\n","protected":false},"excerpt":{"rendered":"<p>\u25a0 La reconocida banda dio un show inolvidable para poner fin a un encuentro que concit\u00f3 a unas 40 mil personas en todo el fin de semana. Hubo reconocimientos a familiares de productores fallecidos<\/p>\n","protected":false},"author":16,"featured_media":76786,"comment_status":"open","ping_status":"open","sticky":false,"template":"","format":"standard","meta":{"footnotes":""},"categories":[4],"tags":[1940,909,13018],"class_list":["post-76782","post","type-post","status-publish","format-standard","has-post-thumbnail","hentry","category-cultura","tag-ballet-santa-cecilia","tag-bersuit-vergarabat","tag-festival-del-salame"],"yoast_head":"<!-- This site is optimized with the Yoast SEO plugin v27.4 - https:\/\/yoast.com\/product\/yoast-seo-wordpress\/ -->\n<title>Bersuit cerr\u00f3 el Salame: Argentinos, al palo, y de fiesta<\/title>\n<meta name=\"robots\" content=\"index, follow, max-snippet:-1, max-image-preview:large, max-video-preview:-1\" \/>\n<link rel=\"canonical\" href=\"https:\/\/noticiasmercedinas.com\/site\/2021\/10\/11\/bersuit-cerro-el-salame-argentinos-al-palo-y-de-fiesta\/\" \/>\n<meta property=\"og:locale\" content=\"es_ES\" \/>\n<meta property=\"og:type\" content=\"article\" \/>\n<meta property=\"og:title\" content=\"Bersuit cerr\u00f3 el Salame: Argentinos, al palo, y de fiesta\" \/>\n<meta property=\"og:description\" content=\"\u25a0 La reconocida banda dio un show inolvidable para poner fin a un encuentro que concit\u00f3 a unas 40 mil personas en todo el fin de semana. Hubo reconocimientos a familiares de productores fallecidos\" \/>\n<meta property=\"og:url\" content=\"https:\/\/noticiasmercedinas.com\/site\/2021\/10\/11\/bersuit-cerro-el-salame-argentinos-al-palo-y-de-fiesta\/\" \/>\n<meta property=\"og:site_name\" content=\"NOTICIASMERCEDINAS.COM\" \/>\n<meta property=\"article:publisher\" content=\"https:\/\/www.facebook.com\/noticiasmercedinas\/\" \/>\n<meta property=\"article:published_time\" content=\"2021-10-11T12:30:34+00:00\" \/>\n<meta property=\"article:modified_time\" content=\"2021-10-12T12:29:17+00:00\" \/>\n<meta property=\"og:image\" content=\"https:\/\/noticiasmercedinas.com\/site\/wp-content\/uploads\/2021\/10\/SJA_5368.jpg\" \/>\n\t<meta property=\"og:image:width\" content=\"965\" \/>\n\t<meta property=\"og:image:height\" content=\"643\" \/>\n\t<meta property=\"og:image:type\" content=\"image\/jpeg\" \/>\n<meta name=\"author\" content=\"NOTICIASMERCEDINAS.COM\" \/>\n<meta name=\"twitter:card\" content=\"summary_large_image\" \/>\n<meta name=\"twitter:creator\" content=\"@notmercedinas\" \/>\n<meta name=\"twitter:site\" content=\"@notmercedinas\" \/>\n<meta name=\"twitter:label1\" content=\"Escrito por\" \/>\n\t<meta name=\"twitter:data1\" content=\"NOTICIASMERCEDINAS.COM\" \/>\n\t<meta name=\"twitter:label2\" content=\"Tiempo de lectura\" \/>\n\t<meta name=\"twitter:data2\" content=\"5 minutos\" \/>\n<script type=\"application\/ld+json\" class=\"yoast-schema-graph\">{\"@context\":\"https:\\\/\\\/schema.org\",\"@graph\":[{\"@type\":\"Article\",\"@id\":\"https:\\\/\\\/noticiasmercedinas.com\\\/site\\\/2021\\\/10\\\/11\\\/bersuit-cerro-el-salame-argentinos-al-palo-y-de-fiesta\\\/#article\",\"isPartOf\":{\"@id\":\"https:\\\/\\\/noticiasmercedinas.com\\\/site\\\/2021\\\/10\\\/11\\\/bersuit-cerro-el-salame-argentinos-al-palo-y-de-fiesta\\\/\"},\"author\":{\"name\":\"NOTICIASMERCEDINAS.COM\",\"@id\":\"https:\\\/\\\/noticiasmercedinas.com\\\/site\\\/#\\\/schema\\\/person\\\/84b59c099c28ff2e8b77d4ceec5d8063\"},\"headline\":\"Bersuit cerr\u00f3 el Salame: Argentinos, al palo, y de fiesta\",\"datePublished\":\"2021-10-11T12:30:34+00:00\",\"dateModified\":\"2021-10-12T12:29:17+00:00\",\"mainEntityOfPage\":{\"@id\":\"https:\\\/\\\/noticiasmercedinas.com\\\/site\\\/2021\\\/10\\\/11\\\/bersuit-cerro-el-salame-argentinos-al-palo-y-de-fiesta\\\/\"},\"wordCount\":941,\"commentCount\":0,\"publisher\":{\"@id\":\"https:\\\/\\\/noticiasmercedinas.com\\\/site\\\/#organization\"},\"image\":{\"@id\":\"https:\\\/\\\/noticiasmercedinas.com\\\/site\\\/2021\\\/10\\\/11\\\/bersuit-cerro-el-salame-argentinos-al-palo-y-de-fiesta\\\/#primaryimage\"},\"thumbnailUrl\":\"https:\\\/\\\/noticiasmercedinas.com\\\/site\\\/wp-content\\\/uploads\\\/2021\\\/10\\\/SJA_5368.jpg\",\"keywords\":[\"ballet santa cecilia\",\"Bersuit Vergarabat\",\"festival del salame\"],\"articleSection\":[\"Cultura\"],\"inLanguage\":\"es\",\"potentialAction\":[{\"@type\":\"CommentAction\",\"name\":\"Comment\",\"target\":[\"https:\\\/\\\/noticiasmercedinas.com\\\/site\\\/2021\\\/10\\\/11\\\/bersuit-cerro-el-salame-argentinos-al-palo-y-de-fiesta\\\/#respond\"]}]},{\"@type\":\"WebPage\",\"@id\":\"https:\\\/\\\/noticiasmercedinas.com\\\/site\\\/2021\\\/10\\\/11\\\/bersuit-cerro-el-salame-argentinos-al-palo-y-de-fiesta\\\/\",\"url\":\"https:\\\/\\\/noticiasmercedinas.com\\\/site\\\/2021\\\/10\\\/11\\\/bersuit-cerro-el-salame-argentinos-al-palo-y-de-fiesta\\\/\",\"name\":\"Bersuit cerr\u00f3 el Salame: Argentinos, al palo, y de fiesta\",\"isPartOf\":{\"@id\":\"https:\\\/\\\/noticiasmercedinas.com\\\/site\\\/#website\"},\"primaryImageOfPage\":{\"@id\":\"https:\\\/\\\/noticiasmercedinas.com\\\/site\\\/2021\\\/10\\\/11\\\/bersuit-cerro-el-salame-argentinos-al-palo-y-de-fiesta\\\/#primaryimage\"},\"image\":{\"@id\":\"https:\\\/\\\/noticiasmercedinas.com\\\/site\\\/2021\\\/10\\\/11\\\/bersuit-cerro-el-salame-argentinos-al-palo-y-de-fiesta\\\/#primaryimage\"},\"thumbnailUrl\":\"https:\\\/\\\/noticiasmercedinas.com\\\/site\\\/wp-content\\\/uploads\\\/2021\\\/10\\\/SJA_5368.jpg\",\"datePublished\":\"2021-10-11T12:30:34+00:00\",\"dateModified\":\"2021-10-12T12:29:17+00:00\",\"breadcrumb\":{\"@id\":\"https:\\\/\\\/noticiasmercedinas.com\\\/site\\\/2021\\\/10\\\/11\\\/bersuit-cerro-el-salame-argentinos-al-palo-y-de-fiesta\\\/#breadcrumb\"},\"inLanguage\":\"es\",\"potentialAction\":[{\"@type\":\"ReadAction\",\"target\":[\"https:\\\/\\\/noticiasmercedinas.com\\\/site\\\/2021\\\/10\\\/11\\\/bersuit-cerro-el-salame-argentinos-al-palo-y-de-fiesta\\\/\"]}]},{\"@type\":\"ImageObject\",\"inLanguage\":\"es\",\"@id\":\"https:\\\/\\\/noticiasmercedinas.com\\\/site\\\/2021\\\/10\\\/11\\\/bersuit-cerro-el-salame-argentinos-al-palo-y-de-fiesta\\\/#primaryimage\",\"url\":\"https:\\\/\\\/noticiasmercedinas.com\\\/site\\\/wp-content\\\/uploads\\\/2021\\\/10\\\/SJA_5368.jpg\",\"contentUrl\":\"https:\\\/\\\/noticiasmercedinas.com\\\/site\\\/wp-content\\\/uploads\\\/2021\\\/10\\\/SJA_5368.jpg\",\"width\":965,\"height\":643},{\"@type\":\"BreadcrumbList\",\"@id\":\"https:\\\/\\\/noticiasmercedinas.com\\\/site\\\/2021\\\/10\\\/11\\\/bersuit-cerro-el-salame-argentinos-al-palo-y-de-fiesta\\\/#breadcrumb\",\"itemListElement\":[{\"@type\":\"ListItem\",\"position\":1,\"name\":\"Portada\",\"item\":\"https:\\\/\\\/noticiasmercedinas.com\\\/site\\\/\"},{\"@type\":\"ListItem\",\"position\":2,\"name\":\"Bersuit cerr\u00f3 el Salame: Argentinos, al palo, y de fiesta\"}]},{\"@type\":\"WebSite\",\"@id\":\"https:\\\/\\\/noticiasmercedinas.com\\\/site\\\/#website\",\"url\":\"https:\\\/\\\/noticiasmercedinas.com\\\/site\\\/\",\"name\":\"NOTICIASMERCEDINAS.COM\",\"description\":\"Mercedes, Buenos Aires, Argentina\",\"publisher\":{\"@id\":\"https:\\\/\\\/noticiasmercedinas.com\\\/site\\\/#organization\"},\"potentialAction\":[{\"@type\":\"SearchAction\",\"target\":{\"@type\":\"EntryPoint\",\"urlTemplate\":\"https:\\\/\\\/noticiasmercedinas.com\\\/site\\\/?s={search_term_string}\"},\"query-input\":{\"@type\":\"PropertyValueSpecification\",\"valueRequired\":true,\"valueName\":\"search_term_string\"}}],\"inLanguage\":\"es\"},{\"@type\":\"Organization\",\"@id\":\"https:\\\/\\\/noticiasmercedinas.com\\\/site\\\/#organization\",\"name\":\"NOTICIASMERCEDINAS.COM\",\"url\":\"https:\\\/\\\/noticiasmercedinas.com\\\/site\\\/\",\"logo\":{\"@type\":\"ImageObject\",\"inLanguage\":\"es\",\"@id\":\"https:\\\/\\\/noticiasmercedinas.com\\\/site\\\/#\\\/schema\\\/logo\\\/image\\\/\",\"url\":\"https:\\\/\\\/noticiasmercedinas.com\\\/site\\\/wp-content\\\/uploads\\\/2020\\\/06\\\/LOGO-512.jpg\",\"contentUrl\":\"https:\\\/\\\/noticiasmercedinas.com\\\/site\\\/wp-content\\\/uploads\\\/2020\\\/06\\\/LOGO-512.jpg\",\"width\":512,\"height\":512,\"caption\":\"NOTICIASMERCEDINAS.COM\"},\"image\":{\"@id\":\"https:\\\/\\\/noticiasmercedinas.com\\\/site\\\/#\\\/schema\\\/logo\\\/image\\\/\"},\"sameAs\":[\"https:\\\/\\\/www.facebook.com\\\/noticiasmercedinas\\\/\",\"https:\\\/\\\/x.com\\\/notmercedinas\",\"https:\\\/\\\/www.instagram.com\\\/noticiasmercedinas\\\/\"]},{\"@type\":\"Person\",\"@id\":\"https:\\\/\\\/noticiasmercedinas.com\\\/site\\\/#\\\/schema\\\/person\\\/84b59c099c28ff2e8b77d4ceec5d8063\",\"name\":\"NOTICIASMERCEDINAS.COM\",\"image\":{\"@type\":\"ImageObject\",\"inLanguage\":\"es\",\"@id\":\"https:\\\/\\\/secure.gravatar.com\\\/avatar\\\/4dfbf16b4d17945bfb6341b2d19043457132fcf478a5ee04f42e959fd8f5df0a?s=96&d=mm&r=g\",\"url\":\"https:\\\/\\\/secure.gravatar.com\\\/avatar\\\/4dfbf16b4d17945bfb6341b2d19043457132fcf478a5ee04f42e959fd8f5df0a?s=96&d=mm&r=g\",\"contentUrl\":\"https:\\\/\\\/secure.gravatar.com\\\/avatar\\\/4dfbf16b4d17945bfb6341b2d19043457132fcf478a5ee04f42e959fd8f5df0a?s=96&d=mm&r=g\",\"caption\":\"NOTICIASMERCEDINAS.COM\"},\"url\":\"https:\\\/\\\/noticiasmercedinas.com\\\/site\\\/author\\\/anonimo\\\/\"}]}<\/script>\n<!-- \/ Yoast SEO plugin. -->","yoast_head_json":{"title":"Bersuit cerr\u00f3 el Salame: Argentinos, al palo, y de fiesta","robots":{"index":"index","follow":"follow","max-snippet":"max-snippet:-1","max-image-preview":"max-image-preview:large","max-video-preview":"max-video-preview:-1"},"canonical":"https:\/\/noticiasmercedinas.com\/site\/2021\/10\/11\/bersuit-cerro-el-salame-argentinos-al-palo-y-de-fiesta\/","og_locale":"es_ES","og_type":"article","og_title":"Bersuit cerr\u00f3 el Salame: Argentinos, al palo, y de fiesta","og_description":"\u25a0 La reconocida banda dio un show inolvidable para poner fin a un encuentro que concit\u00f3 a unas 40 mil personas en todo el fin de semana. Hubo reconocimientos a familiares de productores fallecidos","og_url":"https:\/\/noticiasmercedinas.com\/site\/2021\/10\/11\/bersuit-cerro-el-salame-argentinos-al-palo-y-de-fiesta\/","og_site_name":"NOTICIASMERCEDINAS.COM","article_publisher":"https:\/\/www.facebook.com\/noticiasmercedinas\/","article_published_time":"2021-10-11T12:30:34+00:00","article_modified_time":"2021-10-12T12:29:17+00:00","og_image":[{"width":965,"height":643,"url":"https:\/\/noticiasmercedinas.com\/site\/wp-content\/uploads\/2021\/10\/SJA_5368.jpg","type":"image\/jpeg"}],"author":"NOTICIASMERCEDINAS.COM","twitter_card":"summary_large_image","twitter_creator":"@notmercedinas","twitter_site":"@notmercedinas","twitter_misc":{"Escrito por":"NOTICIASMERCEDINAS.COM","Tiempo de lectura":"5 minutos"},"schema":{"@context":"https:\/\/schema.org","@graph":[{"@type":"Article","@id":"https:\/\/noticiasmercedinas.com\/site\/2021\/10\/11\/bersuit-cerro-el-salame-argentinos-al-palo-y-de-fiesta\/#article","isPartOf":{"@id":"https:\/\/noticiasmercedinas.com\/site\/2021\/10\/11\/bersuit-cerro-el-salame-argentinos-al-palo-y-de-fiesta\/"},"author":{"name":"NOTICIASMERCEDINAS.COM","@id":"https:\/\/noticiasmercedinas.com\/site\/#\/schema\/person\/84b59c099c28ff2e8b77d4ceec5d8063"},"headline":"Bersuit cerr\u00f3 el Salame: Argentinos, al palo, y de fiesta","datePublished":"2021-10-11T12:30:34+00:00","dateModified":"2021-10-12T12:29:17+00:00","mainEntityOfPage":{"@id":"https:\/\/noticiasmercedinas.com\/site\/2021\/10\/11\/bersuit-cerro-el-salame-argentinos-al-palo-y-de-fiesta\/"},"wordCount":941,"commentCount":0,"publisher":{"@id":"https:\/\/noticiasmercedinas.com\/site\/#organization"},"image":{"@id":"https:\/\/noticiasmercedinas.com\/site\/2021\/10\/11\/bersuit-cerro-el-salame-argentinos-al-palo-y-de-fiesta\/#primaryimage"},"thumbnailUrl":"https:\/\/noticiasmercedinas.com\/site\/wp-content\/uploads\/2021\/10\/SJA_5368.jpg","keywords":["ballet santa cecilia","Bersuit Vergarabat","festival del salame"],"articleSection":["Cultura"],"inLanguage":"es","potentialAction":[{"@type":"CommentAction","name":"Comment","target":["https:\/\/noticiasmercedinas.com\/site\/2021\/10\/11\/bersuit-cerro-el-salame-argentinos-al-palo-y-de-fiesta\/#respond"]}]},{"@type":"WebPage","@id":"https:\/\/noticiasmercedinas.com\/site\/2021\/10\/11\/bersuit-cerro-el-salame-argentinos-al-palo-y-de-fiesta\/","url":"https:\/\/noticiasmercedinas.com\/site\/2021\/10\/11\/bersuit-cerro-el-salame-argentinos-al-palo-y-de-fiesta\/","name":"Bersuit cerr\u00f3 el Salame: Argentinos, al palo, y de fiesta","isPartOf":{"@id":"https:\/\/noticiasmercedinas.com\/site\/#website"},"primaryImageOfPage":{"@id":"https:\/\/noticiasmercedinas.com\/site\/2021\/10\/11\/bersuit-cerro-el-salame-argentinos-al-palo-y-de-fiesta\/#primaryimage"},"image":{"@id":"https:\/\/noticiasmercedinas.com\/site\/2021\/10\/11\/bersuit-cerro-el-salame-argentinos-al-palo-y-de-fiesta\/#primaryimage"},"thumbnailUrl":"https:\/\/noticiasmercedinas.com\/site\/wp-content\/uploads\/2021\/10\/SJA_5368.jpg","datePublished":"2021-10-11T12:30:34+00:00","dateModified":"2021-10-12T12:29:17+00:00","breadcrumb":{"@id":"https:\/\/noticiasmercedinas.com\/site\/2021\/10\/11\/bersuit-cerro-el-salame-argentinos-al-palo-y-de-fiesta\/#breadcrumb"},"inLanguage":"es","potentialAction":[{"@type":"ReadAction","target":["https:\/\/noticiasmercedinas.com\/site\/2021\/10\/11\/bersuit-cerro-el-salame-argentinos-al-palo-y-de-fiesta\/"]}]},{"@type":"ImageObject","inLanguage":"es","@id":"https:\/\/noticiasmercedinas.com\/site\/2021\/10\/11\/bersuit-cerro-el-salame-argentinos-al-palo-y-de-fiesta\/#primaryimage","url":"https:\/\/noticiasmercedinas.com\/site\/wp-content\/uploads\/2021\/10\/SJA_5368.jpg","contentUrl":"https:\/\/noticiasmercedinas.com\/site\/wp-content\/uploads\/2021\/10\/SJA_5368.jpg","width":965,"height":643},{"@type":"BreadcrumbList","@id":"https:\/\/noticiasmercedinas.com\/site\/2021\/10\/11\/bersuit-cerro-el-salame-argentinos-al-palo-y-de-fiesta\/#breadcrumb","itemListElement":[{"@type":"ListItem","position":1,"name":"Portada","item":"https:\/\/noticiasmercedinas.com\/site\/"},{"@type":"ListItem","position":2,"name":"Bersuit cerr\u00f3 el Salame: Argentinos, al palo, y de fiesta"}]},{"@type":"WebSite","@id":"https:\/\/noticiasmercedinas.com\/site\/#website","url":"https:\/\/noticiasmercedinas.com\/site\/","name":"NOTICIASMERCEDINAS.COM","description":"Mercedes, Buenos Aires, Argentina","publisher":{"@id":"https:\/\/noticiasmercedinas.com\/site\/#organization"},"potentialAction":[{"@type":"SearchAction","target":{"@type":"EntryPoint","urlTemplate":"https:\/\/noticiasmercedinas.com\/site\/?s={search_term_string}"},"query-input":{"@type":"PropertyValueSpecification","valueRequired":true,"valueName":"search_term_string"}}],"inLanguage":"es"},{"@type":"Organization","@id":"https:\/\/noticiasmercedinas.com\/site\/#organization","name":"NOTICIASMERCEDINAS.COM","url":"https:\/\/noticiasmercedinas.com\/site\/","logo":{"@type":"ImageObject","inLanguage":"es","@id":"https:\/\/noticiasmercedinas.com\/site\/#\/schema\/logo\/image\/","url":"https:\/\/noticiasmercedinas.com\/site\/wp-content\/uploads\/2020\/06\/LOGO-512.jpg","contentUrl":"https:\/\/noticiasmercedinas.com\/site\/wp-content\/uploads\/2020\/06\/LOGO-512.jpg","width":512,"height":512,"caption":"NOTICIASMERCEDINAS.COM"},"image":{"@id":"https:\/\/noticiasmercedinas.com\/site\/#\/schema\/logo\/image\/"},"sameAs":["https:\/\/www.facebook.com\/noticiasmercedinas\/","https:\/\/x.com\/notmercedinas","https:\/\/www.instagram.com\/noticiasmercedinas\/"]},{"@type":"Person","@id":"https:\/\/noticiasmercedinas.com\/site\/#\/schema\/person\/84b59c099c28ff2e8b77d4ceec5d8063","name":"NOTICIASMERCEDINAS.COM","image":{"@type":"ImageObject","inLanguage":"es","@id":"https:\/\/secure.gravatar.com\/avatar\/4dfbf16b4d17945bfb6341b2d19043457132fcf478a5ee04f42e959fd8f5df0a?s=96&d=mm&r=g","url":"https:\/\/secure.gravatar.com\/avatar\/4dfbf16b4d17945bfb6341b2d19043457132fcf478a5ee04f42e959fd8f5df0a?s=96&d=mm&r=g","contentUrl":"https:\/\/secure.gravatar.com\/avatar\/4dfbf16b4d17945bfb6341b2d19043457132fcf478a5ee04f42e959fd8f5df0a?s=96&d=mm&r=g","caption":"NOTICIASMERCEDINAS.COM"},"url":"https:\/\/noticiasmercedinas.com\/site\/author\/anonimo\/"}]}},"amp_enabled":true,"_links":{"self":[{"href":"https:\/\/noticiasmercedinas.com\/site\/wp-json\/wp\/v2\/posts\/76782","targetHints":{"allow":["GET"]}}],"collection":[{"href":"https:\/\/noticiasmercedinas.com\/site\/wp-json\/wp\/v2\/posts"}],"about":[{"href":"https:\/\/noticiasmercedinas.com\/site\/wp-json\/wp\/v2\/types\/post"}],"author":[{"embeddable":true,"href":"https:\/\/noticiasmercedinas.com\/site\/wp-json\/wp\/v2\/users\/16"}],"replies":[{"embeddable":true,"href":"https:\/\/noticiasmercedinas.com\/site\/wp-json\/wp\/v2\/comments?post=76782"}],"version-history":[{"count":11,"href":"https:\/\/noticiasmercedinas.com\/site\/wp-json\/wp\/v2\/posts\/76782\/revisions"}],"predecessor-version":[{"id":76865,"href":"https:\/\/noticiasmercedinas.com\/site\/wp-json\/wp\/v2\/posts\/76782\/revisions\/76865"}],"wp:featuredmedia":[{"embeddable":true,"href":"https:\/\/noticiasmercedinas.com\/site\/wp-json\/wp\/v2\/media\/76786"}],"wp:attachment":[{"href":"https:\/\/noticiasmercedinas.com\/site\/wp-json\/wp\/v2\/media?parent=76782"}],"wp:term":[{"taxonomy":"category","embeddable":true,"href":"https:\/\/noticiasmercedinas.com\/site\/wp-json\/wp\/v2\/categories?post=76782"},{"taxonomy":"post_tag","embeddable":true,"href":"https:\/\/noticiasmercedinas.com\/site\/wp-json\/wp\/v2\/tags?post=76782"}],"curies":[{"name":"wp","href":"https:\/\/api.w.org\/{rel}","templated":true}]}}