{"id":769,"date":"2018-08-31T18:11:18","date_gmt":"2018-08-31T21:11:18","guid":{"rendered":"https:\/\/noticiasmercedinas.com\/site\/?p=769"},"modified":"2018-09-01T14:45:26","modified_gmt":"2018-09-01T17:45:26","slug":"alberto-florella-yo-nunca-tuve-un-libreto","status":"publish","type":"post","link":"https:\/\/noticiasmercedinas.com\/site\/2018\/08\/31\/alberto-florella-yo-nunca-tuve-un-libreto\/","title":{"rendered":"Alberto Florella: \u201cYo nunca tuve un libreto\u201d"},"content":{"rendered":"<p><img loading=\"lazy\" decoding=\"async\" class=\"alignnone size-full wp-image-772\" src=\"https:\/\/noticiasmercedinas.com\/site\/wp-content\/uploads\/2018\/08\/albertof-768x432.jpg\" alt=\"\" width=\"768\" height=\"432\" srcset=\"https:\/\/noticiasmercedinas.com\/site\/wp-content\/uploads\/2018\/08\/albertof-768x432.jpg 768w, https:\/\/noticiasmercedinas.com\/site\/wp-content\/uploads\/2018\/08\/albertof-768x432-300x169.jpg 300w, https:\/\/noticiasmercedinas.com\/site\/wp-content\/uploads\/2018\/08\/albertof-768x432-640x360.jpg 640w, https:\/\/noticiasmercedinas.com\/site\/wp-content\/uploads\/2018\/08\/albertof-768x432-681x383.jpg 681w\" sizes=\"auto, (max-width: 768px) 100vw, 768px\" \/><\/p>\n<audio class=\"wp-audio-shortcode\" id=\"audio-769-1\" preload=\"none\" style=\"width: 100%;\" controls=\"controls\"><source type=\"audio\/mpeg\" src=\"https:\/\/noticiasmercedinas.com\/site\/wp-content\/uploads\/2018\/08\/albertoflorella.mp3?_=1\" \/><a href=\"https:\/\/noticiasmercedinas.com\/site\/wp-content\/uploads\/2018\/08\/albertoflorella.mp3\">https:\/\/noticiasmercedinas.com\/site\/wp-content\/uploads\/2018\/08\/albertoflorella.mp3<\/a><\/audio>\n<p>El 24 de agosto pasado cumpli\u00f3 11 a\u00f1os con emisora propia, pero tiene casi 50 de hacer radio y ya est\u00e1n organiz\u00e1ndole un homenaje en vida. Alberto Florella, el comunicador de las ma\u00f1anas, el due\u00f1o de FM Meridiano 105.3 mhz, es respetado y conocido por todos en la ciudad. Ya super\u00f3 los 80 y sigue el frente de un micr\u00f3fono. Dice que no se ve de otra manera y que nunca debi\u00f3 soportar un incidente judicial por lo dicho al aire.<\/p>\n<p>\u201cHago radio en Mercedes gracias a que Fernando Luna me convoc\u00f3. Estuve 10 a\u00f1os con el y le hab\u00eda prometido a mi madre que iba a instalar una radio propia, y tanto Mario Mango como Juan Carlos Schiffini, mis colaboradores, me impulsaban Y as\u00ed me tir\u00e9 a la pileta\u201d, recuerda sobre los inicios de Radio Meridiano. \u201cNo es un t\u00e9rmino acad\u00e9mico tirarse a la pileta, pero encar\u00e9 el desaf\u00edo\u201d, dice Florella.<\/p>\n<p>\u201cComo toda actividad humana, m\u00e1xime en este rubro, siempre nos falta algo, pero hemos cosechado lo que sembramos. Estamos todos los d\u00edas en el aire, no hay feriados ni fiestas de guardar, la radio est\u00e1 en el aire porque para m\u00ed es un servicio. Y como tal uno se debe al oyente. Hubo que mejorar micr\u00f3fonos, consolas, equipos, antenas, y en 11 a\u00f1os de trayectoria lo hicimos\u201d, agrega.<\/p>\n<p><strong>\u00bfEs rentable una radio, como emprendimiento?<\/strong><\/p>\n<p>Es como un comercio. Si se le dedica tiempo y es aceptado puede ser rentable. Pero si uno se queda con que lo saludan por la calle y lo llaman por tel\u00e9fono no creo. Esto es como un mercado, hay oferta y demanda.<\/p>\n<p><strong>\u00bfSe siente libre frente al micr\u00f3fono de decir lo que quiere?<\/strong><\/p>\n<p>Hasta ahora s\u00ed. Yo he trabajado en la \u00e9poca del proceso en Amplitud Modulada y s\u00e9 lo que es una lista negra. En democracia desde Alfons\u00edn hasta hoy en d\u00eda me siento muy bien.<\/p>\n<p><strong>\u00bfQu\u00e9 influencia puede tener un comunicador como usted que est\u00e1 todas las ma\u00f1anas al aire en la idiosincrasia del mercedino?<\/strong><\/p>\n<p>Ser\u00eda un brujo si supiera eso. Uno emite una opini\u00f3n y si encuentra respuesta en los llamados ah\u00ed est\u00e1. Hace muchos a\u00f1os que vengo emitiendo opini\u00f3n, 21 con este programa \u201cComunicaci\u00f3n y Vida\u201d. Y no he tenido ning\u00fan juicio ni problema legal hasta ahora. Nunca deb\u00ed responder legalmente ni me mandaron una carta documento.<\/p>\n<p><strong>\u00bfC\u00f3mo ve el futuro de la radio como medio de comunicaci\u00f3n?<\/strong><\/p>\n<p>Ante la aparici\u00f3n de la televisi\u00f3n se transform\u00f3 en la cenincienta, pero la radio sigue siendo la gran comunicadora social al menos en la Argentina. Y con la aparici\u00f3n de la FM muchos han tenido oportunidad de poder desarrollar su vocaci\u00f3n. Los oyentes deben juzgar si lo hacen bien o mal. Y no descalifico a los medios tecnol\u00f3gicos, todos confluyen.<\/p>\n<p><strong>\u00bfUsted se ve en los pr\u00f3ximos a\u00f1os haciendo radio?<\/strong><\/p>\n<p>Si Dios me da vida si. Tengo 81 y hago radio hace casi 50 a\u00f1os. Los cumplir\u00e9 el a\u00f1o que viene. Comenc\u00e9 con Oral M\u00fasica Hogar en 1969, con alg\u00fan paso previo en OMDA, del padre de Fernando Luna.<\/p>\n<p><strong>Si tuviera que definir a alg\u00fan comunicador o periodista del orden nacional que hace un buen trabajo, \u00bfde qui\u00e9n hablar\u00eda?<\/strong><\/p>\n<p>No est\u00e1n en la actualidad. Miguel Angel Merellano es uno y otro es Hugo Guerrero Martinheitz, quien yo creo que cambi\u00f3 todo el mensaje radial y la estructura que creo es de origen ingl\u00e9s y que tuvieron en su momento radio El Mundo y Splendid. El rompi\u00f3 lo cl\u00e1sico, lo pautado, lo que ten\u00eda libreto. Yo nunca tuve un libreto y llevo casi 50 a\u00f1os de radio.<\/p>\n","protected":false},"excerpt":{"rendered":"<p>El 24 de agosto pasado cumpli\u00f3 11 a\u00f1os con emisora propia, pero tiene casi 50 de hacer radio y ya est\u00e1n organiz\u00e1ndole un homenaje en vida. Alberto Florella, el comunicador de las ma\u00f1anas, el due\u00f1o de FM Meridiano 105.3 mhz, es respetado y conocido por todos en la ciudad. Ya super\u00f3 los 80 y sigue [&hellip;]<\/p>\n","protected":false},"author":2,"featured_media":772,"comment_status":"open","ping_status":"open","sticky":false,"template":"","format":"standard","meta":{"footnotes":""},"categories":[9,3],"tags":[342,343],"class_list":["post-769","post","type-post","status-publish","format-standard","has-post-thumbnail","hentry","category-entrevistas","category-sociedad","tag-alberto-florella","tag-radio-meridiano"],"yoast_head":"<!-- This site is optimized with the Yoast SEO plugin v28.3 - https:\/\/yoast.com\/product\/yoast-seo-wordpress\/ -->\n<title>Alberto Florella: \u201cYo nunca tuve un libreto\u201d<\/title>\n<meta name=\"robots\" content=\"index, follow, max-snippet:-1, max-image-preview:large, max-video-preview:-1\" \/>\n<link rel=\"canonical\" href=\"https:\/\/noticiasmercedinas.com\/site\/2018\/08\/31\/alberto-florella-yo-nunca-tuve-un-libreto\/\" \/>\n<meta property=\"og:locale\" content=\"es_ES\" \/>\n<meta property=\"og:type\" content=\"article\" \/>\n<meta property=\"og:title\" content=\"Alberto Florella: \u201cYo nunca tuve un libreto\u201d\" \/>\n<meta property=\"og:description\" content=\"El 24 de agosto pasado cumpli\u00f3 11 a\u00f1os con emisora propia, pero tiene casi 50 de hacer radio y ya est\u00e1n organiz\u00e1ndole un homenaje en vida. Alberto Florella, el comunicador de las ma\u00f1anas, el due\u00f1o de FM Meridiano 105.3 mhz, es respetado y conocido por todos en la ciudad. Ya super\u00f3 los 80 y sigue [&hellip;]\" \/>\n<meta property=\"og:url\" content=\"https:\/\/noticiasmercedinas.com\/site\/2018\/08\/31\/alberto-florella-yo-nunca-tuve-un-libreto\/\" \/>\n<meta property=\"og:site_name\" content=\"NOTICIASMERCEDINAS.COM\" \/>\n<meta property=\"article:publisher\" content=\"https:\/\/www.facebook.com\/noticiasmercedinas\/\" \/>\n<meta property=\"article:author\" content=\"https:\/\/www.facebook.com\/cristian.falabella\" \/>\n<meta property=\"article:published_time\" content=\"2018-08-31T21:11:18+00:00\" \/>\n<meta property=\"article:modified_time\" content=\"2018-09-01T17:45:26+00:00\" \/>\n<meta property=\"og:image\" content=\"https:\/\/noticiasmercedinas.com\/site\/wp-content\/uploads\/2018\/08\/albertof-768x432.jpg\" \/>\n\t<meta property=\"og:image:width\" content=\"768\" \/>\n\t<meta property=\"og:image:height\" content=\"432\" \/>\n\t<meta property=\"og:image:type\" content=\"image\/jpeg\" \/>\n<meta name=\"author\" content=\"Cristian Falabella NOTICIASMERCEDINAS.COM\" \/>\n<meta name=\"twitter:card\" content=\"summary_large_image\" \/>\n<meta name=\"twitter:creator\" content=\"@https:\/\/twitter.com\/NOTMERCEDINAS\" \/>\n<meta name=\"twitter:site\" content=\"@notmercedinas\" \/>\n<meta name=\"twitter:label1\" content=\"Escrito por\" \/>\n\t<meta name=\"twitter:data1\" content=\"Cristian Falabella NOTICIASMERCEDINAS.COM\" \/>\n\t<meta name=\"twitter:label2\" content=\"Tiempo de lectura\" \/>\n\t<meta name=\"twitter:data2\" content=\"3 minutos\" \/>\n<script type=\"application\/ld+json\" class=\"yoast-schema-graph\">{\"@context\":\"https:\\\/\\\/schema.org\",\"@graph\":[{\"@type\":\"Article\",\"@id\":\"https:\\\/\\\/noticiasmercedinas.com\\\/site\\\/2018\\\/08\\\/31\\\/alberto-florella-yo-nunca-tuve-un-libreto\\\/#article\",\"isPartOf\":{\"@id\":\"https:\\\/\\\/noticiasmercedinas.com\\\/site\\\/2018\\\/08\\\/31\\\/alberto-florella-yo-nunca-tuve-un-libreto\\\/\"},\"author\":{\"name\":\"Cristian Falabella NOTICIASMERCEDINAS.COM\",\"@id\":\"https:\\\/\\\/noticiasmercedinas.com\\\/site\\\/#\\\/schema\\\/person\\\/d481a9696a5feaec13a60e2bbd991a6a\"},\"headline\":\"Alberto Florella: \u201cYo nunca tuve un libreto\u201d\",\"datePublished\":\"2018-08-31T21:11:18+00:00\",\"dateModified\":\"2018-09-01T17:45:26+00:00\",\"mainEntityOfPage\":{\"@id\":\"https:\\\/\\\/noticiasmercedinas.com\\\/site\\\/2018\\\/08\\\/31\\\/alberto-florella-yo-nunca-tuve-un-libreto\\\/\"},\"wordCount\":647,\"commentCount\":1,\"publisher\":{\"@id\":\"https:\\\/\\\/noticiasmercedinas.com\\\/site\\\/#organization\"},\"image\":{\"@id\":\"https:\\\/\\\/noticiasmercedinas.com\\\/site\\\/2018\\\/08\\\/31\\\/alberto-florella-yo-nunca-tuve-un-libreto\\\/#primaryimage\"},\"thumbnailUrl\":\"https:\\\/\\\/noticiasmercedinas.com\\\/site\\\/wp-content\\\/uploads\\\/2018\\\/08\\\/albertof-768x432.jpg\",\"keywords\":[\"alberto florella\",\"radio meridiano\"],\"articleSection\":[\"Entrevistas\",\"Sociedad\"],\"inLanguage\":\"es\",\"potentialAction\":[{\"@type\":\"CommentAction\",\"name\":\"Comment\",\"target\":[\"https:\\\/\\\/noticiasmercedinas.com\\\/site\\\/2018\\\/08\\\/31\\\/alberto-florella-yo-nunca-tuve-un-libreto\\\/#respond\"]}]},{\"@type\":\"WebPage\",\"@id\":\"https:\\\/\\\/noticiasmercedinas.com\\\/site\\\/2018\\\/08\\\/31\\\/alberto-florella-yo-nunca-tuve-un-libreto\\\/\",\"url\":\"https:\\\/\\\/noticiasmercedinas.com\\\/site\\\/2018\\\/08\\\/31\\\/alberto-florella-yo-nunca-tuve-un-libreto\\\/\",\"name\":\"Alberto Florella: \u201cYo nunca tuve un libreto\u201d\",\"isPartOf\":{\"@id\":\"https:\\\/\\\/noticiasmercedinas.com\\\/site\\\/#website\"},\"primaryImageOfPage\":{\"@id\":\"https:\\\/\\\/noticiasmercedinas.com\\\/site\\\/2018\\\/08\\\/31\\\/alberto-florella-yo-nunca-tuve-un-libreto\\\/#primaryimage\"},\"image\":{\"@id\":\"https:\\\/\\\/noticiasmercedinas.com\\\/site\\\/2018\\\/08\\\/31\\\/alberto-florella-yo-nunca-tuve-un-libreto\\\/#primaryimage\"},\"thumbnailUrl\":\"https:\\\/\\\/noticiasmercedinas.com\\\/site\\\/wp-content\\\/uploads\\\/2018\\\/08\\\/albertof-768x432.jpg\",\"datePublished\":\"2018-08-31T21:11:18+00:00\",\"dateModified\":\"2018-09-01T17:45:26+00:00\",\"breadcrumb\":{\"@id\":\"https:\\\/\\\/noticiasmercedinas.com\\\/site\\\/2018\\\/08\\\/31\\\/alberto-florella-yo-nunca-tuve-un-libreto\\\/#breadcrumb\"},\"inLanguage\":\"es\",\"potentialAction\":[{\"@type\":\"ReadAction\",\"target\":[\"https:\\\/\\\/noticiasmercedinas.com\\\/site\\\/2018\\\/08\\\/31\\\/alberto-florella-yo-nunca-tuve-un-libreto\\\/\"]}]},{\"@type\":\"ImageObject\",\"inLanguage\":\"es\",\"@id\":\"https:\\\/\\\/noticiasmercedinas.com\\\/site\\\/2018\\\/08\\\/31\\\/alberto-florella-yo-nunca-tuve-un-libreto\\\/#primaryimage\",\"url\":\"https:\\\/\\\/noticiasmercedinas.com\\\/site\\\/wp-content\\\/uploads\\\/2018\\\/08\\\/albertof-768x432.jpg\",\"contentUrl\":\"https:\\\/\\\/noticiasmercedinas.com\\\/site\\\/wp-content\\\/uploads\\\/2018\\\/08\\\/albertof-768x432.jpg\",\"width\":768,\"height\":432},{\"@type\":\"BreadcrumbList\",\"@id\":\"https:\\\/\\\/noticiasmercedinas.com\\\/site\\\/2018\\\/08\\\/31\\\/alberto-florella-yo-nunca-tuve-un-libreto\\\/#breadcrumb\",\"itemListElement\":[{\"@type\":\"ListItem\",\"position\":1,\"name\":\"Portada\",\"item\":\"https:\\\/\\\/noticiasmercedinas.com\\\/site\\\/\"},{\"@type\":\"ListItem\",\"position\":2,\"name\":\"Alberto Florella: \u201cYo nunca tuve un libreto\u201d\"}]},{\"@type\":\"WebSite\",\"@id\":\"https:\\\/\\\/noticiasmercedinas.com\\\/site\\\/#website\",\"url\":\"https:\\\/\\\/noticiasmercedinas.com\\\/site\\\/\",\"name\":\"NOTICIASMERCEDINAS.COM\",\"description\":\"Mercedes, Buenos Aires, Argentina\",\"publisher\":{\"@id\":\"https:\\\/\\\/noticiasmercedinas.com\\\/site\\\/#organization\"},\"potentialAction\":[{\"@type\":\"SearchAction\",\"target\":{\"@type\":\"EntryPoint\",\"urlTemplate\":\"https:\\\/\\\/noticiasmercedinas.com\\\/site\\\/?s={search_term_string}\"},\"query-input\":{\"@type\":\"PropertyValueSpecification\",\"valueRequired\":true,\"valueName\":\"search_term_string\"}}],\"inLanguage\":\"es\"},{\"@type\":\"Organization\",\"@id\":\"https:\\\/\\\/noticiasmercedinas.com\\\/site\\\/#organization\",\"name\":\"NOTICIASMERCEDINAS.COM\",\"url\":\"https:\\\/\\\/noticiasmercedinas.com\\\/site\\\/\",\"logo\":{\"@type\":\"ImageObject\",\"inLanguage\":\"es\",\"@id\":\"https:\\\/\\\/noticiasmercedinas.com\\\/site\\\/#\\\/schema\\\/logo\\\/image\\\/\",\"url\":\"https:\\\/\\\/noticiasmercedinas.com\\\/site\\\/wp-content\\\/uploads\\\/2020\\\/06\\\/LOGO-512.jpg\",\"contentUrl\":\"https:\\\/\\\/noticiasmercedinas.com\\\/site\\\/wp-content\\\/uploads\\\/2020\\\/06\\\/LOGO-512.jpg\",\"width\":512,\"height\":512,\"caption\":\"NOTICIASMERCEDINAS.COM\"},\"image\":{\"@id\":\"https:\\\/\\\/noticiasmercedinas.com\\\/site\\\/#\\\/schema\\\/logo\\\/image\\\/\"},\"sameAs\":[\"https:\\\/\\\/www.facebook.com\\\/noticiasmercedinas\\\/\",\"https:\\\/\\\/x.com\\\/notmercedinas\",\"https:\\\/\\\/www.instagram.com\\\/noticiasmercedinas\\\/\"]},{\"@type\":\"Person\",\"@id\":\"https:\\\/\\\/noticiasmercedinas.com\\\/site\\\/#\\\/schema\\\/person\\\/d481a9696a5feaec13a60e2bbd991a6a\",\"name\":\"Cristian Falabella NOTICIASMERCEDINAS.COM\",\"image\":{\"@type\":\"ImageObject\",\"inLanguage\":\"es\",\"@id\":\"https:\\\/\\\/secure.gravatar.com\\\/avatar\\\/0dbbfc45970cc46bcd0e57766228574ff3511d6eed045b182f536f0f478c1f06?s=96&d=mm&r=g\",\"url\":\"https:\\\/\\\/secure.gravatar.com\\\/avatar\\\/0dbbfc45970cc46bcd0e57766228574ff3511d6eed045b182f536f0f478c1f06?s=96&d=mm&r=g\",\"contentUrl\":\"https:\\\/\\\/secure.gravatar.com\\\/avatar\\\/0dbbfc45970cc46bcd0e57766228574ff3511d6eed045b182f536f0f478c1f06?s=96&d=mm&r=g\",\"caption\":\"Cristian Falabella NOTICIASMERCEDINAS.COM\"},\"description\":\"Periodista, editor de Noticias Mercedinas. Pas\u00f3 por varias redacciones y emprendimientos de prensa, en distintos formatos y \u00e9pocas. Se especializ\u00f3 --y sigue haci\u00e9ndolo-- en comunicaci\u00f3n en la web y en junio de 2006 fund\u00f3 este diario digital.\",\"sameAs\":[\"https:\\\/\\\/noticiasmercedinas.com\",\"https:\\\/\\\/www.facebook.com\\\/cristian.falabella\",\"https:\\\/\\\/www.instagram.com\\\/noticiasmercedinas\\\/\",\"https:\\\/\\\/x.com\\\/https:\\\/\\\/twitter.com\\\/NOTMERCEDINAS\"],\"url\":\"https:\\\/\\\/noticiasmercedinas.com\\\/site\\\/author\\\/as000384\\\/\"}]}<\/script>\n<!-- \/ Yoast SEO plugin. -->","yoast_head_json":{"title":"Alberto Florella: \u201cYo nunca tuve un libreto\u201d","robots":{"index":"index","follow":"follow","max-snippet":"max-snippet:-1","max-image-preview":"max-image-preview:large","max-video-preview":"max-video-preview:-1"},"canonical":"https:\/\/noticiasmercedinas.com\/site\/2018\/08\/31\/alberto-florella-yo-nunca-tuve-un-libreto\/","og_locale":"es_ES","og_type":"article","og_title":"Alberto Florella: \u201cYo nunca tuve un libreto\u201d","og_description":"El 24 de agosto pasado cumpli\u00f3 11 a\u00f1os con emisora propia, pero tiene casi 50 de hacer radio y ya est\u00e1n organiz\u00e1ndole un homenaje en vida. Alberto Florella, el comunicador de las ma\u00f1anas, el due\u00f1o de FM Meridiano 105.3 mhz, es respetado y conocido por todos en la ciudad. Ya super\u00f3 los 80 y sigue [&hellip;]","og_url":"https:\/\/noticiasmercedinas.com\/site\/2018\/08\/31\/alberto-florella-yo-nunca-tuve-un-libreto\/","og_site_name":"NOTICIASMERCEDINAS.COM","article_publisher":"https:\/\/www.facebook.com\/noticiasmercedinas\/","article_author":"https:\/\/www.facebook.com\/cristian.falabella","article_published_time":"2018-08-31T21:11:18+00:00","article_modified_time":"2018-09-01T17:45:26+00:00","og_image":[{"width":768,"height":432,"url":"https:\/\/noticiasmercedinas.com\/site\/wp-content\/uploads\/2018\/08\/albertof-768x432.jpg","type":"image\/jpeg"}],"author":"Cristian Falabella NOTICIASMERCEDINAS.COM","twitter_card":"summary_large_image","twitter_creator":"@https:\/\/twitter.com\/NOTMERCEDINAS","twitter_site":"@notmercedinas","twitter_misc":{"Escrito por":"Cristian Falabella NOTICIASMERCEDINAS.COM","Tiempo de lectura":"3 minutos"},"schema":{"@context":"https:\/\/schema.org","@graph":[{"@type":"Article","@id":"https:\/\/noticiasmercedinas.com\/site\/2018\/08\/31\/alberto-florella-yo-nunca-tuve-un-libreto\/#article","isPartOf":{"@id":"https:\/\/noticiasmercedinas.com\/site\/2018\/08\/31\/alberto-florella-yo-nunca-tuve-un-libreto\/"},"author":{"name":"Cristian Falabella NOTICIASMERCEDINAS.COM","@id":"https:\/\/noticiasmercedinas.com\/site\/#\/schema\/person\/d481a9696a5feaec13a60e2bbd991a6a"},"headline":"Alberto Florella: \u201cYo nunca tuve un libreto\u201d","datePublished":"2018-08-31T21:11:18+00:00","dateModified":"2018-09-01T17:45:26+00:00","mainEntityOfPage":{"@id":"https:\/\/noticiasmercedinas.com\/site\/2018\/08\/31\/alberto-florella-yo-nunca-tuve-un-libreto\/"},"wordCount":647,"commentCount":1,"publisher":{"@id":"https:\/\/noticiasmercedinas.com\/site\/#organization"},"image":{"@id":"https:\/\/noticiasmercedinas.com\/site\/2018\/08\/31\/alberto-florella-yo-nunca-tuve-un-libreto\/#primaryimage"},"thumbnailUrl":"https:\/\/noticiasmercedinas.com\/site\/wp-content\/uploads\/2018\/08\/albertof-768x432.jpg","keywords":["alberto florella","radio meridiano"],"articleSection":["Entrevistas","Sociedad"],"inLanguage":"es","potentialAction":[{"@type":"CommentAction","name":"Comment","target":["https:\/\/noticiasmercedinas.com\/site\/2018\/08\/31\/alberto-florella-yo-nunca-tuve-un-libreto\/#respond"]}]},{"@type":"WebPage","@id":"https:\/\/noticiasmercedinas.com\/site\/2018\/08\/31\/alberto-florella-yo-nunca-tuve-un-libreto\/","url":"https:\/\/noticiasmercedinas.com\/site\/2018\/08\/31\/alberto-florella-yo-nunca-tuve-un-libreto\/","name":"Alberto Florella: \u201cYo nunca tuve un libreto\u201d","isPartOf":{"@id":"https:\/\/noticiasmercedinas.com\/site\/#website"},"primaryImageOfPage":{"@id":"https:\/\/noticiasmercedinas.com\/site\/2018\/08\/31\/alberto-florella-yo-nunca-tuve-un-libreto\/#primaryimage"},"image":{"@id":"https:\/\/noticiasmercedinas.com\/site\/2018\/08\/31\/alberto-florella-yo-nunca-tuve-un-libreto\/#primaryimage"},"thumbnailUrl":"https:\/\/noticiasmercedinas.com\/site\/wp-content\/uploads\/2018\/08\/albertof-768x432.jpg","datePublished":"2018-08-31T21:11:18+00:00","dateModified":"2018-09-01T17:45:26+00:00","breadcrumb":{"@id":"https:\/\/noticiasmercedinas.com\/site\/2018\/08\/31\/alberto-florella-yo-nunca-tuve-un-libreto\/#breadcrumb"},"inLanguage":"es","potentialAction":[{"@type":"ReadAction","target":["https:\/\/noticiasmercedinas.com\/site\/2018\/08\/31\/alberto-florella-yo-nunca-tuve-un-libreto\/"]}]},{"@type":"ImageObject","inLanguage":"es","@id":"https:\/\/noticiasmercedinas.com\/site\/2018\/08\/31\/alberto-florella-yo-nunca-tuve-un-libreto\/#primaryimage","url":"https:\/\/noticiasmercedinas.com\/site\/wp-content\/uploads\/2018\/08\/albertof-768x432.jpg","contentUrl":"https:\/\/noticiasmercedinas.com\/site\/wp-content\/uploads\/2018\/08\/albertof-768x432.jpg","width":768,"height":432},{"@type":"BreadcrumbList","@id":"https:\/\/noticiasmercedinas.com\/site\/2018\/08\/31\/alberto-florella-yo-nunca-tuve-un-libreto\/#breadcrumb","itemListElement":[{"@type":"ListItem","position":1,"name":"Portada","item":"https:\/\/noticiasmercedinas.com\/site\/"},{"@type":"ListItem","position":2,"name":"Alberto Florella: \u201cYo nunca tuve un libreto\u201d"}]},{"@type":"WebSite","@id":"https:\/\/noticiasmercedinas.com\/site\/#website","url":"https:\/\/noticiasmercedinas.com\/site\/","name":"NOTICIASMERCEDINAS.COM","description":"Mercedes, Buenos Aires, Argentina","publisher":{"@id":"https:\/\/noticiasmercedinas.com\/site\/#organization"},"potentialAction":[{"@type":"SearchAction","target":{"@type":"EntryPoint","urlTemplate":"https:\/\/noticiasmercedinas.com\/site\/?s={search_term_string}"},"query-input":{"@type":"PropertyValueSpecification","valueRequired":true,"valueName":"search_term_string"}}],"inLanguage":"es"},{"@type":"Organization","@id":"https:\/\/noticiasmercedinas.com\/site\/#organization","name":"NOTICIASMERCEDINAS.COM","url":"https:\/\/noticiasmercedinas.com\/site\/","logo":{"@type":"ImageObject","inLanguage":"es","@id":"https:\/\/noticiasmercedinas.com\/site\/#\/schema\/logo\/image\/","url":"https:\/\/noticiasmercedinas.com\/site\/wp-content\/uploads\/2020\/06\/LOGO-512.jpg","contentUrl":"https:\/\/noticiasmercedinas.com\/site\/wp-content\/uploads\/2020\/06\/LOGO-512.jpg","width":512,"height":512,"caption":"NOTICIASMERCEDINAS.COM"},"image":{"@id":"https:\/\/noticiasmercedinas.com\/site\/#\/schema\/logo\/image\/"},"sameAs":["https:\/\/www.facebook.com\/noticiasmercedinas\/","https:\/\/x.com\/notmercedinas","https:\/\/www.instagram.com\/noticiasmercedinas\/"]},{"@type":"Person","@id":"https:\/\/noticiasmercedinas.com\/site\/#\/schema\/person\/d481a9696a5feaec13a60e2bbd991a6a","name":"Cristian Falabella NOTICIASMERCEDINAS.COM","image":{"@type":"ImageObject","inLanguage":"es","@id":"https:\/\/secure.gravatar.com\/avatar\/0dbbfc45970cc46bcd0e57766228574ff3511d6eed045b182f536f0f478c1f06?s=96&d=mm&r=g","url":"https:\/\/secure.gravatar.com\/avatar\/0dbbfc45970cc46bcd0e57766228574ff3511d6eed045b182f536f0f478c1f06?s=96&d=mm&r=g","contentUrl":"https:\/\/secure.gravatar.com\/avatar\/0dbbfc45970cc46bcd0e57766228574ff3511d6eed045b182f536f0f478c1f06?s=96&d=mm&r=g","caption":"Cristian Falabella NOTICIASMERCEDINAS.COM"},"description":"Periodista, editor de Noticias Mercedinas. Pas\u00f3 por varias redacciones y emprendimientos de prensa, en distintos formatos y \u00e9pocas. Se especializ\u00f3 --y sigue haci\u00e9ndolo-- en comunicaci\u00f3n en la web y en junio de 2006 fund\u00f3 este diario digital.","sameAs":["https:\/\/noticiasmercedinas.com","https:\/\/www.facebook.com\/cristian.falabella","https:\/\/www.instagram.com\/noticiasmercedinas\/","https:\/\/x.com\/https:\/\/twitter.com\/NOTMERCEDINAS"],"url":"https:\/\/noticiasmercedinas.com\/site\/author\/as000384\/"}]}},"amp_enabled":true,"_links":{"self":[{"href":"https:\/\/noticiasmercedinas.com\/site\/wp-json\/wp\/v2\/posts\/769","targetHints":{"allow":["GET"]}}],"collection":[{"href":"https:\/\/noticiasmercedinas.com\/site\/wp-json\/wp\/v2\/posts"}],"about":[{"href":"https:\/\/noticiasmercedinas.com\/site\/wp-json\/wp\/v2\/types\/post"}],"author":[{"embeddable":true,"href":"https:\/\/noticiasmercedinas.com\/site\/wp-json\/wp\/v2\/users\/2"}],"replies":[{"embeddable":true,"href":"https:\/\/noticiasmercedinas.com\/site\/wp-json\/wp\/v2\/comments?post=769"}],"version-history":[{"count":4,"href":"https:\/\/noticiasmercedinas.com\/site\/wp-json\/wp\/v2\/posts\/769\/revisions"}],"predecessor-version":[{"id":809,"href":"https:\/\/noticiasmercedinas.com\/site\/wp-json\/wp\/v2\/posts\/769\/revisions\/809"}],"wp:featuredmedia":[{"embeddable":true,"href":"https:\/\/noticiasmercedinas.com\/site\/wp-json\/wp\/v2\/media\/772"}],"wp:attachment":[{"href":"https:\/\/noticiasmercedinas.com\/site\/wp-json\/wp\/v2\/media?parent=769"}],"wp:term":[{"taxonomy":"category","embeddable":true,"href":"https:\/\/noticiasmercedinas.com\/site\/wp-json\/wp\/v2\/categories?post=769"},{"taxonomy":"post_tag","embeddable":true,"href":"https:\/\/noticiasmercedinas.com\/site\/wp-json\/wp\/v2\/tags?post=769"}],"curies":[{"name":"wp","href":"https:\/\/api.w.org\/{rel}","templated":true}]}}