{"id":77026,"date":"2021-10-13T22:08:37","date_gmt":"2021-10-14T01:08:37","guid":{"rendered":"https:\/\/noticiasmercedinas.com\/site\/?p=77026"},"modified":"2021-10-13T22:08:37","modified_gmt":"2021-10-14T01:08:37","slug":"productores-destacan-trabajo-y-ventas-en-el-festival-del-salame","status":"publish","type":"post","link":"https:\/\/noticiasmercedinas.com\/site\/2021\/10\/13\/productores-destacan-trabajo-y-ventas-en-el-festival-del-salame\/","title":{"rendered":"Productores destacan trabajo y ventas en el Festival del Salame"},"content":{"rendered":"<p><img loading=\"lazy\" decoding=\"async\" class=\"alignnone size-full wp-image-77027\" src=\"https:\/\/noticiasmercedinas.com\/site\/wp-content\/uploads\/2021\/10\/DSC03127.jpg\" alt=\"\" width=\"964\" height=\"643\" srcset=\"https:\/\/noticiasmercedinas.com\/site\/wp-content\/uploads\/2021\/10\/DSC03127.jpg 964w, https:\/\/noticiasmercedinas.com\/site\/wp-content\/uploads\/2021\/10\/DSC03127-300x200.jpg 300w, https:\/\/noticiasmercedinas.com\/site\/wp-content\/uploads\/2021\/10\/DSC03127-768x512.jpg 768w, https:\/\/noticiasmercedinas.com\/site\/wp-content\/uploads\/2021\/10\/DSC03127-640x427.jpg 640w, https:\/\/noticiasmercedinas.com\/site\/wp-content\/uploads\/2021\/10\/DSC03127-681x454.jpg 681w\" sizes=\"auto, (max-width: 964px) 100vw, 964px\" \/><\/p>\n<p>Tras los r\u00e9cords de ventas para muchos de los participantes contin\u00faan las repercusiones del \u00e9xito del Festival del Salame Quintero desarrollado este \u00faltimo fin de semana.<\/p>\n<p>Federico, quien est\u00e1 al frente de la cervecer\u00eda local DAF 259, destac\u00f3: \u201cLo que pas\u00f3 en el Festival del Salame super\u00f3 nuestras expectativas, se trabaj\u00f3 mucho, de manera constante y parejo, no hubo momentos de descanso\u201d y apunt\u00f3 que \u201cestuvimos en alrededor de los 1.500 litros de cerveza vendida\u201d.<\/p>\n<p>\u201cMucha gente en el Festival, ambas jornadas trabajamos a pleno, y fue toda una verdadera fiesta\u201d, asegur\u00f3 Federico, quien adem\u00e1s cont\u00f3: \u201cNosotros arrancamos hace 3 a\u00f1os a producir cerveza artesanal y al festival fuimos con 5 estilos \u2013rubia, roja, Apa, Ipa y Coffe Stout- y para las 20:00 horas del domingo ya hab\u00edamos vendido todo\u201d.<\/p>\n<p>\u201cTodos los productores vendieron todo, todos los puestos constantemente con gente, no es que nos fue bien solamente a nosotros, \u00e9ramos 5 los cerveceros y todos continuamente trabajando\u201d, dijo y agradeci\u00f3 \u201cel apoyo que venimos recibiendo del Municipio de Mercedes, del \u00e1rea de Turismo, es impresionante, es mucho lo que ayudan a mucha gente, porque la rueda que se arma es gigante\u201d.<\/p>\n<p>En cuanto a los preparativos del Festival Cervecero, Federico se\u00f1al\u00f3: \u201cPara esta fecha estamos calculando que vamos a tener que ir con 2.500 litros de cerveza para no quedarnos cortos, como nos pas\u00f3 esta vez, donde fue incre\u00edble lo que se vendi\u00f3\u201d.<\/p>\n<p><img loading=\"lazy\" decoding=\"async\" class=\"alignnone size-full wp-image-77028\" src=\"https:\/\/noticiasmercedinas.com\/site\/wp-content\/uploads\/2021\/10\/IMG_9917.jpg\" alt=\"\" width=\"640\" height=\"427\" srcset=\"https:\/\/noticiasmercedinas.com\/site\/wp-content\/uploads\/2021\/10\/IMG_9917.jpg 640w, https:\/\/noticiasmercedinas.com\/site\/wp-content\/uploads\/2021\/10\/IMG_9917-300x200.jpg 300w\" sizes=\"auto, (max-width: 640px) 100vw, 640px\" \/><\/p>\n","protected":false},"excerpt":{"rendered":"<p>Tras los r\u00e9cords de ventas para muchos de los participantes contin\u00faan las repercusiones del \u00e9xito del Festival del Salame Quintero desarrollado este \u00faltimo fin de semana. Federico, quien est\u00e1 al frente de la cervecer\u00eda local DAF 259, destac\u00f3: \u201cLo que pas\u00f3 en el Festival del Salame super\u00f3 nuestras expectativas, se trabaj\u00f3 mucho, de manera constante [&hellip;]<\/p>\n","protected":false},"author":16,"featured_media":77027,"comment_status":"open","ping_status":"open","sticky":false,"template":"","format":"standard","meta":{"footnotes":""},"categories":[74],"tags":[13053,13018],"class_list":["post-77026","post","type-post","status-publish","format-standard","has-post-thumbnail","hentry","category-emprendimientos","tag-daf-259","tag-festival-del-salame"],"yoast_head":"<!-- This site is optimized with the Yoast SEO plugin v27.4 - https:\/\/yoast.com\/product\/yoast-seo-wordpress\/ -->\n<title>Productores destacan trabajo y ventas en el Festival del Salame<\/title>\n<meta name=\"robots\" content=\"index, follow, max-snippet:-1, max-image-preview:large, max-video-preview:-1\" \/>\n<link rel=\"canonical\" href=\"https:\/\/noticiasmercedinas.com\/site\/2021\/10\/13\/productores-destacan-trabajo-y-ventas-en-el-festival-del-salame\/\" \/>\n<meta property=\"og:locale\" content=\"es_ES\" \/>\n<meta property=\"og:type\" content=\"article\" \/>\n<meta property=\"og:title\" content=\"Productores destacan trabajo y ventas en el Festival del Salame\" \/>\n<meta property=\"og:description\" content=\"Tras los r\u00e9cords de ventas para muchos de los participantes contin\u00faan las repercusiones del \u00e9xito del Festival del Salame Quintero desarrollado este \u00faltimo fin de semana. Federico, quien est\u00e1 al frente de la cervecer\u00eda local DAF 259, destac\u00f3: \u201cLo que pas\u00f3 en el Festival del Salame super\u00f3 nuestras expectativas, se trabaj\u00f3 mucho, de manera constante [&hellip;]\" \/>\n<meta property=\"og:url\" content=\"https:\/\/noticiasmercedinas.com\/site\/2021\/10\/13\/productores-destacan-trabajo-y-ventas-en-el-festival-del-salame\/\" \/>\n<meta property=\"og:site_name\" content=\"NOTICIASMERCEDINAS.COM\" \/>\n<meta property=\"article:publisher\" content=\"https:\/\/www.facebook.com\/noticiasmercedinas\/\" \/>\n<meta property=\"article:published_time\" content=\"2021-10-14T01:08:37+00:00\" \/>\n<meta property=\"og:image\" content=\"https:\/\/noticiasmercedinas.com\/site\/wp-content\/uploads\/2021\/10\/DSC03127.jpg\" \/>\n\t<meta property=\"og:image:width\" content=\"964\" \/>\n\t<meta property=\"og:image:height\" content=\"643\" \/>\n\t<meta property=\"og:image:type\" content=\"image\/jpeg\" \/>\n<meta name=\"author\" content=\"NOTICIASMERCEDINAS.COM\" \/>\n<meta name=\"twitter:card\" content=\"summary_large_image\" \/>\n<meta name=\"twitter:creator\" content=\"@notmercedinas\" \/>\n<meta name=\"twitter:site\" content=\"@notmercedinas\" \/>\n<meta name=\"twitter:label1\" content=\"Escrito por\" \/>\n\t<meta name=\"twitter:data1\" content=\"NOTICIASMERCEDINAS.COM\" \/>\n\t<meta name=\"twitter:label2\" content=\"Tiempo de lectura\" \/>\n\t<meta name=\"twitter:data2\" content=\"1 minuto\" \/>\n<script type=\"application\/ld+json\" class=\"yoast-schema-graph\">{\"@context\":\"https:\\\/\\\/schema.org\",\"@graph\":[{\"@type\":\"Article\",\"@id\":\"https:\\\/\\\/noticiasmercedinas.com\\\/site\\\/2021\\\/10\\\/13\\\/productores-destacan-trabajo-y-ventas-en-el-festival-del-salame\\\/#article\",\"isPartOf\":{\"@id\":\"https:\\\/\\\/noticiasmercedinas.com\\\/site\\\/2021\\\/10\\\/13\\\/productores-destacan-trabajo-y-ventas-en-el-festival-del-salame\\\/\"},\"author\":{\"name\":\"NOTICIASMERCEDINAS.COM\",\"@id\":\"https:\\\/\\\/noticiasmercedinas.com\\\/site\\\/#\\\/schema\\\/person\\\/84b59c099c28ff2e8b77d4ceec5d8063\"},\"headline\":\"Productores destacan trabajo y ventas en el Festival del Salame\",\"datePublished\":\"2021-10-14T01:08:37+00:00\",\"mainEntityOfPage\":{\"@id\":\"https:\\\/\\\/noticiasmercedinas.com\\\/site\\\/2021\\\/10\\\/13\\\/productores-destacan-trabajo-y-ventas-en-el-festival-del-salame\\\/\"},\"wordCount\":245,\"commentCount\":0,\"publisher\":{\"@id\":\"https:\\\/\\\/noticiasmercedinas.com\\\/site\\\/#organization\"},\"image\":{\"@id\":\"https:\\\/\\\/noticiasmercedinas.com\\\/site\\\/2021\\\/10\\\/13\\\/productores-destacan-trabajo-y-ventas-en-el-festival-del-salame\\\/#primaryimage\"},\"thumbnailUrl\":\"https:\\\/\\\/noticiasmercedinas.com\\\/site\\\/wp-content\\\/uploads\\\/2021\\\/10\\\/DSC03127.jpg\",\"keywords\":[\"daf 259\",\"festival del salame\"],\"articleSection\":[\"Emprendimientos\"],\"inLanguage\":\"es\",\"potentialAction\":[{\"@type\":\"CommentAction\",\"name\":\"Comment\",\"target\":[\"https:\\\/\\\/noticiasmercedinas.com\\\/site\\\/2021\\\/10\\\/13\\\/productores-destacan-trabajo-y-ventas-en-el-festival-del-salame\\\/#respond\"]}]},{\"@type\":\"WebPage\",\"@id\":\"https:\\\/\\\/noticiasmercedinas.com\\\/site\\\/2021\\\/10\\\/13\\\/productores-destacan-trabajo-y-ventas-en-el-festival-del-salame\\\/\",\"url\":\"https:\\\/\\\/noticiasmercedinas.com\\\/site\\\/2021\\\/10\\\/13\\\/productores-destacan-trabajo-y-ventas-en-el-festival-del-salame\\\/\",\"name\":\"Productores destacan trabajo y ventas en el Festival del Salame\",\"isPartOf\":{\"@id\":\"https:\\\/\\\/noticiasmercedinas.com\\\/site\\\/#website\"},\"primaryImageOfPage\":{\"@id\":\"https:\\\/\\\/noticiasmercedinas.com\\\/site\\\/2021\\\/10\\\/13\\\/productores-destacan-trabajo-y-ventas-en-el-festival-del-salame\\\/#primaryimage\"},\"image\":{\"@id\":\"https:\\\/\\\/noticiasmercedinas.com\\\/site\\\/2021\\\/10\\\/13\\\/productores-destacan-trabajo-y-ventas-en-el-festival-del-salame\\\/#primaryimage\"},\"thumbnailUrl\":\"https:\\\/\\\/noticiasmercedinas.com\\\/site\\\/wp-content\\\/uploads\\\/2021\\\/10\\\/DSC03127.jpg\",\"datePublished\":\"2021-10-14T01:08:37+00:00\",\"breadcrumb\":{\"@id\":\"https:\\\/\\\/noticiasmercedinas.com\\\/site\\\/2021\\\/10\\\/13\\\/productores-destacan-trabajo-y-ventas-en-el-festival-del-salame\\\/#breadcrumb\"},\"inLanguage\":\"es\",\"potentialAction\":[{\"@type\":\"ReadAction\",\"target\":[\"https:\\\/\\\/noticiasmercedinas.com\\\/site\\\/2021\\\/10\\\/13\\\/productores-destacan-trabajo-y-ventas-en-el-festival-del-salame\\\/\"]}]},{\"@type\":\"ImageObject\",\"inLanguage\":\"es\",\"@id\":\"https:\\\/\\\/noticiasmercedinas.com\\\/site\\\/2021\\\/10\\\/13\\\/productores-destacan-trabajo-y-ventas-en-el-festival-del-salame\\\/#primaryimage\",\"url\":\"https:\\\/\\\/noticiasmercedinas.com\\\/site\\\/wp-content\\\/uploads\\\/2021\\\/10\\\/DSC03127.jpg\",\"contentUrl\":\"https:\\\/\\\/noticiasmercedinas.com\\\/site\\\/wp-content\\\/uploads\\\/2021\\\/10\\\/DSC03127.jpg\",\"width\":964,\"height\":643},{\"@type\":\"BreadcrumbList\",\"@id\":\"https:\\\/\\\/noticiasmercedinas.com\\\/site\\\/2021\\\/10\\\/13\\\/productores-destacan-trabajo-y-ventas-en-el-festival-del-salame\\\/#breadcrumb\",\"itemListElement\":[{\"@type\":\"ListItem\",\"position\":1,\"name\":\"Portada\",\"item\":\"https:\\\/\\\/noticiasmercedinas.com\\\/site\\\/\"},{\"@type\":\"ListItem\",\"position\":2,\"name\":\"Productores destacan trabajo y ventas en el Festival del Salame\"}]},{\"@type\":\"WebSite\",\"@id\":\"https:\\\/\\\/noticiasmercedinas.com\\\/site\\\/#website\",\"url\":\"https:\\\/\\\/noticiasmercedinas.com\\\/site\\\/\",\"name\":\"NOTICIASMERCEDINAS.COM\",\"description\":\"Mercedes, Buenos Aires, Argentina\",\"publisher\":{\"@id\":\"https:\\\/\\\/noticiasmercedinas.com\\\/site\\\/#organization\"},\"potentialAction\":[{\"@type\":\"SearchAction\",\"target\":{\"@type\":\"EntryPoint\",\"urlTemplate\":\"https:\\\/\\\/noticiasmercedinas.com\\\/site\\\/?s={search_term_string}\"},\"query-input\":{\"@type\":\"PropertyValueSpecification\",\"valueRequired\":true,\"valueName\":\"search_term_string\"}}],\"inLanguage\":\"es\"},{\"@type\":\"Organization\",\"@id\":\"https:\\\/\\\/noticiasmercedinas.com\\\/site\\\/#organization\",\"name\":\"NOTICIASMERCEDINAS.COM\",\"url\":\"https:\\\/\\\/noticiasmercedinas.com\\\/site\\\/\",\"logo\":{\"@type\":\"ImageObject\",\"inLanguage\":\"es\",\"@id\":\"https:\\\/\\\/noticiasmercedinas.com\\\/site\\\/#\\\/schema\\\/logo\\\/image\\\/\",\"url\":\"https:\\\/\\\/noticiasmercedinas.com\\\/site\\\/wp-content\\\/uploads\\\/2020\\\/06\\\/LOGO-512.jpg\",\"contentUrl\":\"https:\\\/\\\/noticiasmercedinas.com\\\/site\\\/wp-content\\\/uploads\\\/2020\\\/06\\\/LOGO-512.jpg\",\"width\":512,\"height\":512,\"caption\":\"NOTICIASMERCEDINAS.COM\"},\"image\":{\"@id\":\"https:\\\/\\\/noticiasmercedinas.com\\\/site\\\/#\\\/schema\\\/logo\\\/image\\\/\"},\"sameAs\":[\"https:\\\/\\\/www.facebook.com\\\/noticiasmercedinas\\\/\",\"https:\\\/\\\/x.com\\\/notmercedinas\",\"https:\\\/\\\/www.instagram.com\\\/noticiasmercedinas\\\/\"]},{\"@type\":\"Person\",\"@id\":\"https:\\\/\\\/noticiasmercedinas.com\\\/site\\\/#\\\/schema\\\/person\\\/84b59c099c28ff2e8b77d4ceec5d8063\",\"name\":\"NOTICIASMERCEDINAS.COM\",\"image\":{\"@type\":\"ImageObject\",\"inLanguage\":\"es\",\"@id\":\"https:\\\/\\\/secure.gravatar.com\\\/avatar\\\/4dfbf16b4d17945bfb6341b2d19043457132fcf478a5ee04f42e959fd8f5df0a?s=96&d=mm&r=g\",\"url\":\"https:\\\/\\\/secure.gravatar.com\\\/avatar\\\/4dfbf16b4d17945bfb6341b2d19043457132fcf478a5ee04f42e959fd8f5df0a?s=96&d=mm&r=g\",\"contentUrl\":\"https:\\\/\\\/secure.gravatar.com\\\/avatar\\\/4dfbf16b4d17945bfb6341b2d19043457132fcf478a5ee04f42e959fd8f5df0a?s=96&d=mm&r=g\",\"caption\":\"NOTICIASMERCEDINAS.COM\"},\"url\":\"https:\\\/\\\/noticiasmercedinas.com\\\/site\\\/author\\\/anonimo\\\/\"}]}<\/script>\n<!-- \/ Yoast SEO plugin. -->","yoast_head_json":{"title":"Productores destacan trabajo y ventas en el Festival del Salame","robots":{"index":"index","follow":"follow","max-snippet":"max-snippet:-1","max-image-preview":"max-image-preview:large","max-video-preview":"max-video-preview:-1"},"canonical":"https:\/\/noticiasmercedinas.com\/site\/2021\/10\/13\/productores-destacan-trabajo-y-ventas-en-el-festival-del-salame\/","og_locale":"es_ES","og_type":"article","og_title":"Productores destacan trabajo y ventas en el Festival del Salame","og_description":"Tras los r\u00e9cords de ventas para muchos de los participantes contin\u00faan las repercusiones del \u00e9xito del Festival del Salame Quintero desarrollado este \u00faltimo fin de semana. Federico, quien est\u00e1 al frente de la cervecer\u00eda local DAF 259, destac\u00f3: \u201cLo que pas\u00f3 en el Festival del Salame super\u00f3 nuestras expectativas, se trabaj\u00f3 mucho, de manera constante [&hellip;]","og_url":"https:\/\/noticiasmercedinas.com\/site\/2021\/10\/13\/productores-destacan-trabajo-y-ventas-en-el-festival-del-salame\/","og_site_name":"NOTICIASMERCEDINAS.COM","article_publisher":"https:\/\/www.facebook.com\/noticiasmercedinas\/","article_published_time":"2021-10-14T01:08:37+00:00","og_image":[{"width":964,"height":643,"url":"https:\/\/noticiasmercedinas.com\/site\/wp-content\/uploads\/2021\/10\/DSC03127.jpg","type":"image\/jpeg"}],"author":"NOTICIASMERCEDINAS.COM","twitter_card":"summary_large_image","twitter_creator":"@notmercedinas","twitter_site":"@notmercedinas","twitter_misc":{"Escrito por":"NOTICIASMERCEDINAS.COM","Tiempo de lectura":"1 minuto"},"schema":{"@context":"https:\/\/schema.org","@graph":[{"@type":"Article","@id":"https:\/\/noticiasmercedinas.com\/site\/2021\/10\/13\/productores-destacan-trabajo-y-ventas-en-el-festival-del-salame\/#article","isPartOf":{"@id":"https:\/\/noticiasmercedinas.com\/site\/2021\/10\/13\/productores-destacan-trabajo-y-ventas-en-el-festival-del-salame\/"},"author":{"name":"NOTICIASMERCEDINAS.COM","@id":"https:\/\/noticiasmercedinas.com\/site\/#\/schema\/person\/84b59c099c28ff2e8b77d4ceec5d8063"},"headline":"Productores destacan trabajo y ventas en el Festival del Salame","datePublished":"2021-10-14T01:08:37+00:00","mainEntityOfPage":{"@id":"https:\/\/noticiasmercedinas.com\/site\/2021\/10\/13\/productores-destacan-trabajo-y-ventas-en-el-festival-del-salame\/"},"wordCount":245,"commentCount":0,"publisher":{"@id":"https:\/\/noticiasmercedinas.com\/site\/#organization"},"image":{"@id":"https:\/\/noticiasmercedinas.com\/site\/2021\/10\/13\/productores-destacan-trabajo-y-ventas-en-el-festival-del-salame\/#primaryimage"},"thumbnailUrl":"https:\/\/noticiasmercedinas.com\/site\/wp-content\/uploads\/2021\/10\/DSC03127.jpg","keywords":["daf 259","festival del salame"],"articleSection":["Emprendimientos"],"inLanguage":"es","potentialAction":[{"@type":"CommentAction","name":"Comment","target":["https:\/\/noticiasmercedinas.com\/site\/2021\/10\/13\/productores-destacan-trabajo-y-ventas-en-el-festival-del-salame\/#respond"]}]},{"@type":"WebPage","@id":"https:\/\/noticiasmercedinas.com\/site\/2021\/10\/13\/productores-destacan-trabajo-y-ventas-en-el-festival-del-salame\/","url":"https:\/\/noticiasmercedinas.com\/site\/2021\/10\/13\/productores-destacan-trabajo-y-ventas-en-el-festival-del-salame\/","name":"Productores destacan trabajo y ventas en el Festival del Salame","isPartOf":{"@id":"https:\/\/noticiasmercedinas.com\/site\/#website"},"primaryImageOfPage":{"@id":"https:\/\/noticiasmercedinas.com\/site\/2021\/10\/13\/productores-destacan-trabajo-y-ventas-en-el-festival-del-salame\/#primaryimage"},"image":{"@id":"https:\/\/noticiasmercedinas.com\/site\/2021\/10\/13\/productores-destacan-trabajo-y-ventas-en-el-festival-del-salame\/#primaryimage"},"thumbnailUrl":"https:\/\/noticiasmercedinas.com\/site\/wp-content\/uploads\/2021\/10\/DSC03127.jpg","datePublished":"2021-10-14T01:08:37+00:00","breadcrumb":{"@id":"https:\/\/noticiasmercedinas.com\/site\/2021\/10\/13\/productores-destacan-trabajo-y-ventas-en-el-festival-del-salame\/#breadcrumb"},"inLanguage":"es","potentialAction":[{"@type":"ReadAction","target":["https:\/\/noticiasmercedinas.com\/site\/2021\/10\/13\/productores-destacan-trabajo-y-ventas-en-el-festival-del-salame\/"]}]},{"@type":"ImageObject","inLanguage":"es","@id":"https:\/\/noticiasmercedinas.com\/site\/2021\/10\/13\/productores-destacan-trabajo-y-ventas-en-el-festival-del-salame\/#primaryimage","url":"https:\/\/noticiasmercedinas.com\/site\/wp-content\/uploads\/2021\/10\/DSC03127.jpg","contentUrl":"https:\/\/noticiasmercedinas.com\/site\/wp-content\/uploads\/2021\/10\/DSC03127.jpg","width":964,"height":643},{"@type":"BreadcrumbList","@id":"https:\/\/noticiasmercedinas.com\/site\/2021\/10\/13\/productores-destacan-trabajo-y-ventas-en-el-festival-del-salame\/#breadcrumb","itemListElement":[{"@type":"ListItem","position":1,"name":"Portada","item":"https:\/\/noticiasmercedinas.com\/site\/"},{"@type":"ListItem","position":2,"name":"Productores destacan trabajo y ventas en el Festival del Salame"}]},{"@type":"WebSite","@id":"https:\/\/noticiasmercedinas.com\/site\/#website","url":"https:\/\/noticiasmercedinas.com\/site\/","name":"NOTICIASMERCEDINAS.COM","description":"Mercedes, Buenos Aires, Argentina","publisher":{"@id":"https:\/\/noticiasmercedinas.com\/site\/#organization"},"potentialAction":[{"@type":"SearchAction","target":{"@type":"EntryPoint","urlTemplate":"https:\/\/noticiasmercedinas.com\/site\/?s={search_term_string}"},"query-input":{"@type":"PropertyValueSpecification","valueRequired":true,"valueName":"search_term_string"}}],"inLanguage":"es"},{"@type":"Organization","@id":"https:\/\/noticiasmercedinas.com\/site\/#organization","name":"NOTICIASMERCEDINAS.COM","url":"https:\/\/noticiasmercedinas.com\/site\/","logo":{"@type":"ImageObject","inLanguage":"es","@id":"https:\/\/noticiasmercedinas.com\/site\/#\/schema\/logo\/image\/","url":"https:\/\/noticiasmercedinas.com\/site\/wp-content\/uploads\/2020\/06\/LOGO-512.jpg","contentUrl":"https:\/\/noticiasmercedinas.com\/site\/wp-content\/uploads\/2020\/06\/LOGO-512.jpg","width":512,"height":512,"caption":"NOTICIASMERCEDINAS.COM"},"image":{"@id":"https:\/\/noticiasmercedinas.com\/site\/#\/schema\/logo\/image\/"},"sameAs":["https:\/\/www.facebook.com\/noticiasmercedinas\/","https:\/\/x.com\/notmercedinas","https:\/\/www.instagram.com\/noticiasmercedinas\/"]},{"@type":"Person","@id":"https:\/\/noticiasmercedinas.com\/site\/#\/schema\/person\/84b59c099c28ff2e8b77d4ceec5d8063","name":"NOTICIASMERCEDINAS.COM","image":{"@type":"ImageObject","inLanguage":"es","@id":"https:\/\/secure.gravatar.com\/avatar\/4dfbf16b4d17945bfb6341b2d19043457132fcf478a5ee04f42e959fd8f5df0a?s=96&d=mm&r=g","url":"https:\/\/secure.gravatar.com\/avatar\/4dfbf16b4d17945bfb6341b2d19043457132fcf478a5ee04f42e959fd8f5df0a?s=96&d=mm&r=g","contentUrl":"https:\/\/secure.gravatar.com\/avatar\/4dfbf16b4d17945bfb6341b2d19043457132fcf478a5ee04f42e959fd8f5df0a?s=96&d=mm&r=g","caption":"NOTICIASMERCEDINAS.COM"},"url":"https:\/\/noticiasmercedinas.com\/site\/author\/anonimo\/"}]}},"amp_enabled":true,"_links":{"self":[{"href":"https:\/\/noticiasmercedinas.com\/site\/wp-json\/wp\/v2\/posts\/77026","targetHints":{"allow":["GET"]}}],"collection":[{"href":"https:\/\/noticiasmercedinas.com\/site\/wp-json\/wp\/v2\/posts"}],"about":[{"href":"https:\/\/noticiasmercedinas.com\/site\/wp-json\/wp\/v2\/types\/post"}],"author":[{"embeddable":true,"href":"https:\/\/noticiasmercedinas.com\/site\/wp-json\/wp\/v2\/users\/16"}],"replies":[{"embeddable":true,"href":"https:\/\/noticiasmercedinas.com\/site\/wp-json\/wp\/v2\/comments?post=77026"}],"version-history":[{"count":1,"href":"https:\/\/noticiasmercedinas.com\/site\/wp-json\/wp\/v2\/posts\/77026\/revisions"}],"predecessor-version":[{"id":77029,"href":"https:\/\/noticiasmercedinas.com\/site\/wp-json\/wp\/v2\/posts\/77026\/revisions\/77029"}],"wp:featuredmedia":[{"embeddable":true,"href":"https:\/\/noticiasmercedinas.com\/site\/wp-json\/wp\/v2\/media\/77027"}],"wp:attachment":[{"href":"https:\/\/noticiasmercedinas.com\/site\/wp-json\/wp\/v2\/media?parent=77026"}],"wp:term":[{"taxonomy":"category","embeddable":true,"href":"https:\/\/noticiasmercedinas.com\/site\/wp-json\/wp\/v2\/categories?post=77026"},{"taxonomy":"post_tag","embeddable":true,"href":"https:\/\/noticiasmercedinas.com\/site\/wp-json\/wp\/v2\/tags?post=77026"}],"curies":[{"name":"wp","href":"https:\/\/api.w.org\/{rel}","templated":true}]}}