{"id":7705,"date":"2018-11-26T09:45:53","date_gmt":"2018-11-26T12:45:53","guid":{"rendered":"https:\/\/noticiasmercedinas.com\/site\/?p=7705"},"modified":"2018-11-26T10:16:40","modified_gmt":"2018-11-26T13:16:40","slug":"mesas-sindicales-se-reunen-en-chivilcoy","status":"publish","type":"post","link":"https:\/\/noticiasmercedinas.com\/site\/2018\/11\/26\/mesas-sindicales-se-reunen-en-chivilcoy\/","title":{"rendered":"Mesas sindicales se re\u00fanen en Chivilcoy"},"content":{"rendered":"<p><img loading=\"lazy\" decoding=\"async\" class=\"alignnone size-full wp-image-7706\" src=\"https:\/\/noticiasmercedinas.com\/site\/wp-content\/uploads\/2018\/11\/msm.jpg\" alt=\"\" width=\"640\" height=\"433\" srcset=\"https:\/\/noticiasmercedinas.com\/site\/wp-content\/uploads\/2018\/11\/msm.jpg 640w, https:\/\/noticiasmercedinas.com\/site\/wp-content\/uploads\/2018\/11\/msm-300x203.jpg 300w\" sizes=\"auto, (max-width: 640px) 100vw, 640px\" \/><\/p>\n<p>Las mesas sindicales de la regi\u00f3n se reunir\u00e1n este jueves en la vecina localidad bonaerense de Chivilcoy.<\/p>\n<p>La reuni\u00f3n tendr\u00e1 lugar en la Uni\u00f3n Obrera Molinera Argentina, en la calle San Lorenzo de esa ciudad y ser\u00e1 una suerte de asamblea regional para realizar una gran medida de fuerza en dos o tres semanas en todo el corredor de la Ruta Nacional 5, algo que no tiene precedentes e incluir\u00e1 un abrazo a Paquet\u00e1, en esa localidad.<\/p>\n<p>\u201cVamos a ir el jueves a ese encuentro que se hace en Chivilcoy por encontrarse geogr\u00e1ficamente en el medio m\u00e1s o menos del corredor de la ruta 5\u201d, coment\u00f3 a este medio Mario Vi\u00f1ales, dirigente gremial de Luz y Fuerza e integrante de la Mesa.<\/p>\n<p>En este sentido, Vi\u00f1ales confirm\u00f3: \u201cVan compa\u00f1eros de Alberti, Bragado, Chivilcoy, Nueve de Julio, Trenque Lauquen, Luj\u00e1n y Mercedes. Probablemente en la semana se sumen otras localidades\u201d.<\/p>\n<p>El trabajo de la mesa sindical viene creciendo, teniendo en cuenta que la realidad no ha mejorado sino lo contrario, desde su formaci\u00f3n, para los trabajadores.<\/p>\n<p>\u00abEl mi\u00e9rcoles hay una reuni\u00f3n de nuestra mesa sindical en el sindicato de AEFIP, por la tarde. La idea es que viajen todos lo que puedan porque el jueves en la reuni\u00f3n de Chivilcoy se definen las medidas de acci\u00f3n en el corredor. Es real, no cambian mucho las cosas en apariencia, se est\u00e1 trabajando en varios frentes con el prop\u00f3sito de concientizar y el accionar de la intermesa sindical regional va a marcar un antes y un despu\u00e9s. No es casual la proliferaci\u00f3n de las mesas sindicales en desmedro de las regionales de CGT\u00bb, consider\u00f3 Vi\u00f1ales.<\/p>\n","protected":false},"excerpt":{"rendered":"<p>Las mesas sindicales de la regi\u00f3n se reunir\u00e1n este jueves en la vecina localidad bonaerense de Chivilcoy. La reuni\u00f3n tendr\u00e1 lugar en la Uni\u00f3n Obrera Molinera Argentina, en la calle San Lorenzo de esa ciudad y ser\u00e1 una suerte de asamblea regional para realizar una gran medida de fuerza en dos o tres semanas en [&hellip;]<\/p>\n","protected":false},"author":2,"featured_media":7706,"comment_status":"open","ping_status":"open","sticky":false,"template":"","format":"standard","meta":{"footnotes":""},"categories":[3],"tags":[203,1326,1201],"class_list":["post-7705","post","type-post","status-publish","format-standard","has-post-thumbnail","hentry","category-sociedad","tag-chivilcoy","tag-mario-vinales","tag-mesa-sindical-mercedes"],"yoast_head":"<!-- This site is optimized with the Yoast SEO plugin v27.4 - https:\/\/yoast.com\/product\/yoast-seo-wordpress\/ -->\n<title>Mesas sindicales se re\u00fanen en Chivilcoy<\/title>\n<meta name=\"robots\" content=\"index, follow, max-snippet:-1, max-image-preview:large, max-video-preview:-1\" \/>\n<link rel=\"canonical\" href=\"https:\/\/noticiasmercedinas.com\/site\/2018\/11\/26\/mesas-sindicales-se-reunen-en-chivilcoy\/\" \/>\n<meta property=\"og:locale\" content=\"es_ES\" \/>\n<meta property=\"og:type\" content=\"article\" \/>\n<meta property=\"og:title\" content=\"Mesas sindicales se re\u00fanen en Chivilcoy\" \/>\n<meta property=\"og:description\" content=\"Las mesas sindicales de la regi\u00f3n se reunir\u00e1n este jueves en la vecina localidad bonaerense de Chivilcoy. La reuni\u00f3n tendr\u00e1 lugar en la Uni\u00f3n Obrera Molinera Argentina, en la calle San Lorenzo de esa ciudad y ser\u00e1 una suerte de asamblea regional para realizar una gran medida de fuerza en dos o tres semanas en [&hellip;]\" \/>\n<meta property=\"og:url\" content=\"https:\/\/noticiasmercedinas.com\/site\/2018\/11\/26\/mesas-sindicales-se-reunen-en-chivilcoy\/\" \/>\n<meta property=\"og:site_name\" content=\"NOTICIASMERCEDINAS.COM\" \/>\n<meta property=\"article:publisher\" content=\"https:\/\/www.facebook.com\/noticiasmercedinas\/\" \/>\n<meta property=\"article:author\" content=\"https:\/\/www.facebook.com\/cristian.falabella\" \/>\n<meta property=\"article:published_time\" content=\"2018-11-26T12:45:53+00:00\" \/>\n<meta property=\"article:modified_time\" content=\"2018-11-26T13:16:40+00:00\" \/>\n<meta property=\"og:image\" content=\"https:\/\/noticiasmercedinas.com\/site\/wp-content\/uploads\/2018\/11\/msm.jpg\" \/>\n\t<meta property=\"og:image:width\" content=\"640\" \/>\n\t<meta property=\"og:image:height\" content=\"433\" \/>\n\t<meta property=\"og:image:type\" content=\"image\/jpeg\" \/>\n<meta name=\"author\" content=\"Cristian Falabella NOTICIASMERCEDINAS.COM\" \/>\n<meta name=\"twitter:card\" content=\"summary_large_image\" \/>\n<meta name=\"twitter:creator\" content=\"@https:\/\/twitter.com\/NOTMERCEDINAS\" \/>\n<meta name=\"twitter:site\" content=\"@notmercedinas\" \/>\n<meta name=\"twitter:label1\" content=\"Escrito por\" \/>\n\t<meta name=\"twitter:data1\" content=\"Cristian Falabella NOTICIASMERCEDINAS.COM\" \/>\n\t<meta name=\"twitter:label2\" content=\"Tiempo de lectura\" \/>\n\t<meta name=\"twitter:data2\" content=\"1 minuto\" \/>\n<script type=\"application\/ld+json\" class=\"yoast-schema-graph\">{\"@context\":\"https:\\\/\\\/schema.org\",\"@graph\":[{\"@type\":\"Article\",\"@id\":\"https:\\\/\\\/noticiasmercedinas.com\\\/site\\\/2018\\\/11\\\/26\\\/mesas-sindicales-se-reunen-en-chivilcoy\\\/#article\",\"isPartOf\":{\"@id\":\"https:\\\/\\\/noticiasmercedinas.com\\\/site\\\/2018\\\/11\\\/26\\\/mesas-sindicales-se-reunen-en-chivilcoy\\\/\"},\"author\":{\"name\":\"Cristian Falabella NOTICIASMERCEDINAS.COM\",\"@id\":\"https:\\\/\\\/noticiasmercedinas.com\\\/site\\\/#\\\/schema\\\/person\\\/d481a9696a5feaec13a60e2bbd991a6a\"},\"headline\":\"Mesas sindicales se re\u00fanen en Chivilcoy\",\"datePublished\":\"2018-11-26T12:45:53+00:00\",\"dateModified\":\"2018-11-26T13:16:40+00:00\",\"mainEntityOfPage\":{\"@id\":\"https:\\\/\\\/noticiasmercedinas.com\\\/site\\\/2018\\\/11\\\/26\\\/mesas-sindicales-se-reunen-en-chivilcoy\\\/\"},\"wordCount\":296,\"commentCount\":0,\"publisher\":{\"@id\":\"https:\\\/\\\/noticiasmercedinas.com\\\/site\\\/#organization\"},\"image\":{\"@id\":\"https:\\\/\\\/noticiasmercedinas.com\\\/site\\\/2018\\\/11\\\/26\\\/mesas-sindicales-se-reunen-en-chivilcoy\\\/#primaryimage\"},\"thumbnailUrl\":\"https:\\\/\\\/noticiasmercedinas.com\\\/site\\\/wp-content\\\/uploads\\\/2018\\\/11\\\/msm.jpg\",\"keywords\":[\"chivilcoy\",\"mario vi\u00f1ales\",\"Mesa Sindical Mercedes\"],\"articleSection\":[\"Sociedad\"],\"inLanguage\":\"es\",\"potentialAction\":[{\"@type\":\"CommentAction\",\"name\":\"Comment\",\"target\":[\"https:\\\/\\\/noticiasmercedinas.com\\\/site\\\/2018\\\/11\\\/26\\\/mesas-sindicales-se-reunen-en-chivilcoy\\\/#respond\"]}]},{\"@type\":\"WebPage\",\"@id\":\"https:\\\/\\\/noticiasmercedinas.com\\\/site\\\/2018\\\/11\\\/26\\\/mesas-sindicales-se-reunen-en-chivilcoy\\\/\",\"url\":\"https:\\\/\\\/noticiasmercedinas.com\\\/site\\\/2018\\\/11\\\/26\\\/mesas-sindicales-se-reunen-en-chivilcoy\\\/\",\"name\":\"Mesas sindicales se re\u00fanen en Chivilcoy\",\"isPartOf\":{\"@id\":\"https:\\\/\\\/noticiasmercedinas.com\\\/site\\\/#website\"},\"primaryImageOfPage\":{\"@id\":\"https:\\\/\\\/noticiasmercedinas.com\\\/site\\\/2018\\\/11\\\/26\\\/mesas-sindicales-se-reunen-en-chivilcoy\\\/#primaryimage\"},\"image\":{\"@id\":\"https:\\\/\\\/noticiasmercedinas.com\\\/site\\\/2018\\\/11\\\/26\\\/mesas-sindicales-se-reunen-en-chivilcoy\\\/#primaryimage\"},\"thumbnailUrl\":\"https:\\\/\\\/noticiasmercedinas.com\\\/site\\\/wp-content\\\/uploads\\\/2018\\\/11\\\/msm.jpg\",\"datePublished\":\"2018-11-26T12:45:53+00:00\",\"dateModified\":\"2018-11-26T13:16:40+00:00\",\"breadcrumb\":{\"@id\":\"https:\\\/\\\/noticiasmercedinas.com\\\/site\\\/2018\\\/11\\\/26\\\/mesas-sindicales-se-reunen-en-chivilcoy\\\/#breadcrumb\"},\"inLanguage\":\"es\",\"potentialAction\":[{\"@type\":\"ReadAction\",\"target\":[\"https:\\\/\\\/noticiasmercedinas.com\\\/site\\\/2018\\\/11\\\/26\\\/mesas-sindicales-se-reunen-en-chivilcoy\\\/\"]}]},{\"@type\":\"ImageObject\",\"inLanguage\":\"es\",\"@id\":\"https:\\\/\\\/noticiasmercedinas.com\\\/site\\\/2018\\\/11\\\/26\\\/mesas-sindicales-se-reunen-en-chivilcoy\\\/#primaryimage\",\"url\":\"https:\\\/\\\/noticiasmercedinas.com\\\/site\\\/wp-content\\\/uploads\\\/2018\\\/11\\\/msm.jpg\",\"contentUrl\":\"https:\\\/\\\/noticiasmercedinas.com\\\/site\\\/wp-content\\\/uploads\\\/2018\\\/11\\\/msm.jpg\",\"width\":640,\"height\":433},{\"@type\":\"BreadcrumbList\",\"@id\":\"https:\\\/\\\/noticiasmercedinas.com\\\/site\\\/2018\\\/11\\\/26\\\/mesas-sindicales-se-reunen-en-chivilcoy\\\/#breadcrumb\",\"itemListElement\":[{\"@type\":\"ListItem\",\"position\":1,\"name\":\"Portada\",\"item\":\"https:\\\/\\\/noticiasmercedinas.com\\\/site\\\/\"},{\"@type\":\"ListItem\",\"position\":2,\"name\":\"Mesas sindicales se re\u00fanen en Chivilcoy\"}]},{\"@type\":\"WebSite\",\"@id\":\"https:\\\/\\\/noticiasmercedinas.com\\\/site\\\/#website\",\"url\":\"https:\\\/\\\/noticiasmercedinas.com\\\/site\\\/\",\"name\":\"NOTICIASMERCEDINAS.COM\",\"description\":\"Mercedes, Buenos Aires, Argentina\",\"publisher\":{\"@id\":\"https:\\\/\\\/noticiasmercedinas.com\\\/site\\\/#organization\"},\"potentialAction\":[{\"@type\":\"SearchAction\",\"target\":{\"@type\":\"EntryPoint\",\"urlTemplate\":\"https:\\\/\\\/noticiasmercedinas.com\\\/site\\\/?s={search_term_string}\"},\"query-input\":{\"@type\":\"PropertyValueSpecification\",\"valueRequired\":true,\"valueName\":\"search_term_string\"}}],\"inLanguage\":\"es\"},{\"@type\":\"Organization\",\"@id\":\"https:\\\/\\\/noticiasmercedinas.com\\\/site\\\/#organization\",\"name\":\"NOTICIASMERCEDINAS.COM\",\"url\":\"https:\\\/\\\/noticiasmercedinas.com\\\/site\\\/\",\"logo\":{\"@type\":\"ImageObject\",\"inLanguage\":\"es\",\"@id\":\"https:\\\/\\\/noticiasmercedinas.com\\\/site\\\/#\\\/schema\\\/logo\\\/image\\\/\",\"url\":\"https:\\\/\\\/noticiasmercedinas.com\\\/site\\\/wp-content\\\/uploads\\\/2020\\\/06\\\/LOGO-512.jpg\",\"contentUrl\":\"https:\\\/\\\/noticiasmercedinas.com\\\/site\\\/wp-content\\\/uploads\\\/2020\\\/06\\\/LOGO-512.jpg\",\"width\":512,\"height\":512,\"caption\":\"NOTICIASMERCEDINAS.COM\"},\"image\":{\"@id\":\"https:\\\/\\\/noticiasmercedinas.com\\\/site\\\/#\\\/schema\\\/logo\\\/image\\\/\"},\"sameAs\":[\"https:\\\/\\\/www.facebook.com\\\/noticiasmercedinas\\\/\",\"https:\\\/\\\/x.com\\\/notmercedinas\",\"https:\\\/\\\/www.instagram.com\\\/noticiasmercedinas\\\/\"]},{\"@type\":\"Person\",\"@id\":\"https:\\\/\\\/noticiasmercedinas.com\\\/site\\\/#\\\/schema\\\/person\\\/d481a9696a5feaec13a60e2bbd991a6a\",\"name\":\"Cristian Falabella NOTICIASMERCEDINAS.COM\",\"image\":{\"@type\":\"ImageObject\",\"inLanguage\":\"es\",\"@id\":\"https:\\\/\\\/secure.gravatar.com\\\/avatar\\\/0dbbfc45970cc46bcd0e57766228574ff3511d6eed045b182f536f0f478c1f06?s=96&d=mm&r=g\",\"url\":\"https:\\\/\\\/secure.gravatar.com\\\/avatar\\\/0dbbfc45970cc46bcd0e57766228574ff3511d6eed045b182f536f0f478c1f06?s=96&d=mm&r=g\",\"contentUrl\":\"https:\\\/\\\/secure.gravatar.com\\\/avatar\\\/0dbbfc45970cc46bcd0e57766228574ff3511d6eed045b182f536f0f478c1f06?s=96&d=mm&r=g\",\"caption\":\"Cristian Falabella NOTICIASMERCEDINAS.COM\"},\"description\":\"Periodista, editor de Noticias Mercedinas. Pas\u00f3 por varias redacciones y emprendimientos de prensa, en distintos formatos y \u00e9pocas. Se especializ\u00f3 --y sigue haci\u00e9ndolo-- en comunicaci\u00f3n en la web y en junio de 2006 fund\u00f3 este diario digital.\",\"sameAs\":[\"https:\\\/\\\/noticiasmercedinas.com\",\"https:\\\/\\\/www.facebook.com\\\/cristian.falabella\",\"https:\\\/\\\/www.instagram.com\\\/noticiasmercedinas\\\/\",\"https:\\\/\\\/x.com\\\/https:\\\/\\\/twitter.com\\\/NOTMERCEDINAS\"],\"url\":\"https:\\\/\\\/noticiasmercedinas.com\\\/site\\\/author\\\/as000384\\\/\"}]}<\/script>\n<!-- \/ Yoast SEO plugin. -->","yoast_head_json":{"title":"Mesas sindicales se re\u00fanen en Chivilcoy","robots":{"index":"index","follow":"follow","max-snippet":"max-snippet:-1","max-image-preview":"max-image-preview:large","max-video-preview":"max-video-preview:-1"},"canonical":"https:\/\/noticiasmercedinas.com\/site\/2018\/11\/26\/mesas-sindicales-se-reunen-en-chivilcoy\/","og_locale":"es_ES","og_type":"article","og_title":"Mesas sindicales se re\u00fanen en Chivilcoy","og_description":"Las mesas sindicales de la regi\u00f3n se reunir\u00e1n este jueves en la vecina localidad bonaerense de Chivilcoy. La reuni\u00f3n tendr\u00e1 lugar en la Uni\u00f3n Obrera Molinera Argentina, en la calle San Lorenzo de esa ciudad y ser\u00e1 una suerte de asamblea regional para realizar una gran medida de fuerza en dos o tres semanas en [&hellip;]","og_url":"https:\/\/noticiasmercedinas.com\/site\/2018\/11\/26\/mesas-sindicales-se-reunen-en-chivilcoy\/","og_site_name":"NOTICIASMERCEDINAS.COM","article_publisher":"https:\/\/www.facebook.com\/noticiasmercedinas\/","article_author":"https:\/\/www.facebook.com\/cristian.falabella","article_published_time":"2018-11-26T12:45:53+00:00","article_modified_time":"2018-11-26T13:16:40+00:00","og_image":[{"width":640,"height":433,"url":"https:\/\/noticiasmercedinas.com\/site\/wp-content\/uploads\/2018\/11\/msm.jpg","type":"image\/jpeg"}],"author":"Cristian Falabella NOTICIASMERCEDINAS.COM","twitter_card":"summary_large_image","twitter_creator":"@https:\/\/twitter.com\/NOTMERCEDINAS","twitter_site":"@notmercedinas","twitter_misc":{"Escrito por":"Cristian Falabella NOTICIASMERCEDINAS.COM","Tiempo de lectura":"1 minuto"},"schema":{"@context":"https:\/\/schema.org","@graph":[{"@type":"Article","@id":"https:\/\/noticiasmercedinas.com\/site\/2018\/11\/26\/mesas-sindicales-se-reunen-en-chivilcoy\/#article","isPartOf":{"@id":"https:\/\/noticiasmercedinas.com\/site\/2018\/11\/26\/mesas-sindicales-se-reunen-en-chivilcoy\/"},"author":{"name":"Cristian Falabella NOTICIASMERCEDINAS.COM","@id":"https:\/\/noticiasmercedinas.com\/site\/#\/schema\/person\/d481a9696a5feaec13a60e2bbd991a6a"},"headline":"Mesas sindicales se re\u00fanen en Chivilcoy","datePublished":"2018-11-26T12:45:53+00:00","dateModified":"2018-11-26T13:16:40+00:00","mainEntityOfPage":{"@id":"https:\/\/noticiasmercedinas.com\/site\/2018\/11\/26\/mesas-sindicales-se-reunen-en-chivilcoy\/"},"wordCount":296,"commentCount":0,"publisher":{"@id":"https:\/\/noticiasmercedinas.com\/site\/#organization"},"image":{"@id":"https:\/\/noticiasmercedinas.com\/site\/2018\/11\/26\/mesas-sindicales-se-reunen-en-chivilcoy\/#primaryimage"},"thumbnailUrl":"https:\/\/noticiasmercedinas.com\/site\/wp-content\/uploads\/2018\/11\/msm.jpg","keywords":["chivilcoy","mario vi\u00f1ales","Mesa Sindical Mercedes"],"articleSection":["Sociedad"],"inLanguage":"es","potentialAction":[{"@type":"CommentAction","name":"Comment","target":["https:\/\/noticiasmercedinas.com\/site\/2018\/11\/26\/mesas-sindicales-se-reunen-en-chivilcoy\/#respond"]}]},{"@type":"WebPage","@id":"https:\/\/noticiasmercedinas.com\/site\/2018\/11\/26\/mesas-sindicales-se-reunen-en-chivilcoy\/","url":"https:\/\/noticiasmercedinas.com\/site\/2018\/11\/26\/mesas-sindicales-se-reunen-en-chivilcoy\/","name":"Mesas sindicales se re\u00fanen en Chivilcoy","isPartOf":{"@id":"https:\/\/noticiasmercedinas.com\/site\/#website"},"primaryImageOfPage":{"@id":"https:\/\/noticiasmercedinas.com\/site\/2018\/11\/26\/mesas-sindicales-se-reunen-en-chivilcoy\/#primaryimage"},"image":{"@id":"https:\/\/noticiasmercedinas.com\/site\/2018\/11\/26\/mesas-sindicales-se-reunen-en-chivilcoy\/#primaryimage"},"thumbnailUrl":"https:\/\/noticiasmercedinas.com\/site\/wp-content\/uploads\/2018\/11\/msm.jpg","datePublished":"2018-11-26T12:45:53+00:00","dateModified":"2018-11-26T13:16:40+00:00","breadcrumb":{"@id":"https:\/\/noticiasmercedinas.com\/site\/2018\/11\/26\/mesas-sindicales-se-reunen-en-chivilcoy\/#breadcrumb"},"inLanguage":"es","potentialAction":[{"@type":"ReadAction","target":["https:\/\/noticiasmercedinas.com\/site\/2018\/11\/26\/mesas-sindicales-se-reunen-en-chivilcoy\/"]}]},{"@type":"ImageObject","inLanguage":"es","@id":"https:\/\/noticiasmercedinas.com\/site\/2018\/11\/26\/mesas-sindicales-se-reunen-en-chivilcoy\/#primaryimage","url":"https:\/\/noticiasmercedinas.com\/site\/wp-content\/uploads\/2018\/11\/msm.jpg","contentUrl":"https:\/\/noticiasmercedinas.com\/site\/wp-content\/uploads\/2018\/11\/msm.jpg","width":640,"height":433},{"@type":"BreadcrumbList","@id":"https:\/\/noticiasmercedinas.com\/site\/2018\/11\/26\/mesas-sindicales-se-reunen-en-chivilcoy\/#breadcrumb","itemListElement":[{"@type":"ListItem","position":1,"name":"Portada","item":"https:\/\/noticiasmercedinas.com\/site\/"},{"@type":"ListItem","position":2,"name":"Mesas sindicales se re\u00fanen en Chivilcoy"}]},{"@type":"WebSite","@id":"https:\/\/noticiasmercedinas.com\/site\/#website","url":"https:\/\/noticiasmercedinas.com\/site\/","name":"NOTICIASMERCEDINAS.COM","description":"Mercedes, Buenos Aires, Argentina","publisher":{"@id":"https:\/\/noticiasmercedinas.com\/site\/#organization"},"potentialAction":[{"@type":"SearchAction","target":{"@type":"EntryPoint","urlTemplate":"https:\/\/noticiasmercedinas.com\/site\/?s={search_term_string}"},"query-input":{"@type":"PropertyValueSpecification","valueRequired":true,"valueName":"search_term_string"}}],"inLanguage":"es"},{"@type":"Organization","@id":"https:\/\/noticiasmercedinas.com\/site\/#organization","name":"NOTICIASMERCEDINAS.COM","url":"https:\/\/noticiasmercedinas.com\/site\/","logo":{"@type":"ImageObject","inLanguage":"es","@id":"https:\/\/noticiasmercedinas.com\/site\/#\/schema\/logo\/image\/","url":"https:\/\/noticiasmercedinas.com\/site\/wp-content\/uploads\/2020\/06\/LOGO-512.jpg","contentUrl":"https:\/\/noticiasmercedinas.com\/site\/wp-content\/uploads\/2020\/06\/LOGO-512.jpg","width":512,"height":512,"caption":"NOTICIASMERCEDINAS.COM"},"image":{"@id":"https:\/\/noticiasmercedinas.com\/site\/#\/schema\/logo\/image\/"},"sameAs":["https:\/\/www.facebook.com\/noticiasmercedinas\/","https:\/\/x.com\/notmercedinas","https:\/\/www.instagram.com\/noticiasmercedinas\/"]},{"@type":"Person","@id":"https:\/\/noticiasmercedinas.com\/site\/#\/schema\/person\/d481a9696a5feaec13a60e2bbd991a6a","name":"Cristian Falabella NOTICIASMERCEDINAS.COM","image":{"@type":"ImageObject","inLanguage":"es","@id":"https:\/\/secure.gravatar.com\/avatar\/0dbbfc45970cc46bcd0e57766228574ff3511d6eed045b182f536f0f478c1f06?s=96&d=mm&r=g","url":"https:\/\/secure.gravatar.com\/avatar\/0dbbfc45970cc46bcd0e57766228574ff3511d6eed045b182f536f0f478c1f06?s=96&d=mm&r=g","contentUrl":"https:\/\/secure.gravatar.com\/avatar\/0dbbfc45970cc46bcd0e57766228574ff3511d6eed045b182f536f0f478c1f06?s=96&d=mm&r=g","caption":"Cristian Falabella NOTICIASMERCEDINAS.COM"},"description":"Periodista, editor de Noticias Mercedinas. Pas\u00f3 por varias redacciones y emprendimientos de prensa, en distintos formatos y \u00e9pocas. Se especializ\u00f3 --y sigue haci\u00e9ndolo-- en comunicaci\u00f3n en la web y en junio de 2006 fund\u00f3 este diario digital.","sameAs":["https:\/\/noticiasmercedinas.com","https:\/\/www.facebook.com\/cristian.falabella","https:\/\/www.instagram.com\/noticiasmercedinas\/","https:\/\/x.com\/https:\/\/twitter.com\/NOTMERCEDINAS"],"url":"https:\/\/noticiasmercedinas.com\/site\/author\/as000384\/"}]}},"amp_enabled":true,"_links":{"self":[{"href":"https:\/\/noticiasmercedinas.com\/site\/wp-json\/wp\/v2\/posts\/7705","targetHints":{"allow":["GET"]}}],"collection":[{"href":"https:\/\/noticiasmercedinas.com\/site\/wp-json\/wp\/v2\/posts"}],"about":[{"href":"https:\/\/noticiasmercedinas.com\/site\/wp-json\/wp\/v2\/types\/post"}],"author":[{"embeddable":true,"href":"https:\/\/noticiasmercedinas.com\/site\/wp-json\/wp\/v2\/users\/2"}],"replies":[{"embeddable":true,"href":"https:\/\/noticiasmercedinas.com\/site\/wp-json\/wp\/v2\/comments?post=7705"}],"version-history":[{"count":2,"href":"https:\/\/noticiasmercedinas.com\/site\/wp-json\/wp\/v2\/posts\/7705\/revisions"}],"predecessor-version":[{"id":7717,"href":"https:\/\/noticiasmercedinas.com\/site\/wp-json\/wp\/v2\/posts\/7705\/revisions\/7717"}],"wp:featuredmedia":[{"embeddable":true,"href":"https:\/\/noticiasmercedinas.com\/site\/wp-json\/wp\/v2\/media\/7706"}],"wp:attachment":[{"href":"https:\/\/noticiasmercedinas.com\/site\/wp-json\/wp\/v2\/media?parent=7705"}],"wp:term":[{"taxonomy":"category","embeddable":true,"href":"https:\/\/noticiasmercedinas.com\/site\/wp-json\/wp\/v2\/categories?post=7705"},{"taxonomy":"post_tag","embeddable":true,"href":"https:\/\/noticiasmercedinas.com\/site\/wp-json\/wp\/v2\/tags?post=7705"}],"curies":[{"name":"wp","href":"https:\/\/api.w.org\/{rel}","templated":true}]}}