{"id":77347,"date":"2021-10-18T10:55:05","date_gmt":"2021-10-18T13:55:05","guid":{"rendered":"https:\/\/noticiasmercedinas.com\/site\/?p=77347"},"modified":"2021-10-18T10:55:05","modified_gmt":"2021-10-18T13:55:05","slug":"pedro-caramelo-sale-de-su-zona-de-confort-con-bien-temprano","status":"publish","type":"post","link":"https:\/\/noticiasmercedinas.com\/site\/2021\/10\/18\/pedro-caramelo-sale-de-su-zona-de-confort-con-bien-temprano\/","title":{"rendered":"Pedro Caramelo sale de su zona de confort con \u201cBien Temprano\u201d"},"content":{"rendered":"<p><img loading=\"lazy\" decoding=\"async\" class=\"alignnone size-full wp-image-77354\" src=\"https:\/\/noticiasmercedinas.com\/site\/wp-content\/uploads\/2021\/10\/pedreocaramelo-e1634565236962.jpg\" alt=\"\" width=\"640\" height=\"360\" \/><\/p>\n<p>El reconocido productor audiovisual y periodista mercedino <strong>Pedro Caramelo<\/strong> est\u00e1 al frente de una nueva propuesta televisiva. Se trata de \u201cBien Temprano\u201d, que se emite de lunes a viernes de 7.30 a 8.00 horas.<\/p>\n<p>\u201cA esta propuesta la arrancamos en octubre\u201d, cont\u00f3 Caramelo a <em>Noticias Mercedinas<\/em>. \u201cEs un informativo con contenido local y regional. Sale desde Mercedes, Luj\u00e1n, Rodr\u00edguez y toda la l\u00ednea de Telecom en canal Somos, entra en Capital, AMBA y se puede ver por la plataforma digital FLOW\u201d, explic\u00f3.<\/p>\n<p>En \u201cBien Temprano\u201d se destaca el contenido del quehacer diario de la ciudad con la inclusi\u00f3n de algunos temas como las obras y gesti\u00f3n de los municipios, con columnistas como Noelia Ku\u00f1er, Carolina Bessega, Walter Anido, Alejandro Cabrejos, Marcelo Elizondo y Edgardo Miller, entre otros. \u201cVarios periodistas colaboran y hacen que el producto sea m\u00e1s interesante y salga de lo netamente local\u201d, describi\u00f3 Caramelo en este sentido.<\/p>\n<p>\u201cEs una propuesta que me ped\u00edan desde Telecom, generar algo con presencia local, que tenga un presentador y conductor, y hace un tiempo me anim\u00e9 a esto. La gente est\u00e1 en la casa levant\u00e1ndose, prepar\u00e1ndose para ir al trabajo o llevar a los chicos a la escuela y se informa. Telecom nos da la posibilidad de tener esta propuesta bien temprano con contenidos locales, y a mi particularmente me saca de la zona de confort. Yo nunca hab\u00eda hecho esto de generar un contenido tan temprano, la recepci\u00f3n es buena y la gente de a poco se va enterando y nos da sus comentarios, por lo que estamos abiertos a seguir mejorando\u201d, complet\u00f3 Pedro Caramelo, responsable de \u201cBien Temprano\u201d<\/p>\n","protected":false},"excerpt":{"rendered":"<p>\u25a0 El productor audiovisual y periodista se anima a la conducci\u00f3n. Su informativo con columnistas se emite de lunes a viernes de 7.30 a 8 horas, por Somos (Cablevisi\u00f3n) y Flow.<\/p>\n","protected":false},"author":16,"featured_media":77354,"comment_status":"open","ping_status":"open","sticky":false,"template":"","format":"standard","meta":{"footnotes":""},"categories":[4210],"tags":[13080,4227,5981,13081,13078,11512,13079,5666,2228,4982,2659],"class_list":["post-77347","post","type-post","status-publish","format-standard","has-post-thumbnail","hentry","category-medios","tag-alejandro-cabrejos","tag-cablevision","tag-carolina-bessega","tag-edgardo-miller","tag-flow","tag-marcelo-elizondo","tag-noelia-kuner","tag-pedro-caramelo","tag-television","tag-tv","tag-walter-anido"],"yoast_head":"<!-- This site is optimized with the Yoast SEO plugin v27.4 - https:\/\/yoast.com\/product\/yoast-seo-wordpress\/ -->\n<title>Pedro Caramelo sale de su zona de confort con \u201cBien Temprano\u201d<\/title>\n<meta name=\"robots\" content=\"index, follow, max-snippet:-1, max-image-preview:large, max-video-preview:-1\" \/>\n<link rel=\"canonical\" href=\"https:\/\/noticiasmercedinas.com\/site\/2021\/10\/18\/pedro-caramelo-sale-de-su-zona-de-confort-con-bien-temprano\/\" \/>\n<meta property=\"og:locale\" content=\"es_ES\" \/>\n<meta property=\"og:type\" content=\"article\" \/>\n<meta property=\"og:title\" content=\"Pedro Caramelo sale de su zona de confort con \u201cBien Temprano\u201d\" \/>\n<meta property=\"og:description\" content=\"\u25a0 El productor audiovisual y periodista se anima a la conducci\u00f3n. Su informativo con columnistas se emite de lunes a viernes de 7.30 a 8 horas, por Somos (Cablevisi\u00f3n) y Flow.\" \/>\n<meta property=\"og:url\" content=\"https:\/\/noticiasmercedinas.com\/site\/2021\/10\/18\/pedro-caramelo-sale-de-su-zona-de-confort-con-bien-temprano\/\" \/>\n<meta property=\"og:site_name\" content=\"NOTICIASMERCEDINAS.COM\" \/>\n<meta property=\"article:publisher\" content=\"https:\/\/www.facebook.com\/noticiasmercedinas\/\" \/>\n<meta property=\"article:published_time\" content=\"2021-10-18T13:55:05+00:00\" \/>\n<meta property=\"og:image\" content=\"https:\/\/noticiasmercedinas.com\/site\/wp-content\/uploads\/2021\/10\/pedreocaramelo-e1634565236962.jpg\" \/>\n\t<meta property=\"og:image:width\" content=\"640\" \/>\n\t<meta property=\"og:image:height\" content=\"360\" \/>\n\t<meta property=\"og:image:type\" content=\"image\/jpeg\" \/>\n<meta name=\"author\" content=\"NOTICIASMERCEDINAS.COM\" \/>\n<meta name=\"twitter:card\" content=\"summary_large_image\" \/>\n<meta name=\"twitter:creator\" content=\"@notmercedinas\" \/>\n<meta name=\"twitter:site\" content=\"@notmercedinas\" \/>\n<meta name=\"twitter:label1\" content=\"Escrito por\" \/>\n\t<meta name=\"twitter:data1\" content=\"NOTICIASMERCEDINAS.COM\" \/>\n\t<meta name=\"twitter:label2\" content=\"Tiempo de lectura\" \/>\n\t<meta name=\"twitter:data2\" content=\"1 minuto\" \/>\n<script type=\"application\/ld+json\" class=\"yoast-schema-graph\">{\"@context\":\"https:\\\/\\\/schema.org\",\"@graph\":[{\"@type\":\"Article\",\"@id\":\"https:\\\/\\\/noticiasmercedinas.com\\\/site\\\/2021\\\/10\\\/18\\\/pedro-caramelo-sale-de-su-zona-de-confort-con-bien-temprano\\\/#article\",\"isPartOf\":{\"@id\":\"https:\\\/\\\/noticiasmercedinas.com\\\/site\\\/2021\\\/10\\\/18\\\/pedro-caramelo-sale-de-su-zona-de-confort-con-bien-temprano\\\/\"},\"author\":{\"name\":\"NOTICIASMERCEDINAS.COM\",\"@id\":\"https:\\\/\\\/noticiasmercedinas.com\\\/site\\\/#\\\/schema\\\/person\\\/84b59c099c28ff2e8b77d4ceec5d8063\"},\"headline\":\"Pedro Caramelo sale de su zona de confort con \u201cBien Temprano\u201d\",\"datePublished\":\"2021-10-18T13:55:05+00:00\",\"mainEntityOfPage\":{\"@id\":\"https:\\\/\\\/noticiasmercedinas.com\\\/site\\\/2021\\\/10\\\/18\\\/pedro-caramelo-sale-de-su-zona-de-confort-con-bien-temprano\\\/\"},\"wordCount\":289,\"commentCount\":0,\"publisher\":{\"@id\":\"https:\\\/\\\/noticiasmercedinas.com\\\/site\\\/#organization\"},\"image\":{\"@id\":\"https:\\\/\\\/noticiasmercedinas.com\\\/site\\\/2021\\\/10\\\/18\\\/pedro-caramelo-sale-de-su-zona-de-confort-con-bien-temprano\\\/#primaryimage\"},\"thumbnailUrl\":\"https:\\\/\\\/noticiasmercedinas.com\\\/site\\\/wp-content\\\/uploads\\\/2021\\\/10\\\/pedreocaramelo-e1634565236962.jpg\",\"keywords\":[\"Alejandro Cabrejos\",\"cablevision\",\"carolina bessega\",\"Edgardo Miller\",\"flow\",\"marcelo elizondo\",\"Noelia Ku\u00f1er\",\"Pedro Caramelo\",\"television\",\"tv\",\"Walter Anido\"],\"articleSection\":[\"Medios\"],\"inLanguage\":\"es\",\"potentialAction\":[{\"@type\":\"CommentAction\",\"name\":\"Comment\",\"target\":[\"https:\\\/\\\/noticiasmercedinas.com\\\/site\\\/2021\\\/10\\\/18\\\/pedro-caramelo-sale-de-su-zona-de-confort-con-bien-temprano\\\/#respond\"]}]},{\"@type\":\"WebPage\",\"@id\":\"https:\\\/\\\/noticiasmercedinas.com\\\/site\\\/2021\\\/10\\\/18\\\/pedro-caramelo-sale-de-su-zona-de-confort-con-bien-temprano\\\/\",\"url\":\"https:\\\/\\\/noticiasmercedinas.com\\\/site\\\/2021\\\/10\\\/18\\\/pedro-caramelo-sale-de-su-zona-de-confort-con-bien-temprano\\\/\",\"name\":\"Pedro Caramelo sale de su zona de confort con \u201cBien Temprano\u201d\",\"isPartOf\":{\"@id\":\"https:\\\/\\\/noticiasmercedinas.com\\\/site\\\/#website\"},\"primaryImageOfPage\":{\"@id\":\"https:\\\/\\\/noticiasmercedinas.com\\\/site\\\/2021\\\/10\\\/18\\\/pedro-caramelo-sale-de-su-zona-de-confort-con-bien-temprano\\\/#primaryimage\"},\"image\":{\"@id\":\"https:\\\/\\\/noticiasmercedinas.com\\\/site\\\/2021\\\/10\\\/18\\\/pedro-caramelo-sale-de-su-zona-de-confort-con-bien-temprano\\\/#primaryimage\"},\"thumbnailUrl\":\"https:\\\/\\\/noticiasmercedinas.com\\\/site\\\/wp-content\\\/uploads\\\/2021\\\/10\\\/pedreocaramelo-e1634565236962.jpg\",\"datePublished\":\"2021-10-18T13:55:05+00:00\",\"breadcrumb\":{\"@id\":\"https:\\\/\\\/noticiasmercedinas.com\\\/site\\\/2021\\\/10\\\/18\\\/pedro-caramelo-sale-de-su-zona-de-confort-con-bien-temprano\\\/#breadcrumb\"},\"inLanguage\":\"es\",\"potentialAction\":[{\"@type\":\"ReadAction\",\"target\":[\"https:\\\/\\\/noticiasmercedinas.com\\\/site\\\/2021\\\/10\\\/18\\\/pedro-caramelo-sale-de-su-zona-de-confort-con-bien-temprano\\\/\"]}]},{\"@type\":\"ImageObject\",\"inLanguage\":\"es\",\"@id\":\"https:\\\/\\\/noticiasmercedinas.com\\\/site\\\/2021\\\/10\\\/18\\\/pedro-caramelo-sale-de-su-zona-de-confort-con-bien-temprano\\\/#primaryimage\",\"url\":\"https:\\\/\\\/noticiasmercedinas.com\\\/site\\\/wp-content\\\/uploads\\\/2021\\\/10\\\/pedreocaramelo-e1634565236962.jpg\",\"contentUrl\":\"https:\\\/\\\/noticiasmercedinas.com\\\/site\\\/wp-content\\\/uploads\\\/2021\\\/10\\\/pedreocaramelo-e1634565236962.jpg\",\"width\":640,\"height\":360},{\"@type\":\"BreadcrumbList\",\"@id\":\"https:\\\/\\\/noticiasmercedinas.com\\\/site\\\/2021\\\/10\\\/18\\\/pedro-caramelo-sale-de-su-zona-de-confort-con-bien-temprano\\\/#breadcrumb\",\"itemListElement\":[{\"@type\":\"ListItem\",\"position\":1,\"name\":\"Portada\",\"item\":\"https:\\\/\\\/noticiasmercedinas.com\\\/site\\\/\"},{\"@type\":\"ListItem\",\"position\":2,\"name\":\"Pedro Caramelo sale de su zona de confort con \u201cBien Temprano\u201d\"}]},{\"@type\":\"WebSite\",\"@id\":\"https:\\\/\\\/noticiasmercedinas.com\\\/site\\\/#website\",\"url\":\"https:\\\/\\\/noticiasmercedinas.com\\\/site\\\/\",\"name\":\"NOTICIASMERCEDINAS.COM\",\"description\":\"Mercedes, Buenos Aires, Argentina\",\"publisher\":{\"@id\":\"https:\\\/\\\/noticiasmercedinas.com\\\/site\\\/#organization\"},\"potentialAction\":[{\"@type\":\"SearchAction\",\"target\":{\"@type\":\"EntryPoint\",\"urlTemplate\":\"https:\\\/\\\/noticiasmercedinas.com\\\/site\\\/?s={search_term_string}\"},\"query-input\":{\"@type\":\"PropertyValueSpecification\",\"valueRequired\":true,\"valueName\":\"search_term_string\"}}],\"inLanguage\":\"es\"},{\"@type\":\"Organization\",\"@id\":\"https:\\\/\\\/noticiasmercedinas.com\\\/site\\\/#organization\",\"name\":\"NOTICIASMERCEDINAS.COM\",\"url\":\"https:\\\/\\\/noticiasmercedinas.com\\\/site\\\/\",\"logo\":{\"@type\":\"ImageObject\",\"inLanguage\":\"es\",\"@id\":\"https:\\\/\\\/noticiasmercedinas.com\\\/site\\\/#\\\/schema\\\/logo\\\/image\\\/\",\"url\":\"https:\\\/\\\/noticiasmercedinas.com\\\/site\\\/wp-content\\\/uploads\\\/2020\\\/06\\\/LOGO-512.jpg\",\"contentUrl\":\"https:\\\/\\\/noticiasmercedinas.com\\\/site\\\/wp-content\\\/uploads\\\/2020\\\/06\\\/LOGO-512.jpg\",\"width\":512,\"height\":512,\"caption\":\"NOTICIASMERCEDINAS.COM\"},\"image\":{\"@id\":\"https:\\\/\\\/noticiasmercedinas.com\\\/site\\\/#\\\/schema\\\/logo\\\/image\\\/\"},\"sameAs\":[\"https:\\\/\\\/www.facebook.com\\\/noticiasmercedinas\\\/\",\"https:\\\/\\\/x.com\\\/notmercedinas\",\"https:\\\/\\\/www.instagram.com\\\/noticiasmercedinas\\\/\"]},{\"@type\":\"Person\",\"@id\":\"https:\\\/\\\/noticiasmercedinas.com\\\/site\\\/#\\\/schema\\\/person\\\/84b59c099c28ff2e8b77d4ceec5d8063\",\"name\":\"NOTICIASMERCEDINAS.COM\",\"image\":{\"@type\":\"ImageObject\",\"inLanguage\":\"es\",\"@id\":\"https:\\\/\\\/secure.gravatar.com\\\/avatar\\\/4dfbf16b4d17945bfb6341b2d19043457132fcf478a5ee04f42e959fd8f5df0a?s=96&d=mm&r=g\",\"url\":\"https:\\\/\\\/secure.gravatar.com\\\/avatar\\\/4dfbf16b4d17945bfb6341b2d19043457132fcf478a5ee04f42e959fd8f5df0a?s=96&d=mm&r=g\",\"contentUrl\":\"https:\\\/\\\/secure.gravatar.com\\\/avatar\\\/4dfbf16b4d17945bfb6341b2d19043457132fcf478a5ee04f42e959fd8f5df0a?s=96&d=mm&r=g\",\"caption\":\"NOTICIASMERCEDINAS.COM\"},\"url\":\"https:\\\/\\\/noticiasmercedinas.com\\\/site\\\/author\\\/anonimo\\\/\"}]}<\/script>\n<!-- \/ Yoast SEO plugin. -->","yoast_head_json":{"title":"Pedro Caramelo sale de su zona de confort con \u201cBien Temprano\u201d","robots":{"index":"index","follow":"follow","max-snippet":"max-snippet:-1","max-image-preview":"max-image-preview:large","max-video-preview":"max-video-preview:-1"},"canonical":"https:\/\/noticiasmercedinas.com\/site\/2021\/10\/18\/pedro-caramelo-sale-de-su-zona-de-confort-con-bien-temprano\/","og_locale":"es_ES","og_type":"article","og_title":"Pedro Caramelo sale de su zona de confort con \u201cBien Temprano\u201d","og_description":"\u25a0 El productor audiovisual y periodista se anima a la conducci\u00f3n. Su informativo con columnistas se emite de lunes a viernes de 7.30 a 8 horas, por Somos (Cablevisi\u00f3n) y Flow.","og_url":"https:\/\/noticiasmercedinas.com\/site\/2021\/10\/18\/pedro-caramelo-sale-de-su-zona-de-confort-con-bien-temprano\/","og_site_name":"NOTICIASMERCEDINAS.COM","article_publisher":"https:\/\/www.facebook.com\/noticiasmercedinas\/","article_published_time":"2021-10-18T13:55:05+00:00","og_image":[{"width":640,"height":360,"url":"https:\/\/noticiasmercedinas.com\/site\/wp-content\/uploads\/2021\/10\/pedreocaramelo-e1634565236962.jpg","type":"image\/jpeg"}],"author":"NOTICIASMERCEDINAS.COM","twitter_card":"summary_large_image","twitter_creator":"@notmercedinas","twitter_site":"@notmercedinas","twitter_misc":{"Escrito por":"NOTICIASMERCEDINAS.COM","Tiempo de lectura":"1 minuto"},"schema":{"@context":"https:\/\/schema.org","@graph":[{"@type":"Article","@id":"https:\/\/noticiasmercedinas.com\/site\/2021\/10\/18\/pedro-caramelo-sale-de-su-zona-de-confort-con-bien-temprano\/#article","isPartOf":{"@id":"https:\/\/noticiasmercedinas.com\/site\/2021\/10\/18\/pedro-caramelo-sale-de-su-zona-de-confort-con-bien-temprano\/"},"author":{"name":"NOTICIASMERCEDINAS.COM","@id":"https:\/\/noticiasmercedinas.com\/site\/#\/schema\/person\/84b59c099c28ff2e8b77d4ceec5d8063"},"headline":"Pedro Caramelo sale de su zona de confort con \u201cBien Temprano\u201d","datePublished":"2021-10-18T13:55:05+00:00","mainEntityOfPage":{"@id":"https:\/\/noticiasmercedinas.com\/site\/2021\/10\/18\/pedro-caramelo-sale-de-su-zona-de-confort-con-bien-temprano\/"},"wordCount":289,"commentCount":0,"publisher":{"@id":"https:\/\/noticiasmercedinas.com\/site\/#organization"},"image":{"@id":"https:\/\/noticiasmercedinas.com\/site\/2021\/10\/18\/pedro-caramelo-sale-de-su-zona-de-confort-con-bien-temprano\/#primaryimage"},"thumbnailUrl":"https:\/\/noticiasmercedinas.com\/site\/wp-content\/uploads\/2021\/10\/pedreocaramelo-e1634565236962.jpg","keywords":["Alejandro Cabrejos","cablevision","carolina bessega","Edgardo Miller","flow","marcelo elizondo","Noelia Ku\u00f1er","Pedro Caramelo","television","tv","Walter Anido"],"articleSection":["Medios"],"inLanguage":"es","potentialAction":[{"@type":"CommentAction","name":"Comment","target":["https:\/\/noticiasmercedinas.com\/site\/2021\/10\/18\/pedro-caramelo-sale-de-su-zona-de-confort-con-bien-temprano\/#respond"]}]},{"@type":"WebPage","@id":"https:\/\/noticiasmercedinas.com\/site\/2021\/10\/18\/pedro-caramelo-sale-de-su-zona-de-confort-con-bien-temprano\/","url":"https:\/\/noticiasmercedinas.com\/site\/2021\/10\/18\/pedro-caramelo-sale-de-su-zona-de-confort-con-bien-temprano\/","name":"Pedro Caramelo sale de su zona de confort con \u201cBien Temprano\u201d","isPartOf":{"@id":"https:\/\/noticiasmercedinas.com\/site\/#website"},"primaryImageOfPage":{"@id":"https:\/\/noticiasmercedinas.com\/site\/2021\/10\/18\/pedro-caramelo-sale-de-su-zona-de-confort-con-bien-temprano\/#primaryimage"},"image":{"@id":"https:\/\/noticiasmercedinas.com\/site\/2021\/10\/18\/pedro-caramelo-sale-de-su-zona-de-confort-con-bien-temprano\/#primaryimage"},"thumbnailUrl":"https:\/\/noticiasmercedinas.com\/site\/wp-content\/uploads\/2021\/10\/pedreocaramelo-e1634565236962.jpg","datePublished":"2021-10-18T13:55:05+00:00","breadcrumb":{"@id":"https:\/\/noticiasmercedinas.com\/site\/2021\/10\/18\/pedro-caramelo-sale-de-su-zona-de-confort-con-bien-temprano\/#breadcrumb"},"inLanguage":"es","potentialAction":[{"@type":"ReadAction","target":["https:\/\/noticiasmercedinas.com\/site\/2021\/10\/18\/pedro-caramelo-sale-de-su-zona-de-confort-con-bien-temprano\/"]}]},{"@type":"ImageObject","inLanguage":"es","@id":"https:\/\/noticiasmercedinas.com\/site\/2021\/10\/18\/pedro-caramelo-sale-de-su-zona-de-confort-con-bien-temprano\/#primaryimage","url":"https:\/\/noticiasmercedinas.com\/site\/wp-content\/uploads\/2021\/10\/pedreocaramelo-e1634565236962.jpg","contentUrl":"https:\/\/noticiasmercedinas.com\/site\/wp-content\/uploads\/2021\/10\/pedreocaramelo-e1634565236962.jpg","width":640,"height":360},{"@type":"BreadcrumbList","@id":"https:\/\/noticiasmercedinas.com\/site\/2021\/10\/18\/pedro-caramelo-sale-de-su-zona-de-confort-con-bien-temprano\/#breadcrumb","itemListElement":[{"@type":"ListItem","position":1,"name":"Portada","item":"https:\/\/noticiasmercedinas.com\/site\/"},{"@type":"ListItem","position":2,"name":"Pedro Caramelo sale de su zona de confort con \u201cBien Temprano\u201d"}]},{"@type":"WebSite","@id":"https:\/\/noticiasmercedinas.com\/site\/#website","url":"https:\/\/noticiasmercedinas.com\/site\/","name":"NOTICIASMERCEDINAS.COM","description":"Mercedes, Buenos Aires, Argentina","publisher":{"@id":"https:\/\/noticiasmercedinas.com\/site\/#organization"},"potentialAction":[{"@type":"SearchAction","target":{"@type":"EntryPoint","urlTemplate":"https:\/\/noticiasmercedinas.com\/site\/?s={search_term_string}"},"query-input":{"@type":"PropertyValueSpecification","valueRequired":true,"valueName":"search_term_string"}}],"inLanguage":"es"},{"@type":"Organization","@id":"https:\/\/noticiasmercedinas.com\/site\/#organization","name":"NOTICIASMERCEDINAS.COM","url":"https:\/\/noticiasmercedinas.com\/site\/","logo":{"@type":"ImageObject","inLanguage":"es","@id":"https:\/\/noticiasmercedinas.com\/site\/#\/schema\/logo\/image\/","url":"https:\/\/noticiasmercedinas.com\/site\/wp-content\/uploads\/2020\/06\/LOGO-512.jpg","contentUrl":"https:\/\/noticiasmercedinas.com\/site\/wp-content\/uploads\/2020\/06\/LOGO-512.jpg","width":512,"height":512,"caption":"NOTICIASMERCEDINAS.COM"},"image":{"@id":"https:\/\/noticiasmercedinas.com\/site\/#\/schema\/logo\/image\/"},"sameAs":["https:\/\/www.facebook.com\/noticiasmercedinas\/","https:\/\/x.com\/notmercedinas","https:\/\/www.instagram.com\/noticiasmercedinas\/"]},{"@type":"Person","@id":"https:\/\/noticiasmercedinas.com\/site\/#\/schema\/person\/84b59c099c28ff2e8b77d4ceec5d8063","name":"NOTICIASMERCEDINAS.COM","image":{"@type":"ImageObject","inLanguage":"es","@id":"https:\/\/secure.gravatar.com\/avatar\/4dfbf16b4d17945bfb6341b2d19043457132fcf478a5ee04f42e959fd8f5df0a?s=96&d=mm&r=g","url":"https:\/\/secure.gravatar.com\/avatar\/4dfbf16b4d17945bfb6341b2d19043457132fcf478a5ee04f42e959fd8f5df0a?s=96&d=mm&r=g","contentUrl":"https:\/\/secure.gravatar.com\/avatar\/4dfbf16b4d17945bfb6341b2d19043457132fcf478a5ee04f42e959fd8f5df0a?s=96&d=mm&r=g","caption":"NOTICIASMERCEDINAS.COM"},"url":"https:\/\/noticiasmercedinas.com\/site\/author\/anonimo\/"}]}},"amp_enabled":true,"_links":{"self":[{"href":"https:\/\/noticiasmercedinas.com\/site\/wp-json\/wp\/v2\/posts\/77347","targetHints":{"allow":["GET"]}}],"collection":[{"href":"https:\/\/noticiasmercedinas.com\/site\/wp-json\/wp\/v2\/posts"}],"about":[{"href":"https:\/\/noticiasmercedinas.com\/site\/wp-json\/wp\/v2\/types\/post"}],"author":[{"embeddable":true,"href":"https:\/\/noticiasmercedinas.com\/site\/wp-json\/wp\/v2\/users\/16"}],"replies":[{"embeddable":true,"href":"https:\/\/noticiasmercedinas.com\/site\/wp-json\/wp\/v2\/comments?post=77347"}],"version-history":[{"count":4,"href":"https:\/\/noticiasmercedinas.com\/site\/wp-json\/wp\/v2\/posts\/77347\/revisions"}],"predecessor-version":[{"id":77355,"href":"https:\/\/noticiasmercedinas.com\/site\/wp-json\/wp\/v2\/posts\/77347\/revisions\/77355"}],"wp:featuredmedia":[{"embeddable":true,"href":"https:\/\/noticiasmercedinas.com\/site\/wp-json\/wp\/v2\/media\/77354"}],"wp:attachment":[{"href":"https:\/\/noticiasmercedinas.com\/site\/wp-json\/wp\/v2\/media?parent=77347"}],"wp:term":[{"taxonomy":"category","embeddable":true,"href":"https:\/\/noticiasmercedinas.com\/site\/wp-json\/wp\/v2\/categories?post=77347"},{"taxonomy":"post_tag","embeddable":true,"href":"https:\/\/noticiasmercedinas.com\/site\/wp-json\/wp\/v2\/tags?post=77347"}],"curies":[{"name":"wp","href":"https:\/\/api.w.org\/{rel}","templated":true}]}}