{"id":7767,"date":"2018-11-26T17:48:53","date_gmt":"2018-11-26T20:48:53","guid":{"rendered":"https:\/\/noticiasmercedinas.com\/site\/?p=7767"},"modified":"2018-11-26T17:48:53","modified_gmt":"2018-11-26T20:48:53","slug":"bancarios-valoran-acuerdo-con-las-camaras-quedamos-empatados-dijo-pastorini","status":"publish","type":"post","link":"https:\/\/noticiasmercedinas.com\/site\/2018\/11\/26\/bancarios-valoran-acuerdo-con-las-camaras-quedamos-empatados-dijo-pastorini\/","title":{"rendered":"Bancarios valoran acuerdo con las c\u00e1maras: \u201cQuedamos empatados\u201d, dijo Pastorini"},"content":{"rendered":"<p><img loading=\"lazy\" decoding=\"async\" class=\"alignnone size-large wp-image-7768\" src=\"https:\/\/noticiasmercedinas.com\/site\/wp-content\/uploads\/2018\/11\/La-bancaria-1024x457.jpg\" alt=\"\" width=\"640\" height=\"286\" srcset=\"https:\/\/noticiasmercedinas.com\/site\/wp-content\/uploads\/2018\/11\/La-bancaria-1024x457.jpg 1024w, https:\/\/noticiasmercedinas.com\/site\/wp-content\/uploads\/2018\/11\/La-bancaria-300x134.jpg 300w, https:\/\/noticiasmercedinas.com\/site\/wp-content\/uploads\/2018\/11\/La-bancaria-768x343.jpg 768w, https:\/\/noticiasmercedinas.com\/site\/wp-content\/uploads\/2018\/11\/La-bancaria-640x286.jpg 640w, https:\/\/noticiasmercedinas.com\/site\/wp-content\/uploads\/2018\/11\/La-bancaria-1280x571.jpg 1280w, https:\/\/noticiasmercedinas.com\/site\/wp-content\/uploads\/2018\/11\/La-bancaria-681x304.jpg 681w, https:\/\/noticiasmercedinas.com\/site\/wp-content\/uploads\/2018\/11\/La-bancaria-1362x608.jpg 1362w\" sizes=\"auto, (max-width: 640px) 100vw, 640px\" \/><\/p>\n<p>En un panorama m\u00e1s que dif\u00edcil con subas constantes del d\u00f3lar, de la nafta y de los precios de los productos b\u00e1sicos de la canasta familiar, a los gremios se les ha hecho muy dif\u00edcil la lucha por mantener el salario de los trabajadores en un panorama de dignidad. Y en este contexto desde <strong>La Bancaria<\/strong> destacaron la importancia de un acuerdo m\u00e1s al que arribaron, esta vez con las c\u00e1maras del sector, que les deja en un plano de igualdad con la inflaci\u00f3n dada en el Indice de Precios al Consumidor (IPC).<\/p>\n<p>En el d\u00eda de la fecha, como se establece en el acuerdo paritario de abril, la C\u00e1mara ABAPPRA suscribi\u00f3 un nuevo cumplimiento de la cl\u00e1usula actualizaci\u00f3n salarial con un 12 por ciento de aumento partir del 1\u00b0 de octubre, coherentemente con lo establecido en los acuerdos con las c\u00e1maras ABA, ADEBA y ABE.<\/p>\n<p>\u201cNo cabe duda de que esta nueva actualizaci\u00f3n fue garantizada por el firme accionar de las bancarias y los bancarios organizados en la Asociaci\u00f3n Bancaria\u201d, expresaron desde el secretariado general de la Asocaici\u00f3n Bancaria.<\/p>\n<p>En tanto, y consultado por este medio sobre la importancia de este acuerdo, el dirigente <strong>Miguel Pastorini<\/strong>, de La Bancaria Seccional Chivilcoy, sostuvo: \u201cEs un acuerdo que mantiene el poder adquisitivo de los trabajadores bancarios en un escenario que a nosotros nos cuesta mucho. Del primero de enero a la firma de este acuerdo habr\u00edamos obtenido un 40 por ciento, sumando todos los acuerdos a los que arribamos, y la inflaci\u00f3n fue del 39.5 por ciento. Salimos empatados\u201d, valor\u00f3 el representante de los trabajadores e indic\u00f3 que este acuerdo \u201ctendr\u00e1 impacto en aguinaldo y adicionales, y tambi\u00e9n en el d\u00eda del bancario que si bien ya se pag\u00f3 se cobrar\u00e1 retroactivo\u201d.<\/p>\n<p>Este acuerdo, seg\u00fan Miguel Pastorini expres\u00f3 a NOTICIASMERCEDINAS.COM coloca a los trabajadores bancarios \u201cen la carrera de poder sentarnos el mes que viene para ver c\u00f3mo queda la situaci\u00f3n de cara a los n\u00fameros del IPC y para entrar en una paritaria a partir de enero en mejores condiciones\u201d.<\/p>\n<p>\u201cEste es un acuerdo muy importante\u201d, complet\u00f3 Pastorini.<\/p>\n","protected":false},"excerpt":{"rendered":"<p>En un panorama m\u00e1s que dif\u00edcil con subas constantes del d\u00f3lar, de la nafta y de los precios de los productos b\u00e1sicos de la canasta familiar, a los gremios se les ha hecho muy dif\u00edcil la lucha por mantener el salario de los trabajadores en un panorama de dignidad. Y en este contexto desde La [&hellip;]<\/p>\n","protected":false},"author":2,"featured_media":7768,"comment_status":"open","ping_status":"open","sticky":false,"template":"","format":"standard","meta":{"footnotes":""},"categories":[3],"tags":[2414,2413,2354,1527,1913,843,851,423],"class_list":["post-7767","post","type-post","status-publish","format-standard","has-post-thumbnail","hentry","category-sociedad","tag-acuerdo","tag-bancarios","tag-banco-nacion","tag-banco-provincia","tag-bancos","tag-la-bancaria","tag-miguel-pastorini","tag-salarios"],"yoast_head":"<!-- This site is optimized with the Yoast SEO plugin v27.4 - https:\/\/yoast.com\/product\/yoast-seo-wordpress\/ -->\n<title>Bancarios valoran acuerdo con las c\u00e1maras: \u201cQuedamos empatados\u201d, dijo Pastorini<\/title>\n<meta name=\"robots\" content=\"index, follow, max-snippet:-1, max-image-preview:large, max-video-preview:-1\" \/>\n<link rel=\"canonical\" href=\"https:\/\/noticiasmercedinas.com\/site\/2018\/11\/26\/bancarios-valoran-acuerdo-con-las-camaras-quedamos-empatados-dijo-pastorini\/\" \/>\n<meta property=\"og:locale\" content=\"es_ES\" \/>\n<meta property=\"og:type\" content=\"article\" \/>\n<meta property=\"og:title\" content=\"Bancarios valoran acuerdo con las c\u00e1maras: \u201cQuedamos empatados\u201d, dijo Pastorini\" \/>\n<meta property=\"og:description\" content=\"En un panorama m\u00e1s que dif\u00edcil con subas constantes del d\u00f3lar, de la nafta y de los precios de los productos b\u00e1sicos de la canasta familiar, a los gremios se les ha hecho muy dif\u00edcil la lucha por mantener el salario de los trabajadores en un panorama de dignidad. Y en este contexto desde La [&hellip;]\" \/>\n<meta property=\"og:url\" content=\"https:\/\/noticiasmercedinas.com\/site\/2018\/11\/26\/bancarios-valoran-acuerdo-con-las-camaras-quedamos-empatados-dijo-pastorini\/\" \/>\n<meta property=\"og:site_name\" content=\"NOTICIASMERCEDINAS.COM\" \/>\n<meta property=\"article:publisher\" content=\"https:\/\/www.facebook.com\/noticiasmercedinas\/\" \/>\n<meta property=\"article:author\" content=\"https:\/\/www.facebook.com\/cristian.falabella\" \/>\n<meta property=\"article:published_time\" content=\"2018-11-26T20:48:53+00:00\" \/>\n<meta property=\"og:image\" content=\"https:\/\/noticiasmercedinas.com\/site\/wp-content\/uploads\/2018\/11\/La-bancaria.jpg\" \/>\n\t<meta property=\"og:image:width\" content=\"2520\" \/>\n\t<meta property=\"og:image:height\" content=\"1125\" \/>\n\t<meta property=\"og:image:type\" content=\"image\/jpeg\" \/>\n<meta name=\"author\" content=\"Cristian Falabella NOTICIASMERCEDINAS.COM\" \/>\n<meta name=\"twitter:card\" content=\"summary_large_image\" \/>\n<meta name=\"twitter:creator\" content=\"@https:\/\/twitter.com\/NOTMERCEDINAS\" \/>\n<meta name=\"twitter:site\" content=\"@notmercedinas\" \/>\n<meta name=\"twitter:label1\" content=\"Escrito por\" \/>\n\t<meta name=\"twitter:data1\" content=\"Cristian Falabella NOTICIASMERCEDINAS.COM\" \/>\n\t<meta name=\"twitter:label2\" content=\"Tiempo de lectura\" \/>\n\t<meta name=\"twitter:data2\" content=\"2 minutos\" \/>\n<script type=\"application\/ld+json\" class=\"yoast-schema-graph\">{\"@context\":\"https:\\\/\\\/schema.org\",\"@graph\":[{\"@type\":\"Article\",\"@id\":\"https:\\\/\\\/noticiasmercedinas.com\\\/site\\\/2018\\\/11\\\/26\\\/bancarios-valoran-acuerdo-con-las-camaras-quedamos-empatados-dijo-pastorini\\\/#article\",\"isPartOf\":{\"@id\":\"https:\\\/\\\/noticiasmercedinas.com\\\/site\\\/2018\\\/11\\\/26\\\/bancarios-valoran-acuerdo-con-las-camaras-quedamos-empatados-dijo-pastorini\\\/\"},\"author\":{\"name\":\"Cristian Falabella NOTICIASMERCEDINAS.COM\",\"@id\":\"https:\\\/\\\/noticiasmercedinas.com\\\/site\\\/#\\\/schema\\\/person\\\/d481a9696a5feaec13a60e2bbd991a6a\"},\"headline\":\"Bancarios valoran acuerdo con las c\u00e1maras: \u201cQuedamos empatados\u201d, dijo Pastorini\",\"datePublished\":\"2018-11-26T20:48:53+00:00\",\"mainEntityOfPage\":{\"@id\":\"https:\\\/\\\/noticiasmercedinas.com\\\/site\\\/2018\\\/11\\\/26\\\/bancarios-valoran-acuerdo-con-las-camaras-quedamos-empatados-dijo-pastorini\\\/\"},\"wordCount\":380,\"commentCount\":0,\"publisher\":{\"@id\":\"https:\\\/\\\/noticiasmercedinas.com\\\/site\\\/#organization\"},\"image\":{\"@id\":\"https:\\\/\\\/noticiasmercedinas.com\\\/site\\\/2018\\\/11\\\/26\\\/bancarios-valoran-acuerdo-con-las-camaras-quedamos-empatados-dijo-pastorini\\\/#primaryimage\"},\"thumbnailUrl\":\"https:\\\/\\\/noticiasmercedinas.com\\\/site\\\/wp-content\\\/uploads\\\/2018\\\/11\\\/La-bancaria.jpg\",\"keywords\":[\"acuerdo\",\"bancarios\",\"banco nacion\",\"banco provincia\",\"bancos\",\"la bancaria\",\"miguel pastorini\",\"salarios\"],\"articleSection\":[\"Sociedad\"],\"inLanguage\":\"es\",\"potentialAction\":[{\"@type\":\"CommentAction\",\"name\":\"Comment\",\"target\":[\"https:\\\/\\\/noticiasmercedinas.com\\\/site\\\/2018\\\/11\\\/26\\\/bancarios-valoran-acuerdo-con-las-camaras-quedamos-empatados-dijo-pastorini\\\/#respond\"]}]},{\"@type\":\"WebPage\",\"@id\":\"https:\\\/\\\/noticiasmercedinas.com\\\/site\\\/2018\\\/11\\\/26\\\/bancarios-valoran-acuerdo-con-las-camaras-quedamos-empatados-dijo-pastorini\\\/\",\"url\":\"https:\\\/\\\/noticiasmercedinas.com\\\/site\\\/2018\\\/11\\\/26\\\/bancarios-valoran-acuerdo-con-las-camaras-quedamos-empatados-dijo-pastorini\\\/\",\"name\":\"Bancarios valoran acuerdo con las c\u00e1maras: \u201cQuedamos empatados\u201d, dijo Pastorini\",\"isPartOf\":{\"@id\":\"https:\\\/\\\/noticiasmercedinas.com\\\/site\\\/#website\"},\"primaryImageOfPage\":{\"@id\":\"https:\\\/\\\/noticiasmercedinas.com\\\/site\\\/2018\\\/11\\\/26\\\/bancarios-valoran-acuerdo-con-las-camaras-quedamos-empatados-dijo-pastorini\\\/#primaryimage\"},\"image\":{\"@id\":\"https:\\\/\\\/noticiasmercedinas.com\\\/site\\\/2018\\\/11\\\/26\\\/bancarios-valoran-acuerdo-con-las-camaras-quedamos-empatados-dijo-pastorini\\\/#primaryimage\"},\"thumbnailUrl\":\"https:\\\/\\\/noticiasmercedinas.com\\\/site\\\/wp-content\\\/uploads\\\/2018\\\/11\\\/La-bancaria.jpg\",\"datePublished\":\"2018-11-26T20:48:53+00:00\",\"breadcrumb\":{\"@id\":\"https:\\\/\\\/noticiasmercedinas.com\\\/site\\\/2018\\\/11\\\/26\\\/bancarios-valoran-acuerdo-con-las-camaras-quedamos-empatados-dijo-pastorini\\\/#breadcrumb\"},\"inLanguage\":\"es\",\"potentialAction\":[{\"@type\":\"ReadAction\",\"target\":[\"https:\\\/\\\/noticiasmercedinas.com\\\/site\\\/2018\\\/11\\\/26\\\/bancarios-valoran-acuerdo-con-las-camaras-quedamos-empatados-dijo-pastorini\\\/\"]}]},{\"@type\":\"ImageObject\",\"inLanguage\":\"es\",\"@id\":\"https:\\\/\\\/noticiasmercedinas.com\\\/site\\\/2018\\\/11\\\/26\\\/bancarios-valoran-acuerdo-con-las-camaras-quedamos-empatados-dijo-pastorini\\\/#primaryimage\",\"url\":\"https:\\\/\\\/noticiasmercedinas.com\\\/site\\\/wp-content\\\/uploads\\\/2018\\\/11\\\/La-bancaria.jpg\",\"contentUrl\":\"https:\\\/\\\/noticiasmercedinas.com\\\/site\\\/wp-content\\\/uploads\\\/2018\\\/11\\\/La-bancaria.jpg\",\"width\":2520,\"height\":1125},{\"@type\":\"BreadcrumbList\",\"@id\":\"https:\\\/\\\/noticiasmercedinas.com\\\/site\\\/2018\\\/11\\\/26\\\/bancarios-valoran-acuerdo-con-las-camaras-quedamos-empatados-dijo-pastorini\\\/#breadcrumb\",\"itemListElement\":[{\"@type\":\"ListItem\",\"position\":1,\"name\":\"Portada\",\"item\":\"https:\\\/\\\/noticiasmercedinas.com\\\/site\\\/\"},{\"@type\":\"ListItem\",\"position\":2,\"name\":\"Bancarios valoran acuerdo con las c\u00e1maras: \u201cQuedamos empatados\u201d, dijo Pastorini\"}]},{\"@type\":\"WebSite\",\"@id\":\"https:\\\/\\\/noticiasmercedinas.com\\\/site\\\/#website\",\"url\":\"https:\\\/\\\/noticiasmercedinas.com\\\/site\\\/\",\"name\":\"NOTICIASMERCEDINAS.COM\",\"description\":\"Mercedes, Buenos Aires, Argentina\",\"publisher\":{\"@id\":\"https:\\\/\\\/noticiasmercedinas.com\\\/site\\\/#organization\"},\"potentialAction\":[{\"@type\":\"SearchAction\",\"target\":{\"@type\":\"EntryPoint\",\"urlTemplate\":\"https:\\\/\\\/noticiasmercedinas.com\\\/site\\\/?s={search_term_string}\"},\"query-input\":{\"@type\":\"PropertyValueSpecification\",\"valueRequired\":true,\"valueName\":\"search_term_string\"}}],\"inLanguage\":\"es\"},{\"@type\":\"Organization\",\"@id\":\"https:\\\/\\\/noticiasmercedinas.com\\\/site\\\/#organization\",\"name\":\"NOTICIASMERCEDINAS.COM\",\"url\":\"https:\\\/\\\/noticiasmercedinas.com\\\/site\\\/\",\"logo\":{\"@type\":\"ImageObject\",\"inLanguage\":\"es\",\"@id\":\"https:\\\/\\\/noticiasmercedinas.com\\\/site\\\/#\\\/schema\\\/logo\\\/image\\\/\",\"url\":\"https:\\\/\\\/noticiasmercedinas.com\\\/site\\\/wp-content\\\/uploads\\\/2020\\\/06\\\/LOGO-512.jpg\",\"contentUrl\":\"https:\\\/\\\/noticiasmercedinas.com\\\/site\\\/wp-content\\\/uploads\\\/2020\\\/06\\\/LOGO-512.jpg\",\"width\":512,\"height\":512,\"caption\":\"NOTICIASMERCEDINAS.COM\"},\"image\":{\"@id\":\"https:\\\/\\\/noticiasmercedinas.com\\\/site\\\/#\\\/schema\\\/logo\\\/image\\\/\"},\"sameAs\":[\"https:\\\/\\\/www.facebook.com\\\/noticiasmercedinas\\\/\",\"https:\\\/\\\/x.com\\\/notmercedinas\",\"https:\\\/\\\/www.instagram.com\\\/noticiasmercedinas\\\/\"]},{\"@type\":\"Person\",\"@id\":\"https:\\\/\\\/noticiasmercedinas.com\\\/site\\\/#\\\/schema\\\/person\\\/d481a9696a5feaec13a60e2bbd991a6a\",\"name\":\"Cristian Falabella NOTICIASMERCEDINAS.COM\",\"image\":{\"@type\":\"ImageObject\",\"inLanguage\":\"es\",\"@id\":\"https:\\\/\\\/secure.gravatar.com\\\/avatar\\\/0dbbfc45970cc46bcd0e57766228574ff3511d6eed045b182f536f0f478c1f06?s=96&d=mm&r=g\",\"url\":\"https:\\\/\\\/secure.gravatar.com\\\/avatar\\\/0dbbfc45970cc46bcd0e57766228574ff3511d6eed045b182f536f0f478c1f06?s=96&d=mm&r=g\",\"contentUrl\":\"https:\\\/\\\/secure.gravatar.com\\\/avatar\\\/0dbbfc45970cc46bcd0e57766228574ff3511d6eed045b182f536f0f478c1f06?s=96&d=mm&r=g\",\"caption\":\"Cristian Falabella NOTICIASMERCEDINAS.COM\"},\"description\":\"Periodista, editor de Noticias Mercedinas. Pas\u00f3 por varias redacciones y emprendimientos de prensa, en distintos formatos y \u00e9pocas. Se especializ\u00f3 --y sigue haci\u00e9ndolo-- en comunicaci\u00f3n en la web y en junio de 2006 fund\u00f3 este diario digital.\",\"sameAs\":[\"https:\\\/\\\/noticiasmercedinas.com\",\"https:\\\/\\\/www.facebook.com\\\/cristian.falabella\",\"https:\\\/\\\/www.instagram.com\\\/noticiasmercedinas\\\/\",\"https:\\\/\\\/x.com\\\/https:\\\/\\\/twitter.com\\\/NOTMERCEDINAS\"],\"url\":\"https:\\\/\\\/noticiasmercedinas.com\\\/site\\\/author\\\/as000384\\\/\"}]}<\/script>\n<!-- \/ Yoast SEO plugin. -->","yoast_head_json":{"title":"Bancarios valoran acuerdo con las c\u00e1maras: \u201cQuedamos empatados\u201d, dijo Pastorini","robots":{"index":"index","follow":"follow","max-snippet":"max-snippet:-1","max-image-preview":"max-image-preview:large","max-video-preview":"max-video-preview:-1"},"canonical":"https:\/\/noticiasmercedinas.com\/site\/2018\/11\/26\/bancarios-valoran-acuerdo-con-las-camaras-quedamos-empatados-dijo-pastorini\/","og_locale":"es_ES","og_type":"article","og_title":"Bancarios valoran acuerdo con las c\u00e1maras: \u201cQuedamos empatados\u201d, dijo Pastorini","og_description":"En un panorama m\u00e1s que dif\u00edcil con subas constantes del d\u00f3lar, de la nafta y de los precios de los productos b\u00e1sicos de la canasta familiar, a los gremios se les ha hecho muy dif\u00edcil la lucha por mantener el salario de los trabajadores en un panorama de dignidad. Y en este contexto desde La [&hellip;]","og_url":"https:\/\/noticiasmercedinas.com\/site\/2018\/11\/26\/bancarios-valoran-acuerdo-con-las-camaras-quedamos-empatados-dijo-pastorini\/","og_site_name":"NOTICIASMERCEDINAS.COM","article_publisher":"https:\/\/www.facebook.com\/noticiasmercedinas\/","article_author":"https:\/\/www.facebook.com\/cristian.falabella","article_published_time":"2018-11-26T20:48:53+00:00","og_image":[{"width":2520,"height":1125,"url":"https:\/\/noticiasmercedinas.com\/site\/wp-content\/uploads\/2018\/11\/La-bancaria.jpg","type":"image\/jpeg"}],"author":"Cristian Falabella NOTICIASMERCEDINAS.COM","twitter_card":"summary_large_image","twitter_creator":"@https:\/\/twitter.com\/NOTMERCEDINAS","twitter_site":"@notmercedinas","twitter_misc":{"Escrito por":"Cristian Falabella NOTICIASMERCEDINAS.COM","Tiempo de lectura":"2 minutos"},"schema":{"@context":"https:\/\/schema.org","@graph":[{"@type":"Article","@id":"https:\/\/noticiasmercedinas.com\/site\/2018\/11\/26\/bancarios-valoran-acuerdo-con-las-camaras-quedamos-empatados-dijo-pastorini\/#article","isPartOf":{"@id":"https:\/\/noticiasmercedinas.com\/site\/2018\/11\/26\/bancarios-valoran-acuerdo-con-las-camaras-quedamos-empatados-dijo-pastorini\/"},"author":{"name":"Cristian Falabella NOTICIASMERCEDINAS.COM","@id":"https:\/\/noticiasmercedinas.com\/site\/#\/schema\/person\/d481a9696a5feaec13a60e2bbd991a6a"},"headline":"Bancarios valoran acuerdo con las c\u00e1maras: \u201cQuedamos empatados\u201d, dijo Pastorini","datePublished":"2018-11-26T20:48:53+00:00","mainEntityOfPage":{"@id":"https:\/\/noticiasmercedinas.com\/site\/2018\/11\/26\/bancarios-valoran-acuerdo-con-las-camaras-quedamos-empatados-dijo-pastorini\/"},"wordCount":380,"commentCount":0,"publisher":{"@id":"https:\/\/noticiasmercedinas.com\/site\/#organization"},"image":{"@id":"https:\/\/noticiasmercedinas.com\/site\/2018\/11\/26\/bancarios-valoran-acuerdo-con-las-camaras-quedamos-empatados-dijo-pastorini\/#primaryimage"},"thumbnailUrl":"https:\/\/noticiasmercedinas.com\/site\/wp-content\/uploads\/2018\/11\/La-bancaria.jpg","keywords":["acuerdo","bancarios","banco nacion","banco provincia","bancos","la bancaria","miguel pastorini","salarios"],"articleSection":["Sociedad"],"inLanguage":"es","potentialAction":[{"@type":"CommentAction","name":"Comment","target":["https:\/\/noticiasmercedinas.com\/site\/2018\/11\/26\/bancarios-valoran-acuerdo-con-las-camaras-quedamos-empatados-dijo-pastorini\/#respond"]}]},{"@type":"WebPage","@id":"https:\/\/noticiasmercedinas.com\/site\/2018\/11\/26\/bancarios-valoran-acuerdo-con-las-camaras-quedamos-empatados-dijo-pastorini\/","url":"https:\/\/noticiasmercedinas.com\/site\/2018\/11\/26\/bancarios-valoran-acuerdo-con-las-camaras-quedamos-empatados-dijo-pastorini\/","name":"Bancarios valoran acuerdo con las c\u00e1maras: \u201cQuedamos empatados\u201d, dijo Pastorini","isPartOf":{"@id":"https:\/\/noticiasmercedinas.com\/site\/#website"},"primaryImageOfPage":{"@id":"https:\/\/noticiasmercedinas.com\/site\/2018\/11\/26\/bancarios-valoran-acuerdo-con-las-camaras-quedamos-empatados-dijo-pastorini\/#primaryimage"},"image":{"@id":"https:\/\/noticiasmercedinas.com\/site\/2018\/11\/26\/bancarios-valoran-acuerdo-con-las-camaras-quedamos-empatados-dijo-pastorini\/#primaryimage"},"thumbnailUrl":"https:\/\/noticiasmercedinas.com\/site\/wp-content\/uploads\/2018\/11\/La-bancaria.jpg","datePublished":"2018-11-26T20:48:53+00:00","breadcrumb":{"@id":"https:\/\/noticiasmercedinas.com\/site\/2018\/11\/26\/bancarios-valoran-acuerdo-con-las-camaras-quedamos-empatados-dijo-pastorini\/#breadcrumb"},"inLanguage":"es","potentialAction":[{"@type":"ReadAction","target":["https:\/\/noticiasmercedinas.com\/site\/2018\/11\/26\/bancarios-valoran-acuerdo-con-las-camaras-quedamos-empatados-dijo-pastorini\/"]}]},{"@type":"ImageObject","inLanguage":"es","@id":"https:\/\/noticiasmercedinas.com\/site\/2018\/11\/26\/bancarios-valoran-acuerdo-con-las-camaras-quedamos-empatados-dijo-pastorini\/#primaryimage","url":"https:\/\/noticiasmercedinas.com\/site\/wp-content\/uploads\/2018\/11\/La-bancaria.jpg","contentUrl":"https:\/\/noticiasmercedinas.com\/site\/wp-content\/uploads\/2018\/11\/La-bancaria.jpg","width":2520,"height":1125},{"@type":"BreadcrumbList","@id":"https:\/\/noticiasmercedinas.com\/site\/2018\/11\/26\/bancarios-valoran-acuerdo-con-las-camaras-quedamos-empatados-dijo-pastorini\/#breadcrumb","itemListElement":[{"@type":"ListItem","position":1,"name":"Portada","item":"https:\/\/noticiasmercedinas.com\/site\/"},{"@type":"ListItem","position":2,"name":"Bancarios valoran acuerdo con las c\u00e1maras: \u201cQuedamos empatados\u201d, dijo Pastorini"}]},{"@type":"WebSite","@id":"https:\/\/noticiasmercedinas.com\/site\/#website","url":"https:\/\/noticiasmercedinas.com\/site\/","name":"NOTICIASMERCEDINAS.COM","description":"Mercedes, Buenos Aires, Argentina","publisher":{"@id":"https:\/\/noticiasmercedinas.com\/site\/#organization"},"potentialAction":[{"@type":"SearchAction","target":{"@type":"EntryPoint","urlTemplate":"https:\/\/noticiasmercedinas.com\/site\/?s={search_term_string}"},"query-input":{"@type":"PropertyValueSpecification","valueRequired":true,"valueName":"search_term_string"}}],"inLanguage":"es"},{"@type":"Organization","@id":"https:\/\/noticiasmercedinas.com\/site\/#organization","name":"NOTICIASMERCEDINAS.COM","url":"https:\/\/noticiasmercedinas.com\/site\/","logo":{"@type":"ImageObject","inLanguage":"es","@id":"https:\/\/noticiasmercedinas.com\/site\/#\/schema\/logo\/image\/","url":"https:\/\/noticiasmercedinas.com\/site\/wp-content\/uploads\/2020\/06\/LOGO-512.jpg","contentUrl":"https:\/\/noticiasmercedinas.com\/site\/wp-content\/uploads\/2020\/06\/LOGO-512.jpg","width":512,"height":512,"caption":"NOTICIASMERCEDINAS.COM"},"image":{"@id":"https:\/\/noticiasmercedinas.com\/site\/#\/schema\/logo\/image\/"},"sameAs":["https:\/\/www.facebook.com\/noticiasmercedinas\/","https:\/\/x.com\/notmercedinas","https:\/\/www.instagram.com\/noticiasmercedinas\/"]},{"@type":"Person","@id":"https:\/\/noticiasmercedinas.com\/site\/#\/schema\/person\/d481a9696a5feaec13a60e2bbd991a6a","name":"Cristian Falabella NOTICIASMERCEDINAS.COM","image":{"@type":"ImageObject","inLanguage":"es","@id":"https:\/\/secure.gravatar.com\/avatar\/0dbbfc45970cc46bcd0e57766228574ff3511d6eed045b182f536f0f478c1f06?s=96&d=mm&r=g","url":"https:\/\/secure.gravatar.com\/avatar\/0dbbfc45970cc46bcd0e57766228574ff3511d6eed045b182f536f0f478c1f06?s=96&d=mm&r=g","contentUrl":"https:\/\/secure.gravatar.com\/avatar\/0dbbfc45970cc46bcd0e57766228574ff3511d6eed045b182f536f0f478c1f06?s=96&d=mm&r=g","caption":"Cristian Falabella NOTICIASMERCEDINAS.COM"},"description":"Periodista, editor de Noticias Mercedinas. Pas\u00f3 por varias redacciones y emprendimientos de prensa, en distintos formatos y \u00e9pocas. Se especializ\u00f3 --y sigue haci\u00e9ndolo-- en comunicaci\u00f3n en la web y en junio de 2006 fund\u00f3 este diario digital.","sameAs":["https:\/\/noticiasmercedinas.com","https:\/\/www.facebook.com\/cristian.falabella","https:\/\/www.instagram.com\/noticiasmercedinas\/","https:\/\/x.com\/https:\/\/twitter.com\/NOTMERCEDINAS"],"url":"https:\/\/noticiasmercedinas.com\/site\/author\/as000384\/"}]}},"amp_enabled":true,"_links":{"self":[{"href":"https:\/\/noticiasmercedinas.com\/site\/wp-json\/wp\/v2\/posts\/7767","targetHints":{"allow":["GET"]}}],"collection":[{"href":"https:\/\/noticiasmercedinas.com\/site\/wp-json\/wp\/v2\/posts"}],"about":[{"href":"https:\/\/noticiasmercedinas.com\/site\/wp-json\/wp\/v2\/types\/post"}],"author":[{"embeddable":true,"href":"https:\/\/noticiasmercedinas.com\/site\/wp-json\/wp\/v2\/users\/2"}],"replies":[{"embeddable":true,"href":"https:\/\/noticiasmercedinas.com\/site\/wp-json\/wp\/v2\/comments?post=7767"}],"version-history":[{"count":1,"href":"https:\/\/noticiasmercedinas.com\/site\/wp-json\/wp\/v2\/posts\/7767\/revisions"}],"predecessor-version":[{"id":7769,"href":"https:\/\/noticiasmercedinas.com\/site\/wp-json\/wp\/v2\/posts\/7767\/revisions\/7769"}],"wp:featuredmedia":[{"embeddable":true,"href":"https:\/\/noticiasmercedinas.com\/site\/wp-json\/wp\/v2\/media\/7768"}],"wp:attachment":[{"href":"https:\/\/noticiasmercedinas.com\/site\/wp-json\/wp\/v2\/media?parent=7767"}],"wp:term":[{"taxonomy":"category","embeddable":true,"href":"https:\/\/noticiasmercedinas.com\/site\/wp-json\/wp\/v2\/categories?post=7767"},{"taxonomy":"post_tag","embeddable":true,"href":"https:\/\/noticiasmercedinas.com\/site\/wp-json\/wp\/v2\/tags?post=7767"}],"curies":[{"name":"wp","href":"https:\/\/api.w.org\/{rel}","templated":true}]}}