{"id":78006,"date":"2021-10-26T16:58:35","date_gmt":"2021-10-26T19:58:35","guid":{"rendered":"https:\/\/noticiasmercedinas.com\/site\/?p=78006"},"modified":"2021-10-26T16:58:52","modified_gmt":"2021-10-26T19:58:52","slug":"se-lanzan-fuertes-medidas-ante-la-brecha-cambiaria-del-dolar","status":"publish","type":"post","link":"https:\/\/noticiasmercedinas.com\/site\/2021\/10\/26\/se-lanzan-fuertes-medidas-ante-la-brecha-cambiaria-del-dolar\/","title":{"rendered":"Se lanzan fuertes medidas ante la brecha cambiaria del d\u00f3lar"},"content":{"rendered":"<p><img loading=\"lazy\" decoding=\"async\" class=\"alignnone size-full wp-image-78007\" src=\"https:\/\/noticiasmercedinas.com\/site\/wp-content\/uploads\/2021\/10\/dolar.jpg\" alt=\"\" width=\"640\" height=\"317\" srcset=\"https:\/\/noticiasmercedinas.com\/site\/wp-content\/uploads\/2021\/10\/dolar.jpg 640w, https:\/\/noticiasmercedinas.com\/site\/wp-content\/uploads\/2021\/10\/dolar-300x149.jpg 300w\" sizes=\"auto, (max-width: 640px) 100vw, 640px\" \/><\/p>\n<p>A semanas de las elecciones generales legislativas, donde se elegir\u00e1n 127 diputados y 24 senadores para las bancas del Congreso, la presidencia de la naci\u00f3n sigue tomando medidas extremas para ajustar la suba del d\u00f3lar y frenar las posibles consecuencias y desajustes econ\u00f3micos. Como es de costumbre en el pa\u00eds el valor de la moneda extranjera en el mercado cambiario marca el ritmo en la econom\u00eda, con un panorama poco alentador, con fuertes devaluaciones y subas de precios.<\/p>\n<p>El Banco Central de la Rep\u00fablica Argentina (BCRA) y la Comisi\u00f3n Nacional de Valores (CNV) ya hab\u00edan decretado medidas con la intenci\u00f3n de garantizar la recuperaci\u00f3n econ\u00f3mica, que afectaron en primera instancia a la utilizaci\u00f3n del <a href=\"https:\/\/www.elmejortrato.com.ar\/inversiones\/como-calcular-la-ganancia-por-plazo-fijo\/calculo-de-plazo-fijo-en-dolares\">\u00a0d\u00f3lar como instrumento de ahorro<\/a>. Este es uno de los principales usos en la poblaci\u00f3n, que pretende ahorrar en esta divisa para evitar futuras devaluaciones. En estas medidas lanzadas en septiembre del 2020, el objetivo principal supon\u00eda \u201cuna m\u00e1s eficiente asignaci\u00f3n de las divisas; evitar operaciones disruptivas de inversores no residentes sobre los mercados financieros; favorecer el desarrollo del mercado de capitales local; sentar los lineamientos para una renegociaci\u00f3n de la deuda privada externa compatible con el normal funcionamiento del mercado de cambios, y priorizar a las peque\u00f1as y medianas empresas en la asignaci\u00f3n de cr\u00e9ditos para la prefinanciaci\u00f3n de exportaciones.\u201d<\/p>\n<p>En dicha ocasi\u00f3n la Administraci\u00f3n Federal de Ingresos P\u00fablicos (AFIP) estableci\u00f3 un <a href=\"https:\/\/www.bcra.gob.ar\/Noticias\/medidas-bcra-garantizan-divisas-para-recuperacion-economica-.asp\">mecanismo de percepci\u00f3n de pago de impuestos<\/a> a las Ganancias y sobre los Bienes Personales, que agregaba un 35% al valor del d\u00f3lar oficial a la hora de su adquisici\u00f3n o compra con tarjetas de d\u00e9bito y cr\u00e9dito en moneda extranjera. Esta medida se sum\u00f3 a otras, como el endurecimiento del cepo cambiario, como parte de un mecanismo que pretende proteger a los argentinos de la devaluaci\u00f3n y los altos \u00edndices inflacionarios que superan hoy el 58%.<\/p>\n<p>Luego de un a\u00f1o, con estas acciones del gobierno que parecen no ser suficientes, se busca seguir desalentando la demanda y las maniobras burs\u00e1tiles que benefician a unos pocos. En consecuencia, el Presidente Alberto Fern\u00e1ndez lanz\u00f3 decretos con foco central en las importaciones y las operaciones financieras.<\/p>\n<p>En cuanto a los importadores el BCRA determin\u00f3 la modificaci\u00f3n en el mecanismo por el cual se realizan los pagos anticipados de las importaciones, tras el registro de pagos por un valor mayor a las mercanc\u00edas ingresadas al pa\u00eds. El organismo burs\u00e1til, con la intenci\u00f3n de <a href=\"https:\/\/www.bcra.gob.ar\/Noticias\/cambios-mecanismo-pago-anticipado-importaciones.asp\">equilibrar los pagos con los bienes ingresados al pa\u00eds<\/a>,\u00a0 declar\u00f3 que la disposici\u00f3n s\u00f3lo aplica en los casos en que se est\u00e9n realizando importaciones por mayor valor del que se ha ingresado, por lo que afecta a 13% de las mismas. La medida estar\u00e1 vigente hasta el 31 de octubre\u201d.<\/p>\n<p>Por otra parte, la segunda disposici\u00f3n afecta directamente a las operaciones financieras, a partir de nuevos l\u00edmites para las operaciones de formaci\u00f3n de activos externos (FAE), que impondr\u00e1 la Comisi\u00f3n Nacional de Valores. El tope ser\u00e1 de 50.000 nominales por semana para la venta de valores negociables denominados en d\u00f3lares y emitidos bajo ley local con liquidaci\u00f3n en moneda extranjera.<\/p>\n","protected":false},"excerpt":{"rendered":"<p>A semanas de las elecciones generales legislativas, donde se elegir\u00e1n 127 diputados y 24 senadores para las bancas del Congreso, la presidencia de la naci\u00f3n sigue tomando medidas extremas para ajustar la suba del d\u00f3lar y frenar las posibles consecuencias y desajustes econ\u00f3micos. Como es de costumbre en el pa\u00eds el valor de la moneda [&hellip;]<\/p>\n","protected":false},"author":16,"featured_media":78007,"comment_status":"open","ping_status":"open","sticky":false,"template":"","format":"standard","meta":{"footnotes":""},"categories":[74],"tags":[6366,4089],"class_list":["post-78006","post","type-post","status-publish","format-standard","has-post-thumbnail","hentry","category-emprendimientos","tag-ahorro","tag-dolar"],"yoast_head":"<!-- This site is optimized with the Yoast SEO plugin v27.4 - https:\/\/yoast.com\/product\/yoast-seo-wordpress\/ -->\n<title>Se lanzan fuertes medidas ante la brecha cambiaria del d\u00f3lar<\/title>\n<meta name=\"robots\" content=\"index, follow, max-snippet:-1, max-image-preview:large, max-video-preview:-1\" \/>\n<link rel=\"canonical\" href=\"https:\/\/noticiasmercedinas.com\/site\/2021\/10\/26\/se-lanzan-fuertes-medidas-ante-la-brecha-cambiaria-del-dolar\/\" \/>\n<meta property=\"og:locale\" content=\"es_ES\" \/>\n<meta property=\"og:type\" content=\"article\" \/>\n<meta property=\"og:title\" content=\"Se lanzan fuertes medidas ante la brecha cambiaria del d\u00f3lar\" \/>\n<meta property=\"og:description\" content=\"A semanas de las elecciones generales legislativas, donde se elegir\u00e1n 127 diputados y 24 senadores para las bancas del Congreso, la presidencia de la naci\u00f3n sigue tomando medidas extremas para ajustar la suba del d\u00f3lar y frenar las posibles consecuencias y desajustes econ\u00f3micos. Como es de costumbre en el pa\u00eds el valor de la moneda [&hellip;]\" \/>\n<meta property=\"og:url\" content=\"https:\/\/noticiasmercedinas.com\/site\/2021\/10\/26\/se-lanzan-fuertes-medidas-ante-la-brecha-cambiaria-del-dolar\/\" \/>\n<meta property=\"og:site_name\" content=\"NOTICIASMERCEDINAS.COM\" \/>\n<meta property=\"article:publisher\" content=\"https:\/\/www.facebook.com\/noticiasmercedinas\/\" \/>\n<meta property=\"article:published_time\" content=\"2021-10-26T19:58:35+00:00\" \/>\n<meta property=\"article:modified_time\" content=\"2021-10-26T19:58:52+00:00\" \/>\n<meta property=\"og:image\" content=\"https:\/\/noticiasmercedinas.com\/site\/wp-content\/uploads\/2021\/10\/dolar.jpg\" \/>\n\t<meta property=\"og:image:width\" content=\"640\" \/>\n\t<meta property=\"og:image:height\" content=\"317\" \/>\n\t<meta property=\"og:image:type\" content=\"image\/jpeg\" \/>\n<meta name=\"author\" content=\"NOTICIASMERCEDINAS.COM\" \/>\n<meta name=\"twitter:card\" content=\"summary_large_image\" \/>\n<meta name=\"twitter:creator\" content=\"@notmercedinas\" \/>\n<meta name=\"twitter:site\" content=\"@notmercedinas\" \/>\n<meta name=\"twitter:label1\" content=\"Escrito por\" \/>\n\t<meta name=\"twitter:data1\" content=\"NOTICIASMERCEDINAS.COM\" \/>\n\t<meta name=\"twitter:label2\" content=\"Tiempo de lectura\" \/>\n\t<meta name=\"twitter:data2\" content=\"3 minutos\" \/>\n<script type=\"application\/ld+json\" class=\"yoast-schema-graph\">{\"@context\":\"https:\\\/\\\/schema.org\",\"@graph\":[{\"@type\":\"Article\",\"@id\":\"https:\\\/\\\/noticiasmercedinas.com\\\/site\\\/2021\\\/10\\\/26\\\/se-lanzan-fuertes-medidas-ante-la-brecha-cambiaria-del-dolar\\\/#article\",\"isPartOf\":{\"@id\":\"https:\\\/\\\/noticiasmercedinas.com\\\/site\\\/2021\\\/10\\\/26\\\/se-lanzan-fuertes-medidas-ante-la-brecha-cambiaria-del-dolar\\\/\"},\"author\":{\"name\":\"NOTICIASMERCEDINAS.COM\",\"@id\":\"https:\\\/\\\/noticiasmercedinas.com\\\/site\\\/#\\\/schema\\\/person\\\/84b59c099c28ff2e8b77d4ceec5d8063\"},\"headline\":\"Se lanzan fuertes medidas ante la brecha cambiaria del d\u00f3lar\",\"datePublished\":\"2021-10-26T19:58:35+00:00\",\"dateModified\":\"2021-10-26T19:58:52+00:00\",\"mainEntityOfPage\":{\"@id\":\"https:\\\/\\\/noticiasmercedinas.com\\\/site\\\/2021\\\/10\\\/26\\\/se-lanzan-fuertes-medidas-ante-la-brecha-cambiaria-del-dolar\\\/\"},\"wordCount\":560,\"commentCount\":0,\"publisher\":{\"@id\":\"https:\\\/\\\/noticiasmercedinas.com\\\/site\\\/#organization\"},\"image\":{\"@id\":\"https:\\\/\\\/noticiasmercedinas.com\\\/site\\\/2021\\\/10\\\/26\\\/se-lanzan-fuertes-medidas-ante-la-brecha-cambiaria-del-dolar\\\/#primaryimage\"},\"thumbnailUrl\":\"https:\\\/\\\/noticiasmercedinas.com\\\/site\\\/wp-content\\\/uploads\\\/2021\\\/10\\\/dolar.jpg\",\"keywords\":[\"ahorro\",\"dolar\"],\"articleSection\":[\"Emprendimientos\"],\"inLanguage\":\"es\",\"potentialAction\":[{\"@type\":\"CommentAction\",\"name\":\"Comment\",\"target\":[\"https:\\\/\\\/noticiasmercedinas.com\\\/site\\\/2021\\\/10\\\/26\\\/se-lanzan-fuertes-medidas-ante-la-brecha-cambiaria-del-dolar\\\/#respond\"]}]},{\"@type\":\"WebPage\",\"@id\":\"https:\\\/\\\/noticiasmercedinas.com\\\/site\\\/2021\\\/10\\\/26\\\/se-lanzan-fuertes-medidas-ante-la-brecha-cambiaria-del-dolar\\\/\",\"url\":\"https:\\\/\\\/noticiasmercedinas.com\\\/site\\\/2021\\\/10\\\/26\\\/se-lanzan-fuertes-medidas-ante-la-brecha-cambiaria-del-dolar\\\/\",\"name\":\"Se lanzan fuertes medidas ante la brecha cambiaria del d\u00f3lar\",\"isPartOf\":{\"@id\":\"https:\\\/\\\/noticiasmercedinas.com\\\/site\\\/#website\"},\"primaryImageOfPage\":{\"@id\":\"https:\\\/\\\/noticiasmercedinas.com\\\/site\\\/2021\\\/10\\\/26\\\/se-lanzan-fuertes-medidas-ante-la-brecha-cambiaria-del-dolar\\\/#primaryimage\"},\"image\":{\"@id\":\"https:\\\/\\\/noticiasmercedinas.com\\\/site\\\/2021\\\/10\\\/26\\\/se-lanzan-fuertes-medidas-ante-la-brecha-cambiaria-del-dolar\\\/#primaryimage\"},\"thumbnailUrl\":\"https:\\\/\\\/noticiasmercedinas.com\\\/site\\\/wp-content\\\/uploads\\\/2021\\\/10\\\/dolar.jpg\",\"datePublished\":\"2021-10-26T19:58:35+00:00\",\"dateModified\":\"2021-10-26T19:58:52+00:00\",\"breadcrumb\":{\"@id\":\"https:\\\/\\\/noticiasmercedinas.com\\\/site\\\/2021\\\/10\\\/26\\\/se-lanzan-fuertes-medidas-ante-la-brecha-cambiaria-del-dolar\\\/#breadcrumb\"},\"inLanguage\":\"es\",\"potentialAction\":[{\"@type\":\"ReadAction\",\"target\":[\"https:\\\/\\\/noticiasmercedinas.com\\\/site\\\/2021\\\/10\\\/26\\\/se-lanzan-fuertes-medidas-ante-la-brecha-cambiaria-del-dolar\\\/\"]}]},{\"@type\":\"ImageObject\",\"inLanguage\":\"es\",\"@id\":\"https:\\\/\\\/noticiasmercedinas.com\\\/site\\\/2021\\\/10\\\/26\\\/se-lanzan-fuertes-medidas-ante-la-brecha-cambiaria-del-dolar\\\/#primaryimage\",\"url\":\"https:\\\/\\\/noticiasmercedinas.com\\\/site\\\/wp-content\\\/uploads\\\/2021\\\/10\\\/dolar.jpg\",\"contentUrl\":\"https:\\\/\\\/noticiasmercedinas.com\\\/site\\\/wp-content\\\/uploads\\\/2021\\\/10\\\/dolar.jpg\",\"width\":640,\"height\":317},{\"@type\":\"BreadcrumbList\",\"@id\":\"https:\\\/\\\/noticiasmercedinas.com\\\/site\\\/2021\\\/10\\\/26\\\/se-lanzan-fuertes-medidas-ante-la-brecha-cambiaria-del-dolar\\\/#breadcrumb\",\"itemListElement\":[{\"@type\":\"ListItem\",\"position\":1,\"name\":\"Portada\",\"item\":\"https:\\\/\\\/noticiasmercedinas.com\\\/site\\\/\"},{\"@type\":\"ListItem\",\"position\":2,\"name\":\"Se lanzan fuertes medidas ante la brecha cambiaria del d\u00f3lar\"}]},{\"@type\":\"WebSite\",\"@id\":\"https:\\\/\\\/noticiasmercedinas.com\\\/site\\\/#website\",\"url\":\"https:\\\/\\\/noticiasmercedinas.com\\\/site\\\/\",\"name\":\"NOTICIASMERCEDINAS.COM\",\"description\":\"Mercedes, Buenos Aires, Argentina\",\"publisher\":{\"@id\":\"https:\\\/\\\/noticiasmercedinas.com\\\/site\\\/#organization\"},\"potentialAction\":[{\"@type\":\"SearchAction\",\"target\":{\"@type\":\"EntryPoint\",\"urlTemplate\":\"https:\\\/\\\/noticiasmercedinas.com\\\/site\\\/?s={search_term_string}\"},\"query-input\":{\"@type\":\"PropertyValueSpecification\",\"valueRequired\":true,\"valueName\":\"search_term_string\"}}],\"inLanguage\":\"es\"},{\"@type\":\"Organization\",\"@id\":\"https:\\\/\\\/noticiasmercedinas.com\\\/site\\\/#organization\",\"name\":\"NOTICIASMERCEDINAS.COM\",\"url\":\"https:\\\/\\\/noticiasmercedinas.com\\\/site\\\/\",\"logo\":{\"@type\":\"ImageObject\",\"inLanguage\":\"es\",\"@id\":\"https:\\\/\\\/noticiasmercedinas.com\\\/site\\\/#\\\/schema\\\/logo\\\/image\\\/\",\"url\":\"https:\\\/\\\/noticiasmercedinas.com\\\/site\\\/wp-content\\\/uploads\\\/2020\\\/06\\\/LOGO-512.jpg\",\"contentUrl\":\"https:\\\/\\\/noticiasmercedinas.com\\\/site\\\/wp-content\\\/uploads\\\/2020\\\/06\\\/LOGO-512.jpg\",\"width\":512,\"height\":512,\"caption\":\"NOTICIASMERCEDINAS.COM\"},\"image\":{\"@id\":\"https:\\\/\\\/noticiasmercedinas.com\\\/site\\\/#\\\/schema\\\/logo\\\/image\\\/\"},\"sameAs\":[\"https:\\\/\\\/www.facebook.com\\\/noticiasmercedinas\\\/\",\"https:\\\/\\\/x.com\\\/notmercedinas\",\"https:\\\/\\\/www.instagram.com\\\/noticiasmercedinas\\\/\"]},{\"@type\":\"Person\",\"@id\":\"https:\\\/\\\/noticiasmercedinas.com\\\/site\\\/#\\\/schema\\\/person\\\/84b59c099c28ff2e8b77d4ceec5d8063\",\"name\":\"NOTICIASMERCEDINAS.COM\",\"image\":{\"@type\":\"ImageObject\",\"inLanguage\":\"es\",\"@id\":\"https:\\\/\\\/secure.gravatar.com\\\/avatar\\\/4dfbf16b4d17945bfb6341b2d19043457132fcf478a5ee04f42e959fd8f5df0a?s=96&d=mm&r=g\",\"url\":\"https:\\\/\\\/secure.gravatar.com\\\/avatar\\\/4dfbf16b4d17945bfb6341b2d19043457132fcf478a5ee04f42e959fd8f5df0a?s=96&d=mm&r=g\",\"contentUrl\":\"https:\\\/\\\/secure.gravatar.com\\\/avatar\\\/4dfbf16b4d17945bfb6341b2d19043457132fcf478a5ee04f42e959fd8f5df0a?s=96&d=mm&r=g\",\"caption\":\"NOTICIASMERCEDINAS.COM\"},\"url\":\"https:\\\/\\\/noticiasmercedinas.com\\\/site\\\/author\\\/anonimo\\\/\"}]}<\/script>\n<!-- \/ Yoast SEO plugin. -->","yoast_head_json":{"title":"Se lanzan fuertes medidas ante la brecha cambiaria del d\u00f3lar","robots":{"index":"index","follow":"follow","max-snippet":"max-snippet:-1","max-image-preview":"max-image-preview:large","max-video-preview":"max-video-preview:-1"},"canonical":"https:\/\/noticiasmercedinas.com\/site\/2021\/10\/26\/se-lanzan-fuertes-medidas-ante-la-brecha-cambiaria-del-dolar\/","og_locale":"es_ES","og_type":"article","og_title":"Se lanzan fuertes medidas ante la brecha cambiaria del d\u00f3lar","og_description":"A semanas de las elecciones generales legislativas, donde se elegir\u00e1n 127 diputados y 24 senadores para las bancas del Congreso, la presidencia de la naci\u00f3n sigue tomando medidas extremas para ajustar la suba del d\u00f3lar y frenar las posibles consecuencias y desajustes econ\u00f3micos. Como es de costumbre en el pa\u00eds el valor de la moneda [&hellip;]","og_url":"https:\/\/noticiasmercedinas.com\/site\/2021\/10\/26\/se-lanzan-fuertes-medidas-ante-la-brecha-cambiaria-del-dolar\/","og_site_name":"NOTICIASMERCEDINAS.COM","article_publisher":"https:\/\/www.facebook.com\/noticiasmercedinas\/","article_published_time":"2021-10-26T19:58:35+00:00","article_modified_time":"2021-10-26T19:58:52+00:00","og_image":[{"width":640,"height":317,"url":"https:\/\/noticiasmercedinas.com\/site\/wp-content\/uploads\/2021\/10\/dolar.jpg","type":"image\/jpeg"}],"author":"NOTICIASMERCEDINAS.COM","twitter_card":"summary_large_image","twitter_creator":"@notmercedinas","twitter_site":"@notmercedinas","twitter_misc":{"Escrito por":"NOTICIASMERCEDINAS.COM","Tiempo de lectura":"3 minutos"},"schema":{"@context":"https:\/\/schema.org","@graph":[{"@type":"Article","@id":"https:\/\/noticiasmercedinas.com\/site\/2021\/10\/26\/se-lanzan-fuertes-medidas-ante-la-brecha-cambiaria-del-dolar\/#article","isPartOf":{"@id":"https:\/\/noticiasmercedinas.com\/site\/2021\/10\/26\/se-lanzan-fuertes-medidas-ante-la-brecha-cambiaria-del-dolar\/"},"author":{"name":"NOTICIASMERCEDINAS.COM","@id":"https:\/\/noticiasmercedinas.com\/site\/#\/schema\/person\/84b59c099c28ff2e8b77d4ceec5d8063"},"headline":"Se lanzan fuertes medidas ante la brecha cambiaria del d\u00f3lar","datePublished":"2021-10-26T19:58:35+00:00","dateModified":"2021-10-26T19:58:52+00:00","mainEntityOfPage":{"@id":"https:\/\/noticiasmercedinas.com\/site\/2021\/10\/26\/se-lanzan-fuertes-medidas-ante-la-brecha-cambiaria-del-dolar\/"},"wordCount":560,"commentCount":0,"publisher":{"@id":"https:\/\/noticiasmercedinas.com\/site\/#organization"},"image":{"@id":"https:\/\/noticiasmercedinas.com\/site\/2021\/10\/26\/se-lanzan-fuertes-medidas-ante-la-brecha-cambiaria-del-dolar\/#primaryimage"},"thumbnailUrl":"https:\/\/noticiasmercedinas.com\/site\/wp-content\/uploads\/2021\/10\/dolar.jpg","keywords":["ahorro","dolar"],"articleSection":["Emprendimientos"],"inLanguage":"es","potentialAction":[{"@type":"CommentAction","name":"Comment","target":["https:\/\/noticiasmercedinas.com\/site\/2021\/10\/26\/se-lanzan-fuertes-medidas-ante-la-brecha-cambiaria-del-dolar\/#respond"]}]},{"@type":"WebPage","@id":"https:\/\/noticiasmercedinas.com\/site\/2021\/10\/26\/se-lanzan-fuertes-medidas-ante-la-brecha-cambiaria-del-dolar\/","url":"https:\/\/noticiasmercedinas.com\/site\/2021\/10\/26\/se-lanzan-fuertes-medidas-ante-la-brecha-cambiaria-del-dolar\/","name":"Se lanzan fuertes medidas ante la brecha cambiaria del d\u00f3lar","isPartOf":{"@id":"https:\/\/noticiasmercedinas.com\/site\/#website"},"primaryImageOfPage":{"@id":"https:\/\/noticiasmercedinas.com\/site\/2021\/10\/26\/se-lanzan-fuertes-medidas-ante-la-brecha-cambiaria-del-dolar\/#primaryimage"},"image":{"@id":"https:\/\/noticiasmercedinas.com\/site\/2021\/10\/26\/se-lanzan-fuertes-medidas-ante-la-brecha-cambiaria-del-dolar\/#primaryimage"},"thumbnailUrl":"https:\/\/noticiasmercedinas.com\/site\/wp-content\/uploads\/2021\/10\/dolar.jpg","datePublished":"2021-10-26T19:58:35+00:00","dateModified":"2021-10-26T19:58:52+00:00","breadcrumb":{"@id":"https:\/\/noticiasmercedinas.com\/site\/2021\/10\/26\/se-lanzan-fuertes-medidas-ante-la-brecha-cambiaria-del-dolar\/#breadcrumb"},"inLanguage":"es","potentialAction":[{"@type":"ReadAction","target":["https:\/\/noticiasmercedinas.com\/site\/2021\/10\/26\/se-lanzan-fuertes-medidas-ante-la-brecha-cambiaria-del-dolar\/"]}]},{"@type":"ImageObject","inLanguage":"es","@id":"https:\/\/noticiasmercedinas.com\/site\/2021\/10\/26\/se-lanzan-fuertes-medidas-ante-la-brecha-cambiaria-del-dolar\/#primaryimage","url":"https:\/\/noticiasmercedinas.com\/site\/wp-content\/uploads\/2021\/10\/dolar.jpg","contentUrl":"https:\/\/noticiasmercedinas.com\/site\/wp-content\/uploads\/2021\/10\/dolar.jpg","width":640,"height":317},{"@type":"BreadcrumbList","@id":"https:\/\/noticiasmercedinas.com\/site\/2021\/10\/26\/se-lanzan-fuertes-medidas-ante-la-brecha-cambiaria-del-dolar\/#breadcrumb","itemListElement":[{"@type":"ListItem","position":1,"name":"Portada","item":"https:\/\/noticiasmercedinas.com\/site\/"},{"@type":"ListItem","position":2,"name":"Se lanzan fuertes medidas ante la brecha cambiaria del d\u00f3lar"}]},{"@type":"WebSite","@id":"https:\/\/noticiasmercedinas.com\/site\/#website","url":"https:\/\/noticiasmercedinas.com\/site\/","name":"NOTICIASMERCEDINAS.COM","description":"Mercedes, Buenos Aires, Argentina","publisher":{"@id":"https:\/\/noticiasmercedinas.com\/site\/#organization"},"potentialAction":[{"@type":"SearchAction","target":{"@type":"EntryPoint","urlTemplate":"https:\/\/noticiasmercedinas.com\/site\/?s={search_term_string}"},"query-input":{"@type":"PropertyValueSpecification","valueRequired":true,"valueName":"search_term_string"}}],"inLanguage":"es"},{"@type":"Organization","@id":"https:\/\/noticiasmercedinas.com\/site\/#organization","name":"NOTICIASMERCEDINAS.COM","url":"https:\/\/noticiasmercedinas.com\/site\/","logo":{"@type":"ImageObject","inLanguage":"es","@id":"https:\/\/noticiasmercedinas.com\/site\/#\/schema\/logo\/image\/","url":"https:\/\/noticiasmercedinas.com\/site\/wp-content\/uploads\/2020\/06\/LOGO-512.jpg","contentUrl":"https:\/\/noticiasmercedinas.com\/site\/wp-content\/uploads\/2020\/06\/LOGO-512.jpg","width":512,"height":512,"caption":"NOTICIASMERCEDINAS.COM"},"image":{"@id":"https:\/\/noticiasmercedinas.com\/site\/#\/schema\/logo\/image\/"},"sameAs":["https:\/\/www.facebook.com\/noticiasmercedinas\/","https:\/\/x.com\/notmercedinas","https:\/\/www.instagram.com\/noticiasmercedinas\/"]},{"@type":"Person","@id":"https:\/\/noticiasmercedinas.com\/site\/#\/schema\/person\/84b59c099c28ff2e8b77d4ceec5d8063","name":"NOTICIASMERCEDINAS.COM","image":{"@type":"ImageObject","inLanguage":"es","@id":"https:\/\/secure.gravatar.com\/avatar\/4dfbf16b4d17945bfb6341b2d19043457132fcf478a5ee04f42e959fd8f5df0a?s=96&d=mm&r=g","url":"https:\/\/secure.gravatar.com\/avatar\/4dfbf16b4d17945bfb6341b2d19043457132fcf478a5ee04f42e959fd8f5df0a?s=96&d=mm&r=g","contentUrl":"https:\/\/secure.gravatar.com\/avatar\/4dfbf16b4d17945bfb6341b2d19043457132fcf478a5ee04f42e959fd8f5df0a?s=96&d=mm&r=g","caption":"NOTICIASMERCEDINAS.COM"},"url":"https:\/\/noticiasmercedinas.com\/site\/author\/anonimo\/"}]}},"amp_enabled":true,"_links":{"self":[{"href":"https:\/\/noticiasmercedinas.com\/site\/wp-json\/wp\/v2\/posts\/78006","targetHints":{"allow":["GET"]}}],"collection":[{"href":"https:\/\/noticiasmercedinas.com\/site\/wp-json\/wp\/v2\/posts"}],"about":[{"href":"https:\/\/noticiasmercedinas.com\/site\/wp-json\/wp\/v2\/types\/post"}],"author":[{"embeddable":true,"href":"https:\/\/noticiasmercedinas.com\/site\/wp-json\/wp\/v2\/users\/16"}],"replies":[{"embeddable":true,"href":"https:\/\/noticiasmercedinas.com\/site\/wp-json\/wp\/v2\/comments?post=78006"}],"version-history":[{"count":2,"href":"https:\/\/noticiasmercedinas.com\/site\/wp-json\/wp\/v2\/posts\/78006\/revisions"}],"predecessor-version":[{"id":78009,"href":"https:\/\/noticiasmercedinas.com\/site\/wp-json\/wp\/v2\/posts\/78006\/revisions\/78009"}],"wp:featuredmedia":[{"embeddable":true,"href":"https:\/\/noticiasmercedinas.com\/site\/wp-json\/wp\/v2\/media\/78007"}],"wp:attachment":[{"href":"https:\/\/noticiasmercedinas.com\/site\/wp-json\/wp\/v2\/media?parent=78006"}],"wp:term":[{"taxonomy":"category","embeddable":true,"href":"https:\/\/noticiasmercedinas.com\/site\/wp-json\/wp\/v2\/categories?post=78006"},{"taxonomy":"post_tag","embeddable":true,"href":"https:\/\/noticiasmercedinas.com\/site\/wp-json\/wp\/v2\/tags?post=78006"}],"curies":[{"name":"wp","href":"https:\/\/api.w.org\/{rel}","templated":true}]}}