{"id":78093,"date":"2021-10-28T10:19:49","date_gmt":"2021-10-28T13:19:49","guid":{"rendered":"https:\/\/noticiasmercedinas.com\/site\/?p=78093"},"modified":"2021-10-28T10:19:49","modified_gmt":"2021-10-28T13:19:49","slug":"corredores-mercedinos-en-carrera-solidaria-contra-el-cancer-de-mamas-en-suipacha","status":"publish","type":"post","link":"https:\/\/noticiasmercedinas.com\/site\/2021\/10\/28\/corredores-mercedinos-en-carrera-solidaria-contra-el-cancer-de-mamas-en-suipacha\/","title":{"rendered":"Corredores mercedinos en carrera solidaria contra el c\u00e1ncer de mamas, en Suipacha"},"content":{"rendered":"<p><img loading=\"lazy\" decoding=\"async\" class=\"alignnone size-full wp-image-78094\" src=\"https:\/\/noticiasmercedinas.com\/site\/wp-content\/uploads\/2021\/10\/4e72b68a-da12-439a-88e3-5d76e804f0b8.jpg\" alt=\"\" width=\"1280\" height=\"854\" srcset=\"https:\/\/noticiasmercedinas.com\/site\/wp-content\/uploads\/2021\/10\/4e72b68a-da12-439a-88e3-5d76e804f0b8.jpg 1280w, https:\/\/noticiasmercedinas.com\/site\/wp-content\/uploads\/2021\/10\/4e72b68a-da12-439a-88e3-5d76e804f0b8-300x200.jpg 300w, https:\/\/noticiasmercedinas.com\/site\/wp-content\/uploads\/2021\/10\/4e72b68a-da12-439a-88e3-5d76e804f0b8-1024x683.jpg 1024w, https:\/\/noticiasmercedinas.com\/site\/wp-content\/uploads\/2021\/10\/4e72b68a-da12-439a-88e3-5d76e804f0b8-768x512.jpg 768w, https:\/\/noticiasmercedinas.com\/site\/wp-content\/uploads\/2021\/10\/4e72b68a-da12-439a-88e3-5d76e804f0b8-640x427.jpg 640w, https:\/\/noticiasmercedinas.com\/site\/wp-content\/uploads\/2021\/10\/4e72b68a-da12-439a-88e3-5d76e804f0b8-681x454.jpg 681w\" sizes=\"auto, (max-width: 1280px) 100vw, 1280px\" \/><\/p>\n<p>El domingo, en la localidad de Suipacha, se llev\u00f3 a cabo una nueva edici\u00f3n de la carrera solidaria sobre la concientizaci\u00f3n en la lucha contra el c\u00e1ncer de mamas, que cont\u00f3 con muchos inscriptos de distintas partes de la Provincia de Buenos Aires que acompa\u00f1aron la causa y, entre ellos hubo varios equipos mercedinos que estuvieron en este d\u00eda tan especial.<\/p>\n<p>Este encuentro se concreta en memoria de Mar\u00eda Fernanda Cabrera, quien fue la cara visible de esta campa\u00f1a de concientizaci\u00f3n para combatir la enfermedad que a ella misma le diagnosticaron en 2009 y la llev\u00f3 a su muerte en 2017. Hoy, su marido Gast\u00f3n De C\u00e9sare, sigue trabajando en esta causa que ya lleva tres ediciones y que todo lo recaudado es donado para combatir esta lucha que Fernanda llevaba diariamente.<\/p>\n<p>Con la largada y llegada desde el Suipacha Rugby y Hockey Club, en la calle Balcarce 2200, se lanz\u00f3 este evento solidario llamado \u201cFer nos ayuda\u201d, que cont\u00f3 con carreras de 10 y 5 kil\u00f3metros y adem\u00e1s tuvo caminatas de 3 kil\u00f3metros, que recorrieron todo el centro de la ciudad en el mes que la Organizaci\u00f3n Mundial de la Salud eligi\u00f3 para crear conciencia y promover el acceso para que todas las personas puedan realizarse los controles, diagn\u00f3sticos y tratamientos para esta patolog\u00eda<\/p>\n<p>En cuanto a los mercedinos que participaron, lo hicieron en un gran n\u00famero y de distintos equipos como el Fusi\u00f3n Running Time, el Top Training Mercedes y el Equipo Get-Fit que se sumaron a este evento tan especial de concientizaci\u00f3n que se realiza cada a\u00f1o.<\/p>\n<p><strong>Podio de Fusi\u00f3n Running Time<\/strong><br \/>\nIgnacio Montoya &#8211; 2do en su categor\u00eda<br \/>\nMarcela Muhlberger &#8211; 2da en su categor\u00eda<br \/>\nDaniela Pizzio &#8211; 2da en su categor\u00eda<br \/>\nOscar Pilia &#8211; 3ero en su categor\u00eda<\/p>\n<p><strong>Podio de Top Training Mercedes<\/strong><br \/>\nDaniela Soli\u00f1o &#8211; 3ra en su categor\u00eda<br \/>\nNatalia Schimp &#8211; 3ra en su categor\u00eda<br \/>\nYamila Otero &#8211; 3ra en su categor\u00eda<\/p>\n<p><strong>Podio del Equipo Get &#8211; Fit<\/strong><br \/>\nAlejandro Mazza &#8211; 1er puesto en su categor\u00eda<br \/>\nMarcelo Gorosito &#8211; 3ro en su categor\u00eda<br \/>\nAdriana Bianco &#8211; 3ra en su categor\u00eda<\/p>\n\r\n                <style type=\"text\/css\">\r\n                    \r\n                    #td_uid_1_69f47273d33a9  .td-doubleSlider-2 .td-item1 {\r\n                        background: url(https:\/\/noticiasmercedinas.com\/site\/wp-content\/uploads\/2021\/10\/4e72b68a-da12-439a-88e3-5d76e804f0b8-1-160x120.jpg) 0 0 no-repeat;\r\n                    }\r\n                    #td_uid_1_69f47273d33a9  .td-doubleSlider-2 .td-item2 {\r\n                        background: url(https:\/\/noticiasmercedinas.com\/site\/wp-content\/uploads\/2021\/10\/d087e7e6-e3cb-43c9-841f-f02a0aa1fa9e-160x120.jpg) 0 0 no-repeat;\r\n                    }\r\n                    #td_uid_1_69f47273d33a9  .td-doubleSlider-2 .td-item3 {\r\n                        background: url(https:\/\/noticiasmercedinas.com\/site\/wp-content\/uploads\/2021\/10\/eb423aef-54d4-4367-941e-d410b135732d-160x120.jpg) 0 0 no-repeat;\r\n                    }\r\n                    #td_uid_1_69f47273d33a9  .td-doubleSlider-2 .td-item4 {\r\n                        background: url(https:\/\/noticiasmercedinas.com\/site\/wp-content\/uploads\/2021\/10\/3a433951-348b-4bd7-b4a1-cfd12874d3cc-160x120.jpg) 0 0 no-repeat;\r\n                    }\r\n                    #td_uid_1_69f47273d33a9  .td-doubleSlider-2 .td-item5 {\r\n                        background: url(https:\/\/noticiasmercedinas.com\/site\/wp-content\/uploads\/2021\/10\/7271f365-0c3e-4e5a-9ef5-90a52ad95825-160x120.jpg) 0 0 no-repeat;\r\n                    }\r\n                    #td_uid_1_69f47273d33a9  .td-doubleSlider-2 .td-item6 {\r\n                        background: url(https:\/\/noticiasmercedinas.com\/site\/wp-content\/uploads\/2021\/10\/1c1e7f5a-53fc-4a97-8605-29a88eab75e8-160x120.jpg) 0 0 no-repeat;\r\n                    }\r\n                    #td_uid_1_69f47273d33a9  .td-doubleSlider-2 .td-item7 {\r\n                        background: url(https:\/\/noticiasmercedinas.com\/site\/wp-content\/uploads\/2021\/10\/ff7f39a6-d293-498e-8835-bcb3cc90ed35-160x120.jpg) 0 0 no-repeat;\r\n                    }\r\n                    #td_uid_1_69f47273d33a9  .td-doubleSlider-2 .td-item8 {\r\n                        background: url(https:\/\/noticiasmercedinas.com\/site\/wp-content\/uploads\/2021\/10\/0acc2bd1-d789-4de4-b9b0-66a07450d89f-160x120.jpg) 0 0 no-repeat;\r\n                    }\r\n                    #td_uid_1_69f47273d33a9  .td-doubleSlider-2 .td-item9 {\r\n                        background: url(https:\/\/noticiasmercedinas.com\/site\/wp-content\/uploads\/2021\/10\/a713ba8b-8aec-474b-8297-3ee87be552ed-160x120.jpg) 0 0 no-repeat;\r\n                    }\r\n                    #td_uid_1_69f47273d33a9  .td-doubleSlider-2 .td-item10 {\r\n                        background: url(https:\/\/noticiasmercedinas.com\/site\/wp-content\/uploads\/2021\/10\/6827e42a-53b6-4ae4-bb31-5301e21dd31a-160x120.jpg) 0 0 no-repeat;\r\n                    }\r\n                <\/style>\r\n\r\n                <div id=\"td_uid_1_69f47273d33a9\" class=\"td-gallery td-slide-on-2-columns\">\r\n                    <div class=\"post_td_gallery\">\r\n                        <div class=\"td-gallery-slide-top\">\r\n                           <div class=\"td-gallery-title\"><\/div>\r\n\r\n                            <div class=\"td-gallery-controls-wrapper\">\r\n                                <div class=\"td-gallery-slide-count\"><span class=\"td-gallery-slide-item-focus\">1<\/span> de 10<\/div>\r\n                                <div class=\"td-gallery-slide-prev-next-but\">\r\n                                    <i class = \"td-icon-left doubleSliderPrevButton\"><\/i>\r\n                                    <i class = \"td-icon-right doubleSliderNextButton\"><\/i>\r\n                                <\/div>\r\n                            <\/div>\r\n                        <\/div>\r\n\r\n                        <div class = \"td-doubleSlider-1 \">\r\n                            <div class = \"td-slider\">\r\n                                \r\n                    <div class = \"td-slide-item td-item1\">\r\n                        <figure class=\"td-slide-galery-figure td-slide-popup-gallery\">\r\n                            <a class=\"slide-gallery-image-link\" href=\"https:\/\/noticiasmercedinas.com\/site\/wp-content\/uploads\/2021\/10\/4e72b68a-da12-439a-88e3-5d76e804f0b8-1.jpg\" title=\"4e72b68a-da12-439a-88e3-5d76e804f0b8\"  data-caption=\"\"  data-description=\"\">\r\n                                <img decoding=\"async\" src=\"https:\/\/noticiasmercedinas.com\/site\/wp-content\/uploads\/2021\/10\/4e72b68a-da12-439a-88e3-5d76e804f0b8-1.jpg\" srcset=\"https:\/\/noticiasmercedinas.com\/site\/wp-content\/uploads\/2021\/10\/4e72b68a-da12-439a-88e3-5d76e804f0b8-1.jpg 1280w, https:\/\/noticiasmercedinas.com\/site\/wp-content\/uploads\/2021\/10\/4e72b68a-da12-439a-88e3-5d76e804f0b8-1-300x200.jpg 300w, https:\/\/noticiasmercedinas.com\/site\/wp-content\/uploads\/2021\/10\/4e72b68a-da12-439a-88e3-5d76e804f0b8-1-1024x683.jpg 1024w, https:\/\/noticiasmercedinas.com\/site\/wp-content\/uploads\/2021\/10\/4e72b68a-da12-439a-88e3-5d76e804f0b8-1-768x512.jpg 768w, https:\/\/noticiasmercedinas.com\/site\/wp-content\/uploads\/2021\/10\/4e72b68a-da12-439a-88e3-5d76e804f0b8-1-640x427.jpg 640w, https:\/\/noticiasmercedinas.com\/site\/wp-content\/uploads\/2021\/10\/4e72b68a-da12-439a-88e3-5d76e804f0b8-1-681x454.jpg 681w\" sizes=\"(max-width: 1280px) 100vw, 1280px\" alt=\"\">\r\n                            <\/a>\r\n                            \r\n                        <\/figure>\r\n                    <\/div>\r\n                    <div class = \"td-slide-item td-item2\">\r\n                        <figure class=\"td-slide-galery-figure td-slide-popup-gallery\">\r\n                            <a class=\"slide-gallery-image-link\" href=\"https:\/\/noticiasmercedinas.com\/site\/wp-content\/uploads\/2021\/10\/d087e7e6-e3cb-43c9-841f-f02a0aa1fa9e.jpg\" title=\"d087e7e6-e3cb-43c9-841f-f02a0aa1fa9e\"  data-caption=\"\"  data-description=\"\">\r\n                                <img decoding=\"async\" src=\"https:\/\/noticiasmercedinas.com\/site\/wp-content\/uploads\/2021\/10\/d087e7e6-e3cb-43c9-841f-f02a0aa1fa9e.jpg\" srcset=\"https:\/\/noticiasmercedinas.com\/site\/wp-content\/uploads\/2021\/10\/d087e7e6-e3cb-43c9-841f-f02a0aa1fa9e.jpg 1280w, https:\/\/noticiasmercedinas.com\/site\/wp-content\/uploads\/2021\/10\/d087e7e6-e3cb-43c9-841f-f02a0aa1fa9e-300x200.jpg 300w, https:\/\/noticiasmercedinas.com\/site\/wp-content\/uploads\/2021\/10\/d087e7e6-e3cb-43c9-841f-f02a0aa1fa9e-1024x683.jpg 1024w, https:\/\/noticiasmercedinas.com\/site\/wp-content\/uploads\/2021\/10\/d087e7e6-e3cb-43c9-841f-f02a0aa1fa9e-768x512.jpg 768w, https:\/\/noticiasmercedinas.com\/site\/wp-content\/uploads\/2021\/10\/d087e7e6-e3cb-43c9-841f-f02a0aa1fa9e-640x427.jpg 640w, https:\/\/noticiasmercedinas.com\/site\/wp-content\/uploads\/2021\/10\/d087e7e6-e3cb-43c9-841f-f02a0aa1fa9e-681x454.jpg 681w\" sizes=\"(max-width: 1280px) 100vw, 1280px\" alt=\"\">\r\n                            <\/a>\r\n                            \r\n                        <\/figure>\r\n                    <\/div>\r\n                    <div class = \"td-slide-item td-item3\">\r\n                        <figure class=\"td-slide-galery-figure td-slide-popup-gallery\">\r\n                            <a class=\"slide-gallery-image-link\" href=\"https:\/\/noticiasmercedinas.com\/site\/wp-content\/uploads\/2021\/10\/eb423aef-54d4-4367-941e-d410b135732d.jpg\" title=\"eb423aef-54d4-4367-941e-d410b135732d\"  data-caption=\"\"  data-description=\"\">\r\n                                <img decoding=\"async\" src=\"https:\/\/noticiasmercedinas.com\/site\/wp-content\/uploads\/2021\/10\/eb423aef-54d4-4367-941e-d410b135732d.jpg\" srcset=\"https:\/\/noticiasmercedinas.com\/site\/wp-content\/uploads\/2021\/10\/eb423aef-54d4-4367-941e-d410b135732d.jpg 850w, https:\/\/noticiasmercedinas.com\/site\/wp-content\/uploads\/2021\/10\/eb423aef-54d4-4367-941e-d410b135732d-300x218.jpg 300w, https:\/\/noticiasmercedinas.com\/site\/wp-content\/uploads\/2021\/10\/eb423aef-54d4-4367-941e-d410b135732d-768x559.jpg 768w, https:\/\/noticiasmercedinas.com\/site\/wp-content\/uploads\/2021\/10\/eb423aef-54d4-4367-941e-d410b135732d-640x466.jpg 640w, https:\/\/noticiasmercedinas.com\/site\/wp-content\/uploads\/2021\/10\/eb423aef-54d4-4367-941e-d410b135732d-681x496.jpg 681w\" sizes=\"(max-width: 850px) 100vw, 850px\" alt=\"\">\r\n                            <\/a>\r\n                            \r\n                        <\/figure>\r\n                    <\/div>\r\n                    <div class = \"td-slide-item td-item4\">\r\n                        <figure class=\"td-slide-galery-figure td-slide-popup-gallery\">\r\n                            <a class=\"slide-gallery-image-link\" href=\"https:\/\/noticiasmercedinas.com\/site\/wp-content\/uploads\/2021\/10\/3a433951-348b-4bd7-b4a1-cfd12874d3cc.jpg\" title=\"3a433951-348b-4bd7-b4a1-cfd12874d3cc\"  data-caption=\"\"  data-description=\"\">\r\n                                <img decoding=\"async\" src=\"https:\/\/noticiasmercedinas.com\/site\/wp-content\/uploads\/2021\/10\/3a433951-348b-4bd7-b4a1-cfd12874d3cc.jpg\" srcset=\"https:\/\/noticiasmercedinas.com\/site\/wp-content\/uploads\/2021\/10\/3a433951-348b-4bd7-b4a1-cfd12874d3cc.jpg 1280w, https:\/\/noticiasmercedinas.com\/site\/wp-content\/uploads\/2021\/10\/3a433951-348b-4bd7-b4a1-cfd12874d3cc-300x199.jpg 300w, https:\/\/noticiasmercedinas.com\/site\/wp-content\/uploads\/2021\/10\/3a433951-348b-4bd7-b4a1-cfd12874d3cc-1024x680.jpg 1024w, https:\/\/noticiasmercedinas.com\/site\/wp-content\/uploads\/2021\/10\/3a433951-348b-4bd7-b4a1-cfd12874d3cc-768x510.jpg 768w, https:\/\/noticiasmercedinas.com\/site\/wp-content\/uploads\/2021\/10\/3a433951-348b-4bd7-b4a1-cfd12874d3cc-640x425.jpg 640w, https:\/\/noticiasmercedinas.com\/site\/wp-content\/uploads\/2021\/10\/3a433951-348b-4bd7-b4a1-cfd12874d3cc-681x452.jpg 681w\" sizes=\"(max-width: 1280px) 100vw, 1280px\" alt=\"\">\r\n                            <\/a>\r\n                            \r\n                        <\/figure>\r\n                    <\/div>\r\n                    <div class = \"td-slide-item td-item5\">\r\n                        <figure class=\"td-slide-galery-figure td-slide-popup-gallery\">\r\n                            <a class=\"slide-gallery-image-link\" href=\"https:\/\/noticiasmercedinas.com\/site\/wp-content\/uploads\/2021\/10\/7271f365-0c3e-4e5a-9ef5-90a52ad95825.jpg\" title=\"7271f365-0c3e-4e5a-9ef5-90a52ad95825\"  data-caption=\"\"  data-description=\"\">\r\n                                <img decoding=\"async\" src=\"https:\/\/noticiasmercedinas.com\/site\/wp-content\/uploads\/2021\/10\/7271f365-0c3e-4e5a-9ef5-90a52ad95825.jpg\" srcset=\"https:\/\/noticiasmercedinas.com\/site\/wp-content\/uploads\/2021\/10\/7271f365-0c3e-4e5a-9ef5-90a52ad95825.jpg 1280w, https:\/\/noticiasmercedinas.com\/site\/wp-content\/uploads\/2021\/10\/7271f365-0c3e-4e5a-9ef5-90a52ad95825-300x199.jpg 300w, https:\/\/noticiasmercedinas.com\/site\/wp-content\/uploads\/2021\/10\/7271f365-0c3e-4e5a-9ef5-90a52ad95825-1024x680.jpg 1024w, https:\/\/noticiasmercedinas.com\/site\/wp-content\/uploads\/2021\/10\/7271f365-0c3e-4e5a-9ef5-90a52ad95825-768x510.jpg 768w, https:\/\/noticiasmercedinas.com\/site\/wp-content\/uploads\/2021\/10\/7271f365-0c3e-4e5a-9ef5-90a52ad95825-640x425.jpg 640w, https:\/\/noticiasmercedinas.com\/site\/wp-content\/uploads\/2021\/10\/7271f365-0c3e-4e5a-9ef5-90a52ad95825-681x452.jpg 681w\" sizes=\"(max-width: 1280px) 100vw, 1280px\" alt=\"\">\r\n                            <\/a>\r\n                            \r\n                        <\/figure>\r\n                    <\/div>\r\n                    <div class = \"td-slide-item td-item6\">\r\n                        <figure class=\"td-slide-galery-figure td-slide-popup-gallery\">\r\n                            <a class=\"slide-gallery-image-link\" href=\"https:\/\/noticiasmercedinas.com\/site\/wp-content\/uploads\/2021\/10\/1c1e7f5a-53fc-4a97-8605-29a88eab75e8.jpg\" title=\"1c1e7f5a-53fc-4a97-8605-29a88eab75e8\"  data-caption=\"\"  data-description=\"\">\r\n                                <img decoding=\"async\" src=\"https:\/\/noticiasmercedinas.com\/site\/wp-content\/uploads\/2021\/10\/1c1e7f5a-53fc-4a97-8605-29a88eab75e8.jpg\" srcset=\"https:\/\/noticiasmercedinas.com\/site\/wp-content\/uploads\/2021\/10\/1c1e7f5a-53fc-4a97-8605-29a88eab75e8.jpg 1280w, https:\/\/noticiasmercedinas.com\/site\/wp-content\/uploads\/2021\/10\/1c1e7f5a-53fc-4a97-8605-29a88eab75e8-300x199.jpg 300w, https:\/\/noticiasmercedinas.com\/site\/wp-content\/uploads\/2021\/10\/1c1e7f5a-53fc-4a97-8605-29a88eab75e8-1024x680.jpg 1024w, https:\/\/noticiasmercedinas.com\/site\/wp-content\/uploads\/2021\/10\/1c1e7f5a-53fc-4a97-8605-29a88eab75e8-768x510.jpg 768w, https:\/\/noticiasmercedinas.com\/site\/wp-content\/uploads\/2021\/10\/1c1e7f5a-53fc-4a97-8605-29a88eab75e8-640x425.jpg 640w, https:\/\/noticiasmercedinas.com\/site\/wp-content\/uploads\/2021\/10\/1c1e7f5a-53fc-4a97-8605-29a88eab75e8-681x452.jpg 681w\" sizes=\"(max-width: 1280px) 100vw, 1280px\" alt=\"\">\r\n                            <\/a>\r\n                            \r\n                        <\/figure>\r\n                    <\/div>\r\n                    <div class = \"td-slide-item td-item7\">\r\n                        <figure class=\"td-slide-galery-figure td-slide-popup-gallery\">\r\n                            <a class=\"slide-gallery-image-link\" href=\"https:\/\/noticiasmercedinas.com\/site\/wp-content\/uploads\/2021\/10\/ff7f39a6-d293-498e-8835-bcb3cc90ed35.jpg\" title=\"ff7f39a6-d293-498e-8835-bcb3cc90ed35\"  data-caption=\"\"  data-description=\"\">\r\n                                <img decoding=\"async\" src=\"https:\/\/noticiasmercedinas.com\/site\/wp-content\/uploads\/2021\/10\/ff7f39a6-d293-498e-8835-bcb3cc90ed35.jpg\" srcset=\"https:\/\/noticiasmercedinas.com\/site\/wp-content\/uploads\/2021\/10\/ff7f39a6-d293-498e-8835-bcb3cc90ed35.jpg 1280w, https:\/\/noticiasmercedinas.com\/site\/wp-content\/uploads\/2021\/10\/ff7f39a6-d293-498e-8835-bcb3cc90ed35-300x199.jpg 300w, https:\/\/noticiasmercedinas.com\/site\/wp-content\/uploads\/2021\/10\/ff7f39a6-d293-498e-8835-bcb3cc90ed35-1024x680.jpg 1024w, https:\/\/noticiasmercedinas.com\/site\/wp-content\/uploads\/2021\/10\/ff7f39a6-d293-498e-8835-bcb3cc90ed35-768x510.jpg 768w, https:\/\/noticiasmercedinas.com\/site\/wp-content\/uploads\/2021\/10\/ff7f39a6-d293-498e-8835-bcb3cc90ed35-640x425.jpg 640w, https:\/\/noticiasmercedinas.com\/site\/wp-content\/uploads\/2021\/10\/ff7f39a6-d293-498e-8835-bcb3cc90ed35-681x452.jpg 681w\" sizes=\"(max-width: 1280px) 100vw, 1280px\" alt=\"\">\r\n                            <\/a>\r\n                            \r\n                        <\/figure>\r\n                    <\/div>\r\n                    <div class = \"td-slide-item td-item8\">\r\n                        <figure class=\"td-slide-galery-figure td-slide-popup-gallery\">\r\n                            <a class=\"slide-gallery-image-link\" href=\"https:\/\/noticiasmercedinas.com\/site\/wp-content\/uploads\/2021\/10\/0acc2bd1-d789-4de4-b9b0-66a07450d89f.jpg\" title=\"0acc2bd1-d789-4de4-b9b0-66a07450d89f\"  data-caption=\"\"  data-description=\"\">\r\n                                <img decoding=\"async\" src=\"https:\/\/noticiasmercedinas.com\/site\/wp-content\/uploads\/2021\/10\/0acc2bd1-d789-4de4-b9b0-66a07450d89f.jpg\" srcset=\"https:\/\/noticiasmercedinas.com\/site\/wp-content\/uploads\/2021\/10\/0acc2bd1-d789-4de4-b9b0-66a07450d89f.jpg 1280w, https:\/\/noticiasmercedinas.com\/site\/wp-content\/uploads\/2021\/10\/0acc2bd1-d789-4de4-b9b0-66a07450d89f-300x224.jpg 300w, https:\/\/noticiasmercedinas.com\/site\/wp-content\/uploads\/2021\/10\/0acc2bd1-d789-4de4-b9b0-66a07450d89f-1024x766.jpg 1024w, https:\/\/noticiasmercedinas.com\/site\/wp-content\/uploads\/2021\/10\/0acc2bd1-d789-4de4-b9b0-66a07450d89f-768x574.jpg 768w, https:\/\/noticiasmercedinas.com\/site\/wp-content\/uploads\/2021\/10\/0acc2bd1-d789-4de4-b9b0-66a07450d89f-80x60.jpg 80w, https:\/\/noticiasmercedinas.com\/site\/wp-content\/uploads\/2021\/10\/0acc2bd1-d789-4de4-b9b0-66a07450d89f-160x120.jpg 160w, https:\/\/noticiasmercedinas.com\/site\/wp-content\/uploads\/2021\/10\/0acc2bd1-d789-4de4-b9b0-66a07450d89f-100x75.jpg 100w, https:\/\/noticiasmercedinas.com\/site\/wp-content\/uploads\/2021\/10\/0acc2bd1-d789-4de4-b9b0-66a07450d89f-200x150.jpg 200w, https:\/\/noticiasmercedinas.com\/site\/wp-content\/uploads\/2021\/10\/0acc2bd1-d789-4de4-b9b0-66a07450d89f-180x135.jpg 180w, https:\/\/noticiasmercedinas.com\/site\/wp-content\/uploads\/2021\/10\/0acc2bd1-d789-4de4-b9b0-66a07450d89f-360x270.jpg 360w, https:\/\/noticiasmercedinas.com\/site\/wp-content\/uploads\/2021\/10\/0acc2bd1-d789-4de4-b9b0-66a07450d89f-238x178.jpg 238w, https:\/\/noticiasmercedinas.com\/site\/wp-content\/uploads\/2021\/10\/0acc2bd1-d789-4de4-b9b0-66a07450d89f-476x356.jpg 476w, https:\/\/noticiasmercedinas.com\/site\/wp-content\/uploads\/2021\/10\/0acc2bd1-d789-4de4-b9b0-66a07450d89f-640x479.jpg 640w, https:\/\/noticiasmercedinas.com\/site\/wp-content\/uploads\/2021\/10\/0acc2bd1-d789-4de4-b9b0-66a07450d89f-681x509.jpg 681w\" sizes=\"(max-width: 1280px) 100vw, 1280px\" alt=\"\">\r\n                            <\/a>\r\n                            \r\n                        <\/figure>\r\n                    <\/div>\r\n                    <div class = \"td-slide-item td-item9\">\r\n                        <figure class=\"td-slide-galery-figure td-slide-popup-gallery\">\r\n                            <a class=\"slide-gallery-image-link\" href=\"https:\/\/noticiasmercedinas.com\/site\/wp-content\/uploads\/2021\/10\/a713ba8b-8aec-474b-8297-3ee87be552ed.jpg\" title=\"a713ba8b-8aec-474b-8297-3ee87be552ed\"  data-caption=\"\"  data-description=\"\">\r\n                                <img decoding=\"async\" src=\"https:\/\/noticiasmercedinas.com\/site\/wp-content\/uploads\/2021\/10\/a713ba8b-8aec-474b-8297-3ee87be552ed.jpg\" srcset=\"https:\/\/noticiasmercedinas.com\/site\/wp-content\/uploads\/2021\/10\/a713ba8b-8aec-474b-8297-3ee87be552ed.jpg 1280w, https:\/\/noticiasmercedinas.com\/site\/wp-content\/uploads\/2021\/10\/a713ba8b-8aec-474b-8297-3ee87be552ed-300x224.jpg 300w, https:\/\/noticiasmercedinas.com\/site\/wp-content\/uploads\/2021\/10\/a713ba8b-8aec-474b-8297-3ee87be552ed-1024x766.jpg 1024w, https:\/\/noticiasmercedinas.com\/site\/wp-content\/uploads\/2021\/10\/a713ba8b-8aec-474b-8297-3ee87be552ed-768x574.jpg 768w, https:\/\/noticiasmercedinas.com\/site\/wp-content\/uploads\/2021\/10\/a713ba8b-8aec-474b-8297-3ee87be552ed-80x60.jpg 80w, https:\/\/noticiasmercedinas.com\/site\/wp-content\/uploads\/2021\/10\/a713ba8b-8aec-474b-8297-3ee87be552ed-160x120.jpg 160w, https:\/\/noticiasmercedinas.com\/site\/wp-content\/uploads\/2021\/10\/a713ba8b-8aec-474b-8297-3ee87be552ed-100x75.jpg 100w, https:\/\/noticiasmercedinas.com\/site\/wp-content\/uploads\/2021\/10\/a713ba8b-8aec-474b-8297-3ee87be552ed-200x150.jpg 200w, https:\/\/noticiasmercedinas.com\/site\/wp-content\/uploads\/2021\/10\/a713ba8b-8aec-474b-8297-3ee87be552ed-180x135.jpg 180w, https:\/\/noticiasmercedinas.com\/site\/wp-content\/uploads\/2021\/10\/a713ba8b-8aec-474b-8297-3ee87be552ed-360x270.jpg 360w, https:\/\/noticiasmercedinas.com\/site\/wp-content\/uploads\/2021\/10\/a713ba8b-8aec-474b-8297-3ee87be552ed-238x178.jpg 238w, https:\/\/noticiasmercedinas.com\/site\/wp-content\/uploads\/2021\/10\/a713ba8b-8aec-474b-8297-3ee87be552ed-476x356.jpg 476w, https:\/\/noticiasmercedinas.com\/site\/wp-content\/uploads\/2021\/10\/a713ba8b-8aec-474b-8297-3ee87be552ed-640x479.jpg 640w, https:\/\/noticiasmercedinas.com\/site\/wp-content\/uploads\/2021\/10\/a713ba8b-8aec-474b-8297-3ee87be552ed-681x509.jpg 681w\" sizes=\"(max-width: 1280px) 100vw, 1280px\" alt=\"\">\r\n                            <\/a>\r\n                            \r\n                        <\/figure>\r\n                    <\/div>\r\n                    <div class = \"td-slide-item td-item10\">\r\n                        <figure class=\"td-slide-galery-figure td-slide-popup-gallery\">\r\n                            <a class=\"slide-gallery-image-link\" href=\"https:\/\/noticiasmercedinas.com\/site\/wp-content\/uploads\/2021\/10\/6827e42a-53b6-4ae4-bb31-5301e21dd31a.jpg\" title=\"6827e42a-53b6-4ae4-bb31-5301e21dd31a\"  data-caption=\"\"  data-description=\"\">\r\n                                <img decoding=\"async\" src=\"https:\/\/noticiasmercedinas.com\/site\/wp-content\/uploads\/2021\/10\/6827e42a-53b6-4ae4-bb31-5301e21dd31a.jpg\" srcset=\"https:\/\/noticiasmercedinas.com\/site\/wp-content\/uploads\/2021\/10\/6827e42a-53b6-4ae4-bb31-5301e21dd31a.jpg 1280w, https:\/\/noticiasmercedinas.com\/site\/wp-content\/uploads\/2021\/10\/6827e42a-53b6-4ae4-bb31-5301e21dd31a-300x199.jpg 300w, https:\/\/noticiasmercedinas.com\/site\/wp-content\/uploads\/2021\/10\/6827e42a-53b6-4ae4-bb31-5301e21dd31a-1024x681.jpg 1024w, https:\/\/noticiasmercedinas.com\/site\/wp-content\/uploads\/2021\/10\/6827e42a-53b6-4ae4-bb31-5301e21dd31a-768x511.jpg 768w, https:\/\/noticiasmercedinas.com\/site\/wp-content\/uploads\/2021\/10\/6827e42a-53b6-4ae4-bb31-5301e21dd31a-640x426.jpg 640w, https:\/\/noticiasmercedinas.com\/site\/wp-content\/uploads\/2021\/10\/6827e42a-53b6-4ae4-bb31-5301e21dd31a-681x453.jpg 681w\" sizes=\"(max-width: 1280px) 100vw, 1280px\" alt=\"\">\r\n                            <\/a>\r\n                            \r\n                        <\/figure>\r\n                    <\/div>\r\n                            <\/div>\r\n                        <\/div>\r\n\r\n                        <div class = \"td-doubleSlider-2\">\r\n                            <div class = \"td-slider\">\r\n                                \r\n                    <div class = \"td-button td-item1\">\r\n                        <div class = \"td-border\"><\/div>\r\n                    <\/div>\r\n                    <div class = \"td-button td-item2\">\r\n                        <div class = \"td-border\"><\/div>\r\n                    <\/div>\r\n                    <div class = \"td-button td-item3\">\r\n                        <div class = \"td-border\"><\/div>\r\n                    <\/div>\r\n                    <div class = \"td-button td-item4\">\r\n                        <div class = \"td-border\"><\/div>\r\n                    <\/div>\r\n                    <div class = \"td-button td-item5\">\r\n                        <div class = \"td-border\"><\/div>\r\n                    <\/div>\r\n                    <div class = \"td-button td-item6\">\r\n                        <div class = \"td-border\"><\/div>\r\n                    <\/div>\r\n                    <div class = \"td-button td-item7\">\r\n                        <div class = \"td-border\"><\/div>\r\n                    <\/div>\r\n                    <div class = \"td-button td-item8\">\r\n                        <div class = \"td-border\"><\/div>\r\n                    <\/div>\r\n                    <div class = \"td-button td-item9\">\r\n                        <div class = \"td-border\"><\/div>\r\n                    <\/div>\r\n                    <div class = \"td-button td-item10\">\r\n                        <div class = \"td-border\"><\/div>\r\n                    <\/div>\r\n                            <\/div>\r\n                        <\/div>\r\n\r\n                    <\/div>\r\n\r\n                <\/div>\r\n                \n","protected":false},"excerpt":{"rendered":"<p>\u25a0 Hubo varios equipos mercedinos que estuvieron en este d\u00eda tan especial. Integrantes del Fusi\u00f3n Running Time, el Top Training Mercedes y el Equipo Get-Fit estuvieron entre ellos<\/p>\n","protected":false},"author":16,"featured_media":78094,"comment_status":"open","ping_status":"open","sticky":false,"template":"","format":"standard","meta":{"footnotes":""},"categories":[5],"tags":[13087,489,13155,13154,2823,1095,1922],"class_list":["post-78093","post","type-post","status-publish","format-standard","has-post-thumbnail","hentry","category-deportes","tag-cancer-de-mamas","tag-carrera","tag-equipo-get-fit","tag-fusion-running-time","tag-running","tag-suipacha","tag-top-training-mercedes"],"yoast_head":"<!-- This site is optimized with the Yoast SEO plugin v27.5 - https:\/\/yoast.com\/product\/yoast-seo-wordpress\/ -->\n<title>Corredores mercedinos en carrera solidaria contra el c\u00e1ncer de mamas, en Suipacha<\/title>\n<meta name=\"robots\" content=\"index, follow, max-snippet:-1, max-image-preview:large, max-video-preview:-1\" \/>\n<link rel=\"canonical\" href=\"https:\/\/noticiasmercedinas.com\/site\/2021\/10\/28\/corredores-mercedinos-en-carrera-solidaria-contra-el-cancer-de-mamas-en-suipacha\/\" \/>\n<meta property=\"og:locale\" content=\"es_ES\" \/>\n<meta property=\"og:type\" content=\"article\" \/>\n<meta property=\"og:title\" content=\"Corredores mercedinos en carrera solidaria contra el c\u00e1ncer de mamas, en Suipacha\" \/>\n<meta property=\"og:description\" content=\"\u25a0 Hubo varios equipos mercedinos que estuvieron en este d\u00eda tan especial. Integrantes del Fusi\u00f3n Running Time, el Top Training Mercedes y el Equipo Get-Fit estuvieron entre ellos\" \/>\n<meta property=\"og:url\" content=\"https:\/\/noticiasmercedinas.com\/site\/2021\/10\/28\/corredores-mercedinos-en-carrera-solidaria-contra-el-cancer-de-mamas-en-suipacha\/\" \/>\n<meta property=\"og:site_name\" content=\"NOTICIASMERCEDINAS.COM\" \/>\n<meta property=\"article:publisher\" content=\"https:\/\/www.facebook.com\/noticiasmercedinas\/\" \/>\n<meta property=\"article:published_time\" content=\"2021-10-28T13:19:49+00:00\" \/>\n<meta property=\"og:image\" content=\"https:\/\/noticiasmercedinas.com\/site\/wp-content\/uploads\/2021\/10\/4e72b68a-da12-439a-88e3-5d76e804f0b8.jpg\" \/>\n\t<meta property=\"og:image:width\" content=\"1280\" \/>\n\t<meta property=\"og:image:height\" content=\"854\" \/>\n\t<meta property=\"og:image:type\" content=\"image\/jpeg\" \/>\n<meta name=\"author\" content=\"NOTICIASMERCEDINAS.COM\" \/>\n<meta name=\"twitter:card\" content=\"summary_large_image\" \/>\n<meta name=\"twitter:creator\" content=\"@notmercedinas\" \/>\n<meta name=\"twitter:site\" content=\"@notmercedinas\" \/>\n<meta name=\"twitter:label1\" content=\"Escrito por\" \/>\n\t<meta name=\"twitter:data1\" content=\"NOTICIASMERCEDINAS.COM\" \/>\n\t<meta name=\"twitter:label2\" content=\"Tiempo de lectura\" \/>\n\t<meta name=\"twitter:data2\" content=\"2 minutos\" \/>\n<script type=\"application\/ld+json\" class=\"yoast-schema-graph\">{\"@context\":\"https:\\\/\\\/schema.org\",\"@graph\":[{\"@type\":\"Article\",\"@id\":\"https:\\\/\\\/noticiasmercedinas.com\\\/site\\\/2021\\\/10\\\/28\\\/corredores-mercedinos-en-carrera-solidaria-contra-el-cancer-de-mamas-en-suipacha\\\/#article\",\"isPartOf\":{\"@id\":\"https:\\\/\\\/noticiasmercedinas.com\\\/site\\\/2021\\\/10\\\/28\\\/corredores-mercedinos-en-carrera-solidaria-contra-el-cancer-de-mamas-en-suipacha\\\/\"},\"author\":{\"name\":\"NOTICIASMERCEDINAS.COM\",\"@id\":\"https:\\\/\\\/noticiasmercedinas.com\\\/site\\\/#\\\/schema\\\/person\\\/84b59c099c28ff2e8b77d4ceec5d8063\"},\"headline\":\"Corredores mercedinos en carrera solidaria contra el c\u00e1ncer de mamas, en Suipacha\",\"datePublished\":\"2021-10-28T13:19:49+00:00\",\"mainEntityOfPage\":{\"@id\":\"https:\\\/\\\/noticiasmercedinas.com\\\/site\\\/2021\\\/10\\\/28\\\/corredores-mercedinos-en-carrera-solidaria-contra-el-cancer-de-mamas-en-suipacha\\\/\"},\"wordCount\":397,\"commentCount\":0,\"publisher\":{\"@id\":\"https:\\\/\\\/noticiasmercedinas.com\\\/site\\\/#organization\"},\"image\":{\"@id\":\"https:\\\/\\\/noticiasmercedinas.com\\\/site\\\/2021\\\/10\\\/28\\\/corredores-mercedinos-en-carrera-solidaria-contra-el-cancer-de-mamas-en-suipacha\\\/#primaryimage\"},\"thumbnailUrl\":\"https:\\\/\\\/noticiasmercedinas.com\\\/site\\\/wp-content\\\/uploads\\\/2021\\\/10\\\/4e72b68a-da12-439a-88e3-5d76e804f0b8.jpg\",\"keywords\":[\"cancer de mamas\",\"carrera\",\"Equipo Get-Fit\",\"Fusi\u00f3n Running Time\",\"running\",\"suipacha\",\"Top Training Mercedes\"],\"articleSection\":[\"Deportes\"],\"inLanguage\":\"es\",\"potentialAction\":[{\"@type\":\"CommentAction\",\"name\":\"Comment\",\"target\":[\"https:\\\/\\\/noticiasmercedinas.com\\\/site\\\/2021\\\/10\\\/28\\\/corredores-mercedinos-en-carrera-solidaria-contra-el-cancer-de-mamas-en-suipacha\\\/#respond\"]}]},{\"@type\":\"WebPage\",\"@id\":\"https:\\\/\\\/noticiasmercedinas.com\\\/site\\\/2021\\\/10\\\/28\\\/corredores-mercedinos-en-carrera-solidaria-contra-el-cancer-de-mamas-en-suipacha\\\/\",\"url\":\"https:\\\/\\\/noticiasmercedinas.com\\\/site\\\/2021\\\/10\\\/28\\\/corredores-mercedinos-en-carrera-solidaria-contra-el-cancer-de-mamas-en-suipacha\\\/\",\"name\":\"Corredores mercedinos en carrera solidaria contra el c\u00e1ncer de mamas, en Suipacha\",\"isPartOf\":{\"@id\":\"https:\\\/\\\/noticiasmercedinas.com\\\/site\\\/#website\"},\"primaryImageOfPage\":{\"@id\":\"https:\\\/\\\/noticiasmercedinas.com\\\/site\\\/2021\\\/10\\\/28\\\/corredores-mercedinos-en-carrera-solidaria-contra-el-cancer-de-mamas-en-suipacha\\\/#primaryimage\"},\"image\":{\"@id\":\"https:\\\/\\\/noticiasmercedinas.com\\\/site\\\/2021\\\/10\\\/28\\\/corredores-mercedinos-en-carrera-solidaria-contra-el-cancer-de-mamas-en-suipacha\\\/#primaryimage\"},\"thumbnailUrl\":\"https:\\\/\\\/noticiasmercedinas.com\\\/site\\\/wp-content\\\/uploads\\\/2021\\\/10\\\/4e72b68a-da12-439a-88e3-5d76e804f0b8.jpg\",\"datePublished\":\"2021-10-28T13:19:49+00:00\",\"breadcrumb\":{\"@id\":\"https:\\\/\\\/noticiasmercedinas.com\\\/site\\\/2021\\\/10\\\/28\\\/corredores-mercedinos-en-carrera-solidaria-contra-el-cancer-de-mamas-en-suipacha\\\/#breadcrumb\"},\"inLanguage\":\"es\",\"potentialAction\":[{\"@type\":\"ReadAction\",\"target\":[\"https:\\\/\\\/noticiasmercedinas.com\\\/site\\\/2021\\\/10\\\/28\\\/corredores-mercedinos-en-carrera-solidaria-contra-el-cancer-de-mamas-en-suipacha\\\/\"]}]},{\"@type\":\"ImageObject\",\"inLanguage\":\"es\",\"@id\":\"https:\\\/\\\/noticiasmercedinas.com\\\/site\\\/2021\\\/10\\\/28\\\/corredores-mercedinos-en-carrera-solidaria-contra-el-cancer-de-mamas-en-suipacha\\\/#primaryimage\",\"url\":\"https:\\\/\\\/noticiasmercedinas.com\\\/site\\\/wp-content\\\/uploads\\\/2021\\\/10\\\/4e72b68a-da12-439a-88e3-5d76e804f0b8.jpg\",\"contentUrl\":\"https:\\\/\\\/noticiasmercedinas.com\\\/site\\\/wp-content\\\/uploads\\\/2021\\\/10\\\/4e72b68a-da12-439a-88e3-5d76e804f0b8.jpg\",\"width\":1280,\"height\":854},{\"@type\":\"BreadcrumbList\",\"@id\":\"https:\\\/\\\/noticiasmercedinas.com\\\/site\\\/2021\\\/10\\\/28\\\/corredores-mercedinos-en-carrera-solidaria-contra-el-cancer-de-mamas-en-suipacha\\\/#breadcrumb\",\"itemListElement\":[{\"@type\":\"ListItem\",\"position\":1,\"name\":\"Portada\",\"item\":\"https:\\\/\\\/noticiasmercedinas.com\\\/site\\\/\"},{\"@type\":\"ListItem\",\"position\":2,\"name\":\"Corredores mercedinos en carrera solidaria contra el c\u00e1ncer de mamas, en Suipacha\"}]},{\"@type\":\"WebSite\",\"@id\":\"https:\\\/\\\/noticiasmercedinas.com\\\/site\\\/#website\",\"url\":\"https:\\\/\\\/noticiasmercedinas.com\\\/site\\\/\",\"name\":\"NOTICIASMERCEDINAS.COM\",\"description\":\"Mercedes, Buenos Aires, Argentina\",\"publisher\":{\"@id\":\"https:\\\/\\\/noticiasmercedinas.com\\\/site\\\/#organization\"},\"potentialAction\":[{\"@type\":\"SearchAction\",\"target\":{\"@type\":\"EntryPoint\",\"urlTemplate\":\"https:\\\/\\\/noticiasmercedinas.com\\\/site\\\/?s={search_term_string}\"},\"query-input\":{\"@type\":\"PropertyValueSpecification\",\"valueRequired\":true,\"valueName\":\"search_term_string\"}}],\"inLanguage\":\"es\"},{\"@type\":\"Organization\",\"@id\":\"https:\\\/\\\/noticiasmercedinas.com\\\/site\\\/#organization\",\"name\":\"NOTICIASMERCEDINAS.COM\",\"url\":\"https:\\\/\\\/noticiasmercedinas.com\\\/site\\\/\",\"logo\":{\"@type\":\"ImageObject\",\"inLanguage\":\"es\",\"@id\":\"https:\\\/\\\/noticiasmercedinas.com\\\/site\\\/#\\\/schema\\\/logo\\\/image\\\/\",\"url\":\"https:\\\/\\\/noticiasmercedinas.com\\\/site\\\/wp-content\\\/uploads\\\/2020\\\/06\\\/LOGO-512.jpg\",\"contentUrl\":\"https:\\\/\\\/noticiasmercedinas.com\\\/site\\\/wp-content\\\/uploads\\\/2020\\\/06\\\/LOGO-512.jpg\",\"width\":512,\"height\":512,\"caption\":\"NOTICIASMERCEDINAS.COM\"},\"image\":{\"@id\":\"https:\\\/\\\/noticiasmercedinas.com\\\/site\\\/#\\\/schema\\\/logo\\\/image\\\/\"},\"sameAs\":[\"https:\\\/\\\/www.facebook.com\\\/noticiasmercedinas\\\/\",\"https:\\\/\\\/x.com\\\/notmercedinas\",\"https:\\\/\\\/www.instagram.com\\\/noticiasmercedinas\\\/\"]},{\"@type\":\"Person\",\"@id\":\"https:\\\/\\\/noticiasmercedinas.com\\\/site\\\/#\\\/schema\\\/person\\\/84b59c099c28ff2e8b77d4ceec5d8063\",\"name\":\"NOTICIASMERCEDINAS.COM\",\"image\":{\"@type\":\"ImageObject\",\"inLanguage\":\"es\",\"@id\":\"https:\\\/\\\/secure.gravatar.com\\\/avatar\\\/4dfbf16b4d17945bfb6341b2d19043457132fcf478a5ee04f42e959fd8f5df0a?s=96&d=mm&r=g\",\"url\":\"https:\\\/\\\/secure.gravatar.com\\\/avatar\\\/4dfbf16b4d17945bfb6341b2d19043457132fcf478a5ee04f42e959fd8f5df0a?s=96&d=mm&r=g\",\"contentUrl\":\"https:\\\/\\\/secure.gravatar.com\\\/avatar\\\/4dfbf16b4d17945bfb6341b2d19043457132fcf478a5ee04f42e959fd8f5df0a?s=96&d=mm&r=g\",\"caption\":\"NOTICIASMERCEDINAS.COM\"},\"url\":\"https:\\\/\\\/noticiasmercedinas.com\\\/site\\\/author\\\/anonimo\\\/\"}]}<\/script>\n<!-- \/ Yoast SEO plugin. -->","yoast_head_json":{"title":"Corredores mercedinos en carrera solidaria contra el c\u00e1ncer de mamas, en Suipacha","robots":{"index":"index","follow":"follow","max-snippet":"max-snippet:-1","max-image-preview":"max-image-preview:large","max-video-preview":"max-video-preview:-1"},"canonical":"https:\/\/noticiasmercedinas.com\/site\/2021\/10\/28\/corredores-mercedinos-en-carrera-solidaria-contra-el-cancer-de-mamas-en-suipacha\/","og_locale":"es_ES","og_type":"article","og_title":"Corredores mercedinos en carrera solidaria contra el c\u00e1ncer de mamas, en Suipacha","og_description":"\u25a0 Hubo varios equipos mercedinos que estuvieron en este d\u00eda tan especial. Integrantes del Fusi\u00f3n Running Time, el Top Training Mercedes y el Equipo Get-Fit estuvieron entre ellos","og_url":"https:\/\/noticiasmercedinas.com\/site\/2021\/10\/28\/corredores-mercedinos-en-carrera-solidaria-contra-el-cancer-de-mamas-en-suipacha\/","og_site_name":"NOTICIASMERCEDINAS.COM","article_publisher":"https:\/\/www.facebook.com\/noticiasmercedinas\/","article_published_time":"2021-10-28T13:19:49+00:00","og_image":[{"width":1280,"height":854,"url":"https:\/\/noticiasmercedinas.com\/site\/wp-content\/uploads\/2021\/10\/4e72b68a-da12-439a-88e3-5d76e804f0b8.jpg","type":"image\/jpeg"}],"author":"NOTICIASMERCEDINAS.COM","twitter_card":"summary_large_image","twitter_creator":"@notmercedinas","twitter_site":"@notmercedinas","twitter_misc":{"Escrito por":"NOTICIASMERCEDINAS.COM","Tiempo de lectura":"2 minutos"},"schema":{"@context":"https:\/\/schema.org","@graph":[{"@type":"Article","@id":"https:\/\/noticiasmercedinas.com\/site\/2021\/10\/28\/corredores-mercedinos-en-carrera-solidaria-contra-el-cancer-de-mamas-en-suipacha\/#article","isPartOf":{"@id":"https:\/\/noticiasmercedinas.com\/site\/2021\/10\/28\/corredores-mercedinos-en-carrera-solidaria-contra-el-cancer-de-mamas-en-suipacha\/"},"author":{"name":"NOTICIASMERCEDINAS.COM","@id":"https:\/\/noticiasmercedinas.com\/site\/#\/schema\/person\/84b59c099c28ff2e8b77d4ceec5d8063"},"headline":"Corredores mercedinos en carrera solidaria contra el c\u00e1ncer de mamas, en Suipacha","datePublished":"2021-10-28T13:19:49+00:00","mainEntityOfPage":{"@id":"https:\/\/noticiasmercedinas.com\/site\/2021\/10\/28\/corredores-mercedinos-en-carrera-solidaria-contra-el-cancer-de-mamas-en-suipacha\/"},"wordCount":397,"commentCount":0,"publisher":{"@id":"https:\/\/noticiasmercedinas.com\/site\/#organization"},"image":{"@id":"https:\/\/noticiasmercedinas.com\/site\/2021\/10\/28\/corredores-mercedinos-en-carrera-solidaria-contra-el-cancer-de-mamas-en-suipacha\/#primaryimage"},"thumbnailUrl":"https:\/\/noticiasmercedinas.com\/site\/wp-content\/uploads\/2021\/10\/4e72b68a-da12-439a-88e3-5d76e804f0b8.jpg","keywords":["cancer de mamas","carrera","Equipo Get-Fit","Fusi\u00f3n Running Time","running","suipacha","Top Training Mercedes"],"articleSection":["Deportes"],"inLanguage":"es","potentialAction":[{"@type":"CommentAction","name":"Comment","target":["https:\/\/noticiasmercedinas.com\/site\/2021\/10\/28\/corredores-mercedinos-en-carrera-solidaria-contra-el-cancer-de-mamas-en-suipacha\/#respond"]}]},{"@type":"WebPage","@id":"https:\/\/noticiasmercedinas.com\/site\/2021\/10\/28\/corredores-mercedinos-en-carrera-solidaria-contra-el-cancer-de-mamas-en-suipacha\/","url":"https:\/\/noticiasmercedinas.com\/site\/2021\/10\/28\/corredores-mercedinos-en-carrera-solidaria-contra-el-cancer-de-mamas-en-suipacha\/","name":"Corredores mercedinos en carrera solidaria contra el c\u00e1ncer de mamas, en Suipacha","isPartOf":{"@id":"https:\/\/noticiasmercedinas.com\/site\/#website"},"primaryImageOfPage":{"@id":"https:\/\/noticiasmercedinas.com\/site\/2021\/10\/28\/corredores-mercedinos-en-carrera-solidaria-contra-el-cancer-de-mamas-en-suipacha\/#primaryimage"},"image":{"@id":"https:\/\/noticiasmercedinas.com\/site\/2021\/10\/28\/corredores-mercedinos-en-carrera-solidaria-contra-el-cancer-de-mamas-en-suipacha\/#primaryimage"},"thumbnailUrl":"https:\/\/noticiasmercedinas.com\/site\/wp-content\/uploads\/2021\/10\/4e72b68a-da12-439a-88e3-5d76e804f0b8.jpg","datePublished":"2021-10-28T13:19:49+00:00","breadcrumb":{"@id":"https:\/\/noticiasmercedinas.com\/site\/2021\/10\/28\/corredores-mercedinos-en-carrera-solidaria-contra-el-cancer-de-mamas-en-suipacha\/#breadcrumb"},"inLanguage":"es","potentialAction":[{"@type":"ReadAction","target":["https:\/\/noticiasmercedinas.com\/site\/2021\/10\/28\/corredores-mercedinos-en-carrera-solidaria-contra-el-cancer-de-mamas-en-suipacha\/"]}]},{"@type":"ImageObject","inLanguage":"es","@id":"https:\/\/noticiasmercedinas.com\/site\/2021\/10\/28\/corredores-mercedinos-en-carrera-solidaria-contra-el-cancer-de-mamas-en-suipacha\/#primaryimage","url":"https:\/\/noticiasmercedinas.com\/site\/wp-content\/uploads\/2021\/10\/4e72b68a-da12-439a-88e3-5d76e804f0b8.jpg","contentUrl":"https:\/\/noticiasmercedinas.com\/site\/wp-content\/uploads\/2021\/10\/4e72b68a-da12-439a-88e3-5d76e804f0b8.jpg","width":1280,"height":854},{"@type":"BreadcrumbList","@id":"https:\/\/noticiasmercedinas.com\/site\/2021\/10\/28\/corredores-mercedinos-en-carrera-solidaria-contra-el-cancer-de-mamas-en-suipacha\/#breadcrumb","itemListElement":[{"@type":"ListItem","position":1,"name":"Portada","item":"https:\/\/noticiasmercedinas.com\/site\/"},{"@type":"ListItem","position":2,"name":"Corredores mercedinos en carrera solidaria contra el c\u00e1ncer de mamas, en Suipacha"}]},{"@type":"WebSite","@id":"https:\/\/noticiasmercedinas.com\/site\/#website","url":"https:\/\/noticiasmercedinas.com\/site\/","name":"NOTICIASMERCEDINAS.COM","description":"Mercedes, Buenos Aires, Argentina","publisher":{"@id":"https:\/\/noticiasmercedinas.com\/site\/#organization"},"potentialAction":[{"@type":"SearchAction","target":{"@type":"EntryPoint","urlTemplate":"https:\/\/noticiasmercedinas.com\/site\/?s={search_term_string}"},"query-input":{"@type":"PropertyValueSpecification","valueRequired":true,"valueName":"search_term_string"}}],"inLanguage":"es"},{"@type":"Organization","@id":"https:\/\/noticiasmercedinas.com\/site\/#organization","name":"NOTICIASMERCEDINAS.COM","url":"https:\/\/noticiasmercedinas.com\/site\/","logo":{"@type":"ImageObject","inLanguage":"es","@id":"https:\/\/noticiasmercedinas.com\/site\/#\/schema\/logo\/image\/","url":"https:\/\/noticiasmercedinas.com\/site\/wp-content\/uploads\/2020\/06\/LOGO-512.jpg","contentUrl":"https:\/\/noticiasmercedinas.com\/site\/wp-content\/uploads\/2020\/06\/LOGO-512.jpg","width":512,"height":512,"caption":"NOTICIASMERCEDINAS.COM"},"image":{"@id":"https:\/\/noticiasmercedinas.com\/site\/#\/schema\/logo\/image\/"},"sameAs":["https:\/\/www.facebook.com\/noticiasmercedinas\/","https:\/\/x.com\/notmercedinas","https:\/\/www.instagram.com\/noticiasmercedinas\/"]},{"@type":"Person","@id":"https:\/\/noticiasmercedinas.com\/site\/#\/schema\/person\/84b59c099c28ff2e8b77d4ceec5d8063","name":"NOTICIASMERCEDINAS.COM","image":{"@type":"ImageObject","inLanguage":"es","@id":"https:\/\/secure.gravatar.com\/avatar\/4dfbf16b4d17945bfb6341b2d19043457132fcf478a5ee04f42e959fd8f5df0a?s=96&d=mm&r=g","url":"https:\/\/secure.gravatar.com\/avatar\/4dfbf16b4d17945bfb6341b2d19043457132fcf478a5ee04f42e959fd8f5df0a?s=96&d=mm&r=g","contentUrl":"https:\/\/secure.gravatar.com\/avatar\/4dfbf16b4d17945bfb6341b2d19043457132fcf478a5ee04f42e959fd8f5df0a?s=96&d=mm&r=g","caption":"NOTICIASMERCEDINAS.COM"},"url":"https:\/\/noticiasmercedinas.com\/site\/author\/anonimo\/"}]}},"amp_enabled":true,"_links":{"self":[{"href":"https:\/\/noticiasmercedinas.com\/site\/wp-json\/wp\/v2\/posts\/78093","targetHints":{"allow":["GET"]}}],"collection":[{"href":"https:\/\/noticiasmercedinas.com\/site\/wp-json\/wp\/v2\/posts"}],"about":[{"href":"https:\/\/noticiasmercedinas.com\/site\/wp-json\/wp\/v2\/types\/post"}],"author":[{"embeddable":true,"href":"https:\/\/noticiasmercedinas.com\/site\/wp-json\/wp\/v2\/users\/16"}],"replies":[{"embeddable":true,"href":"https:\/\/noticiasmercedinas.com\/site\/wp-json\/wp\/v2\/comments?post=78093"}],"version-history":[{"count":1,"href":"https:\/\/noticiasmercedinas.com\/site\/wp-json\/wp\/v2\/posts\/78093\/revisions"}],"predecessor-version":[{"id":78105,"href":"https:\/\/noticiasmercedinas.com\/site\/wp-json\/wp\/v2\/posts\/78093\/revisions\/78105"}],"wp:featuredmedia":[{"embeddable":true,"href":"https:\/\/noticiasmercedinas.com\/site\/wp-json\/wp\/v2\/media\/78094"}],"wp:attachment":[{"href":"https:\/\/noticiasmercedinas.com\/site\/wp-json\/wp\/v2\/media?parent=78093"}],"wp:term":[{"taxonomy":"category","embeddable":true,"href":"https:\/\/noticiasmercedinas.com\/site\/wp-json\/wp\/v2\/categories?post=78093"},{"taxonomy":"post_tag","embeddable":true,"href":"https:\/\/noticiasmercedinas.com\/site\/wp-json\/wp\/v2\/tags?post=78093"}],"curies":[{"name":"wp","href":"https:\/\/api.w.org\/{rel}","templated":true}]}}