{"id":78113,"date":"2021-10-28T14:17:44","date_gmt":"2021-10-28T17:17:44","guid":{"rendered":"https:\/\/noticiasmercedinas.com\/site\/2021\/10\/28\/festival-internacional-de-teatro-olmedo-vive-congrega-a-una-decena-de-paises\/"},"modified":"2021-10-28T14:17:44","modified_gmt":"2021-10-28T17:17:44","slug":"festival-internacional-de-teatro-olmedo-vive-congrega-a-una-decena-de-paises","status":"publish","type":"post","link":"https:\/\/noticiasmercedinas.com\/site\/2021\/10\/28\/festival-internacional-de-teatro-olmedo-vive-congrega-a-una-decena-de-paises\/","title":{"rendered":"Festival Internacional de Teatro Olmedo Vive congrega a una decena de pa\u00edses"},"content":{"rendered":"<p><img loading=\"lazy\" decoding=\"async\" class=\"failed alignnone wp-image-78112 size-full\" src=\"https:\/\/noticiasmercedinas.com\/site\/wp-content\/uploads\/2021\/10\/facebook_1635440084901_6859532889860669238.jpg\" width=\"1278\" height=\"720\" srcset=\"https:\/\/noticiasmercedinas.com\/site\/wp-content\/uploads\/2021\/10\/facebook_1635440084901_6859532889860669238.jpg 1278w, https:\/\/noticiasmercedinas.com\/site\/wp-content\/uploads\/2021\/10\/facebook_1635440084901_6859532889860669238-300x169.jpg 300w, https:\/\/noticiasmercedinas.com\/site\/wp-content\/uploads\/2021\/10\/facebook_1635440084901_6859532889860669238-1024x577.jpg 1024w, https:\/\/noticiasmercedinas.com\/site\/wp-content\/uploads\/2021\/10\/facebook_1635440084901_6859532889860669238-768x433.jpg 768w, https:\/\/noticiasmercedinas.com\/site\/wp-content\/uploads\/2021\/10\/facebook_1635440084901_6859532889860669238-640x361.jpg 640w, https:\/\/noticiasmercedinas.com\/site\/wp-content\/uploads\/2021\/10\/facebook_1635440084901_6859532889860669238-681x384.jpg 681w\" sizes=\"auto, (max-width: 1278px) 100vw, 1278px\" \/><\/p>\n<p>Se viene el IV FITOV Mercedes 2021, en el que m\u00e1s de una decena de pa\u00edses ser\u00e1n parte de este evento, del 2 al 7 de noviembre.<\/p>\n<p>Este a\u00f1o el Festival Internacional de Teatro Olmedo Vive, \u00fanico del norte de la provincia de Buenos Aires y el primero de la ciudad, contar\u00e1 con la presencia de los siguientes pa\u00edses: Cuba, Brasil, El Salvador, Uruguay, Chile, Nicaragua, M\u00e9xico, Colombia, Ecuador, Per\u00fa y Argentina.<\/p>\n<p>De nuestro pa\u00eds estar\u00e1n representadas las provincias de C\u00f3rdoba, Jujuy, CABA y Buenos Aires, y tambi\u00e9n estar\u00e1n representadas las siguientes ciudades: Salto, Pergamino, Rojas, Villa Gesell, San Fernando, Bah\u00eda Blanca, Escobar, Pilar, Chacabuco, General Rodr\u00edguez, Escobar, San Nicol\u00e1s y Mercedes.<\/p>\n<p>Se larga el 2 de noviembre con la apertura de todos los participantes, a las 11.00 horas. La apertura ser\u00e1 transmitida por Organizaci\u00f3n TV en YouTube Live, y seguidamente habr\u00e1 un homenaje al artista y gestor cultural, Gerardo \u201cPiqui\u201d Caballero, recientemente fallecido, ealizado por el periodista Walter Anido.<\/p>\n<p>Todos los d\u00edas se repetir\u00e1n los horarios y las actividades con distintos protagonistas son:<\/p>\n<p>15.00 hs. habr\u00e1 Entrevistas a Directores y Actores del Teatro Independiente<\/p>\n<p>16.00 hs Charlas Teatristas y Funcionarios de Cultura<\/p>\n<p>18.00, 20.00 y 22.00 hs. ser\u00e1n los horarios de las producciones teatrales tanto internacionales como nacionales (las de 18.00 hs ser\u00e1n infantiles o para p\u00fablico adolescente, a partir de las 00.00 hs. estar\u00e1 el OFF Olmedo Desvelado con \u201cMujeres al Frente de Salas de Teatro Independiente en la provincia de Buenos Aires\u201d y a partir del d\u00eda mi\u00e9rcoles 3 a la 11.00 h. Charlas con Artistas Mercedinos).<\/p>\n<p>Se puede seguir el Festival por el canal de YouTube \u201cOrganizaci\u00f3n TV\u201d. Tambi\u00e9n se puede suscribir y recibir toda la informaci\u00f3n de las actividades.<\/p>\n<p>Este festival es 100% financiado con aportes privados tanto nacionales como internacionales y pertenece al Movimiento Latinoamericano de Teatro LATE. \u00abSon muchos a\u00f1os de inversi\u00f3n y esfuerzo, pero, una vez m\u00e1s se demuestra la capacidad de gesti\u00f3n y organizaci\u00f3n que tiene el teatro independiente\u00bb, afirman<\/p>\n","protected":false},"excerpt":{"rendered":"<p>Se viene el IV FITOV Mercedes 2021, en el que m\u00e1s de una decena de pa\u00edses ser\u00e1n parte de este evento, del 2 al 7 de noviembre. Este a\u00f1o el Festival Internacional de Teatro Olmedo Vive, \u00fanico del norte de la provincia de Buenos Aires y el primero de la ciudad, contar\u00e1 con la presencia [&hellip;]<\/p>\n","protected":false},"author":2,"featured_media":78112,"comment_status":"open","ping_status":"open","sticky":false,"template":"","format":"standard","meta":{"footnotes":""},"categories":[4],"tags":[846,10383,480],"class_list":["post-78113","post","type-post","status-publish","format-standard","has-post-thumbnail","hentry","category-cultura","tag-festival","tag-olmedo-vive","tag-teatro"],"yoast_head":"<!-- This site is optimized with the Yoast SEO plugin v27.5 - https:\/\/yoast.com\/product\/yoast-seo-wordpress\/ -->\n<title>Festival Internacional de Teatro Olmedo Vive congrega a una decena de pa\u00edses<\/title>\n<meta name=\"robots\" content=\"index, follow, max-snippet:-1, max-image-preview:large, max-video-preview:-1\" \/>\n<link rel=\"canonical\" href=\"https:\/\/noticiasmercedinas.com\/site\/2021\/10\/28\/festival-internacional-de-teatro-olmedo-vive-congrega-a-una-decena-de-paises\/\" \/>\n<meta property=\"og:locale\" content=\"es_ES\" \/>\n<meta property=\"og:type\" content=\"article\" \/>\n<meta property=\"og:title\" content=\"Festival Internacional de Teatro Olmedo Vive congrega a una decena de pa\u00edses\" \/>\n<meta property=\"og:description\" content=\"Se viene el IV FITOV Mercedes 2021, en el que m\u00e1s de una decena de pa\u00edses ser\u00e1n parte de este evento, del 2 al 7 de noviembre. Este a\u00f1o el Festival Internacional de Teatro Olmedo Vive, \u00fanico del norte de la provincia de Buenos Aires y el primero de la ciudad, contar\u00e1 con la presencia [&hellip;]\" \/>\n<meta property=\"og:url\" content=\"https:\/\/noticiasmercedinas.com\/site\/2021\/10\/28\/festival-internacional-de-teatro-olmedo-vive-congrega-a-una-decena-de-paises\/\" \/>\n<meta property=\"og:site_name\" content=\"NOTICIASMERCEDINAS.COM\" \/>\n<meta property=\"article:publisher\" content=\"https:\/\/www.facebook.com\/noticiasmercedinas\/\" \/>\n<meta property=\"article:author\" content=\"https:\/\/www.facebook.com\/cristian.falabella\" \/>\n<meta property=\"article:published_time\" content=\"2021-10-28T17:17:44+00:00\" \/>\n<meta property=\"og:image\" content=\"https:\/\/noticiasmercedinas.com\/site\/wp-content\/uploads\/2021\/10\/facebook_1635440084901_6859532889860669238.jpg\" \/>\n\t<meta property=\"og:image:width\" content=\"1278\" \/>\n\t<meta property=\"og:image:height\" content=\"720\" \/>\n\t<meta property=\"og:image:type\" content=\"image\/jpeg\" \/>\n<meta name=\"author\" content=\"Cristian Falabella NOTICIASMERCEDINAS.COM\" \/>\n<meta name=\"twitter:card\" content=\"summary_large_image\" \/>\n<meta name=\"twitter:creator\" content=\"@https:\/\/twitter.com\/NOTMERCEDINAS\" \/>\n<meta name=\"twitter:site\" content=\"@notmercedinas\" \/>\n<meta name=\"twitter:label1\" content=\"Escrito por\" \/>\n\t<meta name=\"twitter:data1\" content=\"Cristian Falabella NOTICIASMERCEDINAS.COM\" \/>\n\t<meta name=\"twitter:label2\" content=\"Tiempo de lectura\" \/>\n\t<meta name=\"twitter:data2\" content=\"2 minutos\" \/>\n<script type=\"application\/ld+json\" class=\"yoast-schema-graph\">{\"@context\":\"https:\\\/\\\/schema.org\",\"@graph\":[{\"@type\":\"Article\",\"@id\":\"https:\\\/\\\/noticiasmercedinas.com\\\/site\\\/2021\\\/10\\\/28\\\/festival-internacional-de-teatro-olmedo-vive-congrega-a-una-decena-de-paises\\\/#article\",\"isPartOf\":{\"@id\":\"https:\\\/\\\/noticiasmercedinas.com\\\/site\\\/2021\\\/10\\\/28\\\/festival-internacional-de-teatro-olmedo-vive-congrega-a-una-decena-de-paises\\\/\"},\"author\":{\"name\":\"Cristian Falabella NOTICIASMERCEDINAS.COM\",\"@id\":\"https:\\\/\\\/noticiasmercedinas.com\\\/site\\\/#\\\/schema\\\/person\\\/d481a9696a5feaec13a60e2bbd991a6a\"},\"headline\":\"Festival Internacional de Teatro Olmedo Vive congrega a una decena de pa\u00edses\",\"datePublished\":\"2021-10-28T17:17:44+00:00\",\"mainEntityOfPage\":{\"@id\":\"https:\\\/\\\/noticiasmercedinas.com\\\/site\\\/2021\\\/10\\\/28\\\/festival-internacional-de-teatro-olmedo-vive-congrega-a-una-decena-de-paises\\\/\"},\"wordCount\":357,\"commentCount\":0,\"publisher\":{\"@id\":\"https:\\\/\\\/noticiasmercedinas.com\\\/site\\\/#organization\"},\"image\":{\"@id\":\"https:\\\/\\\/noticiasmercedinas.com\\\/site\\\/2021\\\/10\\\/28\\\/festival-internacional-de-teatro-olmedo-vive-congrega-a-una-decena-de-paises\\\/#primaryimage\"},\"thumbnailUrl\":\"https:\\\/\\\/noticiasmercedinas.com\\\/site\\\/wp-content\\\/uploads\\\/2021\\\/10\\\/facebook_1635440084901_6859532889860669238.jpg\",\"keywords\":[\"festival\",\"olmedo vive\",\"teatro\"],\"articleSection\":[\"Cultura\"],\"inLanguage\":\"es\",\"potentialAction\":[{\"@type\":\"CommentAction\",\"name\":\"Comment\",\"target\":[\"https:\\\/\\\/noticiasmercedinas.com\\\/site\\\/2021\\\/10\\\/28\\\/festival-internacional-de-teatro-olmedo-vive-congrega-a-una-decena-de-paises\\\/#respond\"]}]},{\"@type\":\"WebPage\",\"@id\":\"https:\\\/\\\/noticiasmercedinas.com\\\/site\\\/2021\\\/10\\\/28\\\/festival-internacional-de-teatro-olmedo-vive-congrega-a-una-decena-de-paises\\\/\",\"url\":\"https:\\\/\\\/noticiasmercedinas.com\\\/site\\\/2021\\\/10\\\/28\\\/festival-internacional-de-teatro-olmedo-vive-congrega-a-una-decena-de-paises\\\/\",\"name\":\"Festival Internacional de Teatro Olmedo Vive congrega a una decena de pa\u00edses\",\"isPartOf\":{\"@id\":\"https:\\\/\\\/noticiasmercedinas.com\\\/site\\\/#website\"},\"primaryImageOfPage\":{\"@id\":\"https:\\\/\\\/noticiasmercedinas.com\\\/site\\\/2021\\\/10\\\/28\\\/festival-internacional-de-teatro-olmedo-vive-congrega-a-una-decena-de-paises\\\/#primaryimage\"},\"image\":{\"@id\":\"https:\\\/\\\/noticiasmercedinas.com\\\/site\\\/2021\\\/10\\\/28\\\/festival-internacional-de-teatro-olmedo-vive-congrega-a-una-decena-de-paises\\\/#primaryimage\"},\"thumbnailUrl\":\"https:\\\/\\\/noticiasmercedinas.com\\\/site\\\/wp-content\\\/uploads\\\/2021\\\/10\\\/facebook_1635440084901_6859532889860669238.jpg\",\"datePublished\":\"2021-10-28T17:17:44+00:00\",\"breadcrumb\":{\"@id\":\"https:\\\/\\\/noticiasmercedinas.com\\\/site\\\/2021\\\/10\\\/28\\\/festival-internacional-de-teatro-olmedo-vive-congrega-a-una-decena-de-paises\\\/#breadcrumb\"},\"inLanguage\":\"es\",\"potentialAction\":[{\"@type\":\"ReadAction\",\"target\":[\"https:\\\/\\\/noticiasmercedinas.com\\\/site\\\/2021\\\/10\\\/28\\\/festival-internacional-de-teatro-olmedo-vive-congrega-a-una-decena-de-paises\\\/\"]}]},{\"@type\":\"ImageObject\",\"inLanguage\":\"es\",\"@id\":\"https:\\\/\\\/noticiasmercedinas.com\\\/site\\\/2021\\\/10\\\/28\\\/festival-internacional-de-teatro-olmedo-vive-congrega-a-una-decena-de-paises\\\/#primaryimage\",\"url\":\"https:\\\/\\\/noticiasmercedinas.com\\\/site\\\/wp-content\\\/uploads\\\/2021\\\/10\\\/facebook_1635440084901_6859532889860669238.jpg\",\"contentUrl\":\"https:\\\/\\\/noticiasmercedinas.com\\\/site\\\/wp-content\\\/uploads\\\/2021\\\/10\\\/facebook_1635440084901_6859532889860669238.jpg\",\"width\":1278,\"height\":720},{\"@type\":\"BreadcrumbList\",\"@id\":\"https:\\\/\\\/noticiasmercedinas.com\\\/site\\\/2021\\\/10\\\/28\\\/festival-internacional-de-teatro-olmedo-vive-congrega-a-una-decena-de-paises\\\/#breadcrumb\",\"itemListElement\":[{\"@type\":\"ListItem\",\"position\":1,\"name\":\"Portada\",\"item\":\"https:\\\/\\\/noticiasmercedinas.com\\\/site\\\/\"},{\"@type\":\"ListItem\",\"position\":2,\"name\":\"Festival Internacional de Teatro Olmedo Vive congrega a una decena de pa\u00edses\"}]},{\"@type\":\"WebSite\",\"@id\":\"https:\\\/\\\/noticiasmercedinas.com\\\/site\\\/#website\",\"url\":\"https:\\\/\\\/noticiasmercedinas.com\\\/site\\\/\",\"name\":\"NOTICIASMERCEDINAS.COM\",\"description\":\"Mercedes, Buenos Aires, Argentina\",\"publisher\":{\"@id\":\"https:\\\/\\\/noticiasmercedinas.com\\\/site\\\/#organization\"},\"potentialAction\":[{\"@type\":\"SearchAction\",\"target\":{\"@type\":\"EntryPoint\",\"urlTemplate\":\"https:\\\/\\\/noticiasmercedinas.com\\\/site\\\/?s={search_term_string}\"},\"query-input\":{\"@type\":\"PropertyValueSpecification\",\"valueRequired\":true,\"valueName\":\"search_term_string\"}}],\"inLanguage\":\"es\"},{\"@type\":\"Organization\",\"@id\":\"https:\\\/\\\/noticiasmercedinas.com\\\/site\\\/#organization\",\"name\":\"NOTICIASMERCEDINAS.COM\",\"url\":\"https:\\\/\\\/noticiasmercedinas.com\\\/site\\\/\",\"logo\":{\"@type\":\"ImageObject\",\"inLanguage\":\"es\",\"@id\":\"https:\\\/\\\/noticiasmercedinas.com\\\/site\\\/#\\\/schema\\\/logo\\\/image\\\/\",\"url\":\"https:\\\/\\\/noticiasmercedinas.com\\\/site\\\/wp-content\\\/uploads\\\/2020\\\/06\\\/LOGO-512.jpg\",\"contentUrl\":\"https:\\\/\\\/noticiasmercedinas.com\\\/site\\\/wp-content\\\/uploads\\\/2020\\\/06\\\/LOGO-512.jpg\",\"width\":512,\"height\":512,\"caption\":\"NOTICIASMERCEDINAS.COM\"},\"image\":{\"@id\":\"https:\\\/\\\/noticiasmercedinas.com\\\/site\\\/#\\\/schema\\\/logo\\\/image\\\/\"},\"sameAs\":[\"https:\\\/\\\/www.facebook.com\\\/noticiasmercedinas\\\/\",\"https:\\\/\\\/x.com\\\/notmercedinas\",\"https:\\\/\\\/www.instagram.com\\\/noticiasmercedinas\\\/\"]},{\"@type\":\"Person\",\"@id\":\"https:\\\/\\\/noticiasmercedinas.com\\\/site\\\/#\\\/schema\\\/person\\\/d481a9696a5feaec13a60e2bbd991a6a\",\"name\":\"Cristian Falabella NOTICIASMERCEDINAS.COM\",\"image\":{\"@type\":\"ImageObject\",\"inLanguage\":\"es\",\"@id\":\"https:\\\/\\\/secure.gravatar.com\\\/avatar\\\/0dbbfc45970cc46bcd0e57766228574ff3511d6eed045b182f536f0f478c1f06?s=96&d=mm&r=g\",\"url\":\"https:\\\/\\\/secure.gravatar.com\\\/avatar\\\/0dbbfc45970cc46bcd0e57766228574ff3511d6eed045b182f536f0f478c1f06?s=96&d=mm&r=g\",\"contentUrl\":\"https:\\\/\\\/secure.gravatar.com\\\/avatar\\\/0dbbfc45970cc46bcd0e57766228574ff3511d6eed045b182f536f0f478c1f06?s=96&d=mm&r=g\",\"caption\":\"Cristian Falabella NOTICIASMERCEDINAS.COM\"},\"description\":\"Periodista, editor de Noticias Mercedinas. Pas\u00f3 por varias redacciones y emprendimientos de prensa, en distintos formatos y \u00e9pocas. Se especializ\u00f3 --y sigue haci\u00e9ndolo-- en comunicaci\u00f3n en la web y en junio de 2006 fund\u00f3 este diario digital.\",\"sameAs\":[\"https:\\\/\\\/noticiasmercedinas.com\",\"https:\\\/\\\/www.facebook.com\\\/cristian.falabella\",\"https:\\\/\\\/www.instagram.com\\\/noticiasmercedinas\\\/\",\"https:\\\/\\\/x.com\\\/https:\\\/\\\/twitter.com\\\/NOTMERCEDINAS\"],\"url\":\"https:\\\/\\\/noticiasmercedinas.com\\\/site\\\/author\\\/as000384\\\/\"}]}<\/script>\n<!-- \/ Yoast SEO plugin. -->","yoast_head_json":{"title":"Festival Internacional de Teatro Olmedo Vive congrega a una decena de pa\u00edses","robots":{"index":"index","follow":"follow","max-snippet":"max-snippet:-1","max-image-preview":"max-image-preview:large","max-video-preview":"max-video-preview:-1"},"canonical":"https:\/\/noticiasmercedinas.com\/site\/2021\/10\/28\/festival-internacional-de-teatro-olmedo-vive-congrega-a-una-decena-de-paises\/","og_locale":"es_ES","og_type":"article","og_title":"Festival Internacional de Teatro Olmedo Vive congrega a una decena de pa\u00edses","og_description":"Se viene el IV FITOV Mercedes 2021, en el que m\u00e1s de una decena de pa\u00edses ser\u00e1n parte de este evento, del 2 al 7 de noviembre. Este a\u00f1o el Festival Internacional de Teatro Olmedo Vive, \u00fanico del norte de la provincia de Buenos Aires y el primero de la ciudad, contar\u00e1 con la presencia [&hellip;]","og_url":"https:\/\/noticiasmercedinas.com\/site\/2021\/10\/28\/festival-internacional-de-teatro-olmedo-vive-congrega-a-una-decena-de-paises\/","og_site_name":"NOTICIASMERCEDINAS.COM","article_publisher":"https:\/\/www.facebook.com\/noticiasmercedinas\/","article_author":"https:\/\/www.facebook.com\/cristian.falabella","article_published_time":"2021-10-28T17:17:44+00:00","og_image":[{"width":1278,"height":720,"url":"https:\/\/noticiasmercedinas.com\/site\/wp-content\/uploads\/2021\/10\/facebook_1635440084901_6859532889860669238.jpg","type":"image\/jpeg"}],"author":"Cristian Falabella NOTICIASMERCEDINAS.COM","twitter_card":"summary_large_image","twitter_creator":"@https:\/\/twitter.com\/NOTMERCEDINAS","twitter_site":"@notmercedinas","twitter_misc":{"Escrito por":"Cristian Falabella NOTICIASMERCEDINAS.COM","Tiempo de lectura":"2 minutos"},"schema":{"@context":"https:\/\/schema.org","@graph":[{"@type":"Article","@id":"https:\/\/noticiasmercedinas.com\/site\/2021\/10\/28\/festival-internacional-de-teatro-olmedo-vive-congrega-a-una-decena-de-paises\/#article","isPartOf":{"@id":"https:\/\/noticiasmercedinas.com\/site\/2021\/10\/28\/festival-internacional-de-teatro-olmedo-vive-congrega-a-una-decena-de-paises\/"},"author":{"name":"Cristian Falabella NOTICIASMERCEDINAS.COM","@id":"https:\/\/noticiasmercedinas.com\/site\/#\/schema\/person\/d481a9696a5feaec13a60e2bbd991a6a"},"headline":"Festival Internacional de Teatro Olmedo Vive congrega a una decena de pa\u00edses","datePublished":"2021-10-28T17:17:44+00:00","mainEntityOfPage":{"@id":"https:\/\/noticiasmercedinas.com\/site\/2021\/10\/28\/festival-internacional-de-teatro-olmedo-vive-congrega-a-una-decena-de-paises\/"},"wordCount":357,"commentCount":0,"publisher":{"@id":"https:\/\/noticiasmercedinas.com\/site\/#organization"},"image":{"@id":"https:\/\/noticiasmercedinas.com\/site\/2021\/10\/28\/festival-internacional-de-teatro-olmedo-vive-congrega-a-una-decena-de-paises\/#primaryimage"},"thumbnailUrl":"https:\/\/noticiasmercedinas.com\/site\/wp-content\/uploads\/2021\/10\/facebook_1635440084901_6859532889860669238.jpg","keywords":["festival","olmedo vive","teatro"],"articleSection":["Cultura"],"inLanguage":"es","potentialAction":[{"@type":"CommentAction","name":"Comment","target":["https:\/\/noticiasmercedinas.com\/site\/2021\/10\/28\/festival-internacional-de-teatro-olmedo-vive-congrega-a-una-decena-de-paises\/#respond"]}]},{"@type":"WebPage","@id":"https:\/\/noticiasmercedinas.com\/site\/2021\/10\/28\/festival-internacional-de-teatro-olmedo-vive-congrega-a-una-decena-de-paises\/","url":"https:\/\/noticiasmercedinas.com\/site\/2021\/10\/28\/festival-internacional-de-teatro-olmedo-vive-congrega-a-una-decena-de-paises\/","name":"Festival Internacional de Teatro Olmedo Vive congrega a una decena de pa\u00edses","isPartOf":{"@id":"https:\/\/noticiasmercedinas.com\/site\/#website"},"primaryImageOfPage":{"@id":"https:\/\/noticiasmercedinas.com\/site\/2021\/10\/28\/festival-internacional-de-teatro-olmedo-vive-congrega-a-una-decena-de-paises\/#primaryimage"},"image":{"@id":"https:\/\/noticiasmercedinas.com\/site\/2021\/10\/28\/festival-internacional-de-teatro-olmedo-vive-congrega-a-una-decena-de-paises\/#primaryimage"},"thumbnailUrl":"https:\/\/noticiasmercedinas.com\/site\/wp-content\/uploads\/2021\/10\/facebook_1635440084901_6859532889860669238.jpg","datePublished":"2021-10-28T17:17:44+00:00","breadcrumb":{"@id":"https:\/\/noticiasmercedinas.com\/site\/2021\/10\/28\/festival-internacional-de-teatro-olmedo-vive-congrega-a-una-decena-de-paises\/#breadcrumb"},"inLanguage":"es","potentialAction":[{"@type":"ReadAction","target":["https:\/\/noticiasmercedinas.com\/site\/2021\/10\/28\/festival-internacional-de-teatro-olmedo-vive-congrega-a-una-decena-de-paises\/"]}]},{"@type":"ImageObject","inLanguage":"es","@id":"https:\/\/noticiasmercedinas.com\/site\/2021\/10\/28\/festival-internacional-de-teatro-olmedo-vive-congrega-a-una-decena-de-paises\/#primaryimage","url":"https:\/\/noticiasmercedinas.com\/site\/wp-content\/uploads\/2021\/10\/facebook_1635440084901_6859532889860669238.jpg","contentUrl":"https:\/\/noticiasmercedinas.com\/site\/wp-content\/uploads\/2021\/10\/facebook_1635440084901_6859532889860669238.jpg","width":1278,"height":720},{"@type":"BreadcrumbList","@id":"https:\/\/noticiasmercedinas.com\/site\/2021\/10\/28\/festival-internacional-de-teatro-olmedo-vive-congrega-a-una-decena-de-paises\/#breadcrumb","itemListElement":[{"@type":"ListItem","position":1,"name":"Portada","item":"https:\/\/noticiasmercedinas.com\/site\/"},{"@type":"ListItem","position":2,"name":"Festival Internacional de Teatro Olmedo Vive congrega a una decena de pa\u00edses"}]},{"@type":"WebSite","@id":"https:\/\/noticiasmercedinas.com\/site\/#website","url":"https:\/\/noticiasmercedinas.com\/site\/","name":"NOTICIASMERCEDINAS.COM","description":"Mercedes, Buenos Aires, Argentina","publisher":{"@id":"https:\/\/noticiasmercedinas.com\/site\/#organization"},"potentialAction":[{"@type":"SearchAction","target":{"@type":"EntryPoint","urlTemplate":"https:\/\/noticiasmercedinas.com\/site\/?s={search_term_string}"},"query-input":{"@type":"PropertyValueSpecification","valueRequired":true,"valueName":"search_term_string"}}],"inLanguage":"es"},{"@type":"Organization","@id":"https:\/\/noticiasmercedinas.com\/site\/#organization","name":"NOTICIASMERCEDINAS.COM","url":"https:\/\/noticiasmercedinas.com\/site\/","logo":{"@type":"ImageObject","inLanguage":"es","@id":"https:\/\/noticiasmercedinas.com\/site\/#\/schema\/logo\/image\/","url":"https:\/\/noticiasmercedinas.com\/site\/wp-content\/uploads\/2020\/06\/LOGO-512.jpg","contentUrl":"https:\/\/noticiasmercedinas.com\/site\/wp-content\/uploads\/2020\/06\/LOGO-512.jpg","width":512,"height":512,"caption":"NOTICIASMERCEDINAS.COM"},"image":{"@id":"https:\/\/noticiasmercedinas.com\/site\/#\/schema\/logo\/image\/"},"sameAs":["https:\/\/www.facebook.com\/noticiasmercedinas\/","https:\/\/x.com\/notmercedinas","https:\/\/www.instagram.com\/noticiasmercedinas\/"]},{"@type":"Person","@id":"https:\/\/noticiasmercedinas.com\/site\/#\/schema\/person\/d481a9696a5feaec13a60e2bbd991a6a","name":"Cristian Falabella NOTICIASMERCEDINAS.COM","image":{"@type":"ImageObject","inLanguage":"es","@id":"https:\/\/secure.gravatar.com\/avatar\/0dbbfc45970cc46bcd0e57766228574ff3511d6eed045b182f536f0f478c1f06?s=96&d=mm&r=g","url":"https:\/\/secure.gravatar.com\/avatar\/0dbbfc45970cc46bcd0e57766228574ff3511d6eed045b182f536f0f478c1f06?s=96&d=mm&r=g","contentUrl":"https:\/\/secure.gravatar.com\/avatar\/0dbbfc45970cc46bcd0e57766228574ff3511d6eed045b182f536f0f478c1f06?s=96&d=mm&r=g","caption":"Cristian Falabella NOTICIASMERCEDINAS.COM"},"description":"Periodista, editor de Noticias Mercedinas. Pas\u00f3 por varias redacciones y emprendimientos de prensa, en distintos formatos y \u00e9pocas. Se especializ\u00f3 --y sigue haci\u00e9ndolo-- en comunicaci\u00f3n en la web y en junio de 2006 fund\u00f3 este diario digital.","sameAs":["https:\/\/noticiasmercedinas.com","https:\/\/www.facebook.com\/cristian.falabella","https:\/\/www.instagram.com\/noticiasmercedinas\/","https:\/\/x.com\/https:\/\/twitter.com\/NOTMERCEDINAS"],"url":"https:\/\/noticiasmercedinas.com\/site\/author\/as000384\/"}]}},"amp_enabled":true,"_links":{"self":[{"href":"https:\/\/noticiasmercedinas.com\/site\/wp-json\/wp\/v2\/posts\/78113","targetHints":{"allow":["GET"]}}],"collection":[{"href":"https:\/\/noticiasmercedinas.com\/site\/wp-json\/wp\/v2\/posts"}],"about":[{"href":"https:\/\/noticiasmercedinas.com\/site\/wp-json\/wp\/v2\/types\/post"}],"author":[{"embeddable":true,"href":"https:\/\/noticiasmercedinas.com\/site\/wp-json\/wp\/v2\/users\/2"}],"replies":[{"embeddable":true,"href":"https:\/\/noticiasmercedinas.com\/site\/wp-json\/wp\/v2\/comments?post=78113"}],"version-history":[{"count":0,"href":"https:\/\/noticiasmercedinas.com\/site\/wp-json\/wp\/v2\/posts\/78113\/revisions"}],"wp:featuredmedia":[{"embeddable":true,"href":"https:\/\/noticiasmercedinas.com\/site\/wp-json\/wp\/v2\/media\/78112"}],"wp:attachment":[{"href":"https:\/\/noticiasmercedinas.com\/site\/wp-json\/wp\/v2\/media?parent=78113"}],"wp:term":[{"taxonomy":"category","embeddable":true,"href":"https:\/\/noticiasmercedinas.com\/site\/wp-json\/wp\/v2\/categories?post=78113"},{"taxonomy":"post_tag","embeddable":true,"href":"https:\/\/noticiasmercedinas.com\/site\/wp-json\/wp\/v2\/tags?post=78113"}],"curies":[{"name":"wp","href":"https:\/\/api.w.org\/{rel}","templated":true}]}}