{"id":782,"date":"2018-08-31T20:02:41","date_gmt":"2018-08-31T23:02:41","guid":{"rendered":"https:\/\/noticiasmercedinas.com\/site\/?p=782"},"modified":"2018-08-31T21:23:12","modified_gmt":"2018-09-01T00:23:12","slug":"se-juega-la-ultima-fecha-de-la-liga-mercedina-de-futbol","status":"publish","type":"post","link":"https:\/\/noticiasmercedinas.com\/site\/2018\/08\/31\/se-juega-la-ultima-fecha-de-la-liga-mercedina-de-futbol\/","title":{"rendered":"Se juega la \u00faltima fecha de la Liga Mercedina de F\u00fatbol"},"content":{"rendered":"<p><strong>Ser\u00e1 con una marat\u00f3n de partidos en H\u00e9roes de Malvinas y 64. El s\u00e1bado habr\u00e1 encuentros desde las 13 hasta las 23. Para el domingo se anuncian otros juegos m\u00e1s lo que suceda en Marcos Paz y Suipacha.<br \/>\n<img loading=\"lazy\" decoding=\"async\" class=\"alignnone size-full wp-image-787\" src=\"https:\/\/noticiasmercedinas.com\/site\/wp-content\/uploads\/2018\/08\/Dl7d4JPXoAEquH_-2.jpg\" alt=\"\" width=\"650\" height=\"576\" srcset=\"https:\/\/noticiasmercedinas.com\/site\/wp-content\/uploads\/2018\/08\/Dl7d4JPXoAEquH_-2.jpg 650w, https:\/\/noticiasmercedinas.com\/site\/wp-content\/uploads\/2018\/08\/Dl7d4JPXoAEquH_-2-300x266.jpg 300w, https:\/\/noticiasmercedinas.com\/site\/wp-content\/uploads\/2018\/08\/Dl7d4JPXoAEquH_-2-640x567.jpg 640w\" sizes=\"auto, (max-width: 650px) 100vw, 650px\" \/><br \/>\n<\/strong>Tras la lluvia del pasado jueves donde la cancha lleg\u00f3 a estar varias horas bajo el agua, se tejieron algunas dudas sobre la realizaci\u00f3n de la \u00faltima fecha. Este viernes 31 tras observarse un terreno de juego en mejores condiciones desde la organizaci\u00f3n resolvieron llevar adelante los partidos programados.<\/p>\n<p>Por el lado de la Zona A queda por definirse un clasificado y la disputa est\u00e1 entre Ateneo y Holanda, aunque si el primero gana o empata ya se habr\u00e1 resuelto la plaza. Los dem\u00e1s cruces son entre equipos que ya est\u00e1n en el Reducido aunque buscan finalizar en una posici\u00f3n lo m\u00e1s arriba posible para afrontar lo mejor posible todo lo que se vendr\u00e1.<\/p>\n<p>Tras esta \u00faltima fecha desde la Liga dar\u00e1n a conocer los d\u00edas y horarios para los primeros cruces, recordando que primero y segundo de cada grupo esperan directamente en semifinales. Los cruces ser\u00e1n del tercero al sexto lugar, en lo que respecta a los elencos no clasificados tendr\u00e1n que aguardar por un nuevo certamen que comenzar\u00e1 inmediatamente finalizado el actual torneo.<br \/>\n<img loading=\"lazy\" decoding=\"async\" class=\"alignnone size-full wp-image-788\" src=\"https:\/\/noticiasmercedinas.com\/site\/wp-content\/uploads\/2018\/08\/Dl7d9v1XcAEo68S.jpg\" alt=\"\" width=\"650\" height=\"576\" srcset=\"https:\/\/noticiasmercedinas.com\/site\/wp-content\/uploads\/2018\/08\/Dl7d9v1XcAEo68S.jpg 650w, https:\/\/noticiasmercedinas.com\/site\/wp-content\/uploads\/2018\/08\/Dl7d9v1XcAEo68S-300x266.jpg 300w, https:\/\/noticiasmercedinas.com\/site\/wp-content\/uploads\/2018\/08\/Dl7d9v1XcAEo68S-640x567.jpg 640w\" sizes=\"auto, (max-width: 650px) 100vw, 650px\" \/><br \/>\n<strong>S\u00e1bado 1 de septiembre<\/strong><br \/>\n<strong>Cancha:<\/strong>\u00a0Liga Mercedina.<br \/>\nA las 13 Pe\u00f1a Diego Armando vs. Ateneo.<br \/>\nA las 15 Col\u00f3n de Luj\u00e1n vs. Holanda.<br \/>\nA las 17 V\u00e9lez vs. Quilmes.<br \/>\nA las 19 Comunicaciones vs. Atl\u00e9tico Marcos Paz.<br \/>\nA las 21 Trocha vs. AMEFIP.<\/p>\n<p><strong>Domingo 2 de septiembre<\/strong><br \/>\n<strong>Cancha:<\/strong>\u00a0Liga Mercedina.<br \/>\nA las 11 Uni\u00f3n vs. El Front\u00f3n.<br \/>\nA las 13 Defensores vs. Juventud.<br \/>\nA las 15 Mercedes vs. El Tim\u00f3n.<\/p>\n<p><strong>Cancha:<\/strong>\u00a0Pabell\u00f3n Argentino.<br \/>\nA las 15.15 Pabell\u00f3n Argentino vs. Estudiantes.<\/p>\n<p><strong>Cancha:<\/strong>\u00a0Municipal de Suipacha.<br \/>\nA las 15.30 Costa Brava vs. Palometas.<br \/>\n<strong><br \/>\n<img loading=\"lazy\" decoding=\"async\" class=\"alignnone size-full wp-image-783\" src=\"https:\/\/noticiasmercedinas.com\/site\/wp-content\/uploads\/2018\/08\/tablaa.jpg\" alt=\"\" width=\"650\" height=\"220\" srcset=\"https:\/\/noticiasmercedinas.com\/site\/wp-content\/uploads\/2018\/08\/tablaa.jpg 650w, https:\/\/noticiasmercedinas.com\/site\/wp-content\/uploads\/2018\/08\/tablaa-300x102.jpg 300w, https:\/\/noticiasmercedinas.com\/site\/wp-content\/uploads\/2018\/08\/tablaa-640x217.jpg 640w\" sizes=\"auto, (max-width: 650px) 100vw, 650px\" \/><\/strong><\/p>\n<p><img loading=\"lazy\" decoding=\"async\" class=\"alignnone size-full wp-image-784\" src=\"https:\/\/noticiasmercedinas.com\/site\/wp-content\/uploads\/2018\/08\/tablab.jpg\" alt=\"\" width=\"650\" height=\"218\" srcset=\"https:\/\/noticiasmercedinas.com\/site\/wp-content\/uploads\/2018\/08\/tablab.jpg 650w, https:\/\/noticiasmercedinas.com\/site\/wp-content\/uploads\/2018\/08\/tablab-300x101.jpg 300w, https:\/\/noticiasmercedinas.com\/site\/wp-content\/uploads\/2018\/08\/tablab-640x215.jpg 640w\" sizes=\"auto, (max-width: 650px) 100vw, 650px\" \/><\/p>\n","protected":false},"excerpt":{"rendered":"<p>Ser\u00e1 con una marat\u00f3n de partidos en H\u00e9roes de Malvinas y 64. El s\u00e1bado habr\u00e1 encuentros desde las 13 hasta las 23. Para el domingo se anuncian otros juegos m\u00e1s lo que suceda en Marcos Paz y Suipacha. Tras la lluvia del pasado jueves donde la cancha lleg\u00f3 a estar varias horas bajo el agua, [&hellip;]<\/p>\n","protected":false},"author":6,"featured_media":787,"comment_status":"open","ping_status":"open","sticky":false,"template":"","format":"standard","meta":{"footnotes":""},"categories":[5],"tags":[27,30,347],"class_list":["post-782","post","type-post","status-publish","format-standard","has-post-thumbnail","hentry","category-deportes","tag-futbol","tag-liga","tag-reducido"],"yoast_head":"<!-- This site is optimized with the Yoast SEO plugin v27.4 - https:\/\/yoast.com\/product\/yoast-seo-wordpress\/ -->\n<title>Se juega la \u00faltima fecha de la Liga Mercedina de F\u00fatbol<\/title>\n<meta name=\"robots\" content=\"index, follow, max-snippet:-1, max-image-preview:large, max-video-preview:-1\" \/>\n<link rel=\"canonical\" href=\"https:\/\/noticiasmercedinas.com\/site\/2018\/08\/31\/se-juega-la-ultima-fecha-de-la-liga-mercedina-de-futbol\/\" \/>\n<meta property=\"og:locale\" content=\"es_ES\" \/>\n<meta property=\"og:type\" content=\"article\" \/>\n<meta property=\"og:title\" content=\"Se juega la \u00faltima fecha de la Liga Mercedina de F\u00fatbol\" \/>\n<meta property=\"og:description\" content=\"Ser\u00e1 con una marat\u00f3n de partidos en H\u00e9roes de Malvinas y 64. El s\u00e1bado habr\u00e1 encuentros desde las 13 hasta las 23. Para el domingo se anuncian otros juegos m\u00e1s lo que suceda en Marcos Paz y Suipacha. Tras la lluvia del pasado jueves donde la cancha lleg\u00f3 a estar varias horas bajo el agua, [&hellip;]\" \/>\n<meta property=\"og:url\" content=\"https:\/\/noticiasmercedinas.com\/site\/2018\/08\/31\/se-juega-la-ultima-fecha-de-la-liga-mercedina-de-futbol\/\" \/>\n<meta property=\"og:site_name\" content=\"NOTICIASMERCEDINAS.COM\" \/>\n<meta property=\"article:publisher\" content=\"https:\/\/www.facebook.com\/noticiasmercedinas\/\" \/>\n<meta property=\"article:published_time\" content=\"2018-08-31T23:02:41+00:00\" \/>\n<meta property=\"article:modified_time\" content=\"2018-09-01T00:23:12+00:00\" \/>\n<meta property=\"og:image\" content=\"https:\/\/noticiasmercedinas.com\/site\/wp-content\/uploads\/2018\/08\/Dl7d4JPXoAEquH_-2.jpg\" \/>\n\t<meta property=\"og:image:width\" content=\"650\" \/>\n\t<meta property=\"og:image:height\" content=\"576\" \/>\n\t<meta property=\"og:image:type\" content=\"image\/jpeg\" \/>\n<meta name=\"author\" content=\"Juan Dagnino NOTICIASMERCEDINAS.COM\" \/>\n<meta name=\"twitter:card\" content=\"summary_large_image\" \/>\n<meta name=\"twitter:creator\" content=\"@notmercedinas\" \/>\n<meta name=\"twitter:site\" content=\"@notmercedinas\" \/>\n<meta name=\"twitter:label1\" content=\"Escrito por\" \/>\n\t<meta name=\"twitter:data1\" content=\"Juan Dagnino NOTICIASMERCEDINAS.COM\" \/>\n\t<meta name=\"twitter:label2\" content=\"Tiempo de lectura\" \/>\n\t<meta name=\"twitter:data2\" content=\"2 minutos\" \/>\n<script type=\"application\/ld+json\" class=\"yoast-schema-graph\">{\"@context\":\"https:\\\/\\\/schema.org\",\"@graph\":[{\"@type\":\"Article\",\"@id\":\"https:\\\/\\\/noticiasmercedinas.com\\\/site\\\/2018\\\/08\\\/31\\\/se-juega-la-ultima-fecha-de-la-liga-mercedina-de-futbol\\\/#article\",\"isPartOf\":{\"@id\":\"https:\\\/\\\/noticiasmercedinas.com\\\/site\\\/2018\\\/08\\\/31\\\/se-juega-la-ultima-fecha-de-la-liga-mercedina-de-futbol\\\/\"},\"author\":{\"name\":\"Juan Dagnino NOTICIASMERCEDINAS.COM\",\"@id\":\"https:\\\/\\\/noticiasmercedinas.com\\\/site\\\/#\\\/schema\\\/person\\\/8f2f09d666ef40986eba4a5e6f2a06f9\"},\"headline\":\"Se juega la \u00faltima fecha de la Liga Mercedina de F\u00fatbol\",\"datePublished\":\"2018-08-31T23:02:41+00:00\",\"dateModified\":\"2018-09-01T00:23:12+00:00\",\"mainEntityOfPage\":{\"@id\":\"https:\\\/\\\/noticiasmercedinas.com\\\/site\\\/2018\\\/08\\\/31\\\/se-juega-la-ultima-fecha-de-la-liga-mercedina-de-futbol\\\/\"},\"wordCount\":325,\"commentCount\":2,\"publisher\":{\"@id\":\"https:\\\/\\\/noticiasmercedinas.com\\\/site\\\/#organization\"},\"image\":{\"@id\":\"https:\\\/\\\/noticiasmercedinas.com\\\/site\\\/2018\\\/08\\\/31\\\/se-juega-la-ultima-fecha-de-la-liga-mercedina-de-futbol\\\/#primaryimage\"},\"thumbnailUrl\":\"https:\\\/\\\/noticiasmercedinas.com\\\/site\\\/wp-content\\\/uploads\\\/2018\\\/08\\\/Dl7d4JPXoAEquH_-2.jpg\",\"keywords\":[\"futbol\",\"liga\",\"reducido\"],\"articleSection\":[\"Deportes\"],\"inLanguage\":\"es\",\"potentialAction\":[{\"@type\":\"CommentAction\",\"name\":\"Comment\",\"target\":[\"https:\\\/\\\/noticiasmercedinas.com\\\/site\\\/2018\\\/08\\\/31\\\/se-juega-la-ultima-fecha-de-la-liga-mercedina-de-futbol\\\/#respond\"]}]},{\"@type\":\"WebPage\",\"@id\":\"https:\\\/\\\/noticiasmercedinas.com\\\/site\\\/2018\\\/08\\\/31\\\/se-juega-la-ultima-fecha-de-la-liga-mercedina-de-futbol\\\/\",\"url\":\"https:\\\/\\\/noticiasmercedinas.com\\\/site\\\/2018\\\/08\\\/31\\\/se-juega-la-ultima-fecha-de-la-liga-mercedina-de-futbol\\\/\",\"name\":\"Se juega la \u00faltima fecha de la Liga Mercedina de F\u00fatbol\",\"isPartOf\":{\"@id\":\"https:\\\/\\\/noticiasmercedinas.com\\\/site\\\/#website\"},\"primaryImageOfPage\":{\"@id\":\"https:\\\/\\\/noticiasmercedinas.com\\\/site\\\/2018\\\/08\\\/31\\\/se-juega-la-ultima-fecha-de-la-liga-mercedina-de-futbol\\\/#primaryimage\"},\"image\":{\"@id\":\"https:\\\/\\\/noticiasmercedinas.com\\\/site\\\/2018\\\/08\\\/31\\\/se-juega-la-ultima-fecha-de-la-liga-mercedina-de-futbol\\\/#primaryimage\"},\"thumbnailUrl\":\"https:\\\/\\\/noticiasmercedinas.com\\\/site\\\/wp-content\\\/uploads\\\/2018\\\/08\\\/Dl7d4JPXoAEquH_-2.jpg\",\"datePublished\":\"2018-08-31T23:02:41+00:00\",\"dateModified\":\"2018-09-01T00:23:12+00:00\",\"breadcrumb\":{\"@id\":\"https:\\\/\\\/noticiasmercedinas.com\\\/site\\\/2018\\\/08\\\/31\\\/se-juega-la-ultima-fecha-de-la-liga-mercedina-de-futbol\\\/#breadcrumb\"},\"inLanguage\":\"es\",\"potentialAction\":[{\"@type\":\"ReadAction\",\"target\":[\"https:\\\/\\\/noticiasmercedinas.com\\\/site\\\/2018\\\/08\\\/31\\\/se-juega-la-ultima-fecha-de-la-liga-mercedina-de-futbol\\\/\"]}]},{\"@type\":\"ImageObject\",\"inLanguage\":\"es\",\"@id\":\"https:\\\/\\\/noticiasmercedinas.com\\\/site\\\/2018\\\/08\\\/31\\\/se-juega-la-ultima-fecha-de-la-liga-mercedina-de-futbol\\\/#primaryimage\",\"url\":\"https:\\\/\\\/noticiasmercedinas.com\\\/site\\\/wp-content\\\/uploads\\\/2018\\\/08\\\/Dl7d4JPXoAEquH_-2.jpg\",\"contentUrl\":\"https:\\\/\\\/noticiasmercedinas.com\\\/site\\\/wp-content\\\/uploads\\\/2018\\\/08\\\/Dl7d4JPXoAEquH_-2.jpg\",\"width\":650,\"height\":576},{\"@type\":\"BreadcrumbList\",\"@id\":\"https:\\\/\\\/noticiasmercedinas.com\\\/site\\\/2018\\\/08\\\/31\\\/se-juega-la-ultima-fecha-de-la-liga-mercedina-de-futbol\\\/#breadcrumb\",\"itemListElement\":[{\"@type\":\"ListItem\",\"position\":1,\"name\":\"Portada\",\"item\":\"https:\\\/\\\/noticiasmercedinas.com\\\/site\\\/\"},{\"@type\":\"ListItem\",\"position\":2,\"name\":\"Se juega la \u00faltima fecha de la Liga Mercedina de F\u00fatbol\"}]},{\"@type\":\"WebSite\",\"@id\":\"https:\\\/\\\/noticiasmercedinas.com\\\/site\\\/#website\",\"url\":\"https:\\\/\\\/noticiasmercedinas.com\\\/site\\\/\",\"name\":\"NOTICIASMERCEDINAS.COM\",\"description\":\"Mercedes, Buenos Aires, Argentina\",\"publisher\":{\"@id\":\"https:\\\/\\\/noticiasmercedinas.com\\\/site\\\/#organization\"},\"potentialAction\":[{\"@type\":\"SearchAction\",\"target\":{\"@type\":\"EntryPoint\",\"urlTemplate\":\"https:\\\/\\\/noticiasmercedinas.com\\\/site\\\/?s={search_term_string}\"},\"query-input\":{\"@type\":\"PropertyValueSpecification\",\"valueRequired\":true,\"valueName\":\"search_term_string\"}}],\"inLanguage\":\"es\"},{\"@type\":\"Organization\",\"@id\":\"https:\\\/\\\/noticiasmercedinas.com\\\/site\\\/#organization\",\"name\":\"NOTICIASMERCEDINAS.COM\",\"url\":\"https:\\\/\\\/noticiasmercedinas.com\\\/site\\\/\",\"logo\":{\"@type\":\"ImageObject\",\"inLanguage\":\"es\",\"@id\":\"https:\\\/\\\/noticiasmercedinas.com\\\/site\\\/#\\\/schema\\\/logo\\\/image\\\/\",\"url\":\"https:\\\/\\\/noticiasmercedinas.com\\\/site\\\/wp-content\\\/uploads\\\/2020\\\/06\\\/LOGO-512.jpg\",\"contentUrl\":\"https:\\\/\\\/noticiasmercedinas.com\\\/site\\\/wp-content\\\/uploads\\\/2020\\\/06\\\/LOGO-512.jpg\",\"width\":512,\"height\":512,\"caption\":\"NOTICIASMERCEDINAS.COM\"},\"image\":{\"@id\":\"https:\\\/\\\/noticiasmercedinas.com\\\/site\\\/#\\\/schema\\\/logo\\\/image\\\/\"},\"sameAs\":[\"https:\\\/\\\/www.facebook.com\\\/noticiasmercedinas\\\/\",\"https:\\\/\\\/x.com\\\/notmercedinas\",\"https:\\\/\\\/www.instagram.com\\\/noticiasmercedinas\\\/\"]},{\"@type\":\"Person\",\"@id\":\"https:\\\/\\\/noticiasmercedinas.com\\\/site\\\/#\\\/schema\\\/person\\\/8f2f09d666ef40986eba4a5e6f2a06f9\",\"name\":\"Juan Dagnino NOTICIASMERCEDINAS.COM\",\"image\":{\"@type\":\"ImageObject\",\"inLanguage\":\"es\",\"@id\":\"https:\\\/\\\/secure.gravatar.com\\\/avatar\\\/fc7059a769f5a3cae65fadb228a3e4accf3a64b4b2305020d0a27e6d5333c91b?s=96&d=mm&r=g\",\"url\":\"https:\\\/\\\/secure.gravatar.com\\\/avatar\\\/fc7059a769f5a3cae65fadb228a3e4accf3a64b4b2305020d0a27e6d5333c91b?s=96&d=mm&r=g\",\"contentUrl\":\"https:\\\/\\\/secure.gravatar.com\\\/avatar\\\/fc7059a769f5a3cae65fadb228a3e4accf3a64b4b2305020d0a27e6d5333c91b?s=96&d=mm&r=g\",\"caption\":\"Juan Dagnino NOTICIASMERCEDINAS.COM\"},\"url\":\"https:\\\/\\\/noticiasmercedinas.com\\\/site\\\/author\\\/juandagnino\\\/\"}]}<\/script>\n<!-- \/ Yoast SEO plugin. -->","yoast_head_json":{"title":"Se juega la \u00faltima fecha de la Liga Mercedina de F\u00fatbol","robots":{"index":"index","follow":"follow","max-snippet":"max-snippet:-1","max-image-preview":"max-image-preview:large","max-video-preview":"max-video-preview:-1"},"canonical":"https:\/\/noticiasmercedinas.com\/site\/2018\/08\/31\/se-juega-la-ultima-fecha-de-la-liga-mercedina-de-futbol\/","og_locale":"es_ES","og_type":"article","og_title":"Se juega la \u00faltima fecha de la Liga Mercedina de F\u00fatbol","og_description":"Ser\u00e1 con una marat\u00f3n de partidos en H\u00e9roes de Malvinas y 64. El s\u00e1bado habr\u00e1 encuentros desde las 13 hasta las 23. Para el domingo se anuncian otros juegos m\u00e1s lo que suceda en Marcos Paz y Suipacha. Tras la lluvia del pasado jueves donde la cancha lleg\u00f3 a estar varias horas bajo el agua, [&hellip;]","og_url":"https:\/\/noticiasmercedinas.com\/site\/2018\/08\/31\/se-juega-la-ultima-fecha-de-la-liga-mercedina-de-futbol\/","og_site_name":"NOTICIASMERCEDINAS.COM","article_publisher":"https:\/\/www.facebook.com\/noticiasmercedinas\/","article_published_time":"2018-08-31T23:02:41+00:00","article_modified_time":"2018-09-01T00:23:12+00:00","og_image":[{"width":650,"height":576,"url":"https:\/\/noticiasmercedinas.com\/site\/wp-content\/uploads\/2018\/08\/Dl7d4JPXoAEquH_-2.jpg","type":"image\/jpeg"}],"author":"Juan Dagnino NOTICIASMERCEDINAS.COM","twitter_card":"summary_large_image","twitter_creator":"@notmercedinas","twitter_site":"@notmercedinas","twitter_misc":{"Escrito por":"Juan Dagnino NOTICIASMERCEDINAS.COM","Tiempo de lectura":"2 minutos"},"schema":{"@context":"https:\/\/schema.org","@graph":[{"@type":"Article","@id":"https:\/\/noticiasmercedinas.com\/site\/2018\/08\/31\/se-juega-la-ultima-fecha-de-la-liga-mercedina-de-futbol\/#article","isPartOf":{"@id":"https:\/\/noticiasmercedinas.com\/site\/2018\/08\/31\/se-juega-la-ultima-fecha-de-la-liga-mercedina-de-futbol\/"},"author":{"name":"Juan Dagnino NOTICIASMERCEDINAS.COM","@id":"https:\/\/noticiasmercedinas.com\/site\/#\/schema\/person\/8f2f09d666ef40986eba4a5e6f2a06f9"},"headline":"Se juega la \u00faltima fecha de la Liga Mercedina de F\u00fatbol","datePublished":"2018-08-31T23:02:41+00:00","dateModified":"2018-09-01T00:23:12+00:00","mainEntityOfPage":{"@id":"https:\/\/noticiasmercedinas.com\/site\/2018\/08\/31\/se-juega-la-ultima-fecha-de-la-liga-mercedina-de-futbol\/"},"wordCount":325,"commentCount":2,"publisher":{"@id":"https:\/\/noticiasmercedinas.com\/site\/#organization"},"image":{"@id":"https:\/\/noticiasmercedinas.com\/site\/2018\/08\/31\/se-juega-la-ultima-fecha-de-la-liga-mercedina-de-futbol\/#primaryimage"},"thumbnailUrl":"https:\/\/noticiasmercedinas.com\/site\/wp-content\/uploads\/2018\/08\/Dl7d4JPXoAEquH_-2.jpg","keywords":["futbol","liga","reducido"],"articleSection":["Deportes"],"inLanguage":"es","potentialAction":[{"@type":"CommentAction","name":"Comment","target":["https:\/\/noticiasmercedinas.com\/site\/2018\/08\/31\/se-juega-la-ultima-fecha-de-la-liga-mercedina-de-futbol\/#respond"]}]},{"@type":"WebPage","@id":"https:\/\/noticiasmercedinas.com\/site\/2018\/08\/31\/se-juega-la-ultima-fecha-de-la-liga-mercedina-de-futbol\/","url":"https:\/\/noticiasmercedinas.com\/site\/2018\/08\/31\/se-juega-la-ultima-fecha-de-la-liga-mercedina-de-futbol\/","name":"Se juega la \u00faltima fecha de la Liga Mercedina de F\u00fatbol","isPartOf":{"@id":"https:\/\/noticiasmercedinas.com\/site\/#website"},"primaryImageOfPage":{"@id":"https:\/\/noticiasmercedinas.com\/site\/2018\/08\/31\/se-juega-la-ultima-fecha-de-la-liga-mercedina-de-futbol\/#primaryimage"},"image":{"@id":"https:\/\/noticiasmercedinas.com\/site\/2018\/08\/31\/se-juega-la-ultima-fecha-de-la-liga-mercedina-de-futbol\/#primaryimage"},"thumbnailUrl":"https:\/\/noticiasmercedinas.com\/site\/wp-content\/uploads\/2018\/08\/Dl7d4JPXoAEquH_-2.jpg","datePublished":"2018-08-31T23:02:41+00:00","dateModified":"2018-09-01T00:23:12+00:00","breadcrumb":{"@id":"https:\/\/noticiasmercedinas.com\/site\/2018\/08\/31\/se-juega-la-ultima-fecha-de-la-liga-mercedina-de-futbol\/#breadcrumb"},"inLanguage":"es","potentialAction":[{"@type":"ReadAction","target":["https:\/\/noticiasmercedinas.com\/site\/2018\/08\/31\/se-juega-la-ultima-fecha-de-la-liga-mercedina-de-futbol\/"]}]},{"@type":"ImageObject","inLanguage":"es","@id":"https:\/\/noticiasmercedinas.com\/site\/2018\/08\/31\/se-juega-la-ultima-fecha-de-la-liga-mercedina-de-futbol\/#primaryimage","url":"https:\/\/noticiasmercedinas.com\/site\/wp-content\/uploads\/2018\/08\/Dl7d4JPXoAEquH_-2.jpg","contentUrl":"https:\/\/noticiasmercedinas.com\/site\/wp-content\/uploads\/2018\/08\/Dl7d4JPXoAEquH_-2.jpg","width":650,"height":576},{"@type":"BreadcrumbList","@id":"https:\/\/noticiasmercedinas.com\/site\/2018\/08\/31\/se-juega-la-ultima-fecha-de-la-liga-mercedina-de-futbol\/#breadcrumb","itemListElement":[{"@type":"ListItem","position":1,"name":"Portada","item":"https:\/\/noticiasmercedinas.com\/site\/"},{"@type":"ListItem","position":2,"name":"Se juega la \u00faltima fecha de la Liga Mercedina de F\u00fatbol"}]},{"@type":"WebSite","@id":"https:\/\/noticiasmercedinas.com\/site\/#website","url":"https:\/\/noticiasmercedinas.com\/site\/","name":"NOTICIASMERCEDINAS.COM","description":"Mercedes, Buenos Aires, Argentina","publisher":{"@id":"https:\/\/noticiasmercedinas.com\/site\/#organization"},"potentialAction":[{"@type":"SearchAction","target":{"@type":"EntryPoint","urlTemplate":"https:\/\/noticiasmercedinas.com\/site\/?s={search_term_string}"},"query-input":{"@type":"PropertyValueSpecification","valueRequired":true,"valueName":"search_term_string"}}],"inLanguage":"es"},{"@type":"Organization","@id":"https:\/\/noticiasmercedinas.com\/site\/#organization","name":"NOTICIASMERCEDINAS.COM","url":"https:\/\/noticiasmercedinas.com\/site\/","logo":{"@type":"ImageObject","inLanguage":"es","@id":"https:\/\/noticiasmercedinas.com\/site\/#\/schema\/logo\/image\/","url":"https:\/\/noticiasmercedinas.com\/site\/wp-content\/uploads\/2020\/06\/LOGO-512.jpg","contentUrl":"https:\/\/noticiasmercedinas.com\/site\/wp-content\/uploads\/2020\/06\/LOGO-512.jpg","width":512,"height":512,"caption":"NOTICIASMERCEDINAS.COM"},"image":{"@id":"https:\/\/noticiasmercedinas.com\/site\/#\/schema\/logo\/image\/"},"sameAs":["https:\/\/www.facebook.com\/noticiasmercedinas\/","https:\/\/x.com\/notmercedinas","https:\/\/www.instagram.com\/noticiasmercedinas\/"]},{"@type":"Person","@id":"https:\/\/noticiasmercedinas.com\/site\/#\/schema\/person\/8f2f09d666ef40986eba4a5e6f2a06f9","name":"Juan Dagnino NOTICIASMERCEDINAS.COM","image":{"@type":"ImageObject","inLanguage":"es","@id":"https:\/\/secure.gravatar.com\/avatar\/fc7059a769f5a3cae65fadb228a3e4accf3a64b4b2305020d0a27e6d5333c91b?s=96&d=mm&r=g","url":"https:\/\/secure.gravatar.com\/avatar\/fc7059a769f5a3cae65fadb228a3e4accf3a64b4b2305020d0a27e6d5333c91b?s=96&d=mm&r=g","contentUrl":"https:\/\/secure.gravatar.com\/avatar\/fc7059a769f5a3cae65fadb228a3e4accf3a64b4b2305020d0a27e6d5333c91b?s=96&d=mm&r=g","caption":"Juan Dagnino NOTICIASMERCEDINAS.COM"},"url":"https:\/\/noticiasmercedinas.com\/site\/author\/juandagnino\/"}]}},"amp_enabled":true,"_links":{"self":[{"href":"https:\/\/noticiasmercedinas.com\/site\/wp-json\/wp\/v2\/posts\/782","targetHints":{"allow":["GET"]}}],"collection":[{"href":"https:\/\/noticiasmercedinas.com\/site\/wp-json\/wp\/v2\/posts"}],"about":[{"href":"https:\/\/noticiasmercedinas.com\/site\/wp-json\/wp\/v2\/types\/post"}],"author":[{"embeddable":true,"href":"https:\/\/noticiasmercedinas.com\/site\/wp-json\/wp\/v2\/users\/6"}],"replies":[{"embeddable":true,"href":"https:\/\/noticiasmercedinas.com\/site\/wp-json\/wp\/v2\/comments?post=782"}],"version-history":[{"count":2,"href":"https:\/\/noticiasmercedinas.com\/site\/wp-json\/wp\/v2\/posts\/782\/revisions"}],"predecessor-version":[{"id":792,"href":"https:\/\/noticiasmercedinas.com\/site\/wp-json\/wp\/v2\/posts\/782\/revisions\/792"}],"wp:featuredmedia":[{"embeddable":true,"href":"https:\/\/noticiasmercedinas.com\/site\/wp-json\/wp\/v2\/media\/787"}],"wp:attachment":[{"href":"https:\/\/noticiasmercedinas.com\/site\/wp-json\/wp\/v2\/media?parent=782"}],"wp:term":[{"taxonomy":"category","embeddable":true,"href":"https:\/\/noticiasmercedinas.com\/site\/wp-json\/wp\/v2\/categories?post=782"},{"taxonomy":"post_tag","embeddable":true,"href":"https:\/\/noticiasmercedinas.com\/site\/wp-json\/wp\/v2\/tags?post=782"}],"curies":[{"name":"wp","href":"https:\/\/api.w.org\/{rel}","templated":true}]}}