{"id":78209,"date":"2021-10-29T15:41:03","date_gmt":"2021-10-29T18:41:03","guid":{"rendered":"https:\/\/noticiasmercedinas.com\/site\/?p=78209"},"modified":"2021-10-29T15:41:03","modified_gmt":"2021-10-29T18:41:03","slug":"miguel-pastorini-hay-una-politica-de-la-banca-extranjera-de-achicar-dotaciones","status":"publish","type":"post","link":"https:\/\/noticiasmercedinas.com\/site\/2021\/10\/29\/miguel-pastorini-hay-una-politica-de-la-banca-extranjera-de-achicar-dotaciones\/","title":{"rendered":"Miguel Pastorini: \u201cHay una pol\u00edtica de la banca extranjera de achicar dotaciones\u201d"},"content":{"rendered":"<p><img loading=\"lazy\" decoding=\"async\" class=\"alignnone size-full wp-image-78210\" src=\"https:\/\/noticiasmercedinas.com\/site\/wp-content\/uploads\/2021\/10\/Pastorini-evaluo-las-diversas-complejidades-que-impuso-la-pandemia-en-el-sector.-e1635532731467.jpg\" alt=\"\" width=\"640\" height=\"480\" \/><\/p>\n<p>Fueron numerosos los cambios que se produjeron respecto a la actividad laboral y sus regulaciones que impuso la pandemia en Argentina y en el mundo, como restricciones de la presencialidad y el avance de la tecnolog\u00eda en el mundo del trabajo.<\/p>\n<p><strong>Miguel Pastorini,<\/strong> Secretario General de la CGI BaPro Seccional Chivilcoy, e integrante de la Mesa Sindical brind\u00f3 un panorama al respecto, teniendo en cuenta su vasta experiencia en la lucha obrera.<\/p>\n<p>Sobre el marco en menci\u00f3n Pastorini resalt\u00f3 que \u201cla actividad bancaria debe integrarse a la normalidad que estamos transitando, en ese aspecto nuestro Gremio ha presentado ante la autoridad de aplicaci\u00f3n, el BCRA, el planteo de abolir los turnos, porque es evidente que existe una mejor situaci\u00f3n sanitaria, y una nueva etapa econ\u00f3mica y social donde hay mayor circulaci\u00f3n de mercanc\u00edas de trabajadores\/as, de numerarios\/as y m\u00e1s necesidades, porque obviamente esta nueva normalidad, conlleva una mayor din\u00e1mica productiva y comercial. Por tal motivo consideramos que tenemos que ponernos a la altura de esa circunstancia\u201d.<\/p>\n<p>Asimismo, el sindicalista indic\u00f3 que se tiene que \u201cfrenar lo que las patronales promueven, que es precisamente mantener los turnos para achicar dotaciones, para hacer que aparezca que hay menos gente en los bancos cuando en realidad se lo est\u00e1 demorando en su atenci\u00f3n con ese mecanismo. Hoy el p\u00fablico necesita una atenci\u00f3n de car\u00e1cter inmediato. Hoy la econom\u00eda es urgente en paralelo con el mantenimiento de los protocolos\u201d.<\/p>\n<p>Al respecto de la actitud de la patronal financiera, Pastorini manifest\u00f3 que \u201ces evidente que hay una pol\u00edtica deliberada, fundamentalmente de la banca extranjera de achicar dotaciones y que haya menos presencialidad de trabajadores y trabajadoras en las sucursales, a punto tal que intentan fusionar las mismas o cerrar las menos rentables. El trabajo en home office no se promueve con la finalidad de encontrar una comodidad del trabajador y mayor eficiencia operativa, sino de alejarlo de su \u00e1mbito laboral y despu\u00e9s tratar de cumplir el sue\u00f1o dorado que negocie individualmente y no colectivamente\u201d.<\/p>\n<p>En cuanto al avance de la tecnolog\u00eda y sus efectos, enumer\u00f3 diversas consecuencias. \u201cTuvimos un salto importante respecto a la calidad tecnol\u00f3gica durante la pandemia. Ahora que eso no debe significar perjudicar las condiciones de trabajo, achicar los salarios de los trabajadores y achicar las plantas permanentes. Es una buena oportunidad para hacer m\u00e1s amigable la jornada laboral con la reducci\u00f3n de los horarios (6 horas). Planteo que se promueve para los\/as trabajadores\/as en general, desde nuestras posiciones del sindicato, e inclusive las posiciones pol\u00edticas de diputados propios, para distribuir m\u00e1s trabajo. La tecnolog\u00eda debe servirnos, no para crear m\u00e1s desocupados, sino todo lo contrario, para subir la ocupaci\u00f3n, y proporcionar un mejor est\u00e1ndar de calidad de trabajo incorporando nuevas camadas de trabajadoras y trabajadores precisamente al influjo de esta mejora\u201d indic\u00f3.<\/p>\n<blockquote><p>\u201cLa brecha cada vez es mayor entre nuestras aspiraciones de trabajadores\/as y la aspiraci\u00f3n de la gran patronal, que trae un bagaje mediante sus voceros ya convertidos directamente ejecutores, que intentan avanzar contra derechos laborales, derechos sociales, que nosotros de nuestras posici\u00f3n com\u00fan y colectiva que tenemos, desde la Mesa Sindical lo hemos denunciado\u201d<\/p><\/blockquote>\n<p>Sobre la lucha que se est\u00e1 realizando al respecto a nivel colectivo, como el desempe\u00f1o de la Mesa Sindical Mercedes, Miguel Pastorini resalt\u00f3 que \u201ctodo esto tiene un denominador com\u00fan; la brecha cada vez es mayor entre nuestras aspiraciones de trabajadores\/as y la aspiraci\u00f3n de la gran patronal, que trae un bagaje mediante sus voceros ya convertidos directamente ejecutores, que intentan avanzar contra derechos laborales, derechos sociales, que nosotros de nuestras posici\u00f3n com\u00fan y colectiva que tenemos, desde la Mesa Sindical lo hemos denunciado\u201d, adem\u00e1s manifest\u00f3, que se puede advertir desde \u201clos voceros pol\u00edticos de la gran patronal que ya ahora toman posiciones gubernamentales, queda claro que en su agenda est\u00e1 el incremento a la ganancia no por una mayor inversi\u00f3n en equipamiento, no en ampliar la base de trabajadores asalariados con lo cual eso favorecer\u00eda el comercio y el fortalecimiento de la econom\u00eda, sino todo lo contrario, de sacar derechos y achicar salarios, eliminar las paritarias, la indemnizaci\u00f3n por despido para convertir la realidad en una especie de salvajismo laboral\u201d.<\/p>\n<p>\u201cDonde se ha tratado de promover esto, no solo ha fracasado, sino que ha derrumbado la econom\u00eda del pa\u00eds que lo intent\u00f3. Esta vieja receta de un viejo guiso recalentado varias veces , lo va a enfrentar el movimiento obrero, individualmente desde los sindicatos, en las tribunas p\u00fablicas, en las asambleas y tambi\u00e9n en acciones colectivas como la Mesa Sindical, La CGT y diversas organizaciones comunitarias en cuales el movimiento obrero argentino tiene una vasta experiencia\u201d sentenci\u00f3.<\/p>\n","protected":false},"excerpt":{"rendered":"<p>\u25a0\u00a0El dirigente bancario evalu\u00f3 las diversas complejidades que impuso la pandemia en el sector. Su espacio sindical present\u00f3 al BCRA, la necesidad de abolir los turnos y volver a la presencialidad plena\u201d.<\/p>\n","protected":false},"author":16,"featured_media":78210,"comment_status":"open","ping_status":"open","sticky":false,"template":"","format":"standard","meta":{"footnotes":""},"categories":[3],"tags":[12761,11635,1201,851],"class_list":["post-78209","post","type-post","status-publish","format-standard","has-post-thumbnail","hentry","category-sociedad","tag-bapro","tag-cgi","tag-mesa-sindical-mercedes","tag-miguel-pastorini"],"yoast_head":"<!-- This site is optimized with the Yoast SEO plugin v27.4 - https:\/\/yoast.com\/product\/yoast-seo-wordpress\/ -->\n<title>Miguel Pastorini: \u201cHay una pol\u00edtica de la banca extranjera de achicar dotaciones\u201d<\/title>\n<meta name=\"robots\" content=\"index, follow, max-snippet:-1, max-image-preview:large, max-video-preview:-1\" \/>\n<link rel=\"canonical\" href=\"https:\/\/noticiasmercedinas.com\/site\/2021\/10\/29\/miguel-pastorini-hay-una-politica-de-la-banca-extranjera-de-achicar-dotaciones\/\" \/>\n<meta property=\"og:locale\" content=\"es_ES\" \/>\n<meta property=\"og:type\" content=\"article\" \/>\n<meta property=\"og:title\" content=\"Miguel Pastorini: \u201cHay una pol\u00edtica de la banca extranjera de achicar dotaciones\u201d\" \/>\n<meta property=\"og:description\" content=\"\u25a0\u00a0El dirigente bancario evalu\u00f3 las diversas complejidades que impuso la pandemia en el sector. Su espacio sindical present\u00f3 al BCRA, la necesidad de abolir los turnos y volver a la presencialidad plena\u201d.\" \/>\n<meta property=\"og:url\" content=\"https:\/\/noticiasmercedinas.com\/site\/2021\/10\/29\/miguel-pastorini-hay-una-politica-de-la-banca-extranjera-de-achicar-dotaciones\/\" \/>\n<meta property=\"og:site_name\" content=\"NOTICIASMERCEDINAS.COM\" \/>\n<meta property=\"article:publisher\" content=\"https:\/\/www.facebook.com\/noticiasmercedinas\/\" \/>\n<meta property=\"article:published_time\" content=\"2021-10-29T18:41:03+00:00\" \/>\n<meta property=\"og:image\" content=\"https:\/\/noticiasmercedinas.com\/site\/wp-content\/uploads\/2021\/10\/Pastorini-evaluo-las-diversas-complejidades-que-impuso-la-pandemia-en-el-sector.-e1635532731467.jpg\" \/>\n\t<meta property=\"og:image:width\" content=\"640\" \/>\n\t<meta property=\"og:image:height\" content=\"480\" \/>\n\t<meta property=\"og:image:type\" content=\"image\/jpeg\" \/>\n<meta name=\"author\" content=\"NOTICIASMERCEDINAS.COM\" \/>\n<meta name=\"twitter:card\" content=\"summary_large_image\" \/>\n<meta name=\"twitter:creator\" content=\"@notmercedinas\" \/>\n<meta name=\"twitter:site\" content=\"@notmercedinas\" \/>\n<meta name=\"twitter:label1\" content=\"Escrito por\" \/>\n\t<meta name=\"twitter:data1\" content=\"NOTICIASMERCEDINAS.COM\" \/>\n\t<meta name=\"twitter:label2\" content=\"Tiempo de lectura\" \/>\n\t<meta name=\"twitter:data2\" content=\"4 minutos\" \/>\n<script type=\"application\/ld+json\" class=\"yoast-schema-graph\">{\"@context\":\"https:\\\/\\\/schema.org\",\"@graph\":[{\"@type\":\"Article\",\"@id\":\"https:\\\/\\\/noticiasmercedinas.com\\\/site\\\/2021\\\/10\\\/29\\\/miguel-pastorini-hay-una-politica-de-la-banca-extranjera-de-achicar-dotaciones\\\/#article\",\"isPartOf\":{\"@id\":\"https:\\\/\\\/noticiasmercedinas.com\\\/site\\\/2021\\\/10\\\/29\\\/miguel-pastorini-hay-una-politica-de-la-banca-extranjera-de-achicar-dotaciones\\\/\"},\"author\":{\"name\":\"NOTICIASMERCEDINAS.COM\",\"@id\":\"https:\\\/\\\/noticiasmercedinas.com\\\/site\\\/#\\\/schema\\\/person\\\/84b59c099c28ff2e8b77d4ceec5d8063\"},\"headline\":\"Miguel Pastorini: \u201cHay una pol\u00edtica de la banca extranjera de achicar dotaciones\u201d\",\"datePublished\":\"2021-10-29T18:41:03+00:00\",\"mainEntityOfPage\":{\"@id\":\"https:\\\/\\\/noticiasmercedinas.com\\\/site\\\/2021\\\/10\\\/29\\\/miguel-pastorini-hay-una-politica-de-la-banca-extranjera-de-achicar-dotaciones\\\/\"},\"wordCount\":825,\"commentCount\":0,\"publisher\":{\"@id\":\"https:\\\/\\\/noticiasmercedinas.com\\\/site\\\/#organization\"},\"image\":{\"@id\":\"https:\\\/\\\/noticiasmercedinas.com\\\/site\\\/2021\\\/10\\\/29\\\/miguel-pastorini-hay-una-politica-de-la-banca-extranjera-de-achicar-dotaciones\\\/#primaryimage\"},\"thumbnailUrl\":\"https:\\\/\\\/noticiasmercedinas.com\\\/site\\\/wp-content\\\/uploads\\\/2021\\\/10\\\/Pastorini-evaluo-las-diversas-complejidades-que-impuso-la-pandemia-en-el-sector.-e1635532731467.jpg\",\"keywords\":[\"bapro\",\"cgi\",\"Mesa Sindical Mercedes\",\"miguel pastorini\"],\"articleSection\":[\"Sociedad\"],\"inLanguage\":\"es\",\"potentialAction\":[{\"@type\":\"CommentAction\",\"name\":\"Comment\",\"target\":[\"https:\\\/\\\/noticiasmercedinas.com\\\/site\\\/2021\\\/10\\\/29\\\/miguel-pastorini-hay-una-politica-de-la-banca-extranjera-de-achicar-dotaciones\\\/#respond\"]}]},{\"@type\":\"WebPage\",\"@id\":\"https:\\\/\\\/noticiasmercedinas.com\\\/site\\\/2021\\\/10\\\/29\\\/miguel-pastorini-hay-una-politica-de-la-banca-extranjera-de-achicar-dotaciones\\\/\",\"url\":\"https:\\\/\\\/noticiasmercedinas.com\\\/site\\\/2021\\\/10\\\/29\\\/miguel-pastorini-hay-una-politica-de-la-banca-extranjera-de-achicar-dotaciones\\\/\",\"name\":\"Miguel Pastorini: \u201cHay una pol\u00edtica de la banca extranjera de achicar dotaciones\u201d\",\"isPartOf\":{\"@id\":\"https:\\\/\\\/noticiasmercedinas.com\\\/site\\\/#website\"},\"primaryImageOfPage\":{\"@id\":\"https:\\\/\\\/noticiasmercedinas.com\\\/site\\\/2021\\\/10\\\/29\\\/miguel-pastorini-hay-una-politica-de-la-banca-extranjera-de-achicar-dotaciones\\\/#primaryimage\"},\"image\":{\"@id\":\"https:\\\/\\\/noticiasmercedinas.com\\\/site\\\/2021\\\/10\\\/29\\\/miguel-pastorini-hay-una-politica-de-la-banca-extranjera-de-achicar-dotaciones\\\/#primaryimage\"},\"thumbnailUrl\":\"https:\\\/\\\/noticiasmercedinas.com\\\/site\\\/wp-content\\\/uploads\\\/2021\\\/10\\\/Pastorini-evaluo-las-diversas-complejidades-que-impuso-la-pandemia-en-el-sector.-e1635532731467.jpg\",\"datePublished\":\"2021-10-29T18:41:03+00:00\",\"breadcrumb\":{\"@id\":\"https:\\\/\\\/noticiasmercedinas.com\\\/site\\\/2021\\\/10\\\/29\\\/miguel-pastorini-hay-una-politica-de-la-banca-extranjera-de-achicar-dotaciones\\\/#breadcrumb\"},\"inLanguage\":\"es\",\"potentialAction\":[{\"@type\":\"ReadAction\",\"target\":[\"https:\\\/\\\/noticiasmercedinas.com\\\/site\\\/2021\\\/10\\\/29\\\/miguel-pastorini-hay-una-politica-de-la-banca-extranjera-de-achicar-dotaciones\\\/\"]}]},{\"@type\":\"ImageObject\",\"inLanguage\":\"es\",\"@id\":\"https:\\\/\\\/noticiasmercedinas.com\\\/site\\\/2021\\\/10\\\/29\\\/miguel-pastorini-hay-una-politica-de-la-banca-extranjera-de-achicar-dotaciones\\\/#primaryimage\",\"url\":\"https:\\\/\\\/noticiasmercedinas.com\\\/site\\\/wp-content\\\/uploads\\\/2021\\\/10\\\/Pastorini-evaluo-las-diversas-complejidades-que-impuso-la-pandemia-en-el-sector.-e1635532731467.jpg\",\"contentUrl\":\"https:\\\/\\\/noticiasmercedinas.com\\\/site\\\/wp-content\\\/uploads\\\/2021\\\/10\\\/Pastorini-evaluo-las-diversas-complejidades-que-impuso-la-pandemia-en-el-sector.-e1635532731467.jpg\",\"width\":640,\"height\":480},{\"@type\":\"BreadcrumbList\",\"@id\":\"https:\\\/\\\/noticiasmercedinas.com\\\/site\\\/2021\\\/10\\\/29\\\/miguel-pastorini-hay-una-politica-de-la-banca-extranjera-de-achicar-dotaciones\\\/#breadcrumb\",\"itemListElement\":[{\"@type\":\"ListItem\",\"position\":1,\"name\":\"Portada\",\"item\":\"https:\\\/\\\/noticiasmercedinas.com\\\/site\\\/\"},{\"@type\":\"ListItem\",\"position\":2,\"name\":\"Miguel Pastorini: \u201cHay una pol\u00edtica de la banca extranjera de achicar dotaciones\u201d\"}]},{\"@type\":\"WebSite\",\"@id\":\"https:\\\/\\\/noticiasmercedinas.com\\\/site\\\/#website\",\"url\":\"https:\\\/\\\/noticiasmercedinas.com\\\/site\\\/\",\"name\":\"NOTICIASMERCEDINAS.COM\",\"description\":\"Mercedes, Buenos Aires, Argentina\",\"publisher\":{\"@id\":\"https:\\\/\\\/noticiasmercedinas.com\\\/site\\\/#organization\"},\"potentialAction\":[{\"@type\":\"SearchAction\",\"target\":{\"@type\":\"EntryPoint\",\"urlTemplate\":\"https:\\\/\\\/noticiasmercedinas.com\\\/site\\\/?s={search_term_string}\"},\"query-input\":{\"@type\":\"PropertyValueSpecification\",\"valueRequired\":true,\"valueName\":\"search_term_string\"}}],\"inLanguage\":\"es\"},{\"@type\":\"Organization\",\"@id\":\"https:\\\/\\\/noticiasmercedinas.com\\\/site\\\/#organization\",\"name\":\"NOTICIASMERCEDINAS.COM\",\"url\":\"https:\\\/\\\/noticiasmercedinas.com\\\/site\\\/\",\"logo\":{\"@type\":\"ImageObject\",\"inLanguage\":\"es\",\"@id\":\"https:\\\/\\\/noticiasmercedinas.com\\\/site\\\/#\\\/schema\\\/logo\\\/image\\\/\",\"url\":\"https:\\\/\\\/noticiasmercedinas.com\\\/site\\\/wp-content\\\/uploads\\\/2020\\\/06\\\/LOGO-512.jpg\",\"contentUrl\":\"https:\\\/\\\/noticiasmercedinas.com\\\/site\\\/wp-content\\\/uploads\\\/2020\\\/06\\\/LOGO-512.jpg\",\"width\":512,\"height\":512,\"caption\":\"NOTICIASMERCEDINAS.COM\"},\"image\":{\"@id\":\"https:\\\/\\\/noticiasmercedinas.com\\\/site\\\/#\\\/schema\\\/logo\\\/image\\\/\"},\"sameAs\":[\"https:\\\/\\\/www.facebook.com\\\/noticiasmercedinas\\\/\",\"https:\\\/\\\/x.com\\\/notmercedinas\",\"https:\\\/\\\/www.instagram.com\\\/noticiasmercedinas\\\/\"]},{\"@type\":\"Person\",\"@id\":\"https:\\\/\\\/noticiasmercedinas.com\\\/site\\\/#\\\/schema\\\/person\\\/84b59c099c28ff2e8b77d4ceec5d8063\",\"name\":\"NOTICIASMERCEDINAS.COM\",\"image\":{\"@type\":\"ImageObject\",\"inLanguage\":\"es\",\"@id\":\"https:\\\/\\\/secure.gravatar.com\\\/avatar\\\/4dfbf16b4d17945bfb6341b2d19043457132fcf478a5ee04f42e959fd8f5df0a?s=96&d=mm&r=g\",\"url\":\"https:\\\/\\\/secure.gravatar.com\\\/avatar\\\/4dfbf16b4d17945bfb6341b2d19043457132fcf478a5ee04f42e959fd8f5df0a?s=96&d=mm&r=g\",\"contentUrl\":\"https:\\\/\\\/secure.gravatar.com\\\/avatar\\\/4dfbf16b4d17945bfb6341b2d19043457132fcf478a5ee04f42e959fd8f5df0a?s=96&d=mm&r=g\",\"caption\":\"NOTICIASMERCEDINAS.COM\"},\"url\":\"https:\\\/\\\/noticiasmercedinas.com\\\/site\\\/author\\\/anonimo\\\/\"}]}<\/script>\n<!-- \/ Yoast SEO plugin. -->","yoast_head_json":{"title":"Miguel Pastorini: \u201cHay una pol\u00edtica de la banca extranjera de achicar dotaciones\u201d","robots":{"index":"index","follow":"follow","max-snippet":"max-snippet:-1","max-image-preview":"max-image-preview:large","max-video-preview":"max-video-preview:-1"},"canonical":"https:\/\/noticiasmercedinas.com\/site\/2021\/10\/29\/miguel-pastorini-hay-una-politica-de-la-banca-extranjera-de-achicar-dotaciones\/","og_locale":"es_ES","og_type":"article","og_title":"Miguel Pastorini: \u201cHay una pol\u00edtica de la banca extranjera de achicar dotaciones\u201d","og_description":"\u25a0\u00a0El dirigente bancario evalu\u00f3 las diversas complejidades que impuso la pandemia en el sector. Su espacio sindical present\u00f3 al BCRA, la necesidad de abolir los turnos y volver a la presencialidad plena\u201d.","og_url":"https:\/\/noticiasmercedinas.com\/site\/2021\/10\/29\/miguel-pastorini-hay-una-politica-de-la-banca-extranjera-de-achicar-dotaciones\/","og_site_name":"NOTICIASMERCEDINAS.COM","article_publisher":"https:\/\/www.facebook.com\/noticiasmercedinas\/","article_published_time":"2021-10-29T18:41:03+00:00","og_image":[{"width":640,"height":480,"url":"https:\/\/noticiasmercedinas.com\/site\/wp-content\/uploads\/2021\/10\/Pastorini-evaluo-las-diversas-complejidades-que-impuso-la-pandemia-en-el-sector.-e1635532731467.jpg","type":"image\/jpeg"}],"author":"NOTICIASMERCEDINAS.COM","twitter_card":"summary_large_image","twitter_creator":"@notmercedinas","twitter_site":"@notmercedinas","twitter_misc":{"Escrito por":"NOTICIASMERCEDINAS.COM","Tiempo de lectura":"4 minutos"},"schema":{"@context":"https:\/\/schema.org","@graph":[{"@type":"Article","@id":"https:\/\/noticiasmercedinas.com\/site\/2021\/10\/29\/miguel-pastorini-hay-una-politica-de-la-banca-extranjera-de-achicar-dotaciones\/#article","isPartOf":{"@id":"https:\/\/noticiasmercedinas.com\/site\/2021\/10\/29\/miguel-pastorini-hay-una-politica-de-la-banca-extranjera-de-achicar-dotaciones\/"},"author":{"name":"NOTICIASMERCEDINAS.COM","@id":"https:\/\/noticiasmercedinas.com\/site\/#\/schema\/person\/84b59c099c28ff2e8b77d4ceec5d8063"},"headline":"Miguel Pastorini: \u201cHay una pol\u00edtica de la banca extranjera de achicar dotaciones\u201d","datePublished":"2021-10-29T18:41:03+00:00","mainEntityOfPage":{"@id":"https:\/\/noticiasmercedinas.com\/site\/2021\/10\/29\/miguel-pastorini-hay-una-politica-de-la-banca-extranjera-de-achicar-dotaciones\/"},"wordCount":825,"commentCount":0,"publisher":{"@id":"https:\/\/noticiasmercedinas.com\/site\/#organization"},"image":{"@id":"https:\/\/noticiasmercedinas.com\/site\/2021\/10\/29\/miguel-pastorini-hay-una-politica-de-la-banca-extranjera-de-achicar-dotaciones\/#primaryimage"},"thumbnailUrl":"https:\/\/noticiasmercedinas.com\/site\/wp-content\/uploads\/2021\/10\/Pastorini-evaluo-las-diversas-complejidades-que-impuso-la-pandemia-en-el-sector.-e1635532731467.jpg","keywords":["bapro","cgi","Mesa Sindical Mercedes","miguel pastorini"],"articleSection":["Sociedad"],"inLanguage":"es","potentialAction":[{"@type":"CommentAction","name":"Comment","target":["https:\/\/noticiasmercedinas.com\/site\/2021\/10\/29\/miguel-pastorini-hay-una-politica-de-la-banca-extranjera-de-achicar-dotaciones\/#respond"]}]},{"@type":"WebPage","@id":"https:\/\/noticiasmercedinas.com\/site\/2021\/10\/29\/miguel-pastorini-hay-una-politica-de-la-banca-extranjera-de-achicar-dotaciones\/","url":"https:\/\/noticiasmercedinas.com\/site\/2021\/10\/29\/miguel-pastorini-hay-una-politica-de-la-banca-extranjera-de-achicar-dotaciones\/","name":"Miguel Pastorini: \u201cHay una pol\u00edtica de la banca extranjera de achicar dotaciones\u201d","isPartOf":{"@id":"https:\/\/noticiasmercedinas.com\/site\/#website"},"primaryImageOfPage":{"@id":"https:\/\/noticiasmercedinas.com\/site\/2021\/10\/29\/miguel-pastorini-hay-una-politica-de-la-banca-extranjera-de-achicar-dotaciones\/#primaryimage"},"image":{"@id":"https:\/\/noticiasmercedinas.com\/site\/2021\/10\/29\/miguel-pastorini-hay-una-politica-de-la-banca-extranjera-de-achicar-dotaciones\/#primaryimage"},"thumbnailUrl":"https:\/\/noticiasmercedinas.com\/site\/wp-content\/uploads\/2021\/10\/Pastorini-evaluo-las-diversas-complejidades-que-impuso-la-pandemia-en-el-sector.-e1635532731467.jpg","datePublished":"2021-10-29T18:41:03+00:00","breadcrumb":{"@id":"https:\/\/noticiasmercedinas.com\/site\/2021\/10\/29\/miguel-pastorini-hay-una-politica-de-la-banca-extranjera-de-achicar-dotaciones\/#breadcrumb"},"inLanguage":"es","potentialAction":[{"@type":"ReadAction","target":["https:\/\/noticiasmercedinas.com\/site\/2021\/10\/29\/miguel-pastorini-hay-una-politica-de-la-banca-extranjera-de-achicar-dotaciones\/"]}]},{"@type":"ImageObject","inLanguage":"es","@id":"https:\/\/noticiasmercedinas.com\/site\/2021\/10\/29\/miguel-pastorini-hay-una-politica-de-la-banca-extranjera-de-achicar-dotaciones\/#primaryimage","url":"https:\/\/noticiasmercedinas.com\/site\/wp-content\/uploads\/2021\/10\/Pastorini-evaluo-las-diversas-complejidades-que-impuso-la-pandemia-en-el-sector.-e1635532731467.jpg","contentUrl":"https:\/\/noticiasmercedinas.com\/site\/wp-content\/uploads\/2021\/10\/Pastorini-evaluo-las-diversas-complejidades-que-impuso-la-pandemia-en-el-sector.-e1635532731467.jpg","width":640,"height":480},{"@type":"BreadcrumbList","@id":"https:\/\/noticiasmercedinas.com\/site\/2021\/10\/29\/miguel-pastorini-hay-una-politica-de-la-banca-extranjera-de-achicar-dotaciones\/#breadcrumb","itemListElement":[{"@type":"ListItem","position":1,"name":"Portada","item":"https:\/\/noticiasmercedinas.com\/site\/"},{"@type":"ListItem","position":2,"name":"Miguel Pastorini: \u201cHay una pol\u00edtica de la banca extranjera de achicar dotaciones\u201d"}]},{"@type":"WebSite","@id":"https:\/\/noticiasmercedinas.com\/site\/#website","url":"https:\/\/noticiasmercedinas.com\/site\/","name":"NOTICIASMERCEDINAS.COM","description":"Mercedes, Buenos Aires, Argentina","publisher":{"@id":"https:\/\/noticiasmercedinas.com\/site\/#organization"},"potentialAction":[{"@type":"SearchAction","target":{"@type":"EntryPoint","urlTemplate":"https:\/\/noticiasmercedinas.com\/site\/?s={search_term_string}"},"query-input":{"@type":"PropertyValueSpecification","valueRequired":true,"valueName":"search_term_string"}}],"inLanguage":"es"},{"@type":"Organization","@id":"https:\/\/noticiasmercedinas.com\/site\/#organization","name":"NOTICIASMERCEDINAS.COM","url":"https:\/\/noticiasmercedinas.com\/site\/","logo":{"@type":"ImageObject","inLanguage":"es","@id":"https:\/\/noticiasmercedinas.com\/site\/#\/schema\/logo\/image\/","url":"https:\/\/noticiasmercedinas.com\/site\/wp-content\/uploads\/2020\/06\/LOGO-512.jpg","contentUrl":"https:\/\/noticiasmercedinas.com\/site\/wp-content\/uploads\/2020\/06\/LOGO-512.jpg","width":512,"height":512,"caption":"NOTICIASMERCEDINAS.COM"},"image":{"@id":"https:\/\/noticiasmercedinas.com\/site\/#\/schema\/logo\/image\/"},"sameAs":["https:\/\/www.facebook.com\/noticiasmercedinas\/","https:\/\/x.com\/notmercedinas","https:\/\/www.instagram.com\/noticiasmercedinas\/"]},{"@type":"Person","@id":"https:\/\/noticiasmercedinas.com\/site\/#\/schema\/person\/84b59c099c28ff2e8b77d4ceec5d8063","name":"NOTICIASMERCEDINAS.COM","image":{"@type":"ImageObject","inLanguage":"es","@id":"https:\/\/secure.gravatar.com\/avatar\/4dfbf16b4d17945bfb6341b2d19043457132fcf478a5ee04f42e959fd8f5df0a?s=96&d=mm&r=g","url":"https:\/\/secure.gravatar.com\/avatar\/4dfbf16b4d17945bfb6341b2d19043457132fcf478a5ee04f42e959fd8f5df0a?s=96&d=mm&r=g","contentUrl":"https:\/\/secure.gravatar.com\/avatar\/4dfbf16b4d17945bfb6341b2d19043457132fcf478a5ee04f42e959fd8f5df0a?s=96&d=mm&r=g","caption":"NOTICIASMERCEDINAS.COM"},"url":"https:\/\/noticiasmercedinas.com\/site\/author\/anonimo\/"}]}},"amp_enabled":true,"_links":{"self":[{"href":"https:\/\/noticiasmercedinas.com\/site\/wp-json\/wp\/v2\/posts\/78209","targetHints":{"allow":["GET"]}}],"collection":[{"href":"https:\/\/noticiasmercedinas.com\/site\/wp-json\/wp\/v2\/posts"}],"about":[{"href":"https:\/\/noticiasmercedinas.com\/site\/wp-json\/wp\/v2\/types\/post"}],"author":[{"embeddable":true,"href":"https:\/\/noticiasmercedinas.com\/site\/wp-json\/wp\/v2\/users\/16"}],"replies":[{"embeddable":true,"href":"https:\/\/noticiasmercedinas.com\/site\/wp-json\/wp\/v2\/comments?post=78209"}],"version-history":[{"count":1,"href":"https:\/\/noticiasmercedinas.com\/site\/wp-json\/wp\/v2\/posts\/78209\/revisions"}],"predecessor-version":[{"id":78211,"href":"https:\/\/noticiasmercedinas.com\/site\/wp-json\/wp\/v2\/posts\/78209\/revisions\/78211"}],"wp:featuredmedia":[{"embeddable":true,"href":"https:\/\/noticiasmercedinas.com\/site\/wp-json\/wp\/v2\/media\/78210"}],"wp:attachment":[{"href":"https:\/\/noticiasmercedinas.com\/site\/wp-json\/wp\/v2\/media?parent=78209"}],"wp:term":[{"taxonomy":"category","embeddable":true,"href":"https:\/\/noticiasmercedinas.com\/site\/wp-json\/wp\/v2\/categories?post=78209"},{"taxonomy":"post_tag","embeddable":true,"href":"https:\/\/noticiasmercedinas.com\/site\/wp-json\/wp\/v2\/tags?post=78209"}],"curies":[{"name":"wp","href":"https:\/\/api.w.org\/{rel}","templated":true}]}}