{"id":78222,"date":"2021-10-29T17:24:31","date_gmt":"2021-10-29T20:24:31","guid":{"rendered":"https:\/\/noticiasmercedinas.com\/site\/?p=78222"},"modified":"2021-10-29T19:29:05","modified_gmt":"2021-10-29T22:29:05","slug":"comedia-municipal-mujeres-mandarinas-se-estrenara-en-el-argentino","status":"publish","type":"post","link":"https:\/\/noticiasmercedinas.com\/site\/2021\/10\/29\/comedia-municipal-mujeres-mandarinas-se-estrenara-en-el-argentino\/","title":{"rendered":"Comedia Municipal: \u201cMujeres Mandarinas\u201d se estrenar\u00e1 en el Argentino"},"content":{"rendered":"<p><img loading=\"lazy\" decoding=\"async\" class=\"alignnone size-full wp-image-78223\" src=\"https:\/\/noticiasmercedinas.com\/site\/wp-content\/uploads\/2021\/10\/womanIMG_0157.jpg\" alt=\"\" width=\"640\" height=\"384\" srcset=\"https:\/\/noticiasmercedinas.com\/site\/wp-content\/uploads\/2021\/10\/womanIMG_0157.jpg 640w, https:\/\/noticiasmercedinas.com\/site\/wp-content\/uploads\/2021\/10\/womanIMG_0157-300x180.jpg 300w\" sizes=\"auto, (max-width: 640px) 100vw, 640px\" \/><\/p>\n<p>Se anunci\u00f3 que la sala A reinaugurada del Teatro Argentino tendr\u00e1 en breve el estreno de la Comedia Municipal de Teatro, a cargo de Gabriela Lorusso, en la continuidad del calendario de funciones en ese espacio.<\/p>\n<p>\u201cEl elenco de la Comedia Municipal ser\u00e1 la primera compa\u00f1\u00eda local en presentarse en esta sala\u201d, anunci\u00f3 en una conferencia especial Francisco Dinova, coordinador de Cultura, sobre la inminente representaci\u00f3n de \u201cMujeres Mandarinas\u201d en el mes de noviembre.<\/p>\n<p>\u201cLa Comedia Municipal promociona y estimula al arte esc\u00e9nico, al teatro en particular. Queremos presentar Mujeres Mandarinas y aqu\u00ed est\u00e1 parte del elenco junto a su directora\u201d, indic\u00f3 en una conferencia de prensa especial que tambi\u00e9n comparti\u00f3, este jueves, el intendente municipal Juan Ustarroz.<\/p>\n<p>\u201cEllas han estado ensayando durante muchos meses con dificultades que han tenido que ver con la cuesti\u00f3n sanitaria y con las obras para la inauguraci\u00f3n de la sala. Les agradecemos la predisposici\u00f3n que han tenido, ya lleg\u00f3 el d\u00eda y anunciamos el estreno que creemos saldr\u00e1 muy bien. Ya se pueden retirar las entradas para las 8 funciones, libres y gratuitas, con un bono contribuci\u00f3n destinado al elenco. Esto se hace con la idea de que la cultura sea accesible\u201d, anunci\u00f3 sobre este trabajo que tiene que ver con la tem\u00e1tica de g\u00e9nero que lo atraviesa.<\/p>\n<p>\u201cEstamos muy contentas porque el 9 de noviembre ser\u00e1 el estreno, hay muchas cosas por resolver aun pero queremos destacar que fuimos ensayando con el avance de la sala. Un d\u00eda hab\u00eda un andamio, con latas de pintura, hab\u00eda olor al pegamento de la nueva alfombra, y eso quedar\u00e1 entre las an\u00e9cdotas y habla de la versatilidad del actor, de bancarse todo con de las ganas de seguir haciendo y ensayar en las condiciones que sea\u201d, dijo, por su parte, Gabriela Lorusso.<\/p>\n<p>\u201cA este sala la amo con todo mi coraz\u00f3n, tengo hermosos recuerdos de este escenario y val\u00eda la pena todo el sufrimiento, incluso ensayar con el olor a pegamento y todo lo que atravesamos\u201d, defini\u00f3 luego.<\/p>\n<p><img loading=\"lazy\" decoding=\"async\" class=\"alignnone size-full wp-image-78224\" src=\"https:\/\/noticiasmercedinas.com\/site\/wp-content\/uploads\/2021\/10\/womanIMG_0172.jpg\" alt=\"\" width=\"640\" height=\"380\" srcset=\"https:\/\/noticiasmercedinas.com\/site\/wp-content\/uploads\/2021\/10\/womanIMG_0172.jpg 640w, https:\/\/noticiasmercedinas.com\/site\/wp-content\/uploads\/2021\/10\/womanIMG_0172-300x178.jpg 300w\" sizes=\"auto, (max-width: 640px) 100vw, 640px\" \/><\/p>\n<blockquote><p>\u201cEntiendo el escenario como un espacio pol\u00edtico y est\u00e1 bueno que haya de todo sobre \u00e9l, pero a m\u00ed me gusta comprometerme con temas que siento necesitan visibilizarse como este\u201d<\/p><\/blockquote>\n<p>\u201cMujeres mandarinas, se trata de todas\u201d es una obra que abarca la tem\u00e1tica de la trata de mujeres, est\u00e1 contada de una manera amable, sin restarle seriedad ni importancia al tema. \u201cEst\u00e1 abordada de manera po\u00e9tica y entiendo como directora que los temas cruentos no necesariamente tienen que ser cruentos y violentos sobre el escenario, para que el p\u00fablico los capte y reciba\u201d, dijo Lorusso. \u201cSe puede hablar con poes\u00eda y con esperanza de un tema tan importante. Entiendo el escenario como un espacio pol\u00edtico y est\u00e1 bueno que haya de todo sobre \u00e9l, pero a m\u00ed me gusta comprometerme con temas que siento necesitan visibilizarse como este\u201d, dijo Gabriela Lorusso, directora de la Comedia Municipal tras ganar el concurso respectivo.<\/p>\n<p>Las funciones ser\u00e1n los d\u00edas 9, 15, 17, 18, 21, 24 y 25 de noviembre a las 21.30 y el s\u00e1bado 27 a las 23 horas, tal cual confirm\u00f3 la directora y destac\u00f3 el \u201capoyo emocional y econ\u00f3mico\u201d: \u201cHay 12 personas en el elenco que van a cobrar un cachet por su participaci\u00f3n\u201d, remarc\u00f3.<\/p>\n<p>Por \u00faltimo,\u00a0el intendente Juan Ignacio Ustarroz se\u00f1al\u00f3 que \u201ces muy emocionante poder darle continuidad al calendario cultural desde esta sala recuperada, con toda la iluminaci\u00f3n, sonido nuevo y la restauraci\u00f3n que se ha hecho\u201d.<\/p>\n<p>En este sentido, el Dr. Ustarroz apunt\u00f3 que \u201ces un orgullo porque hay que apoyar y promover a la cultura en general y en particular a nuestros artistas locales. Creo que el rol del Municipio es fundamentalmente acompa\u00f1ar y apoyar a nuestros actores de la cultura\u201d, dijo.<\/p>\n","protected":false},"excerpt":{"rendered":"<p>\u25a0 La obra est\u00e1 a cargo de Gabriela Lorusso. Las funciones ser\u00e1n los d\u00edas 9, 15, 17, 18, 21, 24 y 25 de noviembre a las 21.30 y el s\u00e1bado 27 a las 23 horas.<\/p>\n","protected":false},"author":2,"featured_media":78223,"comment_status":"open","ping_status":"open","sticky":false,"template":"","format":"standard","meta":{"footnotes":""},"categories":[4],"tags":[3128,480,163],"class_list":["post-78222","post","type-post","status-publish","format-standard","has-post-thumbnail","hentry","category-cultura","tag-gabriela-lorusso","tag-teatro","tag-teatro-argentino"],"yoast_head":"<!-- This site is optimized with the Yoast SEO plugin v27.4 - https:\/\/yoast.com\/product\/yoast-seo-wordpress\/ -->\n<title>Comedia Municipal: \u201cMujeres Mandarinas\u201d se estrenar\u00e1 en el Argentino<\/title>\n<meta name=\"robots\" content=\"index, follow, max-snippet:-1, max-image-preview:large, max-video-preview:-1\" \/>\n<link rel=\"canonical\" href=\"https:\/\/noticiasmercedinas.com\/site\/2021\/10\/29\/comedia-municipal-mujeres-mandarinas-se-estrenara-en-el-argentino\/\" \/>\n<meta property=\"og:locale\" content=\"es_ES\" \/>\n<meta property=\"og:type\" content=\"article\" \/>\n<meta property=\"og:title\" content=\"Comedia Municipal: \u201cMujeres Mandarinas\u201d se estrenar\u00e1 en el Argentino\" \/>\n<meta property=\"og:description\" content=\"\u25a0 La obra est\u00e1 a cargo de Gabriela Lorusso. Las funciones ser\u00e1n los d\u00edas 9, 15, 17, 18, 21, 24 y 25 de noviembre a las 21.30 y el s\u00e1bado 27 a las 23 horas.\" \/>\n<meta property=\"og:url\" content=\"https:\/\/noticiasmercedinas.com\/site\/2021\/10\/29\/comedia-municipal-mujeres-mandarinas-se-estrenara-en-el-argentino\/\" \/>\n<meta property=\"og:site_name\" content=\"NOTICIASMERCEDINAS.COM\" \/>\n<meta property=\"article:publisher\" content=\"https:\/\/www.facebook.com\/noticiasmercedinas\/\" \/>\n<meta property=\"article:author\" content=\"https:\/\/www.facebook.com\/cristian.falabella\" \/>\n<meta property=\"article:published_time\" content=\"2021-10-29T20:24:31+00:00\" \/>\n<meta property=\"article:modified_time\" content=\"2021-10-29T22:29:05+00:00\" \/>\n<meta property=\"og:image\" content=\"https:\/\/noticiasmercedinas.com\/site\/wp-content\/uploads\/2021\/10\/womanIMG_0157.jpg\" \/>\n\t<meta property=\"og:image:width\" content=\"640\" \/>\n\t<meta property=\"og:image:height\" content=\"384\" \/>\n\t<meta property=\"og:image:type\" content=\"image\/jpeg\" \/>\n<meta name=\"author\" content=\"Cristian Falabella NOTICIASMERCEDINAS.COM\" \/>\n<meta name=\"twitter:card\" content=\"summary_large_image\" \/>\n<meta name=\"twitter:creator\" content=\"@https:\/\/twitter.com\/NOTMERCEDINAS\" \/>\n<meta name=\"twitter:site\" content=\"@notmercedinas\" \/>\n<meta name=\"twitter:label1\" content=\"Escrito por\" \/>\n\t<meta name=\"twitter:data1\" content=\"Cristian Falabella NOTICIASMERCEDINAS.COM\" \/>\n\t<meta name=\"twitter:label2\" content=\"Tiempo de lectura\" \/>\n\t<meta name=\"twitter:data2\" content=\"3 minutos\" \/>\n<script type=\"application\/ld+json\" class=\"yoast-schema-graph\">{\"@context\":\"https:\\\/\\\/schema.org\",\"@graph\":[{\"@type\":\"Article\",\"@id\":\"https:\\\/\\\/noticiasmercedinas.com\\\/site\\\/2021\\\/10\\\/29\\\/comedia-municipal-mujeres-mandarinas-se-estrenara-en-el-argentino\\\/#article\",\"isPartOf\":{\"@id\":\"https:\\\/\\\/noticiasmercedinas.com\\\/site\\\/2021\\\/10\\\/29\\\/comedia-municipal-mujeres-mandarinas-se-estrenara-en-el-argentino\\\/\"},\"author\":{\"name\":\"Cristian Falabella NOTICIASMERCEDINAS.COM\",\"@id\":\"https:\\\/\\\/noticiasmercedinas.com\\\/site\\\/#\\\/schema\\\/person\\\/d481a9696a5feaec13a60e2bbd991a6a\"},\"headline\":\"Comedia Municipal: \u201cMujeres Mandarinas\u201d se estrenar\u00e1 en el Argentino\",\"datePublished\":\"2021-10-29T20:24:31+00:00\",\"dateModified\":\"2021-10-29T22:29:05+00:00\",\"mainEntityOfPage\":{\"@id\":\"https:\\\/\\\/noticiasmercedinas.com\\\/site\\\/2021\\\/10\\\/29\\\/comedia-municipal-mujeres-mandarinas-se-estrenara-en-el-argentino\\\/\"},\"wordCount\":647,\"commentCount\":0,\"publisher\":{\"@id\":\"https:\\\/\\\/noticiasmercedinas.com\\\/site\\\/#organization\"},\"image\":{\"@id\":\"https:\\\/\\\/noticiasmercedinas.com\\\/site\\\/2021\\\/10\\\/29\\\/comedia-municipal-mujeres-mandarinas-se-estrenara-en-el-argentino\\\/#primaryimage\"},\"thumbnailUrl\":\"https:\\\/\\\/noticiasmercedinas.com\\\/site\\\/wp-content\\\/uploads\\\/2021\\\/10\\\/womanIMG_0157.jpg\",\"keywords\":[\"Gabriela Lorusso\",\"teatro\",\"teatro argentino\"],\"articleSection\":[\"Cultura\"],\"inLanguage\":\"es\",\"potentialAction\":[{\"@type\":\"CommentAction\",\"name\":\"Comment\",\"target\":[\"https:\\\/\\\/noticiasmercedinas.com\\\/site\\\/2021\\\/10\\\/29\\\/comedia-municipal-mujeres-mandarinas-se-estrenara-en-el-argentino\\\/#respond\"]}]},{\"@type\":\"WebPage\",\"@id\":\"https:\\\/\\\/noticiasmercedinas.com\\\/site\\\/2021\\\/10\\\/29\\\/comedia-municipal-mujeres-mandarinas-se-estrenara-en-el-argentino\\\/\",\"url\":\"https:\\\/\\\/noticiasmercedinas.com\\\/site\\\/2021\\\/10\\\/29\\\/comedia-municipal-mujeres-mandarinas-se-estrenara-en-el-argentino\\\/\",\"name\":\"Comedia Municipal: \u201cMujeres Mandarinas\u201d se estrenar\u00e1 en el Argentino\",\"isPartOf\":{\"@id\":\"https:\\\/\\\/noticiasmercedinas.com\\\/site\\\/#website\"},\"primaryImageOfPage\":{\"@id\":\"https:\\\/\\\/noticiasmercedinas.com\\\/site\\\/2021\\\/10\\\/29\\\/comedia-municipal-mujeres-mandarinas-se-estrenara-en-el-argentino\\\/#primaryimage\"},\"image\":{\"@id\":\"https:\\\/\\\/noticiasmercedinas.com\\\/site\\\/2021\\\/10\\\/29\\\/comedia-municipal-mujeres-mandarinas-se-estrenara-en-el-argentino\\\/#primaryimage\"},\"thumbnailUrl\":\"https:\\\/\\\/noticiasmercedinas.com\\\/site\\\/wp-content\\\/uploads\\\/2021\\\/10\\\/womanIMG_0157.jpg\",\"datePublished\":\"2021-10-29T20:24:31+00:00\",\"dateModified\":\"2021-10-29T22:29:05+00:00\",\"breadcrumb\":{\"@id\":\"https:\\\/\\\/noticiasmercedinas.com\\\/site\\\/2021\\\/10\\\/29\\\/comedia-municipal-mujeres-mandarinas-se-estrenara-en-el-argentino\\\/#breadcrumb\"},\"inLanguage\":\"es\",\"potentialAction\":[{\"@type\":\"ReadAction\",\"target\":[\"https:\\\/\\\/noticiasmercedinas.com\\\/site\\\/2021\\\/10\\\/29\\\/comedia-municipal-mujeres-mandarinas-se-estrenara-en-el-argentino\\\/\"]}]},{\"@type\":\"ImageObject\",\"inLanguage\":\"es\",\"@id\":\"https:\\\/\\\/noticiasmercedinas.com\\\/site\\\/2021\\\/10\\\/29\\\/comedia-municipal-mujeres-mandarinas-se-estrenara-en-el-argentino\\\/#primaryimage\",\"url\":\"https:\\\/\\\/noticiasmercedinas.com\\\/site\\\/wp-content\\\/uploads\\\/2021\\\/10\\\/womanIMG_0157.jpg\",\"contentUrl\":\"https:\\\/\\\/noticiasmercedinas.com\\\/site\\\/wp-content\\\/uploads\\\/2021\\\/10\\\/womanIMG_0157.jpg\",\"width\":640,\"height\":384},{\"@type\":\"BreadcrumbList\",\"@id\":\"https:\\\/\\\/noticiasmercedinas.com\\\/site\\\/2021\\\/10\\\/29\\\/comedia-municipal-mujeres-mandarinas-se-estrenara-en-el-argentino\\\/#breadcrumb\",\"itemListElement\":[{\"@type\":\"ListItem\",\"position\":1,\"name\":\"Portada\",\"item\":\"https:\\\/\\\/noticiasmercedinas.com\\\/site\\\/\"},{\"@type\":\"ListItem\",\"position\":2,\"name\":\"Comedia Municipal: \u201cMujeres Mandarinas\u201d se estrenar\u00e1 en el Argentino\"}]},{\"@type\":\"WebSite\",\"@id\":\"https:\\\/\\\/noticiasmercedinas.com\\\/site\\\/#website\",\"url\":\"https:\\\/\\\/noticiasmercedinas.com\\\/site\\\/\",\"name\":\"NOTICIASMERCEDINAS.COM\",\"description\":\"Mercedes, Buenos Aires, Argentina\",\"publisher\":{\"@id\":\"https:\\\/\\\/noticiasmercedinas.com\\\/site\\\/#organization\"},\"potentialAction\":[{\"@type\":\"SearchAction\",\"target\":{\"@type\":\"EntryPoint\",\"urlTemplate\":\"https:\\\/\\\/noticiasmercedinas.com\\\/site\\\/?s={search_term_string}\"},\"query-input\":{\"@type\":\"PropertyValueSpecification\",\"valueRequired\":true,\"valueName\":\"search_term_string\"}}],\"inLanguage\":\"es\"},{\"@type\":\"Organization\",\"@id\":\"https:\\\/\\\/noticiasmercedinas.com\\\/site\\\/#organization\",\"name\":\"NOTICIASMERCEDINAS.COM\",\"url\":\"https:\\\/\\\/noticiasmercedinas.com\\\/site\\\/\",\"logo\":{\"@type\":\"ImageObject\",\"inLanguage\":\"es\",\"@id\":\"https:\\\/\\\/noticiasmercedinas.com\\\/site\\\/#\\\/schema\\\/logo\\\/image\\\/\",\"url\":\"https:\\\/\\\/noticiasmercedinas.com\\\/site\\\/wp-content\\\/uploads\\\/2020\\\/06\\\/LOGO-512.jpg\",\"contentUrl\":\"https:\\\/\\\/noticiasmercedinas.com\\\/site\\\/wp-content\\\/uploads\\\/2020\\\/06\\\/LOGO-512.jpg\",\"width\":512,\"height\":512,\"caption\":\"NOTICIASMERCEDINAS.COM\"},\"image\":{\"@id\":\"https:\\\/\\\/noticiasmercedinas.com\\\/site\\\/#\\\/schema\\\/logo\\\/image\\\/\"},\"sameAs\":[\"https:\\\/\\\/www.facebook.com\\\/noticiasmercedinas\\\/\",\"https:\\\/\\\/x.com\\\/notmercedinas\",\"https:\\\/\\\/www.instagram.com\\\/noticiasmercedinas\\\/\"]},{\"@type\":\"Person\",\"@id\":\"https:\\\/\\\/noticiasmercedinas.com\\\/site\\\/#\\\/schema\\\/person\\\/d481a9696a5feaec13a60e2bbd991a6a\",\"name\":\"Cristian Falabella NOTICIASMERCEDINAS.COM\",\"image\":{\"@type\":\"ImageObject\",\"inLanguage\":\"es\",\"@id\":\"https:\\\/\\\/secure.gravatar.com\\\/avatar\\\/0dbbfc45970cc46bcd0e57766228574ff3511d6eed045b182f536f0f478c1f06?s=96&d=mm&r=g\",\"url\":\"https:\\\/\\\/secure.gravatar.com\\\/avatar\\\/0dbbfc45970cc46bcd0e57766228574ff3511d6eed045b182f536f0f478c1f06?s=96&d=mm&r=g\",\"contentUrl\":\"https:\\\/\\\/secure.gravatar.com\\\/avatar\\\/0dbbfc45970cc46bcd0e57766228574ff3511d6eed045b182f536f0f478c1f06?s=96&d=mm&r=g\",\"caption\":\"Cristian Falabella NOTICIASMERCEDINAS.COM\"},\"description\":\"Periodista, editor de Noticias Mercedinas. Pas\u00f3 por varias redacciones y emprendimientos de prensa, en distintos formatos y \u00e9pocas. Se especializ\u00f3 --y sigue haci\u00e9ndolo-- en comunicaci\u00f3n en la web y en junio de 2006 fund\u00f3 este diario digital.\",\"sameAs\":[\"https:\\\/\\\/noticiasmercedinas.com\",\"https:\\\/\\\/www.facebook.com\\\/cristian.falabella\",\"https:\\\/\\\/www.instagram.com\\\/noticiasmercedinas\\\/\",\"https:\\\/\\\/x.com\\\/https:\\\/\\\/twitter.com\\\/NOTMERCEDINAS\"],\"url\":\"https:\\\/\\\/noticiasmercedinas.com\\\/site\\\/author\\\/as000384\\\/\"}]}<\/script>\n<!-- \/ Yoast SEO plugin. -->","yoast_head_json":{"title":"Comedia Municipal: \u201cMujeres Mandarinas\u201d se estrenar\u00e1 en el Argentino","robots":{"index":"index","follow":"follow","max-snippet":"max-snippet:-1","max-image-preview":"max-image-preview:large","max-video-preview":"max-video-preview:-1"},"canonical":"https:\/\/noticiasmercedinas.com\/site\/2021\/10\/29\/comedia-municipal-mujeres-mandarinas-se-estrenara-en-el-argentino\/","og_locale":"es_ES","og_type":"article","og_title":"Comedia Municipal: \u201cMujeres Mandarinas\u201d se estrenar\u00e1 en el Argentino","og_description":"\u25a0 La obra est\u00e1 a cargo de Gabriela Lorusso. Las funciones ser\u00e1n los d\u00edas 9, 15, 17, 18, 21, 24 y 25 de noviembre a las 21.30 y el s\u00e1bado 27 a las 23 horas.","og_url":"https:\/\/noticiasmercedinas.com\/site\/2021\/10\/29\/comedia-municipal-mujeres-mandarinas-se-estrenara-en-el-argentino\/","og_site_name":"NOTICIASMERCEDINAS.COM","article_publisher":"https:\/\/www.facebook.com\/noticiasmercedinas\/","article_author":"https:\/\/www.facebook.com\/cristian.falabella","article_published_time":"2021-10-29T20:24:31+00:00","article_modified_time":"2021-10-29T22:29:05+00:00","og_image":[{"width":640,"height":384,"url":"https:\/\/noticiasmercedinas.com\/site\/wp-content\/uploads\/2021\/10\/womanIMG_0157.jpg","type":"image\/jpeg"}],"author":"Cristian Falabella NOTICIASMERCEDINAS.COM","twitter_card":"summary_large_image","twitter_creator":"@https:\/\/twitter.com\/NOTMERCEDINAS","twitter_site":"@notmercedinas","twitter_misc":{"Escrito por":"Cristian Falabella NOTICIASMERCEDINAS.COM","Tiempo de lectura":"3 minutos"},"schema":{"@context":"https:\/\/schema.org","@graph":[{"@type":"Article","@id":"https:\/\/noticiasmercedinas.com\/site\/2021\/10\/29\/comedia-municipal-mujeres-mandarinas-se-estrenara-en-el-argentino\/#article","isPartOf":{"@id":"https:\/\/noticiasmercedinas.com\/site\/2021\/10\/29\/comedia-municipal-mujeres-mandarinas-se-estrenara-en-el-argentino\/"},"author":{"name":"Cristian Falabella NOTICIASMERCEDINAS.COM","@id":"https:\/\/noticiasmercedinas.com\/site\/#\/schema\/person\/d481a9696a5feaec13a60e2bbd991a6a"},"headline":"Comedia Municipal: \u201cMujeres Mandarinas\u201d se estrenar\u00e1 en el Argentino","datePublished":"2021-10-29T20:24:31+00:00","dateModified":"2021-10-29T22:29:05+00:00","mainEntityOfPage":{"@id":"https:\/\/noticiasmercedinas.com\/site\/2021\/10\/29\/comedia-municipal-mujeres-mandarinas-se-estrenara-en-el-argentino\/"},"wordCount":647,"commentCount":0,"publisher":{"@id":"https:\/\/noticiasmercedinas.com\/site\/#organization"},"image":{"@id":"https:\/\/noticiasmercedinas.com\/site\/2021\/10\/29\/comedia-municipal-mujeres-mandarinas-se-estrenara-en-el-argentino\/#primaryimage"},"thumbnailUrl":"https:\/\/noticiasmercedinas.com\/site\/wp-content\/uploads\/2021\/10\/womanIMG_0157.jpg","keywords":["Gabriela Lorusso","teatro","teatro argentino"],"articleSection":["Cultura"],"inLanguage":"es","potentialAction":[{"@type":"CommentAction","name":"Comment","target":["https:\/\/noticiasmercedinas.com\/site\/2021\/10\/29\/comedia-municipal-mujeres-mandarinas-se-estrenara-en-el-argentino\/#respond"]}]},{"@type":"WebPage","@id":"https:\/\/noticiasmercedinas.com\/site\/2021\/10\/29\/comedia-municipal-mujeres-mandarinas-se-estrenara-en-el-argentino\/","url":"https:\/\/noticiasmercedinas.com\/site\/2021\/10\/29\/comedia-municipal-mujeres-mandarinas-se-estrenara-en-el-argentino\/","name":"Comedia Municipal: \u201cMujeres Mandarinas\u201d se estrenar\u00e1 en el Argentino","isPartOf":{"@id":"https:\/\/noticiasmercedinas.com\/site\/#website"},"primaryImageOfPage":{"@id":"https:\/\/noticiasmercedinas.com\/site\/2021\/10\/29\/comedia-municipal-mujeres-mandarinas-se-estrenara-en-el-argentino\/#primaryimage"},"image":{"@id":"https:\/\/noticiasmercedinas.com\/site\/2021\/10\/29\/comedia-municipal-mujeres-mandarinas-se-estrenara-en-el-argentino\/#primaryimage"},"thumbnailUrl":"https:\/\/noticiasmercedinas.com\/site\/wp-content\/uploads\/2021\/10\/womanIMG_0157.jpg","datePublished":"2021-10-29T20:24:31+00:00","dateModified":"2021-10-29T22:29:05+00:00","breadcrumb":{"@id":"https:\/\/noticiasmercedinas.com\/site\/2021\/10\/29\/comedia-municipal-mujeres-mandarinas-se-estrenara-en-el-argentino\/#breadcrumb"},"inLanguage":"es","potentialAction":[{"@type":"ReadAction","target":["https:\/\/noticiasmercedinas.com\/site\/2021\/10\/29\/comedia-municipal-mujeres-mandarinas-se-estrenara-en-el-argentino\/"]}]},{"@type":"ImageObject","inLanguage":"es","@id":"https:\/\/noticiasmercedinas.com\/site\/2021\/10\/29\/comedia-municipal-mujeres-mandarinas-se-estrenara-en-el-argentino\/#primaryimage","url":"https:\/\/noticiasmercedinas.com\/site\/wp-content\/uploads\/2021\/10\/womanIMG_0157.jpg","contentUrl":"https:\/\/noticiasmercedinas.com\/site\/wp-content\/uploads\/2021\/10\/womanIMG_0157.jpg","width":640,"height":384},{"@type":"BreadcrumbList","@id":"https:\/\/noticiasmercedinas.com\/site\/2021\/10\/29\/comedia-municipal-mujeres-mandarinas-se-estrenara-en-el-argentino\/#breadcrumb","itemListElement":[{"@type":"ListItem","position":1,"name":"Portada","item":"https:\/\/noticiasmercedinas.com\/site\/"},{"@type":"ListItem","position":2,"name":"Comedia Municipal: \u201cMujeres Mandarinas\u201d se estrenar\u00e1 en el Argentino"}]},{"@type":"WebSite","@id":"https:\/\/noticiasmercedinas.com\/site\/#website","url":"https:\/\/noticiasmercedinas.com\/site\/","name":"NOTICIASMERCEDINAS.COM","description":"Mercedes, Buenos Aires, Argentina","publisher":{"@id":"https:\/\/noticiasmercedinas.com\/site\/#organization"},"potentialAction":[{"@type":"SearchAction","target":{"@type":"EntryPoint","urlTemplate":"https:\/\/noticiasmercedinas.com\/site\/?s={search_term_string}"},"query-input":{"@type":"PropertyValueSpecification","valueRequired":true,"valueName":"search_term_string"}}],"inLanguage":"es"},{"@type":"Organization","@id":"https:\/\/noticiasmercedinas.com\/site\/#organization","name":"NOTICIASMERCEDINAS.COM","url":"https:\/\/noticiasmercedinas.com\/site\/","logo":{"@type":"ImageObject","inLanguage":"es","@id":"https:\/\/noticiasmercedinas.com\/site\/#\/schema\/logo\/image\/","url":"https:\/\/noticiasmercedinas.com\/site\/wp-content\/uploads\/2020\/06\/LOGO-512.jpg","contentUrl":"https:\/\/noticiasmercedinas.com\/site\/wp-content\/uploads\/2020\/06\/LOGO-512.jpg","width":512,"height":512,"caption":"NOTICIASMERCEDINAS.COM"},"image":{"@id":"https:\/\/noticiasmercedinas.com\/site\/#\/schema\/logo\/image\/"},"sameAs":["https:\/\/www.facebook.com\/noticiasmercedinas\/","https:\/\/x.com\/notmercedinas","https:\/\/www.instagram.com\/noticiasmercedinas\/"]},{"@type":"Person","@id":"https:\/\/noticiasmercedinas.com\/site\/#\/schema\/person\/d481a9696a5feaec13a60e2bbd991a6a","name":"Cristian Falabella NOTICIASMERCEDINAS.COM","image":{"@type":"ImageObject","inLanguage":"es","@id":"https:\/\/secure.gravatar.com\/avatar\/0dbbfc45970cc46bcd0e57766228574ff3511d6eed045b182f536f0f478c1f06?s=96&d=mm&r=g","url":"https:\/\/secure.gravatar.com\/avatar\/0dbbfc45970cc46bcd0e57766228574ff3511d6eed045b182f536f0f478c1f06?s=96&d=mm&r=g","contentUrl":"https:\/\/secure.gravatar.com\/avatar\/0dbbfc45970cc46bcd0e57766228574ff3511d6eed045b182f536f0f478c1f06?s=96&d=mm&r=g","caption":"Cristian Falabella NOTICIASMERCEDINAS.COM"},"description":"Periodista, editor de Noticias Mercedinas. Pas\u00f3 por varias redacciones y emprendimientos de prensa, en distintos formatos y \u00e9pocas. Se especializ\u00f3 --y sigue haci\u00e9ndolo-- en comunicaci\u00f3n en la web y en junio de 2006 fund\u00f3 este diario digital.","sameAs":["https:\/\/noticiasmercedinas.com","https:\/\/www.facebook.com\/cristian.falabella","https:\/\/www.instagram.com\/noticiasmercedinas\/","https:\/\/x.com\/https:\/\/twitter.com\/NOTMERCEDINAS"],"url":"https:\/\/noticiasmercedinas.com\/site\/author\/as000384\/"}]}},"amp_enabled":true,"_links":{"self":[{"href":"https:\/\/noticiasmercedinas.com\/site\/wp-json\/wp\/v2\/posts\/78222","targetHints":{"allow":["GET"]}}],"collection":[{"href":"https:\/\/noticiasmercedinas.com\/site\/wp-json\/wp\/v2\/posts"}],"about":[{"href":"https:\/\/noticiasmercedinas.com\/site\/wp-json\/wp\/v2\/types\/post"}],"author":[{"embeddable":true,"href":"https:\/\/noticiasmercedinas.com\/site\/wp-json\/wp\/v2\/users\/2"}],"replies":[{"embeddable":true,"href":"https:\/\/noticiasmercedinas.com\/site\/wp-json\/wp\/v2\/comments?post=78222"}],"version-history":[{"count":2,"href":"https:\/\/noticiasmercedinas.com\/site\/wp-json\/wp\/v2\/posts\/78222\/revisions"}],"predecessor-version":[{"id":78252,"href":"https:\/\/noticiasmercedinas.com\/site\/wp-json\/wp\/v2\/posts\/78222\/revisions\/78252"}],"wp:featuredmedia":[{"embeddable":true,"href":"https:\/\/noticiasmercedinas.com\/site\/wp-json\/wp\/v2\/media\/78223"}],"wp:attachment":[{"href":"https:\/\/noticiasmercedinas.com\/site\/wp-json\/wp\/v2\/media?parent=78222"}],"wp:term":[{"taxonomy":"category","embeddable":true,"href":"https:\/\/noticiasmercedinas.com\/site\/wp-json\/wp\/v2\/categories?post=78222"},{"taxonomy":"post_tag","embeddable":true,"href":"https:\/\/noticiasmercedinas.com\/site\/wp-json\/wp\/v2\/tags?post=78222"}],"curies":[{"name":"wp","href":"https:\/\/api.w.org\/{rel}","templated":true}]}}