{"id":7831,"date":"2018-11-27T10:22:57","date_gmt":"2018-11-27T13:22:57","guid":{"rendered":"https:\/\/noticiasmercedinas.com\/site\/?p=7831"},"modified":"2018-11-27T10:22:57","modified_gmt":"2018-11-27T13:22:57","slug":"con-virginia-altube-y-amalia-guaragna-boleros-en-escuela-normal-este-sabado","status":"publish","type":"post","link":"https:\/\/noticiasmercedinas.com\/site\/2018\/11\/27\/con-virginia-altube-y-amalia-guaragna-boleros-en-escuela-normal-este-sabado\/","title":{"rendered":"Con Virginia Altube y Amalia Guaragna, \u201cBoleros\u201d en Escuela Normal, este s\u00e1bado"},"content":{"rendered":"<p><img loading=\"lazy\" decoding=\"async\" class=\"alignnone size-full wp-image-7832\" src=\"https:\/\/noticiasmercedinas.com\/site\/wp-content\/uploads\/2018\/11\/6c288c54-0bba-4005-9b19-df56bc26d062.jpg\" alt=\"\" width=\"399\" height=\"561\" srcset=\"https:\/\/noticiasmercedinas.com\/site\/wp-content\/uploads\/2018\/11\/6c288c54-0bba-4005-9b19-df56bc26d062.jpg 399w, https:\/\/noticiasmercedinas.com\/site\/wp-content\/uploads\/2018\/11\/6c288c54-0bba-4005-9b19-df56bc26d062-213x300.jpg 213w\" sizes=\"auto, (max-width: 399px) 100vw, 399px\" \/><\/p>\n<p>La cantante <strong>Virginia Altube<\/strong> y su par <strong>Amalia Guaragna<\/strong> dar\u00e1n un recital especial este fin de semana.<\/p>\n<p>A d\u00fao y con entrada libre y gratuita ambas mujeres presentar\u00e1n su espect\u00e1culo de boleros una vez m\u00e1s. En esta oportunidad ser\u00e1 en la Escuela Normal de Mercedes, presentadas por el Centro de ex Alumnos de esa instituci\u00f3n, el venidero s\u00e1bado 1 de diciembre a partir de las 20.30 horas.<\/p>\n<p>\u201cBoleros\u201d incluir\u00e1 a varios m\u00fasicos en escena, como son Dami\u00e1n Tessore en guitarra y bajo; Ezequiel Iglesias en teclado y guitarra, Juan L\u00f3pez Courtade en percusi\u00f3n y Javier Piatti en vientos.<\/p>\n<p>En el show Amalia Guaragna y Virginia Altube recorren con su canto, autores y compositores de distintos tiempos y estilos, pero todos los temas, por supuesto, tiene un denominador com\u00fan, esencia de este g\u00e9nero musical: el amor, sus ilusiones, sus desencantos, sus reclamos&#8230;<\/p>\n<p>La propuesta es pasar un buen momento, para recordar, imaginar, so\u00f1ar, compartiendo esta m\u00fasica, universal en su mensaje.<\/p>\n<p>El espect\u00e1culo musical ser\u00e1 en el sal\u00f3n de actos de la Escuela Normal, de avenida 29 n\u00famero 874, entre 26 y 38.<\/p>\n","protected":false},"excerpt":{"rendered":"<p>La cantante Virginia Altube y su par Amalia Guaragna dar\u00e1n un recital especial este fin de semana. A d\u00fao y con entrada libre y gratuita ambas mujeres presentar\u00e1n su espect\u00e1culo de boleros una vez m\u00e1s. En esta oportunidad ser\u00e1 en la Escuela Normal de Mercedes, presentadas por el Centro de ex Alumnos de esa instituci\u00f3n, [&hellip;]<\/p>\n","protected":false},"author":2,"featured_media":7832,"comment_status":"open","ping_status":"open","sticky":false,"template":"","format":"standard","meta":{"footnotes":""},"categories":[4],"tags":[2427,2429,1098,2428,164],"class_list":["post-7831","post","type-post","status-publish","format-standard","has-post-thumbnail","hentry","category-cultura","tag-amalia-guaragna","tag-boleros","tag-escuela-normal","tag-tanto","tag-virginia-altube"],"yoast_head":"<!-- This site is optimized with the Yoast SEO plugin v27.4 - https:\/\/yoast.com\/product\/yoast-seo-wordpress\/ -->\n<title>Con Virginia Altube y Amalia Guaragna, \u201cBoleros\u201d en Escuela Normal, este s\u00e1bado<\/title>\n<meta name=\"robots\" content=\"index, follow, max-snippet:-1, max-image-preview:large, max-video-preview:-1\" \/>\n<link rel=\"canonical\" href=\"https:\/\/noticiasmercedinas.com\/site\/2018\/11\/27\/con-virginia-altube-y-amalia-guaragna-boleros-en-escuela-normal-este-sabado\/\" \/>\n<meta property=\"og:locale\" content=\"es_ES\" \/>\n<meta property=\"og:type\" content=\"article\" \/>\n<meta property=\"og:title\" content=\"Con Virginia Altube y Amalia Guaragna, \u201cBoleros\u201d en Escuela Normal, este s\u00e1bado\" \/>\n<meta property=\"og:description\" content=\"La cantante Virginia Altube y su par Amalia Guaragna dar\u00e1n un recital especial este fin de semana. A d\u00fao y con entrada libre y gratuita ambas mujeres presentar\u00e1n su espect\u00e1culo de boleros una vez m\u00e1s. En esta oportunidad ser\u00e1 en la Escuela Normal de Mercedes, presentadas por el Centro de ex Alumnos de esa instituci\u00f3n, [&hellip;]\" \/>\n<meta property=\"og:url\" content=\"https:\/\/noticiasmercedinas.com\/site\/2018\/11\/27\/con-virginia-altube-y-amalia-guaragna-boleros-en-escuela-normal-este-sabado\/\" \/>\n<meta property=\"og:site_name\" content=\"NOTICIASMERCEDINAS.COM\" \/>\n<meta property=\"article:publisher\" content=\"https:\/\/www.facebook.com\/noticiasmercedinas\/\" \/>\n<meta property=\"article:author\" content=\"https:\/\/www.facebook.com\/cristian.falabella\" \/>\n<meta property=\"article:published_time\" content=\"2018-11-27T13:22:57+00:00\" \/>\n<meta property=\"og:image\" content=\"https:\/\/noticiasmercedinas.com\/site\/wp-content\/uploads\/2018\/11\/6c288c54-0bba-4005-9b19-df56bc26d062.jpg\" \/>\n\t<meta property=\"og:image:width\" content=\"399\" \/>\n\t<meta property=\"og:image:height\" content=\"561\" \/>\n\t<meta property=\"og:image:type\" content=\"image\/jpeg\" \/>\n<meta name=\"author\" content=\"Cristian Falabella NOTICIASMERCEDINAS.COM\" \/>\n<meta name=\"twitter:card\" content=\"summary_large_image\" \/>\n<meta name=\"twitter:creator\" content=\"@https:\/\/twitter.com\/NOTMERCEDINAS\" \/>\n<meta name=\"twitter:site\" content=\"@notmercedinas\" \/>\n<meta name=\"twitter:label1\" content=\"Escrito por\" \/>\n\t<meta name=\"twitter:data1\" content=\"Cristian Falabella NOTICIASMERCEDINAS.COM\" \/>\n\t<meta name=\"twitter:label2\" content=\"Tiempo de lectura\" \/>\n\t<meta name=\"twitter:data2\" content=\"1 minuto\" \/>\n<script type=\"application\/ld+json\" class=\"yoast-schema-graph\">{\"@context\":\"https:\\\/\\\/schema.org\",\"@graph\":[{\"@type\":\"Article\",\"@id\":\"https:\\\/\\\/noticiasmercedinas.com\\\/site\\\/2018\\\/11\\\/27\\\/con-virginia-altube-y-amalia-guaragna-boleros-en-escuela-normal-este-sabado\\\/#article\",\"isPartOf\":{\"@id\":\"https:\\\/\\\/noticiasmercedinas.com\\\/site\\\/2018\\\/11\\\/27\\\/con-virginia-altube-y-amalia-guaragna-boleros-en-escuela-normal-este-sabado\\\/\"},\"author\":{\"name\":\"Cristian Falabella NOTICIASMERCEDINAS.COM\",\"@id\":\"https:\\\/\\\/noticiasmercedinas.com\\\/site\\\/#\\\/schema\\\/person\\\/d481a9696a5feaec13a60e2bbd991a6a\"},\"headline\":\"Con Virginia Altube y Amalia Guaragna, \u201cBoleros\u201d en Escuela Normal, este s\u00e1bado\",\"datePublished\":\"2018-11-27T13:22:57+00:00\",\"mainEntityOfPage\":{\"@id\":\"https:\\\/\\\/noticiasmercedinas.com\\\/site\\\/2018\\\/11\\\/27\\\/con-virginia-altube-y-amalia-guaragna-boleros-en-escuela-normal-este-sabado\\\/\"},\"wordCount\":206,\"commentCount\":0,\"publisher\":{\"@id\":\"https:\\\/\\\/noticiasmercedinas.com\\\/site\\\/#organization\"},\"image\":{\"@id\":\"https:\\\/\\\/noticiasmercedinas.com\\\/site\\\/2018\\\/11\\\/27\\\/con-virginia-altube-y-amalia-guaragna-boleros-en-escuela-normal-este-sabado\\\/#primaryimage\"},\"thumbnailUrl\":\"https:\\\/\\\/noticiasmercedinas.com\\\/site\\\/wp-content\\\/uploads\\\/2018\\\/11\\\/6c288c54-0bba-4005-9b19-df56bc26d062.jpg\",\"keywords\":[\"Amalia Guaragna\",\"boleros\",\"escuela normal\",\"tanto\",\"virginia altube\"],\"articleSection\":[\"Cultura\"],\"inLanguage\":\"es\",\"potentialAction\":[{\"@type\":\"CommentAction\",\"name\":\"Comment\",\"target\":[\"https:\\\/\\\/noticiasmercedinas.com\\\/site\\\/2018\\\/11\\\/27\\\/con-virginia-altube-y-amalia-guaragna-boleros-en-escuela-normal-este-sabado\\\/#respond\"]}]},{\"@type\":\"WebPage\",\"@id\":\"https:\\\/\\\/noticiasmercedinas.com\\\/site\\\/2018\\\/11\\\/27\\\/con-virginia-altube-y-amalia-guaragna-boleros-en-escuela-normal-este-sabado\\\/\",\"url\":\"https:\\\/\\\/noticiasmercedinas.com\\\/site\\\/2018\\\/11\\\/27\\\/con-virginia-altube-y-amalia-guaragna-boleros-en-escuela-normal-este-sabado\\\/\",\"name\":\"Con Virginia Altube y Amalia Guaragna, \u201cBoleros\u201d en Escuela Normal, este s\u00e1bado\",\"isPartOf\":{\"@id\":\"https:\\\/\\\/noticiasmercedinas.com\\\/site\\\/#website\"},\"primaryImageOfPage\":{\"@id\":\"https:\\\/\\\/noticiasmercedinas.com\\\/site\\\/2018\\\/11\\\/27\\\/con-virginia-altube-y-amalia-guaragna-boleros-en-escuela-normal-este-sabado\\\/#primaryimage\"},\"image\":{\"@id\":\"https:\\\/\\\/noticiasmercedinas.com\\\/site\\\/2018\\\/11\\\/27\\\/con-virginia-altube-y-amalia-guaragna-boleros-en-escuela-normal-este-sabado\\\/#primaryimage\"},\"thumbnailUrl\":\"https:\\\/\\\/noticiasmercedinas.com\\\/site\\\/wp-content\\\/uploads\\\/2018\\\/11\\\/6c288c54-0bba-4005-9b19-df56bc26d062.jpg\",\"datePublished\":\"2018-11-27T13:22:57+00:00\",\"breadcrumb\":{\"@id\":\"https:\\\/\\\/noticiasmercedinas.com\\\/site\\\/2018\\\/11\\\/27\\\/con-virginia-altube-y-amalia-guaragna-boleros-en-escuela-normal-este-sabado\\\/#breadcrumb\"},\"inLanguage\":\"es\",\"potentialAction\":[{\"@type\":\"ReadAction\",\"target\":[\"https:\\\/\\\/noticiasmercedinas.com\\\/site\\\/2018\\\/11\\\/27\\\/con-virginia-altube-y-amalia-guaragna-boleros-en-escuela-normal-este-sabado\\\/\"]}]},{\"@type\":\"ImageObject\",\"inLanguage\":\"es\",\"@id\":\"https:\\\/\\\/noticiasmercedinas.com\\\/site\\\/2018\\\/11\\\/27\\\/con-virginia-altube-y-amalia-guaragna-boleros-en-escuela-normal-este-sabado\\\/#primaryimage\",\"url\":\"https:\\\/\\\/noticiasmercedinas.com\\\/site\\\/wp-content\\\/uploads\\\/2018\\\/11\\\/6c288c54-0bba-4005-9b19-df56bc26d062.jpg\",\"contentUrl\":\"https:\\\/\\\/noticiasmercedinas.com\\\/site\\\/wp-content\\\/uploads\\\/2018\\\/11\\\/6c288c54-0bba-4005-9b19-df56bc26d062.jpg\",\"width\":399,\"height\":561},{\"@type\":\"BreadcrumbList\",\"@id\":\"https:\\\/\\\/noticiasmercedinas.com\\\/site\\\/2018\\\/11\\\/27\\\/con-virginia-altube-y-amalia-guaragna-boleros-en-escuela-normal-este-sabado\\\/#breadcrumb\",\"itemListElement\":[{\"@type\":\"ListItem\",\"position\":1,\"name\":\"Portada\",\"item\":\"https:\\\/\\\/noticiasmercedinas.com\\\/site\\\/\"},{\"@type\":\"ListItem\",\"position\":2,\"name\":\"Con Virginia Altube y Amalia Guaragna, \u201cBoleros\u201d en Escuela Normal, este s\u00e1bado\"}]},{\"@type\":\"WebSite\",\"@id\":\"https:\\\/\\\/noticiasmercedinas.com\\\/site\\\/#website\",\"url\":\"https:\\\/\\\/noticiasmercedinas.com\\\/site\\\/\",\"name\":\"NOTICIASMERCEDINAS.COM\",\"description\":\"Mercedes, Buenos Aires, Argentina\",\"publisher\":{\"@id\":\"https:\\\/\\\/noticiasmercedinas.com\\\/site\\\/#organization\"},\"potentialAction\":[{\"@type\":\"SearchAction\",\"target\":{\"@type\":\"EntryPoint\",\"urlTemplate\":\"https:\\\/\\\/noticiasmercedinas.com\\\/site\\\/?s={search_term_string}\"},\"query-input\":{\"@type\":\"PropertyValueSpecification\",\"valueRequired\":true,\"valueName\":\"search_term_string\"}}],\"inLanguage\":\"es\"},{\"@type\":\"Organization\",\"@id\":\"https:\\\/\\\/noticiasmercedinas.com\\\/site\\\/#organization\",\"name\":\"NOTICIASMERCEDINAS.COM\",\"url\":\"https:\\\/\\\/noticiasmercedinas.com\\\/site\\\/\",\"logo\":{\"@type\":\"ImageObject\",\"inLanguage\":\"es\",\"@id\":\"https:\\\/\\\/noticiasmercedinas.com\\\/site\\\/#\\\/schema\\\/logo\\\/image\\\/\",\"url\":\"https:\\\/\\\/noticiasmercedinas.com\\\/site\\\/wp-content\\\/uploads\\\/2020\\\/06\\\/LOGO-512.jpg\",\"contentUrl\":\"https:\\\/\\\/noticiasmercedinas.com\\\/site\\\/wp-content\\\/uploads\\\/2020\\\/06\\\/LOGO-512.jpg\",\"width\":512,\"height\":512,\"caption\":\"NOTICIASMERCEDINAS.COM\"},\"image\":{\"@id\":\"https:\\\/\\\/noticiasmercedinas.com\\\/site\\\/#\\\/schema\\\/logo\\\/image\\\/\"},\"sameAs\":[\"https:\\\/\\\/www.facebook.com\\\/noticiasmercedinas\\\/\",\"https:\\\/\\\/x.com\\\/notmercedinas\",\"https:\\\/\\\/www.instagram.com\\\/noticiasmercedinas\\\/\"]},{\"@type\":\"Person\",\"@id\":\"https:\\\/\\\/noticiasmercedinas.com\\\/site\\\/#\\\/schema\\\/person\\\/d481a9696a5feaec13a60e2bbd991a6a\",\"name\":\"Cristian Falabella NOTICIASMERCEDINAS.COM\",\"image\":{\"@type\":\"ImageObject\",\"inLanguage\":\"es\",\"@id\":\"https:\\\/\\\/secure.gravatar.com\\\/avatar\\\/0dbbfc45970cc46bcd0e57766228574ff3511d6eed045b182f536f0f478c1f06?s=96&d=mm&r=g\",\"url\":\"https:\\\/\\\/secure.gravatar.com\\\/avatar\\\/0dbbfc45970cc46bcd0e57766228574ff3511d6eed045b182f536f0f478c1f06?s=96&d=mm&r=g\",\"contentUrl\":\"https:\\\/\\\/secure.gravatar.com\\\/avatar\\\/0dbbfc45970cc46bcd0e57766228574ff3511d6eed045b182f536f0f478c1f06?s=96&d=mm&r=g\",\"caption\":\"Cristian Falabella NOTICIASMERCEDINAS.COM\"},\"description\":\"Periodista, editor de Noticias Mercedinas. Pas\u00f3 por varias redacciones y emprendimientos de prensa, en distintos formatos y \u00e9pocas. Se especializ\u00f3 --y sigue haci\u00e9ndolo-- en comunicaci\u00f3n en la web y en junio de 2006 fund\u00f3 este diario digital.\",\"sameAs\":[\"https:\\\/\\\/noticiasmercedinas.com\",\"https:\\\/\\\/www.facebook.com\\\/cristian.falabella\",\"https:\\\/\\\/www.instagram.com\\\/noticiasmercedinas\\\/\",\"https:\\\/\\\/x.com\\\/https:\\\/\\\/twitter.com\\\/NOTMERCEDINAS\"],\"url\":\"https:\\\/\\\/noticiasmercedinas.com\\\/site\\\/author\\\/as000384\\\/\"}]}<\/script>\n<!-- \/ Yoast SEO plugin. -->","yoast_head_json":{"title":"Con Virginia Altube y Amalia Guaragna, \u201cBoleros\u201d en Escuela Normal, este s\u00e1bado","robots":{"index":"index","follow":"follow","max-snippet":"max-snippet:-1","max-image-preview":"max-image-preview:large","max-video-preview":"max-video-preview:-1"},"canonical":"https:\/\/noticiasmercedinas.com\/site\/2018\/11\/27\/con-virginia-altube-y-amalia-guaragna-boleros-en-escuela-normal-este-sabado\/","og_locale":"es_ES","og_type":"article","og_title":"Con Virginia Altube y Amalia Guaragna, \u201cBoleros\u201d en Escuela Normal, este s\u00e1bado","og_description":"La cantante Virginia Altube y su par Amalia Guaragna dar\u00e1n un recital especial este fin de semana. A d\u00fao y con entrada libre y gratuita ambas mujeres presentar\u00e1n su espect\u00e1culo de boleros una vez m\u00e1s. En esta oportunidad ser\u00e1 en la Escuela Normal de Mercedes, presentadas por el Centro de ex Alumnos de esa instituci\u00f3n, [&hellip;]","og_url":"https:\/\/noticiasmercedinas.com\/site\/2018\/11\/27\/con-virginia-altube-y-amalia-guaragna-boleros-en-escuela-normal-este-sabado\/","og_site_name":"NOTICIASMERCEDINAS.COM","article_publisher":"https:\/\/www.facebook.com\/noticiasmercedinas\/","article_author":"https:\/\/www.facebook.com\/cristian.falabella","article_published_time":"2018-11-27T13:22:57+00:00","og_image":[{"width":399,"height":561,"url":"https:\/\/noticiasmercedinas.com\/site\/wp-content\/uploads\/2018\/11\/6c288c54-0bba-4005-9b19-df56bc26d062.jpg","type":"image\/jpeg"}],"author":"Cristian Falabella NOTICIASMERCEDINAS.COM","twitter_card":"summary_large_image","twitter_creator":"@https:\/\/twitter.com\/NOTMERCEDINAS","twitter_site":"@notmercedinas","twitter_misc":{"Escrito por":"Cristian Falabella NOTICIASMERCEDINAS.COM","Tiempo de lectura":"1 minuto"},"schema":{"@context":"https:\/\/schema.org","@graph":[{"@type":"Article","@id":"https:\/\/noticiasmercedinas.com\/site\/2018\/11\/27\/con-virginia-altube-y-amalia-guaragna-boleros-en-escuela-normal-este-sabado\/#article","isPartOf":{"@id":"https:\/\/noticiasmercedinas.com\/site\/2018\/11\/27\/con-virginia-altube-y-amalia-guaragna-boleros-en-escuela-normal-este-sabado\/"},"author":{"name":"Cristian Falabella NOTICIASMERCEDINAS.COM","@id":"https:\/\/noticiasmercedinas.com\/site\/#\/schema\/person\/d481a9696a5feaec13a60e2bbd991a6a"},"headline":"Con Virginia Altube y Amalia Guaragna, \u201cBoleros\u201d en Escuela Normal, este s\u00e1bado","datePublished":"2018-11-27T13:22:57+00:00","mainEntityOfPage":{"@id":"https:\/\/noticiasmercedinas.com\/site\/2018\/11\/27\/con-virginia-altube-y-amalia-guaragna-boleros-en-escuela-normal-este-sabado\/"},"wordCount":206,"commentCount":0,"publisher":{"@id":"https:\/\/noticiasmercedinas.com\/site\/#organization"},"image":{"@id":"https:\/\/noticiasmercedinas.com\/site\/2018\/11\/27\/con-virginia-altube-y-amalia-guaragna-boleros-en-escuela-normal-este-sabado\/#primaryimage"},"thumbnailUrl":"https:\/\/noticiasmercedinas.com\/site\/wp-content\/uploads\/2018\/11\/6c288c54-0bba-4005-9b19-df56bc26d062.jpg","keywords":["Amalia Guaragna","boleros","escuela normal","tanto","virginia altube"],"articleSection":["Cultura"],"inLanguage":"es","potentialAction":[{"@type":"CommentAction","name":"Comment","target":["https:\/\/noticiasmercedinas.com\/site\/2018\/11\/27\/con-virginia-altube-y-amalia-guaragna-boleros-en-escuela-normal-este-sabado\/#respond"]}]},{"@type":"WebPage","@id":"https:\/\/noticiasmercedinas.com\/site\/2018\/11\/27\/con-virginia-altube-y-amalia-guaragna-boleros-en-escuela-normal-este-sabado\/","url":"https:\/\/noticiasmercedinas.com\/site\/2018\/11\/27\/con-virginia-altube-y-amalia-guaragna-boleros-en-escuela-normal-este-sabado\/","name":"Con Virginia Altube y Amalia Guaragna, \u201cBoleros\u201d en Escuela Normal, este s\u00e1bado","isPartOf":{"@id":"https:\/\/noticiasmercedinas.com\/site\/#website"},"primaryImageOfPage":{"@id":"https:\/\/noticiasmercedinas.com\/site\/2018\/11\/27\/con-virginia-altube-y-amalia-guaragna-boleros-en-escuela-normal-este-sabado\/#primaryimage"},"image":{"@id":"https:\/\/noticiasmercedinas.com\/site\/2018\/11\/27\/con-virginia-altube-y-amalia-guaragna-boleros-en-escuela-normal-este-sabado\/#primaryimage"},"thumbnailUrl":"https:\/\/noticiasmercedinas.com\/site\/wp-content\/uploads\/2018\/11\/6c288c54-0bba-4005-9b19-df56bc26d062.jpg","datePublished":"2018-11-27T13:22:57+00:00","breadcrumb":{"@id":"https:\/\/noticiasmercedinas.com\/site\/2018\/11\/27\/con-virginia-altube-y-amalia-guaragna-boleros-en-escuela-normal-este-sabado\/#breadcrumb"},"inLanguage":"es","potentialAction":[{"@type":"ReadAction","target":["https:\/\/noticiasmercedinas.com\/site\/2018\/11\/27\/con-virginia-altube-y-amalia-guaragna-boleros-en-escuela-normal-este-sabado\/"]}]},{"@type":"ImageObject","inLanguage":"es","@id":"https:\/\/noticiasmercedinas.com\/site\/2018\/11\/27\/con-virginia-altube-y-amalia-guaragna-boleros-en-escuela-normal-este-sabado\/#primaryimage","url":"https:\/\/noticiasmercedinas.com\/site\/wp-content\/uploads\/2018\/11\/6c288c54-0bba-4005-9b19-df56bc26d062.jpg","contentUrl":"https:\/\/noticiasmercedinas.com\/site\/wp-content\/uploads\/2018\/11\/6c288c54-0bba-4005-9b19-df56bc26d062.jpg","width":399,"height":561},{"@type":"BreadcrumbList","@id":"https:\/\/noticiasmercedinas.com\/site\/2018\/11\/27\/con-virginia-altube-y-amalia-guaragna-boleros-en-escuela-normal-este-sabado\/#breadcrumb","itemListElement":[{"@type":"ListItem","position":1,"name":"Portada","item":"https:\/\/noticiasmercedinas.com\/site\/"},{"@type":"ListItem","position":2,"name":"Con Virginia Altube y Amalia Guaragna, \u201cBoleros\u201d en Escuela Normal, este s\u00e1bado"}]},{"@type":"WebSite","@id":"https:\/\/noticiasmercedinas.com\/site\/#website","url":"https:\/\/noticiasmercedinas.com\/site\/","name":"NOTICIASMERCEDINAS.COM","description":"Mercedes, Buenos Aires, Argentina","publisher":{"@id":"https:\/\/noticiasmercedinas.com\/site\/#organization"},"potentialAction":[{"@type":"SearchAction","target":{"@type":"EntryPoint","urlTemplate":"https:\/\/noticiasmercedinas.com\/site\/?s={search_term_string}"},"query-input":{"@type":"PropertyValueSpecification","valueRequired":true,"valueName":"search_term_string"}}],"inLanguage":"es"},{"@type":"Organization","@id":"https:\/\/noticiasmercedinas.com\/site\/#organization","name":"NOTICIASMERCEDINAS.COM","url":"https:\/\/noticiasmercedinas.com\/site\/","logo":{"@type":"ImageObject","inLanguage":"es","@id":"https:\/\/noticiasmercedinas.com\/site\/#\/schema\/logo\/image\/","url":"https:\/\/noticiasmercedinas.com\/site\/wp-content\/uploads\/2020\/06\/LOGO-512.jpg","contentUrl":"https:\/\/noticiasmercedinas.com\/site\/wp-content\/uploads\/2020\/06\/LOGO-512.jpg","width":512,"height":512,"caption":"NOTICIASMERCEDINAS.COM"},"image":{"@id":"https:\/\/noticiasmercedinas.com\/site\/#\/schema\/logo\/image\/"},"sameAs":["https:\/\/www.facebook.com\/noticiasmercedinas\/","https:\/\/x.com\/notmercedinas","https:\/\/www.instagram.com\/noticiasmercedinas\/"]},{"@type":"Person","@id":"https:\/\/noticiasmercedinas.com\/site\/#\/schema\/person\/d481a9696a5feaec13a60e2bbd991a6a","name":"Cristian Falabella NOTICIASMERCEDINAS.COM","image":{"@type":"ImageObject","inLanguage":"es","@id":"https:\/\/secure.gravatar.com\/avatar\/0dbbfc45970cc46bcd0e57766228574ff3511d6eed045b182f536f0f478c1f06?s=96&d=mm&r=g","url":"https:\/\/secure.gravatar.com\/avatar\/0dbbfc45970cc46bcd0e57766228574ff3511d6eed045b182f536f0f478c1f06?s=96&d=mm&r=g","contentUrl":"https:\/\/secure.gravatar.com\/avatar\/0dbbfc45970cc46bcd0e57766228574ff3511d6eed045b182f536f0f478c1f06?s=96&d=mm&r=g","caption":"Cristian Falabella NOTICIASMERCEDINAS.COM"},"description":"Periodista, editor de Noticias Mercedinas. Pas\u00f3 por varias redacciones y emprendimientos de prensa, en distintos formatos y \u00e9pocas. Se especializ\u00f3 --y sigue haci\u00e9ndolo-- en comunicaci\u00f3n en la web y en junio de 2006 fund\u00f3 este diario digital.","sameAs":["https:\/\/noticiasmercedinas.com","https:\/\/www.facebook.com\/cristian.falabella","https:\/\/www.instagram.com\/noticiasmercedinas\/","https:\/\/x.com\/https:\/\/twitter.com\/NOTMERCEDINAS"],"url":"https:\/\/noticiasmercedinas.com\/site\/author\/as000384\/"}]}},"amp_enabled":true,"_links":{"self":[{"href":"https:\/\/noticiasmercedinas.com\/site\/wp-json\/wp\/v2\/posts\/7831","targetHints":{"allow":["GET"]}}],"collection":[{"href":"https:\/\/noticiasmercedinas.com\/site\/wp-json\/wp\/v2\/posts"}],"about":[{"href":"https:\/\/noticiasmercedinas.com\/site\/wp-json\/wp\/v2\/types\/post"}],"author":[{"embeddable":true,"href":"https:\/\/noticiasmercedinas.com\/site\/wp-json\/wp\/v2\/users\/2"}],"replies":[{"embeddable":true,"href":"https:\/\/noticiasmercedinas.com\/site\/wp-json\/wp\/v2\/comments?post=7831"}],"version-history":[{"count":1,"href":"https:\/\/noticiasmercedinas.com\/site\/wp-json\/wp\/v2\/posts\/7831\/revisions"}],"predecessor-version":[{"id":7833,"href":"https:\/\/noticiasmercedinas.com\/site\/wp-json\/wp\/v2\/posts\/7831\/revisions\/7833"}],"wp:featuredmedia":[{"embeddable":true,"href":"https:\/\/noticiasmercedinas.com\/site\/wp-json\/wp\/v2\/media\/7832"}],"wp:attachment":[{"href":"https:\/\/noticiasmercedinas.com\/site\/wp-json\/wp\/v2\/media?parent=7831"}],"wp:term":[{"taxonomy":"category","embeddable":true,"href":"https:\/\/noticiasmercedinas.com\/site\/wp-json\/wp\/v2\/categories?post=7831"},{"taxonomy":"post_tag","embeddable":true,"href":"https:\/\/noticiasmercedinas.com\/site\/wp-json\/wp\/v2\/tags?post=7831"}],"curies":[{"name":"wp","href":"https:\/\/api.w.org\/{rel}","templated":true}]}}