{"id":78474,"date":"2021-11-01T16:51:46","date_gmt":"2021-11-01T19:51:46","guid":{"rendered":"https:\/\/noticiasmercedinas.com\/site\/?p=78474"},"modified":"2021-11-01T16:51:46","modified_gmt":"2021-11-01T19:51:46","slug":"waldo-wolff-llego-a-la-ciudad-para-apoyar-a-los-candidatos-de-juntos","status":"publish","type":"post","link":"https:\/\/noticiasmercedinas.com\/site\/2021\/11\/01\/waldo-wolff-llego-a-la-ciudad-para-apoyar-a-los-candidatos-de-juntos\/","title":{"rendered":"Waldo Wolff lleg\u00f3 a la ciudad para apoyar a los candidatos de Juntos"},"content":{"rendered":"<p><img loading=\"lazy\" decoding=\"async\" class=\"alignnone size-full wp-image-78475\" src=\"https:\/\/noticiasmercedinas.com\/site\/wp-content\/uploads\/2021\/11\/waldo1.jpg\" alt=\"\" width=\"640\" height=\"511\" srcset=\"https:\/\/noticiasmercedinas.com\/site\/wp-content\/uploads\/2021\/11\/waldo1.jpg 640w, https:\/\/noticiasmercedinas.com\/site\/wp-content\/uploads\/2021\/11\/waldo1-300x240.jpg 300w\" sizes=\"auto, (max-width: 640px) 100vw, 640px\" \/><\/p>\n<p><strong>Waldo Wolff<\/strong> lleg\u00f3 a la ciudad de Mercedes, el pasado s\u00e1bado, para acompa\u00f1ar y apoyar a los candidatos del Frente Juntos que ir\u00e1n por la revalidaci\u00f3n de la mayor\u00eda de votos obtenidos en las elecciones PASO.<\/p>\n<p>El 14 de noviembre ser\u00e1n las elecciones generales y en Mercedes se juega una carta importante, dado que el Frente Juntos busca el equilibrio de fuerzas tras haber logrado una gran elecci\u00f3n en las primarias.<\/p>\n<p>En este sentido, son varios los candidatos y referentes de ese espacio que llegan a la ciudad para dar apoyo a la lista encabezada por Evangelina Cabral, quien a su vez es blanco de cr\u00edticas desde las fuerzas contrarias con las que intentan desestabilizarla y desprestigiarla ante la opini\u00f3n p\u00fablica.<\/p>\n<p>Este s\u00e1bado fue Waldo Wolff quien lleg\u00f3 a la ciudad. Pasadas las 11 el diputado nacional arrib\u00f3 a la ciudad y se reuni\u00f3 con los principales candidatos. \u201cGracias Waldo Wolff por el apoyo\u201d, indicaron desde Juntos Mercedes.<\/p>\n<p>\u201cSiempre nos van a ver trabajando para que Argentina salga adelante con trabajo, con educaci\u00f3n, con seguridad. Este 14 de noviembre dig\u00e1mosle basta a la improvisaci\u00f3n, a la impunidad y a los privilegios de algunos. Empecemos a transformar a Argentina en el pa\u00eds que queremos\u201d, expresaron.<\/p>\n<p>Waldo Ezequiel Wolff es un licenciado en administraci\u00f3n de empresas y pol\u00edtico argentino. Desde 2015 ocupa una banca como diputado nacional por la provincia de Buenos Aires por Cambiemos. Y sigue adelante ya que fue reelecto en 2019.<\/p>\n<p><strong>M\u00e1s visitas<\/strong><br \/>\nPara estos pr\u00f3ximos d\u00edas las visitas que se esperan en Mercedes son las de Lilita Carri\u00f3 , Diego \u00abColo\u00bb Santilli, Facundo Manes y Graciela Oca\u00f1a. Adem\u00e1s la ministra Soledad Acu\u00f1a tambi\u00e9n estar\u00e1 llegando esta semana.<\/p>\n<p><img loading=\"lazy\" decoding=\"async\" class=\"alignnone size-full wp-image-78476\" src=\"https:\/\/noticiasmercedinas.com\/site\/wp-content\/uploads\/2021\/11\/waldo.jpg\" alt=\"\" width=\"640\" height=\"535\" srcset=\"https:\/\/noticiasmercedinas.com\/site\/wp-content\/uploads\/2021\/11\/waldo.jpg 640w, https:\/\/noticiasmercedinas.com\/site\/wp-content\/uploads\/2021\/11\/waldo-300x251.jpg 300w\" sizes=\"auto, (max-width: 640px) 100vw, 640px\" \/><\/p>\n","protected":false},"excerpt":{"rendered":"<p>\u25a0 El diputado nacional de Cambiemos con mandato hasta 2023 estuvo en la ciudad para dar su aval a la lista encabezada por Evangelina Cabral, de cara a las elecciones generales.<\/p>\n","protected":false},"author":16,"featured_media":78475,"comment_status":"open","ping_status":"open","sticky":false,"template":"","format":"standard","meta":{"footnotes":""},"categories":[16],"tags":[115,517,12447,2765],"class_list":["post-78474","post","type-post","status-publish","format-standard","has-post-thumbnail","hentry","category-politica","tag-elecciones","tag-evangelina-cabral","tag-juntos","tag-waldo-wolff"],"yoast_head":"<!-- This site is optimized with the Yoast SEO plugin v27.4 - https:\/\/yoast.com\/product\/yoast-seo-wordpress\/ -->\n<title>Waldo Wolff lleg\u00f3 a la ciudad para apoyar a los candidatos de Juntos<\/title>\n<meta name=\"robots\" content=\"index, follow, max-snippet:-1, max-image-preview:large, max-video-preview:-1\" \/>\n<link rel=\"canonical\" href=\"https:\/\/noticiasmercedinas.com\/site\/2021\/11\/01\/waldo-wolff-llego-a-la-ciudad-para-apoyar-a-los-candidatos-de-juntos\/\" \/>\n<meta property=\"og:locale\" content=\"es_ES\" \/>\n<meta property=\"og:type\" content=\"article\" \/>\n<meta property=\"og:title\" content=\"Waldo Wolff lleg\u00f3 a la ciudad para apoyar a los candidatos de Juntos\" \/>\n<meta property=\"og:description\" content=\"\u25a0 El diputado nacional de Cambiemos con mandato hasta 2023 estuvo en la ciudad para dar su aval a la lista encabezada por Evangelina Cabral, de cara a las elecciones generales.\" \/>\n<meta property=\"og:url\" content=\"https:\/\/noticiasmercedinas.com\/site\/2021\/11\/01\/waldo-wolff-llego-a-la-ciudad-para-apoyar-a-los-candidatos-de-juntos\/\" \/>\n<meta property=\"og:site_name\" content=\"NOTICIASMERCEDINAS.COM\" \/>\n<meta property=\"article:publisher\" content=\"https:\/\/www.facebook.com\/noticiasmercedinas\/\" \/>\n<meta property=\"article:published_time\" content=\"2021-11-01T19:51:46+00:00\" \/>\n<meta property=\"og:image\" content=\"https:\/\/noticiasmercedinas.com\/site\/wp-content\/uploads\/2021\/11\/waldo1.jpg\" \/>\n\t<meta property=\"og:image:width\" content=\"640\" \/>\n\t<meta property=\"og:image:height\" content=\"511\" \/>\n\t<meta property=\"og:image:type\" content=\"image\/jpeg\" \/>\n<meta name=\"author\" content=\"NOTICIASMERCEDINAS.COM\" \/>\n<meta name=\"twitter:card\" content=\"summary_large_image\" \/>\n<meta name=\"twitter:creator\" content=\"@notmercedinas\" \/>\n<meta name=\"twitter:site\" content=\"@notmercedinas\" \/>\n<meta name=\"twitter:label1\" content=\"Escrito por\" \/>\n\t<meta name=\"twitter:data1\" content=\"NOTICIASMERCEDINAS.COM\" \/>\n\t<meta name=\"twitter:label2\" content=\"Tiempo de lectura\" \/>\n\t<meta name=\"twitter:data2\" content=\"2 minutos\" \/>\n<script type=\"application\/ld+json\" class=\"yoast-schema-graph\">{\"@context\":\"https:\\\/\\\/schema.org\",\"@graph\":[{\"@type\":\"Article\",\"@id\":\"https:\\\/\\\/noticiasmercedinas.com\\\/site\\\/2021\\\/11\\\/01\\\/waldo-wolff-llego-a-la-ciudad-para-apoyar-a-los-candidatos-de-juntos\\\/#article\",\"isPartOf\":{\"@id\":\"https:\\\/\\\/noticiasmercedinas.com\\\/site\\\/2021\\\/11\\\/01\\\/waldo-wolff-llego-a-la-ciudad-para-apoyar-a-los-candidatos-de-juntos\\\/\"},\"author\":{\"name\":\"NOTICIASMERCEDINAS.COM\",\"@id\":\"https:\\\/\\\/noticiasmercedinas.com\\\/site\\\/#\\\/schema\\\/person\\\/84b59c099c28ff2e8b77d4ceec5d8063\"},\"headline\":\"Waldo Wolff lleg\u00f3 a la ciudad para apoyar a los candidatos de Juntos\",\"datePublished\":\"2021-11-01T19:51:46+00:00\",\"mainEntityOfPage\":{\"@id\":\"https:\\\/\\\/noticiasmercedinas.com\\\/site\\\/2021\\\/11\\\/01\\\/waldo-wolff-llego-a-la-ciudad-para-apoyar-a-los-candidatos-de-juntos\\\/\"},\"wordCount\":310,\"commentCount\":0,\"publisher\":{\"@id\":\"https:\\\/\\\/noticiasmercedinas.com\\\/site\\\/#organization\"},\"image\":{\"@id\":\"https:\\\/\\\/noticiasmercedinas.com\\\/site\\\/2021\\\/11\\\/01\\\/waldo-wolff-llego-a-la-ciudad-para-apoyar-a-los-candidatos-de-juntos\\\/#primaryimage\"},\"thumbnailUrl\":\"https:\\\/\\\/noticiasmercedinas.com\\\/site\\\/wp-content\\\/uploads\\\/2021\\\/11\\\/waldo1.jpg\",\"keywords\":[\"elecciones\",\"evangelina cabral\",\"Juntos\",\"Waldo Wolff\"],\"articleSection\":[\"Politica\"],\"inLanguage\":\"es\",\"potentialAction\":[{\"@type\":\"CommentAction\",\"name\":\"Comment\",\"target\":[\"https:\\\/\\\/noticiasmercedinas.com\\\/site\\\/2021\\\/11\\\/01\\\/waldo-wolff-llego-a-la-ciudad-para-apoyar-a-los-candidatos-de-juntos\\\/#respond\"]}]},{\"@type\":\"WebPage\",\"@id\":\"https:\\\/\\\/noticiasmercedinas.com\\\/site\\\/2021\\\/11\\\/01\\\/waldo-wolff-llego-a-la-ciudad-para-apoyar-a-los-candidatos-de-juntos\\\/\",\"url\":\"https:\\\/\\\/noticiasmercedinas.com\\\/site\\\/2021\\\/11\\\/01\\\/waldo-wolff-llego-a-la-ciudad-para-apoyar-a-los-candidatos-de-juntos\\\/\",\"name\":\"Waldo Wolff lleg\u00f3 a la ciudad para apoyar a los candidatos de Juntos\",\"isPartOf\":{\"@id\":\"https:\\\/\\\/noticiasmercedinas.com\\\/site\\\/#website\"},\"primaryImageOfPage\":{\"@id\":\"https:\\\/\\\/noticiasmercedinas.com\\\/site\\\/2021\\\/11\\\/01\\\/waldo-wolff-llego-a-la-ciudad-para-apoyar-a-los-candidatos-de-juntos\\\/#primaryimage\"},\"image\":{\"@id\":\"https:\\\/\\\/noticiasmercedinas.com\\\/site\\\/2021\\\/11\\\/01\\\/waldo-wolff-llego-a-la-ciudad-para-apoyar-a-los-candidatos-de-juntos\\\/#primaryimage\"},\"thumbnailUrl\":\"https:\\\/\\\/noticiasmercedinas.com\\\/site\\\/wp-content\\\/uploads\\\/2021\\\/11\\\/waldo1.jpg\",\"datePublished\":\"2021-11-01T19:51:46+00:00\",\"breadcrumb\":{\"@id\":\"https:\\\/\\\/noticiasmercedinas.com\\\/site\\\/2021\\\/11\\\/01\\\/waldo-wolff-llego-a-la-ciudad-para-apoyar-a-los-candidatos-de-juntos\\\/#breadcrumb\"},\"inLanguage\":\"es\",\"potentialAction\":[{\"@type\":\"ReadAction\",\"target\":[\"https:\\\/\\\/noticiasmercedinas.com\\\/site\\\/2021\\\/11\\\/01\\\/waldo-wolff-llego-a-la-ciudad-para-apoyar-a-los-candidatos-de-juntos\\\/\"]}]},{\"@type\":\"ImageObject\",\"inLanguage\":\"es\",\"@id\":\"https:\\\/\\\/noticiasmercedinas.com\\\/site\\\/2021\\\/11\\\/01\\\/waldo-wolff-llego-a-la-ciudad-para-apoyar-a-los-candidatos-de-juntos\\\/#primaryimage\",\"url\":\"https:\\\/\\\/noticiasmercedinas.com\\\/site\\\/wp-content\\\/uploads\\\/2021\\\/11\\\/waldo1.jpg\",\"contentUrl\":\"https:\\\/\\\/noticiasmercedinas.com\\\/site\\\/wp-content\\\/uploads\\\/2021\\\/11\\\/waldo1.jpg\",\"width\":640,\"height\":511},{\"@type\":\"BreadcrumbList\",\"@id\":\"https:\\\/\\\/noticiasmercedinas.com\\\/site\\\/2021\\\/11\\\/01\\\/waldo-wolff-llego-a-la-ciudad-para-apoyar-a-los-candidatos-de-juntos\\\/#breadcrumb\",\"itemListElement\":[{\"@type\":\"ListItem\",\"position\":1,\"name\":\"Portada\",\"item\":\"https:\\\/\\\/noticiasmercedinas.com\\\/site\\\/\"},{\"@type\":\"ListItem\",\"position\":2,\"name\":\"Waldo Wolff lleg\u00f3 a la ciudad para apoyar a los candidatos de Juntos\"}]},{\"@type\":\"WebSite\",\"@id\":\"https:\\\/\\\/noticiasmercedinas.com\\\/site\\\/#website\",\"url\":\"https:\\\/\\\/noticiasmercedinas.com\\\/site\\\/\",\"name\":\"NOTICIASMERCEDINAS.COM\",\"description\":\"Mercedes, Buenos Aires, Argentina\",\"publisher\":{\"@id\":\"https:\\\/\\\/noticiasmercedinas.com\\\/site\\\/#organization\"},\"potentialAction\":[{\"@type\":\"SearchAction\",\"target\":{\"@type\":\"EntryPoint\",\"urlTemplate\":\"https:\\\/\\\/noticiasmercedinas.com\\\/site\\\/?s={search_term_string}\"},\"query-input\":{\"@type\":\"PropertyValueSpecification\",\"valueRequired\":true,\"valueName\":\"search_term_string\"}}],\"inLanguage\":\"es\"},{\"@type\":\"Organization\",\"@id\":\"https:\\\/\\\/noticiasmercedinas.com\\\/site\\\/#organization\",\"name\":\"NOTICIASMERCEDINAS.COM\",\"url\":\"https:\\\/\\\/noticiasmercedinas.com\\\/site\\\/\",\"logo\":{\"@type\":\"ImageObject\",\"inLanguage\":\"es\",\"@id\":\"https:\\\/\\\/noticiasmercedinas.com\\\/site\\\/#\\\/schema\\\/logo\\\/image\\\/\",\"url\":\"https:\\\/\\\/noticiasmercedinas.com\\\/site\\\/wp-content\\\/uploads\\\/2020\\\/06\\\/LOGO-512.jpg\",\"contentUrl\":\"https:\\\/\\\/noticiasmercedinas.com\\\/site\\\/wp-content\\\/uploads\\\/2020\\\/06\\\/LOGO-512.jpg\",\"width\":512,\"height\":512,\"caption\":\"NOTICIASMERCEDINAS.COM\"},\"image\":{\"@id\":\"https:\\\/\\\/noticiasmercedinas.com\\\/site\\\/#\\\/schema\\\/logo\\\/image\\\/\"},\"sameAs\":[\"https:\\\/\\\/www.facebook.com\\\/noticiasmercedinas\\\/\",\"https:\\\/\\\/x.com\\\/notmercedinas\",\"https:\\\/\\\/www.instagram.com\\\/noticiasmercedinas\\\/\"]},{\"@type\":\"Person\",\"@id\":\"https:\\\/\\\/noticiasmercedinas.com\\\/site\\\/#\\\/schema\\\/person\\\/84b59c099c28ff2e8b77d4ceec5d8063\",\"name\":\"NOTICIASMERCEDINAS.COM\",\"image\":{\"@type\":\"ImageObject\",\"inLanguage\":\"es\",\"@id\":\"https:\\\/\\\/secure.gravatar.com\\\/avatar\\\/4dfbf16b4d17945bfb6341b2d19043457132fcf478a5ee04f42e959fd8f5df0a?s=96&d=mm&r=g\",\"url\":\"https:\\\/\\\/secure.gravatar.com\\\/avatar\\\/4dfbf16b4d17945bfb6341b2d19043457132fcf478a5ee04f42e959fd8f5df0a?s=96&d=mm&r=g\",\"contentUrl\":\"https:\\\/\\\/secure.gravatar.com\\\/avatar\\\/4dfbf16b4d17945bfb6341b2d19043457132fcf478a5ee04f42e959fd8f5df0a?s=96&d=mm&r=g\",\"caption\":\"NOTICIASMERCEDINAS.COM\"},\"url\":\"https:\\\/\\\/noticiasmercedinas.com\\\/site\\\/author\\\/anonimo\\\/\"}]}<\/script>\n<!-- \/ Yoast SEO plugin. -->","yoast_head_json":{"title":"Waldo Wolff lleg\u00f3 a la ciudad para apoyar a los candidatos de Juntos","robots":{"index":"index","follow":"follow","max-snippet":"max-snippet:-1","max-image-preview":"max-image-preview:large","max-video-preview":"max-video-preview:-1"},"canonical":"https:\/\/noticiasmercedinas.com\/site\/2021\/11\/01\/waldo-wolff-llego-a-la-ciudad-para-apoyar-a-los-candidatos-de-juntos\/","og_locale":"es_ES","og_type":"article","og_title":"Waldo Wolff lleg\u00f3 a la ciudad para apoyar a los candidatos de Juntos","og_description":"\u25a0 El diputado nacional de Cambiemos con mandato hasta 2023 estuvo en la ciudad para dar su aval a la lista encabezada por Evangelina Cabral, de cara a las elecciones generales.","og_url":"https:\/\/noticiasmercedinas.com\/site\/2021\/11\/01\/waldo-wolff-llego-a-la-ciudad-para-apoyar-a-los-candidatos-de-juntos\/","og_site_name":"NOTICIASMERCEDINAS.COM","article_publisher":"https:\/\/www.facebook.com\/noticiasmercedinas\/","article_published_time":"2021-11-01T19:51:46+00:00","og_image":[{"width":640,"height":511,"url":"https:\/\/noticiasmercedinas.com\/site\/wp-content\/uploads\/2021\/11\/waldo1.jpg","type":"image\/jpeg"}],"author":"NOTICIASMERCEDINAS.COM","twitter_card":"summary_large_image","twitter_creator":"@notmercedinas","twitter_site":"@notmercedinas","twitter_misc":{"Escrito por":"NOTICIASMERCEDINAS.COM","Tiempo de lectura":"2 minutos"},"schema":{"@context":"https:\/\/schema.org","@graph":[{"@type":"Article","@id":"https:\/\/noticiasmercedinas.com\/site\/2021\/11\/01\/waldo-wolff-llego-a-la-ciudad-para-apoyar-a-los-candidatos-de-juntos\/#article","isPartOf":{"@id":"https:\/\/noticiasmercedinas.com\/site\/2021\/11\/01\/waldo-wolff-llego-a-la-ciudad-para-apoyar-a-los-candidatos-de-juntos\/"},"author":{"name":"NOTICIASMERCEDINAS.COM","@id":"https:\/\/noticiasmercedinas.com\/site\/#\/schema\/person\/84b59c099c28ff2e8b77d4ceec5d8063"},"headline":"Waldo Wolff lleg\u00f3 a la ciudad para apoyar a los candidatos de Juntos","datePublished":"2021-11-01T19:51:46+00:00","mainEntityOfPage":{"@id":"https:\/\/noticiasmercedinas.com\/site\/2021\/11\/01\/waldo-wolff-llego-a-la-ciudad-para-apoyar-a-los-candidatos-de-juntos\/"},"wordCount":310,"commentCount":0,"publisher":{"@id":"https:\/\/noticiasmercedinas.com\/site\/#organization"},"image":{"@id":"https:\/\/noticiasmercedinas.com\/site\/2021\/11\/01\/waldo-wolff-llego-a-la-ciudad-para-apoyar-a-los-candidatos-de-juntos\/#primaryimage"},"thumbnailUrl":"https:\/\/noticiasmercedinas.com\/site\/wp-content\/uploads\/2021\/11\/waldo1.jpg","keywords":["elecciones","evangelina cabral","Juntos","Waldo Wolff"],"articleSection":["Politica"],"inLanguage":"es","potentialAction":[{"@type":"CommentAction","name":"Comment","target":["https:\/\/noticiasmercedinas.com\/site\/2021\/11\/01\/waldo-wolff-llego-a-la-ciudad-para-apoyar-a-los-candidatos-de-juntos\/#respond"]}]},{"@type":"WebPage","@id":"https:\/\/noticiasmercedinas.com\/site\/2021\/11\/01\/waldo-wolff-llego-a-la-ciudad-para-apoyar-a-los-candidatos-de-juntos\/","url":"https:\/\/noticiasmercedinas.com\/site\/2021\/11\/01\/waldo-wolff-llego-a-la-ciudad-para-apoyar-a-los-candidatos-de-juntos\/","name":"Waldo Wolff lleg\u00f3 a la ciudad para apoyar a los candidatos de Juntos","isPartOf":{"@id":"https:\/\/noticiasmercedinas.com\/site\/#website"},"primaryImageOfPage":{"@id":"https:\/\/noticiasmercedinas.com\/site\/2021\/11\/01\/waldo-wolff-llego-a-la-ciudad-para-apoyar-a-los-candidatos-de-juntos\/#primaryimage"},"image":{"@id":"https:\/\/noticiasmercedinas.com\/site\/2021\/11\/01\/waldo-wolff-llego-a-la-ciudad-para-apoyar-a-los-candidatos-de-juntos\/#primaryimage"},"thumbnailUrl":"https:\/\/noticiasmercedinas.com\/site\/wp-content\/uploads\/2021\/11\/waldo1.jpg","datePublished":"2021-11-01T19:51:46+00:00","breadcrumb":{"@id":"https:\/\/noticiasmercedinas.com\/site\/2021\/11\/01\/waldo-wolff-llego-a-la-ciudad-para-apoyar-a-los-candidatos-de-juntos\/#breadcrumb"},"inLanguage":"es","potentialAction":[{"@type":"ReadAction","target":["https:\/\/noticiasmercedinas.com\/site\/2021\/11\/01\/waldo-wolff-llego-a-la-ciudad-para-apoyar-a-los-candidatos-de-juntos\/"]}]},{"@type":"ImageObject","inLanguage":"es","@id":"https:\/\/noticiasmercedinas.com\/site\/2021\/11\/01\/waldo-wolff-llego-a-la-ciudad-para-apoyar-a-los-candidatos-de-juntos\/#primaryimage","url":"https:\/\/noticiasmercedinas.com\/site\/wp-content\/uploads\/2021\/11\/waldo1.jpg","contentUrl":"https:\/\/noticiasmercedinas.com\/site\/wp-content\/uploads\/2021\/11\/waldo1.jpg","width":640,"height":511},{"@type":"BreadcrumbList","@id":"https:\/\/noticiasmercedinas.com\/site\/2021\/11\/01\/waldo-wolff-llego-a-la-ciudad-para-apoyar-a-los-candidatos-de-juntos\/#breadcrumb","itemListElement":[{"@type":"ListItem","position":1,"name":"Portada","item":"https:\/\/noticiasmercedinas.com\/site\/"},{"@type":"ListItem","position":2,"name":"Waldo Wolff lleg\u00f3 a la ciudad para apoyar a los candidatos de Juntos"}]},{"@type":"WebSite","@id":"https:\/\/noticiasmercedinas.com\/site\/#website","url":"https:\/\/noticiasmercedinas.com\/site\/","name":"NOTICIASMERCEDINAS.COM","description":"Mercedes, Buenos Aires, Argentina","publisher":{"@id":"https:\/\/noticiasmercedinas.com\/site\/#organization"},"potentialAction":[{"@type":"SearchAction","target":{"@type":"EntryPoint","urlTemplate":"https:\/\/noticiasmercedinas.com\/site\/?s={search_term_string}"},"query-input":{"@type":"PropertyValueSpecification","valueRequired":true,"valueName":"search_term_string"}}],"inLanguage":"es"},{"@type":"Organization","@id":"https:\/\/noticiasmercedinas.com\/site\/#organization","name":"NOTICIASMERCEDINAS.COM","url":"https:\/\/noticiasmercedinas.com\/site\/","logo":{"@type":"ImageObject","inLanguage":"es","@id":"https:\/\/noticiasmercedinas.com\/site\/#\/schema\/logo\/image\/","url":"https:\/\/noticiasmercedinas.com\/site\/wp-content\/uploads\/2020\/06\/LOGO-512.jpg","contentUrl":"https:\/\/noticiasmercedinas.com\/site\/wp-content\/uploads\/2020\/06\/LOGO-512.jpg","width":512,"height":512,"caption":"NOTICIASMERCEDINAS.COM"},"image":{"@id":"https:\/\/noticiasmercedinas.com\/site\/#\/schema\/logo\/image\/"},"sameAs":["https:\/\/www.facebook.com\/noticiasmercedinas\/","https:\/\/x.com\/notmercedinas","https:\/\/www.instagram.com\/noticiasmercedinas\/"]},{"@type":"Person","@id":"https:\/\/noticiasmercedinas.com\/site\/#\/schema\/person\/84b59c099c28ff2e8b77d4ceec5d8063","name":"NOTICIASMERCEDINAS.COM","image":{"@type":"ImageObject","inLanguage":"es","@id":"https:\/\/secure.gravatar.com\/avatar\/4dfbf16b4d17945bfb6341b2d19043457132fcf478a5ee04f42e959fd8f5df0a?s=96&d=mm&r=g","url":"https:\/\/secure.gravatar.com\/avatar\/4dfbf16b4d17945bfb6341b2d19043457132fcf478a5ee04f42e959fd8f5df0a?s=96&d=mm&r=g","contentUrl":"https:\/\/secure.gravatar.com\/avatar\/4dfbf16b4d17945bfb6341b2d19043457132fcf478a5ee04f42e959fd8f5df0a?s=96&d=mm&r=g","caption":"NOTICIASMERCEDINAS.COM"},"url":"https:\/\/noticiasmercedinas.com\/site\/author\/anonimo\/"}]}},"amp_enabled":true,"_links":{"self":[{"href":"https:\/\/noticiasmercedinas.com\/site\/wp-json\/wp\/v2\/posts\/78474","targetHints":{"allow":["GET"]}}],"collection":[{"href":"https:\/\/noticiasmercedinas.com\/site\/wp-json\/wp\/v2\/posts"}],"about":[{"href":"https:\/\/noticiasmercedinas.com\/site\/wp-json\/wp\/v2\/types\/post"}],"author":[{"embeddable":true,"href":"https:\/\/noticiasmercedinas.com\/site\/wp-json\/wp\/v2\/users\/16"}],"replies":[{"embeddable":true,"href":"https:\/\/noticiasmercedinas.com\/site\/wp-json\/wp\/v2\/comments?post=78474"}],"version-history":[{"count":1,"href":"https:\/\/noticiasmercedinas.com\/site\/wp-json\/wp\/v2\/posts\/78474\/revisions"}],"predecessor-version":[{"id":78477,"href":"https:\/\/noticiasmercedinas.com\/site\/wp-json\/wp\/v2\/posts\/78474\/revisions\/78477"}],"wp:featuredmedia":[{"embeddable":true,"href":"https:\/\/noticiasmercedinas.com\/site\/wp-json\/wp\/v2\/media\/78475"}],"wp:attachment":[{"href":"https:\/\/noticiasmercedinas.com\/site\/wp-json\/wp\/v2\/media?parent=78474"}],"wp:term":[{"taxonomy":"category","embeddable":true,"href":"https:\/\/noticiasmercedinas.com\/site\/wp-json\/wp\/v2\/categories?post=78474"},{"taxonomy":"post_tag","embeddable":true,"href":"https:\/\/noticiasmercedinas.com\/site\/wp-json\/wp\/v2\/tags?post=78474"}],"curies":[{"name":"wp","href":"https:\/\/api.w.org\/{rel}","templated":true}]}}