{"id":78483,"date":"2021-11-01T20:12:59","date_gmt":"2021-11-01T23:12:59","guid":{"rendered":"https:\/\/noticiasmercedinas.com\/site\/?p=78483"},"modified":"2021-11-01T20:12:59","modified_gmt":"2021-11-01T23:12:59","slug":"candidatos-locales-y-militantes-participaron-del-acto-del-partido-obrero","status":"publish","type":"post","link":"https:\/\/noticiasmercedinas.com\/site\/2021\/11\/01\/candidatos-locales-y-militantes-participaron-del-acto-del-partido-obrero\/","title":{"rendered":"Candidatos locales y militantes participaron del acto del Partido Obrero"},"content":{"rendered":"<p><img loading=\"lazy\" decoding=\"async\" class=\"alignnone size-full wp-image-78484\" src=\"https:\/\/noticiasmercedinas.com\/site\/wp-content\/uploads\/2021\/11\/7e85bf24-91a5-4373-88c3-497101d4fed4-e1635808265858.jpg\" alt=\"\" width=\"640\" height=\"492\" \/><\/p>\n<p>La candidata a primera concejal por nuestra ciudad, <strong>Mar\u00eda Maldonado<\/strong>, estuvo presente en el acto que realiz\u00f3 el Partido Obrero, el s\u00e1bado 30, donde asistieron cerca de 35.000 personas provenientes de CABA y localidades cercanas de la provincia de Buenos Aires.<\/p>\n<p>La apertura del multitudinario acto que la izquierda mont\u00f3 en la Plaza de Mayo estuvo a cargo de N\u00e9stor Pitrola.<\/p>\n<p>El dirigente del Partido Obrero y candidato a diputado nacional del Frente de Izquierda \u2013 Unidad por la provincia de Buenos se refiri\u00f3 a la avanzada en curso para flexibilizar los derechos laborales. Aludiendo al gobierno y la oposici\u00f3n patronal, y los empresarios del Coloquio de Idea, declar\u00f3: \u201cMetieron la reforma laboral como uno de los ejes del debate pol\u00edtico. Nosotros estamos ac\u00e1, estaremos en las f\u00e1bricas, en las calles, en los sindicatos y en el parlamento para rechazarla, para quebrar esa ofensiva\u201d.<\/p>\n<p>Otra de las oradoras destacadas fue Romina Del Pl\u00e1, candidata a diputada nacional del FIT-U por la provincia de Buenos Aires qui\u00e9n indic\u00f3 que \u201cLa novedad de estas elecciones es el crecimiento de la izquierda en los barrios del conurbano. Crecemos organizando los barrios por todos los reclamos y estamos poniendo en pie una alternativa a la cat\u00e1strofe social que nos dejan todos los que gobernaron la provincia de Buenos Aires\u201d.<\/p>\n<p>Del Pl\u00e1 resalt\u00f3 la importancia del voto al FIT-U en estas elecciones, como una manera de reforzar las luchas obreras y populares contra el ajuste de quienes gobernaron y gobiernan.<\/p>\n","protected":false},"excerpt":{"rendered":"<p>\u25a0 Asistieron cerca de 35.000 personas provenientes de CABA y localidades. por Mercedes entre otros estuvo Mar\u00eda Maldonado, quien encabeza la lista del FIT-U<\/p>\n","protected":false},"author":16,"featured_media":78484,"comment_status":"open","ping_status":"open","sticky":false,"template":"","format":"standard","meta":{"footnotes":""},"categories":[16],"tags":[228,4152],"class_list":["post-78483","post","type-post","status-publish","format-standard","has-post-thumbnail","hentry","category-politica","tag-frente-de-izquierda","tag-maria-maldonado"],"yoast_head":"<!-- This site is optimized with the Yoast SEO plugin v27.5 - https:\/\/yoast.com\/product\/yoast-seo-wordpress\/ -->\n<title>Candidatos locales y militantes participaron del acto del Partido Obrero<\/title>\n<meta name=\"robots\" content=\"index, follow, max-snippet:-1, max-image-preview:large, max-video-preview:-1\" \/>\n<link rel=\"canonical\" href=\"https:\/\/noticiasmercedinas.com\/site\/2021\/11\/01\/candidatos-locales-y-militantes-participaron-del-acto-del-partido-obrero\/\" \/>\n<meta property=\"og:locale\" content=\"es_ES\" \/>\n<meta property=\"og:type\" content=\"article\" \/>\n<meta property=\"og:title\" content=\"Candidatos locales y militantes participaron del acto del Partido Obrero\" \/>\n<meta property=\"og:description\" content=\"\u25a0 Asistieron cerca de 35.000 personas provenientes de CABA y localidades. por Mercedes entre otros estuvo Mar\u00eda Maldonado, quien encabeza la lista del FIT-U\" \/>\n<meta property=\"og:url\" content=\"https:\/\/noticiasmercedinas.com\/site\/2021\/11\/01\/candidatos-locales-y-militantes-participaron-del-acto-del-partido-obrero\/\" \/>\n<meta property=\"og:site_name\" content=\"NOTICIASMERCEDINAS.COM\" \/>\n<meta property=\"article:publisher\" content=\"https:\/\/www.facebook.com\/noticiasmercedinas\/\" \/>\n<meta property=\"article:published_time\" content=\"2021-11-01T23:12:59+00:00\" \/>\n<meta property=\"og:image\" content=\"https:\/\/noticiasmercedinas.com\/site\/wp-content\/uploads\/2021\/11\/7e85bf24-91a5-4373-88c3-497101d4fed4-e1635808265858.jpg\" \/>\n\t<meta property=\"og:image:width\" content=\"640\" \/>\n\t<meta property=\"og:image:height\" content=\"492\" \/>\n\t<meta property=\"og:image:type\" content=\"image\/jpeg\" \/>\n<meta name=\"author\" content=\"NOTICIASMERCEDINAS.COM\" \/>\n<meta name=\"twitter:card\" content=\"summary_large_image\" \/>\n<meta name=\"twitter:creator\" content=\"@notmercedinas\" \/>\n<meta name=\"twitter:site\" content=\"@notmercedinas\" \/>\n<meta name=\"twitter:label1\" content=\"Escrito por\" \/>\n\t<meta name=\"twitter:data1\" content=\"NOTICIASMERCEDINAS.COM\" \/>\n\t<meta name=\"twitter:label2\" content=\"Tiempo de lectura\" \/>\n\t<meta name=\"twitter:data2\" content=\"1 minuto\" \/>\n<script type=\"application\/ld+json\" class=\"yoast-schema-graph\">{\"@context\":\"https:\\\/\\\/schema.org\",\"@graph\":[{\"@type\":\"Article\",\"@id\":\"https:\\\/\\\/noticiasmercedinas.com\\\/site\\\/2021\\\/11\\\/01\\\/candidatos-locales-y-militantes-participaron-del-acto-del-partido-obrero\\\/#article\",\"isPartOf\":{\"@id\":\"https:\\\/\\\/noticiasmercedinas.com\\\/site\\\/2021\\\/11\\\/01\\\/candidatos-locales-y-militantes-participaron-del-acto-del-partido-obrero\\\/\"},\"author\":{\"name\":\"NOTICIASMERCEDINAS.COM\",\"@id\":\"https:\\\/\\\/noticiasmercedinas.com\\\/site\\\/#\\\/schema\\\/person\\\/84b59c099c28ff2e8b77d4ceec5d8063\"},\"headline\":\"Candidatos locales y militantes participaron del acto del Partido Obrero\",\"datePublished\":\"2021-11-01T23:12:59+00:00\",\"mainEntityOfPage\":{\"@id\":\"https:\\\/\\\/noticiasmercedinas.com\\\/site\\\/2021\\\/11\\\/01\\\/candidatos-locales-y-militantes-participaron-del-acto-del-partido-obrero\\\/\"},\"wordCount\":260,\"commentCount\":0,\"publisher\":{\"@id\":\"https:\\\/\\\/noticiasmercedinas.com\\\/site\\\/#organization\"},\"image\":{\"@id\":\"https:\\\/\\\/noticiasmercedinas.com\\\/site\\\/2021\\\/11\\\/01\\\/candidatos-locales-y-militantes-participaron-del-acto-del-partido-obrero\\\/#primaryimage\"},\"thumbnailUrl\":\"https:\\\/\\\/noticiasmercedinas.com\\\/site\\\/wp-content\\\/uploads\\\/2021\\\/11\\\/7e85bf24-91a5-4373-88c3-497101d4fed4-e1635808265858.jpg\",\"keywords\":[\"frente de izquierda\",\"maria maldonado\"],\"articleSection\":[\"Politica\"],\"inLanguage\":\"es\",\"potentialAction\":[{\"@type\":\"CommentAction\",\"name\":\"Comment\",\"target\":[\"https:\\\/\\\/noticiasmercedinas.com\\\/site\\\/2021\\\/11\\\/01\\\/candidatos-locales-y-militantes-participaron-del-acto-del-partido-obrero\\\/#respond\"]}]},{\"@type\":\"WebPage\",\"@id\":\"https:\\\/\\\/noticiasmercedinas.com\\\/site\\\/2021\\\/11\\\/01\\\/candidatos-locales-y-militantes-participaron-del-acto-del-partido-obrero\\\/\",\"url\":\"https:\\\/\\\/noticiasmercedinas.com\\\/site\\\/2021\\\/11\\\/01\\\/candidatos-locales-y-militantes-participaron-del-acto-del-partido-obrero\\\/\",\"name\":\"Candidatos locales y militantes participaron del acto del Partido Obrero\",\"isPartOf\":{\"@id\":\"https:\\\/\\\/noticiasmercedinas.com\\\/site\\\/#website\"},\"primaryImageOfPage\":{\"@id\":\"https:\\\/\\\/noticiasmercedinas.com\\\/site\\\/2021\\\/11\\\/01\\\/candidatos-locales-y-militantes-participaron-del-acto-del-partido-obrero\\\/#primaryimage\"},\"image\":{\"@id\":\"https:\\\/\\\/noticiasmercedinas.com\\\/site\\\/2021\\\/11\\\/01\\\/candidatos-locales-y-militantes-participaron-del-acto-del-partido-obrero\\\/#primaryimage\"},\"thumbnailUrl\":\"https:\\\/\\\/noticiasmercedinas.com\\\/site\\\/wp-content\\\/uploads\\\/2021\\\/11\\\/7e85bf24-91a5-4373-88c3-497101d4fed4-e1635808265858.jpg\",\"datePublished\":\"2021-11-01T23:12:59+00:00\",\"breadcrumb\":{\"@id\":\"https:\\\/\\\/noticiasmercedinas.com\\\/site\\\/2021\\\/11\\\/01\\\/candidatos-locales-y-militantes-participaron-del-acto-del-partido-obrero\\\/#breadcrumb\"},\"inLanguage\":\"es\",\"potentialAction\":[{\"@type\":\"ReadAction\",\"target\":[\"https:\\\/\\\/noticiasmercedinas.com\\\/site\\\/2021\\\/11\\\/01\\\/candidatos-locales-y-militantes-participaron-del-acto-del-partido-obrero\\\/\"]}]},{\"@type\":\"ImageObject\",\"inLanguage\":\"es\",\"@id\":\"https:\\\/\\\/noticiasmercedinas.com\\\/site\\\/2021\\\/11\\\/01\\\/candidatos-locales-y-militantes-participaron-del-acto-del-partido-obrero\\\/#primaryimage\",\"url\":\"https:\\\/\\\/noticiasmercedinas.com\\\/site\\\/wp-content\\\/uploads\\\/2021\\\/11\\\/7e85bf24-91a5-4373-88c3-497101d4fed4-e1635808265858.jpg\",\"contentUrl\":\"https:\\\/\\\/noticiasmercedinas.com\\\/site\\\/wp-content\\\/uploads\\\/2021\\\/11\\\/7e85bf24-91a5-4373-88c3-497101d4fed4-e1635808265858.jpg\",\"width\":640,\"height\":492},{\"@type\":\"BreadcrumbList\",\"@id\":\"https:\\\/\\\/noticiasmercedinas.com\\\/site\\\/2021\\\/11\\\/01\\\/candidatos-locales-y-militantes-participaron-del-acto-del-partido-obrero\\\/#breadcrumb\",\"itemListElement\":[{\"@type\":\"ListItem\",\"position\":1,\"name\":\"Portada\",\"item\":\"https:\\\/\\\/noticiasmercedinas.com\\\/site\\\/\"},{\"@type\":\"ListItem\",\"position\":2,\"name\":\"Candidatos locales y militantes participaron del acto del Partido Obrero\"}]},{\"@type\":\"WebSite\",\"@id\":\"https:\\\/\\\/noticiasmercedinas.com\\\/site\\\/#website\",\"url\":\"https:\\\/\\\/noticiasmercedinas.com\\\/site\\\/\",\"name\":\"NOTICIASMERCEDINAS.COM\",\"description\":\"Mercedes, Buenos Aires, Argentina\",\"publisher\":{\"@id\":\"https:\\\/\\\/noticiasmercedinas.com\\\/site\\\/#organization\"},\"potentialAction\":[{\"@type\":\"SearchAction\",\"target\":{\"@type\":\"EntryPoint\",\"urlTemplate\":\"https:\\\/\\\/noticiasmercedinas.com\\\/site\\\/?s={search_term_string}\"},\"query-input\":{\"@type\":\"PropertyValueSpecification\",\"valueRequired\":true,\"valueName\":\"search_term_string\"}}],\"inLanguage\":\"es\"},{\"@type\":\"Organization\",\"@id\":\"https:\\\/\\\/noticiasmercedinas.com\\\/site\\\/#organization\",\"name\":\"NOTICIASMERCEDINAS.COM\",\"url\":\"https:\\\/\\\/noticiasmercedinas.com\\\/site\\\/\",\"logo\":{\"@type\":\"ImageObject\",\"inLanguage\":\"es\",\"@id\":\"https:\\\/\\\/noticiasmercedinas.com\\\/site\\\/#\\\/schema\\\/logo\\\/image\\\/\",\"url\":\"https:\\\/\\\/noticiasmercedinas.com\\\/site\\\/wp-content\\\/uploads\\\/2020\\\/06\\\/LOGO-512.jpg\",\"contentUrl\":\"https:\\\/\\\/noticiasmercedinas.com\\\/site\\\/wp-content\\\/uploads\\\/2020\\\/06\\\/LOGO-512.jpg\",\"width\":512,\"height\":512,\"caption\":\"NOTICIASMERCEDINAS.COM\"},\"image\":{\"@id\":\"https:\\\/\\\/noticiasmercedinas.com\\\/site\\\/#\\\/schema\\\/logo\\\/image\\\/\"},\"sameAs\":[\"https:\\\/\\\/www.facebook.com\\\/noticiasmercedinas\\\/\",\"https:\\\/\\\/x.com\\\/notmercedinas\",\"https:\\\/\\\/www.instagram.com\\\/noticiasmercedinas\\\/\"]},{\"@type\":\"Person\",\"@id\":\"https:\\\/\\\/noticiasmercedinas.com\\\/site\\\/#\\\/schema\\\/person\\\/84b59c099c28ff2e8b77d4ceec5d8063\",\"name\":\"NOTICIASMERCEDINAS.COM\",\"image\":{\"@type\":\"ImageObject\",\"inLanguage\":\"es\",\"@id\":\"https:\\\/\\\/secure.gravatar.com\\\/avatar\\\/4dfbf16b4d17945bfb6341b2d19043457132fcf478a5ee04f42e959fd8f5df0a?s=96&d=mm&r=g\",\"url\":\"https:\\\/\\\/secure.gravatar.com\\\/avatar\\\/4dfbf16b4d17945bfb6341b2d19043457132fcf478a5ee04f42e959fd8f5df0a?s=96&d=mm&r=g\",\"contentUrl\":\"https:\\\/\\\/secure.gravatar.com\\\/avatar\\\/4dfbf16b4d17945bfb6341b2d19043457132fcf478a5ee04f42e959fd8f5df0a?s=96&d=mm&r=g\",\"caption\":\"NOTICIASMERCEDINAS.COM\"},\"url\":\"https:\\\/\\\/noticiasmercedinas.com\\\/site\\\/author\\\/anonimo\\\/\"}]}<\/script>\n<!-- \/ Yoast SEO plugin. -->","yoast_head_json":{"title":"Candidatos locales y militantes participaron del acto del Partido Obrero","robots":{"index":"index","follow":"follow","max-snippet":"max-snippet:-1","max-image-preview":"max-image-preview:large","max-video-preview":"max-video-preview:-1"},"canonical":"https:\/\/noticiasmercedinas.com\/site\/2021\/11\/01\/candidatos-locales-y-militantes-participaron-del-acto-del-partido-obrero\/","og_locale":"es_ES","og_type":"article","og_title":"Candidatos locales y militantes participaron del acto del Partido Obrero","og_description":"\u25a0 Asistieron cerca de 35.000 personas provenientes de CABA y localidades. por Mercedes entre otros estuvo Mar\u00eda Maldonado, quien encabeza la lista del FIT-U","og_url":"https:\/\/noticiasmercedinas.com\/site\/2021\/11\/01\/candidatos-locales-y-militantes-participaron-del-acto-del-partido-obrero\/","og_site_name":"NOTICIASMERCEDINAS.COM","article_publisher":"https:\/\/www.facebook.com\/noticiasmercedinas\/","article_published_time":"2021-11-01T23:12:59+00:00","og_image":[{"width":640,"height":492,"url":"https:\/\/noticiasmercedinas.com\/site\/wp-content\/uploads\/2021\/11\/7e85bf24-91a5-4373-88c3-497101d4fed4-e1635808265858.jpg","type":"image\/jpeg"}],"author":"NOTICIASMERCEDINAS.COM","twitter_card":"summary_large_image","twitter_creator":"@notmercedinas","twitter_site":"@notmercedinas","twitter_misc":{"Escrito por":"NOTICIASMERCEDINAS.COM","Tiempo de lectura":"1 minuto"},"schema":{"@context":"https:\/\/schema.org","@graph":[{"@type":"Article","@id":"https:\/\/noticiasmercedinas.com\/site\/2021\/11\/01\/candidatos-locales-y-militantes-participaron-del-acto-del-partido-obrero\/#article","isPartOf":{"@id":"https:\/\/noticiasmercedinas.com\/site\/2021\/11\/01\/candidatos-locales-y-militantes-participaron-del-acto-del-partido-obrero\/"},"author":{"name":"NOTICIASMERCEDINAS.COM","@id":"https:\/\/noticiasmercedinas.com\/site\/#\/schema\/person\/84b59c099c28ff2e8b77d4ceec5d8063"},"headline":"Candidatos locales y militantes participaron del acto del Partido Obrero","datePublished":"2021-11-01T23:12:59+00:00","mainEntityOfPage":{"@id":"https:\/\/noticiasmercedinas.com\/site\/2021\/11\/01\/candidatos-locales-y-militantes-participaron-del-acto-del-partido-obrero\/"},"wordCount":260,"commentCount":0,"publisher":{"@id":"https:\/\/noticiasmercedinas.com\/site\/#organization"},"image":{"@id":"https:\/\/noticiasmercedinas.com\/site\/2021\/11\/01\/candidatos-locales-y-militantes-participaron-del-acto-del-partido-obrero\/#primaryimage"},"thumbnailUrl":"https:\/\/noticiasmercedinas.com\/site\/wp-content\/uploads\/2021\/11\/7e85bf24-91a5-4373-88c3-497101d4fed4-e1635808265858.jpg","keywords":["frente de izquierda","maria maldonado"],"articleSection":["Politica"],"inLanguage":"es","potentialAction":[{"@type":"CommentAction","name":"Comment","target":["https:\/\/noticiasmercedinas.com\/site\/2021\/11\/01\/candidatos-locales-y-militantes-participaron-del-acto-del-partido-obrero\/#respond"]}]},{"@type":"WebPage","@id":"https:\/\/noticiasmercedinas.com\/site\/2021\/11\/01\/candidatos-locales-y-militantes-participaron-del-acto-del-partido-obrero\/","url":"https:\/\/noticiasmercedinas.com\/site\/2021\/11\/01\/candidatos-locales-y-militantes-participaron-del-acto-del-partido-obrero\/","name":"Candidatos locales y militantes participaron del acto del Partido Obrero","isPartOf":{"@id":"https:\/\/noticiasmercedinas.com\/site\/#website"},"primaryImageOfPage":{"@id":"https:\/\/noticiasmercedinas.com\/site\/2021\/11\/01\/candidatos-locales-y-militantes-participaron-del-acto-del-partido-obrero\/#primaryimage"},"image":{"@id":"https:\/\/noticiasmercedinas.com\/site\/2021\/11\/01\/candidatos-locales-y-militantes-participaron-del-acto-del-partido-obrero\/#primaryimage"},"thumbnailUrl":"https:\/\/noticiasmercedinas.com\/site\/wp-content\/uploads\/2021\/11\/7e85bf24-91a5-4373-88c3-497101d4fed4-e1635808265858.jpg","datePublished":"2021-11-01T23:12:59+00:00","breadcrumb":{"@id":"https:\/\/noticiasmercedinas.com\/site\/2021\/11\/01\/candidatos-locales-y-militantes-participaron-del-acto-del-partido-obrero\/#breadcrumb"},"inLanguage":"es","potentialAction":[{"@type":"ReadAction","target":["https:\/\/noticiasmercedinas.com\/site\/2021\/11\/01\/candidatos-locales-y-militantes-participaron-del-acto-del-partido-obrero\/"]}]},{"@type":"ImageObject","inLanguage":"es","@id":"https:\/\/noticiasmercedinas.com\/site\/2021\/11\/01\/candidatos-locales-y-militantes-participaron-del-acto-del-partido-obrero\/#primaryimage","url":"https:\/\/noticiasmercedinas.com\/site\/wp-content\/uploads\/2021\/11\/7e85bf24-91a5-4373-88c3-497101d4fed4-e1635808265858.jpg","contentUrl":"https:\/\/noticiasmercedinas.com\/site\/wp-content\/uploads\/2021\/11\/7e85bf24-91a5-4373-88c3-497101d4fed4-e1635808265858.jpg","width":640,"height":492},{"@type":"BreadcrumbList","@id":"https:\/\/noticiasmercedinas.com\/site\/2021\/11\/01\/candidatos-locales-y-militantes-participaron-del-acto-del-partido-obrero\/#breadcrumb","itemListElement":[{"@type":"ListItem","position":1,"name":"Portada","item":"https:\/\/noticiasmercedinas.com\/site\/"},{"@type":"ListItem","position":2,"name":"Candidatos locales y militantes participaron del acto del Partido Obrero"}]},{"@type":"WebSite","@id":"https:\/\/noticiasmercedinas.com\/site\/#website","url":"https:\/\/noticiasmercedinas.com\/site\/","name":"NOTICIASMERCEDINAS.COM","description":"Mercedes, Buenos Aires, Argentina","publisher":{"@id":"https:\/\/noticiasmercedinas.com\/site\/#organization"},"potentialAction":[{"@type":"SearchAction","target":{"@type":"EntryPoint","urlTemplate":"https:\/\/noticiasmercedinas.com\/site\/?s={search_term_string}"},"query-input":{"@type":"PropertyValueSpecification","valueRequired":true,"valueName":"search_term_string"}}],"inLanguage":"es"},{"@type":"Organization","@id":"https:\/\/noticiasmercedinas.com\/site\/#organization","name":"NOTICIASMERCEDINAS.COM","url":"https:\/\/noticiasmercedinas.com\/site\/","logo":{"@type":"ImageObject","inLanguage":"es","@id":"https:\/\/noticiasmercedinas.com\/site\/#\/schema\/logo\/image\/","url":"https:\/\/noticiasmercedinas.com\/site\/wp-content\/uploads\/2020\/06\/LOGO-512.jpg","contentUrl":"https:\/\/noticiasmercedinas.com\/site\/wp-content\/uploads\/2020\/06\/LOGO-512.jpg","width":512,"height":512,"caption":"NOTICIASMERCEDINAS.COM"},"image":{"@id":"https:\/\/noticiasmercedinas.com\/site\/#\/schema\/logo\/image\/"},"sameAs":["https:\/\/www.facebook.com\/noticiasmercedinas\/","https:\/\/x.com\/notmercedinas","https:\/\/www.instagram.com\/noticiasmercedinas\/"]},{"@type":"Person","@id":"https:\/\/noticiasmercedinas.com\/site\/#\/schema\/person\/84b59c099c28ff2e8b77d4ceec5d8063","name":"NOTICIASMERCEDINAS.COM","image":{"@type":"ImageObject","inLanguage":"es","@id":"https:\/\/secure.gravatar.com\/avatar\/4dfbf16b4d17945bfb6341b2d19043457132fcf478a5ee04f42e959fd8f5df0a?s=96&d=mm&r=g","url":"https:\/\/secure.gravatar.com\/avatar\/4dfbf16b4d17945bfb6341b2d19043457132fcf478a5ee04f42e959fd8f5df0a?s=96&d=mm&r=g","contentUrl":"https:\/\/secure.gravatar.com\/avatar\/4dfbf16b4d17945bfb6341b2d19043457132fcf478a5ee04f42e959fd8f5df0a?s=96&d=mm&r=g","caption":"NOTICIASMERCEDINAS.COM"},"url":"https:\/\/noticiasmercedinas.com\/site\/author\/anonimo\/"}]}},"amp_enabled":true,"_links":{"self":[{"href":"https:\/\/noticiasmercedinas.com\/site\/wp-json\/wp\/v2\/posts\/78483","targetHints":{"allow":["GET"]}}],"collection":[{"href":"https:\/\/noticiasmercedinas.com\/site\/wp-json\/wp\/v2\/posts"}],"about":[{"href":"https:\/\/noticiasmercedinas.com\/site\/wp-json\/wp\/v2\/types\/post"}],"author":[{"embeddable":true,"href":"https:\/\/noticiasmercedinas.com\/site\/wp-json\/wp\/v2\/users\/16"}],"replies":[{"embeddable":true,"href":"https:\/\/noticiasmercedinas.com\/site\/wp-json\/wp\/v2\/comments?post=78483"}],"version-history":[{"count":1,"href":"https:\/\/noticiasmercedinas.com\/site\/wp-json\/wp\/v2\/posts\/78483\/revisions"}],"predecessor-version":[{"id":78485,"href":"https:\/\/noticiasmercedinas.com\/site\/wp-json\/wp\/v2\/posts\/78483\/revisions\/78485"}],"wp:featuredmedia":[{"embeddable":true,"href":"https:\/\/noticiasmercedinas.com\/site\/wp-json\/wp\/v2\/media\/78484"}],"wp:attachment":[{"href":"https:\/\/noticiasmercedinas.com\/site\/wp-json\/wp\/v2\/media?parent=78483"}],"wp:term":[{"taxonomy":"category","embeddable":true,"href":"https:\/\/noticiasmercedinas.com\/site\/wp-json\/wp\/v2\/categories?post=78483"},{"taxonomy":"post_tag","embeddable":true,"href":"https:\/\/noticiasmercedinas.com\/site\/wp-json\/wp\/v2\/tags?post=78483"}],"curies":[{"name":"wp","href":"https:\/\/api.w.org\/{rel}","templated":true}]}}