{"id":78602,"date":"2021-11-03T08:25:14","date_gmt":"2021-11-03T11:25:14","guid":{"rendered":"https:\/\/noticiasmercedinas.com\/site\/?p=78602"},"modified":"2021-11-03T08:25:14","modified_gmt":"2021-11-03T11:25:14","slug":"los-residentes-del-hogar-villa-abrille-vuelven-a-tener-su-revista","status":"publish","type":"post","link":"https:\/\/noticiasmercedinas.com\/site\/2021\/11\/03\/los-residentes-del-hogar-villa-abrille-vuelven-a-tener-su-revista\/","title":{"rendered":"Los residentes del Hogar Villa Abrille vuelven a tener su revista"},"content":{"rendered":"<p><img loading=\"lazy\" decoding=\"async\" class=\"alignnone size-full wp-image-78603\" src=\"https:\/\/noticiasmercedinas.com\/site\/wp-content\/uploads\/2021\/11\/FDMjzMCXIAk40tU.jpg\" alt=\"\" width=\"852\" height=\"568\" srcset=\"https:\/\/noticiasmercedinas.com\/site\/wp-content\/uploads\/2021\/11\/FDMjzMCXIAk40tU.jpg 852w, https:\/\/noticiasmercedinas.com\/site\/wp-content\/uploads\/2021\/11\/FDMjzMCXIAk40tU-300x200.jpg 300w, https:\/\/noticiasmercedinas.com\/site\/wp-content\/uploads\/2021\/11\/FDMjzMCXIAk40tU-768x512.jpg 768w, https:\/\/noticiasmercedinas.com\/site\/wp-content\/uploads\/2021\/11\/FDMjzMCXIAk40tU-640x427.jpg 640w, https:\/\/noticiasmercedinas.com\/site\/wp-content\/uploads\/2021\/11\/FDMjzMCXIAk40tU-681x454.jpg 681w\" sizes=\"auto, (max-width: 852px) 100vw, 852px\" \/><\/p>\n<p>Los residentes del Hogar Villa Abrille est\u00e1n realizando, mediante un gran trabajo en conjunto, una revista que recopila historias, recetas y juegos. Por este motivo, parte de la instituci\u00f3n se acerc\u00f3 al Palacio Municipal a presentarle la revista al intendente. Los abuelos fueron recibidos y felicitados por tama\u00f1a propuesta.<\/p>\n<p>El intendente Juan Ignacio Ustarroz se manifest\u00f3 \u00abagradecido por esta linda y c\u00e1lida visita\u00bb, y quiso \u00abfelicitarlos por la revista, donde lo m\u00e1s importante es lo que nos dec\u00edan ellos, c\u00f3mo participar de este proceso creativo \u2013que es una revista- lo que les gust\u00f3 y disfrutaron\u00bb.<\/p>\n<p>\u00abPara nosotros es un orgullo que nos digan que se sienten muy cuidados y bien tratados en nuestro hogar, que est\u00e1n contentos. Es lindo participar a partir de la creatividad, el ejercicio de la memoria, el compartir experiencias personales, las actividades grupales, la verdad que es una revista hermosa\u00bb, dijo luego.<\/p>\n<p>\u00abEs muy bueno poder recibir estas visitas de los residentes, como as\u00ed tambi\u00e9n de los trabajadores y trabajadoras que est\u00e1n todos los d\u00edas realizando una importante tarea junto a los adultos mayores\u00bb, afirm\u00f3 el intendente Ustarroz.<\/p>\n<p>Agustina Dematei, Terapista Ocupacional, que desarrolla sus actividades en el Hogar y ayud\u00f3 a confeccionar la revista, se\u00f1al\u00f3: \u201cVinimos con todos los residentes del hogar al despacho del intendente Ustarroz para mostrarle la revista que estamos confeccionando con ellos estos \u00faltimos meses en conjunto con la psic\u00f3loga Valeria Vignau. En la revista se pudieron trabajar muchas actividades, historias de vida, sopa de letras que ellos confeccionaron, recetas de cocinas que las residentes hac\u00edan cuando eran m\u00e1s j\u00f3venes, es decir, es como un pantallazo de todo lo que se vive en el hogar\u201d.<\/p>\n","protected":false},"excerpt":{"rendered":"<p>\u25a0 La publicaci\u00f3n recopila historias, recetas y juegos. Integrantes de de la instituci\u00f3n se acercaron al Palacio Municipal a presentarle la revista al intendente.<\/p>\n","protected":false},"author":16,"featured_media":78603,"comment_status":"open","ping_status":"open","sticky":false,"template":"","format":"standard","meta":{"footnotes":""},"categories":[8992],"tags":[4362,1847],"class_list":["post-78602","post","type-post","status-publish","format-standard","has-post-thumbnail","hentry","category-bienestar","tag-hogar-villa-abrille","tag-tercera-edad"],"yoast_head":"<!-- This site is optimized with the Yoast SEO plugin v27.5 - https:\/\/yoast.com\/product\/yoast-seo-wordpress\/ -->\n<title>Los residentes del Hogar Villa Abrille vuelven a tener su revista<\/title>\n<meta name=\"robots\" content=\"index, follow, max-snippet:-1, max-image-preview:large, max-video-preview:-1\" \/>\n<link rel=\"canonical\" href=\"https:\/\/noticiasmercedinas.com\/site\/2021\/11\/03\/los-residentes-del-hogar-villa-abrille-vuelven-a-tener-su-revista\/\" \/>\n<meta property=\"og:locale\" content=\"es_ES\" \/>\n<meta property=\"og:type\" content=\"article\" \/>\n<meta property=\"og:title\" content=\"Los residentes del Hogar Villa Abrille vuelven a tener su revista\" \/>\n<meta property=\"og:description\" content=\"\u25a0 La publicaci\u00f3n recopila historias, recetas y juegos. Integrantes de de la instituci\u00f3n se acercaron al Palacio Municipal a presentarle la revista al intendente.\" \/>\n<meta property=\"og:url\" content=\"https:\/\/noticiasmercedinas.com\/site\/2021\/11\/03\/los-residentes-del-hogar-villa-abrille-vuelven-a-tener-su-revista\/\" \/>\n<meta property=\"og:site_name\" content=\"NOTICIASMERCEDINAS.COM\" \/>\n<meta property=\"article:publisher\" content=\"https:\/\/www.facebook.com\/noticiasmercedinas\/\" \/>\n<meta property=\"article:published_time\" content=\"2021-11-03T11:25:14+00:00\" \/>\n<meta property=\"og:image\" content=\"https:\/\/noticiasmercedinas.com\/site\/wp-content\/uploads\/2021\/11\/FDMjzMCXIAk40tU.jpg\" \/>\n\t<meta property=\"og:image:width\" content=\"852\" \/>\n\t<meta property=\"og:image:height\" content=\"568\" \/>\n\t<meta property=\"og:image:type\" content=\"image\/jpeg\" \/>\n<meta name=\"author\" content=\"NOTICIASMERCEDINAS.COM\" \/>\n<meta name=\"twitter:card\" content=\"summary_large_image\" \/>\n<meta name=\"twitter:creator\" content=\"@notmercedinas\" \/>\n<meta name=\"twitter:site\" content=\"@notmercedinas\" \/>\n<meta name=\"twitter:label1\" content=\"Escrito por\" \/>\n\t<meta name=\"twitter:data1\" content=\"NOTICIASMERCEDINAS.COM\" \/>\n\t<meta name=\"twitter:label2\" content=\"Tiempo de lectura\" \/>\n\t<meta name=\"twitter:data2\" content=\"1 minuto\" \/>\n<script type=\"application\/ld+json\" class=\"yoast-schema-graph\">{\"@context\":\"https:\\\/\\\/schema.org\",\"@graph\":[{\"@type\":\"Article\",\"@id\":\"https:\\\/\\\/noticiasmercedinas.com\\\/site\\\/2021\\\/11\\\/03\\\/los-residentes-del-hogar-villa-abrille-vuelven-a-tener-su-revista\\\/#article\",\"isPartOf\":{\"@id\":\"https:\\\/\\\/noticiasmercedinas.com\\\/site\\\/2021\\\/11\\\/03\\\/los-residentes-del-hogar-villa-abrille-vuelven-a-tener-su-revista\\\/\"},\"author\":{\"name\":\"NOTICIASMERCEDINAS.COM\",\"@id\":\"https:\\\/\\\/noticiasmercedinas.com\\\/site\\\/#\\\/schema\\\/person\\\/84b59c099c28ff2e8b77d4ceec5d8063\"},\"headline\":\"Los residentes del Hogar Villa Abrille vuelven a tener su revista\",\"datePublished\":\"2021-11-03T11:25:14+00:00\",\"mainEntityOfPage\":{\"@id\":\"https:\\\/\\\/noticiasmercedinas.com\\\/site\\\/2021\\\/11\\\/03\\\/los-residentes-del-hogar-villa-abrille-vuelven-a-tener-su-revista\\\/\"},\"wordCount\":301,\"commentCount\":0,\"publisher\":{\"@id\":\"https:\\\/\\\/noticiasmercedinas.com\\\/site\\\/#organization\"},\"image\":{\"@id\":\"https:\\\/\\\/noticiasmercedinas.com\\\/site\\\/2021\\\/11\\\/03\\\/los-residentes-del-hogar-villa-abrille-vuelven-a-tener-su-revista\\\/#primaryimage\"},\"thumbnailUrl\":\"https:\\\/\\\/noticiasmercedinas.com\\\/site\\\/wp-content\\\/uploads\\\/2021\\\/11\\\/FDMjzMCXIAk40tU.jpg\",\"keywords\":[\"hogar villa abrille\",\"tercera edad\"],\"articleSection\":[\"Bienestar\"],\"inLanguage\":\"es\",\"potentialAction\":[{\"@type\":\"CommentAction\",\"name\":\"Comment\",\"target\":[\"https:\\\/\\\/noticiasmercedinas.com\\\/site\\\/2021\\\/11\\\/03\\\/los-residentes-del-hogar-villa-abrille-vuelven-a-tener-su-revista\\\/#respond\"]}]},{\"@type\":\"WebPage\",\"@id\":\"https:\\\/\\\/noticiasmercedinas.com\\\/site\\\/2021\\\/11\\\/03\\\/los-residentes-del-hogar-villa-abrille-vuelven-a-tener-su-revista\\\/\",\"url\":\"https:\\\/\\\/noticiasmercedinas.com\\\/site\\\/2021\\\/11\\\/03\\\/los-residentes-del-hogar-villa-abrille-vuelven-a-tener-su-revista\\\/\",\"name\":\"Los residentes del Hogar Villa Abrille vuelven a tener su revista\",\"isPartOf\":{\"@id\":\"https:\\\/\\\/noticiasmercedinas.com\\\/site\\\/#website\"},\"primaryImageOfPage\":{\"@id\":\"https:\\\/\\\/noticiasmercedinas.com\\\/site\\\/2021\\\/11\\\/03\\\/los-residentes-del-hogar-villa-abrille-vuelven-a-tener-su-revista\\\/#primaryimage\"},\"image\":{\"@id\":\"https:\\\/\\\/noticiasmercedinas.com\\\/site\\\/2021\\\/11\\\/03\\\/los-residentes-del-hogar-villa-abrille-vuelven-a-tener-su-revista\\\/#primaryimage\"},\"thumbnailUrl\":\"https:\\\/\\\/noticiasmercedinas.com\\\/site\\\/wp-content\\\/uploads\\\/2021\\\/11\\\/FDMjzMCXIAk40tU.jpg\",\"datePublished\":\"2021-11-03T11:25:14+00:00\",\"breadcrumb\":{\"@id\":\"https:\\\/\\\/noticiasmercedinas.com\\\/site\\\/2021\\\/11\\\/03\\\/los-residentes-del-hogar-villa-abrille-vuelven-a-tener-su-revista\\\/#breadcrumb\"},\"inLanguage\":\"es\",\"potentialAction\":[{\"@type\":\"ReadAction\",\"target\":[\"https:\\\/\\\/noticiasmercedinas.com\\\/site\\\/2021\\\/11\\\/03\\\/los-residentes-del-hogar-villa-abrille-vuelven-a-tener-su-revista\\\/\"]}]},{\"@type\":\"ImageObject\",\"inLanguage\":\"es\",\"@id\":\"https:\\\/\\\/noticiasmercedinas.com\\\/site\\\/2021\\\/11\\\/03\\\/los-residentes-del-hogar-villa-abrille-vuelven-a-tener-su-revista\\\/#primaryimage\",\"url\":\"https:\\\/\\\/noticiasmercedinas.com\\\/site\\\/wp-content\\\/uploads\\\/2021\\\/11\\\/FDMjzMCXIAk40tU.jpg\",\"contentUrl\":\"https:\\\/\\\/noticiasmercedinas.com\\\/site\\\/wp-content\\\/uploads\\\/2021\\\/11\\\/FDMjzMCXIAk40tU.jpg\",\"width\":852,\"height\":568},{\"@type\":\"BreadcrumbList\",\"@id\":\"https:\\\/\\\/noticiasmercedinas.com\\\/site\\\/2021\\\/11\\\/03\\\/los-residentes-del-hogar-villa-abrille-vuelven-a-tener-su-revista\\\/#breadcrumb\",\"itemListElement\":[{\"@type\":\"ListItem\",\"position\":1,\"name\":\"Portada\",\"item\":\"https:\\\/\\\/noticiasmercedinas.com\\\/site\\\/\"},{\"@type\":\"ListItem\",\"position\":2,\"name\":\"Los residentes del Hogar Villa Abrille vuelven a tener su revista\"}]},{\"@type\":\"WebSite\",\"@id\":\"https:\\\/\\\/noticiasmercedinas.com\\\/site\\\/#website\",\"url\":\"https:\\\/\\\/noticiasmercedinas.com\\\/site\\\/\",\"name\":\"NOTICIASMERCEDINAS.COM\",\"description\":\"Mercedes, Buenos Aires, Argentina\",\"publisher\":{\"@id\":\"https:\\\/\\\/noticiasmercedinas.com\\\/site\\\/#organization\"},\"potentialAction\":[{\"@type\":\"SearchAction\",\"target\":{\"@type\":\"EntryPoint\",\"urlTemplate\":\"https:\\\/\\\/noticiasmercedinas.com\\\/site\\\/?s={search_term_string}\"},\"query-input\":{\"@type\":\"PropertyValueSpecification\",\"valueRequired\":true,\"valueName\":\"search_term_string\"}}],\"inLanguage\":\"es\"},{\"@type\":\"Organization\",\"@id\":\"https:\\\/\\\/noticiasmercedinas.com\\\/site\\\/#organization\",\"name\":\"NOTICIASMERCEDINAS.COM\",\"url\":\"https:\\\/\\\/noticiasmercedinas.com\\\/site\\\/\",\"logo\":{\"@type\":\"ImageObject\",\"inLanguage\":\"es\",\"@id\":\"https:\\\/\\\/noticiasmercedinas.com\\\/site\\\/#\\\/schema\\\/logo\\\/image\\\/\",\"url\":\"https:\\\/\\\/noticiasmercedinas.com\\\/site\\\/wp-content\\\/uploads\\\/2020\\\/06\\\/LOGO-512.jpg\",\"contentUrl\":\"https:\\\/\\\/noticiasmercedinas.com\\\/site\\\/wp-content\\\/uploads\\\/2020\\\/06\\\/LOGO-512.jpg\",\"width\":512,\"height\":512,\"caption\":\"NOTICIASMERCEDINAS.COM\"},\"image\":{\"@id\":\"https:\\\/\\\/noticiasmercedinas.com\\\/site\\\/#\\\/schema\\\/logo\\\/image\\\/\"},\"sameAs\":[\"https:\\\/\\\/www.facebook.com\\\/noticiasmercedinas\\\/\",\"https:\\\/\\\/x.com\\\/notmercedinas\",\"https:\\\/\\\/www.instagram.com\\\/noticiasmercedinas\\\/\"]},{\"@type\":\"Person\",\"@id\":\"https:\\\/\\\/noticiasmercedinas.com\\\/site\\\/#\\\/schema\\\/person\\\/84b59c099c28ff2e8b77d4ceec5d8063\",\"name\":\"NOTICIASMERCEDINAS.COM\",\"image\":{\"@type\":\"ImageObject\",\"inLanguage\":\"es\",\"@id\":\"https:\\\/\\\/secure.gravatar.com\\\/avatar\\\/4dfbf16b4d17945bfb6341b2d19043457132fcf478a5ee04f42e959fd8f5df0a?s=96&d=mm&r=g\",\"url\":\"https:\\\/\\\/secure.gravatar.com\\\/avatar\\\/4dfbf16b4d17945bfb6341b2d19043457132fcf478a5ee04f42e959fd8f5df0a?s=96&d=mm&r=g\",\"contentUrl\":\"https:\\\/\\\/secure.gravatar.com\\\/avatar\\\/4dfbf16b4d17945bfb6341b2d19043457132fcf478a5ee04f42e959fd8f5df0a?s=96&d=mm&r=g\",\"caption\":\"NOTICIASMERCEDINAS.COM\"},\"url\":\"https:\\\/\\\/noticiasmercedinas.com\\\/site\\\/author\\\/anonimo\\\/\"}]}<\/script>\n<!-- \/ Yoast SEO plugin. -->","yoast_head_json":{"title":"Los residentes del Hogar Villa Abrille vuelven a tener su revista","robots":{"index":"index","follow":"follow","max-snippet":"max-snippet:-1","max-image-preview":"max-image-preview:large","max-video-preview":"max-video-preview:-1"},"canonical":"https:\/\/noticiasmercedinas.com\/site\/2021\/11\/03\/los-residentes-del-hogar-villa-abrille-vuelven-a-tener-su-revista\/","og_locale":"es_ES","og_type":"article","og_title":"Los residentes del Hogar Villa Abrille vuelven a tener su revista","og_description":"\u25a0 La publicaci\u00f3n recopila historias, recetas y juegos. Integrantes de de la instituci\u00f3n se acercaron al Palacio Municipal a presentarle la revista al intendente.","og_url":"https:\/\/noticiasmercedinas.com\/site\/2021\/11\/03\/los-residentes-del-hogar-villa-abrille-vuelven-a-tener-su-revista\/","og_site_name":"NOTICIASMERCEDINAS.COM","article_publisher":"https:\/\/www.facebook.com\/noticiasmercedinas\/","article_published_time":"2021-11-03T11:25:14+00:00","og_image":[{"width":852,"height":568,"url":"https:\/\/noticiasmercedinas.com\/site\/wp-content\/uploads\/2021\/11\/FDMjzMCXIAk40tU.jpg","type":"image\/jpeg"}],"author":"NOTICIASMERCEDINAS.COM","twitter_card":"summary_large_image","twitter_creator":"@notmercedinas","twitter_site":"@notmercedinas","twitter_misc":{"Escrito por":"NOTICIASMERCEDINAS.COM","Tiempo de lectura":"1 minuto"},"schema":{"@context":"https:\/\/schema.org","@graph":[{"@type":"Article","@id":"https:\/\/noticiasmercedinas.com\/site\/2021\/11\/03\/los-residentes-del-hogar-villa-abrille-vuelven-a-tener-su-revista\/#article","isPartOf":{"@id":"https:\/\/noticiasmercedinas.com\/site\/2021\/11\/03\/los-residentes-del-hogar-villa-abrille-vuelven-a-tener-su-revista\/"},"author":{"name":"NOTICIASMERCEDINAS.COM","@id":"https:\/\/noticiasmercedinas.com\/site\/#\/schema\/person\/84b59c099c28ff2e8b77d4ceec5d8063"},"headline":"Los residentes del Hogar Villa Abrille vuelven a tener su revista","datePublished":"2021-11-03T11:25:14+00:00","mainEntityOfPage":{"@id":"https:\/\/noticiasmercedinas.com\/site\/2021\/11\/03\/los-residentes-del-hogar-villa-abrille-vuelven-a-tener-su-revista\/"},"wordCount":301,"commentCount":0,"publisher":{"@id":"https:\/\/noticiasmercedinas.com\/site\/#organization"},"image":{"@id":"https:\/\/noticiasmercedinas.com\/site\/2021\/11\/03\/los-residentes-del-hogar-villa-abrille-vuelven-a-tener-su-revista\/#primaryimage"},"thumbnailUrl":"https:\/\/noticiasmercedinas.com\/site\/wp-content\/uploads\/2021\/11\/FDMjzMCXIAk40tU.jpg","keywords":["hogar villa abrille","tercera edad"],"articleSection":["Bienestar"],"inLanguage":"es","potentialAction":[{"@type":"CommentAction","name":"Comment","target":["https:\/\/noticiasmercedinas.com\/site\/2021\/11\/03\/los-residentes-del-hogar-villa-abrille-vuelven-a-tener-su-revista\/#respond"]}]},{"@type":"WebPage","@id":"https:\/\/noticiasmercedinas.com\/site\/2021\/11\/03\/los-residentes-del-hogar-villa-abrille-vuelven-a-tener-su-revista\/","url":"https:\/\/noticiasmercedinas.com\/site\/2021\/11\/03\/los-residentes-del-hogar-villa-abrille-vuelven-a-tener-su-revista\/","name":"Los residentes del Hogar Villa Abrille vuelven a tener su revista","isPartOf":{"@id":"https:\/\/noticiasmercedinas.com\/site\/#website"},"primaryImageOfPage":{"@id":"https:\/\/noticiasmercedinas.com\/site\/2021\/11\/03\/los-residentes-del-hogar-villa-abrille-vuelven-a-tener-su-revista\/#primaryimage"},"image":{"@id":"https:\/\/noticiasmercedinas.com\/site\/2021\/11\/03\/los-residentes-del-hogar-villa-abrille-vuelven-a-tener-su-revista\/#primaryimage"},"thumbnailUrl":"https:\/\/noticiasmercedinas.com\/site\/wp-content\/uploads\/2021\/11\/FDMjzMCXIAk40tU.jpg","datePublished":"2021-11-03T11:25:14+00:00","breadcrumb":{"@id":"https:\/\/noticiasmercedinas.com\/site\/2021\/11\/03\/los-residentes-del-hogar-villa-abrille-vuelven-a-tener-su-revista\/#breadcrumb"},"inLanguage":"es","potentialAction":[{"@type":"ReadAction","target":["https:\/\/noticiasmercedinas.com\/site\/2021\/11\/03\/los-residentes-del-hogar-villa-abrille-vuelven-a-tener-su-revista\/"]}]},{"@type":"ImageObject","inLanguage":"es","@id":"https:\/\/noticiasmercedinas.com\/site\/2021\/11\/03\/los-residentes-del-hogar-villa-abrille-vuelven-a-tener-su-revista\/#primaryimage","url":"https:\/\/noticiasmercedinas.com\/site\/wp-content\/uploads\/2021\/11\/FDMjzMCXIAk40tU.jpg","contentUrl":"https:\/\/noticiasmercedinas.com\/site\/wp-content\/uploads\/2021\/11\/FDMjzMCXIAk40tU.jpg","width":852,"height":568},{"@type":"BreadcrumbList","@id":"https:\/\/noticiasmercedinas.com\/site\/2021\/11\/03\/los-residentes-del-hogar-villa-abrille-vuelven-a-tener-su-revista\/#breadcrumb","itemListElement":[{"@type":"ListItem","position":1,"name":"Portada","item":"https:\/\/noticiasmercedinas.com\/site\/"},{"@type":"ListItem","position":2,"name":"Los residentes del Hogar Villa Abrille vuelven a tener su revista"}]},{"@type":"WebSite","@id":"https:\/\/noticiasmercedinas.com\/site\/#website","url":"https:\/\/noticiasmercedinas.com\/site\/","name":"NOTICIASMERCEDINAS.COM","description":"Mercedes, Buenos Aires, Argentina","publisher":{"@id":"https:\/\/noticiasmercedinas.com\/site\/#organization"},"potentialAction":[{"@type":"SearchAction","target":{"@type":"EntryPoint","urlTemplate":"https:\/\/noticiasmercedinas.com\/site\/?s={search_term_string}"},"query-input":{"@type":"PropertyValueSpecification","valueRequired":true,"valueName":"search_term_string"}}],"inLanguage":"es"},{"@type":"Organization","@id":"https:\/\/noticiasmercedinas.com\/site\/#organization","name":"NOTICIASMERCEDINAS.COM","url":"https:\/\/noticiasmercedinas.com\/site\/","logo":{"@type":"ImageObject","inLanguage":"es","@id":"https:\/\/noticiasmercedinas.com\/site\/#\/schema\/logo\/image\/","url":"https:\/\/noticiasmercedinas.com\/site\/wp-content\/uploads\/2020\/06\/LOGO-512.jpg","contentUrl":"https:\/\/noticiasmercedinas.com\/site\/wp-content\/uploads\/2020\/06\/LOGO-512.jpg","width":512,"height":512,"caption":"NOTICIASMERCEDINAS.COM"},"image":{"@id":"https:\/\/noticiasmercedinas.com\/site\/#\/schema\/logo\/image\/"},"sameAs":["https:\/\/www.facebook.com\/noticiasmercedinas\/","https:\/\/x.com\/notmercedinas","https:\/\/www.instagram.com\/noticiasmercedinas\/"]},{"@type":"Person","@id":"https:\/\/noticiasmercedinas.com\/site\/#\/schema\/person\/84b59c099c28ff2e8b77d4ceec5d8063","name":"NOTICIASMERCEDINAS.COM","image":{"@type":"ImageObject","inLanguage":"es","@id":"https:\/\/secure.gravatar.com\/avatar\/4dfbf16b4d17945bfb6341b2d19043457132fcf478a5ee04f42e959fd8f5df0a?s=96&d=mm&r=g","url":"https:\/\/secure.gravatar.com\/avatar\/4dfbf16b4d17945bfb6341b2d19043457132fcf478a5ee04f42e959fd8f5df0a?s=96&d=mm&r=g","contentUrl":"https:\/\/secure.gravatar.com\/avatar\/4dfbf16b4d17945bfb6341b2d19043457132fcf478a5ee04f42e959fd8f5df0a?s=96&d=mm&r=g","caption":"NOTICIASMERCEDINAS.COM"},"url":"https:\/\/noticiasmercedinas.com\/site\/author\/anonimo\/"}]}},"amp_enabled":true,"_links":{"self":[{"href":"https:\/\/noticiasmercedinas.com\/site\/wp-json\/wp\/v2\/posts\/78602","targetHints":{"allow":["GET"]}}],"collection":[{"href":"https:\/\/noticiasmercedinas.com\/site\/wp-json\/wp\/v2\/posts"}],"about":[{"href":"https:\/\/noticiasmercedinas.com\/site\/wp-json\/wp\/v2\/types\/post"}],"author":[{"embeddable":true,"href":"https:\/\/noticiasmercedinas.com\/site\/wp-json\/wp\/v2\/users\/16"}],"replies":[{"embeddable":true,"href":"https:\/\/noticiasmercedinas.com\/site\/wp-json\/wp\/v2\/comments?post=78602"}],"version-history":[{"count":1,"href":"https:\/\/noticiasmercedinas.com\/site\/wp-json\/wp\/v2\/posts\/78602\/revisions"}],"predecessor-version":[{"id":78604,"href":"https:\/\/noticiasmercedinas.com\/site\/wp-json\/wp\/v2\/posts\/78602\/revisions\/78604"}],"wp:featuredmedia":[{"embeddable":true,"href":"https:\/\/noticiasmercedinas.com\/site\/wp-json\/wp\/v2\/media\/78603"}],"wp:attachment":[{"href":"https:\/\/noticiasmercedinas.com\/site\/wp-json\/wp\/v2\/media?parent=78602"}],"wp:term":[{"taxonomy":"category","embeddable":true,"href":"https:\/\/noticiasmercedinas.com\/site\/wp-json\/wp\/v2\/categories?post=78602"},{"taxonomy":"post_tag","embeddable":true,"href":"https:\/\/noticiasmercedinas.com\/site\/wp-json\/wp\/v2\/tags?post=78602"}],"curies":[{"name":"wp","href":"https:\/\/api.w.org\/{rel}","templated":true}]}}