{"id":78609,"date":"2021-11-03T10:02:27","date_gmt":"2021-11-03T13:02:27","guid":{"rendered":"https:\/\/noticiasmercedinas.com\/site\/?p=78609"},"modified":"2021-11-03T10:02:27","modified_gmt":"2021-11-03T13:02:27","slug":"colegio-de-farmaceuticos-provincial-pide-precisiones-sobre-eventual-control-de-precios","status":"publish","type":"post","link":"https:\/\/noticiasmercedinas.com\/site\/2021\/11\/03\/colegio-de-farmaceuticos-provincial-pide-precisiones-sobre-eventual-control-de-precios\/","title":{"rendered":"Colegio de Farmac\u00e9uticos provincial pide \u201cprecisiones\u201d sobre eventual control de precios"},"content":{"rendered":"<p><img loading=\"lazy\" decoding=\"async\" class=\"size-full wp-image-78611\" src=\"https:\/\/noticiasmercedinas.com\/site\/wp-content\/uploads\/2021\/11\/Depositphotos_21739799_S.jpg\" alt=\"\" width=\"640\" height=\"425\" srcset=\"https:\/\/noticiasmercedinas.com\/site\/wp-content\/uploads\/2021\/11\/Depositphotos_21739799_S.jpg 640w, https:\/\/noticiasmercedinas.com\/site\/wp-content\/uploads\/2021\/11\/Depositphotos_21739799_S-300x199.jpg 300w\" sizes=\"auto, (max-width: 640px) 100vw, 640px\" \/><\/p>\n<audio class=\"wp-audio-shortcode\" id=\"audio-78609-1\" preload=\"none\" style=\"width: 100%;\" controls=\"controls\"><source type=\"audio\/mpeg\" src=\"https:\/\/noticiasmercedinas.com\/site\/wp-content\/uploads\/2021\/11\/Reinoso_0311.mp3?_=1\" \/><a href=\"https:\/\/noticiasmercedinas.com\/site\/wp-content\/uploads\/2021\/11\/Reinoso_0311.mp3\">https:\/\/noticiasmercedinas.com\/site\/wp-content\/uploads\/2021\/11\/Reinoso_0311.mp3<\/a><\/audio>\n<p>La presidenta del Colegio de Farmac\u00e9uticos bonaerense, <strong>Mar\u00eda Isabel Reinoso<\/strong>, destac\u00f3 que el sector requiere \u201cmayores precisiones porque no son formadores de precios\u201d.<\/p>\n<p>En declaraciones a Siete Colores por FM 97 Une dijo que \u201cle vamos a pedir a la secretar\u00eda de Comercio Interior que nos den m\u00e1s certezas\u201d sobre un eventual control de precios y destac\u00f3 que \u201clos farmac\u00e9uticos no somos formadores de precios sino que los ponen los laboratorios\u201d.<\/p>\n<p>Reinoso dijo que \u201cel 40% de los medicamentos que son los destinados a los adultos mayores ya est\u00e1n regulados a partir de un acuerdo que se firm\u00f3 en marzo de este a\u00f1o\u201d.<\/p>\n<p>Explic\u00f3 que \u201cen la farmacia cuando compramos un medicamento en la droguer\u00eda no le aplicamos un adicional. No tenemos la misma l\u00f3gica que el comercio de alimentos y esto es as\u00ed porque debe haber un precio controlado para aplicar los descuentos de las coberturas y el sistema de seguridad social que tiene la Rep\u00fablica Argentina\u201d.<\/p>\n<p>Reinoso sostuvo que \u201clos medicamentos que han aumentado por sobre la inflaci\u00f3n son los dedicados a la atenci\u00f3n del COVID\u201d y reiter\u00f3 que \u201cnosotros no le podemos cambiar el precio al medicamento, pero desde las farmacias podemos aportar condiciones para que el acceso del medicamento est\u00e9 garantizado\u201d.<\/p>\n","protected":false},"excerpt":{"rendered":"<p>\u25a0 La titular de la entidad, Mar\u00eda Isabel Reinoso, dijo que est\u00e1n dispuestos a colaborar y record\u00f3 que los valores \u201clos ponen los laboratorios\u201d.<\/p>\n","protected":false},"author":16,"featured_media":78611,"comment_status":"open","ping_status":"open","sticky":false,"template":"","format":"standard","meta":{"footnotes":""},"categories":[7919],"tags":[1916,13220],"class_list":["post-78609","post","type-post","status-publish","format-standard","has-post-thumbnail","hentry","category-provinciales","tag-colegio-de-farmaceuticos","tag-maria-isabel-reinoso"],"yoast_head":"<!-- This site is optimized with the Yoast SEO plugin v27.5 - https:\/\/yoast.com\/product\/yoast-seo-wordpress\/ -->\n<title>Colegio de Farmac\u00e9uticos provincial pide \u201cprecisiones\u201d sobre eventual control de precios<\/title>\n<meta name=\"robots\" content=\"index, follow, max-snippet:-1, max-image-preview:large, max-video-preview:-1\" \/>\n<link rel=\"canonical\" href=\"https:\/\/noticiasmercedinas.com\/site\/2021\/11\/03\/colegio-de-farmaceuticos-provincial-pide-precisiones-sobre-eventual-control-de-precios\/\" \/>\n<meta property=\"og:locale\" content=\"es_ES\" \/>\n<meta property=\"og:type\" content=\"article\" \/>\n<meta property=\"og:title\" content=\"Colegio de Farmac\u00e9uticos provincial pide \u201cprecisiones\u201d sobre eventual control de precios\" \/>\n<meta property=\"og:description\" content=\"\u25a0 La titular de la entidad, Mar\u00eda Isabel Reinoso, dijo que est\u00e1n dispuestos a colaborar y record\u00f3 que los valores \u201clos ponen los laboratorios\u201d.\" \/>\n<meta property=\"og:url\" content=\"https:\/\/noticiasmercedinas.com\/site\/2021\/11\/03\/colegio-de-farmaceuticos-provincial-pide-precisiones-sobre-eventual-control-de-precios\/\" \/>\n<meta property=\"og:site_name\" content=\"NOTICIASMERCEDINAS.COM\" \/>\n<meta property=\"article:publisher\" content=\"https:\/\/www.facebook.com\/noticiasmercedinas\/\" \/>\n<meta property=\"article:published_time\" content=\"2021-11-03T13:02:27+00:00\" \/>\n<meta property=\"og:image\" content=\"https:\/\/noticiasmercedinas.com\/site\/wp-content\/uploads\/2021\/11\/Depositphotos_21739799_S.jpg\" \/>\n\t<meta property=\"og:image:width\" content=\"640\" \/>\n\t<meta property=\"og:image:height\" content=\"425\" \/>\n\t<meta property=\"og:image:type\" content=\"image\/jpeg\" \/>\n<meta name=\"author\" content=\"NOTICIASMERCEDINAS.COM\" \/>\n<meta name=\"twitter:card\" content=\"summary_large_image\" \/>\n<meta name=\"twitter:creator\" content=\"@notmercedinas\" \/>\n<meta name=\"twitter:site\" content=\"@notmercedinas\" \/>\n<meta name=\"twitter:label1\" content=\"Escrito por\" \/>\n\t<meta name=\"twitter:data1\" content=\"NOTICIASMERCEDINAS.COM\" \/>\n\t<meta name=\"twitter:label2\" content=\"Tiempo de lectura\" \/>\n\t<meta name=\"twitter:data2\" content=\"2 minutos\" \/>\n<script type=\"application\/ld+json\" class=\"yoast-schema-graph\">{\"@context\":\"https:\\\/\\\/schema.org\",\"@graph\":[{\"@type\":\"Article\",\"@id\":\"https:\\\/\\\/noticiasmercedinas.com\\\/site\\\/2021\\\/11\\\/03\\\/colegio-de-farmaceuticos-provincial-pide-precisiones-sobre-eventual-control-de-precios\\\/#article\",\"isPartOf\":{\"@id\":\"https:\\\/\\\/noticiasmercedinas.com\\\/site\\\/2021\\\/11\\\/03\\\/colegio-de-farmaceuticos-provincial-pide-precisiones-sobre-eventual-control-de-precios\\\/\"},\"author\":{\"name\":\"NOTICIASMERCEDINAS.COM\",\"@id\":\"https:\\\/\\\/noticiasmercedinas.com\\\/site\\\/#\\\/schema\\\/person\\\/84b59c099c28ff2e8b77d4ceec5d8063\"},\"headline\":\"Colegio de Farmac\u00e9uticos provincial pide \u201cprecisiones\u201d sobre eventual control de precios\",\"datePublished\":\"2021-11-03T13:02:27+00:00\",\"mainEntityOfPage\":{\"@id\":\"https:\\\/\\\/noticiasmercedinas.com\\\/site\\\/2021\\\/11\\\/03\\\/colegio-de-farmaceuticos-provincial-pide-precisiones-sobre-eventual-control-de-precios\\\/\"},\"wordCount\":238,\"commentCount\":0,\"publisher\":{\"@id\":\"https:\\\/\\\/noticiasmercedinas.com\\\/site\\\/#organization\"},\"image\":{\"@id\":\"https:\\\/\\\/noticiasmercedinas.com\\\/site\\\/2021\\\/11\\\/03\\\/colegio-de-farmaceuticos-provincial-pide-precisiones-sobre-eventual-control-de-precios\\\/#primaryimage\"},\"thumbnailUrl\":\"https:\\\/\\\/noticiasmercedinas.com\\\/site\\\/wp-content\\\/uploads\\\/2021\\\/11\\\/Depositphotos_21739799_S.jpg\",\"keywords\":[\"colegio de farmaceuticos\",\"Mar\u00eda Isabel Reinoso\"],\"articleSection\":[\"Provinciales\"],\"inLanguage\":\"es\",\"potentialAction\":[{\"@type\":\"CommentAction\",\"name\":\"Comment\",\"target\":[\"https:\\\/\\\/noticiasmercedinas.com\\\/site\\\/2021\\\/11\\\/03\\\/colegio-de-farmaceuticos-provincial-pide-precisiones-sobre-eventual-control-de-precios\\\/#respond\"]}]},{\"@type\":\"WebPage\",\"@id\":\"https:\\\/\\\/noticiasmercedinas.com\\\/site\\\/2021\\\/11\\\/03\\\/colegio-de-farmaceuticos-provincial-pide-precisiones-sobre-eventual-control-de-precios\\\/\",\"url\":\"https:\\\/\\\/noticiasmercedinas.com\\\/site\\\/2021\\\/11\\\/03\\\/colegio-de-farmaceuticos-provincial-pide-precisiones-sobre-eventual-control-de-precios\\\/\",\"name\":\"Colegio de Farmac\u00e9uticos provincial pide \u201cprecisiones\u201d sobre eventual control de precios\",\"isPartOf\":{\"@id\":\"https:\\\/\\\/noticiasmercedinas.com\\\/site\\\/#website\"},\"primaryImageOfPage\":{\"@id\":\"https:\\\/\\\/noticiasmercedinas.com\\\/site\\\/2021\\\/11\\\/03\\\/colegio-de-farmaceuticos-provincial-pide-precisiones-sobre-eventual-control-de-precios\\\/#primaryimage\"},\"image\":{\"@id\":\"https:\\\/\\\/noticiasmercedinas.com\\\/site\\\/2021\\\/11\\\/03\\\/colegio-de-farmaceuticos-provincial-pide-precisiones-sobre-eventual-control-de-precios\\\/#primaryimage\"},\"thumbnailUrl\":\"https:\\\/\\\/noticiasmercedinas.com\\\/site\\\/wp-content\\\/uploads\\\/2021\\\/11\\\/Depositphotos_21739799_S.jpg\",\"datePublished\":\"2021-11-03T13:02:27+00:00\",\"breadcrumb\":{\"@id\":\"https:\\\/\\\/noticiasmercedinas.com\\\/site\\\/2021\\\/11\\\/03\\\/colegio-de-farmaceuticos-provincial-pide-precisiones-sobre-eventual-control-de-precios\\\/#breadcrumb\"},\"inLanguage\":\"es\",\"potentialAction\":[{\"@type\":\"ReadAction\",\"target\":[\"https:\\\/\\\/noticiasmercedinas.com\\\/site\\\/2021\\\/11\\\/03\\\/colegio-de-farmaceuticos-provincial-pide-precisiones-sobre-eventual-control-de-precios\\\/\"]}]},{\"@type\":\"ImageObject\",\"inLanguage\":\"es\",\"@id\":\"https:\\\/\\\/noticiasmercedinas.com\\\/site\\\/2021\\\/11\\\/03\\\/colegio-de-farmaceuticos-provincial-pide-precisiones-sobre-eventual-control-de-precios\\\/#primaryimage\",\"url\":\"https:\\\/\\\/noticiasmercedinas.com\\\/site\\\/wp-content\\\/uploads\\\/2021\\\/11\\\/Depositphotos_21739799_S.jpg\",\"contentUrl\":\"https:\\\/\\\/noticiasmercedinas.com\\\/site\\\/wp-content\\\/uploads\\\/2021\\\/11\\\/Depositphotos_21739799_S.jpg\",\"width\":640,\"height\":425,\"caption\":\"closeup hand of woman pharmacist with prescription and medicine at drugstore\"},{\"@type\":\"BreadcrumbList\",\"@id\":\"https:\\\/\\\/noticiasmercedinas.com\\\/site\\\/2021\\\/11\\\/03\\\/colegio-de-farmaceuticos-provincial-pide-precisiones-sobre-eventual-control-de-precios\\\/#breadcrumb\",\"itemListElement\":[{\"@type\":\"ListItem\",\"position\":1,\"name\":\"Portada\",\"item\":\"https:\\\/\\\/noticiasmercedinas.com\\\/site\\\/\"},{\"@type\":\"ListItem\",\"position\":2,\"name\":\"Colegio de Farmac\u00e9uticos provincial pide \u201cprecisiones\u201d sobre eventual control de precios\"}]},{\"@type\":\"WebSite\",\"@id\":\"https:\\\/\\\/noticiasmercedinas.com\\\/site\\\/#website\",\"url\":\"https:\\\/\\\/noticiasmercedinas.com\\\/site\\\/\",\"name\":\"NOTICIASMERCEDINAS.COM\",\"description\":\"Mercedes, Buenos Aires, Argentina\",\"publisher\":{\"@id\":\"https:\\\/\\\/noticiasmercedinas.com\\\/site\\\/#organization\"},\"potentialAction\":[{\"@type\":\"SearchAction\",\"target\":{\"@type\":\"EntryPoint\",\"urlTemplate\":\"https:\\\/\\\/noticiasmercedinas.com\\\/site\\\/?s={search_term_string}\"},\"query-input\":{\"@type\":\"PropertyValueSpecification\",\"valueRequired\":true,\"valueName\":\"search_term_string\"}}],\"inLanguage\":\"es\"},{\"@type\":\"Organization\",\"@id\":\"https:\\\/\\\/noticiasmercedinas.com\\\/site\\\/#organization\",\"name\":\"NOTICIASMERCEDINAS.COM\",\"url\":\"https:\\\/\\\/noticiasmercedinas.com\\\/site\\\/\",\"logo\":{\"@type\":\"ImageObject\",\"inLanguage\":\"es\",\"@id\":\"https:\\\/\\\/noticiasmercedinas.com\\\/site\\\/#\\\/schema\\\/logo\\\/image\\\/\",\"url\":\"https:\\\/\\\/noticiasmercedinas.com\\\/site\\\/wp-content\\\/uploads\\\/2020\\\/06\\\/LOGO-512.jpg\",\"contentUrl\":\"https:\\\/\\\/noticiasmercedinas.com\\\/site\\\/wp-content\\\/uploads\\\/2020\\\/06\\\/LOGO-512.jpg\",\"width\":512,\"height\":512,\"caption\":\"NOTICIASMERCEDINAS.COM\"},\"image\":{\"@id\":\"https:\\\/\\\/noticiasmercedinas.com\\\/site\\\/#\\\/schema\\\/logo\\\/image\\\/\"},\"sameAs\":[\"https:\\\/\\\/www.facebook.com\\\/noticiasmercedinas\\\/\",\"https:\\\/\\\/x.com\\\/notmercedinas\",\"https:\\\/\\\/www.instagram.com\\\/noticiasmercedinas\\\/\"]},{\"@type\":\"Person\",\"@id\":\"https:\\\/\\\/noticiasmercedinas.com\\\/site\\\/#\\\/schema\\\/person\\\/84b59c099c28ff2e8b77d4ceec5d8063\",\"name\":\"NOTICIASMERCEDINAS.COM\",\"image\":{\"@type\":\"ImageObject\",\"inLanguage\":\"es\",\"@id\":\"https:\\\/\\\/secure.gravatar.com\\\/avatar\\\/4dfbf16b4d17945bfb6341b2d19043457132fcf478a5ee04f42e959fd8f5df0a?s=96&d=mm&r=g\",\"url\":\"https:\\\/\\\/secure.gravatar.com\\\/avatar\\\/4dfbf16b4d17945bfb6341b2d19043457132fcf478a5ee04f42e959fd8f5df0a?s=96&d=mm&r=g\",\"contentUrl\":\"https:\\\/\\\/secure.gravatar.com\\\/avatar\\\/4dfbf16b4d17945bfb6341b2d19043457132fcf478a5ee04f42e959fd8f5df0a?s=96&d=mm&r=g\",\"caption\":\"NOTICIASMERCEDINAS.COM\"},\"url\":\"https:\\\/\\\/noticiasmercedinas.com\\\/site\\\/author\\\/anonimo\\\/\"}]}<\/script>\n<!-- \/ Yoast SEO plugin. -->","yoast_head_json":{"title":"Colegio de Farmac\u00e9uticos provincial pide \u201cprecisiones\u201d sobre eventual control de precios","robots":{"index":"index","follow":"follow","max-snippet":"max-snippet:-1","max-image-preview":"max-image-preview:large","max-video-preview":"max-video-preview:-1"},"canonical":"https:\/\/noticiasmercedinas.com\/site\/2021\/11\/03\/colegio-de-farmaceuticos-provincial-pide-precisiones-sobre-eventual-control-de-precios\/","og_locale":"es_ES","og_type":"article","og_title":"Colegio de Farmac\u00e9uticos provincial pide \u201cprecisiones\u201d sobre eventual control de precios","og_description":"\u25a0 La titular de la entidad, Mar\u00eda Isabel Reinoso, dijo que est\u00e1n dispuestos a colaborar y record\u00f3 que los valores \u201clos ponen los laboratorios\u201d.","og_url":"https:\/\/noticiasmercedinas.com\/site\/2021\/11\/03\/colegio-de-farmaceuticos-provincial-pide-precisiones-sobre-eventual-control-de-precios\/","og_site_name":"NOTICIASMERCEDINAS.COM","article_publisher":"https:\/\/www.facebook.com\/noticiasmercedinas\/","article_published_time":"2021-11-03T13:02:27+00:00","og_image":[{"width":640,"height":425,"url":"https:\/\/noticiasmercedinas.com\/site\/wp-content\/uploads\/2021\/11\/Depositphotos_21739799_S.jpg","type":"image\/jpeg"}],"author":"NOTICIASMERCEDINAS.COM","twitter_card":"summary_large_image","twitter_creator":"@notmercedinas","twitter_site":"@notmercedinas","twitter_misc":{"Escrito por":"NOTICIASMERCEDINAS.COM","Tiempo de lectura":"2 minutos"},"schema":{"@context":"https:\/\/schema.org","@graph":[{"@type":"Article","@id":"https:\/\/noticiasmercedinas.com\/site\/2021\/11\/03\/colegio-de-farmaceuticos-provincial-pide-precisiones-sobre-eventual-control-de-precios\/#article","isPartOf":{"@id":"https:\/\/noticiasmercedinas.com\/site\/2021\/11\/03\/colegio-de-farmaceuticos-provincial-pide-precisiones-sobre-eventual-control-de-precios\/"},"author":{"name":"NOTICIASMERCEDINAS.COM","@id":"https:\/\/noticiasmercedinas.com\/site\/#\/schema\/person\/84b59c099c28ff2e8b77d4ceec5d8063"},"headline":"Colegio de Farmac\u00e9uticos provincial pide \u201cprecisiones\u201d sobre eventual control de precios","datePublished":"2021-11-03T13:02:27+00:00","mainEntityOfPage":{"@id":"https:\/\/noticiasmercedinas.com\/site\/2021\/11\/03\/colegio-de-farmaceuticos-provincial-pide-precisiones-sobre-eventual-control-de-precios\/"},"wordCount":238,"commentCount":0,"publisher":{"@id":"https:\/\/noticiasmercedinas.com\/site\/#organization"},"image":{"@id":"https:\/\/noticiasmercedinas.com\/site\/2021\/11\/03\/colegio-de-farmaceuticos-provincial-pide-precisiones-sobre-eventual-control-de-precios\/#primaryimage"},"thumbnailUrl":"https:\/\/noticiasmercedinas.com\/site\/wp-content\/uploads\/2021\/11\/Depositphotos_21739799_S.jpg","keywords":["colegio de farmaceuticos","Mar\u00eda Isabel Reinoso"],"articleSection":["Provinciales"],"inLanguage":"es","potentialAction":[{"@type":"CommentAction","name":"Comment","target":["https:\/\/noticiasmercedinas.com\/site\/2021\/11\/03\/colegio-de-farmaceuticos-provincial-pide-precisiones-sobre-eventual-control-de-precios\/#respond"]}]},{"@type":"WebPage","@id":"https:\/\/noticiasmercedinas.com\/site\/2021\/11\/03\/colegio-de-farmaceuticos-provincial-pide-precisiones-sobre-eventual-control-de-precios\/","url":"https:\/\/noticiasmercedinas.com\/site\/2021\/11\/03\/colegio-de-farmaceuticos-provincial-pide-precisiones-sobre-eventual-control-de-precios\/","name":"Colegio de Farmac\u00e9uticos provincial pide \u201cprecisiones\u201d sobre eventual control de precios","isPartOf":{"@id":"https:\/\/noticiasmercedinas.com\/site\/#website"},"primaryImageOfPage":{"@id":"https:\/\/noticiasmercedinas.com\/site\/2021\/11\/03\/colegio-de-farmaceuticos-provincial-pide-precisiones-sobre-eventual-control-de-precios\/#primaryimage"},"image":{"@id":"https:\/\/noticiasmercedinas.com\/site\/2021\/11\/03\/colegio-de-farmaceuticos-provincial-pide-precisiones-sobre-eventual-control-de-precios\/#primaryimage"},"thumbnailUrl":"https:\/\/noticiasmercedinas.com\/site\/wp-content\/uploads\/2021\/11\/Depositphotos_21739799_S.jpg","datePublished":"2021-11-03T13:02:27+00:00","breadcrumb":{"@id":"https:\/\/noticiasmercedinas.com\/site\/2021\/11\/03\/colegio-de-farmaceuticos-provincial-pide-precisiones-sobre-eventual-control-de-precios\/#breadcrumb"},"inLanguage":"es","potentialAction":[{"@type":"ReadAction","target":["https:\/\/noticiasmercedinas.com\/site\/2021\/11\/03\/colegio-de-farmaceuticos-provincial-pide-precisiones-sobre-eventual-control-de-precios\/"]}]},{"@type":"ImageObject","inLanguage":"es","@id":"https:\/\/noticiasmercedinas.com\/site\/2021\/11\/03\/colegio-de-farmaceuticos-provincial-pide-precisiones-sobre-eventual-control-de-precios\/#primaryimage","url":"https:\/\/noticiasmercedinas.com\/site\/wp-content\/uploads\/2021\/11\/Depositphotos_21739799_S.jpg","contentUrl":"https:\/\/noticiasmercedinas.com\/site\/wp-content\/uploads\/2021\/11\/Depositphotos_21739799_S.jpg","width":640,"height":425,"caption":"closeup hand of woman pharmacist with prescription and medicine at drugstore"},{"@type":"BreadcrumbList","@id":"https:\/\/noticiasmercedinas.com\/site\/2021\/11\/03\/colegio-de-farmaceuticos-provincial-pide-precisiones-sobre-eventual-control-de-precios\/#breadcrumb","itemListElement":[{"@type":"ListItem","position":1,"name":"Portada","item":"https:\/\/noticiasmercedinas.com\/site\/"},{"@type":"ListItem","position":2,"name":"Colegio de Farmac\u00e9uticos provincial pide \u201cprecisiones\u201d sobre eventual control de precios"}]},{"@type":"WebSite","@id":"https:\/\/noticiasmercedinas.com\/site\/#website","url":"https:\/\/noticiasmercedinas.com\/site\/","name":"NOTICIASMERCEDINAS.COM","description":"Mercedes, Buenos Aires, Argentina","publisher":{"@id":"https:\/\/noticiasmercedinas.com\/site\/#organization"},"potentialAction":[{"@type":"SearchAction","target":{"@type":"EntryPoint","urlTemplate":"https:\/\/noticiasmercedinas.com\/site\/?s={search_term_string}"},"query-input":{"@type":"PropertyValueSpecification","valueRequired":true,"valueName":"search_term_string"}}],"inLanguage":"es"},{"@type":"Organization","@id":"https:\/\/noticiasmercedinas.com\/site\/#organization","name":"NOTICIASMERCEDINAS.COM","url":"https:\/\/noticiasmercedinas.com\/site\/","logo":{"@type":"ImageObject","inLanguage":"es","@id":"https:\/\/noticiasmercedinas.com\/site\/#\/schema\/logo\/image\/","url":"https:\/\/noticiasmercedinas.com\/site\/wp-content\/uploads\/2020\/06\/LOGO-512.jpg","contentUrl":"https:\/\/noticiasmercedinas.com\/site\/wp-content\/uploads\/2020\/06\/LOGO-512.jpg","width":512,"height":512,"caption":"NOTICIASMERCEDINAS.COM"},"image":{"@id":"https:\/\/noticiasmercedinas.com\/site\/#\/schema\/logo\/image\/"},"sameAs":["https:\/\/www.facebook.com\/noticiasmercedinas\/","https:\/\/x.com\/notmercedinas","https:\/\/www.instagram.com\/noticiasmercedinas\/"]},{"@type":"Person","@id":"https:\/\/noticiasmercedinas.com\/site\/#\/schema\/person\/84b59c099c28ff2e8b77d4ceec5d8063","name":"NOTICIASMERCEDINAS.COM","image":{"@type":"ImageObject","inLanguage":"es","@id":"https:\/\/secure.gravatar.com\/avatar\/4dfbf16b4d17945bfb6341b2d19043457132fcf478a5ee04f42e959fd8f5df0a?s=96&d=mm&r=g","url":"https:\/\/secure.gravatar.com\/avatar\/4dfbf16b4d17945bfb6341b2d19043457132fcf478a5ee04f42e959fd8f5df0a?s=96&d=mm&r=g","contentUrl":"https:\/\/secure.gravatar.com\/avatar\/4dfbf16b4d17945bfb6341b2d19043457132fcf478a5ee04f42e959fd8f5df0a?s=96&d=mm&r=g","caption":"NOTICIASMERCEDINAS.COM"},"url":"https:\/\/noticiasmercedinas.com\/site\/author\/anonimo\/"}]}},"amp_enabled":true,"_links":{"self":[{"href":"https:\/\/noticiasmercedinas.com\/site\/wp-json\/wp\/v2\/posts\/78609","targetHints":{"allow":["GET"]}}],"collection":[{"href":"https:\/\/noticiasmercedinas.com\/site\/wp-json\/wp\/v2\/posts"}],"about":[{"href":"https:\/\/noticiasmercedinas.com\/site\/wp-json\/wp\/v2\/types\/post"}],"author":[{"embeddable":true,"href":"https:\/\/noticiasmercedinas.com\/site\/wp-json\/wp\/v2\/users\/16"}],"replies":[{"embeddable":true,"href":"https:\/\/noticiasmercedinas.com\/site\/wp-json\/wp\/v2\/comments?post=78609"}],"version-history":[{"count":1,"href":"https:\/\/noticiasmercedinas.com\/site\/wp-json\/wp\/v2\/posts\/78609\/revisions"}],"predecessor-version":[{"id":78612,"href":"https:\/\/noticiasmercedinas.com\/site\/wp-json\/wp\/v2\/posts\/78609\/revisions\/78612"}],"wp:featuredmedia":[{"embeddable":true,"href":"https:\/\/noticiasmercedinas.com\/site\/wp-json\/wp\/v2\/media\/78611"}],"wp:attachment":[{"href":"https:\/\/noticiasmercedinas.com\/site\/wp-json\/wp\/v2\/media?parent=78609"}],"wp:term":[{"taxonomy":"category","embeddable":true,"href":"https:\/\/noticiasmercedinas.com\/site\/wp-json\/wp\/v2\/categories?post=78609"},{"taxonomy":"post_tag","embeddable":true,"href":"https:\/\/noticiasmercedinas.com\/site\/wp-json\/wp\/v2\/tags?post=78609"}],"curies":[{"name":"wp","href":"https:\/\/api.w.org\/{rel}","templated":true}]}}