{"id":78663,"date":"2021-11-04T08:06:26","date_gmt":"2021-11-04T11:06:26","guid":{"rendered":"https:\/\/noticiasmercedinas.com\/site\/?p=78663"},"modified":"2021-11-04T08:06:26","modified_gmt":"2021-11-04T11:06:26","slug":"tramo-final-para-obra-del-jardin-espacio-primera-infancia-del-eva-duarte","status":"publish","type":"post","link":"https:\/\/noticiasmercedinas.com\/site\/2021\/11\/04\/tramo-final-para-obra-del-jardin-espacio-primera-infancia-del-eva-duarte\/","title":{"rendered":"Tramo final para obra del Jard\u00edn Espacio Primera Infancia del Eva Duarte\u00a0"},"content":{"rendered":"<p><img loading=\"lazy\" decoding=\"async\" class=\"alignnone size-full wp-image-78664\" src=\"https:\/\/noticiasmercedinas.com\/site\/wp-content\/uploads\/2021\/11\/DSC09667-e1636023933814.jpg\" alt=\"\" width=\"640\" height=\"427\" \/><\/p>\n<p>Las pol\u00edticas p\u00fablicas que viene desarrollando el Municipio de Mercedes se multiplican en todos los barrios, como tambi\u00e9n las gestiones y el trabajo en conjunto con el Gobierno Provincial. De esta manera, se est\u00e1n llevando adelante las obras de construcci\u00f3n de un nuevo Espacio Primera Infancia en la ciudad, m\u00e1s espec\u00edficamente en el barrio Eva Duarte.<\/p>\n<p>All\u00ed estuvo el intendente Juan Ignacio Ustarroz y manifest\u00f3 que se est\u00e1 \u201cpr\u00f3ximos finalizar la construcci\u00f3n de este Espacio Primera Infancia, uno m\u00e1s en la ciudad de Mercedes, este ser\u00e1 el octavo\u201d.<\/p>\n<p>\u201cEsto lo inici\u00f3 el barrio Eva Duarte, donde se trabaj\u00f3 mucho, pero cuando se ven las dimensiones es imposible para un barrio hacer al cien por ciento esta obra tan importante desde el punto de vista de la arquitectura, pero por sobre todas las cosas una obra muy importante desde el punto de vista de las pol\u00edticas p\u00fablicas de ni\u00f1ez e infancia que lleva adelante el Municipio\u201d, agreg\u00f3.<\/p>\n<p>\u201cQue en diferentes zonas de nuestra ciudad haya Espacios Primera Infancia a nosotros nos genera mucha felicidad y es un honor muy grande que desde distintos puntos del pa\u00eds esto se tome como ejemplo\u201d, afirm\u00f3 el intendente Ustarroz y remarc\u00f3 que \u201cla ciudad crece y esta zona necesitaba un dispositivo de estas caracter\u00edsticas, calidad y calidez, as\u00ed que muy contentos\u201d.<\/p>\n<p>El secretario de Obras P\u00fablicas, Emanuel P\u00e9rez Carrera, se\u00f1al\u00f3: \u201cEstamos en la etapa de la obra gruesa, todo lo que es revoque y se va a comenzar con la parte exterior \u2013recuadro de ventanas&#8211; e instalaciones, para luego comenzar con las terminaciones\u201d, y destac\u00f3 que \u201cestamos muy contentos porque el avance la obra es mayor a los tiempos proyectados, as\u00ed que calculamos que tenemos aproximadamente 3 meses hasta finalizarlos\u201d.<\/p>\n<p>Por su parte, la directora de Ni\u00f1ez y Adolescencia, Gabriela Olivella expres\u00f3: \u201cCada vez que recorremos una obra como est\u00e1 nos pone muy contentos y nos genera esta responsabilidad de dar cada vez m\u00e1s respuestas en materia de primera infancia que creemos de gran importancia\u201d.<\/p>\n","protected":false},"excerpt":{"rendered":"<p>\u25a0 Se calculan tres meses para su conclusi\u00f3n. \u201cEstamos muy contentos porque el avance la obra es mayor a los tiempos proyectados\u201d, se\u00f1al\u00f3 Emanuel P\u00e9rez Carrera.<\/p>\n","protected":false},"author":16,"featured_media":78664,"comment_status":"open","ping_status":"open","sticky":false,"template":"","format":"standard","meta":{"footnotes":""},"categories":[3],"tags":[1579,6481,2004,10776],"class_list":["post-78663","post","type-post","status-publish","format-standard","has-post-thumbnail","hentry","category-sociedad","tag-epi","tag-espacio-primera-infancia","tag-eva-duarte","tag-ninez-y-adolescencia"],"yoast_head":"<!-- This site is optimized with the Yoast SEO plugin v27.5 - https:\/\/yoast.com\/product\/yoast-seo-wordpress\/ -->\n<title>Tramo final para obra del Jard\u00edn Espacio Primera Infancia del Eva Duarte\u00a0<\/title>\n<meta name=\"robots\" content=\"index, follow, max-snippet:-1, max-image-preview:large, max-video-preview:-1\" \/>\n<link rel=\"canonical\" href=\"https:\/\/noticiasmercedinas.com\/site\/2021\/11\/04\/tramo-final-para-obra-del-jardin-espacio-primera-infancia-del-eva-duarte\/\" \/>\n<meta property=\"og:locale\" content=\"es_ES\" \/>\n<meta property=\"og:type\" content=\"article\" \/>\n<meta property=\"og:title\" content=\"Tramo final para obra del Jard\u00edn Espacio Primera Infancia del Eva Duarte\u00a0\" \/>\n<meta property=\"og:description\" content=\"\u25a0 Se calculan tres meses para su conclusi\u00f3n. \u201cEstamos muy contentos porque el avance la obra es mayor a los tiempos proyectados\u201d, se\u00f1al\u00f3 Emanuel P\u00e9rez Carrera.\" \/>\n<meta property=\"og:url\" content=\"https:\/\/noticiasmercedinas.com\/site\/2021\/11\/04\/tramo-final-para-obra-del-jardin-espacio-primera-infancia-del-eva-duarte\/\" \/>\n<meta property=\"og:site_name\" content=\"NOTICIASMERCEDINAS.COM\" \/>\n<meta property=\"article:publisher\" content=\"https:\/\/www.facebook.com\/noticiasmercedinas\/\" \/>\n<meta property=\"article:published_time\" content=\"2021-11-04T11:06:26+00:00\" \/>\n<meta property=\"og:image\" content=\"https:\/\/noticiasmercedinas.com\/site\/wp-content\/uploads\/2021\/11\/DSC09667-e1636023933814.jpg\" \/>\n\t<meta property=\"og:image:width\" content=\"640\" \/>\n\t<meta property=\"og:image:height\" content=\"427\" \/>\n\t<meta property=\"og:image:type\" content=\"image\/jpeg\" \/>\n<meta name=\"author\" content=\"NOTICIASMERCEDINAS.COM\" \/>\n<meta name=\"twitter:card\" content=\"summary_large_image\" \/>\n<meta name=\"twitter:creator\" content=\"@notmercedinas\" \/>\n<meta name=\"twitter:site\" content=\"@notmercedinas\" \/>\n<meta name=\"twitter:label1\" content=\"Escrito por\" \/>\n\t<meta name=\"twitter:data1\" content=\"NOTICIASMERCEDINAS.COM\" \/>\n\t<meta name=\"twitter:label2\" content=\"Tiempo de lectura\" \/>\n\t<meta name=\"twitter:data2\" content=\"2 minutos\" \/>\n<script type=\"application\/ld+json\" class=\"yoast-schema-graph\">{\"@context\":\"https:\\\/\\\/schema.org\",\"@graph\":[{\"@type\":\"Article\",\"@id\":\"https:\\\/\\\/noticiasmercedinas.com\\\/site\\\/2021\\\/11\\\/04\\\/tramo-final-para-obra-del-jardin-espacio-primera-infancia-del-eva-duarte\\\/#article\",\"isPartOf\":{\"@id\":\"https:\\\/\\\/noticiasmercedinas.com\\\/site\\\/2021\\\/11\\\/04\\\/tramo-final-para-obra-del-jardin-espacio-primera-infancia-del-eva-duarte\\\/\"},\"author\":{\"name\":\"NOTICIASMERCEDINAS.COM\",\"@id\":\"https:\\\/\\\/noticiasmercedinas.com\\\/site\\\/#\\\/schema\\\/person\\\/84b59c099c28ff2e8b77d4ceec5d8063\"},\"headline\":\"Tramo final para obra del Jard\u00edn Espacio Primera Infancia del Eva Duarte\u00a0\",\"datePublished\":\"2021-11-04T11:06:26+00:00\",\"mainEntityOfPage\":{\"@id\":\"https:\\\/\\\/noticiasmercedinas.com\\\/site\\\/2021\\\/11\\\/04\\\/tramo-final-para-obra-del-jardin-espacio-primera-infancia-del-eva-duarte\\\/\"},\"wordCount\":362,\"commentCount\":0,\"publisher\":{\"@id\":\"https:\\\/\\\/noticiasmercedinas.com\\\/site\\\/#organization\"},\"image\":{\"@id\":\"https:\\\/\\\/noticiasmercedinas.com\\\/site\\\/2021\\\/11\\\/04\\\/tramo-final-para-obra-del-jardin-espacio-primera-infancia-del-eva-duarte\\\/#primaryimage\"},\"thumbnailUrl\":\"https:\\\/\\\/noticiasmercedinas.com\\\/site\\\/wp-content\\\/uploads\\\/2021\\\/11\\\/DSC09667-e1636023933814.jpg\",\"keywords\":[\"epi\",\"espacio primera infancia\",\"Eva Duarte\",\"ni\u00f1ez y adolescencia\"],\"articleSection\":[\"Sociedad\"],\"inLanguage\":\"es\",\"potentialAction\":[{\"@type\":\"CommentAction\",\"name\":\"Comment\",\"target\":[\"https:\\\/\\\/noticiasmercedinas.com\\\/site\\\/2021\\\/11\\\/04\\\/tramo-final-para-obra-del-jardin-espacio-primera-infancia-del-eva-duarte\\\/#respond\"]}]},{\"@type\":\"WebPage\",\"@id\":\"https:\\\/\\\/noticiasmercedinas.com\\\/site\\\/2021\\\/11\\\/04\\\/tramo-final-para-obra-del-jardin-espacio-primera-infancia-del-eva-duarte\\\/\",\"url\":\"https:\\\/\\\/noticiasmercedinas.com\\\/site\\\/2021\\\/11\\\/04\\\/tramo-final-para-obra-del-jardin-espacio-primera-infancia-del-eva-duarte\\\/\",\"name\":\"Tramo final para obra del Jard\u00edn Espacio Primera Infancia del Eva Duarte\u00a0\",\"isPartOf\":{\"@id\":\"https:\\\/\\\/noticiasmercedinas.com\\\/site\\\/#website\"},\"primaryImageOfPage\":{\"@id\":\"https:\\\/\\\/noticiasmercedinas.com\\\/site\\\/2021\\\/11\\\/04\\\/tramo-final-para-obra-del-jardin-espacio-primera-infancia-del-eva-duarte\\\/#primaryimage\"},\"image\":{\"@id\":\"https:\\\/\\\/noticiasmercedinas.com\\\/site\\\/2021\\\/11\\\/04\\\/tramo-final-para-obra-del-jardin-espacio-primera-infancia-del-eva-duarte\\\/#primaryimage\"},\"thumbnailUrl\":\"https:\\\/\\\/noticiasmercedinas.com\\\/site\\\/wp-content\\\/uploads\\\/2021\\\/11\\\/DSC09667-e1636023933814.jpg\",\"datePublished\":\"2021-11-04T11:06:26+00:00\",\"breadcrumb\":{\"@id\":\"https:\\\/\\\/noticiasmercedinas.com\\\/site\\\/2021\\\/11\\\/04\\\/tramo-final-para-obra-del-jardin-espacio-primera-infancia-del-eva-duarte\\\/#breadcrumb\"},\"inLanguage\":\"es\",\"potentialAction\":[{\"@type\":\"ReadAction\",\"target\":[\"https:\\\/\\\/noticiasmercedinas.com\\\/site\\\/2021\\\/11\\\/04\\\/tramo-final-para-obra-del-jardin-espacio-primera-infancia-del-eva-duarte\\\/\"]}]},{\"@type\":\"ImageObject\",\"inLanguage\":\"es\",\"@id\":\"https:\\\/\\\/noticiasmercedinas.com\\\/site\\\/2021\\\/11\\\/04\\\/tramo-final-para-obra-del-jardin-espacio-primera-infancia-del-eva-duarte\\\/#primaryimage\",\"url\":\"https:\\\/\\\/noticiasmercedinas.com\\\/site\\\/wp-content\\\/uploads\\\/2021\\\/11\\\/DSC09667-e1636023933814.jpg\",\"contentUrl\":\"https:\\\/\\\/noticiasmercedinas.com\\\/site\\\/wp-content\\\/uploads\\\/2021\\\/11\\\/DSC09667-e1636023933814.jpg\",\"width\":640,\"height\":427},{\"@type\":\"BreadcrumbList\",\"@id\":\"https:\\\/\\\/noticiasmercedinas.com\\\/site\\\/2021\\\/11\\\/04\\\/tramo-final-para-obra-del-jardin-espacio-primera-infancia-del-eva-duarte\\\/#breadcrumb\",\"itemListElement\":[{\"@type\":\"ListItem\",\"position\":1,\"name\":\"Portada\",\"item\":\"https:\\\/\\\/noticiasmercedinas.com\\\/site\\\/\"},{\"@type\":\"ListItem\",\"position\":2,\"name\":\"Tramo final para obra del Jard\u00edn Espacio Primera Infancia del Eva Duarte\u00a0\"}]},{\"@type\":\"WebSite\",\"@id\":\"https:\\\/\\\/noticiasmercedinas.com\\\/site\\\/#website\",\"url\":\"https:\\\/\\\/noticiasmercedinas.com\\\/site\\\/\",\"name\":\"NOTICIASMERCEDINAS.COM\",\"description\":\"Mercedes, Buenos Aires, Argentina\",\"publisher\":{\"@id\":\"https:\\\/\\\/noticiasmercedinas.com\\\/site\\\/#organization\"},\"potentialAction\":[{\"@type\":\"SearchAction\",\"target\":{\"@type\":\"EntryPoint\",\"urlTemplate\":\"https:\\\/\\\/noticiasmercedinas.com\\\/site\\\/?s={search_term_string}\"},\"query-input\":{\"@type\":\"PropertyValueSpecification\",\"valueRequired\":true,\"valueName\":\"search_term_string\"}}],\"inLanguage\":\"es\"},{\"@type\":\"Organization\",\"@id\":\"https:\\\/\\\/noticiasmercedinas.com\\\/site\\\/#organization\",\"name\":\"NOTICIASMERCEDINAS.COM\",\"url\":\"https:\\\/\\\/noticiasmercedinas.com\\\/site\\\/\",\"logo\":{\"@type\":\"ImageObject\",\"inLanguage\":\"es\",\"@id\":\"https:\\\/\\\/noticiasmercedinas.com\\\/site\\\/#\\\/schema\\\/logo\\\/image\\\/\",\"url\":\"https:\\\/\\\/noticiasmercedinas.com\\\/site\\\/wp-content\\\/uploads\\\/2020\\\/06\\\/LOGO-512.jpg\",\"contentUrl\":\"https:\\\/\\\/noticiasmercedinas.com\\\/site\\\/wp-content\\\/uploads\\\/2020\\\/06\\\/LOGO-512.jpg\",\"width\":512,\"height\":512,\"caption\":\"NOTICIASMERCEDINAS.COM\"},\"image\":{\"@id\":\"https:\\\/\\\/noticiasmercedinas.com\\\/site\\\/#\\\/schema\\\/logo\\\/image\\\/\"},\"sameAs\":[\"https:\\\/\\\/www.facebook.com\\\/noticiasmercedinas\\\/\",\"https:\\\/\\\/x.com\\\/notmercedinas\",\"https:\\\/\\\/www.instagram.com\\\/noticiasmercedinas\\\/\"]},{\"@type\":\"Person\",\"@id\":\"https:\\\/\\\/noticiasmercedinas.com\\\/site\\\/#\\\/schema\\\/person\\\/84b59c099c28ff2e8b77d4ceec5d8063\",\"name\":\"NOTICIASMERCEDINAS.COM\",\"image\":{\"@type\":\"ImageObject\",\"inLanguage\":\"es\",\"@id\":\"https:\\\/\\\/secure.gravatar.com\\\/avatar\\\/4dfbf16b4d17945bfb6341b2d19043457132fcf478a5ee04f42e959fd8f5df0a?s=96&d=mm&r=g\",\"url\":\"https:\\\/\\\/secure.gravatar.com\\\/avatar\\\/4dfbf16b4d17945bfb6341b2d19043457132fcf478a5ee04f42e959fd8f5df0a?s=96&d=mm&r=g\",\"contentUrl\":\"https:\\\/\\\/secure.gravatar.com\\\/avatar\\\/4dfbf16b4d17945bfb6341b2d19043457132fcf478a5ee04f42e959fd8f5df0a?s=96&d=mm&r=g\",\"caption\":\"NOTICIASMERCEDINAS.COM\"},\"url\":\"https:\\\/\\\/noticiasmercedinas.com\\\/site\\\/author\\\/anonimo\\\/\"}]}<\/script>\n<!-- \/ Yoast SEO plugin. -->","yoast_head_json":{"title":"Tramo final para obra del Jard\u00edn Espacio Primera Infancia del Eva Duarte\u00a0","robots":{"index":"index","follow":"follow","max-snippet":"max-snippet:-1","max-image-preview":"max-image-preview:large","max-video-preview":"max-video-preview:-1"},"canonical":"https:\/\/noticiasmercedinas.com\/site\/2021\/11\/04\/tramo-final-para-obra-del-jardin-espacio-primera-infancia-del-eva-duarte\/","og_locale":"es_ES","og_type":"article","og_title":"Tramo final para obra del Jard\u00edn Espacio Primera Infancia del Eva Duarte\u00a0","og_description":"\u25a0 Se calculan tres meses para su conclusi\u00f3n. \u201cEstamos muy contentos porque el avance la obra es mayor a los tiempos proyectados\u201d, se\u00f1al\u00f3 Emanuel P\u00e9rez Carrera.","og_url":"https:\/\/noticiasmercedinas.com\/site\/2021\/11\/04\/tramo-final-para-obra-del-jardin-espacio-primera-infancia-del-eva-duarte\/","og_site_name":"NOTICIASMERCEDINAS.COM","article_publisher":"https:\/\/www.facebook.com\/noticiasmercedinas\/","article_published_time":"2021-11-04T11:06:26+00:00","og_image":[{"width":640,"height":427,"url":"https:\/\/noticiasmercedinas.com\/site\/wp-content\/uploads\/2021\/11\/DSC09667-e1636023933814.jpg","type":"image\/jpeg"}],"author":"NOTICIASMERCEDINAS.COM","twitter_card":"summary_large_image","twitter_creator":"@notmercedinas","twitter_site":"@notmercedinas","twitter_misc":{"Escrito por":"NOTICIASMERCEDINAS.COM","Tiempo de lectura":"2 minutos"},"schema":{"@context":"https:\/\/schema.org","@graph":[{"@type":"Article","@id":"https:\/\/noticiasmercedinas.com\/site\/2021\/11\/04\/tramo-final-para-obra-del-jardin-espacio-primera-infancia-del-eva-duarte\/#article","isPartOf":{"@id":"https:\/\/noticiasmercedinas.com\/site\/2021\/11\/04\/tramo-final-para-obra-del-jardin-espacio-primera-infancia-del-eva-duarte\/"},"author":{"name":"NOTICIASMERCEDINAS.COM","@id":"https:\/\/noticiasmercedinas.com\/site\/#\/schema\/person\/84b59c099c28ff2e8b77d4ceec5d8063"},"headline":"Tramo final para obra del Jard\u00edn Espacio Primera Infancia del Eva Duarte\u00a0","datePublished":"2021-11-04T11:06:26+00:00","mainEntityOfPage":{"@id":"https:\/\/noticiasmercedinas.com\/site\/2021\/11\/04\/tramo-final-para-obra-del-jardin-espacio-primera-infancia-del-eva-duarte\/"},"wordCount":362,"commentCount":0,"publisher":{"@id":"https:\/\/noticiasmercedinas.com\/site\/#organization"},"image":{"@id":"https:\/\/noticiasmercedinas.com\/site\/2021\/11\/04\/tramo-final-para-obra-del-jardin-espacio-primera-infancia-del-eva-duarte\/#primaryimage"},"thumbnailUrl":"https:\/\/noticiasmercedinas.com\/site\/wp-content\/uploads\/2021\/11\/DSC09667-e1636023933814.jpg","keywords":["epi","espacio primera infancia","Eva Duarte","ni\u00f1ez y adolescencia"],"articleSection":["Sociedad"],"inLanguage":"es","potentialAction":[{"@type":"CommentAction","name":"Comment","target":["https:\/\/noticiasmercedinas.com\/site\/2021\/11\/04\/tramo-final-para-obra-del-jardin-espacio-primera-infancia-del-eva-duarte\/#respond"]}]},{"@type":"WebPage","@id":"https:\/\/noticiasmercedinas.com\/site\/2021\/11\/04\/tramo-final-para-obra-del-jardin-espacio-primera-infancia-del-eva-duarte\/","url":"https:\/\/noticiasmercedinas.com\/site\/2021\/11\/04\/tramo-final-para-obra-del-jardin-espacio-primera-infancia-del-eva-duarte\/","name":"Tramo final para obra del Jard\u00edn Espacio Primera Infancia del Eva Duarte\u00a0","isPartOf":{"@id":"https:\/\/noticiasmercedinas.com\/site\/#website"},"primaryImageOfPage":{"@id":"https:\/\/noticiasmercedinas.com\/site\/2021\/11\/04\/tramo-final-para-obra-del-jardin-espacio-primera-infancia-del-eva-duarte\/#primaryimage"},"image":{"@id":"https:\/\/noticiasmercedinas.com\/site\/2021\/11\/04\/tramo-final-para-obra-del-jardin-espacio-primera-infancia-del-eva-duarte\/#primaryimage"},"thumbnailUrl":"https:\/\/noticiasmercedinas.com\/site\/wp-content\/uploads\/2021\/11\/DSC09667-e1636023933814.jpg","datePublished":"2021-11-04T11:06:26+00:00","breadcrumb":{"@id":"https:\/\/noticiasmercedinas.com\/site\/2021\/11\/04\/tramo-final-para-obra-del-jardin-espacio-primera-infancia-del-eva-duarte\/#breadcrumb"},"inLanguage":"es","potentialAction":[{"@type":"ReadAction","target":["https:\/\/noticiasmercedinas.com\/site\/2021\/11\/04\/tramo-final-para-obra-del-jardin-espacio-primera-infancia-del-eva-duarte\/"]}]},{"@type":"ImageObject","inLanguage":"es","@id":"https:\/\/noticiasmercedinas.com\/site\/2021\/11\/04\/tramo-final-para-obra-del-jardin-espacio-primera-infancia-del-eva-duarte\/#primaryimage","url":"https:\/\/noticiasmercedinas.com\/site\/wp-content\/uploads\/2021\/11\/DSC09667-e1636023933814.jpg","contentUrl":"https:\/\/noticiasmercedinas.com\/site\/wp-content\/uploads\/2021\/11\/DSC09667-e1636023933814.jpg","width":640,"height":427},{"@type":"BreadcrumbList","@id":"https:\/\/noticiasmercedinas.com\/site\/2021\/11\/04\/tramo-final-para-obra-del-jardin-espacio-primera-infancia-del-eva-duarte\/#breadcrumb","itemListElement":[{"@type":"ListItem","position":1,"name":"Portada","item":"https:\/\/noticiasmercedinas.com\/site\/"},{"@type":"ListItem","position":2,"name":"Tramo final para obra del Jard\u00edn Espacio Primera Infancia del Eva Duarte\u00a0"}]},{"@type":"WebSite","@id":"https:\/\/noticiasmercedinas.com\/site\/#website","url":"https:\/\/noticiasmercedinas.com\/site\/","name":"NOTICIASMERCEDINAS.COM","description":"Mercedes, Buenos Aires, Argentina","publisher":{"@id":"https:\/\/noticiasmercedinas.com\/site\/#organization"},"potentialAction":[{"@type":"SearchAction","target":{"@type":"EntryPoint","urlTemplate":"https:\/\/noticiasmercedinas.com\/site\/?s={search_term_string}"},"query-input":{"@type":"PropertyValueSpecification","valueRequired":true,"valueName":"search_term_string"}}],"inLanguage":"es"},{"@type":"Organization","@id":"https:\/\/noticiasmercedinas.com\/site\/#organization","name":"NOTICIASMERCEDINAS.COM","url":"https:\/\/noticiasmercedinas.com\/site\/","logo":{"@type":"ImageObject","inLanguage":"es","@id":"https:\/\/noticiasmercedinas.com\/site\/#\/schema\/logo\/image\/","url":"https:\/\/noticiasmercedinas.com\/site\/wp-content\/uploads\/2020\/06\/LOGO-512.jpg","contentUrl":"https:\/\/noticiasmercedinas.com\/site\/wp-content\/uploads\/2020\/06\/LOGO-512.jpg","width":512,"height":512,"caption":"NOTICIASMERCEDINAS.COM"},"image":{"@id":"https:\/\/noticiasmercedinas.com\/site\/#\/schema\/logo\/image\/"},"sameAs":["https:\/\/www.facebook.com\/noticiasmercedinas\/","https:\/\/x.com\/notmercedinas","https:\/\/www.instagram.com\/noticiasmercedinas\/"]},{"@type":"Person","@id":"https:\/\/noticiasmercedinas.com\/site\/#\/schema\/person\/84b59c099c28ff2e8b77d4ceec5d8063","name":"NOTICIASMERCEDINAS.COM","image":{"@type":"ImageObject","inLanguage":"es","@id":"https:\/\/secure.gravatar.com\/avatar\/4dfbf16b4d17945bfb6341b2d19043457132fcf478a5ee04f42e959fd8f5df0a?s=96&d=mm&r=g","url":"https:\/\/secure.gravatar.com\/avatar\/4dfbf16b4d17945bfb6341b2d19043457132fcf478a5ee04f42e959fd8f5df0a?s=96&d=mm&r=g","contentUrl":"https:\/\/secure.gravatar.com\/avatar\/4dfbf16b4d17945bfb6341b2d19043457132fcf478a5ee04f42e959fd8f5df0a?s=96&d=mm&r=g","caption":"NOTICIASMERCEDINAS.COM"},"url":"https:\/\/noticiasmercedinas.com\/site\/author\/anonimo\/"}]}},"amp_enabled":true,"_links":{"self":[{"href":"https:\/\/noticiasmercedinas.com\/site\/wp-json\/wp\/v2\/posts\/78663","targetHints":{"allow":["GET"]}}],"collection":[{"href":"https:\/\/noticiasmercedinas.com\/site\/wp-json\/wp\/v2\/posts"}],"about":[{"href":"https:\/\/noticiasmercedinas.com\/site\/wp-json\/wp\/v2\/types\/post"}],"author":[{"embeddable":true,"href":"https:\/\/noticiasmercedinas.com\/site\/wp-json\/wp\/v2\/users\/16"}],"replies":[{"embeddable":true,"href":"https:\/\/noticiasmercedinas.com\/site\/wp-json\/wp\/v2\/comments?post=78663"}],"version-history":[{"count":1,"href":"https:\/\/noticiasmercedinas.com\/site\/wp-json\/wp\/v2\/posts\/78663\/revisions"}],"predecessor-version":[{"id":78665,"href":"https:\/\/noticiasmercedinas.com\/site\/wp-json\/wp\/v2\/posts\/78663\/revisions\/78665"}],"wp:featuredmedia":[{"embeddable":true,"href":"https:\/\/noticiasmercedinas.com\/site\/wp-json\/wp\/v2\/media\/78664"}],"wp:attachment":[{"href":"https:\/\/noticiasmercedinas.com\/site\/wp-json\/wp\/v2\/media?parent=78663"}],"wp:term":[{"taxonomy":"category","embeddable":true,"href":"https:\/\/noticiasmercedinas.com\/site\/wp-json\/wp\/v2\/categories?post=78663"},{"taxonomy":"post_tag","embeddable":true,"href":"https:\/\/noticiasmercedinas.com\/site\/wp-json\/wp\/v2\/tags?post=78663"}],"curies":[{"name":"wp","href":"https:\/\/api.w.org\/{rel}","templated":true}]}}