{"id":78842,"date":"2021-11-06T19:25:19","date_gmt":"2021-11-06T22:25:19","guid":{"rendered":"https:\/\/noticiasmercedinas.com\/site\/?p=78842"},"modified":"2021-11-06T19:25:19","modified_gmt":"2021-11-06T22:25:19","slug":"mercedinas-finalistas-de-los-premios-mujer-empresaria-bonaerense","status":"publish","type":"post","link":"https:\/\/noticiasmercedinas.com\/site\/2021\/11\/06\/mercedinas-finalistas-de-los-premios-mujer-empresaria-bonaerense\/","title":{"rendered":"Mercedinas finalistas de los premios Mujer Empresaria Bonaerense"},"content":{"rendered":"<p><img loading=\"lazy\" decoding=\"async\" class=\"alignnone size-full wp-image-78843\" src=\"https:\/\/noticiasmercedinas.com\/site\/wp-content\/uploads\/2021\/11\/2021-CEM-finalistas-mefeba-2.jpg\" alt=\"\" width=\"640\" height=\"455\" srcset=\"https:\/\/noticiasmercedinas.com\/site\/wp-content\/uploads\/2021\/11\/2021-CEM-finalistas-mefeba-2.jpg 640w, https:\/\/noticiasmercedinas.com\/site\/wp-content\/uploads\/2021\/11\/2021-CEM-finalistas-mefeba-2-300x213.jpg 300w\" sizes=\"auto, (max-width: 640px) 100vw, 640px\" \/><\/p>\n<p><strong>La C\u00e1mara Econ\u00f3mica Mercedina present\u00f3 cuatro pymes lideradas por mujeres para los premios que entrega MEFEBA. Karina Sirello de Neukar, la dise\u00f1adora Marcela Daff, Mar\u00eda Alejandra Mortarini y Julieta Arg\u00fcero de Digestivas y Fernanda Pozzi de La Pulper\u00eda de Cacho Di Catarina son finalistas en cada una de las categor\u00edas inscriptas. Las ganadoras se dar\u00e1n a conocer el 17 de noviembre. <\/strong><\/p>\n<p>Una nueva edici\u00f3n se realizar\u00e1 de los Premios Mujer Empresaria Bonaerense que lleva adelante el sector de Mujeres Empresarias de la Federaci\u00f3n Econ\u00f3mica de la provincia de Buenos Aires (MEFEBA). Desde la C\u00e1mara Econ\u00f3mica Mercedina (CEM) se propuso a cuatro pymes dirigidas y encabezadas por mujeres de Mercedes que son finalistas para la entrega a realizarse el pr\u00f3ximo 17 de noviembre.<\/p>\n<p>En el marco de una nueva reuni\u00f3n de la Subcomisi\u00f3n de Mujeres de la CEM realizada en La Pulper\u00eda, la Presidente de la C\u00e1mara, <strong>Paula Arretche<\/strong>; la Coordinadora de la Subcomisi\u00f3n <strong>Natalia Facciolo<\/strong> y el Gerente <strong>Ariel Pietrucha<\/strong>, presentaron a las candidatas finalistas locales.<\/p>\n<p>Las mujeres emprendedoras son Karina Sirello de Neukar, la dise\u00f1adora de alta costura\u00a0 Marcela Daff, Mar\u00eda Alejandra Mortarini y Julieta Arg\u00fcero de Digestivas y Fernanda Pozzi Di Catarina de La Pulper\u00eda de Cacho Di Catarina. Cada una de ellas es finalista en una categor\u00eda diferente.<\/p>\n<p>En la categor\u00eda Comercio Local, Karina Sirello es la representante mercedina como finalista. Karina lleva adelante el comercio Neukar desde hace 17 a\u00f1os. En sus inicios recibi\u00f3 el apoyo de proveedoras PyMEs que la ayudaron a poder afianzarse en este rubro. Se desarroll\u00f3 con creces y mucho \u00e9xito en un rubro masculinizado. Karina encuentra en las mujeres una gran aceptaci\u00f3n, ya que les explica y les brinda una soluci\u00f3n con asesoramiento personalizado.<\/p>\n<p>En la categor\u00eda Innovaci\u00f3n, la finalista local es Marcela Daff. La dise\u00f1adora de alta costura fue seleccionada para esta categor\u00eda por el desarrollo innovador y de vanguardia que le da a cada uno de sus dise\u00f1os. Creadora de telas, acompa\u00f1a momentos especiales, adaptando el dise\u00f1o al cuerpo de cada una de sus clientas.Marcela adem\u00e1s, traspasa fronteras representando al pa\u00eds en las pasarelas europeas.<\/p>\n<p>En tanto, en la categor\u00eda Nuevo Emprendimiento la CEM propuso a el emprendimiento Digestivas que encabezan las m\u00e9dicas gastroenter\u00f3logas Mar\u00eda Alejandra Mortarini y Julieta Arg\u00fcero. Digestivas es un consultorio virtual que permiti\u00f3 que no solo pudieran atender a sus pacientes de manera virtual sino que puedan expandir sus fronteras actuales atendiendo en todo el pa\u00eds y en todo el mundo. Un grupo multidisciplinario atiende a pacientes en gastroenterolog\u00eda, nutrici\u00f3n y psicolog\u00eda. Mar\u00eda Alejandra Mortarini es oriunda de Mercedes y junto a su socia acompa\u00f1a a las familias a resolver problem\u00e1ticas comunes en la primera infancia y que pueden condicionar el resto de la vida. Fueron seleccionadas en esta categor\u00eda porque su emprendimiento es reciente y acompa\u00f1\u00f3 y brind\u00f3 una soluci\u00f3n en tiempo de pandemia y confinamiento<\/p>\n<p>Finalmente, la cuarta de las cinco categor\u00edas es Empresa Resiliente. Premio que en el 2020 gan\u00f3 la mercedina Thelma Battista. Este a\u00f1o, la C\u00e1mara Econ\u00f3mica Mercedes present\u00f3 como candidata a Fernanda Pozzi, qui\u00e9n est\u00e1 a cargo de La Pulper\u00eda de Cacho Di Catarina junto a sus hermanas. Fernanda y La Pulper\u00eda de Cacho Dicatarina, fueron seleccionados en esta categor\u00eda por la historia de resiliencia del emprendimiento que la familia lleva adelante desde 1910. A lo largo de su historia, la pulper\u00eda sufri\u00f3 diferentes avatares, crisis e inundaciones y logr\u00f3 sobreponerse a lo largo de m\u00e1s de cien a\u00f1os de historia. Fernanda es la cuarta generaci\u00f3n del comercio familiar.<\/p>\n<p>Cada una de las finalistas mercedinas competir\u00e1 en su respectiva categor\u00eda con Mujeres Empresarias de diferentes localidades de la provincia. El jurado integrado por Andrea Grobocopatel, Dami\u00e1n Di Pace, Alejandra Moccioli, Ver\u00f3nica Wejchenberg y Beatriz Tourn ser\u00e1 el responsable de la selecci\u00f3n de las ganadoras. La entrega de premios ser\u00e1 transmitida por el canal de youtube de FEBA, el mi\u00e9rcoles 17 de noviembre a partir de la hora 19.<\/p>\n<p>&nbsp;<\/p>\n","protected":false},"excerpt":{"rendered":"<p>La C\u00e1mara Econ\u00f3mica Mercedina present\u00f3 cuatro pymes lideradas por mujeres para los premios que entrega MEFEBA. Karina Sirello de Neukar, la dise\u00f1adora Marcela Daff, Mar\u00eda Alejandra Mortarini y Julieta Arg\u00fcero de Digestivas y Fernanda Pozzi de La Pulper\u00eda de Cacho Di Catarina son finalistas en cada una de las categor\u00edas inscriptas. Las ganadoras se dar\u00e1n [&hellip;]<\/p>\n","protected":false},"author":16,"featured_media":78843,"comment_status":"open","ping_status":"open","sticky":false,"template":"","format":"standard","meta":{"footnotes":""},"categories":[74],"tags":[10468,7506],"class_list":["post-78842","post","type-post","status-publish","format-standard","has-post-thumbnail","hentry","category-emprendimientos","tag-femeba","tag-mujer-empresaria"],"yoast_head":"<!-- This site is optimized with the Yoast SEO plugin v27.4 - https:\/\/yoast.com\/product\/yoast-seo-wordpress\/ -->\n<title>Mercedinas finalistas de los premios Mujer Empresaria Bonaerense<\/title>\n<meta name=\"robots\" content=\"index, follow, max-snippet:-1, max-image-preview:large, max-video-preview:-1\" \/>\n<link rel=\"canonical\" href=\"https:\/\/noticiasmercedinas.com\/site\/2021\/11\/06\/mercedinas-finalistas-de-los-premios-mujer-empresaria-bonaerense\/\" \/>\n<meta property=\"og:locale\" content=\"es_ES\" \/>\n<meta property=\"og:type\" content=\"article\" \/>\n<meta property=\"og:title\" content=\"Mercedinas finalistas de los premios Mujer Empresaria Bonaerense\" \/>\n<meta property=\"og:description\" content=\"La C\u00e1mara Econ\u00f3mica Mercedina present\u00f3 cuatro pymes lideradas por mujeres para los premios que entrega MEFEBA. Karina Sirello de Neukar, la dise\u00f1adora Marcela Daff, Mar\u00eda Alejandra Mortarini y Julieta Arg\u00fcero de Digestivas y Fernanda Pozzi de La Pulper\u00eda de Cacho Di Catarina son finalistas en cada una de las categor\u00edas inscriptas. Las ganadoras se dar\u00e1n [&hellip;]\" \/>\n<meta property=\"og:url\" content=\"https:\/\/noticiasmercedinas.com\/site\/2021\/11\/06\/mercedinas-finalistas-de-los-premios-mujer-empresaria-bonaerense\/\" \/>\n<meta property=\"og:site_name\" content=\"NOTICIASMERCEDINAS.COM\" \/>\n<meta property=\"article:publisher\" content=\"https:\/\/www.facebook.com\/noticiasmercedinas\/\" \/>\n<meta property=\"article:published_time\" content=\"2021-11-06T22:25:19+00:00\" \/>\n<meta property=\"og:image\" content=\"https:\/\/noticiasmercedinas.com\/site\/wp-content\/uploads\/2021\/11\/2021-CEM-finalistas-mefeba-2.jpg\" \/>\n\t<meta property=\"og:image:width\" content=\"640\" \/>\n\t<meta property=\"og:image:height\" content=\"455\" \/>\n\t<meta property=\"og:image:type\" content=\"image\/jpeg\" \/>\n<meta name=\"author\" content=\"NOTICIASMERCEDINAS.COM\" \/>\n<meta name=\"twitter:card\" content=\"summary_large_image\" \/>\n<meta name=\"twitter:creator\" content=\"@notmercedinas\" \/>\n<meta name=\"twitter:site\" content=\"@notmercedinas\" \/>\n<meta name=\"twitter:label1\" content=\"Escrito por\" \/>\n\t<meta name=\"twitter:data1\" content=\"NOTICIASMERCEDINAS.COM\" \/>\n\t<meta name=\"twitter:label2\" content=\"Tiempo de lectura\" \/>\n\t<meta name=\"twitter:data2\" content=\"4 minutos\" \/>\n<script type=\"application\/ld+json\" class=\"yoast-schema-graph\">{\"@context\":\"https:\\\/\\\/schema.org\",\"@graph\":[{\"@type\":\"Article\",\"@id\":\"https:\\\/\\\/noticiasmercedinas.com\\\/site\\\/2021\\\/11\\\/06\\\/mercedinas-finalistas-de-los-premios-mujer-empresaria-bonaerense\\\/#article\",\"isPartOf\":{\"@id\":\"https:\\\/\\\/noticiasmercedinas.com\\\/site\\\/2021\\\/11\\\/06\\\/mercedinas-finalistas-de-los-premios-mujer-empresaria-bonaerense\\\/\"},\"author\":{\"name\":\"NOTICIASMERCEDINAS.COM\",\"@id\":\"https:\\\/\\\/noticiasmercedinas.com\\\/site\\\/#\\\/schema\\\/person\\\/84b59c099c28ff2e8b77d4ceec5d8063\"},\"headline\":\"Mercedinas finalistas de los premios Mujer Empresaria Bonaerense\",\"datePublished\":\"2021-11-06T22:25:19+00:00\",\"mainEntityOfPage\":{\"@id\":\"https:\\\/\\\/noticiasmercedinas.com\\\/site\\\/2021\\\/11\\\/06\\\/mercedinas-finalistas-de-los-premios-mujer-empresaria-bonaerense\\\/\"},\"wordCount\":720,\"commentCount\":0,\"publisher\":{\"@id\":\"https:\\\/\\\/noticiasmercedinas.com\\\/site\\\/#organization\"},\"image\":{\"@id\":\"https:\\\/\\\/noticiasmercedinas.com\\\/site\\\/2021\\\/11\\\/06\\\/mercedinas-finalistas-de-los-premios-mujer-empresaria-bonaerense\\\/#primaryimage\"},\"thumbnailUrl\":\"https:\\\/\\\/noticiasmercedinas.com\\\/site\\\/wp-content\\\/uploads\\\/2021\\\/11\\\/2021-CEM-finalistas-mefeba-2.jpg\",\"keywords\":[\"femeba\",\"mujer empresaria\"],\"articleSection\":[\"Emprendimientos\"],\"inLanguage\":\"es\",\"potentialAction\":[{\"@type\":\"CommentAction\",\"name\":\"Comment\",\"target\":[\"https:\\\/\\\/noticiasmercedinas.com\\\/site\\\/2021\\\/11\\\/06\\\/mercedinas-finalistas-de-los-premios-mujer-empresaria-bonaerense\\\/#respond\"]}]},{\"@type\":\"WebPage\",\"@id\":\"https:\\\/\\\/noticiasmercedinas.com\\\/site\\\/2021\\\/11\\\/06\\\/mercedinas-finalistas-de-los-premios-mujer-empresaria-bonaerense\\\/\",\"url\":\"https:\\\/\\\/noticiasmercedinas.com\\\/site\\\/2021\\\/11\\\/06\\\/mercedinas-finalistas-de-los-premios-mujer-empresaria-bonaerense\\\/\",\"name\":\"Mercedinas finalistas de los premios Mujer Empresaria Bonaerense\",\"isPartOf\":{\"@id\":\"https:\\\/\\\/noticiasmercedinas.com\\\/site\\\/#website\"},\"primaryImageOfPage\":{\"@id\":\"https:\\\/\\\/noticiasmercedinas.com\\\/site\\\/2021\\\/11\\\/06\\\/mercedinas-finalistas-de-los-premios-mujer-empresaria-bonaerense\\\/#primaryimage\"},\"image\":{\"@id\":\"https:\\\/\\\/noticiasmercedinas.com\\\/site\\\/2021\\\/11\\\/06\\\/mercedinas-finalistas-de-los-premios-mujer-empresaria-bonaerense\\\/#primaryimage\"},\"thumbnailUrl\":\"https:\\\/\\\/noticiasmercedinas.com\\\/site\\\/wp-content\\\/uploads\\\/2021\\\/11\\\/2021-CEM-finalistas-mefeba-2.jpg\",\"datePublished\":\"2021-11-06T22:25:19+00:00\",\"breadcrumb\":{\"@id\":\"https:\\\/\\\/noticiasmercedinas.com\\\/site\\\/2021\\\/11\\\/06\\\/mercedinas-finalistas-de-los-premios-mujer-empresaria-bonaerense\\\/#breadcrumb\"},\"inLanguage\":\"es\",\"potentialAction\":[{\"@type\":\"ReadAction\",\"target\":[\"https:\\\/\\\/noticiasmercedinas.com\\\/site\\\/2021\\\/11\\\/06\\\/mercedinas-finalistas-de-los-premios-mujer-empresaria-bonaerense\\\/\"]}]},{\"@type\":\"ImageObject\",\"inLanguage\":\"es\",\"@id\":\"https:\\\/\\\/noticiasmercedinas.com\\\/site\\\/2021\\\/11\\\/06\\\/mercedinas-finalistas-de-los-premios-mujer-empresaria-bonaerense\\\/#primaryimage\",\"url\":\"https:\\\/\\\/noticiasmercedinas.com\\\/site\\\/wp-content\\\/uploads\\\/2021\\\/11\\\/2021-CEM-finalistas-mefeba-2.jpg\",\"contentUrl\":\"https:\\\/\\\/noticiasmercedinas.com\\\/site\\\/wp-content\\\/uploads\\\/2021\\\/11\\\/2021-CEM-finalistas-mefeba-2.jpg\",\"width\":640,\"height\":455},{\"@type\":\"BreadcrumbList\",\"@id\":\"https:\\\/\\\/noticiasmercedinas.com\\\/site\\\/2021\\\/11\\\/06\\\/mercedinas-finalistas-de-los-premios-mujer-empresaria-bonaerense\\\/#breadcrumb\",\"itemListElement\":[{\"@type\":\"ListItem\",\"position\":1,\"name\":\"Portada\",\"item\":\"https:\\\/\\\/noticiasmercedinas.com\\\/site\\\/\"},{\"@type\":\"ListItem\",\"position\":2,\"name\":\"Mercedinas finalistas de los premios Mujer Empresaria Bonaerense\"}]},{\"@type\":\"WebSite\",\"@id\":\"https:\\\/\\\/noticiasmercedinas.com\\\/site\\\/#website\",\"url\":\"https:\\\/\\\/noticiasmercedinas.com\\\/site\\\/\",\"name\":\"NOTICIASMERCEDINAS.COM\",\"description\":\"Mercedes, Buenos Aires, Argentina\",\"publisher\":{\"@id\":\"https:\\\/\\\/noticiasmercedinas.com\\\/site\\\/#organization\"},\"potentialAction\":[{\"@type\":\"SearchAction\",\"target\":{\"@type\":\"EntryPoint\",\"urlTemplate\":\"https:\\\/\\\/noticiasmercedinas.com\\\/site\\\/?s={search_term_string}\"},\"query-input\":{\"@type\":\"PropertyValueSpecification\",\"valueRequired\":true,\"valueName\":\"search_term_string\"}}],\"inLanguage\":\"es\"},{\"@type\":\"Organization\",\"@id\":\"https:\\\/\\\/noticiasmercedinas.com\\\/site\\\/#organization\",\"name\":\"NOTICIASMERCEDINAS.COM\",\"url\":\"https:\\\/\\\/noticiasmercedinas.com\\\/site\\\/\",\"logo\":{\"@type\":\"ImageObject\",\"inLanguage\":\"es\",\"@id\":\"https:\\\/\\\/noticiasmercedinas.com\\\/site\\\/#\\\/schema\\\/logo\\\/image\\\/\",\"url\":\"https:\\\/\\\/noticiasmercedinas.com\\\/site\\\/wp-content\\\/uploads\\\/2020\\\/06\\\/LOGO-512.jpg\",\"contentUrl\":\"https:\\\/\\\/noticiasmercedinas.com\\\/site\\\/wp-content\\\/uploads\\\/2020\\\/06\\\/LOGO-512.jpg\",\"width\":512,\"height\":512,\"caption\":\"NOTICIASMERCEDINAS.COM\"},\"image\":{\"@id\":\"https:\\\/\\\/noticiasmercedinas.com\\\/site\\\/#\\\/schema\\\/logo\\\/image\\\/\"},\"sameAs\":[\"https:\\\/\\\/www.facebook.com\\\/noticiasmercedinas\\\/\",\"https:\\\/\\\/x.com\\\/notmercedinas\",\"https:\\\/\\\/www.instagram.com\\\/noticiasmercedinas\\\/\"]},{\"@type\":\"Person\",\"@id\":\"https:\\\/\\\/noticiasmercedinas.com\\\/site\\\/#\\\/schema\\\/person\\\/84b59c099c28ff2e8b77d4ceec5d8063\",\"name\":\"NOTICIASMERCEDINAS.COM\",\"image\":{\"@type\":\"ImageObject\",\"inLanguage\":\"es\",\"@id\":\"https:\\\/\\\/secure.gravatar.com\\\/avatar\\\/4dfbf16b4d17945bfb6341b2d19043457132fcf478a5ee04f42e959fd8f5df0a?s=96&d=mm&r=g\",\"url\":\"https:\\\/\\\/secure.gravatar.com\\\/avatar\\\/4dfbf16b4d17945bfb6341b2d19043457132fcf478a5ee04f42e959fd8f5df0a?s=96&d=mm&r=g\",\"contentUrl\":\"https:\\\/\\\/secure.gravatar.com\\\/avatar\\\/4dfbf16b4d17945bfb6341b2d19043457132fcf478a5ee04f42e959fd8f5df0a?s=96&d=mm&r=g\",\"caption\":\"NOTICIASMERCEDINAS.COM\"},\"url\":\"https:\\\/\\\/noticiasmercedinas.com\\\/site\\\/author\\\/anonimo\\\/\"}]}<\/script>\n<!-- \/ Yoast SEO plugin. -->","yoast_head_json":{"title":"Mercedinas finalistas de los premios Mujer Empresaria Bonaerense","robots":{"index":"index","follow":"follow","max-snippet":"max-snippet:-1","max-image-preview":"max-image-preview:large","max-video-preview":"max-video-preview:-1"},"canonical":"https:\/\/noticiasmercedinas.com\/site\/2021\/11\/06\/mercedinas-finalistas-de-los-premios-mujer-empresaria-bonaerense\/","og_locale":"es_ES","og_type":"article","og_title":"Mercedinas finalistas de los premios Mujer Empresaria Bonaerense","og_description":"La C\u00e1mara Econ\u00f3mica Mercedina present\u00f3 cuatro pymes lideradas por mujeres para los premios que entrega MEFEBA. Karina Sirello de Neukar, la dise\u00f1adora Marcela Daff, Mar\u00eda Alejandra Mortarini y Julieta Arg\u00fcero de Digestivas y Fernanda Pozzi de La Pulper\u00eda de Cacho Di Catarina son finalistas en cada una de las categor\u00edas inscriptas. Las ganadoras se dar\u00e1n [&hellip;]","og_url":"https:\/\/noticiasmercedinas.com\/site\/2021\/11\/06\/mercedinas-finalistas-de-los-premios-mujer-empresaria-bonaerense\/","og_site_name":"NOTICIASMERCEDINAS.COM","article_publisher":"https:\/\/www.facebook.com\/noticiasmercedinas\/","article_published_time":"2021-11-06T22:25:19+00:00","og_image":[{"width":640,"height":455,"url":"https:\/\/noticiasmercedinas.com\/site\/wp-content\/uploads\/2021\/11\/2021-CEM-finalistas-mefeba-2.jpg","type":"image\/jpeg"}],"author":"NOTICIASMERCEDINAS.COM","twitter_card":"summary_large_image","twitter_creator":"@notmercedinas","twitter_site":"@notmercedinas","twitter_misc":{"Escrito por":"NOTICIASMERCEDINAS.COM","Tiempo de lectura":"4 minutos"},"schema":{"@context":"https:\/\/schema.org","@graph":[{"@type":"Article","@id":"https:\/\/noticiasmercedinas.com\/site\/2021\/11\/06\/mercedinas-finalistas-de-los-premios-mujer-empresaria-bonaerense\/#article","isPartOf":{"@id":"https:\/\/noticiasmercedinas.com\/site\/2021\/11\/06\/mercedinas-finalistas-de-los-premios-mujer-empresaria-bonaerense\/"},"author":{"name":"NOTICIASMERCEDINAS.COM","@id":"https:\/\/noticiasmercedinas.com\/site\/#\/schema\/person\/84b59c099c28ff2e8b77d4ceec5d8063"},"headline":"Mercedinas finalistas de los premios Mujer Empresaria Bonaerense","datePublished":"2021-11-06T22:25:19+00:00","mainEntityOfPage":{"@id":"https:\/\/noticiasmercedinas.com\/site\/2021\/11\/06\/mercedinas-finalistas-de-los-premios-mujer-empresaria-bonaerense\/"},"wordCount":720,"commentCount":0,"publisher":{"@id":"https:\/\/noticiasmercedinas.com\/site\/#organization"},"image":{"@id":"https:\/\/noticiasmercedinas.com\/site\/2021\/11\/06\/mercedinas-finalistas-de-los-premios-mujer-empresaria-bonaerense\/#primaryimage"},"thumbnailUrl":"https:\/\/noticiasmercedinas.com\/site\/wp-content\/uploads\/2021\/11\/2021-CEM-finalistas-mefeba-2.jpg","keywords":["femeba","mujer empresaria"],"articleSection":["Emprendimientos"],"inLanguage":"es","potentialAction":[{"@type":"CommentAction","name":"Comment","target":["https:\/\/noticiasmercedinas.com\/site\/2021\/11\/06\/mercedinas-finalistas-de-los-premios-mujer-empresaria-bonaerense\/#respond"]}]},{"@type":"WebPage","@id":"https:\/\/noticiasmercedinas.com\/site\/2021\/11\/06\/mercedinas-finalistas-de-los-premios-mujer-empresaria-bonaerense\/","url":"https:\/\/noticiasmercedinas.com\/site\/2021\/11\/06\/mercedinas-finalistas-de-los-premios-mujer-empresaria-bonaerense\/","name":"Mercedinas finalistas de los premios Mujer Empresaria Bonaerense","isPartOf":{"@id":"https:\/\/noticiasmercedinas.com\/site\/#website"},"primaryImageOfPage":{"@id":"https:\/\/noticiasmercedinas.com\/site\/2021\/11\/06\/mercedinas-finalistas-de-los-premios-mujer-empresaria-bonaerense\/#primaryimage"},"image":{"@id":"https:\/\/noticiasmercedinas.com\/site\/2021\/11\/06\/mercedinas-finalistas-de-los-premios-mujer-empresaria-bonaerense\/#primaryimage"},"thumbnailUrl":"https:\/\/noticiasmercedinas.com\/site\/wp-content\/uploads\/2021\/11\/2021-CEM-finalistas-mefeba-2.jpg","datePublished":"2021-11-06T22:25:19+00:00","breadcrumb":{"@id":"https:\/\/noticiasmercedinas.com\/site\/2021\/11\/06\/mercedinas-finalistas-de-los-premios-mujer-empresaria-bonaerense\/#breadcrumb"},"inLanguage":"es","potentialAction":[{"@type":"ReadAction","target":["https:\/\/noticiasmercedinas.com\/site\/2021\/11\/06\/mercedinas-finalistas-de-los-premios-mujer-empresaria-bonaerense\/"]}]},{"@type":"ImageObject","inLanguage":"es","@id":"https:\/\/noticiasmercedinas.com\/site\/2021\/11\/06\/mercedinas-finalistas-de-los-premios-mujer-empresaria-bonaerense\/#primaryimage","url":"https:\/\/noticiasmercedinas.com\/site\/wp-content\/uploads\/2021\/11\/2021-CEM-finalistas-mefeba-2.jpg","contentUrl":"https:\/\/noticiasmercedinas.com\/site\/wp-content\/uploads\/2021\/11\/2021-CEM-finalistas-mefeba-2.jpg","width":640,"height":455},{"@type":"BreadcrumbList","@id":"https:\/\/noticiasmercedinas.com\/site\/2021\/11\/06\/mercedinas-finalistas-de-los-premios-mujer-empresaria-bonaerense\/#breadcrumb","itemListElement":[{"@type":"ListItem","position":1,"name":"Portada","item":"https:\/\/noticiasmercedinas.com\/site\/"},{"@type":"ListItem","position":2,"name":"Mercedinas finalistas de los premios Mujer Empresaria Bonaerense"}]},{"@type":"WebSite","@id":"https:\/\/noticiasmercedinas.com\/site\/#website","url":"https:\/\/noticiasmercedinas.com\/site\/","name":"NOTICIASMERCEDINAS.COM","description":"Mercedes, Buenos Aires, Argentina","publisher":{"@id":"https:\/\/noticiasmercedinas.com\/site\/#organization"},"potentialAction":[{"@type":"SearchAction","target":{"@type":"EntryPoint","urlTemplate":"https:\/\/noticiasmercedinas.com\/site\/?s={search_term_string}"},"query-input":{"@type":"PropertyValueSpecification","valueRequired":true,"valueName":"search_term_string"}}],"inLanguage":"es"},{"@type":"Organization","@id":"https:\/\/noticiasmercedinas.com\/site\/#organization","name":"NOTICIASMERCEDINAS.COM","url":"https:\/\/noticiasmercedinas.com\/site\/","logo":{"@type":"ImageObject","inLanguage":"es","@id":"https:\/\/noticiasmercedinas.com\/site\/#\/schema\/logo\/image\/","url":"https:\/\/noticiasmercedinas.com\/site\/wp-content\/uploads\/2020\/06\/LOGO-512.jpg","contentUrl":"https:\/\/noticiasmercedinas.com\/site\/wp-content\/uploads\/2020\/06\/LOGO-512.jpg","width":512,"height":512,"caption":"NOTICIASMERCEDINAS.COM"},"image":{"@id":"https:\/\/noticiasmercedinas.com\/site\/#\/schema\/logo\/image\/"},"sameAs":["https:\/\/www.facebook.com\/noticiasmercedinas\/","https:\/\/x.com\/notmercedinas","https:\/\/www.instagram.com\/noticiasmercedinas\/"]},{"@type":"Person","@id":"https:\/\/noticiasmercedinas.com\/site\/#\/schema\/person\/84b59c099c28ff2e8b77d4ceec5d8063","name":"NOTICIASMERCEDINAS.COM","image":{"@type":"ImageObject","inLanguage":"es","@id":"https:\/\/secure.gravatar.com\/avatar\/4dfbf16b4d17945bfb6341b2d19043457132fcf478a5ee04f42e959fd8f5df0a?s=96&d=mm&r=g","url":"https:\/\/secure.gravatar.com\/avatar\/4dfbf16b4d17945bfb6341b2d19043457132fcf478a5ee04f42e959fd8f5df0a?s=96&d=mm&r=g","contentUrl":"https:\/\/secure.gravatar.com\/avatar\/4dfbf16b4d17945bfb6341b2d19043457132fcf478a5ee04f42e959fd8f5df0a?s=96&d=mm&r=g","caption":"NOTICIASMERCEDINAS.COM"},"url":"https:\/\/noticiasmercedinas.com\/site\/author\/anonimo\/"}]}},"amp_enabled":true,"_links":{"self":[{"href":"https:\/\/noticiasmercedinas.com\/site\/wp-json\/wp\/v2\/posts\/78842","targetHints":{"allow":["GET"]}}],"collection":[{"href":"https:\/\/noticiasmercedinas.com\/site\/wp-json\/wp\/v2\/posts"}],"about":[{"href":"https:\/\/noticiasmercedinas.com\/site\/wp-json\/wp\/v2\/types\/post"}],"author":[{"embeddable":true,"href":"https:\/\/noticiasmercedinas.com\/site\/wp-json\/wp\/v2\/users\/16"}],"replies":[{"embeddable":true,"href":"https:\/\/noticiasmercedinas.com\/site\/wp-json\/wp\/v2\/comments?post=78842"}],"version-history":[{"count":1,"href":"https:\/\/noticiasmercedinas.com\/site\/wp-json\/wp\/v2\/posts\/78842\/revisions"}],"predecessor-version":[{"id":78844,"href":"https:\/\/noticiasmercedinas.com\/site\/wp-json\/wp\/v2\/posts\/78842\/revisions\/78844"}],"wp:featuredmedia":[{"embeddable":true,"href":"https:\/\/noticiasmercedinas.com\/site\/wp-json\/wp\/v2\/media\/78843"}],"wp:attachment":[{"href":"https:\/\/noticiasmercedinas.com\/site\/wp-json\/wp\/v2\/media?parent=78842"}],"wp:term":[{"taxonomy":"category","embeddable":true,"href":"https:\/\/noticiasmercedinas.com\/site\/wp-json\/wp\/v2\/categories?post=78842"},{"taxonomy":"post_tag","embeddable":true,"href":"https:\/\/noticiasmercedinas.com\/site\/wp-json\/wp\/v2\/tags?post=78842"}],"curies":[{"name":"wp","href":"https:\/\/api.w.org\/{rel}","templated":true}]}}