{"id":78952,"date":"2021-11-07T23:51:38","date_gmt":"2021-11-08T02:51:38","guid":{"rendered":"https:\/\/noticiasmercedinas.com\/site\/?p=78952"},"modified":"2021-11-07T23:55:52","modified_gmt":"2021-11-08T02:55:52","slug":"parroquia-san-jose-obrero-celebro-un-dia-en-comunidad-en-casa-anus","status":"publish","type":"post","link":"https:\/\/noticiasmercedinas.com\/site\/2021\/11\/07\/parroquia-san-jose-obrero-celebro-un-dia-en-comunidad-en-casa-anus\/","title":{"rendered":"Parroquia San Jos\u00e9 Obrero celebr\u00f3 un d\u00eda en comunidad en Casa An\u00fas"},"content":{"rendered":"<p><img loading=\"lazy\" decoding=\"async\" class=\"alignnone size-full wp-image-78953\" src=\"https:\/\/noticiasmercedinas.com\/site\/wp-content\/uploads\/2021\/11\/anusIMG_0282.jpg\" alt=\"\" width=\"640\" height=\"427\" srcset=\"https:\/\/noticiasmercedinas.com\/site\/wp-content\/uploads\/2021\/11\/anusIMG_0282.jpg 640w, https:\/\/noticiasmercedinas.com\/site\/wp-content\/uploads\/2021\/11\/anusIMG_0282-300x200.jpg 300w\" sizes=\"auto, (max-width: 640px) 100vw, 640px\" \/><\/p>\n<p>La posibilidad de juntarse para los integrantes de la comunidad de la parroquia San Jos\u00e9 Obrero fue realidad este domingo, de manera distendida en el marco de una fiesta especial que organizaron en Casa An\u00fas.<\/p>\n<p>Fue el primero de una serie de eventos de este tipo que se anunciaron, y sirvi\u00f3 para recaudar unos 70 mil pesos que servir\u00e1n &#8211;seg\u00fan anunci\u00f3 el padre Hern\u00e1n L\u00f3pez, por la tarde en la misa dominical&#8211; para pagar los gastos corrientes de la Parroquia en sueldos y otros, durante el mes de enero y parte de febrero.<\/p>\n<p>La actividad este domingo 7 de noviembre se realiz\u00f3 a modo de almuerzo, con empanadas y tallarines caseros, compartidos por unas 90 personas.<\/p>\n<p>\u00abQueremos agradecer a todos los que compraron la tarjeta y de esa manera ayudan mucho con el sostenimiento de la Parroquia. Tambi\u00e9n al se\u00f1or Jorge Anus por prestarnos el sal\u00f3n, a Fernanda Ottolini que nos deleit\u00f3 con su hermosa voz, a todos los que colaboraron con regalitos y productos para poder realizar el evento\u00bb, dijeron desde la parroquia.<\/p>\n<p>El evento incluy\u00f3 sorteos, juegos y show musical. Adem\u00e1s se juntaron firmas para el proyecto de colocar una ermita de Cura Brochero en el barrio Pe\u00f1aloza, junto al Hospital Odontol\u00f3gico, inquietud que plantear\u00e1n en breve, tras las elecciones, ante el Legislativo comunal.<\/p>\n<p>Por \u00faltimo se supo que el pr\u00f3ximo s\u00e1bado 13 de noviembre desde las 10 horas en el ex Cottolengo (hoy Comunidad Cenacolo) habr\u00e1 de realizarse un reencuentro pastoral, al que invitan a sumarse para aportar ideas de trabajo en la parroquia. Hay que anotarse previamente para una mejor organizaci\u00f3n al 2324-479948.<\/p>\n","protected":false},"excerpt":{"rendered":"<p>\u25a0 Hubo un almuerzo, con empanadas y tallarines caseros, compartidos por unas 90 personas. Juntaron firmas para el proyecto de colocar una ermita de Cura Brochero en el barrio Pe\u00f1aloza<\/p>\n","protected":false},"author":16,"featured_media":78953,"comment_status":"open","ping_status":"open","sticky":false,"template":"","format":"standard","meta":{"footnotes":""},"categories":[3],"tags":[864,7686],"class_list":["post-78952","post","type-post","status-publish","format-standard","has-post-thumbnail","hentry","category-sociedad","tag-casa-anus","tag-san-jose-obrero"],"yoast_head":"<!-- This site is optimized with the Yoast SEO plugin v27.4 - https:\/\/yoast.com\/product\/yoast-seo-wordpress\/ -->\n<title>Parroquia San Jos\u00e9 Obrero celebr\u00f3 un d\u00eda en comunidad en Casa An\u00fas<\/title>\n<meta name=\"robots\" content=\"index, follow, max-snippet:-1, max-image-preview:large, max-video-preview:-1\" \/>\n<link rel=\"canonical\" href=\"https:\/\/noticiasmercedinas.com\/site\/2021\/11\/07\/parroquia-san-jose-obrero-celebro-un-dia-en-comunidad-en-casa-anus\/\" \/>\n<meta property=\"og:locale\" content=\"es_ES\" \/>\n<meta property=\"og:type\" content=\"article\" \/>\n<meta property=\"og:title\" content=\"Parroquia San Jos\u00e9 Obrero celebr\u00f3 un d\u00eda en comunidad en Casa An\u00fas\" \/>\n<meta property=\"og:description\" content=\"\u25a0 Hubo un almuerzo, con empanadas y tallarines caseros, compartidos por unas 90 personas. Juntaron firmas para el proyecto de colocar una ermita de Cura Brochero en el barrio Pe\u00f1aloza\" \/>\n<meta property=\"og:url\" content=\"https:\/\/noticiasmercedinas.com\/site\/2021\/11\/07\/parroquia-san-jose-obrero-celebro-un-dia-en-comunidad-en-casa-anus\/\" \/>\n<meta property=\"og:site_name\" content=\"NOTICIASMERCEDINAS.COM\" \/>\n<meta property=\"article:publisher\" content=\"https:\/\/www.facebook.com\/noticiasmercedinas\/\" \/>\n<meta property=\"article:published_time\" content=\"2021-11-08T02:51:38+00:00\" \/>\n<meta property=\"article:modified_time\" content=\"2021-11-08T02:55:52+00:00\" \/>\n<meta property=\"og:image\" content=\"https:\/\/noticiasmercedinas.com\/site\/wp-content\/uploads\/2021\/11\/anusIMG_0282.jpg\" \/>\n\t<meta property=\"og:image:width\" content=\"640\" \/>\n\t<meta property=\"og:image:height\" content=\"427\" \/>\n\t<meta property=\"og:image:type\" content=\"image\/jpeg\" \/>\n<meta name=\"author\" content=\"NOTICIASMERCEDINAS.COM\" \/>\n<meta name=\"twitter:card\" content=\"summary_large_image\" \/>\n<meta name=\"twitter:creator\" content=\"@notmercedinas\" \/>\n<meta name=\"twitter:site\" content=\"@notmercedinas\" \/>\n<meta name=\"twitter:label1\" content=\"Escrito por\" \/>\n\t<meta name=\"twitter:data1\" content=\"NOTICIASMERCEDINAS.COM\" \/>\n\t<meta name=\"twitter:label2\" content=\"Tiempo de lectura\" \/>\n\t<meta name=\"twitter:data2\" content=\"1 minuto\" \/>\n<script type=\"application\/ld+json\" class=\"yoast-schema-graph\">{\"@context\":\"https:\\\/\\\/schema.org\",\"@graph\":[{\"@type\":\"Article\",\"@id\":\"https:\\\/\\\/noticiasmercedinas.com\\\/site\\\/2021\\\/11\\\/07\\\/parroquia-san-jose-obrero-celebro-un-dia-en-comunidad-en-casa-anus\\\/#article\",\"isPartOf\":{\"@id\":\"https:\\\/\\\/noticiasmercedinas.com\\\/site\\\/2021\\\/11\\\/07\\\/parroquia-san-jose-obrero-celebro-un-dia-en-comunidad-en-casa-anus\\\/\"},\"author\":{\"name\":\"NOTICIASMERCEDINAS.COM\",\"@id\":\"https:\\\/\\\/noticiasmercedinas.com\\\/site\\\/#\\\/schema\\\/person\\\/84b59c099c28ff2e8b77d4ceec5d8063\"},\"headline\":\"Parroquia San Jos\u00e9 Obrero celebr\u00f3 un d\u00eda en comunidad en Casa An\u00fas\",\"datePublished\":\"2021-11-08T02:51:38+00:00\",\"dateModified\":\"2021-11-08T02:55:52+00:00\",\"mainEntityOfPage\":{\"@id\":\"https:\\\/\\\/noticiasmercedinas.com\\\/site\\\/2021\\\/11\\\/07\\\/parroquia-san-jose-obrero-celebro-un-dia-en-comunidad-en-casa-anus\\\/\"},\"wordCount\":291,\"commentCount\":0,\"publisher\":{\"@id\":\"https:\\\/\\\/noticiasmercedinas.com\\\/site\\\/#organization\"},\"image\":{\"@id\":\"https:\\\/\\\/noticiasmercedinas.com\\\/site\\\/2021\\\/11\\\/07\\\/parroquia-san-jose-obrero-celebro-un-dia-en-comunidad-en-casa-anus\\\/#primaryimage\"},\"thumbnailUrl\":\"https:\\\/\\\/noticiasmercedinas.com\\\/site\\\/wp-content\\\/uploads\\\/2021\\\/11\\\/anusIMG_0282.jpg\",\"keywords\":[\"Casa Anus\",\"San Jos\u00e9 Obrero\"],\"articleSection\":[\"Sociedad\"],\"inLanguage\":\"es\",\"potentialAction\":[{\"@type\":\"CommentAction\",\"name\":\"Comment\",\"target\":[\"https:\\\/\\\/noticiasmercedinas.com\\\/site\\\/2021\\\/11\\\/07\\\/parroquia-san-jose-obrero-celebro-un-dia-en-comunidad-en-casa-anus\\\/#respond\"]}]},{\"@type\":\"WebPage\",\"@id\":\"https:\\\/\\\/noticiasmercedinas.com\\\/site\\\/2021\\\/11\\\/07\\\/parroquia-san-jose-obrero-celebro-un-dia-en-comunidad-en-casa-anus\\\/\",\"url\":\"https:\\\/\\\/noticiasmercedinas.com\\\/site\\\/2021\\\/11\\\/07\\\/parroquia-san-jose-obrero-celebro-un-dia-en-comunidad-en-casa-anus\\\/\",\"name\":\"Parroquia San Jos\u00e9 Obrero celebr\u00f3 un d\u00eda en comunidad en Casa An\u00fas\",\"isPartOf\":{\"@id\":\"https:\\\/\\\/noticiasmercedinas.com\\\/site\\\/#website\"},\"primaryImageOfPage\":{\"@id\":\"https:\\\/\\\/noticiasmercedinas.com\\\/site\\\/2021\\\/11\\\/07\\\/parroquia-san-jose-obrero-celebro-un-dia-en-comunidad-en-casa-anus\\\/#primaryimage\"},\"image\":{\"@id\":\"https:\\\/\\\/noticiasmercedinas.com\\\/site\\\/2021\\\/11\\\/07\\\/parroquia-san-jose-obrero-celebro-un-dia-en-comunidad-en-casa-anus\\\/#primaryimage\"},\"thumbnailUrl\":\"https:\\\/\\\/noticiasmercedinas.com\\\/site\\\/wp-content\\\/uploads\\\/2021\\\/11\\\/anusIMG_0282.jpg\",\"datePublished\":\"2021-11-08T02:51:38+00:00\",\"dateModified\":\"2021-11-08T02:55:52+00:00\",\"breadcrumb\":{\"@id\":\"https:\\\/\\\/noticiasmercedinas.com\\\/site\\\/2021\\\/11\\\/07\\\/parroquia-san-jose-obrero-celebro-un-dia-en-comunidad-en-casa-anus\\\/#breadcrumb\"},\"inLanguage\":\"es\",\"potentialAction\":[{\"@type\":\"ReadAction\",\"target\":[\"https:\\\/\\\/noticiasmercedinas.com\\\/site\\\/2021\\\/11\\\/07\\\/parroquia-san-jose-obrero-celebro-un-dia-en-comunidad-en-casa-anus\\\/\"]}]},{\"@type\":\"ImageObject\",\"inLanguage\":\"es\",\"@id\":\"https:\\\/\\\/noticiasmercedinas.com\\\/site\\\/2021\\\/11\\\/07\\\/parroquia-san-jose-obrero-celebro-un-dia-en-comunidad-en-casa-anus\\\/#primaryimage\",\"url\":\"https:\\\/\\\/noticiasmercedinas.com\\\/site\\\/wp-content\\\/uploads\\\/2021\\\/11\\\/anusIMG_0282.jpg\",\"contentUrl\":\"https:\\\/\\\/noticiasmercedinas.com\\\/site\\\/wp-content\\\/uploads\\\/2021\\\/11\\\/anusIMG_0282.jpg\",\"width\":640,\"height\":427},{\"@type\":\"BreadcrumbList\",\"@id\":\"https:\\\/\\\/noticiasmercedinas.com\\\/site\\\/2021\\\/11\\\/07\\\/parroquia-san-jose-obrero-celebro-un-dia-en-comunidad-en-casa-anus\\\/#breadcrumb\",\"itemListElement\":[{\"@type\":\"ListItem\",\"position\":1,\"name\":\"Portada\",\"item\":\"https:\\\/\\\/noticiasmercedinas.com\\\/site\\\/\"},{\"@type\":\"ListItem\",\"position\":2,\"name\":\"Parroquia San Jos\u00e9 Obrero celebr\u00f3 un d\u00eda en comunidad en Casa An\u00fas\"}]},{\"@type\":\"WebSite\",\"@id\":\"https:\\\/\\\/noticiasmercedinas.com\\\/site\\\/#website\",\"url\":\"https:\\\/\\\/noticiasmercedinas.com\\\/site\\\/\",\"name\":\"NOTICIASMERCEDINAS.COM\",\"description\":\"Mercedes, Buenos Aires, Argentina\",\"publisher\":{\"@id\":\"https:\\\/\\\/noticiasmercedinas.com\\\/site\\\/#organization\"},\"potentialAction\":[{\"@type\":\"SearchAction\",\"target\":{\"@type\":\"EntryPoint\",\"urlTemplate\":\"https:\\\/\\\/noticiasmercedinas.com\\\/site\\\/?s={search_term_string}\"},\"query-input\":{\"@type\":\"PropertyValueSpecification\",\"valueRequired\":true,\"valueName\":\"search_term_string\"}}],\"inLanguage\":\"es\"},{\"@type\":\"Organization\",\"@id\":\"https:\\\/\\\/noticiasmercedinas.com\\\/site\\\/#organization\",\"name\":\"NOTICIASMERCEDINAS.COM\",\"url\":\"https:\\\/\\\/noticiasmercedinas.com\\\/site\\\/\",\"logo\":{\"@type\":\"ImageObject\",\"inLanguage\":\"es\",\"@id\":\"https:\\\/\\\/noticiasmercedinas.com\\\/site\\\/#\\\/schema\\\/logo\\\/image\\\/\",\"url\":\"https:\\\/\\\/noticiasmercedinas.com\\\/site\\\/wp-content\\\/uploads\\\/2020\\\/06\\\/LOGO-512.jpg\",\"contentUrl\":\"https:\\\/\\\/noticiasmercedinas.com\\\/site\\\/wp-content\\\/uploads\\\/2020\\\/06\\\/LOGO-512.jpg\",\"width\":512,\"height\":512,\"caption\":\"NOTICIASMERCEDINAS.COM\"},\"image\":{\"@id\":\"https:\\\/\\\/noticiasmercedinas.com\\\/site\\\/#\\\/schema\\\/logo\\\/image\\\/\"},\"sameAs\":[\"https:\\\/\\\/www.facebook.com\\\/noticiasmercedinas\\\/\",\"https:\\\/\\\/x.com\\\/notmercedinas\",\"https:\\\/\\\/www.instagram.com\\\/noticiasmercedinas\\\/\"]},{\"@type\":\"Person\",\"@id\":\"https:\\\/\\\/noticiasmercedinas.com\\\/site\\\/#\\\/schema\\\/person\\\/84b59c099c28ff2e8b77d4ceec5d8063\",\"name\":\"NOTICIASMERCEDINAS.COM\",\"image\":{\"@type\":\"ImageObject\",\"inLanguage\":\"es\",\"@id\":\"https:\\\/\\\/secure.gravatar.com\\\/avatar\\\/4dfbf16b4d17945bfb6341b2d19043457132fcf478a5ee04f42e959fd8f5df0a?s=96&d=mm&r=g\",\"url\":\"https:\\\/\\\/secure.gravatar.com\\\/avatar\\\/4dfbf16b4d17945bfb6341b2d19043457132fcf478a5ee04f42e959fd8f5df0a?s=96&d=mm&r=g\",\"contentUrl\":\"https:\\\/\\\/secure.gravatar.com\\\/avatar\\\/4dfbf16b4d17945bfb6341b2d19043457132fcf478a5ee04f42e959fd8f5df0a?s=96&d=mm&r=g\",\"caption\":\"NOTICIASMERCEDINAS.COM\"},\"url\":\"https:\\\/\\\/noticiasmercedinas.com\\\/site\\\/author\\\/anonimo\\\/\"}]}<\/script>\n<!-- \/ Yoast SEO plugin. -->","yoast_head_json":{"title":"Parroquia San Jos\u00e9 Obrero celebr\u00f3 un d\u00eda en comunidad en Casa An\u00fas","robots":{"index":"index","follow":"follow","max-snippet":"max-snippet:-1","max-image-preview":"max-image-preview:large","max-video-preview":"max-video-preview:-1"},"canonical":"https:\/\/noticiasmercedinas.com\/site\/2021\/11\/07\/parroquia-san-jose-obrero-celebro-un-dia-en-comunidad-en-casa-anus\/","og_locale":"es_ES","og_type":"article","og_title":"Parroquia San Jos\u00e9 Obrero celebr\u00f3 un d\u00eda en comunidad en Casa An\u00fas","og_description":"\u25a0 Hubo un almuerzo, con empanadas y tallarines caseros, compartidos por unas 90 personas. Juntaron firmas para el proyecto de colocar una ermita de Cura Brochero en el barrio Pe\u00f1aloza","og_url":"https:\/\/noticiasmercedinas.com\/site\/2021\/11\/07\/parroquia-san-jose-obrero-celebro-un-dia-en-comunidad-en-casa-anus\/","og_site_name":"NOTICIASMERCEDINAS.COM","article_publisher":"https:\/\/www.facebook.com\/noticiasmercedinas\/","article_published_time":"2021-11-08T02:51:38+00:00","article_modified_time":"2021-11-08T02:55:52+00:00","og_image":[{"width":640,"height":427,"url":"https:\/\/noticiasmercedinas.com\/site\/wp-content\/uploads\/2021\/11\/anusIMG_0282.jpg","type":"image\/jpeg"}],"author":"NOTICIASMERCEDINAS.COM","twitter_card":"summary_large_image","twitter_creator":"@notmercedinas","twitter_site":"@notmercedinas","twitter_misc":{"Escrito por":"NOTICIASMERCEDINAS.COM","Tiempo de lectura":"1 minuto"},"schema":{"@context":"https:\/\/schema.org","@graph":[{"@type":"Article","@id":"https:\/\/noticiasmercedinas.com\/site\/2021\/11\/07\/parroquia-san-jose-obrero-celebro-un-dia-en-comunidad-en-casa-anus\/#article","isPartOf":{"@id":"https:\/\/noticiasmercedinas.com\/site\/2021\/11\/07\/parroquia-san-jose-obrero-celebro-un-dia-en-comunidad-en-casa-anus\/"},"author":{"name":"NOTICIASMERCEDINAS.COM","@id":"https:\/\/noticiasmercedinas.com\/site\/#\/schema\/person\/84b59c099c28ff2e8b77d4ceec5d8063"},"headline":"Parroquia San Jos\u00e9 Obrero celebr\u00f3 un d\u00eda en comunidad en Casa An\u00fas","datePublished":"2021-11-08T02:51:38+00:00","dateModified":"2021-11-08T02:55:52+00:00","mainEntityOfPage":{"@id":"https:\/\/noticiasmercedinas.com\/site\/2021\/11\/07\/parroquia-san-jose-obrero-celebro-un-dia-en-comunidad-en-casa-anus\/"},"wordCount":291,"commentCount":0,"publisher":{"@id":"https:\/\/noticiasmercedinas.com\/site\/#organization"},"image":{"@id":"https:\/\/noticiasmercedinas.com\/site\/2021\/11\/07\/parroquia-san-jose-obrero-celebro-un-dia-en-comunidad-en-casa-anus\/#primaryimage"},"thumbnailUrl":"https:\/\/noticiasmercedinas.com\/site\/wp-content\/uploads\/2021\/11\/anusIMG_0282.jpg","keywords":["Casa Anus","San Jos\u00e9 Obrero"],"articleSection":["Sociedad"],"inLanguage":"es","potentialAction":[{"@type":"CommentAction","name":"Comment","target":["https:\/\/noticiasmercedinas.com\/site\/2021\/11\/07\/parroquia-san-jose-obrero-celebro-un-dia-en-comunidad-en-casa-anus\/#respond"]}]},{"@type":"WebPage","@id":"https:\/\/noticiasmercedinas.com\/site\/2021\/11\/07\/parroquia-san-jose-obrero-celebro-un-dia-en-comunidad-en-casa-anus\/","url":"https:\/\/noticiasmercedinas.com\/site\/2021\/11\/07\/parroquia-san-jose-obrero-celebro-un-dia-en-comunidad-en-casa-anus\/","name":"Parroquia San Jos\u00e9 Obrero celebr\u00f3 un d\u00eda en comunidad en Casa An\u00fas","isPartOf":{"@id":"https:\/\/noticiasmercedinas.com\/site\/#website"},"primaryImageOfPage":{"@id":"https:\/\/noticiasmercedinas.com\/site\/2021\/11\/07\/parroquia-san-jose-obrero-celebro-un-dia-en-comunidad-en-casa-anus\/#primaryimage"},"image":{"@id":"https:\/\/noticiasmercedinas.com\/site\/2021\/11\/07\/parroquia-san-jose-obrero-celebro-un-dia-en-comunidad-en-casa-anus\/#primaryimage"},"thumbnailUrl":"https:\/\/noticiasmercedinas.com\/site\/wp-content\/uploads\/2021\/11\/anusIMG_0282.jpg","datePublished":"2021-11-08T02:51:38+00:00","dateModified":"2021-11-08T02:55:52+00:00","breadcrumb":{"@id":"https:\/\/noticiasmercedinas.com\/site\/2021\/11\/07\/parroquia-san-jose-obrero-celebro-un-dia-en-comunidad-en-casa-anus\/#breadcrumb"},"inLanguage":"es","potentialAction":[{"@type":"ReadAction","target":["https:\/\/noticiasmercedinas.com\/site\/2021\/11\/07\/parroquia-san-jose-obrero-celebro-un-dia-en-comunidad-en-casa-anus\/"]}]},{"@type":"ImageObject","inLanguage":"es","@id":"https:\/\/noticiasmercedinas.com\/site\/2021\/11\/07\/parroquia-san-jose-obrero-celebro-un-dia-en-comunidad-en-casa-anus\/#primaryimage","url":"https:\/\/noticiasmercedinas.com\/site\/wp-content\/uploads\/2021\/11\/anusIMG_0282.jpg","contentUrl":"https:\/\/noticiasmercedinas.com\/site\/wp-content\/uploads\/2021\/11\/anusIMG_0282.jpg","width":640,"height":427},{"@type":"BreadcrumbList","@id":"https:\/\/noticiasmercedinas.com\/site\/2021\/11\/07\/parroquia-san-jose-obrero-celebro-un-dia-en-comunidad-en-casa-anus\/#breadcrumb","itemListElement":[{"@type":"ListItem","position":1,"name":"Portada","item":"https:\/\/noticiasmercedinas.com\/site\/"},{"@type":"ListItem","position":2,"name":"Parroquia San Jos\u00e9 Obrero celebr\u00f3 un d\u00eda en comunidad en Casa An\u00fas"}]},{"@type":"WebSite","@id":"https:\/\/noticiasmercedinas.com\/site\/#website","url":"https:\/\/noticiasmercedinas.com\/site\/","name":"NOTICIASMERCEDINAS.COM","description":"Mercedes, Buenos Aires, Argentina","publisher":{"@id":"https:\/\/noticiasmercedinas.com\/site\/#organization"},"potentialAction":[{"@type":"SearchAction","target":{"@type":"EntryPoint","urlTemplate":"https:\/\/noticiasmercedinas.com\/site\/?s={search_term_string}"},"query-input":{"@type":"PropertyValueSpecification","valueRequired":true,"valueName":"search_term_string"}}],"inLanguage":"es"},{"@type":"Organization","@id":"https:\/\/noticiasmercedinas.com\/site\/#organization","name":"NOTICIASMERCEDINAS.COM","url":"https:\/\/noticiasmercedinas.com\/site\/","logo":{"@type":"ImageObject","inLanguage":"es","@id":"https:\/\/noticiasmercedinas.com\/site\/#\/schema\/logo\/image\/","url":"https:\/\/noticiasmercedinas.com\/site\/wp-content\/uploads\/2020\/06\/LOGO-512.jpg","contentUrl":"https:\/\/noticiasmercedinas.com\/site\/wp-content\/uploads\/2020\/06\/LOGO-512.jpg","width":512,"height":512,"caption":"NOTICIASMERCEDINAS.COM"},"image":{"@id":"https:\/\/noticiasmercedinas.com\/site\/#\/schema\/logo\/image\/"},"sameAs":["https:\/\/www.facebook.com\/noticiasmercedinas\/","https:\/\/x.com\/notmercedinas","https:\/\/www.instagram.com\/noticiasmercedinas\/"]},{"@type":"Person","@id":"https:\/\/noticiasmercedinas.com\/site\/#\/schema\/person\/84b59c099c28ff2e8b77d4ceec5d8063","name":"NOTICIASMERCEDINAS.COM","image":{"@type":"ImageObject","inLanguage":"es","@id":"https:\/\/secure.gravatar.com\/avatar\/4dfbf16b4d17945bfb6341b2d19043457132fcf478a5ee04f42e959fd8f5df0a?s=96&d=mm&r=g","url":"https:\/\/secure.gravatar.com\/avatar\/4dfbf16b4d17945bfb6341b2d19043457132fcf478a5ee04f42e959fd8f5df0a?s=96&d=mm&r=g","contentUrl":"https:\/\/secure.gravatar.com\/avatar\/4dfbf16b4d17945bfb6341b2d19043457132fcf478a5ee04f42e959fd8f5df0a?s=96&d=mm&r=g","caption":"NOTICIASMERCEDINAS.COM"},"url":"https:\/\/noticiasmercedinas.com\/site\/author\/anonimo\/"}]}},"amp_enabled":true,"_links":{"self":[{"href":"https:\/\/noticiasmercedinas.com\/site\/wp-json\/wp\/v2\/posts\/78952","targetHints":{"allow":["GET"]}}],"collection":[{"href":"https:\/\/noticiasmercedinas.com\/site\/wp-json\/wp\/v2\/posts"}],"about":[{"href":"https:\/\/noticiasmercedinas.com\/site\/wp-json\/wp\/v2\/types\/post"}],"author":[{"embeddable":true,"href":"https:\/\/noticiasmercedinas.com\/site\/wp-json\/wp\/v2\/users\/16"}],"replies":[{"embeddable":true,"href":"https:\/\/noticiasmercedinas.com\/site\/wp-json\/wp\/v2\/comments?post=78952"}],"version-history":[{"count":3,"href":"https:\/\/noticiasmercedinas.com\/site\/wp-json\/wp\/v2\/posts\/78952\/revisions"}],"predecessor-version":[{"id":78956,"href":"https:\/\/noticiasmercedinas.com\/site\/wp-json\/wp\/v2\/posts\/78952\/revisions\/78956"}],"wp:featuredmedia":[{"embeddable":true,"href":"https:\/\/noticiasmercedinas.com\/site\/wp-json\/wp\/v2\/media\/78953"}],"wp:attachment":[{"href":"https:\/\/noticiasmercedinas.com\/site\/wp-json\/wp\/v2\/media?parent=78952"}],"wp:term":[{"taxonomy":"category","embeddable":true,"href":"https:\/\/noticiasmercedinas.com\/site\/wp-json\/wp\/v2\/categories?post=78952"},{"taxonomy":"post_tag","embeddable":true,"href":"https:\/\/noticiasmercedinas.com\/site\/wp-json\/wp\/v2\/tags?post=78952"}],"curies":[{"name":"wp","href":"https:\/\/api.w.org\/{rel}","templated":true}]}}