{"id":7902,"date":"2018-11-28T16:00:59","date_gmt":"2018-11-28T19:00:59","guid":{"rendered":"https:\/\/noticiasmercedinas.com\/site\/?p=7902"},"modified":"2018-11-28T16:00:59","modified_gmt":"2018-11-28T19:00:59","slug":"salud-vacuna-ninos-y-acompana-a-embarazadas-y-madres","status":"publish","type":"post","link":"https:\/\/noticiasmercedinas.com\/site\/2018\/11\/28\/salud-vacuna-ninos-y-acompana-a-embarazadas-y-madres\/","title":{"rendered":"Salud vacuna ni\u00f1os y acompa\u00f1a a embarazadas y madres"},"content":{"rendered":"<p><img loading=\"lazy\" decoding=\"async\" class=\"alignnone size-large wp-image-7907\" src=\"https:\/\/noticiasmercedinas.com\/site\/wp-content\/uploads\/2018\/11\/1aa0d311-8000-4457-85aa-19c217955e85-1024x576.jpg\" alt=\"\" width=\"640\" height=\"360\" srcset=\"https:\/\/noticiasmercedinas.com\/site\/wp-content\/uploads\/2018\/11\/1aa0d311-8000-4457-85aa-19c217955e85-1024x576.jpg 1024w, https:\/\/noticiasmercedinas.com\/site\/wp-content\/uploads\/2018\/11\/1aa0d311-8000-4457-85aa-19c217955e85-300x169.jpg 300w, https:\/\/noticiasmercedinas.com\/site\/wp-content\/uploads\/2018\/11\/1aa0d311-8000-4457-85aa-19c217955e85-768x432.jpg 768w, https:\/\/noticiasmercedinas.com\/site\/wp-content\/uploads\/2018\/11\/1aa0d311-8000-4457-85aa-19c217955e85-640x360.jpg 640w, https:\/\/noticiasmercedinas.com\/site\/wp-content\/uploads\/2018\/11\/1aa0d311-8000-4457-85aa-19c217955e85-681x383.jpg 681w, https:\/\/noticiasmercedinas.com\/site\/wp-content\/uploads\/2018\/11\/1aa0d311-8000-4457-85aa-19c217955e85.jpg 1032w\" sizes=\"auto, (max-width: 640px) 100vw, 640px\" \/><\/p>\n<p>Desde la Secretar\u00eda de Salud siguen trabajando muy fuerte en diferentes programas para poder cumplir con la alta demanda de la poblaci\u00f3n en la materia. Es as\u00ed que en un contexto complejo, se procedi\u00f3 por un lado a la vacunaci\u00f3n en el barrio \u201cUnidad y Progreso\u201d, y por otro a una charla informativa para embarazadas y madres con hijos peque\u00f1os.<\/p>\n<p>Tal cual coment\u00f3 el doctor <strong>Pablo Cassiani<\/strong>, secretario de Salud municipal, el trabajo que se realiza es mucho. \u201cLlevamos adelante una importante labor en equipo\u201d, destac\u00f3 Cassiani a NOTICIASMERCEDINAS.COM y precis\u00f3 que el operativo de vacunaci\u00f3n se hizo esta misma ma\u00f1ana, en el barrio Unidad y Progreso.<\/p>\n<p>Por otra parte, Cassiani explic\u00f3 que en el d\u00eda de la fecha, en el CAPS Agote, se realiz\u00f3 bajo el programa \u201cPrimeros 1000 d\u00edas\u201d una charla informativa para mam\u00e1s embarazadas y con ni\u00f1os menores de 2 a\u00f1os.<\/p>\n<p><img loading=\"lazy\" decoding=\"async\" class=\"alignnone size-large wp-image-7904\" src=\"https:\/\/noticiasmercedinas.com\/site\/wp-content\/uploads\/2018\/11\/a533dabc-bd65-4b8f-8ed9-110ab13164a6-1024x768.jpg\" alt=\"\" width=\"640\" height=\"480\" srcset=\"https:\/\/noticiasmercedinas.com\/site\/wp-content\/uploads\/2018\/11\/a533dabc-bd65-4b8f-8ed9-110ab13164a6-1024x768.jpg 1024w, https:\/\/noticiasmercedinas.com\/site\/wp-content\/uploads\/2018\/11\/a533dabc-bd65-4b8f-8ed9-110ab13164a6-300x225.jpg 300w, https:\/\/noticiasmercedinas.com\/site\/wp-content\/uploads\/2018\/11\/a533dabc-bd65-4b8f-8ed9-110ab13164a6-768x576.jpg 768w, https:\/\/noticiasmercedinas.com\/site\/wp-content\/uploads\/2018\/11\/a533dabc-bd65-4b8f-8ed9-110ab13164a6-80x60.jpg 80w, https:\/\/noticiasmercedinas.com\/site\/wp-content\/uploads\/2018\/11\/a533dabc-bd65-4b8f-8ed9-110ab13164a6-160x120.jpg 160w, https:\/\/noticiasmercedinas.com\/site\/wp-content\/uploads\/2018\/11\/a533dabc-bd65-4b8f-8ed9-110ab13164a6-100x75.jpg 100w, https:\/\/noticiasmercedinas.com\/site\/wp-content\/uploads\/2018\/11\/a533dabc-bd65-4b8f-8ed9-110ab13164a6-200x150.jpg 200w, https:\/\/noticiasmercedinas.com\/site\/wp-content\/uploads\/2018\/11\/a533dabc-bd65-4b8f-8ed9-110ab13164a6-180x135.jpg 180w, https:\/\/noticiasmercedinas.com\/site\/wp-content\/uploads\/2018\/11\/a533dabc-bd65-4b8f-8ed9-110ab13164a6-360x270.jpg 360w, https:\/\/noticiasmercedinas.com\/site\/wp-content\/uploads\/2018\/11\/a533dabc-bd65-4b8f-8ed9-110ab13164a6-238x178.jpg 238w, https:\/\/noticiasmercedinas.com\/site\/wp-content\/uploads\/2018\/11\/a533dabc-bd65-4b8f-8ed9-110ab13164a6-476x356.jpg 476w, https:\/\/noticiasmercedinas.com\/site\/wp-content\/uploads\/2018\/11\/a533dabc-bd65-4b8f-8ed9-110ab13164a6-640x480.jpg 640w, https:\/\/noticiasmercedinas.com\/site\/wp-content\/uploads\/2018\/11\/a533dabc-bd65-4b8f-8ed9-110ab13164a6.jpg 1280w, https:\/\/noticiasmercedinas.com\/site\/wp-content\/uploads\/2018\/11\/a533dabc-bd65-4b8f-8ed9-110ab13164a6-681x511.jpg 681w\" sizes=\"auto, (max-width: 640px) 100vw, 640px\" \/><\/p>\n<p>\u201cEn ella, junto con la doctora<strong> Roc\u00edo Sierra<\/strong>, la doctora\u00a0<strong>Ver\u00f3nica Perigo<\/strong> y la doctora <strong>Yanina Mosca<\/strong> explicamos la importancia de la lactancia, hablamos sobre el cuidado de los dientes y enc\u00edas durante el embarazo, explicando la t\u00e9cnica de higiene oral seg\u00fan cada edad, y divulgamos conocimientos sobre enfermedades bucales prevalentes\u201d, dijo Cassiani.<\/p>\n<p>Tambi\u00e9n se realiz\u00f3 el control odontol\u00f3gico de los ni\u00f1os y las madres y se realizaron topicaciones con fluor a cada uno.<\/p>\n<p>Adem\u00e1s en los trabajos de preparaci\u00f3n para el parto dentro del mismo programa \u201cPrimeros 1000 D\u00edas\u201d se realizaron trabajos de respiraci\u00f3n y otros para llegar en buena forma a ese momento tan importante de dar a luz.<\/p>\n<p><img loading=\"lazy\" decoding=\"async\" class=\"alignnone size-large wp-image-7906\" src=\"https:\/\/noticiasmercedinas.com\/site\/wp-content\/uploads\/2018\/11\/874a791c-d692-4fd8-9088-6941a7f4b7b3-1024x768.jpg\" alt=\"\" width=\"640\" height=\"480\" srcset=\"https:\/\/noticiasmercedinas.com\/site\/wp-content\/uploads\/2018\/11\/874a791c-d692-4fd8-9088-6941a7f4b7b3-1024x768.jpg 1024w, https:\/\/noticiasmercedinas.com\/site\/wp-content\/uploads\/2018\/11\/874a791c-d692-4fd8-9088-6941a7f4b7b3-300x225.jpg 300w, https:\/\/noticiasmercedinas.com\/site\/wp-content\/uploads\/2018\/11\/874a791c-d692-4fd8-9088-6941a7f4b7b3-768x576.jpg 768w, https:\/\/noticiasmercedinas.com\/site\/wp-content\/uploads\/2018\/11\/874a791c-d692-4fd8-9088-6941a7f4b7b3-80x60.jpg 80w, https:\/\/noticiasmercedinas.com\/site\/wp-content\/uploads\/2018\/11\/874a791c-d692-4fd8-9088-6941a7f4b7b3-160x120.jpg 160w, https:\/\/noticiasmercedinas.com\/site\/wp-content\/uploads\/2018\/11\/874a791c-d692-4fd8-9088-6941a7f4b7b3-100x75.jpg 100w, https:\/\/noticiasmercedinas.com\/site\/wp-content\/uploads\/2018\/11\/874a791c-d692-4fd8-9088-6941a7f4b7b3-200x150.jpg 200w, https:\/\/noticiasmercedinas.com\/site\/wp-content\/uploads\/2018\/11\/874a791c-d692-4fd8-9088-6941a7f4b7b3-180x135.jpg 180w, https:\/\/noticiasmercedinas.com\/site\/wp-content\/uploads\/2018\/11\/874a791c-d692-4fd8-9088-6941a7f4b7b3-360x270.jpg 360w, https:\/\/noticiasmercedinas.com\/site\/wp-content\/uploads\/2018\/11\/874a791c-d692-4fd8-9088-6941a7f4b7b3-238x178.jpg 238w, https:\/\/noticiasmercedinas.com\/site\/wp-content\/uploads\/2018\/11\/874a791c-d692-4fd8-9088-6941a7f4b7b3-476x356.jpg 476w, https:\/\/noticiasmercedinas.com\/site\/wp-content\/uploads\/2018\/11\/874a791c-d692-4fd8-9088-6941a7f4b7b3-640x480.jpg 640w, https:\/\/noticiasmercedinas.com\/site\/wp-content\/uploads\/2018\/11\/874a791c-d692-4fd8-9088-6941a7f4b7b3-681x511.jpg 681w, https:\/\/noticiasmercedinas.com\/site\/wp-content\/uploads\/2018\/11\/874a791c-d692-4fd8-9088-6941a7f4b7b3.jpg 1040w\" sizes=\"auto, (max-width: 640px) 100vw, 640px\" \/><\/p>\n","protected":false},"excerpt":{"rendered":"<p>Desde la Secretar\u00eda de Salud siguen trabajando muy fuerte en diferentes programas para poder cumplir con la alta demanda de la poblaci\u00f3n en la materia. Es as\u00ed que en un contexto complejo, se procedi\u00f3 por un lado a la vacunaci\u00f3n en el barrio \u201cUnidad y Progreso\u201d, y por otro a una charla informativa para embarazadas [&hellip;]<\/p>\n","protected":false},"author":2,"featured_media":7906,"comment_status":"open","ping_status":"open","sticky":false,"template":"","format":"standard","meta":{"footnotes":""},"categories":[3],"tags":[144,573,2466,71,2467,2468],"class_list":["post-7902","post","type-post","status-publish","format-standard","has-post-thumbnail","hentry","category-sociedad","tag-pablo-cassiani","tag-primeros-mil-dias","tag-rocio-sierra","tag-salud","tag-veronica-perigo","tag-yanina-mosca"],"yoast_head":"<!-- This site is optimized with the Yoast SEO plugin v27.5 - https:\/\/yoast.com\/product\/yoast-seo-wordpress\/ -->\n<title>Salud vacuna ni\u00f1os y acompa\u00f1a a embarazadas y madres<\/title>\n<meta name=\"robots\" content=\"index, follow, max-snippet:-1, max-image-preview:large, max-video-preview:-1\" \/>\n<link rel=\"canonical\" href=\"https:\/\/noticiasmercedinas.com\/site\/2018\/11\/28\/salud-vacuna-ninos-y-acompana-a-embarazadas-y-madres\/\" \/>\n<meta property=\"og:locale\" content=\"es_ES\" \/>\n<meta property=\"og:type\" content=\"article\" \/>\n<meta property=\"og:title\" content=\"Salud vacuna ni\u00f1os y acompa\u00f1a a embarazadas y madres\" \/>\n<meta property=\"og:description\" content=\"Desde la Secretar\u00eda de Salud siguen trabajando muy fuerte en diferentes programas para poder cumplir con la alta demanda de la poblaci\u00f3n en la materia. Es as\u00ed que en un contexto complejo, se procedi\u00f3 por un lado a la vacunaci\u00f3n en el barrio \u201cUnidad y Progreso\u201d, y por otro a una charla informativa para embarazadas [&hellip;]\" \/>\n<meta property=\"og:url\" content=\"https:\/\/noticiasmercedinas.com\/site\/2018\/11\/28\/salud-vacuna-ninos-y-acompana-a-embarazadas-y-madres\/\" \/>\n<meta property=\"og:site_name\" content=\"NOTICIASMERCEDINAS.COM\" \/>\n<meta property=\"article:publisher\" content=\"https:\/\/www.facebook.com\/noticiasmercedinas\/\" \/>\n<meta property=\"article:author\" content=\"https:\/\/www.facebook.com\/cristian.falabella\" \/>\n<meta property=\"article:published_time\" content=\"2018-11-28T19:00:59+00:00\" \/>\n<meta property=\"og:image\" content=\"https:\/\/noticiasmercedinas.com\/site\/wp-content\/uploads\/2018\/11\/874a791c-d692-4fd8-9088-6941a7f4b7b3.jpg\" \/>\n\t<meta property=\"og:image:width\" content=\"1040\" \/>\n\t<meta property=\"og:image:height\" content=\"780\" \/>\n\t<meta property=\"og:image:type\" content=\"image\/jpeg\" \/>\n<meta name=\"author\" content=\"Cristian Falabella NOTICIASMERCEDINAS.COM\" \/>\n<meta name=\"twitter:card\" content=\"summary_large_image\" \/>\n<meta name=\"twitter:creator\" content=\"@https:\/\/twitter.com\/NOTMERCEDINAS\" \/>\n<meta name=\"twitter:site\" content=\"@notmercedinas\" \/>\n<meta name=\"twitter:label1\" content=\"Escrito por\" \/>\n\t<meta name=\"twitter:data1\" content=\"Cristian Falabella NOTICIASMERCEDINAS.COM\" \/>\n\t<meta name=\"twitter:label2\" content=\"Tiempo de lectura\" \/>\n\t<meta name=\"twitter:data2\" content=\"1 minuto\" \/>\n<script type=\"application\/ld+json\" class=\"yoast-schema-graph\">{\"@context\":\"https:\\\/\\\/schema.org\",\"@graph\":[{\"@type\":\"Article\",\"@id\":\"https:\\\/\\\/noticiasmercedinas.com\\\/site\\\/2018\\\/11\\\/28\\\/salud-vacuna-ninos-y-acompana-a-embarazadas-y-madres\\\/#article\",\"isPartOf\":{\"@id\":\"https:\\\/\\\/noticiasmercedinas.com\\\/site\\\/2018\\\/11\\\/28\\\/salud-vacuna-ninos-y-acompana-a-embarazadas-y-madres\\\/\"},\"author\":{\"name\":\"Cristian Falabella NOTICIASMERCEDINAS.COM\",\"@id\":\"https:\\\/\\\/noticiasmercedinas.com\\\/site\\\/#\\\/schema\\\/person\\\/d481a9696a5feaec13a60e2bbd991a6a\"},\"headline\":\"Salud vacuna ni\u00f1os y acompa\u00f1a a embarazadas y madres\",\"datePublished\":\"2018-11-28T19:00:59+00:00\",\"mainEntityOfPage\":{\"@id\":\"https:\\\/\\\/noticiasmercedinas.com\\\/site\\\/2018\\\/11\\\/28\\\/salud-vacuna-ninos-y-acompana-a-embarazadas-y-madres\\\/\"},\"wordCount\":287,\"commentCount\":0,\"publisher\":{\"@id\":\"https:\\\/\\\/noticiasmercedinas.com\\\/site\\\/#organization\"},\"image\":{\"@id\":\"https:\\\/\\\/noticiasmercedinas.com\\\/site\\\/2018\\\/11\\\/28\\\/salud-vacuna-ninos-y-acompana-a-embarazadas-y-madres\\\/#primaryimage\"},\"thumbnailUrl\":\"https:\\\/\\\/noticiasmercedinas.com\\\/site\\\/wp-content\\\/uploads\\\/2018\\\/11\\\/874a791c-d692-4fd8-9088-6941a7f4b7b3.jpg\",\"keywords\":[\"pablo cassiani\",\"primeros mil dias\",\"Roc\u00edo Sierra\",\"salud\",\"Ver\u00f3nica Perigo\",\"Yanina Mosca\"],\"articleSection\":[\"Sociedad\"],\"inLanguage\":\"es\",\"potentialAction\":[{\"@type\":\"CommentAction\",\"name\":\"Comment\",\"target\":[\"https:\\\/\\\/noticiasmercedinas.com\\\/site\\\/2018\\\/11\\\/28\\\/salud-vacuna-ninos-y-acompana-a-embarazadas-y-madres\\\/#respond\"]}]},{\"@type\":\"WebPage\",\"@id\":\"https:\\\/\\\/noticiasmercedinas.com\\\/site\\\/2018\\\/11\\\/28\\\/salud-vacuna-ninos-y-acompana-a-embarazadas-y-madres\\\/\",\"url\":\"https:\\\/\\\/noticiasmercedinas.com\\\/site\\\/2018\\\/11\\\/28\\\/salud-vacuna-ninos-y-acompana-a-embarazadas-y-madres\\\/\",\"name\":\"Salud vacuna ni\u00f1os y acompa\u00f1a a embarazadas y madres\",\"isPartOf\":{\"@id\":\"https:\\\/\\\/noticiasmercedinas.com\\\/site\\\/#website\"},\"primaryImageOfPage\":{\"@id\":\"https:\\\/\\\/noticiasmercedinas.com\\\/site\\\/2018\\\/11\\\/28\\\/salud-vacuna-ninos-y-acompana-a-embarazadas-y-madres\\\/#primaryimage\"},\"image\":{\"@id\":\"https:\\\/\\\/noticiasmercedinas.com\\\/site\\\/2018\\\/11\\\/28\\\/salud-vacuna-ninos-y-acompana-a-embarazadas-y-madres\\\/#primaryimage\"},\"thumbnailUrl\":\"https:\\\/\\\/noticiasmercedinas.com\\\/site\\\/wp-content\\\/uploads\\\/2018\\\/11\\\/874a791c-d692-4fd8-9088-6941a7f4b7b3.jpg\",\"datePublished\":\"2018-11-28T19:00:59+00:00\",\"breadcrumb\":{\"@id\":\"https:\\\/\\\/noticiasmercedinas.com\\\/site\\\/2018\\\/11\\\/28\\\/salud-vacuna-ninos-y-acompana-a-embarazadas-y-madres\\\/#breadcrumb\"},\"inLanguage\":\"es\",\"potentialAction\":[{\"@type\":\"ReadAction\",\"target\":[\"https:\\\/\\\/noticiasmercedinas.com\\\/site\\\/2018\\\/11\\\/28\\\/salud-vacuna-ninos-y-acompana-a-embarazadas-y-madres\\\/\"]}]},{\"@type\":\"ImageObject\",\"inLanguage\":\"es\",\"@id\":\"https:\\\/\\\/noticiasmercedinas.com\\\/site\\\/2018\\\/11\\\/28\\\/salud-vacuna-ninos-y-acompana-a-embarazadas-y-madres\\\/#primaryimage\",\"url\":\"https:\\\/\\\/noticiasmercedinas.com\\\/site\\\/wp-content\\\/uploads\\\/2018\\\/11\\\/874a791c-d692-4fd8-9088-6941a7f4b7b3.jpg\",\"contentUrl\":\"https:\\\/\\\/noticiasmercedinas.com\\\/site\\\/wp-content\\\/uploads\\\/2018\\\/11\\\/874a791c-d692-4fd8-9088-6941a7f4b7b3.jpg\",\"width\":1040,\"height\":780},{\"@type\":\"BreadcrumbList\",\"@id\":\"https:\\\/\\\/noticiasmercedinas.com\\\/site\\\/2018\\\/11\\\/28\\\/salud-vacuna-ninos-y-acompana-a-embarazadas-y-madres\\\/#breadcrumb\",\"itemListElement\":[{\"@type\":\"ListItem\",\"position\":1,\"name\":\"Portada\",\"item\":\"https:\\\/\\\/noticiasmercedinas.com\\\/site\\\/\"},{\"@type\":\"ListItem\",\"position\":2,\"name\":\"Salud vacuna ni\u00f1os y acompa\u00f1a a embarazadas y madres\"}]},{\"@type\":\"WebSite\",\"@id\":\"https:\\\/\\\/noticiasmercedinas.com\\\/site\\\/#website\",\"url\":\"https:\\\/\\\/noticiasmercedinas.com\\\/site\\\/\",\"name\":\"NOTICIASMERCEDINAS.COM\",\"description\":\"Mercedes, Buenos Aires, Argentina\",\"publisher\":{\"@id\":\"https:\\\/\\\/noticiasmercedinas.com\\\/site\\\/#organization\"},\"potentialAction\":[{\"@type\":\"SearchAction\",\"target\":{\"@type\":\"EntryPoint\",\"urlTemplate\":\"https:\\\/\\\/noticiasmercedinas.com\\\/site\\\/?s={search_term_string}\"},\"query-input\":{\"@type\":\"PropertyValueSpecification\",\"valueRequired\":true,\"valueName\":\"search_term_string\"}}],\"inLanguage\":\"es\"},{\"@type\":\"Organization\",\"@id\":\"https:\\\/\\\/noticiasmercedinas.com\\\/site\\\/#organization\",\"name\":\"NOTICIASMERCEDINAS.COM\",\"url\":\"https:\\\/\\\/noticiasmercedinas.com\\\/site\\\/\",\"logo\":{\"@type\":\"ImageObject\",\"inLanguage\":\"es\",\"@id\":\"https:\\\/\\\/noticiasmercedinas.com\\\/site\\\/#\\\/schema\\\/logo\\\/image\\\/\",\"url\":\"https:\\\/\\\/noticiasmercedinas.com\\\/site\\\/wp-content\\\/uploads\\\/2020\\\/06\\\/LOGO-512.jpg\",\"contentUrl\":\"https:\\\/\\\/noticiasmercedinas.com\\\/site\\\/wp-content\\\/uploads\\\/2020\\\/06\\\/LOGO-512.jpg\",\"width\":512,\"height\":512,\"caption\":\"NOTICIASMERCEDINAS.COM\"},\"image\":{\"@id\":\"https:\\\/\\\/noticiasmercedinas.com\\\/site\\\/#\\\/schema\\\/logo\\\/image\\\/\"},\"sameAs\":[\"https:\\\/\\\/www.facebook.com\\\/noticiasmercedinas\\\/\",\"https:\\\/\\\/x.com\\\/notmercedinas\",\"https:\\\/\\\/www.instagram.com\\\/noticiasmercedinas\\\/\"]},{\"@type\":\"Person\",\"@id\":\"https:\\\/\\\/noticiasmercedinas.com\\\/site\\\/#\\\/schema\\\/person\\\/d481a9696a5feaec13a60e2bbd991a6a\",\"name\":\"Cristian Falabella NOTICIASMERCEDINAS.COM\",\"image\":{\"@type\":\"ImageObject\",\"inLanguage\":\"es\",\"@id\":\"https:\\\/\\\/secure.gravatar.com\\\/avatar\\\/0dbbfc45970cc46bcd0e57766228574ff3511d6eed045b182f536f0f478c1f06?s=96&d=mm&r=g\",\"url\":\"https:\\\/\\\/secure.gravatar.com\\\/avatar\\\/0dbbfc45970cc46bcd0e57766228574ff3511d6eed045b182f536f0f478c1f06?s=96&d=mm&r=g\",\"contentUrl\":\"https:\\\/\\\/secure.gravatar.com\\\/avatar\\\/0dbbfc45970cc46bcd0e57766228574ff3511d6eed045b182f536f0f478c1f06?s=96&d=mm&r=g\",\"caption\":\"Cristian Falabella NOTICIASMERCEDINAS.COM\"},\"description\":\"Periodista, editor de Noticias Mercedinas. Pas\u00f3 por varias redacciones y emprendimientos de prensa, en distintos formatos y \u00e9pocas. Se especializ\u00f3 --y sigue haci\u00e9ndolo-- en comunicaci\u00f3n en la web y en junio de 2006 fund\u00f3 este diario digital.\",\"sameAs\":[\"https:\\\/\\\/noticiasmercedinas.com\",\"https:\\\/\\\/www.facebook.com\\\/cristian.falabella\",\"https:\\\/\\\/www.instagram.com\\\/noticiasmercedinas\\\/\",\"https:\\\/\\\/x.com\\\/https:\\\/\\\/twitter.com\\\/NOTMERCEDINAS\"],\"url\":\"https:\\\/\\\/noticiasmercedinas.com\\\/site\\\/author\\\/as000384\\\/\"}]}<\/script>\n<!-- \/ Yoast SEO plugin. -->","yoast_head_json":{"title":"Salud vacuna ni\u00f1os y acompa\u00f1a a embarazadas y madres","robots":{"index":"index","follow":"follow","max-snippet":"max-snippet:-1","max-image-preview":"max-image-preview:large","max-video-preview":"max-video-preview:-1"},"canonical":"https:\/\/noticiasmercedinas.com\/site\/2018\/11\/28\/salud-vacuna-ninos-y-acompana-a-embarazadas-y-madres\/","og_locale":"es_ES","og_type":"article","og_title":"Salud vacuna ni\u00f1os y acompa\u00f1a a embarazadas y madres","og_description":"Desde la Secretar\u00eda de Salud siguen trabajando muy fuerte en diferentes programas para poder cumplir con la alta demanda de la poblaci\u00f3n en la materia. Es as\u00ed que en un contexto complejo, se procedi\u00f3 por un lado a la vacunaci\u00f3n en el barrio \u201cUnidad y Progreso\u201d, y por otro a una charla informativa para embarazadas [&hellip;]","og_url":"https:\/\/noticiasmercedinas.com\/site\/2018\/11\/28\/salud-vacuna-ninos-y-acompana-a-embarazadas-y-madres\/","og_site_name":"NOTICIASMERCEDINAS.COM","article_publisher":"https:\/\/www.facebook.com\/noticiasmercedinas\/","article_author":"https:\/\/www.facebook.com\/cristian.falabella","article_published_time":"2018-11-28T19:00:59+00:00","og_image":[{"width":1040,"height":780,"url":"https:\/\/noticiasmercedinas.com\/site\/wp-content\/uploads\/2018\/11\/874a791c-d692-4fd8-9088-6941a7f4b7b3.jpg","type":"image\/jpeg"}],"author":"Cristian Falabella NOTICIASMERCEDINAS.COM","twitter_card":"summary_large_image","twitter_creator":"@https:\/\/twitter.com\/NOTMERCEDINAS","twitter_site":"@notmercedinas","twitter_misc":{"Escrito por":"Cristian Falabella NOTICIASMERCEDINAS.COM","Tiempo de lectura":"1 minuto"},"schema":{"@context":"https:\/\/schema.org","@graph":[{"@type":"Article","@id":"https:\/\/noticiasmercedinas.com\/site\/2018\/11\/28\/salud-vacuna-ninos-y-acompana-a-embarazadas-y-madres\/#article","isPartOf":{"@id":"https:\/\/noticiasmercedinas.com\/site\/2018\/11\/28\/salud-vacuna-ninos-y-acompana-a-embarazadas-y-madres\/"},"author":{"name":"Cristian Falabella NOTICIASMERCEDINAS.COM","@id":"https:\/\/noticiasmercedinas.com\/site\/#\/schema\/person\/d481a9696a5feaec13a60e2bbd991a6a"},"headline":"Salud vacuna ni\u00f1os y acompa\u00f1a a embarazadas y madres","datePublished":"2018-11-28T19:00:59+00:00","mainEntityOfPage":{"@id":"https:\/\/noticiasmercedinas.com\/site\/2018\/11\/28\/salud-vacuna-ninos-y-acompana-a-embarazadas-y-madres\/"},"wordCount":287,"commentCount":0,"publisher":{"@id":"https:\/\/noticiasmercedinas.com\/site\/#organization"},"image":{"@id":"https:\/\/noticiasmercedinas.com\/site\/2018\/11\/28\/salud-vacuna-ninos-y-acompana-a-embarazadas-y-madres\/#primaryimage"},"thumbnailUrl":"https:\/\/noticiasmercedinas.com\/site\/wp-content\/uploads\/2018\/11\/874a791c-d692-4fd8-9088-6941a7f4b7b3.jpg","keywords":["pablo cassiani","primeros mil dias","Roc\u00edo Sierra","salud","Ver\u00f3nica Perigo","Yanina Mosca"],"articleSection":["Sociedad"],"inLanguage":"es","potentialAction":[{"@type":"CommentAction","name":"Comment","target":["https:\/\/noticiasmercedinas.com\/site\/2018\/11\/28\/salud-vacuna-ninos-y-acompana-a-embarazadas-y-madres\/#respond"]}]},{"@type":"WebPage","@id":"https:\/\/noticiasmercedinas.com\/site\/2018\/11\/28\/salud-vacuna-ninos-y-acompana-a-embarazadas-y-madres\/","url":"https:\/\/noticiasmercedinas.com\/site\/2018\/11\/28\/salud-vacuna-ninos-y-acompana-a-embarazadas-y-madres\/","name":"Salud vacuna ni\u00f1os y acompa\u00f1a a embarazadas y madres","isPartOf":{"@id":"https:\/\/noticiasmercedinas.com\/site\/#website"},"primaryImageOfPage":{"@id":"https:\/\/noticiasmercedinas.com\/site\/2018\/11\/28\/salud-vacuna-ninos-y-acompana-a-embarazadas-y-madres\/#primaryimage"},"image":{"@id":"https:\/\/noticiasmercedinas.com\/site\/2018\/11\/28\/salud-vacuna-ninos-y-acompana-a-embarazadas-y-madres\/#primaryimage"},"thumbnailUrl":"https:\/\/noticiasmercedinas.com\/site\/wp-content\/uploads\/2018\/11\/874a791c-d692-4fd8-9088-6941a7f4b7b3.jpg","datePublished":"2018-11-28T19:00:59+00:00","breadcrumb":{"@id":"https:\/\/noticiasmercedinas.com\/site\/2018\/11\/28\/salud-vacuna-ninos-y-acompana-a-embarazadas-y-madres\/#breadcrumb"},"inLanguage":"es","potentialAction":[{"@type":"ReadAction","target":["https:\/\/noticiasmercedinas.com\/site\/2018\/11\/28\/salud-vacuna-ninos-y-acompana-a-embarazadas-y-madres\/"]}]},{"@type":"ImageObject","inLanguage":"es","@id":"https:\/\/noticiasmercedinas.com\/site\/2018\/11\/28\/salud-vacuna-ninos-y-acompana-a-embarazadas-y-madres\/#primaryimage","url":"https:\/\/noticiasmercedinas.com\/site\/wp-content\/uploads\/2018\/11\/874a791c-d692-4fd8-9088-6941a7f4b7b3.jpg","contentUrl":"https:\/\/noticiasmercedinas.com\/site\/wp-content\/uploads\/2018\/11\/874a791c-d692-4fd8-9088-6941a7f4b7b3.jpg","width":1040,"height":780},{"@type":"BreadcrumbList","@id":"https:\/\/noticiasmercedinas.com\/site\/2018\/11\/28\/salud-vacuna-ninos-y-acompana-a-embarazadas-y-madres\/#breadcrumb","itemListElement":[{"@type":"ListItem","position":1,"name":"Portada","item":"https:\/\/noticiasmercedinas.com\/site\/"},{"@type":"ListItem","position":2,"name":"Salud vacuna ni\u00f1os y acompa\u00f1a a embarazadas y madres"}]},{"@type":"WebSite","@id":"https:\/\/noticiasmercedinas.com\/site\/#website","url":"https:\/\/noticiasmercedinas.com\/site\/","name":"NOTICIASMERCEDINAS.COM","description":"Mercedes, Buenos Aires, Argentina","publisher":{"@id":"https:\/\/noticiasmercedinas.com\/site\/#organization"},"potentialAction":[{"@type":"SearchAction","target":{"@type":"EntryPoint","urlTemplate":"https:\/\/noticiasmercedinas.com\/site\/?s={search_term_string}"},"query-input":{"@type":"PropertyValueSpecification","valueRequired":true,"valueName":"search_term_string"}}],"inLanguage":"es"},{"@type":"Organization","@id":"https:\/\/noticiasmercedinas.com\/site\/#organization","name":"NOTICIASMERCEDINAS.COM","url":"https:\/\/noticiasmercedinas.com\/site\/","logo":{"@type":"ImageObject","inLanguage":"es","@id":"https:\/\/noticiasmercedinas.com\/site\/#\/schema\/logo\/image\/","url":"https:\/\/noticiasmercedinas.com\/site\/wp-content\/uploads\/2020\/06\/LOGO-512.jpg","contentUrl":"https:\/\/noticiasmercedinas.com\/site\/wp-content\/uploads\/2020\/06\/LOGO-512.jpg","width":512,"height":512,"caption":"NOTICIASMERCEDINAS.COM"},"image":{"@id":"https:\/\/noticiasmercedinas.com\/site\/#\/schema\/logo\/image\/"},"sameAs":["https:\/\/www.facebook.com\/noticiasmercedinas\/","https:\/\/x.com\/notmercedinas","https:\/\/www.instagram.com\/noticiasmercedinas\/"]},{"@type":"Person","@id":"https:\/\/noticiasmercedinas.com\/site\/#\/schema\/person\/d481a9696a5feaec13a60e2bbd991a6a","name":"Cristian Falabella NOTICIASMERCEDINAS.COM","image":{"@type":"ImageObject","inLanguage":"es","@id":"https:\/\/secure.gravatar.com\/avatar\/0dbbfc45970cc46bcd0e57766228574ff3511d6eed045b182f536f0f478c1f06?s=96&d=mm&r=g","url":"https:\/\/secure.gravatar.com\/avatar\/0dbbfc45970cc46bcd0e57766228574ff3511d6eed045b182f536f0f478c1f06?s=96&d=mm&r=g","contentUrl":"https:\/\/secure.gravatar.com\/avatar\/0dbbfc45970cc46bcd0e57766228574ff3511d6eed045b182f536f0f478c1f06?s=96&d=mm&r=g","caption":"Cristian Falabella NOTICIASMERCEDINAS.COM"},"description":"Periodista, editor de Noticias Mercedinas. Pas\u00f3 por varias redacciones y emprendimientos de prensa, en distintos formatos y \u00e9pocas. Se especializ\u00f3 --y sigue haci\u00e9ndolo-- en comunicaci\u00f3n en la web y en junio de 2006 fund\u00f3 este diario digital.","sameAs":["https:\/\/noticiasmercedinas.com","https:\/\/www.facebook.com\/cristian.falabella","https:\/\/www.instagram.com\/noticiasmercedinas\/","https:\/\/x.com\/https:\/\/twitter.com\/NOTMERCEDINAS"],"url":"https:\/\/noticiasmercedinas.com\/site\/author\/as000384\/"}]}},"amp_enabled":true,"_links":{"self":[{"href":"https:\/\/noticiasmercedinas.com\/site\/wp-json\/wp\/v2\/posts\/7902","targetHints":{"allow":["GET"]}}],"collection":[{"href":"https:\/\/noticiasmercedinas.com\/site\/wp-json\/wp\/v2\/posts"}],"about":[{"href":"https:\/\/noticiasmercedinas.com\/site\/wp-json\/wp\/v2\/types\/post"}],"author":[{"embeddable":true,"href":"https:\/\/noticiasmercedinas.com\/site\/wp-json\/wp\/v2\/users\/2"}],"replies":[{"embeddable":true,"href":"https:\/\/noticiasmercedinas.com\/site\/wp-json\/wp\/v2\/comments?post=7902"}],"version-history":[{"count":1,"href":"https:\/\/noticiasmercedinas.com\/site\/wp-json\/wp\/v2\/posts\/7902\/revisions"}],"predecessor-version":[{"id":7908,"href":"https:\/\/noticiasmercedinas.com\/site\/wp-json\/wp\/v2\/posts\/7902\/revisions\/7908"}],"wp:featuredmedia":[{"embeddable":true,"href":"https:\/\/noticiasmercedinas.com\/site\/wp-json\/wp\/v2\/media\/7906"}],"wp:attachment":[{"href":"https:\/\/noticiasmercedinas.com\/site\/wp-json\/wp\/v2\/media?parent=7902"}],"wp:term":[{"taxonomy":"category","embeddable":true,"href":"https:\/\/noticiasmercedinas.com\/site\/wp-json\/wp\/v2\/categories?post=7902"},{"taxonomy":"post_tag","embeddable":true,"href":"https:\/\/noticiasmercedinas.com\/site\/wp-json\/wp\/v2\/tags?post=7902"}],"curies":[{"name":"wp","href":"https:\/\/api.w.org\/{rel}","templated":true}]}}