{"id":79038,"date":"2021-11-08T21:10:13","date_gmt":"2021-11-09T00:10:13","guid":{"rendered":"https:\/\/noticiasmercedinas.com\/site\/?p=79038"},"modified":"2021-11-08T21:10:13","modified_gmt":"2021-11-09T00:10:13","slug":"german-di-cesare-se-suma-al-equipo-de-dany-vilar-en-el-nuevo-ministerio-de-ambiente","status":"publish","type":"post","link":"https:\/\/noticiasmercedinas.com\/site\/2021\/11\/08\/german-di-cesare-se-suma-al-equipo-de-dany-vilar-en-el-nuevo-ministerio-de-ambiente\/","title":{"rendered":"Germ\u00e1n Di Cesare se suma al equipo de Dany Vilar en el nuevo Ministerio de Ambiente"},"content":{"rendered":"<p><img loading=\"lazy\" decoding=\"async\" class=\"alignnone size-full wp-image-79039\" src=\"https:\/\/noticiasmercedinas.com\/site\/wp-content\/uploads\/2021\/11\/8VWcGrXI_400x400.jpg\" alt=\"\" width=\"640\" height=\"420\" srcset=\"https:\/\/noticiasmercedinas.com\/site\/wp-content\/uploads\/2021\/11\/8VWcGrXI_400x400.jpg 640w, https:\/\/noticiasmercedinas.com\/site\/wp-content\/uploads\/2021\/11\/8VWcGrXI_400x400-300x197.jpg 300w\" sizes=\"auto, (max-width: 640px) 100vw, 640px\" \/><\/p>\n<p>El ex intendente de General Alvarado y actual diputado provincial por la quinta secci\u00f3n, Germ\u00e1n Di Cesare, se sumar\u00eda al equipo que por estas horas est\u00e1 cerrando Daniela Vilar para comandar el nuevo Ministerio de Ambiente de la Provincia de Buenos Aires.<\/p>\n<p>En sinton\u00eda con las modificaciones que se dieron luego del resultado de las PASO, donde los intendentes impusieron a Mart\u00edn Insaurralde como nuevo Jefe de Gabinete de Ministros y a Leonardo Nardini como Ministro de infraestructura, dos puestos claves para el gobierno de Axel Kicillof, ya se vienen definiendo los cambios para despu\u00e9s del 14 de noviembre. En este sentido y confirmados la creaci\u00f3n del Ministerio de Cultura y Deporte y el Ministerio de Ambiente y Cambio Clim\u00e1tico, la danza de nombres comenz\u00f3 a sonar.<\/p>\n<p>\u201cM\u00e1s all\u00e1 del resultado de las elecciones es necesario abordar de una vez por todas la problem\u00e1tica ambiental en la Provincia de Buenos Aires\u201d, comentaron en el entorno de Vilar en lo que parece ser una clara referencia a la ineficiente pol\u00edtica ambiental desarrollada por el Organismo Provincial para el Desarrollo Sostenible (OPDS) que hoy conduce Juan Brardinelli, un hombre cercano al saliente Jefe de Gabinete de Ministros, Carlos Bianco.<\/p>\n<p>En este sentido, Germ\u00e1n Di Cesare ocupar\u00eda un rol central en el Ministerio con el cargo de Viceministro de Ambiente, cargo que a nivel nacional tambi\u00e9n fue ocupado por el \u201cmassismo\u201d con Sergio Federovisky, otro hombre de confianza de Sergio Massa.<\/p>\n<p>La Propuesta contar\u00eda con el apoyo de M\u00e1ximo, pero tambi\u00e9n con el de Mart\u00edn Insaurralde quien fue el principal impulsor de la lomense al cargo de Ministra, y habr\u00eda pedido un lugar para el actual secretario de ambiente de la Municipalidad de Lomas de Zamora, Emiliano Baloira.<\/p>\n","protected":false},"excerpt":{"rendered":"<p>\u25a0\u00a0El diputado provincial ser\u00eda el hombre que Sergio Massa le habr\u00eda propuesto a M\u00e1ximo Kirchner para acompa\u00f1ar a la militante de La C\u00e1mpora en el nuevo ministerio que se conformar\u00eda a partir de diciembre.<\/p>\n","protected":false},"author":16,"featured_media":79039,"comment_status":"open","ping_status":"open","sticky":false,"template":"","format":"standard","meta":{"footnotes":""},"categories":[7919],"tags":[1347,13251],"class_list":["post-79038","post","type-post","status-publish","format-standard","has-post-thumbnail","hentry","category-provinciales","tag-ambiente","tag-german-di-cesare"],"yoast_head":"<!-- This site is optimized with the Yoast SEO plugin v27.5 - https:\/\/yoast.com\/product\/yoast-seo-wordpress\/ -->\n<title>Germ\u00e1n Di Cesare se suma al equipo de Dany Vilar en el nuevo Ministerio de Ambiente<\/title>\n<meta name=\"robots\" content=\"index, follow, max-snippet:-1, max-image-preview:large, max-video-preview:-1\" \/>\n<link rel=\"canonical\" href=\"https:\/\/noticiasmercedinas.com\/site\/2021\/11\/08\/german-di-cesare-se-suma-al-equipo-de-dany-vilar-en-el-nuevo-ministerio-de-ambiente\/\" \/>\n<meta property=\"og:locale\" content=\"es_ES\" \/>\n<meta property=\"og:type\" content=\"article\" \/>\n<meta property=\"og:title\" content=\"Germ\u00e1n Di Cesare se suma al equipo de Dany Vilar en el nuevo Ministerio de Ambiente\" \/>\n<meta property=\"og:description\" content=\"\u25a0\u00a0El diputado provincial ser\u00eda el hombre que Sergio Massa le habr\u00eda propuesto a M\u00e1ximo Kirchner para acompa\u00f1ar a la militante de La C\u00e1mpora en el nuevo ministerio que se conformar\u00eda a partir de diciembre.\" \/>\n<meta property=\"og:url\" content=\"https:\/\/noticiasmercedinas.com\/site\/2021\/11\/08\/german-di-cesare-se-suma-al-equipo-de-dany-vilar-en-el-nuevo-ministerio-de-ambiente\/\" \/>\n<meta property=\"og:site_name\" content=\"NOTICIASMERCEDINAS.COM\" \/>\n<meta property=\"article:publisher\" content=\"https:\/\/www.facebook.com\/noticiasmercedinas\/\" \/>\n<meta property=\"article:published_time\" content=\"2021-11-09T00:10:13+00:00\" \/>\n<meta property=\"og:image\" content=\"https:\/\/noticiasmercedinas.com\/site\/wp-content\/uploads\/2021\/11\/8VWcGrXI_400x400.jpg\" \/>\n\t<meta property=\"og:image:width\" content=\"640\" \/>\n\t<meta property=\"og:image:height\" content=\"420\" \/>\n\t<meta property=\"og:image:type\" content=\"image\/jpeg\" \/>\n<meta name=\"author\" content=\"NOTICIASMERCEDINAS.COM\" \/>\n<meta name=\"twitter:card\" content=\"summary_large_image\" \/>\n<meta name=\"twitter:creator\" content=\"@notmercedinas\" \/>\n<meta name=\"twitter:site\" content=\"@notmercedinas\" \/>\n<meta name=\"twitter:label1\" content=\"Escrito por\" \/>\n\t<meta name=\"twitter:data1\" content=\"NOTICIASMERCEDINAS.COM\" \/>\n\t<meta name=\"twitter:label2\" content=\"Tiempo de lectura\" \/>\n\t<meta name=\"twitter:data2\" content=\"2 minutos\" \/>\n<script type=\"application\/ld+json\" class=\"yoast-schema-graph\">{\"@context\":\"https:\\\/\\\/schema.org\",\"@graph\":[{\"@type\":\"Article\",\"@id\":\"https:\\\/\\\/noticiasmercedinas.com\\\/site\\\/2021\\\/11\\\/08\\\/german-di-cesare-se-suma-al-equipo-de-dany-vilar-en-el-nuevo-ministerio-de-ambiente\\\/#article\",\"isPartOf\":{\"@id\":\"https:\\\/\\\/noticiasmercedinas.com\\\/site\\\/2021\\\/11\\\/08\\\/german-di-cesare-se-suma-al-equipo-de-dany-vilar-en-el-nuevo-ministerio-de-ambiente\\\/\"},\"author\":{\"name\":\"NOTICIASMERCEDINAS.COM\",\"@id\":\"https:\\\/\\\/noticiasmercedinas.com\\\/site\\\/#\\\/schema\\\/person\\\/84b59c099c28ff2e8b77d4ceec5d8063\"},\"headline\":\"Germ\u00e1n Di Cesare se suma al equipo de Dany Vilar en el nuevo Ministerio de Ambiente\",\"datePublished\":\"2021-11-09T00:10:13+00:00\",\"mainEntityOfPage\":{\"@id\":\"https:\\\/\\\/noticiasmercedinas.com\\\/site\\\/2021\\\/11\\\/08\\\/german-di-cesare-se-suma-al-equipo-de-dany-vilar-en-el-nuevo-ministerio-de-ambiente\\\/\"},\"wordCount\":320,\"commentCount\":0,\"publisher\":{\"@id\":\"https:\\\/\\\/noticiasmercedinas.com\\\/site\\\/#organization\"},\"image\":{\"@id\":\"https:\\\/\\\/noticiasmercedinas.com\\\/site\\\/2021\\\/11\\\/08\\\/german-di-cesare-se-suma-al-equipo-de-dany-vilar-en-el-nuevo-ministerio-de-ambiente\\\/#primaryimage\"},\"thumbnailUrl\":\"https:\\\/\\\/noticiasmercedinas.com\\\/site\\\/wp-content\\\/uploads\\\/2021\\\/11\\\/8VWcGrXI_400x400.jpg\",\"keywords\":[\"ambiente\",\"german di cesare\"],\"articleSection\":[\"Provinciales\"],\"inLanguage\":\"es\",\"potentialAction\":[{\"@type\":\"CommentAction\",\"name\":\"Comment\",\"target\":[\"https:\\\/\\\/noticiasmercedinas.com\\\/site\\\/2021\\\/11\\\/08\\\/german-di-cesare-se-suma-al-equipo-de-dany-vilar-en-el-nuevo-ministerio-de-ambiente\\\/#respond\"]}]},{\"@type\":\"WebPage\",\"@id\":\"https:\\\/\\\/noticiasmercedinas.com\\\/site\\\/2021\\\/11\\\/08\\\/german-di-cesare-se-suma-al-equipo-de-dany-vilar-en-el-nuevo-ministerio-de-ambiente\\\/\",\"url\":\"https:\\\/\\\/noticiasmercedinas.com\\\/site\\\/2021\\\/11\\\/08\\\/german-di-cesare-se-suma-al-equipo-de-dany-vilar-en-el-nuevo-ministerio-de-ambiente\\\/\",\"name\":\"Germ\u00e1n Di Cesare se suma al equipo de Dany Vilar en el nuevo Ministerio de Ambiente\",\"isPartOf\":{\"@id\":\"https:\\\/\\\/noticiasmercedinas.com\\\/site\\\/#website\"},\"primaryImageOfPage\":{\"@id\":\"https:\\\/\\\/noticiasmercedinas.com\\\/site\\\/2021\\\/11\\\/08\\\/german-di-cesare-se-suma-al-equipo-de-dany-vilar-en-el-nuevo-ministerio-de-ambiente\\\/#primaryimage\"},\"image\":{\"@id\":\"https:\\\/\\\/noticiasmercedinas.com\\\/site\\\/2021\\\/11\\\/08\\\/german-di-cesare-se-suma-al-equipo-de-dany-vilar-en-el-nuevo-ministerio-de-ambiente\\\/#primaryimage\"},\"thumbnailUrl\":\"https:\\\/\\\/noticiasmercedinas.com\\\/site\\\/wp-content\\\/uploads\\\/2021\\\/11\\\/8VWcGrXI_400x400.jpg\",\"datePublished\":\"2021-11-09T00:10:13+00:00\",\"breadcrumb\":{\"@id\":\"https:\\\/\\\/noticiasmercedinas.com\\\/site\\\/2021\\\/11\\\/08\\\/german-di-cesare-se-suma-al-equipo-de-dany-vilar-en-el-nuevo-ministerio-de-ambiente\\\/#breadcrumb\"},\"inLanguage\":\"es\",\"potentialAction\":[{\"@type\":\"ReadAction\",\"target\":[\"https:\\\/\\\/noticiasmercedinas.com\\\/site\\\/2021\\\/11\\\/08\\\/german-di-cesare-se-suma-al-equipo-de-dany-vilar-en-el-nuevo-ministerio-de-ambiente\\\/\"]}]},{\"@type\":\"ImageObject\",\"inLanguage\":\"es\",\"@id\":\"https:\\\/\\\/noticiasmercedinas.com\\\/site\\\/2021\\\/11\\\/08\\\/german-di-cesare-se-suma-al-equipo-de-dany-vilar-en-el-nuevo-ministerio-de-ambiente\\\/#primaryimage\",\"url\":\"https:\\\/\\\/noticiasmercedinas.com\\\/site\\\/wp-content\\\/uploads\\\/2021\\\/11\\\/8VWcGrXI_400x400.jpg\",\"contentUrl\":\"https:\\\/\\\/noticiasmercedinas.com\\\/site\\\/wp-content\\\/uploads\\\/2021\\\/11\\\/8VWcGrXI_400x400.jpg\",\"width\":640,\"height\":420},{\"@type\":\"BreadcrumbList\",\"@id\":\"https:\\\/\\\/noticiasmercedinas.com\\\/site\\\/2021\\\/11\\\/08\\\/german-di-cesare-se-suma-al-equipo-de-dany-vilar-en-el-nuevo-ministerio-de-ambiente\\\/#breadcrumb\",\"itemListElement\":[{\"@type\":\"ListItem\",\"position\":1,\"name\":\"Portada\",\"item\":\"https:\\\/\\\/noticiasmercedinas.com\\\/site\\\/\"},{\"@type\":\"ListItem\",\"position\":2,\"name\":\"Germ\u00e1n Di Cesare se suma al equipo de Dany Vilar en el nuevo Ministerio de Ambiente\"}]},{\"@type\":\"WebSite\",\"@id\":\"https:\\\/\\\/noticiasmercedinas.com\\\/site\\\/#website\",\"url\":\"https:\\\/\\\/noticiasmercedinas.com\\\/site\\\/\",\"name\":\"NOTICIASMERCEDINAS.COM\",\"description\":\"Mercedes, Buenos Aires, Argentina\",\"publisher\":{\"@id\":\"https:\\\/\\\/noticiasmercedinas.com\\\/site\\\/#organization\"},\"potentialAction\":[{\"@type\":\"SearchAction\",\"target\":{\"@type\":\"EntryPoint\",\"urlTemplate\":\"https:\\\/\\\/noticiasmercedinas.com\\\/site\\\/?s={search_term_string}\"},\"query-input\":{\"@type\":\"PropertyValueSpecification\",\"valueRequired\":true,\"valueName\":\"search_term_string\"}}],\"inLanguage\":\"es\"},{\"@type\":\"Organization\",\"@id\":\"https:\\\/\\\/noticiasmercedinas.com\\\/site\\\/#organization\",\"name\":\"NOTICIASMERCEDINAS.COM\",\"url\":\"https:\\\/\\\/noticiasmercedinas.com\\\/site\\\/\",\"logo\":{\"@type\":\"ImageObject\",\"inLanguage\":\"es\",\"@id\":\"https:\\\/\\\/noticiasmercedinas.com\\\/site\\\/#\\\/schema\\\/logo\\\/image\\\/\",\"url\":\"https:\\\/\\\/noticiasmercedinas.com\\\/site\\\/wp-content\\\/uploads\\\/2020\\\/06\\\/LOGO-512.jpg\",\"contentUrl\":\"https:\\\/\\\/noticiasmercedinas.com\\\/site\\\/wp-content\\\/uploads\\\/2020\\\/06\\\/LOGO-512.jpg\",\"width\":512,\"height\":512,\"caption\":\"NOTICIASMERCEDINAS.COM\"},\"image\":{\"@id\":\"https:\\\/\\\/noticiasmercedinas.com\\\/site\\\/#\\\/schema\\\/logo\\\/image\\\/\"},\"sameAs\":[\"https:\\\/\\\/www.facebook.com\\\/noticiasmercedinas\\\/\",\"https:\\\/\\\/x.com\\\/notmercedinas\",\"https:\\\/\\\/www.instagram.com\\\/noticiasmercedinas\\\/\"]},{\"@type\":\"Person\",\"@id\":\"https:\\\/\\\/noticiasmercedinas.com\\\/site\\\/#\\\/schema\\\/person\\\/84b59c099c28ff2e8b77d4ceec5d8063\",\"name\":\"NOTICIASMERCEDINAS.COM\",\"image\":{\"@type\":\"ImageObject\",\"inLanguage\":\"es\",\"@id\":\"https:\\\/\\\/secure.gravatar.com\\\/avatar\\\/4dfbf16b4d17945bfb6341b2d19043457132fcf478a5ee04f42e959fd8f5df0a?s=96&d=mm&r=g\",\"url\":\"https:\\\/\\\/secure.gravatar.com\\\/avatar\\\/4dfbf16b4d17945bfb6341b2d19043457132fcf478a5ee04f42e959fd8f5df0a?s=96&d=mm&r=g\",\"contentUrl\":\"https:\\\/\\\/secure.gravatar.com\\\/avatar\\\/4dfbf16b4d17945bfb6341b2d19043457132fcf478a5ee04f42e959fd8f5df0a?s=96&d=mm&r=g\",\"caption\":\"NOTICIASMERCEDINAS.COM\"},\"url\":\"https:\\\/\\\/noticiasmercedinas.com\\\/site\\\/author\\\/anonimo\\\/\"}]}<\/script>\n<!-- \/ Yoast SEO plugin. -->","yoast_head_json":{"title":"Germ\u00e1n Di Cesare se suma al equipo de Dany Vilar en el nuevo Ministerio de Ambiente","robots":{"index":"index","follow":"follow","max-snippet":"max-snippet:-1","max-image-preview":"max-image-preview:large","max-video-preview":"max-video-preview:-1"},"canonical":"https:\/\/noticiasmercedinas.com\/site\/2021\/11\/08\/german-di-cesare-se-suma-al-equipo-de-dany-vilar-en-el-nuevo-ministerio-de-ambiente\/","og_locale":"es_ES","og_type":"article","og_title":"Germ\u00e1n Di Cesare se suma al equipo de Dany Vilar en el nuevo Ministerio de Ambiente","og_description":"\u25a0\u00a0El diputado provincial ser\u00eda el hombre que Sergio Massa le habr\u00eda propuesto a M\u00e1ximo Kirchner para acompa\u00f1ar a la militante de La C\u00e1mpora en el nuevo ministerio que se conformar\u00eda a partir de diciembre.","og_url":"https:\/\/noticiasmercedinas.com\/site\/2021\/11\/08\/german-di-cesare-se-suma-al-equipo-de-dany-vilar-en-el-nuevo-ministerio-de-ambiente\/","og_site_name":"NOTICIASMERCEDINAS.COM","article_publisher":"https:\/\/www.facebook.com\/noticiasmercedinas\/","article_published_time":"2021-11-09T00:10:13+00:00","og_image":[{"width":640,"height":420,"url":"https:\/\/noticiasmercedinas.com\/site\/wp-content\/uploads\/2021\/11\/8VWcGrXI_400x400.jpg","type":"image\/jpeg"}],"author":"NOTICIASMERCEDINAS.COM","twitter_card":"summary_large_image","twitter_creator":"@notmercedinas","twitter_site":"@notmercedinas","twitter_misc":{"Escrito por":"NOTICIASMERCEDINAS.COM","Tiempo de lectura":"2 minutos"},"schema":{"@context":"https:\/\/schema.org","@graph":[{"@type":"Article","@id":"https:\/\/noticiasmercedinas.com\/site\/2021\/11\/08\/german-di-cesare-se-suma-al-equipo-de-dany-vilar-en-el-nuevo-ministerio-de-ambiente\/#article","isPartOf":{"@id":"https:\/\/noticiasmercedinas.com\/site\/2021\/11\/08\/german-di-cesare-se-suma-al-equipo-de-dany-vilar-en-el-nuevo-ministerio-de-ambiente\/"},"author":{"name":"NOTICIASMERCEDINAS.COM","@id":"https:\/\/noticiasmercedinas.com\/site\/#\/schema\/person\/84b59c099c28ff2e8b77d4ceec5d8063"},"headline":"Germ\u00e1n Di Cesare se suma al equipo de Dany Vilar en el nuevo Ministerio de Ambiente","datePublished":"2021-11-09T00:10:13+00:00","mainEntityOfPage":{"@id":"https:\/\/noticiasmercedinas.com\/site\/2021\/11\/08\/german-di-cesare-se-suma-al-equipo-de-dany-vilar-en-el-nuevo-ministerio-de-ambiente\/"},"wordCount":320,"commentCount":0,"publisher":{"@id":"https:\/\/noticiasmercedinas.com\/site\/#organization"},"image":{"@id":"https:\/\/noticiasmercedinas.com\/site\/2021\/11\/08\/german-di-cesare-se-suma-al-equipo-de-dany-vilar-en-el-nuevo-ministerio-de-ambiente\/#primaryimage"},"thumbnailUrl":"https:\/\/noticiasmercedinas.com\/site\/wp-content\/uploads\/2021\/11\/8VWcGrXI_400x400.jpg","keywords":["ambiente","german di cesare"],"articleSection":["Provinciales"],"inLanguage":"es","potentialAction":[{"@type":"CommentAction","name":"Comment","target":["https:\/\/noticiasmercedinas.com\/site\/2021\/11\/08\/german-di-cesare-se-suma-al-equipo-de-dany-vilar-en-el-nuevo-ministerio-de-ambiente\/#respond"]}]},{"@type":"WebPage","@id":"https:\/\/noticiasmercedinas.com\/site\/2021\/11\/08\/german-di-cesare-se-suma-al-equipo-de-dany-vilar-en-el-nuevo-ministerio-de-ambiente\/","url":"https:\/\/noticiasmercedinas.com\/site\/2021\/11\/08\/german-di-cesare-se-suma-al-equipo-de-dany-vilar-en-el-nuevo-ministerio-de-ambiente\/","name":"Germ\u00e1n Di Cesare se suma al equipo de Dany Vilar en el nuevo Ministerio de Ambiente","isPartOf":{"@id":"https:\/\/noticiasmercedinas.com\/site\/#website"},"primaryImageOfPage":{"@id":"https:\/\/noticiasmercedinas.com\/site\/2021\/11\/08\/german-di-cesare-se-suma-al-equipo-de-dany-vilar-en-el-nuevo-ministerio-de-ambiente\/#primaryimage"},"image":{"@id":"https:\/\/noticiasmercedinas.com\/site\/2021\/11\/08\/german-di-cesare-se-suma-al-equipo-de-dany-vilar-en-el-nuevo-ministerio-de-ambiente\/#primaryimage"},"thumbnailUrl":"https:\/\/noticiasmercedinas.com\/site\/wp-content\/uploads\/2021\/11\/8VWcGrXI_400x400.jpg","datePublished":"2021-11-09T00:10:13+00:00","breadcrumb":{"@id":"https:\/\/noticiasmercedinas.com\/site\/2021\/11\/08\/german-di-cesare-se-suma-al-equipo-de-dany-vilar-en-el-nuevo-ministerio-de-ambiente\/#breadcrumb"},"inLanguage":"es","potentialAction":[{"@type":"ReadAction","target":["https:\/\/noticiasmercedinas.com\/site\/2021\/11\/08\/german-di-cesare-se-suma-al-equipo-de-dany-vilar-en-el-nuevo-ministerio-de-ambiente\/"]}]},{"@type":"ImageObject","inLanguage":"es","@id":"https:\/\/noticiasmercedinas.com\/site\/2021\/11\/08\/german-di-cesare-se-suma-al-equipo-de-dany-vilar-en-el-nuevo-ministerio-de-ambiente\/#primaryimage","url":"https:\/\/noticiasmercedinas.com\/site\/wp-content\/uploads\/2021\/11\/8VWcGrXI_400x400.jpg","contentUrl":"https:\/\/noticiasmercedinas.com\/site\/wp-content\/uploads\/2021\/11\/8VWcGrXI_400x400.jpg","width":640,"height":420},{"@type":"BreadcrumbList","@id":"https:\/\/noticiasmercedinas.com\/site\/2021\/11\/08\/german-di-cesare-se-suma-al-equipo-de-dany-vilar-en-el-nuevo-ministerio-de-ambiente\/#breadcrumb","itemListElement":[{"@type":"ListItem","position":1,"name":"Portada","item":"https:\/\/noticiasmercedinas.com\/site\/"},{"@type":"ListItem","position":2,"name":"Germ\u00e1n Di Cesare se suma al equipo de Dany Vilar en el nuevo Ministerio de Ambiente"}]},{"@type":"WebSite","@id":"https:\/\/noticiasmercedinas.com\/site\/#website","url":"https:\/\/noticiasmercedinas.com\/site\/","name":"NOTICIASMERCEDINAS.COM","description":"Mercedes, Buenos Aires, Argentina","publisher":{"@id":"https:\/\/noticiasmercedinas.com\/site\/#organization"},"potentialAction":[{"@type":"SearchAction","target":{"@type":"EntryPoint","urlTemplate":"https:\/\/noticiasmercedinas.com\/site\/?s={search_term_string}"},"query-input":{"@type":"PropertyValueSpecification","valueRequired":true,"valueName":"search_term_string"}}],"inLanguage":"es"},{"@type":"Organization","@id":"https:\/\/noticiasmercedinas.com\/site\/#organization","name":"NOTICIASMERCEDINAS.COM","url":"https:\/\/noticiasmercedinas.com\/site\/","logo":{"@type":"ImageObject","inLanguage":"es","@id":"https:\/\/noticiasmercedinas.com\/site\/#\/schema\/logo\/image\/","url":"https:\/\/noticiasmercedinas.com\/site\/wp-content\/uploads\/2020\/06\/LOGO-512.jpg","contentUrl":"https:\/\/noticiasmercedinas.com\/site\/wp-content\/uploads\/2020\/06\/LOGO-512.jpg","width":512,"height":512,"caption":"NOTICIASMERCEDINAS.COM"},"image":{"@id":"https:\/\/noticiasmercedinas.com\/site\/#\/schema\/logo\/image\/"},"sameAs":["https:\/\/www.facebook.com\/noticiasmercedinas\/","https:\/\/x.com\/notmercedinas","https:\/\/www.instagram.com\/noticiasmercedinas\/"]},{"@type":"Person","@id":"https:\/\/noticiasmercedinas.com\/site\/#\/schema\/person\/84b59c099c28ff2e8b77d4ceec5d8063","name":"NOTICIASMERCEDINAS.COM","image":{"@type":"ImageObject","inLanguage":"es","@id":"https:\/\/secure.gravatar.com\/avatar\/4dfbf16b4d17945bfb6341b2d19043457132fcf478a5ee04f42e959fd8f5df0a?s=96&d=mm&r=g","url":"https:\/\/secure.gravatar.com\/avatar\/4dfbf16b4d17945bfb6341b2d19043457132fcf478a5ee04f42e959fd8f5df0a?s=96&d=mm&r=g","contentUrl":"https:\/\/secure.gravatar.com\/avatar\/4dfbf16b4d17945bfb6341b2d19043457132fcf478a5ee04f42e959fd8f5df0a?s=96&d=mm&r=g","caption":"NOTICIASMERCEDINAS.COM"},"url":"https:\/\/noticiasmercedinas.com\/site\/author\/anonimo\/"}]}},"amp_enabled":true,"_links":{"self":[{"href":"https:\/\/noticiasmercedinas.com\/site\/wp-json\/wp\/v2\/posts\/79038","targetHints":{"allow":["GET"]}}],"collection":[{"href":"https:\/\/noticiasmercedinas.com\/site\/wp-json\/wp\/v2\/posts"}],"about":[{"href":"https:\/\/noticiasmercedinas.com\/site\/wp-json\/wp\/v2\/types\/post"}],"author":[{"embeddable":true,"href":"https:\/\/noticiasmercedinas.com\/site\/wp-json\/wp\/v2\/users\/16"}],"replies":[{"embeddable":true,"href":"https:\/\/noticiasmercedinas.com\/site\/wp-json\/wp\/v2\/comments?post=79038"}],"version-history":[{"count":1,"href":"https:\/\/noticiasmercedinas.com\/site\/wp-json\/wp\/v2\/posts\/79038\/revisions"}],"predecessor-version":[{"id":79040,"href":"https:\/\/noticiasmercedinas.com\/site\/wp-json\/wp\/v2\/posts\/79038\/revisions\/79040"}],"wp:featuredmedia":[{"embeddable":true,"href":"https:\/\/noticiasmercedinas.com\/site\/wp-json\/wp\/v2\/media\/79039"}],"wp:attachment":[{"href":"https:\/\/noticiasmercedinas.com\/site\/wp-json\/wp\/v2\/media?parent=79038"}],"wp:term":[{"taxonomy":"category","embeddable":true,"href":"https:\/\/noticiasmercedinas.com\/site\/wp-json\/wp\/v2\/categories?post=79038"},{"taxonomy":"post_tag","embeddable":true,"href":"https:\/\/noticiasmercedinas.com\/site\/wp-json\/wp\/v2\/tags?post=79038"}],"curies":[{"name":"wp","href":"https:\/\/api.w.org\/{rel}","templated":true}]}}