{"id":79105,"date":"2021-11-10T15:07:14","date_gmt":"2021-11-10T18:07:14","guid":{"rendered":"https:\/\/noticiasmercedinas.com\/site\/?p=79105"},"modified":"2021-11-10T15:07:14","modified_gmt":"2021-11-10T18:07:14","slug":"la-batalla-por-equipos-sigue-teniendo-ajedrecistas-mercedinos","status":"publish","type":"post","link":"https:\/\/noticiasmercedinas.com\/site\/2021\/11\/10\/la-batalla-por-equipos-sigue-teniendo-ajedrecistas-mercedinos\/","title":{"rendered":"La Batalla por Equipos sigue teniendo ajedrecistas mercedinos"},"content":{"rendered":"<figure id=\"attachment_79106\" aria-describedby=\"caption-attachment-79106\" style=\"width: 640px\" class=\"wp-caption alignnone\"><img loading=\"lazy\" decoding=\"async\" class=\"wp-image-79106 size-full\" src=\"https:\/\/noticiasmercedinas.com\/site\/wp-content\/uploads\/2021\/11\/ajedrez-1.jpg\" alt=\"\" width=\"640\" height=\"536\" srcset=\"https:\/\/noticiasmercedinas.com\/site\/wp-content\/uploads\/2021\/11\/ajedrez-1.jpg 640w, https:\/\/noticiasmercedinas.com\/site\/wp-content\/uploads\/2021\/11\/ajedrez-1-300x251.jpg 300w\" sizes=\"auto, (max-width: 640px) 100vw, 640px\" \/><figcaption id=\"caption-attachment-79106\" class=\"wp-caption-text\">Javier Morasso.<\/figcaption><\/figure>\n<p>D\u00edas atr\u00e1s se realiz\u00f3 la tradicional Batalla por Equipos de la Liga Argentina, la misma se desarroll\u00f3 mediante el Sistema Arena y tuvo una duraci\u00f3n de 90 minutos. Con un ritmo de las partidas como es el conocido como Blitz\u00a0 donde se juega a 3\u00b4 + 2\u201d \u00a0de incremento por jugada.<\/p>\n<p>Participaron de la Liga los siguientes 35 equipos: Ajedrez Sudoeste, Lokura-Revoluci\u00f3n, Ajedrez Misionero (Misiones), C\u00edrculo de Ajedrez Laferrere, C\u00edrculo de Ajedrez de Parque Patricios y C\u00edrculo de Ajedrez del Atl\u00e1ntico (Pinamar).<\/p>\n<p>Villa Gesell (General Madariaga), YPF equipo Azul (Wilde), Led Zapalin, R\u00edo Negro Lichess,\u00a0 Gamblers del Tablero (C\u00f3rdoba), Pe\u00f3n Rey de la Puna (Jujuy), Jaque Mate (Buenos Aires), \u00a0Cacho Caballero (Tortuguitas), Pabell\u00f3n SAPA (Marcos Paz) y Club de Ajedrez de Tigre.<\/p>\n<p>Club de Ajedrez de Quilmes, Club de Ajedrez Zugzwang (CABA), Club Atl\u00e9tico V\u00e9lez S\u00e1rsfield, Ajedrez Biblioteca Jos\u00e9 Ingenieros, Ajedrez Parque San Mart\u00edn, Club Atl\u00e9tico Independiente, Club Ercilla Juniors, Club Philidor de Mor\u00f3n y Ajedrez Club Atl\u00e9tico Monte Grande.<\/p>\n<p>UNS Ajedrez (Santiago del Estero), Club Sarmiento de Villa Mar\u00eda (C\u00f3rdoba), \u00a0Asociaci\u00f3n Riocuartense de Ajedrez (C\u00f3rdoba), Socios Club de Ajedrez Pensado (C\u00f3rdoba), General Rodr\u00edguez, Zarate Avanza Chess Team, Ajedrez La Pampa y Ajedrez Boca Juniors.<\/p>\n<p>Clases de Ajedrez en vivo del IMD (Tierra del Fuego) y Lujan-Mercedes-San Antonio de Areco fueron los conjuntos participantes. D\u00e1ndose una gran actuaci\u00f3n del conjunto regional de Lujan-Mercedes-San Antonio de Areco, finalizando en el cuarto puesto con 181 puntos.<\/p>\n<p>El primer lugar fue para Clases de Ajedrez en vivo del IMD (Tierra del Fuego), con 234 unidades. El segundo puesto correspondi\u00f3 a Ajedrez Boca Juniors con 204, tercero Ajedrez La Pampa con 187 unidades. Los Mercedinos que integraron el conjunto regional fueron: Iv\u00e1n Rapp, Eduardo Pietrafesa, Jorge Fern\u00e1ndez y Javier Morasso.<\/p>\n","protected":false},"excerpt":{"rendered":"<p>\u25a0 En la Liga Argentina fueron cuatro que integraron el equipo regional con un cuarto puesto. Clases de Ajedrez en vivo del IMD  de Tierra del Fuego fue el conjunto ganador.<\/p>\n","protected":false},"author":16,"featured_media":79106,"comment_status":"open","ping_status":"open","sticky":false,"template":"","format":"standard","meta":{"footnotes":""},"categories":[5],"tags":[13258,12518],"class_list":["post-79105","post","type-post","status-publish","format-standard","has-post-thumbnail","hentry","category-deportes","tag-ajerdrez","tag-batalla-por-equipos"],"yoast_head":"<!-- This site is optimized with the Yoast SEO plugin v27.4 - https:\/\/yoast.com\/product\/yoast-seo-wordpress\/ -->\n<title>La Batalla por Equipos sigue teniendo ajedrecistas mercedinos<\/title>\n<meta name=\"robots\" content=\"index, follow, max-snippet:-1, max-image-preview:large, max-video-preview:-1\" \/>\n<link rel=\"canonical\" href=\"https:\/\/noticiasmercedinas.com\/site\/2021\/11\/10\/la-batalla-por-equipos-sigue-teniendo-ajedrecistas-mercedinos\/\" \/>\n<meta property=\"og:locale\" content=\"es_ES\" \/>\n<meta property=\"og:type\" content=\"article\" \/>\n<meta property=\"og:title\" content=\"La Batalla por Equipos sigue teniendo ajedrecistas mercedinos\" \/>\n<meta property=\"og:description\" content=\"\u25a0 En la Liga Argentina fueron cuatro que integraron el equipo regional con un cuarto puesto. Clases de Ajedrez en vivo del IMD de Tierra del Fuego fue el conjunto ganador.\" \/>\n<meta property=\"og:url\" content=\"https:\/\/noticiasmercedinas.com\/site\/2021\/11\/10\/la-batalla-por-equipos-sigue-teniendo-ajedrecistas-mercedinos\/\" \/>\n<meta property=\"og:site_name\" content=\"NOTICIASMERCEDINAS.COM\" \/>\n<meta property=\"article:publisher\" content=\"https:\/\/www.facebook.com\/noticiasmercedinas\/\" \/>\n<meta property=\"article:published_time\" content=\"2021-11-10T18:07:14+00:00\" \/>\n<meta property=\"og:image\" content=\"https:\/\/noticiasmercedinas.com\/site\/wp-content\/uploads\/2021\/11\/ajedrez-1.jpg\" \/>\n\t<meta property=\"og:image:width\" content=\"640\" \/>\n\t<meta property=\"og:image:height\" content=\"536\" \/>\n\t<meta property=\"og:image:type\" content=\"image\/jpeg\" \/>\n<meta name=\"author\" content=\"NOTICIASMERCEDINAS.COM\" \/>\n<meta name=\"twitter:card\" content=\"summary_large_image\" \/>\n<meta name=\"twitter:creator\" content=\"@notmercedinas\" \/>\n<meta name=\"twitter:site\" content=\"@notmercedinas\" \/>\n<meta name=\"twitter:label1\" content=\"Escrito por\" \/>\n\t<meta name=\"twitter:data1\" content=\"NOTICIASMERCEDINAS.COM\" \/>\n\t<meta name=\"twitter:label2\" content=\"Tiempo de lectura\" \/>\n\t<meta name=\"twitter:data2\" content=\"2 minutos\" \/>\n<script type=\"application\/ld+json\" class=\"yoast-schema-graph\">{\"@context\":\"https:\\\/\\\/schema.org\",\"@graph\":[{\"@type\":\"Article\",\"@id\":\"https:\\\/\\\/noticiasmercedinas.com\\\/site\\\/2021\\\/11\\\/10\\\/la-batalla-por-equipos-sigue-teniendo-ajedrecistas-mercedinos\\\/#article\",\"isPartOf\":{\"@id\":\"https:\\\/\\\/noticiasmercedinas.com\\\/site\\\/2021\\\/11\\\/10\\\/la-batalla-por-equipos-sigue-teniendo-ajedrecistas-mercedinos\\\/\"},\"author\":{\"name\":\"NOTICIASMERCEDINAS.COM\",\"@id\":\"https:\\\/\\\/noticiasmercedinas.com\\\/site\\\/#\\\/schema\\\/person\\\/84b59c099c28ff2e8b77d4ceec5d8063\"},\"headline\":\"La Batalla por Equipos sigue teniendo ajedrecistas mercedinos\",\"datePublished\":\"2021-11-10T18:07:14+00:00\",\"mainEntityOfPage\":{\"@id\":\"https:\\\/\\\/noticiasmercedinas.com\\\/site\\\/2021\\\/11\\\/10\\\/la-batalla-por-equipos-sigue-teniendo-ajedrecistas-mercedinos\\\/\"},\"wordCount\":323,\"commentCount\":0,\"publisher\":{\"@id\":\"https:\\\/\\\/noticiasmercedinas.com\\\/site\\\/#organization\"},\"image\":{\"@id\":\"https:\\\/\\\/noticiasmercedinas.com\\\/site\\\/2021\\\/11\\\/10\\\/la-batalla-por-equipos-sigue-teniendo-ajedrecistas-mercedinos\\\/#primaryimage\"},\"thumbnailUrl\":\"https:\\\/\\\/noticiasmercedinas.com\\\/site\\\/wp-content\\\/uploads\\\/2021\\\/11\\\/ajedrez-1.jpg\",\"keywords\":[\"ajerdrez\",\"batalla por equipos\"],\"articleSection\":[\"Deportes\"],\"inLanguage\":\"es\",\"potentialAction\":[{\"@type\":\"CommentAction\",\"name\":\"Comment\",\"target\":[\"https:\\\/\\\/noticiasmercedinas.com\\\/site\\\/2021\\\/11\\\/10\\\/la-batalla-por-equipos-sigue-teniendo-ajedrecistas-mercedinos\\\/#respond\"]}]},{\"@type\":\"WebPage\",\"@id\":\"https:\\\/\\\/noticiasmercedinas.com\\\/site\\\/2021\\\/11\\\/10\\\/la-batalla-por-equipos-sigue-teniendo-ajedrecistas-mercedinos\\\/\",\"url\":\"https:\\\/\\\/noticiasmercedinas.com\\\/site\\\/2021\\\/11\\\/10\\\/la-batalla-por-equipos-sigue-teniendo-ajedrecistas-mercedinos\\\/\",\"name\":\"La Batalla por Equipos sigue teniendo ajedrecistas mercedinos\",\"isPartOf\":{\"@id\":\"https:\\\/\\\/noticiasmercedinas.com\\\/site\\\/#website\"},\"primaryImageOfPage\":{\"@id\":\"https:\\\/\\\/noticiasmercedinas.com\\\/site\\\/2021\\\/11\\\/10\\\/la-batalla-por-equipos-sigue-teniendo-ajedrecistas-mercedinos\\\/#primaryimage\"},\"image\":{\"@id\":\"https:\\\/\\\/noticiasmercedinas.com\\\/site\\\/2021\\\/11\\\/10\\\/la-batalla-por-equipos-sigue-teniendo-ajedrecistas-mercedinos\\\/#primaryimage\"},\"thumbnailUrl\":\"https:\\\/\\\/noticiasmercedinas.com\\\/site\\\/wp-content\\\/uploads\\\/2021\\\/11\\\/ajedrez-1.jpg\",\"datePublished\":\"2021-11-10T18:07:14+00:00\",\"breadcrumb\":{\"@id\":\"https:\\\/\\\/noticiasmercedinas.com\\\/site\\\/2021\\\/11\\\/10\\\/la-batalla-por-equipos-sigue-teniendo-ajedrecistas-mercedinos\\\/#breadcrumb\"},\"inLanguage\":\"es\",\"potentialAction\":[{\"@type\":\"ReadAction\",\"target\":[\"https:\\\/\\\/noticiasmercedinas.com\\\/site\\\/2021\\\/11\\\/10\\\/la-batalla-por-equipos-sigue-teniendo-ajedrecistas-mercedinos\\\/\"]}]},{\"@type\":\"ImageObject\",\"inLanguage\":\"es\",\"@id\":\"https:\\\/\\\/noticiasmercedinas.com\\\/site\\\/2021\\\/11\\\/10\\\/la-batalla-por-equipos-sigue-teniendo-ajedrecistas-mercedinos\\\/#primaryimage\",\"url\":\"https:\\\/\\\/noticiasmercedinas.com\\\/site\\\/wp-content\\\/uploads\\\/2021\\\/11\\\/ajedrez-1.jpg\",\"contentUrl\":\"https:\\\/\\\/noticiasmercedinas.com\\\/site\\\/wp-content\\\/uploads\\\/2021\\\/11\\\/ajedrez-1.jpg\",\"width\":640,\"height\":536},{\"@type\":\"BreadcrumbList\",\"@id\":\"https:\\\/\\\/noticiasmercedinas.com\\\/site\\\/2021\\\/11\\\/10\\\/la-batalla-por-equipos-sigue-teniendo-ajedrecistas-mercedinos\\\/#breadcrumb\",\"itemListElement\":[{\"@type\":\"ListItem\",\"position\":1,\"name\":\"Portada\",\"item\":\"https:\\\/\\\/noticiasmercedinas.com\\\/site\\\/\"},{\"@type\":\"ListItem\",\"position\":2,\"name\":\"La Batalla por Equipos sigue teniendo ajedrecistas mercedinos\"}]},{\"@type\":\"WebSite\",\"@id\":\"https:\\\/\\\/noticiasmercedinas.com\\\/site\\\/#website\",\"url\":\"https:\\\/\\\/noticiasmercedinas.com\\\/site\\\/\",\"name\":\"NOTICIASMERCEDINAS.COM\",\"description\":\"Mercedes, Buenos Aires, Argentina\",\"publisher\":{\"@id\":\"https:\\\/\\\/noticiasmercedinas.com\\\/site\\\/#organization\"},\"potentialAction\":[{\"@type\":\"SearchAction\",\"target\":{\"@type\":\"EntryPoint\",\"urlTemplate\":\"https:\\\/\\\/noticiasmercedinas.com\\\/site\\\/?s={search_term_string}\"},\"query-input\":{\"@type\":\"PropertyValueSpecification\",\"valueRequired\":true,\"valueName\":\"search_term_string\"}}],\"inLanguage\":\"es\"},{\"@type\":\"Organization\",\"@id\":\"https:\\\/\\\/noticiasmercedinas.com\\\/site\\\/#organization\",\"name\":\"NOTICIASMERCEDINAS.COM\",\"url\":\"https:\\\/\\\/noticiasmercedinas.com\\\/site\\\/\",\"logo\":{\"@type\":\"ImageObject\",\"inLanguage\":\"es\",\"@id\":\"https:\\\/\\\/noticiasmercedinas.com\\\/site\\\/#\\\/schema\\\/logo\\\/image\\\/\",\"url\":\"https:\\\/\\\/noticiasmercedinas.com\\\/site\\\/wp-content\\\/uploads\\\/2020\\\/06\\\/LOGO-512.jpg\",\"contentUrl\":\"https:\\\/\\\/noticiasmercedinas.com\\\/site\\\/wp-content\\\/uploads\\\/2020\\\/06\\\/LOGO-512.jpg\",\"width\":512,\"height\":512,\"caption\":\"NOTICIASMERCEDINAS.COM\"},\"image\":{\"@id\":\"https:\\\/\\\/noticiasmercedinas.com\\\/site\\\/#\\\/schema\\\/logo\\\/image\\\/\"},\"sameAs\":[\"https:\\\/\\\/www.facebook.com\\\/noticiasmercedinas\\\/\",\"https:\\\/\\\/x.com\\\/notmercedinas\",\"https:\\\/\\\/www.instagram.com\\\/noticiasmercedinas\\\/\"]},{\"@type\":\"Person\",\"@id\":\"https:\\\/\\\/noticiasmercedinas.com\\\/site\\\/#\\\/schema\\\/person\\\/84b59c099c28ff2e8b77d4ceec5d8063\",\"name\":\"NOTICIASMERCEDINAS.COM\",\"image\":{\"@type\":\"ImageObject\",\"inLanguage\":\"es\",\"@id\":\"https:\\\/\\\/secure.gravatar.com\\\/avatar\\\/4dfbf16b4d17945bfb6341b2d19043457132fcf478a5ee04f42e959fd8f5df0a?s=96&d=mm&r=g\",\"url\":\"https:\\\/\\\/secure.gravatar.com\\\/avatar\\\/4dfbf16b4d17945bfb6341b2d19043457132fcf478a5ee04f42e959fd8f5df0a?s=96&d=mm&r=g\",\"contentUrl\":\"https:\\\/\\\/secure.gravatar.com\\\/avatar\\\/4dfbf16b4d17945bfb6341b2d19043457132fcf478a5ee04f42e959fd8f5df0a?s=96&d=mm&r=g\",\"caption\":\"NOTICIASMERCEDINAS.COM\"},\"url\":\"https:\\\/\\\/noticiasmercedinas.com\\\/site\\\/author\\\/anonimo\\\/\"}]}<\/script>\n<!-- \/ Yoast SEO plugin. -->","yoast_head_json":{"title":"La Batalla por Equipos sigue teniendo ajedrecistas mercedinos","robots":{"index":"index","follow":"follow","max-snippet":"max-snippet:-1","max-image-preview":"max-image-preview:large","max-video-preview":"max-video-preview:-1"},"canonical":"https:\/\/noticiasmercedinas.com\/site\/2021\/11\/10\/la-batalla-por-equipos-sigue-teniendo-ajedrecistas-mercedinos\/","og_locale":"es_ES","og_type":"article","og_title":"La Batalla por Equipos sigue teniendo ajedrecistas mercedinos","og_description":"\u25a0 En la Liga Argentina fueron cuatro que integraron el equipo regional con un cuarto puesto. Clases de Ajedrez en vivo del IMD de Tierra del Fuego fue el conjunto ganador.","og_url":"https:\/\/noticiasmercedinas.com\/site\/2021\/11\/10\/la-batalla-por-equipos-sigue-teniendo-ajedrecistas-mercedinos\/","og_site_name":"NOTICIASMERCEDINAS.COM","article_publisher":"https:\/\/www.facebook.com\/noticiasmercedinas\/","article_published_time":"2021-11-10T18:07:14+00:00","og_image":[{"width":640,"height":536,"url":"https:\/\/noticiasmercedinas.com\/site\/wp-content\/uploads\/2021\/11\/ajedrez-1.jpg","type":"image\/jpeg"}],"author":"NOTICIASMERCEDINAS.COM","twitter_card":"summary_large_image","twitter_creator":"@notmercedinas","twitter_site":"@notmercedinas","twitter_misc":{"Escrito por":"NOTICIASMERCEDINAS.COM","Tiempo de lectura":"2 minutos"},"schema":{"@context":"https:\/\/schema.org","@graph":[{"@type":"Article","@id":"https:\/\/noticiasmercedinas.com\/site\/2021\/11\/10\/la-batalla-por-equipos-sigue-teniendo-ajedrecistas-mercedinos\/#article","isPartOf":{"@id":"https:\/\/noticiasmercedinas.com\/site\/2021\/11\/10\/la-batalla-por-equipos-sigue-teniendo-ajedrecistas-mercedinos\/"},"author":{"name":"NOTICIASMERCEDINAS.COM","@id":"https:\/\/noticiasmercedinas.com\/site\/#\/schema\/person\/84b59c099c28ff2e8b77d4ceec5d8063"},"headline":"La Batalla por Equipos sigue teniendo ajedrecistas mercedinos","datePublished":"2021-11-10T18:07:14+00:00","mainEntityOfPage":{"@id":"https:\/\/noticiasmercedinas.com\/site\/2021\/11\/10\/la-batalla-por-equipos-sigue-teniendo-ajedrecistas-mercedinos\/"},"wordCount":323,"commentCount":0,"publisher":{"@id":"https:\/\/noticiasmercedinas.com\/site\/#organization"},"image":{"@id":"https:\/\/noticiasmercedinas.com\/site\/2021\/11\/10\/la-batalla-por-equipos-sigue-teniendo-ajedrecistas-mercedinos\/#primaryimage"},"thumbnailUrl":"https:\/\/noticiasmercedinas.com\/site\/wp-content\/uploads\/2021\/11\/ajedrez-1.jpg","keywords":["ajerdrez","batalla por equipos"],"articleSection":["Deportes"],"inLanguage":"es","potentialAction":[{"@type":"CommentAction","name":"Comment","target":["https:\/\/noticiasmercedinas.com\/site\/2021\/11\/10\/la-batalla-por-equipos-sigue-teniendo-ajedrecistas-mercedinos\/#respond"]}]},{"@type":"WebPage","@id":"https:\/\/noticiasmercedinas.com\/site\/2021\/11\/10\/la-batalla-por-equipos-sigue-teniendo-ajedrecistas-mercedinos\/","url":"https:\/\/noticiasmercedinas.com\/site\/2021\/11\/10\/la-batalla-por-equipos-sigue-teniendo-ajedrecistas-mercedinos\/","name":"La Batalla por Equipos sigue teniendo ajedrecistas mercedinos","isPartOf":{"@id":"https:\/\/noticiasmercedinas.com\/site\/#website"},"primaryImageOfPage":{"@id":"https:\/\/noticiasmercedinas.com\/site\/2021\/11\/10\/la-batalla-por-equipos-sigue-teniendo-ajedrecistas-mercedinos\/#primaryimage"},"image":{"@id":"https:\/\/noticiasmercedinas.com\/site\/2021\/11\/10\/la-batalla-por-equipos-sigue-teniendo-ajedrecistas-mercedinos\/#primaryimage"},"thumbnailUrl":"https:\/\/noticiasmercedinas.com\/site\/wp-content\/uploads\/2021\/11\/ajedrez-1.jpg","datePublished":"2021-11-10T18:07:14+00:00","breadcrumb":{"@id":"https:\/\/noticiasmercedinas.com\/site\/2021\/11\/10\/la-batalla-por-equipos-sigue-teniendo-ajedrecistas-mercedinos\/#breadcrumb"},"inLanguage":"es","potentialAction":[{"@type":"ReadAction","target":["https:\/\/noticiasmercedinas.com\/site\/2021\/11\/10\/la-batalla-por-equipos-sigue-teniendo-ajedrecistas-mercedinos\/"]}]},{"@type":"ImageObject","inLanguage":"es","@id":"https:\/\/noticiasmercedinas.com\/site\/2021\/11\/10\/la-batalla-por-equipos-sigue-teniendo-ajedrecistas-mercedinos\/#primaryimage","url":"https:\/\/noticiasmercedinas.com\/site\/wp-content\/uploads\/2021\/11\/ajedrez-1.jpg","contentUrl":"https:\/\/noticiasmercedinas.com\/site\/wp-content\/uploads\/2021\/11\/ajedrez-1.jpg","width":640,"height":536},{"@type":"BreadcrumbList","@id":"https:\/\/noticiasmercedinas.com\/site\/2021\/11\/10\/la-batalla-por-equipos-sigue-teniendo-ajedrecistas-mercedinos\/#breadcrumb","itemListElement":[{"@type":"ListItem","position":1,"name":"Portada","item":"https:\/\/noticiasmercedinas.com\/site\/"},{"@type":"ListItem","position":2,"name":"La Batalla por Equipos sigue teniendo ajedrecistas mercedinos"}]},{"@type":"WebSite","@id":"https:\/\/noticiasmercedinas.com\/site\/#website","url":"https:\/\/noticiasmercedinas.com\/site\/","name":"NOTICIASMERCEDINAS.COM","description":"Mercedes, Buenos Aires, Argentina","publisher":{"@id":"https:\/\/noticiasmercedinas.com\/site\/#organization"},"potentialAction":[{"@type":"SearchAction","target":{"@type":"EntryPoint","urlTemplate":"https:\/\/noticiasmercedinas.com\/site\/?s={search_term_string}"},"query-input":{"@type":"PropertyValueSpecification","valueRequired":true,"valueName":"search_term_string"}}],"inLanguage":"es"},{"@type":"Organization","@id":"https:\/\/noticiasmercedinas.com\/site\/#organization","name":"NOTICIASMERCEDINAS.COM","url":"https:\/\/noticiasmercedinas.com\/site\/","logo":{"@type":"ImageObject","inLanguage":"es","@id":"https:\/\/noticiasmercedinas.com\/site\/#\/schema\/logo\/image\/","url":"https:\/\/noticiasmercedinas.com\/site\/wp-content\/uploads\/2020\/06\/LOGO-512.jpg","contentUrl":"https:\/\/noticiasmercedinas.com\/site\/wp-content\/uploads\/2020\/06\/LOGO-512.jpg","width":512,"height":512,"caption":"NOTICIASMERCEDINAS.COM"},"image":{"@id":"https:\/\/noticiasmercedinas.com\/site\/#\/schema\/logo\/image\/"},"sameAs":["https:\/\/www.facebook.com\/noticiasmercedinas\/","https:\/\/x.com\/notmercedinas","https:\/\/www.instagram.com\/noticiasmercedinas\/"]},{"@type":"Person","@id":"https:\/\/noticiasmercedinas.com\/site\/#\/schema\/person\/84b59c099c28ff2e8b77d4ceec5d8063","name":"NOTICIASMERCEDINAS.COM","image":{"@type":"ImageObject","inLanguage":"es","@id":"https:\/\/secure.gravatar.com\/avatar\/4dfbf16b4d17945bfb6341b2d19043457132fcf478a5ee04f42e959fd8f5df0a?s=96&d=mm&r=g","url":"https:\/\/secure.gravatar.com\/avatar\/4dfbf16b4d17945bfb6341b2d19043457132fcf478a5ee04f42e959fd8f5df0a?s=96&d=mm&r=g","contentUrl":"https:\/\/secure.gravatar.com\/avatar\/4dfbf16b4d17945bfb6341b2d19043457132fcf478a5ee04f42e959fd8f5df0a?s=96&d=mm&r=g","caption":"NOTICIASMERCEDINAS.COM"},"url":"https:\/\/noticiasmercedinas.com\/site\/author\/anonimo\/"}]}},"amp_enabled":true,"_links":{"self":[{"href":"https:\/\/noticiasmercedinas.com\/site\/wp-json\/wp\/v2\/posts\/79105","targetHints":{"allow":["GET"]}}],"collection":[{"href":"https:\/\/noticiasmercedinas.com\/site\/wp-json\/wp\/v2\/posts"}],"about":[{"href":"https:\/\/noticiasmercedinas.com\/site\/wp-json\/wp\/v2\/types\/post"}],"author":[{"embeddable":true,"href":"https:\/\/noticiasmercedinas.com\/site\/wp-json\/wp\/v2\/users\/16"}],"replies":[{"embeddable":true,"href":"https:\/\/noticiasmercedinas.com\/site\/wp-json\/wp\/v2\/comments?post=79105"}],"version-history":[{"count":1,"href":"https:\/\/noticiasmercedinas.com\/site\/wp-json\/wp\/v2\/posts\/79105\/revisions"}],"predecessor-version":[{"id":79107,"href":"https:\/\/noticiasmercedinas.com\/site\/wp-json\/wp\/v2\/posts\/79105\/revisions\/79107"}],"wp:featuredmedia":[{"embeddable":true,"href":"https:\/\/noticiasmercedinas.com\/site\/wp-json\/wp\/v2\/media\/79106"}],"wp:attachment":[{"href":"https:\/\/noticiasmercedinas.com\/site\/wp-json\/wp\/v2\/media?parent=79105"}],"wp:term":[{"taxonomy":"category","embeddable":true,"href":"https:\/\/noticiasmercedinas.com\/site\/wp-json\/wp\/v2\/categories?post=79105"},{"taxonomy":"post_tag","embeddable":true,"href":"https:\/\/noticiasmercedinas.com\/site\/wp-json\/wp\/v2\/tags?post=79105"}],"curies":[{"name":"wp","href":"https:\/\/api.w.org\/{rel}","templated":true}]}}