{"id":79122,"date":"2021-11-10T17:23:48","date_gmt":"2021-11-10T20:23:48","guid":{"rendered":"https:\/\/noticiasmercedinas.com\/site\/?p=79122"},"modified":"2021-11-10T17:23:48","modified_gmt":"2021-11-10T20:23:48","slug":"el-hospital-blas-dubarry-adquiere-complejo-instrumental-para-otorrino","status":"publish","type":"post","link":"https:\/\/noticiasmercedinas.com\/site\/2021\/11\/10\/el-hospital-blas-dubarry-adquiere-complejo-instrumental-para-otorrino\/","title":{"rendered":"El Hospital Blas Dubarry adquiere complejo instrumental para Otorrino"},"content":{"rendered":"<p><img loading=\"lazy\" decoding=\"async\" class=\"alignnone size-full wp-image-79123\" src=\"https:\/\/noticiasmercedinas.com\/site\/wp-content\/uploads\/2021\/11\/becarvarela.jpg\" alt=\"\" width=\"640\" height=\"462\" srcset=\"https:\/\/noticiasmercedinas.com\/site\/wp-content\/uploads\/2021\/11\/becarvarela.jpg 640w, https:\/\/noticiasmercedinas.com\/site\/wp-content\/uploads\/2021\/11\/becarvarela-300x217.jpg 300w\" sizes=\"auto, (max-width: 640px) 100vw, 640px\" \/><\/p>\n<p>El doctor <strong>Pablo Cassiani<\/strong>, director del Hospital Blas Dubarry, coment\u00f3 que se pudo comprar \u201ccon gran esfuerzo y empe\u00f1o\u201d un otomicroscopio para el \u00e1rea de Otorrinolaringolog\u00eda.<\/p>\n<p>\u201cEs un salto de calidad enorme, y nos permite seguir avanzando para un mejor Hospital\u201d, dijo Cassiani.<\/p>\n<blockquote><p>\u00abLa principal ventaja es que a trav\u00e9s de \u00e9l se puede ver con los dos ojos y eso nos permite tener dimensi\u00f3n de la profundidad\u00bb, dijo la doctora Beccar Varela<\/p><\/blockquote>\n<p>La doctora <strong>Damasia Beccar Varela<\/strong> detall\u00f3 lo que se puede hacer con esta nueva aparatolog\u00eda: \u201cLa principal ventaja es que a trav\u00e9s de \u00e9l se puede ver con los dos ojos y eso nos permite tener dimensi\u00f3n de la profundidad, a diferencia del otoscopio con el que s\u00f3lo podemos ver en un plano\u201d, explic\u00f3.<\/p>\n<p>\u201cAdem\u00e1s es una herramienta fundamental para hacer las curaciones pos operatorias, para sacar un cuerpo extra\u00f1o del o\u00eddo, o para aspirar una otitis supurada, patolog\u00edas que son muy frecuentes en las consultas y que vamos a empezar a poder resolver\u201d, sostuvo la profesional del Hospital Blas Dubarry.<\/p>\n<p>\u201cSe invirtieron 360 mil pesos de la cuenta SAMO, que es el recupero de las obras sociales. Cada vez que un paciente atendido en el Hospital nos da el carnet nosotros le cobramos a la obra social, esta nos paga y con eso obtenemos recursos para mejorar\u201d, destac\u00f3 Cassiani consultado por Noticias Mercedinas.<\/p>\n","protected":false},"excerpt":{"rendered":"<p>\u25a0 Se trata de un otomicroscopio, una herramienta fundamental para el trabajo espec\u00edfico del \u00e1rea.  Para concretar la compra se invirtieron 360 mil pesos de la cuenta SAMO<\/p>\n","protected":false},"author":2,"featured_media":79123,"comment_status":"open","ping_status":"open","sticky":false,"template":"","format":"standard","meta":{"footnotes":""},"categories":[3],"tags":[10651,3922,13259,10652,144],"class_list":["post-79122","post","type-post","status-publish","format-standard","has-post-thumbnail","hentry","category-sociedad","tag-damasia-beccar-varela","tag-hospital-blas-dubarry","tag-otomicroscopio","tag-otorrinolaringologia","tag-pablo-cassiani"],"yoast_head":"<!-- This site is optimized with the Yoast SEO plugin v27.4 - https:\/\/yoast.com\/product\/yoast-seo-wordpress\/ -->\n<title>El Hospital Blas Dubarry adquiere complejo instrumental para Otorrino<\/title>\n<meta name=\"robots\" content=\"index, follow, max-snippet:-1, max-image-preview:large, max-video-preview:-1\" \/>\n<link rel=\"canonical\" href=\"https:\/\/noticiasmercedinas.com\/site\/2021\/11\/10\/el-hospital-blas-dubarry-adquiere-complejo-instrumental-para-otorrino\/\" \/>\n<meta property=\"og:locale\" content=\"es_ES\" \/>\n<meta property=\"og:type\" content=\"article\" \/>\n<meta property=\"og:title\" content=\"El Hospital Blas Dubarry adquiere complejo instrumental para Otorrino\" \/>\n<meta property=\"og:description\" content=\"\u25a0 Se trata de un otomicroscopio, una herramienta fundamental para el trabajo espec\u00edfico del \u00e1rea. Para concretar la compra se invirtieron 360 mil pesos de la cuenta SAMO\" \/>\n<meta property=\"og:url\" content=\"https:\/\/noticiasmercedinas.com\/site\/2021\/11\/10\/el-hospital-blas-dubarry-adquiere-complejo-instrumental-para-otorrino\/\" \/>\n<meta property=\"og:site_name\" content=\"NOTICIASMERCEDINAS.COM\" \/>\n<meta property=\"article:publisher\" content=\"https:\/\/www.facebook.com\/noticiasmercedinas\/\" \/>\n<meta property=\"article:author\" content=\"https:\/\/www.facebook.com\/cristian.falabella\" \/>\n<meta property=\"article:published_time\" content=\"2021-11-10T20:23:48+00:00\" \/>\n<meta property=\"og:image\" content=\"https:\/\/noticiasmercedinas.com\/site\/wp-content\/uploads\/2021\/11\/becarvarela.jpg\" \/>\n\t<meta property=\"og:image:width\" content=\"640\" \/>\n\t<meta property=\"og:image:height\" content=\"462\" \/>\n\t<meta property=\"og:image:type\" content=\"image\/jpeg\" \/>\n<meta name=\"author\" content=\"Cristian Falabella NOTICIASMERCEDINAS.COM\" \/>\n<meta name=\"twitter:card\" content=\"summary_large_image\" \/>\n<meta name=\"twitter:creator\" content=\"@https:\/\/twitter.com\/NOTMERCEDINAS\" \/>\n<meta name=\"twitter:site\" content=\"@notmercedinas\" \/>\n<meta name=\"twitter:label1\" content=\"Escrito por\" \/>\n\t<meta name=\"twitter:data1\" content=\"Cristian Falabella NOTICIASMERCEDINAS.COM\" \/>\n\t<meta name=\"twitter:label2\" content=\"Tiempo de lectura\" \/>\n\t<meta name=\"twitter:data2\" content=\"1 minuto\" \/>\n<script type=\"application\/ld+json\" class=\"yoast-schema-graph\">{\"@context\":\"https:\\\/\\\/schema.org\",\"@graph\":[{\"@type\":\"Article\",\"@id\":\"https:\\\/\\\/noticiasmercedinas.com\\\/site\\\/2021\\\/11\\\/10\\\/el-hospital-blas-dubarry-adquiere-complejo-instrumental-para-otorrino\\\/#article\",\"isPartOf\":{\"@id\":\"https:\\\/\\\/noticiasmercedinas.com\\\/site\\\/2021\\\/11\\\/10\\\/el-hospital-blas-dubarry-adquiere-complejo-instrumental-para-otorrino\\\/\"},\"author\":{\"name\":\"Cristian Falabella NOTICIASMERCEDINAS.COM\",\"@id\":\"https:\\\/\\\/noticiasmercedinas.com\\\/site\\\/#\\\/schema\\\/person\\\/d481a9696a5feaec13a60e2bbd991a6a\"},\"headline\":\"El Hospital Blas Dubarry adquiere complejo instrumental para Otorrino\",\"datePublished\":\"2021-11-10T20:23:48+00:00\",\"mainEntityOfPage\":{\"@id\":\"https:\\\/\\\/noticiasmercedinas.com\\\/site\\\/2021\\\/11\\\/10\\\/el-hospital-blas-dubarry-adquiere-complejo-instrumental-para-otorrino\\\/\"},\"wordCount\":247,\"commentCount\":0,\"publisher\":{\"@id\":\"https:\\\/\\\/noticiasmercedinas.com\\\/site\\\/#organization\"},\"image\":{\"@id\":\"https:\\\/\\\/noticiasmercedinas.com\\\/site\\\/2021\\\/11\\\/10\\\/el-hospital-blas-dubarry-adquiere-complejo-instrumental-para-otorrino\\\/#primaryimage\"},\"thumbnailUrl\":\"https:\\\/\\\/noticiasmercedinas.com\\\/site\\\/wp-content\\\/uploads\\\/2021\\\/11\\\/becarvarela.jpg\",\"keywords\":[\"Damasia Beccar Varela\",\"Hospital Blas Dubarry\",\"otomicroscopio\",\"otorrinolaringologia\",\"pablo cassiani\"],\"articleSection\":[\"Sociedad\"],\"inLanguage\":\"es\",\"potentialAction\":[{\"@type\":\"CommentAction\",\"name\":\"Comment\",\"target\":[\"https:\\\/\\\/noticiasmercedinas.com\\\/site\\\/2021\\\/11\\\/10\\\/el-hospital-blas-dubarry-adquiere-complejo-instrumental-para-otorrino\\\/#respond\"]}]},{\"@type\":\"WebPage\",\"@id\":\"https:\\\/\\\/noticiasmercedinas.com\\\/site\\\/2021\\\/11\\\/10\\\/el-hospital-blas-dubarry-adquiere-complejo-instrumental-para-otorrino\\\/\",\"url\":\"https:\\\/\\\/noticiasmercedinas.com\\\/site\\\/2021\\\/11\\\/10\\\/el-hospital-blas-dubarry-adquiere-complejo-instrumental-para-otorrino\\\/\",\"name\":\"El Hospital Blas Dubarry adquiere complejo instrumental para Otorrino\",\"isPartOf\":{\"@id\":\"https:\\\/\\\/noticiasmercedinas.com\\\/site\\\/#website\"},\"primaryImageOfPage\":{\"@id\":\"https:\\\/\\\/noticiasmercedinas.com\\\/site\\\/2021\\\/11\\\/10\\\/el-hospital-blas-dubarry-adquiere-complejo-instrumental-para-otorrino\\\/#primaryimage\"},\"image\":{\"@id\":\"https:\\\/\\\/noticiasmercedinas.com\\\/site\\\/2021\\\/11\\\/10\\\/el-hospital-blas-dubarry-adquiere-complejo-instrumental-para-otorrino\\\/#primaryimage\"},\"thumbnailUrl\":\"https:\\\/\\\/noticiasmercedinas.com\\\/site\\\/wp-content\\\/uploads\\\/2021\\\/11\\\/becarvarela.jpg\",\"datePublished\":\"2021-11-10T20:23:48+00:00\",\"breadcrumb\":{\"@id\":\"https:\\\/\\\/noticiasmercedinas.com\\\/site\\\/2021\\\/11\\\/10\\\/el-hospital-blas-dubarry-adquiere-complejo-instrumental-para-otorrino\\\/#breadcrumb\"},\"inLanguage\":\"es\",\"potentialAction\":[{\"@type\":\"ReadAction\",\"target\":[\"https:\\\/\\\/noticiasmercedinas.com\\\/site\\\/2021\\\/11\\\/10\\\/el-hospital-blas-dubarry-adquiere-complejo-instrumental-para-otorrino\\\/\"]}]},{\"@type\":\"ImageObject\",\"inLanguage\":\"es\",\"@id\":\"https:\\\/\\\/noticiasmercedinas.com\\\/site\\\/2021\\\/11\\\/10\\\/el-hospital-blas-dubarry-adquiere-complejo-instrumental-para-otorrino\\\/#primaryimage\",\"url\":\"https:\\\/\\\/noticiasmercedinas.com\\\/site\\\/wp-content\\\/uploads\\\/2021\\\/11\\\/becarvarela.jpg\",\"contentUrl\":\"https:\\\/\\\/noticiasmercedinas.com\\\/site\\\/wp-content\\\/uploads\\\/2021\\\/11\\\/becarvarela.jpg\",\"width\":640,\"height\":462},{\"@type\":\"BreadcrumbList\",\"@id\":\"https:\\\/\\\/noticiasmercedinas.com\\\/site\\\/2021\\\/11\\\/10\\\/el-hospital-blas-dubarry-adquiere-complejo-instrumental-para-otorrino\\\/#breadcrumb\",\"itemListElement\":[{\"@type\":\"ListItem\",\"position\":1,\"name\":\"Portada\",\"item\":\"https:\\\/\\\/noticiasmercedinas.com\\\/site\\\/\"},{\"@type\":\"ListItem\",\"position\":2,\"name\":\"El Hospital Blas Dubarry adquiere complejo instrumental para Otorrino\"}]},{\"@type\":\"WebSite\",\"@id\":\"https:\\\/\\\/noticiasmercedinas.com\\\/site\\\/#website\",\"url\":\"https:\\\/\\\/noticiasmercedinas.com\\\/site\\\/\",\"name\":\"NOTICIASMERCEDINAS.COM\",\"description\":\"Mercedes, Buenos Aires, Argentina\",\"publisher\":{\"@id\":\"https:\\\/\\\/noticiasmercedinas.com\\\/site\\\/#organization\"},\"potentialAction\":[{\"@type\":\"SearchAction\",\"target\":{\"@type\":\"EntryPoint\",\"urlTemplate\":\"https:\\\/\\\/noticiasmercedinas.com\\\/site\\\/?s={search_term_string}\"},\"query-input\":{\"@type\":\"PropertyValueSpecification\",\"valueRequired\":true,\"valueName\":\"search_term_string\"}}],\"inLanguage\":\"es\"},{\"@type\":\"Organization\",\"@id\":\"https:\\\/\\\/noticiasmercedinas.com\\\/site\\\/#organization\",\"name\":\"NOTICIASMERCEDINAS.COM\",\"url\":\"https:\\\/\\\/noticiasmercedinas.com\\\/site\\\/\",\"logo\":{\"@type\":\"ImageObject\",\"inLanguage\":\"es\",\"@id\":\"https:\\\/\\\/noticiasmercedinas.com\\\/site\\\/#\\\/schema\\\/logo\\\/image\\\/\",\"url\":\"https:\\\/\\\/noticiasmercedinas.com\\\/site\\\/wp-content\\\/uploads\\\/2020\\\/06\\\/LOGO-512.jpg\",\"contentUrl\":\"https:\\\/\\\/noticiasmercedinas.com\\\/site\\\/wp-content\\\/uploads\\\/2020\\\/06\\\/LOGO-512.jpg\",\"width\":512,\"height\":512,\"caption\":\"NOTICIASMERCEDINAS.COM\"},\"image\":{\"@id\":\"https:\\\/\\\/noticiasmercedinas.com\\\/site\\\/#\\\/schema\\\/logo\\\/image\\\/\"},\"sameAs\":[\"https:\\\/\\\/www.facebook.com\\\/noticiasmercedinas\\\/\",\"https:\\\/\\\/x.com\\\/notmercedinas\",\"https:\\\/\\\/www.instagram.com\\\/noticiasmercedinas\\\/\"]},{\"@type\":\"Person\",\"@id\":\"https:\\\/\\\/noticiasmercedinas.com\\\/site\\\/#\\\/schema\\\/person\\\/d481a9696a5feaec13a60e2bbd991a6a\",\"name\":\"Cristian Falabella NOTICIASMERCEDINAS.COM\",\"image\":{\"@type\":\"ImageObject\",\"inLanguage\":\"es\",\"@id\":\"https:\\\/\\\/secure.gravatar.com\\\/avatar\\\/0dbbfc45970cc46bcd0e57766228574ff3511d6eed045b182f536f0f478c1f06?s=96&d=mm&r=g\",\"url\":\"https:\\\/\\\/secure.gravatar.com\\\/avatar\\\/0dbbfc45970cc46bcd0e57766228574ff3511d6eed045b182f536f0f478c1f06?s=96&d=mm&r=g\",\"contentUrl\":\"https:\\\/\\\/secure.gravatar.com\\\/avatar\\\/0dbbfc45970cc46bcd0e57766228574ff3511d6eed045b182f536f0f478c1f06?s=96&d=mm&r=g\",\"caption\":\"Cristian Falabella NOTICIASMERCEDINAS.COM\"},\"description\":\"Periodista, editor de Noticias Mercedinas. Pas\u00f3 por varias redacciones y emprendimientos de prensa, en distintos formatos y \u00e9pocas. Se especializ\u00f3 --y sigue haci\u00e9ndolo-- en comunicaci\u00f3n en la web y en junio de 2006 fund\u00f3 este diario digital.\",\"sameAs\":[\"https:\\\/\\\/noticiasmercedinas.com\",\"https:\\\/\\\/www.facebook.com\\\/cristian.falabella\",\"https:\\\/\\\/www.instagram.com\\\/noticiasmercedinas\\\/\",\"https:\\\/\\\/x.com\\\/https:\\\/\\\/twitter.com\\\/NOTMERCEDINAS\"],\"url\":\"https:\\\/\\\/noticiasmercedinas.com\\\/site\\\/author\\\/as000384\\\/\"}]}<\/script>\n<!-- \/ Yoast SEO plugin. -->","yoast_head_json":{"title":"El Hospital Blas Dubarry adquiere complejo instrumental para Otorrino","robots":{"index":"index","follow":"follow","max-snippet":"max-snippet:-1","max-image-preview":"max-image-preview:large","max-video-preview":"max-video-preview:-1"},"canonical":"https:\/\/noticiasmercedinas.com\/site\/2021\/11\/10\/el-hospital-blas-dubarry-adquiere-complejo-instrumental-para-otorrino\/","og_locale":"es_ES","og_type":"article","og_title":"El Hospital Blas Dubarry adquiere complejo instrumental para Otorrino","og_description":"\u25a0 Se trata de un otomicroscopio, una herramienta fundamental para el trabajo espec\u00edfico del \u00e1rea. Para concretar la compra se invirtieron 360 mil pesos de la cuenta SAMO","og_url":"https:\/\/noticiasmercedinas.com\/site\/2021\/11\/10\/el-hospital-blas-dubarry-adquiere-complejo-instrumental-para-otorrino\/","og_site_name":"NOTICIASMERCEDINAS.COM","article_publisher":"https:\/\/www.facebook.com\/noticiasmercedinas\/","article_author":"https:\/\/www.facebook.com\/cristian.falabella","article_published_time":"2021-11-10T20:23:48+00:00","og_image":[{"width":640,"height":462,"url":"https:\/\/noticiasmercedinas.com\/site\/wp-content\/uploads\/2021\/11\/becarvarela.jpg","type":"image\/jpeg"}],"author":"Cristian Falabella NOTICIASMERCEDINAS.COM","twitter_card":"summary_large_image","twitter_creator":"@https:\/\/twitter.com\/NOTMERCEDINAS","twitter_site":"@notmercedinas","twitter_misc":{"Escrito por":"Cristian Falabella NOTICIASMERCEDINAS.COM","Tiempo de lectura":"1 minuto"},"schema":{"@context":"https:\/\/schema.org","@graph":[{"@type":"Article","@id":"https:\/\/noticiasmercedinas.com\/site\/2021\/11\/10\/el-hospital-blas-dubarry-adquiere-complejo-instrumental-para-otorrino\/#article","isPartOf":{"@id":"https:\/\/noticiasmercedinas.com\/site\/2021\/11\/10\/el-hospital-blas-dubarry-adquiere-complejo-instrumental-para-otorrino\/"},"author":{"name":"Cristian Falabella NOTICIASMERCEDINAS.COM","@id":"https:\/\/noticiasmercedinas.com\/site\/#\/schema\/person\/d481a9696a5feaec13a60e2bbd991a6a"},"headline":"El Hospital Blas Dubarry adquiere complejo instrumental para Otorrino","datePublished":"2021-11-10T20:23:48+00:00","mainEntityOfPage":{"@id":"https:\/\/noticiasmercedinas.com\/site\/2021\/11\/10\/el-hospital-blas-dubarry-adquiere-complejo-instrumental-para-otorrino\/"},"wordCount":247,"commentCount":0,"publisher":{"@id":"https:\/\/noticiasmercedinas.com\/site\/#organization"},"image":{"@id":"https:\/\/noticiasmercedinas.com\/site\/2021\/11\/10\/el-hospital-blas-dubarry-adquiere-complejo-instrumental-para-otorrino\/#primaryimage"},"thumbnailUrl":"https:\/\/noticiasmercedinas.com\/site\/wp-content\/uploads\/2021\/11\/becarvarela.jpg","keywords":["Damasia Beccar Varela","Hospital Blas Dubarry","otomicroscopio","otorrinolaringologia","pablo cassiani"],"articleSection":["Sociedad"],"inLanguage":"es","potentialAction":[{"@type":"CommentAction","name":"Comment","target":["https:\/\/noticiasmercedinas.com\/site\/2021\/11\/10\/el-hospital-blas-dubarry-adquiere-complejo-instrumental-para-otorrino\/#respond"]}]},{"@type":"WebPage","@id":"https:\/\/noticiasmercedinas.com\/site\/2021\/11\/10\/el-hospital-blas-dubarry-adquiere-complejo-instrumental-para-otorrino\/","url":"https:\/\/noticiasmercedinas.com\/site\/2021\/11\/10\/el-hospital-blas-dubarry-adquiere-complejo-instrumental-para-otorrino\/","name":"El Hospital Blas Dubarry adquiere complejo instrumental para Otorrino","isPartOf":{"@id":"https:\/\/noticiasmercedinas.com\/site\/#website"},"primaryImageOfPage":{"@id":"https:\/\/noticiasmercedinas.com\/site\/2021\/11\/10\/el-hospital-blas-dubarry-adquiere-complejo-instrumental-para-otorrino\/#primaryimage"},"image":{"@id":"https:\/\/noticiasmercedinas.com\/site\/2021\/11\/10\/el-hospital-blas-dubarry-adquiere-complejo-instrumental-para-otorrino\/#primaryimage"},"thumbnailUrl":"https:\/\/noticiasmercedinas.com\/site\/wp-content\/uploads\/2021\/11\/becarvarela.jpg","datePublished":"2021-11-10T20:23:48+00:00","breadcrumb":{"@id":"https:\/\/noticiasmercedinas.com\/site\/2021\/11\/10\/el-hospital-blas-dubarry-adquiere-complejo-instrumental-para-otorrino\/#breadcrumb"},"inLanguage":"es","potentialAction":[{"@type":"ReadAction","target":["https:\/\/noticiasmercedinas.com\/site\/2021\/11\/10\/el-hospital-blas-dubarry-adquiere-complejo-instrumental-para-otorrino\/"]}]},{"@type":"ImageObject","inLanguage":"es","@id":"https:\/\/noticiasmercedinas.com\/site\/2021\/11\/10\/el-hospital-blas-dubarry-adquiere-complejo-instrumental-para-otorrino\/#primaryimage","url":"https:\/\/noticiasmercedinas.com\/site\/wp-content\/uploads\/2021\/11\/becarvarela.jpg","contentUrl":"https:\/\/noticiasmercedinas.com\/site\/wp-content\/uploads\/2021\/11\/becarvarela.jpg","width":640,"height":462},{"@type":"BreadcrumbList","@id":"https:\/\/noticiasmercedinas.com\/site\/2021\/11\/10\/el-hospital-blas-dubarry-adquiere-complejo-instrumental-para-otorrino\/#breadcrumb","itemListElement":[{"@type":"ListItem","position":1,"name":"Portada","item":"https:\/\/noticiasmercedinas.com\/site\/"},{"@type":"ListItem","position":2,"name":"El Hospital Blas Dubarry adquiere complejo instrumental para Otorrino"}]},{"@type":"WebSite","@id":"https:\/\/noticiasmercedinas.com\/site\/#website","url":"https:\/\/noticiasmercedinas.com\/site\/","name":"NOTICIASMERCEDINAS.COM","description":"Mercedes, Buenos Aires, Argentina","publisher":{"@id":"https:\/\/noticiasmercedinas.com\/site\/#organization"},"potentialAction":[{"@type":"SearchAction","target":{"@type":"EntryPoint","urlTemplate":"https:\/\/noticiasmercedinas.com\/site\/?s={search_term_string}"},"query-input":{"@type":"PropertyValueSpecification","valueRequired":true,"valueName":"search_term_string"}}],"inLanguage":"es"},{"@type":"Organization","@id":"https:\/\/noticiasmercedinas.com\/site\/#organization","name":"NOTICIASMERCEDINAS.COM","url":"https:\/\/noticiasmercedinas.com\/site\/","logo":{"@type":"ImageObject","inLanguage":"es","@id":"https:\/\/noticiasmercedinas.com\/site\/#\/schema\/logo\/image\/","url":"https:\/\/noticiasmercedinas.com\/site\/wp-content\/uploads\/2020\/06\/LOGO-512.jpg","contentUrl":"https:\/\/noticiasmercedinas.com\/site\/wp-content\/uploads\/2020\/06\/LOGO-512.jpg","width":512,"height":512,"caption":"NOTICIASMERCEDINAS.COM"},"image":{"@id":"https:\/\/noticiasmercedinas.com\/site\/#\/schema\/logo\/image\/"},"sameAs":["https:\/\/www.facebook.com\/noticiasmercedinas\/","https:\/\/x.com\/notmercedinas","https:\/\/www.instagram.com\/noticiasmercedinas\/"]},{"@type":"Person","@id":"https:\/\/noticiasmercedinas.com\/site\/#\/schema\/person\/d481a9696a5feaec13a60e2bbd991a6a","name":"Cristian Falabella NOTICIASMERCEDINAS.COM","image":{"@type":"ImageObject","inLanguage":"es","@id":"https:\/\/secure.gravatar.com\/avatar\/0dbbfc45970cc46bcd0e57766228574ff3511d6eed045b182f536f0f478c1f06?s=96&d=mm&r=g","url":"https:\/\/secure.gravatar.com\/avatar\/0dbbfc45970cc46bcd0e57766228574ff3511d6eed045b182f536f0f478c1f06?s=96&d=mm&r=g","contentUrl":"https:\/\/secure.gravatar.com\/avatar\/0dbbfc45970cc46bcd0e57766228574ff3511d6eed045b182f536f0f478c1f06?s=96&d=mm&r=g","caption":"Cristian Falabella NOTICIASMERCEDINAS.COM"},"description":"Periodista, editor de Noticias Mercedinas. Pas\u00f3 por varias redacciones y emprendimientos de prensa, en distintos formatos y \u00e9pocas. Se especializ\u00f3 --y sigue haci\u00e9ndolo-- en comunicaci\u00f3n en la web y en junio de 2006 fund\u00f3 este diario digital.","sameAs":["https:\/\/noticiasmercedinas.com","https:\/\/www.facebook.com\/cristian.falabella","https:\/\/www.instagram.com\/noticiasmercedinas\/","https:\/\/x.com\/https:\/\/twitter.com\/NOTMERCEDINAS"],"url":"https:\/\/noticiasmercedinas.com\/site\/author\/as000384\/"}]}},"amp_enabled":true,"_links":{"self":[{"href":"https:\/\/noticiasmercedinas.com\/site\/wp-json\/wp\/v2\/posts\/79122","targetHints":{"allow":["GET"]}}],"collection":[{"href":"https:\/\/noticiasmercedinas.com\/site\/wp-json\/wp\/v2\/posts"}],"about":[{"href":"https:\/\/noticiasmercedinas.com\/site\/wp-json\/wp\/v2\/types\/post"}],"author":[{"embeddable":true,"href":"https:\/\/noticiasmercedinas.com\/site\/wp-json\/wp\/v2\/users\/2"}],"replies":[{"embeddable":true,"href":"https:\/\/noticiasmercedinas.com\/site\/wp-json\/wp\/v2\/comments?post=79122"}],"version-history":[{"count":2,"href":"https:\/\/noticiasmercedinas.com\/site\/wp-json\/wp\/v2\/posts\/79122\/revisions"}],"predecessor-version":[{"id":79126,"href":"https:\/\/noticiasmercedinas.com\/site\/wp-json\/wp\/v2\/posts\/79122\/revisions\/79126"}],"wp:featuredmedia":[{"embeddable":true,"href":"https:\/\/noticiasmercedinas.com\/site\/wp-json\/wp\/v2\/media\/79123"}],"wp:attachment":[{"href":"https:\/\/noticiasmercedinas.com\/site\/wp-json\/wp\/v2\/media?parent=79122"}],"wp:term":[{"taxonomy":"category","embeddable":true,"href":"https:\/\/noticiasmercedinas.com\/site\/wp-json\/wp\/v2\/categories?post=79122"},{"taxonomy":"post_tag","embeddable":true,"href":"https:\/\/noticiasmercedinas.com\/site\/wp-json\/wp\/v2\/tags?post=79122"}],"curies":[{"name":"wp","href":"https:\/\/api.w.org\/{rel}","templated":true}]}}