{"id":79268,"date":"2021-11-12T19:49:44","date_gmt":"2021-11-12T22:49:44","guid":{"rendered":"https:\/\/noticiasmercedinas.com\/site\/?p=79268"},"modified":"2021-11-13T09:27:57","modified_gmt":"2021-11-13T12:27:57","slug":"trabajar-en-embellecimiento-de-zona-de-terminal-y-acceso-sanmartin","status":"publish","type":"post","link":"https:\/\/noticiasmercedinas.com\/site\/2021\/11\/12\/trabajar-en-embellecimiento-de-zona-de-terminal-y-acceso-sanmartin\/","title":{"rendered":"Trabajan en embellecimiento de zona de Terminal y Acceso Sanmart\u00edn"},"content":{"rendered":"<p><img loading=\"lazy\" decoding=\"async\" class=\"alignnone size-full wp-image-79269\" src=\"https:\/\/noticiasmercedinas.com\/site\/wp-content\/uploads\/2021\/11\/b37616cd-20e7-4283-81c2-2bd932849eef.jpg\" alt=\"\" width=\"640\" height=\"426\" srcset=\"https:\/\/noticiasmercedinas.com\/site\/wp-content\/uploads\/2021\/11\/b37616cd-20e7-4283-81c2-2bd932849eef.jpg 640w, https:\/\/noticiasmercedinas.com\/site\/wp-content\/uploads\/2021\/11\/b37616cd-20e7-4283-81c2-2bd932849eef-300x200.jpg 300w\" sizes=\"auto, (max-width: 640px) 100vw, 640px\" \/><\/p>\n<p>Las diferentes \u00e1reas comunales trabajan en la mantenci\u00f3n y mejoramiento del espacio p\u00fablico de la ciudad. En este caso, la Direcci\u00f3n de Espacios Verdes realiza trabajos de arreglos y embellecimiento de la rotonda de la calle Acceso Sanmart\u00edn y Av. 2.<\/p>\n<p>El intendente Juan Ignacio Ustarroz expres\u00f3 \u201cla verdad que muy contentos con todo el trabajo que se est\u00e1 haciendo en diferentes zonas de la ciudad desde el equipo de Espacios Verdes. Una decisi\u00f3n que ayud\u00f3 y ayuda mucho a potenciar todo este trabajo es la creaci\u00f3n del vivero biotecnol\u00f3gico que claramente ya comienza a tener sus buenos resultados\u201d.<\/p>\n<p>En este sentido, el intendente Ustarroz manifest\u00f3: \u201cHoy tenemos mucha capacidad que nos permite hermosear la ciudad, poner flores, colocar \u00e1rboles, a un costo muy pero muy bajo, porque lo producimos nosotros\u201d y agreg\u00f3 \u201cestamos apostando a una ciudad cada vez m\u00e1s verde, ambientalmente sustentable, esto representa para nosotros \u2013un poco- la clave de c\u00f3mo se est\u00e1 trabajando en cada uno de los puntos de la ciudad, con esfuerzo y profesionalismo, tratando de embellecer y mejorar a la ciudad\u201d.<\/p>\n<p>\u201cEntendiendo que la gente cuando ve todo este esfuerzo, cuide m\u00e1s la ciudad, la mantenga m\u00e1s limpia, valore los espacios p\u00fablicos, los aproveche y los disfrute\u201d, afirm\u00f3 el intendente Juan Ignacio Ustarroz.<\/p>\n<p>Por su parte, Luis Ponce, subsecretario de Servicios P\u00fablicos, se\u00f1al\u00f3: \u201cSeguimos interviniendo los distintos espacios verdes de nuestra ciudad con el equipo de la Direcci\u00f3n de Espacios Verdes, en este caso en particular, poniendo plantas del Vivero Biotecnol\u00f3gico Municipal para seguir embelleciendo los distintos puntos de la ciudad\u201d.<\/p>\n<p>Ponce destac\u00f3 \u201cel gran trabajo que est\u00e1 haciendo la Direcci\u00f3n de Espacios Verdes con la poda correctiva verde que se est\u00e1 haciendo en el centro de nuestra ciudad\u201d.<\/p>\n<p>A su vez, desde el \u00e1rea de Espacios Verdes, el ingeniero Dar\u00edo Taramasco cont\u00f3: \u201cLo que hicimos fueron tres canteros alrededor y uno circular en el medio, un mejoramiento de tierra, trajimos tierra negra y un poco de compost del vivero, lo apisonamos y vemos que est\u00e1 quedando muy prolijo y bien\u201d.<\/p>\n<p>\u201cAhora estamos trayendo los florales del vivero para por la tarde avanzar con la puesta de los mismos\u201d, concluy\u00f3 Taramasco.<\/p>\n","protected":false},"excerpt":{"rendered":"<p>\u25a0 Desde la Direcci\u00f3n de Espacios Verdes realizan trabajos de arreglos y embellecimiento de la rotonda de la calle Acceso Sanmart\u00edn y Avenida 2.<\/p>\n","protected":false},"author":16,"featured_media":79269,"comment_status":"open","ping_status":"open","sticky":false,"template":"","format":"standard","meta":{"footnotes":""},"categories":[3],"tags":[2381,13271],"class_list":["post-79268","post","type-post","status-publish","format-standard","has-post-thumbnail","hentry","category-sociedad","tag-espacios-verdes","tag-terminal"],"yoast_head":"<!-- This site is optimized with the Yoast SEO plugin v27.4 - https:\/\/yoast.com\/product\/yoast-seo-wordpress\/ -->\n<title>Trabajan en embellecimiento de zona de Terminal y Acceso Sanmart\u00edn<\/title>\n<meta name=\"robots\" content=\"index, follow, max-snippet:-1, max-image-preview:large, max-video-preview:-1\" \/>\n<link rel=\"canonical\" href=\"https:\/\/noticiasmercedinas.com\/site\/2021\/11\/12\/trabajar-en-embellecimiento-de-zona-de-terminal-y-acceso-sanmartin\/\" \/>\n<meta property=\"og:locale\" content=\"es_ES\" \/>\n<meta property=\"og:type\" content=\"article\" \/>\n<meta property=\"og:title\" content=\"Trabajan en embellecimiento de zona de Terminal y Acceso Sanmart\u00edn\" \/>\n<meta property=\"og:description\" content=\"\u25a0 Desde la Direcci\u00f3n de Espacios Verdes realizan trabajos de arreglos y embellecimiento de la rotonda de la calle Acceso Sanmart\u00edn y Avenida 2.\" \/>\n<meta property=\"og:url\" content=\"https:\/\/noticiasmercedinas.com\/site\/2021\/11\/12\/trabajar-en-embellecimiento-de-zona-de-terminal-y-acceso-sanmartin\/\" \/>\n<meta property=\"og:site_name\" content=\"NOTICIASMERCEDINAS.COM\" \/>\n<meta property=\"article:publisher\" content=\"https:\/\/www.facebook.com\/noticiasmercedinas\/\" \/>\n<meta property=\"article:published_time\" content=\"2021-11-12T22:49:44+00:00\" \/>\n<meta property=\"article:modified_time\" content=\"2021-11-13T12:27:57+00:00\" \/>\n<meta property=\"og:image\" content=\"https:\/\/noticiasmercedinas.com\/site\/wp-content\/uploads\/2021\/11\/b37616cd-20e7-4283-81c2-2bd932849eef.jpg\" \/>\n\t<meta property=\"og:image:width\" content=\"640\" \/>\n\t<meta property=\"og:image:height\" content=\"426\" \/>\n\t<meta property=\"og:image:type\" content=\"image\/jpeg\" \/>\n<meta name=\"author\" content=\"NOTICIASMERCEDINAS.COM\" \/>\n<meta name=\"twitter:card\" content=\"summary_large_image\" \/>\n<meta name=\"twitter:creator\" content=\"@notmercedinas\" \/>\n<meta name=\"twitter:site\" content=\"@notmercedinas\" \/>\n<meta name=\"twitter:label1\" content=\"Escrito por\" \/>\n\t<meta name=\"twitter:data1\" content=\"NOTICIASMERCEDINAS.COM\" \/>\n\t<meta name=\"twitter:label2\" content=\"Tiempo de lectura\" \/>\n\t<meta name=\"twitter:data2\" content=\"2 minutos\" \/>\n<script type=\"application\/ld+json\" class=\"yoast-schema-graph\">{\"@context\":\"https:\\\/\\\/schema.org\",\"@graph\":[{\"@type\":\"Article\",\"@id\":\"https:\\\/\\\/noticiasmercedinas.com\\\/site\\\/2021\\\/11\\\/12\\\/trabajar-en-embellecimiento-de-zona-de-terminal-y-acceso-sanmartin\\\/#article\",\"isPartOf\":{\"@id\":\"https:\\\/\\\/noticiasmercedinas.com\\\/site\\\/2021\\\/11\\\/12\\\/trabajar-en-embellecimiento-de-zona-de-terminal-y-acceso-sanmartin\\\/\"},\"author\":{\"name\":\"NOTICIASMERCEDINAS.COM\",\"@id\":\"https:\\\/\\\/noticiasmercedinas.com\\\/site\\\/#\\\/schema\\\/person\\\/84b59c099c28ff2e8b77d4ceec5d8063\"},\"headline\":\"Trabajan en embellecimiento de zona de Terminal y Acceso Sanmart\u00edn\",\"datePublished\":\"2021-11-12T22:49:44+00:00\",\"dateModified\":\"2021-11-13T12:27:57+00:00\",\"mainEntityOfPage\":{\"@id\":\"https:\\\/\\\/noticiasmercedinas.com\\\/site\\\/2021\\\/11\\\/12\\\/trabajar-en-embellecimiento-de-zona-de-terminal-y-acceso-sanmartin\\\/\"},\"wordCount\":386,\"commentCount\":0,\"publisher\":{\"@id\":\"https:\\\/\\\/noticiasmercedinas.com\\\/site\\\/#organization\"},\"image\":{\"@id\":\"https:\\\/\\\/noticiasmercedinas.com\\\/site\\\/2021\\\/11\\\/12\\\/trabajar-en-embellecimiento-de-zona-de-terminal-y-acceso-sanmartin\\\/#primaryimage\"},\"thumbnailUrl\":\"https:\\\/\\\/noticiasmercedinas.com\\\/site\\\/wp-content\\\/uploads\\\/2021\\\/11\\\/b37616cd-20e7-4283-81c2-2bd932849eef.jpg\",\"keywords\":[\"espacios verdes\",\"terminal\"],\"articleSection\":[\"Sociedad\"],\"inLanguage\":\"es\",\"potentialAction\":[{\"@type\":\"CommentAction\",\"name\":\"Comment\",\"target\":[\"https:\\\/\\\/noticiasmercedinas.com\\\/site\\\/2021\\\/11\\\/12\\\/trabajar-en-embellecimiento-de-zona-de-terminal-y-acceso-sanmartin\\\/#respond\"]}]},{\"@type\":\"WebPage\",\"@id\":\"https:\\\/\\\/noticiasmercedinas.com\\\/site\\\/2021\\\/11\\\/12\\\/trabajar-en-embellecimiento-de-zona-de-terminal-y-acceso-sanmartin\\\/\",\"url\":\"https:\\\/\\\/noticiasmercedinas.com\\\/site\\\/2021\\\/11\\\/12\\\/trabajar-en-embellecimiento-de-zona-de-terminal-y-acceso-sanmartin\\\/\",\"name\":\"Trabajan en embellecimiento de zona de Terminal y Acceso Sanmart\u00edn\",\"isPartOf\":{\"@id\":\"https:\\\/\\\/noticiasmercedinas.com\\\/site\\\/#website\"},\"primaryImageOfPage\":{\"@id\":\"https:\\\/\\\/noticiasmercedinas.com\\\/site\\\/2021\\\/11\\\/12\\\/trabajar-en-embellecimiento-de-zona-de-terminal-y-acceso-sanmartin\\\/#primaryimage\"},\"image\":{\"@id\":\"https:\\\/\\\/noticiasmercedinas.com\\\/site\\\/2021\\\/11\\\/12\\\/trabajar-en-embellecimiento-de-zona-de-terminal-y-acceso-sanmartin\\\/#primaryimage\"},\"thumbnailUrl\":\"https:\\\/\\\/noticiasmercedinas.com\\\/site\\\/wp-content\\\/uploads\\\/2021\\\/11\\\/b37616cd-20e7-4283-81c2-2bd932849eef.jpg\",\"datePublished\":\"2021-11-12T22:49:44+00:00\",\"dateModified\":\"2021-11-13T12:27:57+00:00\",\"breadcrumb\":{\"@id\":\"https:\\\/\\\/noticiasmercedinas.com\\\/site\\\/2021\\\/11\\\/12\\\/trabajar-en-embellecimiento-de-zona-de-terminal-y-acceso-sanmartin\\\/#breadcrumb\"},\"inLanguage\":\"es\",\"potentialAction\":[{\"@type\":\"ReadAction\",\"target\":[\"https:\\\/\\\/noticiasmercedinas.com\\\/site\\\/2021\\\/11\\\/12\\\/trabajar-en-embellecimiento-de-zona-de-terminal-y-acceso-sanmartin\\\/\"]}]},{\"@type\":\"ImageObject\",\"inLanguage\":\"es\",\"@id\":\"https:\\\/\\\/noticiasmercedinas.com\\\/site\\\/2021\\\/11\\\/12\\\/trabajar-en-embellecimiento-de-zona-de-terminal-y-acceso-sanmartin\\\/#primaryimage\",\"url\":\"https:\\\/\\\/noticiasmercedinas.com\\\/site\\\/wp-content\\\/uploads\\\/2021\\\/11\\\/b37616cd-20e7-4283-81c2-2bd932849eef.jpg\",\"contentUrl\":\"https:\\\/\\\/noticiasmercedinas.com\\\/site\\\/wp-content\\\/uploads\\\/2021\\\/11\\\/b37616cd-20e7-4283-81c2-2bd932849eef.jpg\",\"width\":640,\"height\":426},{\"@type\":\"BreadcrumbList\",\"@id\":\"https:\\\/\\\/noticiasmercedinas.com\\\/site\\\/2021\\\/11\\\/12\\\/trabajar-en-embellecimiento-de-zona-de-terminal-y-acceso-sanmartin\\\/#breadcrumb\",\"itemListElement\":[{\"@type\":\"ListItem\",\"position\":1,\"name\":\"Portada\",\"item\":\"https:\\\/\\\/noticiasmercedinas.com\\\/site\\\/\"},{\"@type\":\"ListItem\",\"position\":2,\"name\":\"Trabajan en embellecimiento de zona de Terminal y Acceso Sanmart\u00edn\"}]},{\"@type\":\"WebSite\",\"@id\":\"https:\\\/\\\/noticiasmercedinas.com\\\/site\\\/#website\",\"url\":\"https:\\\/\\\/noticiasmercedinas.com\\\/site\\\/\",\"name\":\"NOTICIASMERCEDINAS.COM\",\"description\":\"Mercedes, Buenos Aires, Argentina\",\"publisher\":{\"@id\":\"https:\\\/\\\/noticiasmercedinas.com\\\/site\\\/#organization\"},\"potentialAction\":[{\"@type\":\"SearchAction\",\"target\":{\"@type\":\"EntryPoint\",\"urlTemplate\":\"https:\\\/\\\/noticiasmercedinas.com\\\/site\\\/?s={search_term_string}\"},\"query-input\":{\"@type\":\"PropertyValueSpecification\",\"valueRequired\":true,\"valueName\":\"search_term_string\"}}],\"inLanguage\":\"es\"},{\"@type\":\"Organization\",\"@id\":\"https:\\\/\\\/noticiasmercedinas.com\\\/site\\\/#organization\",\"name\":\"NOTICIASMERCEDINAS.COM\",\"url\":\"https:\\\/\\\/noticiasmercedinas.com\\\/site\\\/\",\"logo\":{\"@type\":\"ImageObject\",\"inLanguage\":\"es\",\"@id\":\"https:\\\/\\\/noticiasmercedinas.com\\\/site\\\/#\\\/schema\\\/logo\\\/image\\\/\",\"url\":\"https:\\\/\\\/noticiasmercedinas.com\\\/site\\\/wp-content\\\/uploads\\\/2020\\\/06\\\/LOGO-512.jpg\",\"contentUrl\":\"https:\\\/\\\/noticiasmercedinas.com\\\/site\\\/wp-content\\\/uploads\\\/2020\\\/06\\\/LOGO-512.jpg\",\"width\":512,\"height\":512,\"caption\":\"NOTICIASMERCEDINAS.COM\"},\"image\":{\"@id\":\"https:\\\/\\\/noticiasmercedinas.com\\\/site\\\/#\\\/schema\\\/logo\\\/image\\\/\"},\"sameAs\":[\"https:\\\/\\\/www.facebook.com\\\/noticiasmercedinas\\\/\",\"https:\\\/\\\/x.com\\\/notmercedinas\",\"https:\\\/\\\/www.instagram.com\\\/noticiasmercedinas\\\/\"]},{\"@type\":\"Person\",\"@id\":\"https:\\\/\\\/noticiasmercedinas.com\\\/site\\\/#\\\/schema\\\/person\\\/84b59c099c28ff2e8b77d4ceec5d8063\",\"name\":\"NOTICIASMERCEDINAS.COM\",\"image\":{\"@type\":\"ImageObject\",\"inLanguage\":\"es\",\"@id\":\"https:\\\/\\\/secure.gravatar.com\\\/avatar\\\/4dfbf16b4d17945bfb6341b2d19043457132fcf478a5ee04f42e959fd8f5df0a?s=96&d=mm&r=g\",\"url\":\"https:\\\/\\\/secure.gravatar.com\\\/avatar\\\/4dfbf16b4d17945bfb6341b2d19043457132fcf478a5ee04f42e959fd8f5df0a?s=96&d=mm&r=g\",\"contentUrl\":\"https:\\\/\\\/secure.gravatar.com\\\/avatar\\\/4dfbf16b4d17945bfb6341b2d19043457132fcf478a5ee04f42e959fd8f5df0a?s=96&d=mm&r=g\",\"caption\":\"NOTICIASMERCEDINAS.COM\"},\"url\":\"https:\\\/\\\/noticiasmercedinas.com\\\/site\\\/author\\\/anonimo\\\/\"}]}<\/script>\n<!-- \/ Yoast SEO plugin. -->","yoast_head_json":{"title":"Trabajan en embellecimiento de zona de Terminal y Acceso Sanmart\u00edn","robots":{"index":"index","follow":"follow","max-snippet":"max-snippet:-1","max-image-preview":"max-image-preview:large","max-video-preview":"max-video-preview:-1"},"canonical":"https:\/\/noticiasmercedinas.com\/site\/2021\/11\/12\/trabajar-en-embellecimiento-de-zona-de-terminal-y-acceso-sanmartin\/","og_locale":"es_ES","og_type":"article","og_title":"Trabajan en embellecimiento de zona de Terminal y Acceso Sanmart\u00edn","og_description":"\u25a0 Desde la Direcci\u00f3n de Espacios Verdes realizan trabajos de arreglos y embellecimiento de la rotonda de la calle Acceso Sanmart\u00edn y Avenida 2.","og_url":"https:\/\/noticiasmercedinas.com\/site\/2021\/11\/12\/trabajar-en-embellecimiento-de-zona-de-terminal-y-acceso-sanmartin\/","og_site_name":"NOTICIASMERCEDINAS.COM","article_publisher":"https:\/\/www.facebook.com\/noticiasmercedinas\/","article_published_time":"2021-11-12T22:49:44+00:00","article_modified_time":"2021-11-13T12:27:57+00:00","og_image":[{"width":640,"height":426,"url":"https:\/\/noticiasmercedinas.com\/site\/wp-content\/uploads\/2021\/11\/b37616cd-20e7-4283-81c2-2bd932849eef.jpg","type":"image\/jpeg"}],"author":"NOTICIASMERCEDINAS.COM","twitter_card":"summary_large_image","twitter_creator":"@notmercedinas","twitter_site":"@notmercedinas","twitter_misc":{"Escrito por":"NOTICIASMERCEDINAS.COM","Tiempo de lectura":"2 minutos"},"schema":{"@context":"https:\/\/schema.org","@graph":[{"@type":"Article","@id":"https:\/\/noticiasmercedinas.com\/site\/2021\/11\/12\/trabajar-en-embellecimiento-de-zona-de-terminal-y-acceso-sanmartin\/#article","isPartOf":{"@id":"https:\/\/noticiasmercedinas.com\/site\/2021\/11\/12\/trabajar-en-embellecimiento-de-zona-de-terminal-y-acceso-sanmartin\/"},"author":{"name":"NOTICIASMERCEDINAS.COM","@id":"https:\/\/noticiasmercedinas.com\/site\/#\/schema\/person\/84b59c099c28ff2e8b77d4ceec5d8063"},"headline":"Trabajan en embellecimiento de zona de Terminal y Acceso Sanmart\u00edn","datePublished":"2021-11-12T22:49:44+00:00","dateModified":"2021-11-13T12:27:57+00:00","mainEntityOfPage":{"@id":"https:\/\/noticiasmercedinas.com\/site\/2021\/11\/12\/trabajar-en-embellecimiento-de-zona-de-terminal-y-acceso-sanmartin\/"},"wordCount":386,"commentCount":0,"publisher":{"@id":"https:\/\/noticiasmercedinas.com\/site\/#organization"},"image":{"@id":"https:\/\/noticiasmercedinas.com\/site\/2021\/11\/12\/trabajar-en-embellecimiento-de-zona-de-terminal-y-acceso-sanmartin\/#primaryimage"},"thumbnailUrl":"https:\/\/noticiasmercedinas.com\/site\/wp-content\/uploads\/2021\/11\/b37616cd-20e7-4283-81c2-2bd932849eef.jpg","keywords":["espacios verdes","terminal"],"articleSection":["Sociedad"],"inLanguage":"es","potentialAction":[{"@type":"CommentAction","name":"Comment","target":["https:\/\/noticiasmercedinas.com\/site\/2021\/11\/12\/trabajar-en-embellecimiento-de-zona-de-terminal-y-acceso-sanmartin\/#respond"]}]},{"@type":"WebPage","@id":"https:\/\/noticiasmercedinas.com\/site\/2021\/11\/12\/trabajar-en-embellecimiento-de-zona-de-terminal-y-acceso-sanmartin\/","url":"https:\/\/noticiasmercedinas.com\/site\/2021\/11\/12\/trabajar-en-embellecimiento-de-zona-de-terminal-y-acceso-sanmartin\/","name":"Trabajan en embellecimiento de zona de Terminal y Acceso Sanmart\u00edn","isPartOf":{"@id":"https:\/\/noticiasmercedinas.com\/site\/#website"},"primaryImageOfPage":{"@id":"https:\/\/noticiasmercedinas.com\/site\/2021\/11\/12\/trabajar-en-embellecimiento-de-zona-de-terminal-y-acceso-sanmartin\/#primaryimage"},"image":{"@id":"https:\/\/noticiasmercedinas.com\/site\/2021\/11\/12\/trabajar-en-embellecimiento-de-zona-de-terminal-y-acceso-sanmartin\/#primaryimage"},"thumbnailUrl":"https:\/\/noticiasmercedinas.com\/site\/wp-content\/uploads\/2021\/11\/b37616cd-20e7-4283-81c2-2bd932849eef.jpg","datePublished":"2021-11-12T22:49:44+00:00","dateModified":"2021-11-13T12:27:57+00:00","breadcrumb":{"@id":"https:\/\/noticiasmercedinas.com\/site\/2021\/11\/12\/trabajar-en-embellecimiento-de-zona-de-terminal-y-acceso-sanmartin\/#breadcrumb"},"inLanguage":"es","potentialAction":[{"@type":"ReadAction","target":["https:\/\/noticiasmercedinas.com\/site\/2021\/11\/12\/trabajar-en-embellecimiento-de-zona-de-terminal-y-acceso-sanmartin\/"]}]},{"@type":"ImageObject","inLanguage":"es","@id":"https:\/\/noticiasmercedinas.com\/site\/2021\/11\/12\/trabajar-en-embellecimiento-de-zona-de-terminal-y-acceso-sanmartin\/#primaryimage","url":"https:\/\/noticiasmercedinas.com\/site\/wp-content\/uploads\/2021\/11\/b37616cd-20e7-4283-81c2-2bd932849eef.jpg","contentUrl":"https:\/\/noticiasmercedinas.com\/site\/wp-content\/uploads\/2021\/11\/b37616cd-20e7-4283-81c2-2bd932849eef.jpg","width":640,"height":426},{"@type":"BreadcrumbList","@id":"https:\/\/noticiasmercedinas.com\/site\/2021\/11\/12\/trabajar-en-embellecimiento-de-zona-de-terminal-y-acceso-sanmartin\/#breadcrumb","itemListElement":[{"@type":"ListItem","position":1,"name":"Portada","item":"https:\/\/noticiasmercedinas.com\/site\/"},{"@type":"ListItem","position":2,"name":"Trabajan en embellecimiento de zona de Terminal y Acceso Sanmart\u00edn"}]},{"@type":"WebSite","@id":"https:\/\/noticiasmercedinas.com\/site\/#website","url":"https:\/\/noticiasmercedinas.com\/site\/","name":"NOTICIASMERCEDINAS.COM","description":"Mercedes, Buenos Aires, Argentina","publisher":{"@id":"https:\/\/noticiasmercedinas.com\/site\/#organization"},"potentialAction":[{"@type":"SearchAction","target":{"@type":"EntryPoint","urlTemplate":"https:\/\/noticiasmercedinas.com\/site\/?s={search_term_string}"},"query-input":{"@type":"PropertyValueSpecification","valueRequired":true,"valueName":"search_term_string"}}],"inLanguage":"es"},{"@type":"Organization","@id":"https:\/\/noticiasmercedinas.com\/site\/#organization","name":"NOTICIASMERCEDINAS.COM","url":"https:\/\/noticiasmercedinas.com\/site\/","logo":{"@type":"ImageObject","inLanguage":"es","@id":"https:\/\/noticiasmercedinas.com\/site\/#\/schema\/logo\/image\/","url":"https:\/\/noticiasmercedinas.com\/site\/wp-content\/uploads\/2020\/06\/LOGO-512.jpg","contentUrl":"https:\/\/noticiasmercedinas.com\/site\/wp-content\/uploads\/2020\/06\/LOGO-512.jpg","width":512,"height":512,"caption":"NOTICIASMERCEDINAS.COM"},"image":{"@id":"https:\/\/noticiasmercedinas.com\/site\/#\/schema\/logo\/image\/"},"sameAs":["https:\/\/www.facebook.com\/noticiasmercedinas\/","https:\/\/x.com\/notmercedinas","https:\/\/www.instagram.com\/noticiasmercedinas\/"]},{"@type":"Person","@id":"https:\/\/noticiasmercedinas.com\/site\/#\/schema\/person\/84b59c099c28ff2e8b77d4ceec5d8063","name":"NOTICIASMERCEDINAS.COM","image":{"@type":"ImageObject","inLanguage":"es","@id":"https:\/\/secure.gravatar.com\/avatar\/4dfbf16b4d17945bfb6341b2d19043457132fcf478a5ee04f42e959fd8f5df0a?s=96&d=mm&r=g","url":"https:\/\/secure.gravatar.com\/avatar\/4dfbf16b4d17945bfb6341b2d19043457132fcf478a5ee04f42e959fd8f5df0a?s=96&d=mm&r=g","contentUrl":"https:\/\/secure.gravatar.com\/avatar\/4dfbf16b4d17945bfb6341b2d19043457132fcf478a5ee04f42e959fd8f5df0a?s=96&d=mm&r=g","caption":"NOTICIASMERCEDINAS.COM"},"url":"https:\/\/noticiasmercedinas.com\/site\/author\/anonimo\/"}]}},"amp_enabled":true,"_links":{"self":[{"href":"https:\/\/noticiasmercedinas.com\/site\/wp-json\/wp\/v2\/posts\/79268","targetHints":{"allow":["GET"]}}],"collection":[{"href":"https:\/\/noticiasmercedinas.com\/site\/wp-json\/wp\/v2\/posts"}],"about":[{"href":"https:\/\/noticiasmercedinas.com\/site\/wp-json\/wp\/v2\/types\/post"}],"author":[{"embeddable":true,"href":"https:\/\/noticiasmercedinas.com\/site\/wp-json\/wp\/v2\/users\/16"}],"replies":[{"embeddable":true,"href":"https:\/\/noticiasmercedinas.com\/site\/wp-json\/wp\/v2\/comments?post=79268"}],"version-history":[{"count":2,"href":"https:\/\/noticiasmercedinas.com\/site\/wp-json\/wp\/v2\/posts\/79268\/revisions"}],"predecessor-version":[{"id":79278,"href":"https:\/\/noticiasmercedinas.com\/site\/wp-json\/wp\/v2\/posts\/79268\/revisions\/79278"}],"wp:featuredmedia":[{"embeddable":true,"href":"https:\/\/noticiasmercedinas.com\/site\/wp-json\/wp\/v2\/media\/79269"}],"wp:attachment":[{"href":"https:\/\/noticiasmercedinas.com\/site\/wp-json\/wp\/v2\/media?parent=79268"}],"wp:term":[{"taxonomy":"category","embeddable":true,"href":"https:\/\/noticiasmercedinas.com\/site\/wp-json\/wp\/v2\/categories?post=79268"},{"taxonomy":"post_tag","embeddable":true,"href":"https:\/\/noticiasmercedinas.com\/site\/wp-json\/wp\/v2\/tags?post=79268"}],"curies":[{"name":"wp","href":"https:\/\/api.w.org\/{rel}","templated":true}]}}