{"id":79714,"date":"2021-11-18T17:02:54","date_gmt":"2021-11-18T20:02:54","guid":{"rendered":"https:\/\/noticiasmercedinas.com\/site\/?p=79714"},"modified":"2021-11-18T17:05:56","modified_gmt":"2021-11-18T20:05:56","slug":"cesar-lalla-expone-en-el-estudio-de-arte-cueto","status":"publish","type":"post","link":"https:\/\/noticiasmercedinas.com\/site\/2021\/11\/18\/cesar-lalla-expone-en-el-estudio-de-arte-cueto\/","title":{"rendered":"C\u00e9sar Lalla expone en el Estudio de Arte Cueto"},"content":{"rendered":"<p><img loading=\"lazy\" decoding=\"async\" class=\"alignnone size-large wp-image-79715\" src=\"https:\/\/noticiasmercedinas.com\/site\/wp-content\/uploads\/2021\/11\/256808643_3043725179232330_8198739774233744848_n-1024x769.jpg\" alt=\"\" width=\"640\" height=\"481\" \/><\/p>\n<p>Este viernes se inaugura la muestra individual del artista mercedino <strong>C\u00e9sar Lalla<\/strong> \u00abVariaciones para bandone\u00f3n solo\u00bb.<\/p>\n<p>Se trata de una exposici\u00f3n de sus pinturas que podr\u00e1 verse en el Estudio de Arte Cueto, de calle 19 n\u00famero 427, de 18 a 21 horas. La exposici\u00f3n, adem\u00e1s, permanecer\u00e1 abierta\u00a0 durante los d\u00edas s\u00e1bado y domingo.<\/p>\n<p><img loading=\"lazy\" decoding=\"async\" class=\"alignnone size-full wp-image-79719\" src=\"https:\/\/noticiasmercedinas.com\/site\/wp-content\/uploads\/2021\/11\/lalla.jpg\" alt=\"\" width=\"640\" height=\"384\" srcset=\"https:\/\/noticiasmercedinas.com\/site\/wp-content\/uploads\/2021\/11\/lalla.jpg 640w, https:\/\/noticiasmercedinas.com\/site\/wp-content\/uploads\/2021\/11\/lalla-300x180.jpg 300w\" sizes=\"auto, (max-width: 640px) 100vw, 640px\" \/><\/p>\n<p>C\u00e9sar Lalla es uno de los referentes del arte pl\u00e1stico contempor\u00e1neo de la ciudad. Tiene un estilo muy particular y ha merecido distintos premios en salones de pintura de la ciudad y de la zona. Incluso en 2008 fue declarado personalidad destacada de la ciudad por el Concejo Deliberante junto a otros de sus pares.<\/p>\n<p>Vale aclarar que en el Taller de Arte Cueto tambi\u00e9n estar\u00e1 abierta la trastienda con obras en venta de Paula Figoli, Pablo Blasberg, Pablo Russo, Mar\u00eda Eugenia Scioli, Eliana Ramponi, Cecilia Martinez, Anabel Pi\u00f1eiro y Marcela Cueto.<\/p>\n<p><img loading=\"lazy\" decoding=\"async\" class=\"alignnone size-full wp-image-79716\" src=\"https:\/\/noticiasmercedinas.com\/site\/wp-content\/uploads\/2021\/11\/thumbnail_cesarlalla.jpg\" alt=\"\" width=\"640\" height=\"450\" srcset=\"https:\/\/noticiasmercedinas.com\/site\/wp-content\/uploads\/2021\/11\/thumbnail_cesarlalla.jpg 640w, https:\/\/noticiasmercedinas.com\/site\/wp-content\/uploads\/2021\/11\/thumbnail_cesarlalla-300x211.jpg 300w\" sizes=\"auto, (max-width: 640px) 100vw, 640px\" \/><\/p>\n","protected":false},"excerpt":{"rendered":"<p>\u25a0 Se inaugura este viernes de 18 a 21 horas. La exposici\u00f3n, adem\u00e1s, permanecer\u00e1 abierta\u00a0 durante los d\u00edas s\u00e1bado y domingo. Habr\u00e1 trastienda con venta de obras de artistas locales<\/p>\n","protected":false},"author":16,"featured_media":79715,"comment_status":"open","ping_status":"open","sticky":false,"template":"","format":"standard","meta":{"footnotes":""},"categories":[4],"tags":[3160,2612,618,1662,2264,617,792,194,681,6643,2210,8709],"class_list":["post-79714","post","type-post","status-publish","format-standard","has-post-thumbnail","hentry","category-cultura","tag-anabel-pineiro","tag-cecilia-martinez","tag-cesar-lalla","tag-eliana-ramponi","tag-expo","tag-marcela-cueto","tag-maria-eugenia-scioli","tag-pablo-blasberg","tag-pablo-russo","tag-paula-figoli","tag-pinturas","tag-taller-de-arte-cueto"],"yoast_head":"<!-- This site is optimized with the Yoast SEO plugin v27.4 - https:\/\/yoast.com\/product\/yoast-seo-wordpress\/ -->\n<title>C\u00e9sar Lalla expone en el Estudio de Arte Cueto<\/title>\n<meta name=\"robots\" content=\"index, follow, max-snippet:-1, max-image-preview:large, max-video-preview:-1\" \/>\n<link rel=\"canonical\" href=\"https:\/\/noticiasmercedinas.com\/site\/2021\/11\/18\/cesar-lalla-expone-en-el-estudio-de-arte-cueto\/\" \/>\n<meta property=\"og:locale\" content=\"es_ES\" \/>\n<meta property=\"og:type\" content=\"article\" \/>\n<meta property=\"og:title\" content=\"C\u00e9sar Lalla expone en el Estudio de Arte Cueto\" \/>\n<meta property=\"og:description\" content=\"\u25a0 Se inaugura este viernes de 18 a 21 horas. La exposici\u00f3n, adem\u00e1s, permanecer\u00e1 abierta\u00a0 durante los d\u00edas s\u00e1bado y domingo. Habr\u00e1 trastienda con venta de obras de artistas locales\" \/>\n<meta property=\"og:url\" content=\"https:\/\/noticiasmercedinas.com\/site\/2021\/11\/18\/cesar-lalla-expone-en-el-estudio-de-arte-cueto\/\" \/>\n<meta property=\"og:site_name\" content=\"NOTICIASMERCEDINAS.COM\" \/>\n<meta property=\"article:publisher\" content=\"https:\/\/www.facebook.com\/noticiasmercedinas\/\" \/>\n<meta property=\"article:published_time\" content=\"2021-11-18T20:02:54+00:00\" \/>\n<meta property=\"article:modified_time\" content=\"2021-11-18T20:05:56+00:00\" \/>\n<meta property=\"og:image\" content=\"https:\/\/noticiasmercedinas.com\/site\/wp-content\/uploads\/2021\/11\/256808643_3043725179232330_8198739774233744848_n-e1637264519572.jpg\" \/>\n\t<meta property=\"og:image:width\" content=\"640\" \/>\n\t<meta property=\"og:image:height\" content=\"481\" \/>\n\t<meta property=\"og:image:type\" content=\"image\/jpeg\" \/>\n<meta name=\"author\" content=\"NOTICIASMERCEDINAS.COM\" \/>\n<meta name=\"twitter:card\" content=\"summary_large_image\" \/>\n<meta name=\"twitter:creator\" content=\"@notmercedinas\" \/>\n<meta name=\"twitter:site\" content=\"@notmercedinas\" \/>\n<meta name=\"twitter:label1\" content=\"Escrito por\" \/>\n\t<meta name=\"twitter:data1\" content=\"NOTICIASMERCEDINAS.COM\" \/>\n\t<meta name=\"twitter:label2\" content=\"Tiempo de lectura\" \/>\n\t<meta name=\"twitter:data2\" content=\"2 minutos\" \/>\n<script type=\"application\/ld+json\" class=\"yoast-schema-graph\">{\"@context\":\"https:\\\/\\\/schema.org\",\"@graph\":[{\"@type\":\"Article\",\"@id\":\"https:\\\/\\\/noticiasmercedinas.com\\\/site\\\/2021\\\/11\\\/18\\\/cesar-lalla-expone-en-el-estudio-de-arte-cueto\\\/#article\",\"isPartOf\":{\"@id\":\"https:\\\/\\\/noticiasmercedinas.com\\\/site\\\/2021\\\/11\\\/18\\\/cesar-lalla-expone-en-el-estudio-de-arte-cueto\\\/\"},\"author\":{\"name\":\"NOTICIASMERCEDINAS.COM\",\"@id\":\"https:\\\/\\\/noticiasmercedinas.com\\\/site\\\/#\\\/schema\\\/person\\\/84b59c099c28ff2e8b77d4ceec5d8063\"},\"headline\":\"C\u00e9sar Lalla expone en el Estudio de Arte Cueto\",\"datePublished\":\"2021-11-18T20:02:54+00:00\",\"dateModified\":\"2021-11-18T20:05:56+00:00\",\"mainEntityOfPage\":{\"@id\":\"https:\\\/\\\/noticiasmercedinas.com\\\/site\\\/2021\\\/11\\\/18\\\/cesar-lalla-expone-en-el-estudio-de-arte-cueto\\\/\"},\"wordCount\":165,\"commentCount\":0,\"publisher\":{\"@id\":\"https:\\\/\\\/noticiasmercedinas.com\\\/site\\\/#organization\"},\"image\":{\"@id\":\"https:\\\/\\\/noticiasmercedinas.com\\\/site\\\/2021\\\/11\\\/18\\\/cesar-lalla-expone-en-el-estudio-de-arte-cueto\\\/#primaryimage\"},\"thumbnailUrl\":\"https:\\\/\\\/noticiasmercedinas.com\\\/site\\\/wp-content\\\/uploads\\\/2021\\\/11\\\/256808643_3043725179232330_8198739774233744848_n-e1637264519572.jpg\",\"keywords\":[\"anabel pi\u00f1eiro\",\"Cecilia Martinez\",\"C\u00e9sar Lalla\",\"eliana ramponi\",\"expo\",\"Marcela Cueto\",\"maria eugenia scioli\",\"pablo blasberg\",\"Pablo Russo\",\"paula figoli\",\"pinturas\",\"Taller de Arte Cueto\"],\"articleSection\":[\"Cultura\"],\"inLanguage\":\"es\",\"potentialAction\":[{\"@type\":\"CommentAction\",\"name\":\"Comment\",\"target\":[\"https:\\\/\\\/noticiasmercedinas.com\\\/site\\\/2021\\\/11\\\/18\\\/cesar-lalla-expone-en-el-estudio-de-arte-cueto\\\/#respond\"]}]},{\"@type\":\"WebPage\",\"@id\":\"https:\\\/\\\/noticiasmercedinas.com\\\/site\\\/2021\\\/11\\\/18\\\/cesar-lalla-expone-en-el-estudio-de-arte-cueto\\\/\",\"url\":\"https:\\\/\\\/noticiasmercedinas.com\\\/site\\\/2021\\\/11\\\/18\\\/cesar-lalla-expone-en-el-estudio-de-arte-cueto\\\/\",\"name\":\"C\u00e9sar Lalla expone en el Estudio de Arte Cueto\",\"isPartOf\":{\"@id\":\"https:\\\/\\\/noticiasmercedinas.com\\\/site\\\/#website\"},\"primaryImageOfPage\":{\"@id\":\"https:\\\/\\\/noticiasmercedinas.com\\\/site\\\/2021\\\/11\\\/18\\\/cesar-lalla-expone-en-el-estudio-de-arte-cueto\\\/#primaryimage\"},\"image\":{\"@id\":\"https:\\\/\\\/noticiasmercedinas.com\\\/site\\\/2021\\\/11\\\/18\\\/cesar-lalla-expone-en-el-estudio-de-arte-cueto\\\/#primaryimage\"},\"thumbnailUrl\":\"https:\\\/\\\/noticiasmercedinas.com\\\/site\\\/wp-content\\\/uploads\\\/2021\\\/11\\\/256808643_3043725179232330_8198739774233744848_n-e1637264519572.jpg\",\"datePublished\":\"2021-11-18T20:02:54+00:00\",\"dateModified\":\"2021-11-18T20:05:56+00:00\",\"breadcrumb\":{\"@id\":\"https:\\\/\\\/noticiasmercedinas.com\\\/site\\\/2021\\\/11\\\/18\\\/cesar-lalla-expone-en-el-estudio-de-arte-cueto\\\/#breadcrumb\"},\"inLanguage\":\"es\",\"potentialAction\":[{\"@type\":\"ReadAction\",\"target\":[\"https:\\\/\\\/noticiasmercedinas.com\\\/site\\\/2021\\\/11\\\/18\\\/cesar-lalla-expone-en-el-estudio-de-arte-cueto\\\/\"]}]},{\"@type\":\"ImageObject\",\"inLanguage\":\"es\",\"@id\":\"https:\\\/\\\/noticiasmercedinas.com\\\/site\\\/2021\\\/11\\\/18\\\/cesar-lalla-expone-en-el-estudio-de-arte-cueto\\\/#primaryimage\",\"url\":\"https:\\\/\\\/noticiasmercedinas.com\\\/site\\\/wp-content\\\/uploads\\\/2021\\\/11\\\/256808643_3043725179232330_8198739774233744848_n-e1637264519572.jpg\",\"contentUrl\":\"https:\\\/\\\/noticiasmercedinas.com\\\/site\\\/wp-content\\\/uploads\\\/2021\\\/11\\\/256808643_3043725179232330_8198739774233744848_n-e1637264519572.jpg\",\"width\":640,\"height\":481},{\"@type\":\"BreadcrumbList\",\"@id\":\"https:\\\/\\\/noticiasmercedinas.com\\\/site\\\/2021\\\/11\\\/18\\\/cesar-lalla-expone-en-el-estudio-de-arte-cueto\\\/#breadcrumb\",\"itemListElement\":[{\"@type\":\"ListItem\",\"position\":1,\"name\":\"Portada\",\"item\":\"https:\\\/\\\/noticiasmercedinas.com\\\/site\\\/\"},{\"@type\":\"ListItem\",\"position\":2,\"name\":\"C\u00e9sar Lalla expone en el Estudio de Arte Cueto\"}]},{\"@type\":\"WebSite\",\"@id\":\"https:\\\/\\\/noticiasmercedinas.com\\\/site\\\/#website\",\"url\":\"https:\\\/\\\/noticiasmercedinas.com\\\/site\\\/\",\"name\":\"NOTICIASMERCEDINAS.COM\",\"description\":\"Mercedes, Buenos Aires, Argentina\",\"publisher\":{\"@id\":\"https:\\\/\\\/noticiasmercedinas.com\\\/site\\\/#organization\"},\"potentialAction\":[{\"@type\":\"SearchAction\",\"target\":{\"@type\":\"EntryPoint\",\"urlTemplate\":\"https:\\\/\\\/noticiasmercedinas.com\\\/site\\\/?s={search_term_string}\"},\"query-input\":{\"@type\":\"PropertyValueSpecification\",\"valueRequired\":true,\"valueName\":\"search_term_string\"}}],\"inLanguage\":\"es\"},{\"@type\":\"Organization\",\"@id\":\"https:\\\/\\\/noticiasmercedinas.com\\\/site\\\/#organization\",\"name\":\"NOTICIASMERCEDINAS.COM\",\"url\":\"https:\\\/\\\/noticiasmercedinas.com\\\/site\\\/\",\"logo\":{\"@type\":\"ImageObject\",\"inLanguage\":\"es\",\"@id\":\"https:\\\/\\\/noticiasmercedinas.com\\\/site\\\/#\\\/schema\\\/logo\\\/image\\\/\",\"url\":\"https:\\\/\\\/noticiasmercedinas.com\\\/site\\\/wp-content\\\/uploads\\\/2020\\\/06\\\/LOGO-512.jpg\",\"contentUrl\":\"https:\\\/\\\/noticiasmercedinas.com\\\/site\\\/wp-content\\\/uploads\\\/2020\\\/06\\\/LOGO-512.jpg\",\"width\":512,\"height\":512,\"caption\":\"NOTICIASMERCEDINAS.COM\"},\"image\":{\"@id\":\"https:\\\/\\\/noticiasmercedinas.com\\\/site\\\/#\\\/schema\\\/logo\\\/image\\\/\"},\"sameAs\":[\"https:\\\/\\\/www.facebook.com\\\/noticiasmercedinas\\\/\",\"https:\\\/\\\/x.com\\\/notmercedinas\",\"https:\\\/\\\/www.instagram.com\\\/noticiasmercedinas\\\/\"]},{\"@type\":\"Person\",\"@id\":\"https:\\\/\\\/noticiasmercedinas.com\\\/site\\\/#\\\/schema\\\/person\\\/84b59c099c28ff2e8b77d4ceec5d8063\",\"name\":\"NOTICIASMERCEDINAS.COM\",\"image\":{\"@type\":\"ImageObject\",\"inLanguage\":\"es\",\"@id\":\"https:\\\/\\\/secure.gravatar.com\\\/avatar\\\/4dfbf16b4d17945bfb6341b2d19043457132fcf478a5ee04f42e959fd8f5df0a?s=96&d=mm&r=g\",\"url\":\"https:\\\/\\\/secure.gravatar.com\\\/avatar\\\/4dfbf16b4d17945bfb6341b2d19043457132fcf478a5ee04f42e959fd8f5df0a?s=96&d=mm&r=g\",\"contentUrl\":\"https:\\\/\\\/secure.gravatar.com\\\/avatar\\\/4dfbf16b4d17945bfb6341b2d19043457132fcf478a5ee04f42e959fd8f5df0a?s=96&d=mm&r=g\",\"caption\":\"NOTICIASMERCEDINAS.COM\"},\"url\":\"https:\\\/\\\/noticiasmercedinas.com\\\/site\\\/author\\\/anonimo\\\/\"}]}<\/script>\n<!-- \/ Yoast SEO plugin. -->","yoast_head_json":{"title":"C\u00e9sar Lalla expone en el Estudio de Arte Cueto","robots":{"index":"index","follow":"follow","max-snippet":"max-snippet:-1","max-image-preview":"max-image-preview:large","max-video-preview":"max-video-preview:-1"},"canonical":"https:\/\/noticiasmercedinas.com\/site\/2021\/11\/18\/cesar-lalla-expone-en-el-estudio-de-arte-cueto\/","og_locale":"es_ES","og_type":"article","og_title":"C\u00e9sar Lalla expone en el Estudio de Arte Cueto","og_description":"\u25a0 Se inaugura este viernes de 18 a 21 horas. La exposici\u00f3n, adem\u00e1s, permanecer\u00e1 abierta\u00a0 durante los d\u00edas s\u00e1bado y domingo. Habr\u00e1 trastienda con venta de obras de artistas locales","og_url":"https:\/\/noticiasmercedinas.com\/site\/2021\/11\/18\/cesar-lalla-expone-en-el-estudio-de-arte-cueto\/","og_site_name":"NOTICIASMERCEDINAS.COM","article_publisher":"https:\/\/www.facebook.com\/noticiasmercedinas\/","article_published_time":"2021-11-18T20:02:54+00:00","article_modified_time":"2021-11-18T20:05:56+00:00","og_image":[{"width":640,"height":481,"url":"https:\/\/noticiasmercedinas.com\/site\/wp-content\/uploads\/2021\/11\/256808643_3043725179232330_8198739774233744848_n-e1637264519572.jpg","type":"image\/jpeg"}],"author":"NOTICIASMERCEDINAS.COM","twitter_card":"summary_large_image","twitter_creator":"@notmercedinas","twitter_site":"@notmercedinas","twitter_misc":{"Escrito por":"NOTICIASMERCEDINAS.COM","Tiempo de lectura":"2 minutos"},"schema":{"@context":"https:\/\/schema.org","@graph":[{"@type":"Article","@id":"https:\/\/noticiasmercedinas.com\/site\/2021\/11\/18\/cesar-lalla-expone-en-el-estudio-de-arte-cueto\/#article","isPartOf":{"@id":"https:\/\/noticiasmercedinas.com\/site\/2021\/11\/18\/cesar-lalla-expone-en-el-estudio-de-arte-cueto\/"},"author":{"name":"NOTICIASMERCEDINAS.COM","@id":"https:\/\/noticiasmercedinas.com\/site\/#\/schema\/person\/84b59c099c28ff2e8b77d4ceec5d8063"},"headline":"C\u00e9sar Lalla expone en el Estudio de Arte Cueto","datePublished":"2021-11-18T20:02:54+00:00","dateModified":"2021-11-18T20:05:56+00:00","mainEntityOfPage":{"@id":"https:\/\/noticiasmercedinas.com\/site\/2021\/11\/18\/cesar-lalla-expone-en-el-estudio-de-arte-cueto\/"},"wordCount":165,"commentCount":0,"publisher":{"@id":"https:\/\/noticiasmercedinas.com\/site\/#organization"},"image":{"@id":"https:\/\/noticiasmercedinas.com\/site\/2021\/11\/18\/cesar-lalla-expone-en-el-estudio-de-arte-cueto\/#primaryimage"},"thumbnailUrl":"https:\/\/noticiasmercedinas.com\/site\/wp-content\/uploads\/2021\/11\/256808643_3043725179232330_8198739774233744848_n-e1637264519572.jpg","keywords":["anabel pi\u00f1eiro","Cecilia Martinez","C\u00e9sar Lalla","eliana ramponi","expo","Marcela Cueto","maria eugenia scioli","pablo blasberg","Pablo Russo","paula figoli","pinturas","Taller de Arte Cueto"],"articleSection":["Cultura"],"inLanguage":"es","potentialAction":[{"@type":"CommentAction","name":"Comment","target":["https:\/\/noticiasmercedinas.com\/site\/2021\/11\/18\/cesar-lalla-expone-en-el-estudio-de-arte-cueto\/#respond"]}]},{"@type":"WebPage","@id":"https:\/\/noticiasmercedinas.com\/site\/2021\/11\/18\/cesar-lalla-expone-en-el-estudio-de-arte-cueto\/","url":"https:\/\/noticiasmercedinas.com\/site\/2021\/11\/18\/cesar-lalla-expone-en-el-estudio-de-arte-cueto\/","name":"C\u00e9sar Lalla expone en el Estudio de Arte Cueto","isPartOf":{"@id":"https:\/\/noticiasmercedinas.com\/site\/#website"},"primaryImageOfPage":{"@id":"https:\/\/noticiasmercedinas.com\/site\/2021\/11\/18\/cesar-lalla-expone-en-el-estudio-de-arte-cueto\/#primaryimage"},"image":{"@id":"https:\/\/noticiasmercedinas.com\/site\/2021\/11\/18\/cesar-lalla-expone-en-el-estudio-de-arte-cueto\/#primaryimage"},"thumbnailUrl":"https:\/\/noticiasmercedinas.com\/site\/wp-content\/uploads\/2021\/11\/256808643_3043725179232330_8198739774233744848_n-e1637264519572.jpg","datePublished":"2021-11-18T20:02:54+00:00","dateModified":"2021-11-18T20:05:56+00:00","breadcrumb":{"@id":"https:\/\/noticiasmercedinas.com\/site\/2021\/11\/18\/cesar-lalla-expone-en-el-estudio-de-arte-cueto\/#breadcrumb"},"inLanguage":"es","potentialAction":[{"@type":"ReadAction","target":["https:\/\/noticiasmercedinas.com\/site\/2021\/11\/18\/cesar-lalla-expone-en-el-estudio-de-arte-cueto\/"]}]},{"@type":"ImageObject","inLanguage":"es","@id":"https:\/\/noticiasmercedinas.com\/site\/2021\/11\/18\/cesar-lalla-expone-en-el-estudio-de-arte-cueto\/#primaryimage","url":"https:\/\/noticiasmercedinas.com\/site\/wp-content\/uploads\/2021\/11\/256808643_3043725179232330_8198739774233744848_n-e1637264519572.jpg","contentUrl":"https:\/\/noticiasmercedinas.com\/site\/wp-content\/uploads\/2021\/11\/256808643_3043725179232330_8198739774233744848_n-e1637264519572.jpg","width":640,"height":481},{"@type":"BreadcrumbList","@id":"https:\/\/noticiasmercedinas.com\/site\/2021\/11\/18\/cesar-lalla-expone-en-el-estudio-de-arte-cueto\/#breadcrumb","itemListElement":[{"@type":"ListItem","position":1,"name":"Portada","item":"https:\/\/noticiasmercedinas.com\/site\/"},{"@type":"ListItem","position":2,"name":"C\u00e9sar Lalla expone en el Estudio de Arte Cueto"}]},{"@type":"WebSite","@id":"https:\/\/noticiasmercedinas.com\/site\/#website","url":"https:\/\/noticiasmercedinas.com\/site\/","name":"NOTICIASMERCEDINAS.COM","description":"Mercedes, Buenos Aires, Argentina","publisher":{"@id":"https:\/\/noticiasmercedinas.com\/site\/#organization"},"potentialAction":[{"@type":"SearchAction","target":{"@type":"EntryPoint","urlTemplate":"https:\/\/noticiasmercedinas.com\/site\/?s={search_term_string}"},"query-input":{"@type":"PropertyValueSpecification","valueRequired":true,"valueName":"search_term_string"}}],"inLanguage":"es"},{"@type":"Organization","@id":"https:\/\/noticiasmercedinas.com\/site\/#organization","name":"NOTICIASMERCEDINAS.COM","url":"https:\/\/noticiasmercedinas.com\/site\/","logo":{"@type":"ImageObject","inLanguage":"es","@id":"https:\/\/noticiasmercedinas.com\/site\/#\/schema\/logo\/image\/","url":"https:\/\/noticiasmercedinas.com\/site\/wp-content\/uploads\/2020\/06\/LOGO-512.jpg","contentUrl":"https:\/\/noticiasmercedinas.com\/site\/wp-content\/uploads\/2020\/06\/LOGO-512.jpg","width":512,"height":512,"caption":"NOTICIASMERCEDINAS.COM"},"image":{"@id":"https:\/\/noticiasmercedinas.com\/site\/#\/schema\/logo\/image\/"},"sameAs":["https:\/\/www.facebook.com\/noticiasmercedinas\/","https:\/\/x.com\/notmercedinas","https:\/\/www.instagram.com\/noticiasmercedinas\/"]},{"@type":"Person","@id":"https:\/\/noticiasmercedinas.com\/site\/#\/schema\/person\/84b59c099c28ff2e8b77d4ceec5d8063","name":"NOTICIASMERCEDINAS.COM","image":{"@type":"ImageObject","inLanguage":"es","@id":"https:\/\/secure.gravatar.com\/avatar\/4dfbf16b4d17945bfb6341b2d19043457132fcf478a5ee04f42e959fd8f5df0a?s=96&d=mm&r=g","url":"https:\/\/secure.gravatar.com\/avatar\/4dfbf16b4d17945bfb6341b2d19043457132fcf478a5ee04f42e959fd8f5df0a?s=96&d=mm&r=g","contentUrl":"https:\/\/secure.gravatar.com\/avatar\/4dfbf16b4d17945bfb6341b2d19043457132fcf478a5ee04f42e959fd8f5df0a?s=96&d=mm&r=g","caption":"NOTICIASMERCEDINAS.COM"},"url":"https:\/\/noticiasmercedinas.com\/site\/author\/anonimo\/"}]}},"amp_enabled":true,"_links":{"self":[{"href":"https:\/\/noticiasmercedinas.com\/site\/wp-json\/wp\/v2\/posts\/79714","targetHints":{"allow":["GET"]}}],"collection":[{"href":"https:\/\/noticiasmercedinas.com\/site\/wp-json\/wp\/v2\/posts"}],"about":[{"href":"https:\/\/noticiasmercedinas.com\/site\/wp-json\/wp\/v2\/types\/post"}],"author":[{"embeddable":true,"href":"https:\/\/noticiasmercedinas.com\/site\/wp-json\/wp\/v2\/users\/16"}],"replies":[{"embeddable":true,"href":"https:\/\/noticiasmercedinas.com\/site\/wp-json\/wp\/v2\/comments?post=79714"}],"version-history":[{"count":3,"href":"https:\/\/noticiasmercedinas.com\/site\/wp-json\/wp\/v2\/posts\/79714\/revisions"}],"predecessor-version":[{"id":79720,"href":"https:\/\/noticiasmercedinas.com\/site\/wp-json\/wp\/v2\/posts\/79714\/revisions\/79720"}],"wp:featuredmedia":[{"embeddable":true,"href":"https:\/\/noticiasmercedinas.com\/site\/wp-json\/wp\/v2\/media\/79715"}],"wp:attachment":[{"href":"https:\/\/noticiasmercedinas.com\/site\/wp-json\/wp\/v2\/media?parent=79714"}],"wp:term":[{"taxonomy":"category","embeddable":true,"href":"https:\/\/noticiasmercedinas.com\/site\/wp-json\/wp\/v2\/categories?post=79714"},{"taxonomy":"post_tag","embeddable":true,"href":"https:\/\/noticiasmercedinas.com\/site\/wp-json\/wp\/v2\/tags?post=79714"}],"curies":[{"name":"wp","href":"https:\/\/api.w.org\/{rel}","templated":true}]}}