{"id":79999,"date":"2021-11-22T08:51:08","date_gmt":"2021-11-22T11:51:08","guid":{"rendered":"https:\/\/noticiasmercedinas.com\/site\/?p=79999"},"modified":"2021-11-22T08:51:08","modified_gmt":"2021-11-22T11:51:08","slug":"alejandro-russo-vivio-su-primer-certamen-internacional","status":"publish","type":"post","link":"https:\/\/noticiasmercedinas.com\/site\/2021\/11\/22\/alejandro-russo-vivio-su-primer-certamen-internacional\/","title":{"rendered":"Alejandro Russo vivi\u00f3 su primer certamen internacional"},"content":{"rendered":"<figure id=\"attachment_80000\" aria-describedby=\"caption-attachment-80000\" style=\"width: 640px\" class=\"wp-caption alignnone\"><img loading=\"lazy\" decoding=\"async\" class=\"wp-image-80000 size-full\" src=\"https:\/\/noticiasmercedinas.com\/site\/wp-content\/uploads\/2021\/11\/russo.jpg\" alt=\"\" width=\"640\" height=\"523\" srcset=\"https:\/\/noticiasmercedinas.com\/site\/wp-content\/uploads\/2021\/11\/russo.jpg 640w, https:\/\/noticiasmercedinas.com\/site\/wp-content\/uploads\/2021\/11\/russo-300x245.jpg 300w\" sizes=\"auto, (max-width: 640px) 100vw, 640px\" \/><figcaption id=\"caption-attachment-80000\" class=\"wp-caption-text\">Alejandro Russo.<\/figcaption><\/figure>\n<p>Desde el viernes 19 al domingo 21 el representante de la Escuela Municipal de tenis de mesa, el mercedino Alejandro Russo, ha intervenido de la Copa Tango de Tenis de Mesa Adptado. Un torneo de rango internacional llevado adelante en el CENARD de la ciudad de Buenos Aires. Reuniendo en la oportunidad a jugadores del Jap\u00f3n, Chile, Rep\u00fablica Checa y buena cantidad de pa\u00edses latinoamericanos.<\/p>\n<p>En medio de la pandemia, otras ediciones han tenido europeos, asi\u00e1ticos y hasta africanos como otros americanos. Por primera vez, Russo fue parte de la Selecci\u00f3n Argentina en la Clase 10 junto a otros 2 jugadores, cosechando puntos para la ITTF. Estando en la organizaci\u00f3n de todo estuvo a cargo de la Federaci\u00f3n Argentina de Tenis de Mesa Adaptado.<\/p>\n<p>En cuanto a encuentros, el viernes jug\u00f3 dos partidos, otros dos el s\u00e1bado ya por equipos uno m\u00e1s el domingo. Buscando a partir de esta experiencia otro certamen en el 2022 que ser\u00eda fuera de la Argentina. Junto a sus compa\u00f1eros de la Argentina Alejandro Russo logr\u00f3 el tercer puesto en Clase 10, ganando la serie 2-0 al combinado de Canad\u00e1-Ecuador.<\/p>\n<p>En la modalidad individual Russo qued\u00f3 eliminado en fase de grupos, cayendo ante el argentino Dar\u00edo Neira 3-0 y luego contra el representante de Brasil 3-0, que es el \u00faltimo Campe\u00f3n Sudamericano. Luego, el argentino Neira y el brasile\u00f1o Massad terminar\u00eda 3-2 en la final.<br \/>\n<img loading=\"lazy\" decoding=\"async\" class=\"alignnone size-full wp-image-80001\" src=\"https:\/\/noticiasmercedinas.com\/site\/wp-content\/uploads\/2021\/11\/russo1.jpg\" alt=\"\" width=\"640\" height=\"296\" srcset=\"https:\/\/noticiasmercedinas.com\/site\/wp-content\/uploads\/2021\/11\/russo1.jpg 640w, https:\/\/noticiasmercedinas.com\/site\/wp-content\/uploads\/2021\/11\/russo1-300x139.jpg 300w\" sizes=\"auto, (max-width: 640px) 100vw, 640px\" \/><\/p>\n","protected":false},"excerpt":{"rendered":"<p>\u25a0 En el tenis de mesa adaptado fue parte de la Selecci\u00f3n Argentina en la Copa Tango. En la modalidad por equipo fue tercero mientras que tambi\u00e9n jug\u00f3 de manera individual. La cita tuvo a jugadores de distintas latitudes. <\/p>\n","protected":false},"author":6,"featured_media":80000,"comment_status":"open","ping_status":"open","sticky":false,"template":"","format":"standard","meta":{"footnotes":""},"categories":[5],"tags":[8629,13334,11393,111],"class_list":["post-79999","post","type-post","status-publish","format-standard","has-post-thumbnail","hentry","category-deportes","tag-alejandro-russo","tag-copa-tango","tag-escuela-municipal-de-tenis-de-mesa","tag-tenis-de-mesa"],"yoast_head":"<!-- This site is optimized with the Yoast SEO plugin v27.4 - https:\/\/yoast.com\/product\/yoast-seo-wordpress\/ -->\n<title>Alejandro Russo vivi\u00f3 su primer certamen internacional<\/title>\n<meta name=\"robots\" content=\"index, follow, max-snippet:-1, max-image-preview:large, max-video-preview:-1\" \/>\n<link rel=\"canonical\" href=\"https:\/\/noticiasmercedinas.com\/site\/2021\/11\/22\/alejandro-russo-vivio-su-primer-certamen-internacional\/\" \/>\n<meta property=\"og:locale\" content=\"es_ES\" \/>\n<meta property=\"og:type\" content=\"article\" \/>\n<meta property=\"og:title\" content=\"Alejandro Russo vivi\u00f3 su primer certamen internacional\" \/>\n<meta property=\"og:description\" content=\"\u25a0 En el tenis de mesa adaptado fue parte de la Selecci\u00f3n Argentina en la Copa Tango. En la modalidad por equipo fue tercero mientras que tambi\u00e9n jug\u00f3 de manera individual. La cita tuvo a jugadores de distintas latitudes.\" \/>\n<meta property=\"og:url\" content=\"https:\/\/noticiasmercedinas.com\/site\/2021\/11\/22\/alejandro-russo-vivio-su-primer-certamen-internacional\/\" \/>\n<meta property=\"og:site_name\" content=\"NOTICIASMERCEDINAS.COM\" \/>\n<meta property=\"article:publisher\" content=\"https:\/\/www.facebook.com\/noticiasmercedinas\/\" \/>\n<meta property=\"article:published_time\" content=\"2021-11-22T11:51:08+00:00\" \/>\n<meta property=\"og:image\" content=\"https:\/\/noticiasmercedinas.com\/site\/wp-content\/uploads\/2021\/11\/russo.jpg\" \/>\n\t<meta property=\"og:image:width\" content=\"640\" \/>\n\t<meta property=\"og:image:height\" content=\"523\" \/>\n\t<meta property=\"og:image:type\" content=\"image\/jpeg\" \/>\n<meta name=\"author\" content=\"Juan Dagnino NOTICIASMERCEDINAS.COM\" \/>\n<meta name=\"twitter:card\" content=\"summary_large_image\" \/>\n<meta name=\"twitter:creator\" content=\"@notmercedinas\" \/>\n<meta name=\"twitter:site\" content=\"@notmercedinas\" \/>\n<meta name=\"twitter:label1\" content=\"Escrito por\" \/>\n\t<meta name=\"twitter:data1\" content=\"Juan Dagnino NOTICIASMERCEDINAS.COM\" \/>\n\t<meta name=\"twitter:label2\" content=\"Tiempo de lectura\" \/>\n\t<meta name=\"twitter:data2\" content=\"1 minuto\" \/>\n<script type=\"application\/ld+json\" class=\"yoast-schema-graph\">{\"@context\":\"https:\\\/\\\/schema.org\",\"@graph\":[{\"@type\":\"Article\",\"@id\":\"https:\\\/\\\/noticiasmercedinas.com\\\/site\\\/2021\\\/11\\\/22\\\/alejandro-russo-vivio-su-primer-certamen-internacional\\\/#article\",\"isPartOf\":{\"@id\":\"https:\\\/\\\/noticiasmercedinas.com\\\/site\\\/2021\\\/11\\\/22\\\/alejandro-russo-vivio-su-primer-certamen-internacional\\\/\"},\"author\":{\"name\":\"Juan Dagnino NOTICIASMERCEDINAS.COM\",\"@id\":\"https:\\\/\\\/noticiasmercedinas.com\\\/site\\\/#\\\/schema\\\/person\\\/8f2f09d666ef40986eba4a5e6f2a06f9\"},\"headline\":\"Alejandro Russo vivi\u00f3 su primer certamen internacional\",\"datePublished\":\"2021-11-22T11:51:08+00:00\",\"mainEntityOfPage\":{\"@id\":\"https:\\\/\\\/noticiasmercedinas.com\\\/site\\\/2021\\\/11\\\/22\\\/alejandro-russo-vivio-su-primer-certamen-internacional\\\/\"},\"wordCount\":256,\"commentCount\":0,\"publisher\":{\"@id\":\"https:\\\/\\\/noticiasmercedinas.com\\\/site\\\/#organization\"},\"image\":{\"@id\":\"https:\\\/\\\/noticiasmercedinas.com\\\/site\\\/2021\\\/11\\\/22\\\/alejandro-russo-vivio-su-primer-certamen-internacional\\\/#primaryimage\"},\"thumbnailUrl\":\"https:\\\/\\\/noticiasmercedinas.com\\\/site\\\/wp-content\\\/uploads\\\/2021\\\/11\\\/russo.jpg\",\"keywords\":[\"Alejandro Russo\",\"copa tango\",\"EScuela Municipal de tenis de mesa\",\"tenis de mesa\"],\"articleSection\":[\"Deportes\"],\"inLanguage\":\"es\",\"potentialAction\":[{\"@type\":\"CommentAction\",\"name\":\"Comment\",\"target\":[\"https:\\\/\\\/noticiasmercedinas.com\\\/site\\\/2021\\\/11\\\/22\\\/alejandro-russo-vivio-su-primer-certamen-internacional\\\/#respond\"]}]},{\"@type\":\"WebPage\",\"@id\":\"https:\\\/\\\/noticiasmercedinas.com\\\/site\\\/2021\\\/11\\\/22\\\/alejandro-russo-vivio-su-primer-certamen-internacional\\\/\",\"url\":\"https:\\\/\\\/noticiasmercedinas.com\\\/site\\\/2021\\\/11\\\/22\\\/alejandro-russo-vivio-su-primer-certamen-internacional\\\/\",\"name\":\"Alejandro Russo vivi\u00f3 su primer certamen internacional\",\"isPartOf\":{\"@id\":\"https:\\\/\\\/noticiasmercedinas.com\\\/site\\\/#website\"},\"primaryImageOfPage\":{\"@id\":\"https:\\\/\\\/noticiasmercedinas.com\\\/site\\\/2021\\\/11\\\/22\\\/alejandro-russo-vivio-su-primer-certamen-internacional\\\/#primaryimage\"},\"image\":{\"@id\":\"https:\\\/\\\/noticiasmercedinas.com\\\/site\\\/2021\\\/11\\\/22\\\/alejandro-russo-vivio-su-primer-certamen-internacional\\\/#primaryimage\"},\"thumbnailUrl\":\"https:\\\/\\\/noticiasmercedinas.com\\\/site\\\/wp-content\\\/uploads\\\/2021\\\/11\\\/russo.jpg\",\"datePublished\":\"2021-11-22T11:51:08+00:00\",\"breadcrumb\":{\"@id\":\"https:\\\/\\\/noticiasmercedinas.com\\\/site\\\/2021\\\/11\\\/22\\\/alejandro-russo-vivio-su-primer-certamen-internacional\\\/#breadcrumb\"},\"inLanguage\":\"es\",\"potentialAction\":[{\"@type\":\"ReadAction\",\"target\":[\"https:\\\/\\\/noticiasmercedinas.com\\\/site\\\/2021\\\/11\\\/22\\\/alejandro-russo-vivio-su-primer-certamen-internacional\\\/\"]}]},{\"@type\":\"ImageObject\",\"inLanguage\":\"es\",\"@id\":\"https:\\\/\\\/noticiasmercedinas.com\\\/site\\\/2021\\\/11\\\/22\\\/alejandro-russo-vivio-su-primer-certamen-internacional\\\/#primaryimage\",\"url\":\"https:\\\/\\\/noticiasmercedinas.com\\\/site\\\/wp-content\\\/uploads\\\/2021\\\/11\\\/russo.jpg\",\"contentUrl\":\"https:\\\/\\\/noticiasmercedinas.com\\\/site\\\/wp-content\\\/uploads\\\/2021\\\/11\\\/russo.jpg\",\"width\":640,\"height\":523},{\"@type\":\"BreadcrumbList\",\"@id\":\"https:\\\/\\\/noticiasmercedinas.com\\\/site\\\/2021\\\/11\\\/22\\\/alejandro-russo-vivio-su-primer-certamen-internacional\\\/#breadcrumb\",\"itemListElement\":[{\"@type\":\"ListItem\",\"position\":1,\"name\":\"Portada\",\"item\":\"https:\\\/\\\/noticiasmercedinas.com\\\/site\\\/\"},{\"@type\":\"ListItem\",\"position\":2,\"name\":\"Alejandro Russo vivi\u00f3 su primer certamen internacional\"}]},{\"@type\":\"WebSite\",\"@id\":\"https:\\\/\\\/noticiasmercedinas.com\\\/site\\\/#website\",\"url\":\"https:\\\/\\\/noticiasmercedinas.com\\\/site\\\/\",\"name\":\"NOTICIASMERCEDINAS.COM\",\"description\":\"Mercedes, Buenos Aires, Argentina\",\"publisher\":{\"@id\":\"https:\\\/\\\/noticiasmercedinas.com\\\/site\\\/#organization\"},\"potentialAction\":[{\"@type\":\"SearchAction\",\"target\":{\"@type\":\"EntryPoint\",\"urlTemplate\":\"https:\\\/\\\/noticiasmercedinas.com\\\/site\\\/?s={search_term_string}\"},\"query-input\":{\"@type\":\"PropertyValueSpecification\",\"valueRequired\":true,\"valueName\":\"search_term_string\"}}],\"inLanguage\":\"es\"},{\"@type\":\"Organization\",\"@id\":\"https:\\\/\\\/noticiasmercedinas.com\\\/site\\\/#organization\",\"name\":\"NOTICIASMERCEDINAS.COM\",\"url\":\"https:\\\/\\\/noticiasmercedinas.com\\\/site\\\/\",\"logo\":{\"@type\":\"ImageObject\",\"inLanguage\":\"es\",\"@id\":\"https:\\\/\\\/noticiasmercedinas.com\\\/site\\\/#\\\/schema\\\/logo\\\/image\\\/\",\"url\":\"https:\\\/\\\/noticiasmercedinas.com\\\/site\\\/wp-content\\\/uploads\\\/2020\\\/06\\\/LOGO-512.jpg\",\"contentUrl\":\"https:\\\/\\\/noticiasmercedinas.com\\\/site\\\/wp-content\\\/uploads\\\/2020\\\/06\\\/LOGO-512.jpg\",\"width\":512,\"height\":512,\"caption\":\"NOTICIASMERCEDINAS.COM\"},\"image\":{\"@id\":\"https:\\\/\\\/noticiasmercedinas.com\\\/site\\\/#\\\/schema\\\/logo\\\/image\\\/\"},\"sameAs\":[\"https:\\\/\\\/www.facebook.com\\\/noticiasmercedinas\\\/\",\"https:\\\/\\\/x.com\\\/notmercedinas\",\"https:\\\/\\\/www.instagram.com\\\/noticiasmercedinas\\\/\"]},{\"@type\":\"Person\",\"@id\":\"https:\\\/\\\/noticiasmercedinas.com\\\/site\\\/#\\\/schema\\\/person\\\/8f2f09d666ef40986eba4a5e6f2a06f9\",\"name\":\"Juan Dagnino NOTICIASMERCEDINAS.COM\",\"image\":{\"@type\":\"ImageObject\",\"inLanguage\":\"es\",\"@id\":\"https:\\\/\\\/secure.gravatar.com\\\/avatar\\\/fc7059a769f5a3cae65fadb228a3e4accf3a64b4b2305020d0a27e6d5333c91b?s=96&d=mm&r=g\",\"url\":\"https:\\\/\\\/secure.gravatar.com\\\/avatar\\\/fc7059a769f5a3cae65fadb228a3e4accf3a64b4b2305020d0a27e6d5333c91b?s=96&d=mm&r=g\",\"contentUrl\":\"https:\\\/\\\/secure.gravatar.com\\\/avatar\\\/fc7059a769f5a3cae65fadb228a3e4accf3a64b4b2305020d0a27e6d5333c91b?s=96&d=mm&r=g\",\"caption\":\"Juan Dagnino NOTICIASMERCEDINAS.COM\"},\"url\":\"https:\\\/\\\/noticiasmercedinas.com\\\/site\\\/author\\\/juandagnino\\\/\"}]}<\/script>\n<!-- \/ Yoast SEO plugin. -->","yoast_head_json":{"title":"Alejandro Russo vivi\u00f3 su primer certamen internacional","robots":{"index":"index","follow":"follow","max-snippet":"max-snippet:-1","max-image-preview":"max-image-preview:large","max-video-preview":"max-video-preview:-1"},"canonical":"https:\/\/noticiasmercedinas.com\/site\/2021\/11\/22\/alejandro-russo-vivio-su-primer-certamen-internacional\/","og_locale":"es_ES","og_type":"article","og_title":"Alejandro Russo vivi\u00f3 su primer certamen internacional","og_description":"\u25a0 En el tenis de mesa adaptado fue parte de la Selecci\u00f3n Argentina en la Copa Tango. En la modalidad por equipo fue tercero mientras que tambi\u00e9n jug\u00f3 de manera individual. La cita tuvo a jugadores de distintas latitudes.","og_url":"https:\/\/noticiasmercedinas.com\/site\/2021\/11\/22\/alejandro-russo-vivio-su-primer-certamen-internacional\/","og_site_name":"NOTICIASMERCEDINAS.COM","article_publisher":"https:\/\/www.facebook.com\/noticiasmercedinas\/","article_published_time":"2021-11-22T11:51:08+00:00","og_image":[{"width":640,"height":523,"url":"https:\/\/noticiasmercedinas.com\/site\/wp-content\/uploads\/2021\/11\/russo.jpg","type":"image\/jpeg"}],"author":"Juan Dagnino NOTICIASMERCEDINAS.COM","twitter_card":"summary_large_image","twitter_creator":"@notmercedinas","twitter_site":"@notmercedinas","twitter_misc":{"Escrito por":"Juan Dagnino NOTICIASMERCEDINAS.COM","Tiempo de lectura":"1 minuto"},"schema":{"@context":"https:\/\/schema.org","@graph":[{"@type":"Article","@id":"https:\/\/noticiasmercedinas.com\/site\/2021\/11\/22\/alejandro-russo-vivio-su-primer-certamen-internacional\/#article","isPartOf":{"@id":"https:\/\/noticiasmercedinas.com\/site\/2021\/11\/22\/alejandro-russo-vivio-su-primer-certamen-internacional\/"},"author":{"name":"Juan Dagnino NOTICIASMERCEDINAS.COM","@id":"https:\/\/noticiasmercedinas.com\/site\/#\/schema\/person\/8f2f09d666ef40986eba4a5e6f2a06f9"},"headline":"Alejandro Russo vivi\u00f3 su primer certamen internacional","datePublished":"2021-11-22T11:51:08+00:00","mainEntityOfPage":{"@id":"https:\/\/noticiasmercedinas.com\/site\/2021\/11\/22\/alejandro-russo-vivio-su-primer-certamen-internacional\/"},"wordCount":256,"commentCount":0,"publisher":{"@id":"https:\/\/noticiasmercedinas.com\/site\/#organization"},"image":{"@id":"https:\/\/noticiasmercedinas.com\/site\/2021\/11\/22\/alejandro-russo-vivio-su-primer-certamen-internacional\/#primaryimage"},"thumbnailUrl":"https:\/\/noticiasmercedinas.com\/site\/wp-content\/uploads\/2021\/11\/russo.jpg","keywords":["Alejandro Russo","copa tango","EScuela Municipal de tenis de mesa","tenis de mesa"],"articleSection":["Deportes"],"inLanguage":"es","potentialAction":[{"@type":"CommentAction","name":"Comment","target":["https:\/\/noticiasmercedinas.com\/site\/2021\/11\/22\/alejandro-russo-vivio-su-primer-certamen-internacional\/#respond"]}]},{"@type":"WebPage","@id":"https:\/\/noticiasmercedinas.com\/site\/2021\/11\/22\/alejandro-russo-vivio-su-primer-certamen-internacional\/","url":"https:\/\/noticiasmercedinas.com\/site\/2021\/11\/22\/alejandro-russo-vivio-su-primer-certamen-internacional\/","name":"Alejandro Russo vivi\u00f3 su primer certamen internacional","isPartOf":{"@id":"https:\/\/noticiasmercedinas.com\/site\/#website"},"primaryImageOfPage":{"@id":"https:\/\/noticiasmercedinas.com\/site\/2021\/11\/22\/alejandro-russo-vivio-su-primer-certamen-internacional\/#primaryimage"},"image":{"@id":"https:\/\/noticiasmercedinas.com\/site\/2021\/11\/22\/alejandro-russo-vivio-su-primer-certamen-internacional\/#primaryimage"},"thumbnailUrl":"https:\/\/noticiasmercedinas.com\/site\/wp-content\/uploads\/2021\/11\/russo.jpg","datePublished":"2021-11-22T11:51:08+00:00","breadcrumb":{"@id":"https:\/\/noticiasmercedinas.com\/site\/2021\/11\/22\/alejandro-russo-vivio-su-primer-certamen-internacional\/#breadcrumb"},"inLanguage":"es","potentialAction":[{"@type":"ReadAction","target":["https:\/\/noticiasmercedinas.com\/site\/2021\/11\/22\/alejandro-russo-vivio-su-primer-certamen-internacional\/"]}]},{"@type":"ImageObject","inLanguage":"es","@id":"https:\/\/noticiasmercedinas.com\/site\/2021\/11\/22\/alejandro-russo-vivio-su-primer-certamen-internacional\/#primaryimage","url":"https:\/\/noticiasmercedinas.com\/site\/wp-content\/uploads\/2021\/11\/russo.jpg","contentUrl":"https:\/\/noticiasmercedinas.com\/site\/wp-content\/uploads\/2021\/11\/russo.jpg","width":640,"height":523},{"@type":"BreadcrumbList","@id":"https:\/\/noticiasmercedinas.com\/site\/2021\/11\/22\/alejandro-russo-vivio-su-primer-certamen-internacional\/#breadcrumb","itemListElement":[{"@type":"ListItem","position":1,"name":"Portada","item":"https:\/\/noticiasmercedinas.com\/site\/"},{"@type":"ListItem","position":2,"name":"Alejandro Russo vivi\u00f3 su primer certamen internacional"}]},{"@type":"WebSite","@id":"https:\/\/noticiasmercedinas.com\/site\/#website","url":"https:\/\/noticiasmercedinas.com\/site\/","name":"NOTICIASMERCEDINAS.COM","description":"Mercedes, Buenos Aires, Argentina","publisher":{"@id":"https:\/\/noticiasmercedinas.com\/site\/#organization"},"potentialAction":[{"@type":"SearchAction","target":{"@type":"EntryPoint","urlTemplate":"https:\/\/noticiasmercedinas.com\/site\/?s={search_term_string}"},"query-input":{"@type":"PropertyValueSpecification","valueRequired":true,"valueName":"search_term_string"}}],"inLanguage":"es"},{"@type":"Organization","@id":"https:\/\/noticiasmercedinas.com\/site\/#organization","name":"NOTICIASMERCEDINAS.COM","url":"https:\/\/noticiasmercedinas.com\/site\/","logo":{"@type":"ImageObject","inLanguage":"es","@id":"https:\/\/noticiasmercedinas.com\/site\/#\/schema\/logo\/image\/","url":"https:\/\/noticiasmercedinas.com\/site\/wp-content\/uploads\/2020\/06\/LOGO-512.jpg","contentUrl":"https:\/\/noticiasmercedinas.com\/site\/wp-content\/uploads\/2020\/06\/LOGO-512.jpg","width":512,"height":512,"caption":"NOTICIASMERCEDINAS.COM"},"image":{"@id":"https:\/\/noticiasmercedinas.com\/site\/#\/schema\/logo\/image\/"},"sameAs":["https:\/\/www.facebook.com\/noticiasmercedinas\/","https:\/\/x.com\/notmercedinas","https:\/\/www.instagram.com\/noticiasmercedinas\/"]},{"@type":"Person","@id":"https:\/\/noticiasmercedinas.com\/site\/#\/schema\/person\/8f2f09d666ef40986eba4a5e6f2a06f9","name":"Juan Dagnino NOTICIASMERCEDINAS.COM","image":{"@type":"ImageObject","inLanguage":"es","@id":"https:\/\/secure.gravatar.com\/avatar\/fc7059a769f5a3cae65fadb228a3e4accf3a64b4b2305020d0a27e6d5333c91b?s=96&d=mm&r=g","url":"https:\/\/secure.gravatar.com\/avatar\/fc7059a769f5a3cae65fadb228a3e4accf3a64b4b2305020d0a27e6d5333c91b?s=96&d=mm&r=g","contentUrl":"https:\/\/secure.gravatar.com\/avatar\/fc7059a769f5a3cae65fadb228a3e4accf3a64b4b2305020d0a27e6d5333c91b?s=96&d=mm&r=g","caption":"Juan Dagnino NOTICIASMERCEDINAS.COM"},"url":"https:\/\/noticiasmercedinas.com\/site\/author\/juandagnino\/"}]}},"amp_enabled":true,"_links":{"self":[{"href":"https:\/\/noticiasmercedinas.com\/site\/wp-json\/wp\/v2\/posts\/79999","targetHints":{"allow":["GET"]}}],"collection":[{"href":"https:\/\/noticiasmercedinas.com\/site\/wp-json\/wp\/v2\/posts"}],"about":[{"href":"https:\/\/noticiasmercedinas.com\/site\/wp-json\/wp\/v2\/types\/post"}],"author":[{"embeddable":true,"href":"https:\/\/noticiasmercedinas.com\/site\/wp-json\/wp\/v2\/users\/6"}],"replies":[{"embeddable":true,"href":"https:\/\/noticiasmercedinas.com\/site\/wp-json\/wp\/v2\/comments?post=79999"}],"version-history":[{"count":1,"href":"https:\/\/noticiasmercedinas.com\/site\/wp-json\/wp\/v2\/posts\/79999\/revisions"}],"predecessor-version":[{"id":80002,"href":"https:\/\/noticiasmercedinas.com\/site\/wp-json\/wp\/v2\/posts\/79999\/revisions\/80002"}],"wp:featuredmedia":[{"embeddable":true,"href":"https:\/\/noticiasmercedinas.com\/site\/wp-json\/wp\/v2\/media\/80000"}],"wp:attachment":[{"href":"https:\/\/noticiasmercedinas.com\/site\/wp-json\/wp\/v2\/media?parent=79999"}],"wp:term":[{"taxonomy":"category","embeddable":true,"href":"https:\/\/noticiasmercedinas.com\/site\/wp-json\/wp\/v2\/categories?post=79999"},{"taxonomy":"post_tag","embeddable":true,"href":"https:\/\/noticiasmercedinas.com\/site\/wp-json\/wp\/v2\/tags?post=79999"}],"curies":[{"name":"wp","href":"https:\/\/api.w.org\/{rel}","templated":true}]}}