{"id":80504,"date":"2021-11-30T08:55:09","date_gmt":"2021-11-30T11:55:09","guid":{"rendered":"https:\/\/noticiasmercedinas.com\/site\/?p=80504"},"modified":"2021-11-30T08:55:09","modified_gmt":"2021-11-30T11:55:09","slug":"evangelina-artaza-vocal-titular-en-el-consejo-directivo-de-la-fesimubo","status":"publish","type":"post","link":"https:\/\/noticiasmercedinas.com\/site\/2021\/11\/30\/evangelina-artaza-vocal-titular-en-el-consejo-directivo-de-la-fesimubo\/","title":{"rendered":"Evangelina Artaza, vocal titular en el Consejo Directivo de la FESIMUBO"},"content":{"rendered":"<p><img loading=\"lazy\" decoding=\"async\" class=\"alignnone size-large wp-image-80505\" src=\"https:\/\/noticiasmercedinas.com\/site\/wp-content\/uploads\/2021\/11\/wp-16382725008341503468845-1024x869.png\" alt=\"\" width=\"640\" height=\"543\" srcset=\"https:\/\/noticiasmercedinas.com\/site\/wp-content\/uploads\/2021\/11\/wp-16382725008341503468845-1024x869.png 1024w, https:\/\/noticiasmercedinas.com\/site\/wp-content\/uploads\/2021\/11\/wp-16382725008341503468845-300x254.png 300w, https:\/\/noticiasmercedinas.com\/site\/wp-content\/uploads\/2021\/11\/wp-16382725008341503468845-768x651.png 768w, https:\/\/noticiasmercedinas.com\/site\/wp-content\/uploads\/2021\/11\/wp-16382725008341503468845-640x543.png 640w, https:\/\/noticiasmercedinas.com\/site\/wp-content\/uploads\/2021\/11\/wp-16382725008341503468845-681x578.png 681w, https:\/\/noticiasmercedinas.com\/site\/wp-content\/uploads\/2021\/11\/wp-16382725008341503468845.png 1080w\" sizes=\"auto, (max-width: 640px) 100vw, 640px\" \/><\/p>\n<p><strong>Evangelina Artaza<\/strong> fue confirmada como vocal titular en el Consejo Directivo de la Federaci\u00f3n de Sindicatos Municipales Bonaerenses (FESIMUBO).<\/p>\n<p>Fue con un acto formal que se realiz\u00f3 en la ciudad de Avellaneda con la presencia de <strong>Ruben \u00abCholo\u00bb Garc\u00eda<\/strong>, que es secretario del Consejo Directivo de la FESIMUBO y de la CTM (Confederaci\u00f3n de Trabajadores Municipales).<\/p>\n<p>Artaza aclar\u00f3 que su participaci\u00f3n como la de cualquier afiliado es libre en este consejo directivo. \u00abNo hace falta estar en una comisi\u00f3n directiva sindical, y solo ser afiliado a la FESIMUBO alcanza\u00bb, destac\u00f3.<\/p>\n<p>\u00abEstoy feliz y no me esperaba esto, quedo a la espera de varias propuestas que me hicieron para integrar alguna subsecretar\u00eda en lo inmediato\u00bb, agreg\u00f3.<\/p>\n<p>\u00abVieron mi trabajo, reconocieron lo que vinimos haciendo durante casi tres a\u00f1os y lo agradezco\u00bb, destac\u00f3 quien es coordinadora del Sindicato de Trabajadores Municipales de Mercedes.<\/p>\n<p>\u00abEs un reconocimiento a la militancia gremial, hemos levantado este Sindicato y tenemos ahora una sana administraci\u00f3n que nos beneficia incluso con las negociaciones ante el Ejecutivo\u00bb, dijo Artaza.<\/p>\n","protected":false},"excerpt":{"rendered":"<p>\u25a0 Fue confirmada en un acto formal que se realiz\u00f3 en la ciudad de Avellaneda con la presencia de Ruben \u00abCholo\u00bb Garc\u00eda. \u00abEs un reconocimiento a la militancia gremial\u00bb, destac\u00f3.<\/p>\n","protected":false},"author":2,"featured_media":80505,"comment_status":"open","ping_status":"open","sticky":false,"template":"","format":"standard","meta":{"footnotes":""},"categories":[3],"tags":[7349,4557,4559,1515,1394],"class_list":["post-80504","post","type-post","status-publish","format-standard","has-post-thumbnail","hentry","category-sociedad","tag-evangelina-artaza","tag-fesimubo","tag-ruben-cholo-garcia","tag-sindicato-de-trabajadores-municipales","tag-stmm"],"yoast_head":"<!-- This site is optimized with the Yoast SEO plugin v27.5 - https:\/\/yoast.com\/product\/yoast-seo-wordpress\/ -->\n<title>Evangelina Artaza, vocal titular en el Consejo Directivo de la FESIMUBO<\/title>\n<meta name=\"robots\" content=\"index, follow, max-snippet:-1, max-image-preview:large, max-video-preview:-1\" \/>\n<link rel=\"canonical\" href=\"https:\/\/noticiasmercedinas.com\/site\/2021\/11\/30\/evangelina-artaza-vocal-titular-en-el-consejo-directivo-de-la-fesimubo\/\" \/>\n<meta property=\"og:locale\" content=\"es_ES\" \/>\n<meta property=\"og:type\" content=\"article\" \/>\n<meta property=\"og:title\" content=\"Evangelina Artaza, vocal titular en el Consejo Directivo de la FESIMUBO\" \/>\n<meta property=\"og:description\" content=\"\u25a0 Fue confirmada en un acto formal que se realiz\u00f3 en la ciudad de Avellaneda con la presencia de Ruben &quot;Cholo&quot; Garc\u00eda. &quot;Es un reconocimiento a la militancia gremial&quot;, destac\u00f3.\" \/>\n<meta property=\"og:url\" content=\"https:\/\/noticiasmercedinas.com\/site\/2021\/11\/30\/evangelina-artaza-vocal-titular-en-el-consejo-directivo-de-la-fesimubo\/\" \/>\n<meta property=\"og:site_name\" content=\"NOTICIASMERCEDINAS.COM\" \/>\n<meta property=\"article:publisher\" content=\"https:\/\/www.facebook.com\/noticiasmercedinas\/\" \/>\n<meta property=\"article:author\" content=\"https:\/\/www.facebook.com\/cristian.falabella\" \/>\n<meta property=\"article:published_time\" content=\"2021-11-30T11:55:09+00:00\" \/>\n<meta property=\"og:image\" content=\"https:\/\/noticiasmercedinas.com\/site\/wp-content\/uploads\/2021\/11\/wp-16382725008341503468845.png\" \/>\n\t<meta property=\"og:image:width\" content=\"1080\" \/>\n\t<meta property=\"og:image:height\" content=\"916\" \/>\n\t<meta property=\"og:image:type\" content=\"image\/png\" \/>\n<meta name=\"author\" content=\"Cristian Falabella NOTICIASMERCEDINAS.COM\" \/>\n<meta name=\"twitter:card\" content=\"summary_large_image\" \/>\n<meta name=\"twitter:creator\" content=\"@https:\/\/twitter.com\/NOTMERCEDINAS\" \/>\n<meta name=\"twitter:site\" content=\"@notmercedinas\" \/>\n<meta name=\"twitter:label1\" content=\"Escrito por\" \/>\n\t<meta name=\"twitter:data1\" content=\"Cristian Falabella NOTICIASMERCEDINAS.COM\" \/>\n\t<meta name=\"twitter:label2\" content=\"Tiempo de lectura\" \/>\n\t<meta name=\"twitter:data2\" content=\"1 minuto\" \/>\n<script type=\"application\/ld+json\" class=\"yoast-schema-graph\">{\"@context\":\"https:\\\/\\\/schema.org\",\"@graph\":[{\"@type\":\"Article\",\"@id\":\"https:\\\/\\\/noticiasmercedinas.com\\\/site\\\/2021\\\/11\\\/30\\\/evangelina-artaza-vocal-titular-en-el-consejo-directivo-de-la-fesimubo\\\/#article\",\"isPartOf\":{\"@id\":\"https:\\\/\\\/noticiasmercedinas.com\\\/site\\\/2021\\\/11\\\/30\\\/evangelina-artaza-vocal-titular-en-el-consejo-directivo-de-la-fesimubo\\\/\"},\"author\":{\"name\":\"Cristian Falabella NOTICIASMERCEDINAS.COM\",\"@id\":\"https:\\\/\\\/noticiasmercedinas.com\\\/site\\\/#\\\/schema\\\/person\\\/d481a9696a5feaec13a60e2bbd991a6a\"},\"headline\":\"Evangelina Artaza, vocal titular en el Consejo Directivo de la FESIMUBO\",\"datePublished\":\"2021-11-30T11:55:09+00:00\",\"mainEntityOfPage\":{\"@id\":\"https:\\\/\\\/noticiasmercedinas.com\\\/site\\\/2021\\\/11\\\/30\\\/evangelina-artaza-vocal-titular-en-el-consejo-directivo-de-la-fesimubo\\\/\"},\"wordCount\":189,\"commentCount\":1,\"publisher\":{\"@id\":\"https:\\\/\\\/noticiasmercedinas.com\\\/site\\\/#organization\"},\"image\":{\"@id\":\"https:\\\/\\\/noticiasmercedinas.com\\\/site\\\/2021\\\/11\\\/30\\\/evangelina-artaza-vocal-titular-en-el-consejo-directivo-de-la-fesimubo\\\/#primaryimage\"},\"thumbnailUrl\":\"https:\\\/\\\/noticiasmercedinas.com\\\/site\\\/wp-content\\\/uploads\\\/2021\\\/11\\\/wp-16382725008341503468845.png\",\"keywords\":[\"Evangelina Artaza\",\"fesimubo\",\"Rub\u00e9n \u201cCholo\u201d Garc\u00eda\",\"Sindicato de Trabajadores Municipales\",\"stmm\"],\"articleSection\":[\"Sociedad\"],\"inLanguage\":\"es\",\"potentialAction\":[{\"@type\":\"CommentAction\",\"name\":\"Comment\",\"target\":[\"https:\\\/\\\/noticiasmercedinas.com\\\/site\\\/2021\\\/11\\\/30\\\/evangelina-artaza-vocal-titular-en-el-consejo-directivo-de-la-fesimubo\\\/#respond\"]}]},{\"@type\":\"WebPage\",\"@id\":\"https:\\\/\\\/noticiasmercedinas.com\\\/site\\\/2021\\\/11\\\/30\\\/evangelina-artaza-vocal-titular-en-el-consejo-directivo-de-la-fesimubo\\\/\",\"url\":\"https:\\\/\\\/noticiasmercedinas.com\\\/site\\\/2021\\\/11\\\/30\\\/evangelina-artaza-vocal-titular-en-el-consejo-directivo-de-la-fesimubo\\\/\",\"name\":\"Evangelina Artaza, vocal titular en el Consejo Directivo de la FESIMUBO\",\"isPartOf\":{\"@id\":\"https:\\\/\\\/noticiasmercedinas.com\\\/site\\\/#website\"},\"primaryImageOfPage\":{\"@id\":\"https:\\\/\\\/noticiasmercedinas.com\\\/site\\\/2021\\\/11\\\/30\\\/evangelina-artaza-vocal-titular-en-el-consejo-directivo-de-la-fesimubo\\\/#primaryimage\"},\"image\":{\"@id\":\"https:\\\/\\\/noticiasmercedinas.com\\\/site\\\/2021\\\/11\\\/30\\\/evangelina-artaza-vocal-titular-en-el-consejo-directivo-de-la-fesimubo\\\/#primaryimage\"},\"thumbnailUrl\":\"https:\\\/\\\/noticiasmercedinas.com\\\/site\\\/wp-content\\\/uploads\\\/2021\\\/11\\\/wp-16382725008341503468845.png\",\"datePublished\":\"2021-11-30T11:55:09+00:00\",\"breadcrumb\":{\"@id\":\"https:\\\/\\\/noticiasmercedinas.com\\\/site\\\/2021\\\/11\\\/30\\\/evangelina-artaza-vocal-titular-en-el-consejo-directivo-de-la-fesimubo\\\/#breadcrumb\"},\"inLanguage\":\"es\",\"potentialAction\":[{\"@type\":\"ReadAction\",\"target\":[\"https:\\\/\\\/noticiasmercedinas.com\\\/site\\\/2021\\\/11\\\/30\\\/evangelina-artaza-vocal-titular-en-el-consejo-directivo-de-la-fesimubo\\\/\"]}]},{\"@type\":\"ImageObject\",\"inLanguage\":\"es\",\"@id\":\"https:\\\/\\\/noticiasmercedinas.com\\\/site\\\/2021\\\/11\\\/30\\\/evangelina-artaza-vocal-titular-en-el-consejo-directivo-de-la-fesimubo\\\/#primaryimage\",\"url\":\"https:\\\/\\\/noticiasmercedinas.com\\\/site\\\/wp-content\\\/uploads\\\/2021\\\/11\\\/wp-16382725008341503468845.png\",\"contentUrl\":\"https:\\\/\\\/noticiasmercedinas.com\\\/site\\\/wp-content\\\/uploads\\\/2021\\\/11\\\/wp-16382725008341503468845.png\",\"width\":1080,\"height\":916},{\"@type\":\"BreadcrumbList\",\"@id\":\"https:\\\/\\\/noticiasmercedinas.com\\\/site\\\/2021\\\/11\\\/30\\\/evangelina-artaza-vocal-titular-en-el-consejo-directivo-de-la-fesimubo\\\/#breadcrumb\",\"itemListElement\":[{\"@type\":\"ListItem\",\"position\":1,\"name\":\"Portada\",\"item\":\"https:\\\/\\\/noticiasmercedinas.com\\\/site\\\/\"},{\"@type\":\"ListItem\",\"position\":2,\"name\":\"Evangelina Artaza, vocal titular en el Consejo Directivo de la FESIMUBO\"}]},{\"@type\":\"WebSite\",\"@id\":\"https:\\\/\\\/noticiasmercedinas.com\\\/site\\\/#website\",\"url\":\"https:\\\/\\\/noticiasmercedinas.com\\\/site\\\/\",\"name\":\"NOTICIASMERCEDINAS.COM\",\"description\":\"Mercedes, Buenos Aires, Argentina\",\"publisher\":{\"@id\":\"https:\\\/\\\/noticiasmercedinas.com\\\/site\\\/#organization\"},\"potentialAction\":[{\"@type\":\"SearchAction\",\"target\":{\"@type\":\"EntryPoint\",\"urlTemplate\":\"https:\\\/\\\/noticiasmercedinas.com\\\/site\\\/?s={search_term_string}\"},\"query-input\":{\"@type\":\"PropertyValueSpecification\",\"valueRequired\":true,\"valueName\":\"search_term_string\"}}],\"inLanguage\":\"es\"},{\"@type\":\"Organization\",\"@id\":\"https:\\\/\\\/noticiasmercedinas.com\\\/site\\\/#organization\",\"name\":\"NOTICIASMERCEDINAS.COM\",\"url\":\"https:\\\/\\\/noticiasmercedinas.com\\\/site\\\/\",\"logo\":{\"@type\":\"ImageObject\",\"inLanguage\":\"es\",\"@id\":\"https:\\\/\\\/noticiasmercedinas.com\\\/site\\\/#\\\/schema\\\/logo\\\/image\\\/\",\"url\":\"https:\\\/\\\/noticiasmercedinas.com\\\/site\\\/wp-content\\\/uploads\\\/2020\\\/06\\\/LOGO-512.jpg\",\"contentUrl\":\"https:\\\/\\\/noticiasmercedinas.com\\\/site\\\/wp-content\\\/uploads\\\/2020\\\/06\\\/LOGO-512.jpg\",\"width\":512,\"height\":512,\"caption\":\"NOTICIASMERCEDINAS.COM\"},\"image\":{\"@id\":\"https:\\\/\\\/noticiasmercedinas.com\\\/site\\\/#\\\/schema\\\/logo\\\/image\\\/\"},\"sameAs\":[\"https:\\\/\\\/www.facebook.com\\\/noticiasmercedinas\\\/\",\"https:\\\/\\\/x.com\\\/notmercedinas\",\"https:\\\/\\\/www.instagram.com\\\/noticiasmercedinas\\\/\"]},{\"@type\":\"Person\",\"@id\":\"https:\\\/\\\/noticiasmercedinas.com\\\/site\\\/#\\\/schema\\\/person\\\/d481a9696a5feaec13a60e2bbd991a6a\",\"name\":\"Cristian Falabella NOTICIASMERCEDINAS.COM\",\"image\":{\"@type\":\"ImageObject\",\"inLanguage\":\"es\",\"@id\":\"https:\\\/\\\/secure.gravatar.com\\\/avatar\\\/0dbbfc45970cc46bcd0e57766228574ff3511d6eed045b182f536f0f478c1f06?s=96&d=mm&r=g\",\"url\":\"https:\\\/\\\/secure.gravatar.com\\\/avatar\\\/0dbbfc45970cc46bcd0e57766228574ff3511d6eed045b182f536f0f478c1f06?s=96&d=mm&r=g\",\"contentUrl\":\"https:\\\/\\\/secure.gravatar.com\\\/avatar\\\/0dbbfc45970cc46bcd0e57766228574ff3511d6eed045b182f536f0f478c1f06?s=96&d=mm&r=g\",\"caption\":\"Cristian Falabella NOTICIASMERCEDINAS.COM\"},\"description\":\"Periodista, editor de Noticias Mercedinas. Pas\u00f3 por varias redacciones y emprendimientos de prensa, en distintos formatos y \u00e9pocas. Se especializ\u00f3 --y sigue haci\u00e9ndolo-- en comunicaci\u00f3n en la web y en junio de 2006 fund\u00f3 este diario digital.\",\"sameAs\":[\"https:\\\/\\\/noticiasmercedinas.com\",\"https:\\\/\\\/www.facebook.com\\\/cristian.falabella\",\"https:\\\/\\\/www.instagram.com\\\/noticiasmercedinas\\\/\",\"https:\\\/\\\/x.com\\\/https:\\\/\\\/twitter.com\\\/NOTMERCEDINAS\"],\"url\":\"https:\\\/\\\/noticiasmercedinas.com\\\/site\\\/author\\\/as000384\\\/\"}]}<\/script>\n<!-- \/ Yoast SEO plugin. -->","yoast_head_json":{"title":"Evangelina Artaza, vocal titular en el Consejo Directivo de la FESIMUBO","robots":{"index":"index","follow":"follow","max-snippet":"max-snippet:-1","max-image-preview":"max-image-preview:large","max-video-preview":"max-video-preview:-1"},"canonical":"https:\/\/noticiasmercedinas.com\/site\/2021\/11\/30\/evangelina-artaza-vocal-titular-en-el-consejo-directivo-de-la-fesimubo\/","og_locale":"es_ES","og_type":"article","og_title":"Evangelina Artaza, vocal titular en el Consejo Directivo de la FESIMUBO","og_description":"\u25a0 Fue confirmada en un acto formal que se realiz\u00f3 en la ciudad de Avellaneda con la presencia de Ruben \"Cholo\" Garc\u00eda. \"Es un reconocimiento a la militancia gremial\", destac\u00f3.","og_url":"https:\/\/noticiasmercedinas.com\/site\/2021\/11\/30\/evangelina-artaza-vocal-titular-en-el-consejo-directivo-de-la-fesimubo\/","og_site_name":"NOTICIASMERCEDINAS.COM","article_publisher":"https:\/\/www.facebook.com\/noticiasmercedinas\/","article_author":"https:\/\/www.facebook.com\/cristian.falabella","article_published_time":"2021-11-30T11:55:09+00:00","og_image":[{"width":1080,"height":916,"url":"https:\/\/noticiasmercedinas.com\/site\/wp-content\/uploads\/2021\/11\/wp-16382725008341503468845.png","type":"image\/png"}],"author":"Cristian Falabella NOTICIASMERCEDINAS.COM","twitter_card":"summary_large_image","twitter_creator":"@https:\/\/twitter.com\/NOTMERCEDINAS","twitter_site":"@notmercedinas","twitter_misc":{"Escrito por":"Cristian Falabella NOTICIASMERCEDINAS.COM","Tiempo de lectura":"1 minuto"},"schema":{"@context":"https:\/\/schema.org","@graph":[{"@type":"Article","@id":"https:\/\/noticiasmercedinas.com\/site\/2021\/11\/30\/evangelina-artaza-vocal-titular-en-el-consejo-directivo-de-la-fesimubo\/#article","isPartOf":{"@id":"https:\/\/noticiasmercedinas.com\/site\/2021\/11\/30\/evangelina-artaza-vocal-titular-en-el-consejo-directivo-de-la-fesimubo\/"},"author":{"name":"Cristian Falabella NOTICIASMERCEDINAS.COM","@id":"https:\/\/noticiasmercedinas.com\/site\/#\/schema\/person\/d481a9696a5feaec13a60e2bbd991a6a"},"headline":"Evangelina Artaza, vocal titular en el Consejo Directivo de la FESIMUBO","datePublished":"2021-11-30T11:55:09+00:00","mainEntityOfPage":{"@id":"https:\/\/noticiasmercedinas.com\/site\/2021\/11\/30\/evangelina-artaza-vocal-titular-en-el-consejo-directivo-de-la-fesimubo\/"},"wordCount":189,"commentCount":1,"publisher":{"@id":"https:\/\/noticiasmercedinas.com\/site\/#organization"},"image":{"@id":"https:\/\/noticiasmercedinas.com\/site\/2021\/11\/30\/evangelina-artaza-vocal-titular-en-el-consejo-directivo-de-la-fesimubo\/#primaryimage"},"thumbnailUrl":"https:\/\/noticiasmercedinas.com\/site\/wp-content\/uploads\/2021\/11\/wp-16382725008341503468845.png","keywords":["Evangelina Artaza","fesimubo","Rub\u00e9n \u201cCholo\u201d Garc\u00eda","Sindicato de Trabajadores Municipales","stmm"],"articleSection":["Sociedad"],"inLanguage":"es","potentialAction":[{"@type":"CommentAction","name":"Comment","target":["https:\/\/noticiasmercedinas.com\/site\/2021\/11\/30\/evangelina-artaza-vocal-titular-en-el-consejo-directivo-de-la-fesimubo\/#respond"]}]},{"@type":"WebPage","@id":"https:\/\/noticiasmercedinas.com\/site\/2021\/11\/30\/evangelina-artaza-vocal-titular-en-el-consejo-directivo-de-la-fesimubo\/","url":"https:\/\/noticiasmercedinas.com\/site\/2021\/11\/30\/evangelina-artaza-vocal-titular-en-el-consejo-directivo-de-la-fesimubo\/","name":"Evangelina Artaza, vocal titular en el Consejo Directivo de la FESIMUBO","isPartOf":{"@id":"https:\/\/noticiasmercedinas.com\/site\/#website"},"primaryImageOfPage":{"@id":"https:\/\/noticiasmercedinas.com\/site\/2021\/11\/30\/evangelina-artaza-vocal-titular-en-el-consejo-directivo-de-la-fesimubo\/#primaryimage"},"image":{"@id":"https:\/\/noticiasmercedinas.com\/site\/2021\/11\/30\/evangelina-artaza-vocal-titular-en-el-consejo-directivo-de-la-fesimubo\/#primaryimage"},"thumbnailUrl":"https:\/\/noticiasmercedinas.com\/site\/wp-content\/uploads\/2021\/11\/wp-16382725008341503468845.png","datePublished":"2021-11-30T11:55:09+00:00","breadcrumb":{"@id":"https:\/\/noticiasmercedinas.com\/site\/2021\/11\/30\/evangelina-artaza-vocal-titular-en-el-consejo-directivo-de-la-fesimubo\/#breadcrumb"},"inLanguage":"es","potentialAction":[{"@type":"ReadAction","target":["https:\/\/noticiasmercedinas.com\/site\/2021\/11\/30\/evangelina-artaza-vocal-titular-en-el-consejo-directivo-de-la-fesimubo\/"]}]},{"@type":"ImageObject","inLanguage":"es","@id":"https:\/\/noticiasmercedinas.com\/site\/2021\/11\/30\/evangelina-artaza-vocal-titular-en-el-consejo-directivo-de-la-fesimubo\/#primaryimage","url":"https:\/\/noticiasmercedinas.com\/site\/wp-content\/uploads\/2021\/11\/wp-16382725008341503468845.png","contentUrl":"https:\/\/noticiasmercedinas.com\/site\/wp-content\/uploads\/2021\/11\/wp-16382725008341503468845.png","width":1080,"height":916},{"@type":"BreadcrumbList","@id":"https:\/\/noticiasmercedinas.com\/site\/2021\/11\/30\/evangelina-artaza-vocal-titular-en-el-consejo-directivo-de-la-fesimubo\/#breadcrumb","itemListElement":[{"@type":"ListItem","position":1,"name":"Portada","item":"https:\/\/noticiasmercedinas.com\/site\/"},{"@type":"ListItem","position":2,"name":"Evangelina Artaza, vocal titular en el Consejo Directivo de la FESIMUBO"}]},{"@type":"WebSite","@id":"https:\/\/noticiasmercedinas.com\/site\/#website","url":"https:\/\/noticiasmercedinas.com\/site\/","name":"NOTICIASMERCEDINAS.COM","description":"Mercedes, Buenos Aires, Argentina","publisher":{"@id":"https:\/\/noticiasmercedinas.com\/site\/#organization"},"potentialAction":[{"@type":"SearchAction","target":{"@type":"EntryPoint","urlTemplate":"https:\/\/noticiasmercedinas.com\/site\/?s={search_term_string}"},"query-input":{"@type":"PropertyValueSpecification","valueRequired":true,"valueName":"search_term_string"}}],"inLanguage":"es"},{"@type":"Organization","@id":"https:\/\/noticiasmercedinas.com\/site\/#organization","name":"NOTICIASMERCEDINAS.COM","url":"https:\/\/noticiasmercedinas.com\/site\/","logo":{"@type":"ImageObject","inLanguage":"es","@id":"https:\/\/noticiasmercedinas.com\/site\/#\/schema\/logo\/image\/","url":"https:\/\/noticiasmercedinas.com\/site\/wp-content\/uploads\/2020\/06\/LOGO-512.jpg","contentUrl":"https:\/\/noticiasmercedinas.com\/site\/wp-content\/uploads\/2020\/06\/LOGO-512.jpg","width":512,"height":512,"caption":"NOTICIASMERCEDINAS.COM"},"image":{"@id":"https:\/\/noticiasmercedinas.com\/site\/#\/schema\/logo\/image\/"},"sameAs":["https:\/\/www.facebook.com\/noticiasmercedinas\/","https:\/\/x.com\/notmercedinas","https:\/\/www.instagram.com\/noticiasmercedinas\/"]},{"@type":"Person","@id":"https:\/\/noticiasmercedinas.com\/site\/#\/schema\/person\/d481a9696a5feaec13a60e2bbd991a6a","name":"Cristian Falabella NOTICIASMERCEDINAS.COM","image":{"@type":"ImageObject","inLanguage":"es","@id":"https:\/\/secure.gravatar.com\/avatar\/0dbbfc45970cc46bcd0e57766228574ff3511d6eed045b182f536f0f478c1f06?s=96&d=mm&r=g","url":"https:\/\/secure.gravatar.com\/avatar\/0dbbfc45970cc46bcd0e57766228574ff3511d6eed045b182f536f0f478c1f06?s=96&d=mm&r=g","contentUrl":"https:\/\/secure.gravatar.com\/avatar\/0dbbfc45970cc46bcd0e57766228574ff3511d6eed045b182f536f0f478c1f06?s=96&d=mm&r=g","caption":"Cristian Falabella NOTICIASMERCEDINAS.COM"},"description":"Periodista, editor de Noticias Mercedinas. Pas\u00f3 por varias redacciones y emprendimientos de prensa, en distintos formatos y \u00e9pocas. Se especializ\u00f3 --y sigue haci\u00e9ndolo-- en comunicaci\u00f3n en la web y en junio de 2006 fund\u00f3 este diario digital.","sameAs":["https:\/\/noticiasmercedinas.com","https:\/\/www.facebook.com\/cristian.falabella","https:\/\/www.instagram.com\/noticiasmercedinas\/","https:\/\/x.com\/https:\/\/twitter.com\/NOTMERCEDINAS"],"url":"https:\/\/noticiasmercedinas.com\/site\/author\/as000384\/"}]}},"amp_enabled":true,"_links":{"self":[{"href":"https:\/\/noticiasmercedinas.com\/site\/wp-json\/wp\/v2\/posts\/80504","targetHints":{"allow":["GET"]}}],"collection":[{"href":"https:\/\/noticiasmercedinas.com\/site\/wp-json\/wp\/v2\/posts"}],"about":[{"href":"https:\/\/noticiasmercedinas.com\/site\/wp-json\/wp\/v2\/types\/post"}],"author":[{"embeddable":true,"href":"https:\/\/noticiasmercedinas.com\/site\/wp-json\/wp\/v2\/users\/2"}],"replies":[{"embeddable":true,"href":"https:\/\/noticiasmercedinas.com\/site\/wp-json\/wp\/v2\/comments?post=80504"}],"version-history":[{"count":1,"href":"https:\/\/noticiasmercedinas.com\/site\/wp-json\/wp\/v2\/posts\/80504\/revisions"}],"predecessor-version":[{"id":80506,"href":"https:\/\/noticiasmercedinas.com\/site\/wp-json\/wp\/v2\/posts\/80504\/revisions\/80506"}],"wp:featuredmedia":[{"embeddable":true,"href":"https:\/\/noticiasmercedinas.com\/site\/wp-json\/wp\/v2\/media\/80505"}],"wp:attachment":[{"href":"https:\/\/noticiasmercedinas.com\/site\/wp-json\/wp\/v2\/media?parent=80504"}],"wp:term":[{"taxonomy":"category","embeddable":true,"href":"https:\/\/noticiasmercedinas.com\/site\/wp-json\/wp\/v2\/categories?post=80504"},{"taxonomy":"post_tag","embeddable":true,"href":"https:\/\/noticiasmercedinas.com\/site\/wp-json\/wp\/v2\/tags?post=80504"}],"curies":[{"name":"wp","href":"https:\/\/api.w.org\/{rel}","templated":true}]}}