{"id":80851,"date":"2021-12-06T00:25:38","date_gmt":"2021-12-06T03:25:38","guid":{"rendered":"https:\/\/noticiasmercedinas.com\/site\/?p=80851"},"modified":"2021-12-06T00:25:38","modified_gmt":"2021-12-06T03:25:38","slug":"la-reserva-de-talleres-y-timon-no-termino","status":"publish","type":"post","link":"https:\/\/noticiasmercedinas.com\/site\/2021\/12\/06\/la-reserva-de-talleres-y-timon-no-termino\/","title":{"rendered":"La Reserva de Talleres y Tim\u00f3n no termin\u00f3"},"content":{"rendered":"<p>Este domingo 5 diciembre en cancha de Trocha y el Municipal de Suipacha se jugaron tres encuentros de Reserva, fue empate de Trocha y Col\u00f3n y un accidentado desarrollo entre Talleres y Tim\u00f3n. Ocurri\u00f3 cuando el \u00e1rbitro fue agredido tras expulsar un jugador de Talleres.<\/p>\n<p>Producto de ello el encuentro no continu\u00f3 cuando Talleres ganaba por 2 a 0 en 5&#8242; de al segunda parte. Una situaci\u00f3n que se repite el fin de semana, ya hab\u00eda ocurrido el s\u00e1bado en el f\u00fatbol juvenil, este caso bajo la organizaci\u00f3n de la Liga.<\/p>\n<p>A partir de lo sucedido actuar\u00e1 el Tribunal de Penas con el informe del \u00e1rbitro Santiago Cuenca, quien fue el agredido. La fecha de Reserva seguir\u00e1 este mi\u00e9rcoles con otros encuentros ya de la 16\u00b0 fecha.<\/p>\n<p><strong>Trocha 1.<br \/>\nCol\u00f3n 1.<\/p>\n<p>Talleres 2.<br \/>\nEl Tim\u00f3n 0.<br \/>\n<\/strong><br \/>\n<strong>Juventud 1:<\/strong> Ezequiel Cuenca.<br \/>\n<strong>Ateneo 0.<\/strong><\/p>\n<p><strong>Mi\u00e9rcoles 8 de diciembre<br \/>\nCancha:<\/strong> A definir.<br \/>\nA las 14.45 Diego Armando vs. Juventud.<\/p>\n<p><strong>Cancha:<\/strong> a definir.<br \/>\nAMEFIP San Mart\u00edn vs. V\u00e9lez.<br \/>\nAtl\u00e9tico Marcos Paz. vs. Quilmes.<\/p>\n<p><strong>Cancha:<\/strong> Pabell\u00f3n Argentino.<br \/>\nA las 17 Pabell\u00f3n Argentino vs. Uni\u00f3n.<\/p>\n","protected":false},"excerpt":{"rendered":"<p>\u25a0 Lo ganaba 2-0 Talleres cuando un jugador expulsado agredi\u00f3 al \u00e1rbitro Cuenca que suspendi\u00f3 el partido en cancha de Trocha. En otros encuentros el local empat\u00f3 1 a 1 y en Suipacha gan\u00f3 Juventud. El mi\u00e9rcoles habr\u00e1 m\u00e1s encuentros.<\/p>\n","protected":false},"author":6,"featured_media":80852,"comment_status":"open","ping_status":"open","sticky":false,"template":"","format":"standard","meta":{"footnotes":""},"categories":[5],"tags":[6317,3346,592],"class_list":["post-80851","post","type-post","status-publish","format-standard","has-post-thumbnail","hentry","category-deportes","tag-arbitro","tag-liga-mercedina-de-futbol","tag-reserva"],"yoast_head":"<!-- This site is optimized with the Yoast SEO plugin v27.4 - https:\/\/yoast.com\/product\/yoast-seo-wordpress\/ -->\n<title>La Reserva de Talleres y Tim\u00f3n no termin\u00f3<\/title>\n<meta name=\"robots\" content=\"index, follow, max-snippet:-1, max-image-preview:large, max-video-preview:-1\" \/>\n<link rel=\"canonical\" href=\"https:\/\/noticiasmercedinas.com\/site\/2021\/12\/06\/la-reserva-de-talleres-y-timon-no-termino\/\" \/>\n<meta property=\"og:locale\" content=\"es_ES\" \/>\n<meta property=\"og:type\" content=\"article\" \/>\n<meta property=\"og:title\" content=\"La Reserva de Talleres y Tim\u00f3n no termin\u00f3\" \/>\n<meta property=\"og:description\" content=\"\u25a0 Lo ganaba 2-0 Talleres cuando un jugador expulsado agredi\u00f3 al \u00e1rbitro Cuenca que suspendi\u00f3 el partido en cancha de Trocha. En otros encuentros el local empat\u00f3 1 a 1 y en Suipacha gan\u00f3 Juventud. El mi\u00e9rcoles habr\u00e1 m\u00e1s encuentros.\" \/>\n<meta property=\"og:url\" content=\"https:\/\/noticiasmercedinas.com\/site\/2021\/12\/06\/la-reserva-de-talleres-y-timon-no-termino\/\" \/>\n<meta property=\"og:site_name\" content=\"NOTICIASMERCEDINAS.COM\" \/>\n<meta property=\"article:publisher\" content=\"https:\/\/www.facebook.com\/noticiasmercedinas\/\" \/>\n<meta property=\"article:published_time\" content=\"2021-12-06T03:25:38+00:00\" \/>\n<meta property=\"og:image\" content=\"https:\/\/noticiasmercedinas.com\/site\/wp-content\/uploads\/2021\/12\/Depositphotos_46250843_S.jpg\" \/>\n\t<meta property=\"og:image:width\" content=\"640\" \/>\n\t<meta property=\"og:image:height\" content=\"427\" \/>\n\t<meta property=\"og:image:type\" content=\"image\/jpeg\" \/>\n<meta name=\"author\" content=\"Juan Dagnino NOTICIASMERCEDINAS.COM\" \/>\n<meta name=\"twitter:card\" content=\"summary_large_image\" \/>\n<meta name=\"twitter:creator\" content=\"@notmercedinas\" \/>\n<meta name=\"twitter:site\" content=\"@notmercedinas\" \/>\n<meta name=\"twitter:label1\" content=\"Escrito por\" \/>\n\t<meta name=\"twitter:data1\" content=\"Juan Dagnino NOTICIASMERCEDINAS.COM\" \/>\n\t<meta name=\"twitter:label2\" content=\"Tiempo de lectura\" \/>\n\t<meta name=\"twitter:data2\" content=\"1 minuto\" \/>\n<script type=\"application\/ld+json\" class=\"yoast-schema-graph\">{\"@context\":\"https:\\\/\\\/schema.org\",\"@graph\":[{\"@type\":\"Article\",\"@id\":\"https:\\\/\\\/noticiasmercedinas.com\\\/site\\\/2021\\\/12\\\/06\\\/la-reserva-de-talleres-y-timon-no-termino\\\/#article\",\"isPartOf\":{\"@id\":\"https:\\\/\\\/noticiasmercedinas.com\\\/site\\\/2021\\\/12\\\/06\\\/la-reserva-de-talleres-y-timon-no-termino\\\/\"},\"author\":{\"name\":\"Juan Dagnino NOTICIASMERCEDINAS.COM\",\"@id\":\"https:\\\/\\\/noticiasmercedinas.com\\\/site\\\/#\\\/schema\\\/person\\\/8f2f09d666ef40986eba4a5e6f2a06f9\"},\"headline\":\"La Reserva de Talleres y Tim\u00f3n no termin\u00f3\",\"datePublished\":\"2021-12-06T03:25:38+00:00\",\"mainEntityOfPage\":{\"@id\":\"https:\\\/\\\/noticiasmercedinas.com\\\/site\\\/2021\\\/12\\\/06\\\/la-reserva-de-talleres-y-timon-no-termino\\\/\"},\"wordCount\":191,\"commentCount\":0,\"publisher\":{\"@id\":\"https:\\\/\\\/noticiasmercedinas.com\\\/site\\\/#organization\"},\"image\":{\"@id\":\"https:\\\/\\\/noticiasmercedinas.com\\\/site\\\/2021\\\/12\\\/06\\\/la-reserva-de-talleres-y-timon-no-termino\\\/#primaryimage\"},\"thumbnailUrl\":\"https:\\\/\\\/noticiasmercedinas.com\\\/site\\\/wp-content\\\/uploads\\\/2021\\\/12\\\/Depositphotos_46250843_S.jpg\",\"keywords\":[\"\u00e1rbitro\",\"Liga Mercedina de F\u00fatbol\",\"reserva\"],\"articleSection\":[\"Deportes\"],\"inLanguage\":\"es\",\"potentialAction\":[{\"@type\":\"CommentAction\",\"name\":\"Comment\",\"target\":[\"https:\\\/\\\/noticiasmercedinas.com\\\/site\\\/2021\\\/12\\\/06\\\/la-reserva-de-talleres-y-timon-no-termino\\\/#respond\"]}]},{\"@type\":\"WebPage\",\"@id\":\"https:\\\/\\\/noticiasmercedinas.com\\\/site\\\/2021\\\/12\\\/06\\\/la-reserva-de-talleres-y-timon-no-termino\\\/\",\"url\":\"https:\\\/\\\/noticiasmercedinas.com\\\/site\\\/2021\\\/12\\\/06\\\/la-reserva-de-talleres-y-timon-no-termino\\\/\",\"name\":\"La Reserva de Talleres y Tim\u00f3n no termin\u00f3\",\"isPartOf\":{\"@id\":\"https:\\\/\\\/noticiasmercedinas.com\\\/site\\\/#website\"},\"primaryImageOfPage\":{\"@id\":\"https:\\\/\\\/noticiasmercedinas.com\\\/site\\\/2021\\\/12\\\/06\\\/la-reserva-de-talleres-y-timon-no-termino\\\/#primaryimage\"},\"image\":{\"@id\":\"https:\\\/\\\/noticiasmercedinas.com\\\/site\\\/2021\\\/12\\\/06\\\/la-reserva-de-talleres-y-timon-no-termino\\\/#primaryimage\"},\"thumbnailUrl\":\"https:\\\/\\\/noticiasmercedinas.com\\\/site\\\/wp-content\\\/uploads\\\/2021\\\/12\\\/Depositphotos_46250843_S.jpg\",\"datePublished\":\"2021-12-06T03:25:38+00:00\",\"breadcrumb\":{\"@id\":\"https:\\\/\\\/noticiasmercedinas.com\\\/site\\\/2021\\\/12\\\/06\\\/la-reserva-de-talleres-y-timon-no-termino\\\/#breadcrumb\"},\"inLanguage\":\"es\",\"potentialAction\":[{\"@type\":\"ReadAction\",\"target\":[\"https:\\\/\\\/noticiasmercedinas.com\\\/site\\\/2021\\\/12\\\/06\\\/la-reserva-de-talleres-y-timon-no-termino\\\/\"]}]},{\"@type\":\"ImageObject\",\"inLanguage\":\"es\",\"@id\":\"https:\\\/\\\/noticiasmercedinas.com\\\/site\\\/2021\\\/12\\\/06\\\/la-reserva-de-talleres-y-timon-no-termino\\\/#primaryimage\",\"url\":\"https:\\\/\\\/noticiasmercedinas.com\\\/site\\\/wp-content\\\/uploads\\\/2021\\\/12\\\/Depositphotos_46250843_S.jpg\",\"contentUrl\":\"https:\\\/\\\/noticiasmercedinas.com\\\/site\\\/wp-content\\\/uploads\\\/2021\\\/12\\\/Depositphotos_46250843_S.jpg\",\"width\":640,\"height\":427,\"caption\":\"Referee holding ball and showing a red card\"},{\"@type\":\"BreadcrumbList\",\"@id\":\"https:\\\/\\\/noticiasmercedinas.com\\\/site\\\/2021\\\/12\\\/06\\\/la-reserva-de-talleres-y-timon-no-termino\\\/#breadcrumb\",\"itemListElement\":[{\"@type\":\"ListItem\",\"position\":1,\"name\":\"Portada\",\"item\":\"https:\\\/\\\/noticiasmercedinas.com\\\/site\\\/\"},{\"@type\":\"ListItem\",\"position\":2,\"name\":\"La Reserva de Talleres y Tim\u00f3n no termin\u00f3\"}]},{\"@type\":\"WebSite\",\"@id\":\"https:\\\/\\\/noticiasmercedinas.com\\\/site\\\/#website\",\"url\":\"https:\\\/\\\/noticiasmercedinas.com\\\/site\\\/\",\"name\":\"NOTICIASMERCEDINAS.COM\",\"description\":\"Mercedes, Buenos Aires, Argentina\",\"publisher\":{\"@id\":\"https:\\\/\\\/noticiasmercedinas.com\\\/site\\\/#organization\"},\"potentialAction\":[{\"@type\":\"SearchAction\",\"target\":{\"@type\":\"EntryPoint\",\"urlTemplate\":\"https:\\\/\\\/noticiasmercedinas.com\\\/site\\\/?s={search_term_string}\"},\"query-input\":{\"@type\":\"PropertyValueSpecification\",\"valueRequired\":true,\"valueName\":\"search_term_string\"}}],\"inLanguage\":\"es\"},{\"@type\":\"Organization\",\"@id\":\"https:\\\/\\\/noticiasmercedinas.com\\\/site\\\/#organization\",\"name\":\"NOTICIASMERCEDINAS.COM\",\"url\":\"https:\\\/\\\/noticiasmercedinas.com\\\/site\\\/\",\"logo\":{\"@type\":\"ImageObject\",\"inLanguage\":\"es\",\"@id\":\"https:\\\/\\\/noticiasmercedinas.com\\\/site\\\/#\\\/schema\\\/logo\\\/image\\\/\",\"url\":\"https:\\\/\\\/noticiasmercedinas.com\\\/site\\\/wp-content\\\/uploads\\\/2020\\\/06\\\/LOGO-512.jpg\",\"contentUrl\":\"https:\\\/\\\/noticiasmercedinas.com\\\/site\\\/wp-content\\\/uploads\\\/2020\\\/06\\\/LOGO-512.jpg\",\"width\":512,\"height\":512,\"caption\":\"NOTICIASMERCEDINAS.COM\"},\"image\":{\"@id\":\"https:\\\/\\\/noticiasmercedinas.com\\\/site\\\/#\\\/schema\\\/logo\\\/image\\\/\"},\"sameAs\":[\"https:\\\/\\\/www.facebook.com\\\/noticiasmercedinas\\\/\",\"https:\\\/\\\/x.com\\\/notmercedinas\",\"https:\\\/\\\/www.instagram.com\\\/noticiasmercedinas\\\/\"]},{\"@type\":\"Person\",\"@id\":\"https:\\\/\\\/noticiasmercedinas.com\\\/site\\\/#\\\/schema\\\/person\\\/8f2f09d666ef40986eba4a5e6f2a06f9\",\"name\":\"Juan Dagnino NOTICIASMERCEDINAS.COM\",\"image\":{\"@type\":\"ImageObject\",\"inLanguage\":\"es\",\"@id\":\"https:\\\/\\\/secure.gravatar.com\\\/avatar\\\/fc7059a769f5a3cae65fadb228a3e4accf3a64b4b2305020d0a27e6d5333c91b?s=96&d=mm&r=g\",\"url\":\"https:\\\/\\\/secure.gravatar.com\\\/avatar\\\/fc7059a769f5a3cae65fadb228a3e4accf3a64b4b2305020d0a27e6d5333c91b?s=96&d=mm&r=g\",\"contentUrl\":\"https:\\\/\\\/secure.gravatar.com\\\/avatar\\\/fc7059a769f5a3cae65fadb228a3e4accf3a64b4b2305020d0a27e6d5333c91b?s=96&d=mm&r=g\",\"caption\":\"Juan Dagnino NOTICIASMERCEDINAS.COM\"},\"url\":\"https:\\\/\\\/noticiasmercedinas.com\\\/site\\\/author\\\/juandagnino\\\/\"}]}<\/script>\n<!-- \/ Yoast SEO plugin. -->","yoast_head_json":{"title":"La Reserva de Talleres y Tim\u00f3n no termin\u00f3","robots":{"index":"index","follow":"follow","max-snippet":"max-snippet:-1","max-image-preview":"max-image-preview:large","max-video-preview":"max-video-preview:-1"},"canonical":"https:\/\/noticiasmercedinas.com\/site\/2021\/12\/06\/la-reserva-de-talleres-y-timon-no-termino\/","og_locale":"es_ES","og_type":"article","og_title":"La Reserva de Talleres y Tim\u00f3n no termin\u00f3","og_description":"\u25a0 Lo ganaba 2-0 Talleres cuando un jugador expulsado agredi\u00f3 al \u00e1rbitro Cuenca que suspendi\u00f3 el partido en cancha de Trocha. En otros encuentros el local empat\u00f3 1 a 1 y en Suipacha gan\u00f3 Juventud. El mi\u00e9rcoles habr\u00e1 m\u00e1s encuentros.","og_url":"https:\/\/noticiasmercedinas.com\/site\/2021\/12\/06\/la-reserva-de-talleres-y-timon-no-termino\/","og_site_name":"NOTICIASMERCEDINAS.COM","article_publisher":"https:\/\/www.facebook.com\/noticiasmercedinas\/","article_published_time":"2021-12-06T03:25:38+00:00","og_image":[{"width":640,"height":427,"url":"https:\/\/noticiasmercedinas.com\/site\/wp-content\/uploads\/2021\/12\/Depositphotos_46250843_S.jpg","type":"image\/jpeg"}],"author":"Juan Dagnino NOTICIASMERCEDINAS.COM","twitter_card":"summary_large_image","twitter_creator":"@notmercedinas","twitter_site":"@notmercedinas","twitter_misc":{"Escrito por":"Juan Dagnino NOTICIASMERCEDINAS.COM","Tiempo de lectura":"1 minuto"},"schema":{"@context":"https:\/\/schema.org","@graph":[{"@type":"Article","@id":"https:\/\/noticiasmercedinas.com\/site\/2021\/12\/06\/la-reserva-de-talleres-y-timon-no-termino\/#article","isPartOf":{"@id":"https:\/\/noticiasmercedinas.com\/site\/2021\/12\/06\/la-reserva-de-talleres-y-timon-no-termino\/"},"author":{"name":"Juan Dagnino NOTICIASMERCEDINAS.COM","@id":"https:\/\/noticiasmercedinas.com\/site\/#\/schema\/person\/8f2f09d666ef40986eba4a5e6f2a06f9"},"headline":"La Reserva de Talleres y Tim\u00f3n no termin\u00f3","datePublished":"2021-12-06T03:25:38+00:00","mainEntityOfPage":{"@id":"https:\/\/noticiasmercedinas.com\/site\/2021\/12\/06\/la-reserva-de-talleres-y-timon-no-termino\/"},"wordCount":191,"commentCount":0,"publisher":{"@id":"https:\/\/noticiasmercedinas.com\/site\/#organization"},"image":{"@id":"https:\/\/noticiasmercedinas.com\/site\/2021\/12\/06\/la-reserva-de-talleres-y-timon-no-termino\/#primaryimage"},"thumbnailUrl":"https:\/\/noticiasmercedinas.com\/site\/wp-content\/uploads\/2021\/12\/Depositphotos_46250843_S.jpg","keywords":["\u00e1rbitro","Liga Mercedina de F\u00fatbol","reserva"],"articleSection":["Deportes"],"inLanguage":"es","potentialAction":[{"@type":"CommentAction","name":"Comment","target":["https:\/\/noticiasmercedinas.com\/site\/2021\/12\/06\/la-reserva-de-talleres-y-timon-no-termino\/#respond"]}]},{"@type":"WebPage","@id":"https:\/\/noticiasmercedinas.com\/site\/2021\/12\/06\/la-reserva-de-talleres-y-timon-no-termino\/","url":"https:\/\/noticiasmercedinas.com\/site\/2021\/12\/06\/la-reserva-de-talleres-y-timon-no-termino\/","name":"La Reserva de Talleres y Tim\u00f3n no termin\u00f3","isPartOf":{"@id":"https:\/\/noticiasmercedinas.com\/site\/#website"},"primaryImageOfPage":{"@id":"https:\/\/noticiasmercedinas.com\/site\/2021\/12\/06\/la-reserva-de-talleres-y-timon-no-termino\/#primaryimage"},"image":{"@id":"https:\/\/noticiasmercedinas.com\/site\/2021\/12\/06\/la-reserva-de-talleres-y-timon-no-termino\/#primaryimage"},"thumbnailUrl":"https:\/\/noticiasmercedinas.com\/site\/wp-content\/uploads\/2021\/12\/Depositphotos_46250843_S.jpg","datePublished":"2021-12-06T03:25:38+00:00","breadcrumb":{"@id":"https:\/\/noticiasmercedinas.com\/site\/2021\/12\/06\/la-reserva-de-talleres-y-timon-no-termino\/#breadcrumb"},"inLanguage":"es","potentialAction":[{"@type":"ReadAction","target":["https:\/\/noticiasmercedinas.com\/site\/2021\/12\/06\/la-reserva-de-talleres-y-timon-no-termino\/"]}]},{"@type":"ImageObject","inLanguage":"es","@id":"https:\/\/noticiasmercedinas.com\/site\/2021\/12\/06\/la-reserva-de-talleres-y-timon-no-termino\/#primaryimage","url":"https:\/\/noticiasmercedinas.com\/site\/wp-content\/uploads\/2021\/12\/Depositphotos_46250843_S.jpg","contentUrl":"https:\/\/noticiasmercedinas.com\/site\/wp-content\/uploads\/2021\/12\/Depositphotos_46250843_S.jpg","width":640,"height":427,"caption":"Referee holding ball and showing a red card"},{"@type":"BreadcrumbList","@id":"https:\/\/noticiasmercedinas.com\/site\/2021\/12\/06\/la-reserva-de-talleres-y-timon-no-termino\/#breadcrumb","itemListElement":[{"@type":"ListItem","position":1,"name":"Portada","item":"https:\/\/noticiasmercedinas.com\/site\/"},{"@type":"ListItem","position":2,"name":"La Reserva de Talleres y Tim\u00f3n no termin\u00f3"}]},{"@type":"WebSite","@id":"https:\/\/noticiasmercedinas.com\/site\/#website","url":"https:\/\/noticiasmercedinas.com\/site\/","name":"NOTICIASMERCEDINAS.COM","description":"Mercedes, Buenos Aires, Argentina","publisher":{"@id":"https:\/\/noticiasmercedinas.com\/site\/#organization"},"potentialAction":[{"@type":"SearchAction","target":{"@type":"EntryPoint","urlTemplate":"https:\/\/noticiasmercedinas.com\/site\/?s={search_term_string}"},"query-input":{"@type":"PropertyValueSpecification","valueRequired":true,"valueName":"search_term_string"}}],"inLanguage":"es"},{"@type":"Organization","@id":"https:\/\/noticiasmercedinas.com\/site\/#organization","name":"NOTICIASMERCEDINAS.COM","url":"https:\/\/noticiasmercedinas.com\/site\/","logo":{"@type":"ImageObject","inLanguage":"es","@id":"https:\/\/noticiasmercedinas.com\/site\/#\/schema\/logo\/image\/","url":"https:\/\/noticiasmercedinas.com\/site\/wp-content\/uploads\/2020\/06\/LOGO-512.jpg","contentUrl":"https:\/\/noticiasmercedinas.com\/site\/wp-content\/uploads\/2020\/06\/LOGO-512.jpg","width":512,"height":512,"caption":"NOTICIASMERCEDINAS.COM"},"image":{"@id":"https:\/\/noticiasmercedinas.com\/site\/#\/schema\/logo\/image\/"},"sameAs":["https:\/\/www.facebook.com\/noticiasmercedinas\/","https:\/\/x.com\/notmercedinas","https:\/\/www.instagram.com\/noticiasmercedinas\/"]},{"@type":"Person","@id":"https:\/\/noticiasmercedinas.com\/site\/#\/schema\/person\/8f2f09d666ef40986eba4a5e6f2a06f9","name":"Juan Dagnino NOTICIASMERCEDINAS.COM","image":{"@type":"ImageObject","inLanguage":"es","@id":"https:\/\/secure.gravatar.com\/avatar\/fc7059a769f5a3cae65fadb228a3e4accf3a64b4b2305020d0a27e6d5333c91b?s=96&d=mm&r=g","url":"https:\/\/secure.gravatar.com\/avatar\/fc7059a769f5a3cae65fadb228a3e4accf3a64b4b2305020d0a27e6d5333c91b?s=96&d=mm&r=g","contentUrl":"https:\/\/secure.gravatar.com\/avatar\/fc7059a769f5a3cae65fadb228a3e4accf3a64b4b2305020d0a27e6d5333c91b?s=96&d=mm&r=g","caption":"Juan Dagnino NOTICIASMERCEDINAS.COM"},"url":"https:\/\/noticiasmercedinas.com\/site\/author\/juandagnino\/"}]}},"amp_enabled":true,"_links":{"self":[{"href":"https:\/\/noticiasmercedinas.com\/site\/wp-json\/wp\/v2\/posts\/80851","targetHints":{"allow":["GET"]}}],"collection":[{"href":"https:\/\/noticiasmercedinas.com\/site\/wp-json\/wp\/v2\/posts"}],"about":[{"href":"https:\/\/noticiasmercedinas.com\/site\/wp-json\/wp\/v2\/types\/post"}],"author":[{"embeddable":true,"href":"https:\/\/noticiasmercedinas.com\/site\/wp-json\/wp\/v2\/users\/6"}],"replies":[{"embeddable":true,"href":"https:\/\/noticiasmercedinas.com\/site\/wp-json\/wp\/v2\/comments?post=80851"}],"version-history":[{"count":2,"href":"https:\/\/noticiasmercedinas.com\/site\/wp-json\/wp\/v2\/posts\/80851\/revisions"}],"predecessor-version":[{"id":80854,"href":"https:\/\/noticiasmercedinas.com\/site\/wp-json\/wp\/v2\/posts\/80851\/revisions\/80854"}],"wp:featuredmedia":[{"embeddable":true,"href":"https:\/\/noticiasmercedinas.com\/site\/wp-json\/wp\/v2\/media\/80852"}],"wp:attachment":[{"href":"https:\/\/noticiasmercedinas.com\/site\/wp-json\/wp\/v2\/media?parent=80851"}],"wp:term":[{"taxonomy":"category","embeddable":true,"href":"https:\/\/noticiasmercedinas.com\/site\/wp-json\/wp\/v2\/categories?post=80851"},{"taxonomy":"post_tag","embeddable":true,"href":"https:\/\/noticiasmercedinas.com\/site\/wp-json\/wp\/v2\/tags?post=80851"}],"curies":[{"name":"wp","href":"https:\/\/api.w.org\/{rel}","templated":true}]}}