{"id":80929,"date":"2021-12-06T15:25:08","date_gmt":"2021-12-06T18:25:08","guid":{"rendered":"https:\/\/noticiasmercedinas.com\/site\/?p=80929"},"modified":"2021-12-06T15:25:48","modified_gmt":"2021-12-06T18:25:48","slug":"juanjo-abregu-artista-destacado-de-una-gran-pena-en-la-trocha","status":"publish","type":"post","link":"https:\/\/noticiasmercedinas.com\/site\/2021\/12\/06\/juanjo-abregu-artista-destacado-de-una-gran-pena-en-la-trocha\/","title":{"rendered":"Juanjo Abreg\u00fa, artista destacado de una gran pe\u00f1a en La Trocha"},"content":{"rendered":"<p><img loading=\"lazy\" decoding=\"async\" class=\"alignnone size-full wp-image-80931\" src=\"https:\/\/noticiasmercedinas.com\/site\/wp-content\/uploads\/2021\/12\/juanjoabregu.jpg\" alt=\"\" width=\"640\" height=\"452\" srcset=\"https:\/\/noticiasmercedinas.com\/site\/wp-content\/uploads\/2021\/12\/juanjoabregu.jpg 640w, https:\/\/noticiasmercedinas.com\/site\/wp-content\/uploads\/2021\/12\/juanjoabregu-300x212.jpg 300w\" sizes=\"auto, (max-width: 640px) 100vw, 640px\" \/><\/p>\n<p><strong>Juanjo Abreg\u00fa<\/strong> estar\u00e1 en Mercedes el 17 de diciembre tra\u00eddo por la Pe\u00f1a Lawar Wayna. Dar\u00e1 un show imperdible en La Trocha. Se trata de uno de los artistas m\u00e1s grandes que ha dado el folclore en los \u00faltimos tiempos. Su potencia, calidad y humildad deslumbran en los escenarios en los que se presenta.<\/p>\n<p>\u201cVenimos laburando mucho, haciendo una pe\u00f1a por mes\u201d, coment\u00f3 <strong>Manucho Costa<\/strong>, uno de los organizadores de la Lawar Wayna.<\/p>\n<blockquote class=\"td_quote_box td_box_center\"><p>Ver m\u00e1s<br \/>\n<a href=\"https:\/\/www.noticiasmercedinas.com\/170423pena.htm\">Juanjo Abreg\u00fa: \u00abNosotros estamos, al igual que muchos, pele\u00e1ndola d\u00eda a d\u00eda\u00bb<\/a><\/p><\/blockquote>\n<p>\u201cEn esta oportunidad tenemos el gusto de traer a Juanjo Abreg\u00fa, un terrible artista que anda por toda la zona tocando. Estamos contentos y acompa\u00f1an los L\u00f3pez Heredia con percusi\u00f3n de Maxi Rodr\u00edguez, tambi\u00e9n estar\u00e1 la nueva formaci\u00f3n de Sachapampa con la incorporaci\u00f3n de Marcos Barreto. Adem\u00e1s estar\u00e1n actuando los integrantes del Ballet Santa Cecilia, que tienen algo no visto en otros ballets, un \u00e1ngel que los diferencia. Ellos van a poner el color y al amor a la danza\u201d, explic\u00f3 Costa.<\/p>\n<p>La Pe\u00f1a tendr\u00e1 lugar en el galp\u00f3n grande de La Trocha. Se abrir\u00e1n las puertas a las 21 y Juanjo Abreg\u00fa estar\u00e1 tocando cerca de la medianoche para que todos puedan disfrutarlo.<\/p>\n<p>\u201cGracias a esa pe\u00f1a mensual que venimos haciendo hoy podemos disfrutar de un artista de este calibre con una entrada tan accesible para toda la familia en este tipo de movidas culturales\u201d, complet\u00f3 Costa.<\/p>\n<p>Las entradas para la Pe\u00f1a Lawar Wayna, que incluir\u00e1 un amplio men\u00fa y bebidas para quienes quieran adquirirlo, est\u00e1n a la venta a 350 pesos. Y para reservar lugar hay que llamar al 2324-693144.<\/p>\n<p><img loading=\"lazy\" decoding=\"async\" class=\"alignnone size-large wp-image-80930\" src=\"https:\/\/noticiasmercedinas.com\/site\/wp-content\/uploads\/2021\/12\/eff9f29d-4566-4550-b93e-5a09c38a84a0-1024x576.jpg\" alt=\"\" width=\"640\" height=\"360\" srcset=\"https:\/\/noticiasmercedinas.com\/site\/wp-content\/uploads\/2021\/12\/eff9f29d-4566-4550-b93e-5a09c38a84a0-1024x576.jpg 1024w, https:\/\/noticiasmercedinas.com\/site\/wp-content\/uploads\/2021\/12\/eff9f29d-4566-4550-b93e-5a09c38a84a0-300x169.jpg 300w, https:\/\/noticiasmercedinas.com\/site\/wp-content\/uploads\/2021\/12\/eff9f29d-4566-4550-b93e-5a09c38a84a0-768x432.jpg 768w, https:\/\/noticiasmercedinas.com\/site\/wp-content\/uploads\/2021\/12\/eff9f29d-4566-4550-b93e-5a09c38a84a0-640x360.jpg 640w, https:\/\/noticiasmercedinas.com\/site\/wp-content\/uploads\/2021\/12\/eff9f29d-4566-4550-b93e-5a09c38a84a0-681x383.jpg 681w, https:\/\/noticiasmercedinas.com\/site\/wp-content\/uploads\/2021\/12\/eff9f29d-4566-4550-b93e-5a09c38a84a0.jpg 1280w\" sizes=\"auto, (max-width: 640px) 100vw, 640px\" \/><\/p>\n","protected":false},"excerpt":{"rendered":"<p>\u25a0 La Pe\u00f1a Lawar Wayna tendr\u00e1 una nueva realizaci\u00f3n el viernes 17 de diciembre por ,la noche. Junto al talentoso m\u00fasico actuar\u00e1n Sachapampa y Los L\u00f3pez Heredia. Las entradas ya est\u00e1n en venta<\/p>\n","protected":false},"author":2,"featured_media":80931,"comment_status":"open","ping_status":"open","sticky":false,"template":"","format":"standard","meta":{"footnotes":""},"categories":[4],"tags":[6273,1057,9322,1734,1055,2417],"class_list":["post-80929","post","type-post","status-publish","format-standard","has-post-thumbnail","hentry","category-cultura","tag-juanjo-abregu","tag-la-trocha","tag-lawar-wayna","tag-los-lopez-heredia","tag-pena","tag-sachapampa"],"yoast_head":"<!-- This site is optimized with the Yoast SEO plugin v27.5 - https:\/\/yoast.com\/product\/yoast-seo-wordpress\/ -->\n<title>Juanjo Abreg\u00fa, artista destacado de una gran pe\u00f1a en La Trocha<\/title>\n<meta name=\"robots\" content=\"index, follow, max-snippet:-1, max-image-preview:large, max-video-preview:-1\" \/>\n<link rel=\"canonical\" href=\"https:\/\/noticiasmercedinas.com\/site\/2021\/12\/06\/juanjo-abregu-artista-destacado-de-una-gran-pena-en-la-trocha\/\" \/>\n<meta property=\"og:locale\" content=\"es_ES\" \/>\n<meta property=\"og:type\" content=\"article\" \/>\n<meta property=\"og:title\" content=\"Juanjo Abreg\u00fa, artista destacado de una gran pe\u00f1a en La Trocha\" \/>\n<meta property=\"og:description\" content=\"\u25a0 La Pe\u00f1a Lawar Wayna tendr\u00e1 una nueva realizaci\u00f3n el viernes 17 de diciembre por ,la noche. Junto al talentoso m\u00fasico actuar\u00e1n Sachapampa y Los L\u00f3pez Heredia. Las entradas ya est\u00e1n en venta\" \/>\n<meta property=\"og:url\" content=\"https:\/\/noticiasmercedinas.com\/site\/2021\/12\/06\/juanjo-abregu-artista-destacado-de-una-gran-pena-en-la-trocha\/\" \/>\n<meta property=\"og:site_name\" content=\"NOTICIASMERCEDINAS.COM\" \/>\n<meta property=\"article:publisher\" content=\"https:\/\/www.facebook.com\/noticiasmercedinas\/\" \/>\n<meta property=\"article:author\" content=\"https:\/\/www.facebook.com\/cristian.falabella\" \/>\n<meta property=\"article:published_time\" content=\"2021-12-06T18:25:08+00:00\" \/>\n<meta property=\"article:modified_time\" content=\"2021-12-06T18:25:48+00:00\" \/>\n<meta property=\"og:image\" content=\"https:\/\/noticiasmercedinas.com\/site\/wp-content\/uploads\/2021\/12\/juanjoabregu.jpg\" \/>\n\t<meta property=\"og:image:width\" content=\"640\" \/>\n\t<meta property=\"og:image:height\" content=\"452\" \/>\n\t<meta property=\"og:image:type\" content=\"image\/jpeg\" \/>\n<meta name=\"author\" content=\"Cristian Falabella NOTICIASMERCEDINAS.COM\" \/>\n<meta name=\"twitter:card\" content=\"summary_large_image\" \/>\n<meta name=\"twitter:creator\" content=\"@https:\/\/twitter.com\/NOTMERCEDINAS\" \/>\n<meta name=\"twitter:site\" content=\"@notmercedinas\" \/>\n<meta name=\"twitter:label1\" content=\"Escrito por\" \/>\n\t<meta name=\"twitter:data1\" content=\"Cristian Falabella NOTICIASMERCEDINAS.COM\" \/>\n\t<meta name=\"twitter:label2\" content=\"Tiempo de lectura\" \/>\n\t<meta name=\"twitter:data2\" content=\"1 minuto\" \/>\n<script type=\"application\/ld+json\" class=\"yoast-schema-graph\">{\"@context\":\"https:\\\/\\\/schema.org\",\"@graph\":[{\"@type\":\"Article\",\"@id\":\"https:\\\/\\\/noticiasmercedinas.com\\\/site\\\/2021\\\/12\\\/06\\\/juanjo-abregu-artista-destacado-de-una-gran-pena-en-la-trocha\\\/#article\",\"isPartOf\":{\"@id\":\"https:\\\/\\\/noticiasmercedinas.com\\\/site\\\/2021\\\/12\\\/06\\\/juanjo-abregu-artista-destacado-de-una-gran-pena-en-la-trocha\\\/\"},\"author\":{\"name\":\"Cristian Falabella NOTICIASMERCEDINAS.COM\",\"@id\":\"https:\\\/\\\/noticiasmercedinas.com\\\/site\\\/#\\\/schema\\\/person\\\/d481a9696a5feaec13a60e2bbd991a6a\"},\"headline\":\"Juanjo Abreg\u00fa, artista destacado de una gran pe\u00f1a en La Trocha\",\"datePublished\":\"2021-12-06T18:25:08+00:00\",\"dateModified\":\"2021-12-06T18:25:48+00:00\",\"mainEntityOfPage\":{\"@id\":\"https:\\\/\\\/noticiasmercedinas.com\\\/site\\\/2021\\\/12\\\/06\\\/juanjo-abregu-artista-destacado-de-una-gran-pena-en-la-trocha\\\/\"},\"wordCount\":301,\"commentCount\":0,\"publisher\":{\"@id\":\"https:\\\/\\\/noticiasmercedinas.com\\\/site\\\/#organization\"},\"image\":{\"@id\":\"https:\\\/\\\/noticiasmercedinas.com\\\/site\\\/2021\\\/12\\\/06\\\/juanjo-abregu-artista-destacado-de-una-gran-pena-en-la-trocha\\\/#primaryimage\"},\"thumbnailUrl\":\"https:\\\/\\\/noticiasmercedinas.com\\\/site\\\/wp-content\\\/uploads\\\/2021\\\/12\\\/juanjoabregu.jpg\",\"keywords\":[\"juanjo Abreg\u00fa\",\"la trocha\",\"lawar wayna\",\"Los L\u00f3pez Heredia\",\"pe\u00f1a\",\"sachapampa\"],\"articleSection\":[\"Cultura\"],\"inLanguage\":\"es\",\"potentialAction\":[{\"@type\":\"CommentAction\",\"name\":\"Comment\",\"target\":[\"https:\\\/\\\/noticiasmercedinas.com\\\/site\\\/2021\\\/12\\\/06\\\/juanjo-abregu-artista-destacado-de-una-gran-pena-en-la-trocha\\\/#respond\"]}]},{\"@type\":\"WebPage\",\"@id\":\"https:\\\/\\\/noticiasmercedinas.com\\\/site\\\/2021\\\/12\\\/06\\\/juanjo-abregu-artista-destacado-de-una-gran-pena-en-la-trocha\\\/\",\"url\":\"https:\\\/\\\/noticiasmercedinas.com\\\/site\\\/2021\\\/12\\\/06\\\/juanjo-abregu-artista-destacado-de-una-gran-pena-en-la-trocha\\\/\",\"name\":\"Juanjo Abreg\u00fa, artista destacado de una gran pe\u00f1a en La Trocha\",\"isPartOf\":{\"@id\":\"https:\\\/\\\/noticiasmercedinas.com\\\/site\\\/#website\"},\"primaryImageOfPage\":{\"@id\":\"https:\\\/\\\/noticiasmercedinas.com\\\/site\\\/2021\\\/12\\\/06\\\/juanjo-abregu-artista-destacado-de-una-gran-pena-en-la-trocha\\\/#primaryimage\"},\"image\":{\"@id\":\"https:\\\/\\\/noticiasmercedinas.com\\\/site\\\/2021\\\/12\\\/06\\\/juanjo-abregu-artista-destacado-de-una-gran-pena-en-la-trocha\\\/#primaryimage\"},\"thumbnailUrl\":\"https:\\\/\\\/noticiasmercedinas.com\\\/site\\\/wp-content\\\/uploads\\\/2021\\\/12\\\/juanjoabregu.jpg\",\"datePublished\":\"2021-12-06T18:25:08+00:00\",\"dateModified\":\"2021-12-06T18:25:48+00:00\",\"breadcrumb\":{\"@id\":\"https:\\\/\\\/noticiasmercedinas.com\\\/site\\\/2021\\\/12\\\/06\\\/juanjo-abregu-artista-destacado-de-una-gran-pena-en-la-trocha\\\/#breadcrumb\"},\"inLanguage\":\"es\",\"potentialAction\":[{\"@type\":\"ReadAction\",\"target\":[\"https:\\\/\\\/noticiasmercedinas.com\\\/site\\\/2021\\\/12\\\/06\\\/juanjo-abregu-artista-destacado-de-una-gran-pena-en-la-trocha\\\/\"]}]},{\"@type\":\"ImageObject\",\"inLanguage\":\"es\",\"@id\":\"https:\\\/\\\/noticiasmercedinas.com\\\/site\\\/2021\\\/12\\\/06\\\/juanjo-abregu-artista-destacado-de-una-gran-pena-en-la-trocha\\\/#primaryimage\",\"url\":\"https:\\\/\\\/noticiasmercedinas.com\\\/site\\\/wp-content\\\/uploads\\\/2021\\\/12\\\/juanjoabregu.jpg\",\"contentUrl\":\"https:\\\/\\\/noticiasmercedinas.com\\\/site\\\/wp-content\\\/uploads\\\/2021\\\/12\\\/juanjoabregu.jpg\",\"width\":640,\"height\":452},{\"@type\":\"BreadcrumbList\",\"@id\":\"https:\\\/\\\/noticiasmercedinas.com\\\/site\\\/2021\\\/12\\\/06\\\/juanjo-abregu-artista-destacado-de-una-gran-pena-en-la-trocha\\\/#breadcrumb\",\"itemListElement\":[{\"@type\":\"ListItem\",\"position\":1,\"name\":\"Portada\",\"item\":\"https:\\\/\\\/noticiasmercedinas.com\\\/site\\\/\"},{\"@type\":\"ListItem\",\"position\":2,\"name\":\"Juanjo Abreg\u00fa, artista destacado de una gran pe\u00f1a en La Trocha\"}]},{\"@type\":\"WebSite\",\"@id\":\"https:\\\/\\\/noticiasmercedinas.com\\\/site\\\/#website\",\"url\":\"https:\\\/\\\/noticiasmercedinas.com\\\/site\\\/\",\"name\":\"NOTICIASMERCEDINAS.COM\",\"description\":\"Mercedes, Buenos Aires, Argentina\",\"publisher\":{\"@id\":\"https:\\\/\\\/noticiasmercedinas.com\\\/site\\\/#organization\"},\"potentialAction\":[{\"@type\":\"SearchAction\",\"target\":{\"@type\":\"EntryPoint\",\"urlTemplate\":\"https:\\\/\\\/noticiasmercedinas.com\\\/site\\\/?s={search_term_string}\"},\"query-input\":{\"@type\":\"PropertyValueSpecification\",\"valueRequired\":true,\"valueName\":\"search_term_string\"}}],\"inLanguage\":\"es\"},{\"@type\":\"Organization\",\"@id\":\"https:\\\/\\\/noticiasmercedinas.com\\\/site\\\/#organization\",\"name\":\"NOTICIASMERCEDINAS.COM\",\"url\":\"https:\\\/\\\/noticiasmercedinas.com\\\/site\\\/\",\"logo\":{\"@type\":\"ImageObject\",\"inLanguage\":\"es\",\"@id\":\"https:\\\/\\\/noticiasmercedinas.com\\\/site\\\/#\\\/schema\\\/logo\\\/image\\\/\",\"url\":\"https:\\\/\\\/noticiasmercedinas.com\\\/site\\\/wp-content\\\/uploads\\\/2020\\\/06\\\/LOGO-512.jpg\",\"contentUrl\":\"https:\\\/\\\/noticiasmercedinas.com\\\/site\\\/wp-content\\\/uploads\\\/2020\\\/06\\\/LOGO-512.jpg\",\"width\":512,\"height\":512,\"caption\":\"NOTICIASMERCEDINAS.COM\"},\"image\":{\"@id\":\"https:\\\/\\\/noticiasmercedinas.com\\\/site\\\/#\\\/schema\\\/logo\\\/image\\\/\"},\"sameAs\":[\"https:\\\/\\\/www.facebook.com\\\/noticiasmercedinas\\\/\",\"https:\\\/\\\/x.com\\\/notmercedinas\",\"https:\\\/\\\/www.instagram.com\\\/noticiasmercedinas\\\/\"]},{\"@type\":\"Person\",\"@id\":\"https:\\\/\\\/noticiasmercedinas.com\\\/site\\\/#\\\/schema\\\/person\\\/d481a9696a5feaec13a60e2bbd991a6a\",\"name\":\"Cristian Falabella NOTICIASMERCEDINAS.COM\",\"image\":{\"@type\":\"ImageObject\",\"inLanguage\":\"es\",\"@id\":\"https:\\\/\\\/secure.gravatar.com\\\/avatar\\\/0dbbfc45970cc46bcd0e57766228574ff3511d6eed045b182f536f0f478c1f06?s=96&d=mm&r=g\",\"url\":\"https:\\\/\\\/secure.gravatar.com\\\/avatar\\\/0dbbfc45970cc46bcd0e57766228574ff3511d6eed045b182f536f0f478c1f06?s=96&d=mm&r=g\",\"contentUrl\":\"https:\\\/\\\/secure.gravatar.com\\\/avatar\\\/0dbbfc45970cc46bcd0e57766228574ff3511d6eed045b182f536f0f478c1f06?s=96&d=mm&r=g\",\"caption\":\"Cristian Falabella NOTICIASMERCEDINAS.COM\"},\"description\":\"Periodista, editor de Noticias Mercedinas. Pas\u00f3 por varias redacciones y emprendimientos de prensa, en distintos formatos y \u00e9pocas. Se especializ\u00f3 --y sigue haci\u00e9ndolo-- en comunicaci\u00f3n en la web y en junio de 2006 fund\u00f3 este diario digital.\",\"sameAs\":[\"https:\\\/\\\/noticiasmercedinas.com\",\"https:\\\/\\\/www.facebook.com\\\/cristian.falabella\",\"https:\\\/\\\/www.instagram.com\\\/noticiasmercedinas\\\/\",\"https:\\\/\\\/x.com\\\/https:\\\/\\\/twitter.com\\\/NOTMERCEDINAS\"],\"url\":\"https:\\\/\\\/noticiasmercedinas.com\\\/site\\\/author\\\/as000384\\\/\"}]}<\/script>\n<!-- \/ Yoast SEO plugin. -->","yoast_head_json":{"title":"Juanjo Abreg\u00fa, artista destacado de una gran pe\u00f1a en La Trocha","robots":{"index":"index","follow":"follow","max-snippet":"max-snippet:-1","max-image-preview":"max-image-preview:large","max-video-preview":"max-video-preview:-1"},"canonical":"https:\/\/noticiasmercedinas.com\/site\/2021\/12\/06\/juanjo-abregu-artista-destacado-de-una-gran-pena-en-la-trocha\/","og_locale":"es_ES","og_type":"article","og_title":"Juanjo Abreg\u00fa, artista destacado de una gran pe\u00f1a en La Trocha","og_description":"\u25a0 La Pe\u00f1a Lawar Wayna tendr\u00e1 una nueva realizaci\u00f3n el viernes 17 de diciembre por ,la noche. Junto al talentoso m\u00fasico actuar\u00e1n Sachapampa y Los L\u00f3pez Heredia. Las entradas ya est\u00e1n en venta","og_url":"https:\/\/noticiasmercedinas.com\/site\/2021\/12\/06\/juanjo-abregu-artista-destacado-de-una-gran-pena-en-la-trocha\/","og_site_name":"NOTICIASMERCEDINAS.COM","article_publisher":"https:\/\/www.facebook.com\/noticiasmercedinas\/","article_author":"https:\/\/www.facebook.com\/cristian.falabella","article_published_time":"2021-12-06T18:25:08+00:00","article_modified_time":"2021-12-06T18:25:48+00:00","og_image":[{"width":640,"height":452,"url":"https:\/\/noticiasmercedinas.com\/site\/wp-content\/uploads\/2021\/12\/juanjoabregu.jpg","type":"image\/jpeg"}],"author":"Cristian Falabella NOTICIASMERCEDINAS.COM","twitter_card":"summary_large_image","twitter_creator":"@https:\/\/twitter.com\/NOTMERCEDINAS","twitter_site":"@notmercedinas","twitter_misc":{"Escrito por":"Cristian Falabella NOTICIASMERCEDINAS.COM","Tiempo de lectura":"1 minuto"},"schema":{"@context":"https:\/\/schema.org","@graph":[{"@type":"Article","@id":"https:\/\/noticiasmercedinas.com\/site\/2021\/12\/06\/juanjo-abregu-artista-destacado-de-una-gran-pena-en-la-trocha\/#article","isPartOf":{"@id":"https:\/\/noticiasmercedinas.com\/site\/2021\/12\/06\/juanjo-abregu-artista-destacado-de-una-gran-pena-en-la-trocha\/"},"author":{"name":"Cristian Falabella NOTICIASMERCEDINAS.COM","@id":"https:\/\/noticiasmercedinas.com\/site\/#\/schema\/person\/d481a9696a5feaec13a60e2bbd991a6a"},"headline":"Juanjo Abreg\u00fa, artista destacado de una gran pe\u00f1a en La Trocha","datePublished":"2021-12-06T18:25:08+00:00","dateModified":"2021-12-06T18:25:48+00:00","mainEntityOfPage":{"@id":"https:\/\/noticiasmercedinas.com\/site\/2021\/12\/06\/juanjo-abregu-artista-destacado-de-una-gran-pena-en-la-trocha\/"},"wordCount":301,"commentCount":0,"publisher":{"@id":"https:\/\/noticiasmercedinas.com\/site\/#organization"},"image":{"@id":"https:\/\/noticiasmercedinas.com\/site\/2021\/12\/06\/juanjo-abregu-artista-destacado-de-una-gran-pena-en-la-trocha\/#primaryimage"},"thumbnailUrl":"https:\/\/noticiasmercedinas.com\/site\/wp-content\/uploads\/2021\/12\/juanjoabregu.jpg","keywords":["juanjo Abreg\u00fa","la trocha","lawar wayna","Los L\u00f3pez Heredia","pe\u00f1a","sachapampa"],"articleSection":["Cultura"],"inLanguage":"es","potentialAction":[{"@type":"CommentAction","name":"Comment","target":["https:\/\/noticiasmercedinas.com\/site\/2021\/12\/06\/juanjo-abregu-artista-destacado-de-una-gran-pena-en-la-trocha\/#respond"]}]},{"@type":"WebPage","@id":"https:\/\/noticiasmercedinas.com\/site\/2021\/12\/06\/juanjo-abregu-artista-destacado-de-una-gran-pena-en-la-trocha\/","url":"https:\/\/noticiasmercedinas.com\/site\/2021\/12\/06\/juanjo-abregu-artista-destacado-de-una-gran-pena-en-la-trocha\/","name":"Juanjo Abreg\u00fa, artista destacado de una gran pe\u00f1a en La Trocha","isPartOf":{"@id":"https:\/\/noticiasmercedinas.com\/site\/#website"},"primaryImageOfPage":{"@id":"https:\/\/noticiasmercedinas.com\/site\/2021\/12\/06\/juanjo-abregu-artista-destacado-de-una-gran-pena-en-la-trocha\/#primaryimage"},"image":{"@id":"https:\/\/noticiasmercedinas.com\/site\/2021\/12\/06\/juanjo-abregu-artista-destacado-de-una-gran-pena-en-la-trocha\/#primaryimage"},"thumbnailUrl":"https:\/\/noticiasmercedinas.com\/site\/wp-content\/uploads\/2021\/12\/juanjoabregu.jpg","datePublished":"2021-12-06T18:25:08+00:00","dateModified":"2021-12-06T18:25:48+00:00","breadcrumb":{"@id":"https:\/\/noticiasmercedinas.com\/site\/2021\/12\/06\/juanjo-abregu-artista-destacado-de-una-gran-pena-en-la-trocha\/#breadcrumb"},"inLanguage":"es","potentialAction":[{"@type":"ReadAction","target":["https:\/\/noticiasmercedinas.com\/site\/2021\/12\/06\/juanjo-abregu-artista-destacado-de-una-gran-pena-en-la-trocha\/"]}]},{"@type":"ImageObject","inLanguage":"es","@id":"https:\/\/noticiasmercedinas.com\/site\/2021\/12\/06\/juanjo-abregu-artista-destacado-de-una-gran-pena-en-la-trocha\/#primaryimage","url":"https:\/\/noticiasmercedinas.com\/site\/wp-content\/uploads\/2021\/12\/juanjoabregu.jpg","contentUrl":"https:\/\/noticiasmercedinas.com\/site\/wp-content\/uploads\/2021\/12\/juanjoabregu.jpg","width":640,"height":452},{"@type":"BreadcrumbList","@id":"https:\/\/noticiasmercedinas.com\/site\/2021\/12\/06\/juanjo-abregu-artista-destacado-de-una-gran-pena-en-la-trocha\/#breadcrumb","itemListElement":[{"@type":"ListItem","position":1,"name":"Portada","item":"https:\/\/noticiasmercedinas.com\/site\/"},{"@type":"ListItem","position":2,"name":"Juanjo Abreg\u00fa, artista destacado de una gran pe\u00f1a en La Trocha"}]},{"@type":"WebSite","@id":"https:\/\/noticiasmercedinas.com\/site\/#website","url":"https:\/\/noticiasmercedinas.com\/site\/","name":"NOTICIASMERCEDINAS.COM","description":"Mercedes, Buenos Aires, Argentina","publisher":{"@id":"https:\/\/noticiasmercedinas.com\/site\/#organization"},"potentialAction":[{"@type":"SearchAction","target":{"@type":"EntryPoint","urlTemplate":"https:\/\/noticiasmercedinas.com\/site\/?s={search_term_string}"},"query-input":{"@type":"PropertyValueSpecification","valueRequired":true,"valueName":"search_term_string"}}],"inLanguage":"es"},{"@type":"Organization","@id":"https:\/\/noticiasmercedinas.com\/site\/#organization","name":"NOTICIASMERCEDINAS.COM","url":"https:\/\/noticiasmercedinas.com\/site\/","logo":{"@type":"ImageObject","inLanguage":"es","@id":"https:\/\/noticiasmercedinas.com\/site\/#\/schema\/logo\/image\/","url":"https:\/\/noticiasmercedinas.com\/site\/wp-content\/uploads\/2020\/06\/LOGO-512.jpg","contentUrl":"https:\/\/noticiasmercedinas.com\/site\/wp-content\/uploads\/2020\/06\/LOGO-512.jpg","width":512,"height":512,"caption":"NOTICIASMERCEDINAS.COM"},"image":{"@id":"https:\/\/noticiasmercedinas.com\/site\/#\/schema\/logo\/image\/"},"sameAs":["https:\/\/www.facebook.com\/noticiasmercedinas\/","https:\/\/x.com\/notmercedinas","https:\/\/www.instagram.com\/noticiasmercedinas\/"]},{"@type":"Person","@id":"https:\/\/noticiasmercedinas.com\/site\/#\/schema\/person\/d481a9696a5feaec13a60e2bbd991a6a","name":"Cristian Falabella NOTICIASMERCEDINAS.COM","image":{"@type":"ImageObject","inLanguage":"es","@id":"https:\/\/secure.gravatar.com\/avatar\/0dbbfc45970cc46bcd0e57766228574ff3511d6eed045b182f536f0f478c1f06?s=96&d=mm&r=g","url":"https:\/\/secure.gravatar.com\/avatar\/0dbbfc45970cc46bcd0e57766228574ff3511d6eed045b182f536f0f478c1f06?s=96&d=mm&r=g","contentUrl":"https:\/\/secure.gravatar.com\/avatar\/0dbbfc45970cc46bcd0e57766228574ff3511d6eed045b182f536f0f478c1f06?s=96&d=mm&r=g","caption":"Cristian Falabella NOTICIASMERCEDINAS.COM"},"description":"Periodista, editor de Noticias Mercedinas. Pas\u00f3 por varias redacciones y emprendimientos de prensa, en distintos formatos y \u00e9pocas. Se especializ\u00f3 --y sigue haci\u00e9ndolo-- en comunicaci\u00f3n en la web y en junio de 2006 fund\u00f3 este diario digital.","sameAs":["https:\/\/noticiasmercedinas.com","https:\/\/www.facebook.com\/cristian.falabella","https:\/\/www.instagram.com\/noticiasmercedinas\/","https:\/\/x.com\/https:\/\/twitter.com\/NOTMERCEDINAS"],"url":"https:\/\/noticiasmercedinas.com\/site\/author\/as000384\/"}]}},"amp_enabled":true,"_links":{"self":[{"href":"https:\/\/noticiasmercedinas.com\/site\/wp-json\/wp\/v2\/posts\/80929","targetHints":{"allow":["GET"]}}],"collection":[{"href":"https:\/\/noticiasmercedinas.com\/site\/wp-json\/wp\/v2\/posts"}],"about":[{"href":"https:\/\/noticiasmercedinas.com\/site\/wp-json\/wp\/v2\/types\/post"}],"author":[{"embeddable":true,"href":"https:\/\/noticiasmercedinas.com\/site\/wp-json\/wp\/v2\/users\/2"}],"replies":[{"embeddable":true,"href":"https:\/\/noticiasmercedinas.com\/site\/wp-json\/wp\/v2\/comments?post=80929"}],"version-history":[{"count":2,"href":"https:\/\/noticiasmercedinas.com\/site\/wp-json\/wp\/v2\/posts\/80929\/revisions"}],"predecessor-version":[{"id":80933,"href":"https:\/\/noticiasmercedinas.com\/site\/wp-json\/wp\/v2\/posts\/80929\/revisions\/80933"}],"wp:featuredmedia":[{"embeddable":true,"href":"https:\/\/noticiasmercedinas.com\/site\/wp-json\/wp\/v2\/media\/80931"}],"wp:attachment":[{"href":"https:\/\/noticiasmercedinas.com\/site\/wp-json\/wp\/v2\/media?parent=80929"}],"wp:term":[{"taxonomy":"category","embeddable":true,"href":"https:\/\/noticiasmercedinas.com\/site\/wp-json\/wp\/v2\/categories?post=80929"},{"taxonomy":"post_tag","embeddable":true,"href":"https:\/\/noticiasmercedinas.com\/site\/wp-json\/wp\/v2\/tags?post=80929"}],"curies":[{"name":"wp","href":"https:\/\/api.w.org\/{rel}","templated":true}]}}