{"id":81050,"date":"2021-12-07T19:25:20","date_gmt":"2021-12-07T22:25:20","guid":{"rendered":"https:\/\/noticiasmercedinas.com\/site\/?p=81050"},"modified":"2021-12-07T22:10:01","modified_gmt":"2021-12-08T01:10:01","slug":"muerte-por-electrocucion-peritos-trabajaran-en-29-y-34","status":"publish","type":"post","link":"https:\/\/noticiasmercedinas.com\/site\/2021\/12\/07\/muerte-por-electrocucion-peritos-trabajaran-en-29-y-34\/","title":{"rendered":"Muerte por electrocuci\u00f3n: peritos trabajar\u00e1n en 29 y 34"},"content":{"rendered":"<p><img loading=\"lazy\" decoding=\"async\" class=\"alignnone wp-image-81051 size-full\" src=\"https:\/\/noticiasmercedinas.com\/site\/wp-content\/uploads\/2021\/12\/WhatsApp-Image-2021-12-07-at-11.35.14-AM-e1638915764460.jpeg\" alt=\"\" width=\"640\" height=\"480\" \/><\/p>\n<p>\u201cVamos camino a probar que esto no fue un accidente y que pudo evitarse\u201d, afirm\u00f3 el abogado Natalio Nicodemo, representante legal de familiares de Esteban \u201cChinchu\u201d Rodr\u00edguez, el joven futbolista que <a href=\"https:\/\/noticiasmercedinas.com\/site\/2021\/11\/28\/joven-futbolista-muere-electrocutado-en-la-calle\/\">falleci\u00f3 el 28 de noviembre al recibir una descarga el\u00e9ctrica de una columna<\/a>.<\/p>\n<p>En declaraciones a Noticias Mercedinas, Nicodemo explic\u00f3 que este jueves 9 los peritos trabajar\u00e1n en la esquina del incidente, avenida 29 y calle 34, para producir un informe. Para una mejor apreciaci\u00f3n en altura, utilizar\u00edan gr\u00faas de la distribuidora de electricidad Ed\u00e9n.<\/p>\n<p>\u201cCuando tengamos incorporada la prueba que consideramos m\u00e1s importante vamos a pedir un cambio de calificaci\u00f3n de la causa\u201d, anticip\u00f3 el letrado sobre el expediente que est\u00e1 caratulado \u201caveriguaci\u00f3n causales de muerte\u201d.<\/p>\n<p><a href=\"https:\/\/noticiasmercedinas.com\/site\/wp-content\/uploads\/2021\/11\/esteban_rodriguez.jpeg\"><img loading=\"lazy\" decoding=\"async\" class=\"alignnone size-full wp-image-80348\" src=\"https:\/\/noticiasmercedinas.com\/site\/wp-content\/uploads\/2021\/11\/esteban_rodriguez.jpeg\" alt=\"\" width=\"727\" height=\"559\" srcset=\"https:\/\/noticiasmercedinas.com\/site\/wp-content\/uploads\/2021\/11\/esteban_rodriguez.jpeg 727w, https:\/\/noticiasmercedinas.com\/site\/wp-content\/uploads\/2021\/11\/esteban_rodriguez-300x231.jpeg 300w, https:\/\/noticiasmercedinas.com\/site\/wp-content\/uploads\/2021\/11\/esteban_rodriguez-640x492.jpeg 640w, https:\/\/noticiasmercedinas.com\/site\/wp-content\/uploads\/2021\/11\/esteban_rodriguez-681x524.jpeg 681w\" sizes=\"auto, (max-width: 727px) 100vw, 727px\" \/><\/a><\/p>\n<blockquote><p>\u201cVamos a pedir un cambio de calificaci\u00f3n de la causa\u201d, anticip\u00f3 el letrado.<\/p><\/blockquote>\n<p>Nicodemo agradeci\u00f3 \u201ca mucha gente que se acerc\u00f3 a aportar datos que van a ser determinantes\u201d y destac\u00f3 que \u201cpedimos muchas medidas, incluidas varias testimoniales\u201d para entender \u201clo que le pas\u00f3 a Esteban pero tambi\u00e9n lo previo\u201d.<\/p>\n<p>Inform\u00f3 tambi\u00e9n que la familia del joven fallecido convoca para este viernes 10 a las 19 horas al lugar del hecho para pedir por verdad y justicia. \u201cEsto le pudo pasar a cualquier vecino de Mercedes y debe preocuparle a todos\u201d, expres\u00f3.<\/p>\n<audio class=\"wp-audio-shortcode\" id=\"audio-81050-1\" preload=\"none\" style=\"width: 100%;\" controls=\"controls\"><source type=\"audio\/mpeg\" src=\"https:\/\/noticiasmercedinas.com\/site\/wp-content\/uploads\/2021\/12\/211207_corte_nicodemo.mp3?_=1\" \/><a href=\"https:\/\/noticiasmercedinas.com\/site\/wp-content\/uploads\/2021\/12\/211207_corte_nicodemo.mp3\">https:\/\/noticiasmercedinas.com\/site\/wp-content\/uploads\/2021\/12\/211207_corte_nicodemo.mp3<\/a><\/audio>\n<p><a href=\"https:\/\/noticiasmercedinas.com\/site\/wp-content\/uploads\/2021\/12\/WhatsApp-Image-2021-12-07-at-12.59.38-PM.jpeg\"><img loading=\"lazy\" decoding=\"async\" class=\"alignnone size-full wp-image-81052\" src=\"https:\/\/noticiasmercedinas.com\/site\/wp-content\/uploads\/2021\/12\/WhatsApp-Image-2021-12-07-at-12.59.38-PM.jpeg\" alt=\"\" width=\"900\" height=\"1600\" srcset=\"https:\/\/noticiasmercedinas.com\/site\/wp-content\/uploads\/2021\/12\/WhatsApp-Image-2021-12-07-at-12.59.38-PM.jpeg 900w, https:\/\/noticiasmercedinas.com\/site\/wp-content\/uploads\/2021\/12\/WhatsApp-Image-2021-12-07-at-12.59.38-PM-169x300.jpeg 169w, https:\/\/noticiasmercedinas.com\/site\/wp-content\/uploads\/2021\/12\/WhatsApp-Image-2021-12-07-at-12.59.38-PM-576x1024.jpeg 576w, https:\/\/noticiasmercedinas.com\/site\/wp-content\/uploads\/2021\/12\/WhatsApp-Image-2021-12-07-at-12.59.38-PM-768x1365.jpeg 768w, https:\/\/noticiasmercedinas.com\/site\/wp-content\/uploads\/2021\/12\/WhatsApp-Image-2021-12-07-at-12.59.38-PM-864x1536.jpeg 864w, https:\/\/noticiasmercedinas.com\/site\/wp-content\/uploads\/2021\/12\/WhatsApp-Image-2021-12-07-at-12.59.38-PM-640x1138.jpeg 640w, https:\/\/noticiasmercedinas.com\/site\/wp-content\/uploads\/2021\/12\/WhatsApp-Image-2021-12-07-at-12.59.38-PM-681x1211.jpeg 681w\" sizes=\"auto, (max-width: 900px) 100vw, 900px\" \/><\/a><\/p>\n","protected":false},"excerpt":{"rendered":"<p>\u25a0 Producir\u00e1n un informe sobre las instalaciones el\u00e9ctricas situadas en esa esquina. Abogado de la familia dice que probar\u00e1n que el hecho pudo evitarse.<\/p>\n","protected":false},"author":16,"featured_media":81051,"comment_status":"open","ping_status":"open","sticky":false,"template":"","format":"standard","meta":{"footnotes":""},"categories":[7],"tags":[13412,3855,13411],"class_list":["post-81050","post","type-post","status-publish","format-standard","has-post-thumbnail","hentry","category-policiales","tag-29-y-34","tag-electrocucion","tag-esteban-chinchu-rodriguez"],"yoast_head":"<!-- This site is optimized with the Yoast SEO plugin v27.5 - https:\/\/yoast.com\/product\/yoast-seo-wordpress\/ -->\n<title>Muerte por electrocuci\u00f3n: peritos trabajar\u00e1n en 29 y 34<\/title>\n<meta name=\"robots\" content=\"index, follow, max-snippet:-1, max-image-preview:large, max-video-preview:-1\" \/>\n<link rel=\"canonical\" href=\"https:\/\/noticiasmercedinas.com\/site\/2021\/12\/07\/muerte-por-electrocucion-peritos-trabajaran-en-29-y-34\/\" \/>\n<meta property=\"og:locale\" content=\"es_ES\" \/>\n<meta property=\"og:type\" content=\"article\" \/>\n<meta property=\"og:title\" content=\"Muerte por electrocuci\u00f3n: peritos trabajar\u00e1n en 29 y 34\" \/>\n<meta property=\"og:description\" content=\"\u25a0 Producir\u00e1n un informe sobre las instalaciones el\u00e9ctricas situadas en esa esquina. Abogado de la familia dice que probar\u00e1n que el hecho pudo evitarse.\" \/>\n<meta property=\"og:url\" content=\"https:\/\/noticiasmercedinas.com\/site\/2021\/12\/07\/muerte-por-electrocucion-peritos-trabajaran-en-29-y-34\/\" \/>\n<meta property=\"og:site_name\" content=\"NOTICIASMERCEDINAS.COM\" \/>\n<meta property=\"article:publisher\" content=\"https:\/\/www.facebook.com\/noticiasmercedinas\/\" \/>\n<meta property=\"article:published_time\" content=\"2021-12-07T22:25:20+00:00\" \/>\n<meta property=\"article:modified_time\" content=\"2021-12-08T01:10:01+00:00\" \/>\n<meta property=\"og:image\" content=\"https:\/\/noticiasmercedinas.com\/site\/wp-content\/uploads\/2021\/12\/WhatsApp-Image-2021-12-07-at-11.35.14-AM-e1638915764460.jpeg\" \/>\n\t<meta property=\"og:image:width\" content=\"640\" \/>\n\t<meta property=\"og:image:height\" content=\"480\" \/>\n\t<meta property=\"og:image:type\" content=\"image\/jpeg\" \/>\n<meta name=\"author\" content=\"NOTICIASMERCEDINAS.COM\" \/>\n<meta name=\"twitter:card\" content=\"summary_large_image\" \/>\n<meta name=\"twitter:creator\" content=\"@notmercedinas\" \/>\n<meta name=\"twitter:site\" content=\"@notmercedinas\" \/>\n<meta name=\"twitter:label1\" content=\"Escrito por\" \/>\n\t<meta name=\"twitter:data1\" content=\"NOTICIASMERCEDINAS.COM\" \/>\n\t<meta name=\"twitter:label2\" content=\"Tiempo de lectura\" \/>\n\t<meta name=\"twitter:data2\" content=\"2 minutos\" \/>\n<script type=\"application\/ld+json\" class=\"yoast-schema-graph\">{\"@context\":\"https:\\\/\\\/schema.org\",\"@graph\":[{\"@type\":\"Article\",\"@id\":\"https:\\\/\\\/noticiasmercedinas.com\\\/site\\\/2021\\\/12\\\/07\\\/muerte-por-electrocucion-peritos-trabajaran-en-29-y-34\\\/#article\",\"isPartOf\":{\"@id\":\"https:\\\/\\\/noticiasmercedinas.com\\\/site\\\/2021\\\/12\\\/07\\\/muerte-por-electrocucion-peritos-trabajaran-en-29-y-34\\\/\"},\"author\":{\"name\":\"NOTICIASMERCEDINAS.COM\",\"@id\":\"https:\\\/\\\/noticiasmercedinas.com\\\/site\\\/#\\\/schema\\\/person\\\/84b59c099c28ff2e8b77d4ceec5d8063\"},\"headline\":\"Muerte por electrocuci\u00f3n: peritos trabajar\u00e1n en 29 y 34\",\"datePublished\":\"2021-12-07T22:25:20+00:00\",\"dateModified\":\"2021-12-08T01:10:01+00:00\",\"mainEntityOfPage\":{\"@id\":\"https:\\\/\\\/noticiasmercedinas.com\\\/site\\\/2021\\\/12\\\/07\\\/muerte-por-electrocucion-peritos-trabajaran-en-29-y-34\\\/\"},\"wordCount\":238,\"commentCount\":0,\"publisher\":{\"@id\":\"https:\\\/\\\/noticiasmercedinas.com\\\/site\\\/#organization\"},\"image\":{\"@id\":\"https:\\\/\\\/noticiasmercedinas.com\\\/site\\\/2021\\\/12\\\/07\\\/muerte-por-electrocucion-peritos-trabajaran-en-29-y-34\\\/#primaryimage\"},\"thumbnailUrl\":\"https:\\\/\\\/noticiasmercedinas.com\\\/site\\\/wp-content\\\/uploads\\\/2021\\\/12\\\/WhatsApp-Image-2021-12-07-at-11.35.14-AM-e1638915764460.jpeg\",\"keywords\":[\"29 y 34\",\"electrocucion\",\"Esteban Chinchu Rodr\u00edguez\"],\"articleSection\":[\"Seguridad\"],\"inLanguage\":\"es\",\"potentialAction\":[{\"@type\":\"CommentAction\",\"name\":\"Comment\",\"target\":[\"https:\\\/\\\/noticiasmercedinas.com\\\/site\\\/2021\\\/12\\\/07\\\/muerte-por-electrocucion-peritos-trabajaran-en-29-y-34\\\/#respond\"]}]},{\"@type\":\"WebPage\",\"@id\":\"https:\\\/\\\/noticiasmercedinas.com\\\/site\\\/2021\\\/12\\\/07\\\/muerte-por-electrocucion-peritos-trabajaran-en-29-y-34\\\/\",\"url\":\"https:\\\/\\\/noticiasmercedinas.com\\\/site\\\/2021\\\/12\\\/07\\\/muerte-por-electrocucion-peritos-trabajaran-en-29-y-34\\\/\",\"name\":\"Muerte por electrocuci\u00f3n: peritos trabajar\u00e1n en 29 y 34\",\"isPartOf\":{\"@id\":\"https:\\\/\\\/noticiasmercedinas.com\\\/site\\\/#website\"},\"primaryImageOfPage\":{\"@id\":\"https:\\\/\\\/noticiasmercedinas.com\\\/site\\\/2021\\\/12\\\/07\\\/muerte-por-electrocucion-peritos-trabajaran-en-29-y-34\\\/#primaryimage\"},\"image\":{\"@id\":\"https:\\\/\\\/noticiasmercedinas.com\\\/site\\\/2021\\\/12\\\/07\\\/muerte-por-electrocucion-peritos-trabajaran-en-29-y-34\\\/#primaryimage\"},\"thumbnailUrl\":\"https:\\\/\\\/noticiasmercedinas.com\\\/site\\\/wp-content\\\/uploads\\\/2021\\\/12\\\/WhatsApp-Image-2021-12-07-at-11.35.14-AM-e1638915764460.jpeg\",\"datePublished\":\"2021-12-07T22:25:20+00:00\",\"dateModified\":\"2021-12-08T01:10:01+00:00\",\"breadcrumb\":{\"@id\":\"https:\\\/\\\/noticiasmercedinas.com\\\/site\\\/2021\\\/12\\\/07\\\/muerte-por-electrocucion-peritos-trabajaran-en-29-y-34\\\/#breadcrumb\"},\"inLanguage\":\"es\",\"potentialAction\":[{\"@type\":\"ReadAction\",\"target\":[\"https:\\\/\\\/noticiasmercedinas.com\\\/site\\\/2021\\\/12\\\/07\\\/muerte-por-electrocucion-peritos-trabajaran-en-29-y-34\\\/\"]}]},{\"@type\":\"ImageObject\",\"inLanguage\":\"es\",\"@id\":\"https:\\\/\\\/noticiasmercedinas.com\\\/site\\\/2021\\\/12\\\/07\\\/muerte-por-electrocucion-peritos-trabajaran-en-29-y-34\\\/#primaryimage\",\"url\":\"https:\\\/\\\/noticiasmercedinas.com\\\/site\\\/wp-content\\\/uploads\\\/2021\\\/12\\\/WhatsApp-Image-2021-12-07-at-11.35.14-AM-e1638915764460.jpeg\",\"contentUrl\":\"https:\\\/\\\/noticiasmercedinas.com\\\/site\\\/wp-content\\\/uploads\\\/2021\\\/12\\\/WhatsApp-Image-2021-12-07-at-11.35.14-AM-e1638915764460.jpeg\",\"width\":640,\"height\":480},{\"@type\":\"BreadcrumbList\",\"@id\":\"https:\\\/\\\/noticiasmercedinas.com\\\/site\\\/2021\\\/12\\\/07\\\/muerte-por-electrocucion-peritos-trabajaran-en-29-y-34\\\/#breadcrumb\",\"itemListElement\":[{\"@type\":\"ListItem\",\"position\":1,\"name\":\"Portada\",\"item\":\"https:\\\/\\\/noticiasmercedinas.com\\\/site\\\/\"},{\"@type\":\"ListItem\",\"position\":2,\"name\":\"Muerte por electrocuci\u00f3n: peritos trabajar\u00e1n en 29 y 34\"}]},{\"@type\":\"WebSite\",\"@id\":\"https:\\\/\\\/noticiasmercedinas.com\\\/site\\\/#website\",\"url\":\"https:\\\/\\\/noticiasmercedinas.com\\\/site\\\/\",\"name\":\"NOTICIASMERCEDINAS.COM\",\"description\":\"Mercedes, Buenos Aires, Argentina\",\"publisher\":{\"@id\":\"https:\\\/\\\/noticiasmercedinas.com\\\/site\\\/#organization\"},\"potentialAction\":[{\"@type\":\"SearchAction\",\"target\":{\"@type\":\"EntryPoint\",\"urlTemplate\":\"https:\\\/\\\/noticiasmercedinas.com\\\/site\\\/?s={search_term_string}\"},\"query-input\":{\"@type\":\"PropertyValueSpecification\",\"valueRequired\":true,\"valueName\":\"search_term_string\"}}],\"inLanguage\":\"es\"},{\"@type\":\"Organization\",\"@id\":\"https:\\\/\\\/noticiasmercedinas.com\\\/site\\\/#organization\",\"name\":\"NOTICIASMERCEDINAS.COM\",\"url\":\"https:\\\/\\\/noticiasmercedinas.com\\\/site\\\/\",\"logo\":{\"@type\":\"ImageObject\",\"inLanguage\":\"es\",\"@id\":\"https:\\\/\\\/noticiasmercedinas.com\\\/site\\\/#\\\/schema\\\/logo\\\/image\\\/\",\"url\":\"https:\\\/\\\/noticiasmercedinas.com\\\/site\\\/wp-content\\\/uploads\\\/2020\\\/06\\\/LOGO-512.jpg\",\"contentUrl\":\"https:\\\/\\\/noticiasmercedinas.com\\\/site\\\/wp-content\\\/uploads\\\/2020\\\/06\\\/LOGO-512.jpg\",\"width\":512,\"height\":512,\"caption\":\"NOTICIASMERCEDINAS.COM\"},\"image\":{\"@id\":\"https:\\\/\\\/noticiasmercedinas.com\\\/site\\\/#\\\/schema\\\/logo\\\/image\\\/\"},\"sameAs\":[\"https:\\\/\\\/www.facebook.com\\\/noticiasmercedinas\\\/\",\"https:\\\/\\\/x.com\\\/notmercedinas\",\"https:\\\/\\\/www.instagram.com\\\/noticiasmercedinas\\\/\"]},{\"@type\":\"Person\",\"@id\":\"https:\\\/\\\/noticiasmercedinas.com\\\/site\\\/#\\\/schema\\\/person\\\/84b59c099c28ff2e8b77d4ceec5d8063\",\"name\":\"NOTICIASMERCEDINAS.COM\",\"image\":{\"@type\":\"ImageObject\",\"inLanguage\":\"es\",\"@id\":\"https:\\\/\\\/secure.gravatar.com\\\/avatar\\\/4dfbf16b4d17945bfb6341b2d19043457132fcf478a5ee04f42e959fd8f5df0a?s=96&d=mm&r=g\",\"url\":\"https:\\\/\\\/secure.gravatar.com\\\/avatar\\\/4dfbf16b4d17945bfb6341b2d19043457132fcf478a5ee04f42e959fd8f5df0a?s=96&d=mm&r=g\",\"contentUrl\":\"https:\\\/\\\/secure.gravatar.com\\\/avatar\\\/4dfbf16b4d17945bfb6341b2d19043457132fcf478a5ee04f42e959fd8f5df0a?s=96&d=mm&r=g\",\"caption\":\"NOTICIASMERCEDINAS.COM\"},\"url\":\"https:\\\/\\\/noticiasmercedinas.com\\\/site\\\/author\\\/anonimo\\\/\"}]}<\/script>\n<!-- \/ Yoast SEO plugin. -->","yoast_head_json":{"title":"Muerte por electrocuci\u00f3n: peritos trabajar\u00e1n en 29 y 34","robots":{"index":"index","follow":"follow","max-snippet":"max-snippet:-1","max-image-preview":"max-image-preview:large","max-video-preview":"max-video-preview:-1"},"canonical":"https:\/\/noticiasmercedinas.com\/site\/2021\/12\/07\/muerte-por-electrocucion-peritos-trabajaran-en-29-y-34\/","og_locale":"es_ES","og_type":"article","og_title":"Muerte por electrocuci\u00f3n: peritos trabajar\u00e1n en 29 y 34","og_description":"\u25a0 Producir\u00e1n un informe sobre las instalaciones el\u00e9ctricas situadas en esa esquina. Abogado de la familia dice que probar\u00e1n que el hecho pudo evitarse.","og_url":"https:\/\/noticiasmercedinas.com\/site\/2021\/12\/07\/muerte-por-electrocucion-peritos-trabajaran-en-29-y-34\/","og_site_name":"NOTICIASMERCEDINAS.COM","article_publisher":"https:\/\/www.facebook.com\/noticiasmercedinas\/","article_published_time":"2021-12-07T22:25:20+00:00","article_modified_time":"2021-12-08T01:10:01+00:00","og_image":[{"width":640,"height":480,"url":"https:\/\/noticiasmercedinas.com\/site\/wp-content\/uploads\/2021\/12\/WhatsApp-Image-2021-12-07-at-11.35.14-AM-e1638915764460.jpeg","type":"image\/jpeg"}],"author":"NOTICIASMERCEDINAS.COM","twitter_card":"summary_large_image","twitter_creator":"@notmercedinas","twitter_site":"@notmercedinas","twitter_misc":{"Escrito por":"NOTICIASMERCEDINAS.COM","Tiempo de lectura":"2 minutos"},"schema":{"@context":"https:\/\/schema.org","@graph":[{"@type":"Article","@id":"https:\/\/noticiasmercedinas.com\/site\/2021\/12\/07\/muerte-por-electrocucion-peritos-trabajaran-en-29-y-34\/#article","isPartOf":{"@id":"https:\/\/noticiasmercedinas.com\/site\/2021\/12\/07\/muerte-por-electrocucion-peritos-trabajaran-en-29-y-34\/"},"author":{"name":"NOTICIASMERCEDINAS.COM","@id":"https:\/\/noticiasmercedinas.com\/site\/#\/schema\/person\/84b59c099c28ff2e8b77d4ceec5d8063"},"headline":"Muerte por electrocuci\u00f3n: peritos trabajar\u00e1n en 29 y 34","datePublished":"2021-12-07T22:25:20+00:00","dateModified":"2021-12-08T01:10:01+00:00","mainEntityOfPage":{"@id":"https:\/\/noticiasmercedinas.com\/site\/2021\/12\/07\/muerte-por-electrocucion-peritos-trabajaran-en-29-y-34\/"},"wordCount":238,"commentCount":0,"publisher":{"@id":"https:\/\/noticiasmercedinas.com\/site\/#organization"},"image":{"@id":"https:\/\/noticiasmercedinas.com\/site\/2021\/12\/07\/muerte-por-electrocucion-peritos-trabajaran-en-29-y-34\/#primaryimage"},"thumbnailUrl":"https:\/\/noticiasmercedinas.com\/site\/wp-content\/uploads\/2021\/12\/WhatsApp-Image-2021-12-07-at-11.35.14-AM-e1638915764460.jpeg","keywords":["29 y 34","electrocucion","Esteban Chinchu Rodr\u00edguez"],"articleSection":["Seguridad"],"inLanguage":"es","potentialAction":[{"@type":"CommentAction","name":"Comment","target":["https:\/\/noticiasmercedinas.com\/site\/2021\/12\/07\/muerte-por-electrocucion-peritos-trabajaran-en-29-y-34\/#respond"]}]},{"@type":"WebPage","@id":"https:\/\/noticiasmercedinas.com\/site\/2021\/12\/07\/muerte-por-electrocucion-peritos-trabajaran-en-29-y-34\/","url":"https:\/\/noticiasmercedinas.com\/site\/2021\/12\/07\/muerte-por-electrocucion-peritos-trabajaran-en-29-y-34\/","name":"Muerte por electrocuci\u00f3n: peritos trabajar\u00e1n en 29 y 34","isPartOf":{"@id":"https:\/\/noticiasmercedinas.com\/site\/#website"},"primaryImageOfPage":{"@id":"https:\/\/noticiasmercedinas.com\/site\/2021\/12\/07\/muerte-por-electrocucion-peritos-trabajaran-en-29-y-34\/#primaryimage"},"image":{"@id":"https:\/\/noticiasmercedinas.com\/site\/2021\/12\/07\/muerte-por-electrocucion-peritos-trabajaran-en-29-y-34\/#primaryimage"},"thumbnailUrl":"https:\/\/noticiasmercedinas.com\/site\/wp-content\/uploads\/2021\/12\/WhatsApp-Image-2021-12-07-at-11.35.14-AM-e1638915764460.jpeg","datePublished":"2021-12-07T22:25:20+00:00","dateModified":"2021-12-08T01:10:01+00:00","breadcrumb":{"@id":"https:\/\/noticiasmercedinas.com\/site\/2021\/12\/07\/muerte-por-electrocucion-peritos-trabajaran-en-29-y-34\/#breadcrumb"},"inLanguage":"es","potentialAction":[{"@type":"ReadAction","target":["https:\/\/noticiasmercedinas.com\/site\/2021\/12\/07\/muerte-por-electrocucion-peritos-trabajaran-en-29-y-34\/"]}]},{"@type":"ImageObject","inLanguage":"es","@id":"https:\/\/noticiasmercedinas.com\/site\/2021\/12\/07\/muerte-por-electrocucion-peritos-trabajaran-en-29-y-34\/#primaryimage","url":"https:\/\/noticiasmercedinas.com\/site\/wp-content\/uploads\/2021\/12\/WhatsApp-Image-2021-12-07-at-11.35.14-AM-e1638915764460.jpeg","contentUrl":"https:\/\/noticiasmercedinas.com\/site\/wp-content\/uploads\/2021\/12\/WhatsApp-Image-2021-12-07-at-11.35.14-AM-e1638915764460.jpeg","width":640,"height":480},{"@type":"BreadcrumbList","@id":"https:\/\/noticiasmercedinas.com\/site\/2021\/12\/07\/muerte-por-electrocucion-peritos-trabajaran-en-29-y-34\/#breadcrumb","itemListElement":[{"@type":"ListItem","position":1,"name":"Portada","item":"https:\/\/noticiasmercedinas.com\/site\/"},{"@type":"ListItem","position":2,"name":"Muerte por electrocuci\u00f3n: peritos trabajar\u00e1n en 29 y 34"}]},{"@type":"WebSite","@id":"https:\/\/noticiasmercedinas.com\/site\/#website","url":"https:\/\/noticiasmercedinas.com\/site\/","name":"NOTICIASMERCEDINAS.COM","description":"Mercedes, Buenos Aires, Argentina","publisher":{"@id":"https:\/\/noticiasmercedinas.com\/site\/#organization"},"potentialAction":[{"@type":"SearchAction","target":{"@type":"EntryPoint","urlTemplate":"https:\/\/noticiasmercedinas.com\/site\/?s={search_term_string}"},"query-input":{"@type":"PropertyValueSpecification","valueRequired":true,"valueName":"search_term_string"}}],"inLanguage":"es"},{"@type":"Organization","@id":"https:\/\/noticiasmercedinas.com\/site\/#organization","name":"NOTICIASMERCEDINAS.COM","url":"https:\/\/noticiasmercedinas.com\/site\/","logo":{"@type":"ImageObject","inLanguage":"es","@id":"https:\/\/noticiasmercedinas.com\/site\/#\/schema\/logo\/image\/","url":"https:\/\/noticiasmercedinas.com\/site\/wp-content\/uploads\/2020\/06\/LOGO-512.jpg","contentUrl":"https:\/\/noticiasmercedinas.com\/site\/wp-content\/uploads\/2020\/06\/LOGO-512.jpg","width":512,"height":512,"caption":"NOTICIASMERCEDINAS.COM"},"image":{"@id":"https:\/\/noticiasmercedinas.com\/site\/#\/schema\/logo\/image\/"},"sameAs":["https:\/\/www.facebook.com\/noticiasmercedinas\/","https:\/\/x.com\/notmercedinas","https:\/\/www.instagram.com\/noticiasmercedinas\/"]},{"@type":"Person","@id":"https:\/\/noticiasmercedinas.com\/site\/#\/schema\/person\/84b59c099c28ff2e8b77d4ceec5d8063","name":"NOTICIASMERCEDINAS.COM","image":{"@type":"ImageObject","inLanguage":"es","@id":"https:\/\/secure.gravatar.com\/avatar\/4dfbf16b4d17945bfb6341b2d19043457132fcf478a5ee04f42e959fd8f5df0a?s=96&d=mm&r=g","url":"https:\/\/secure.gravatar.com\/avatar\/4dfbf16b4d17945bfb6341b2d19043457132fcf478a5ee04f42e959fd8f5df0a?s=96&d=mm&r=g","contentUrl":"https:\/\/secure.gravatar.com\/avatar\/4dfbf16b4d17945bfb6341b2d19043457132fcf478a5ee04f42e959fd8f5df0a?s=96&d=mm&r=g","caption":"NOTICIASMERCEDINAS.COM"},"url":"https:\/\/noticiasmercedinas.com\/site\/author\/anonimo\/"}]}},"amp_enabled":true,"_links":{"self":[{"href":"https:\/\/noticiasmercedinas.com\/site\/wp-json\/wp\/v2\/posts\/81050","targetHints":{"allow":["GET"]}}],"collection":[{"href":"https:\/\/noticiasmercedinas.com\/site\/wp-json\/wp\/v2\/posts"}],"about":[{"href":"https:\/\/noticiasmercedinas.com\/site\/wp-json\/wp\/v2\/types\/post"}],"author":[{"embeddable":true,"href":"https:\/\/noticiasmercedinas.com\/site\/wp-json\/wp\/v2\/users\/16"}],"replies":[{"embeddable":true,"href":"https:\/\/noticiasmercedinas.com\/site\/wp-json\/wp\/v2\/comments?post=81050"}],"version-history":[{"count":4,"href":"https:\/\/noticiasmercedinas.com\/site\/wp-json\/wp\/v2\/posts\/81050\/revisions"}],"predecessor-version":[{"id":81062,"href":"https:\/\/noticiasmercedinas.com\/site\/wp-json\/wp\/v2\/posts\/81050\/revisions\/81062"}],"wp:featuredmedia":[{"embeddable":true,"href":"https:\/\/noticiasmercedinas.com\/site\/wp-json\/wp\/v2\/media\/81051"}],"wp:attachment":[{"href":"https:\/\/noticiasmercedinas.com\/site\/wp-json\/wp\/v2\/media?parent=81050"}],"wp:term":[{"taxonomy":"category","embeddable":true,"href":"https:\/\/noticiasmercedinas.com\/site\/wp-json\/wp\/v2\/categories?post=81050"},{"taxonomy":"post_tag","embeddable":true,"href":"https:\/\/noticiasmercedinas.com\/site\/wp-json\/wp\/v2\/tags?post=81050"}],"curies":[{"name":"wp","href":"https:\/\/api.w.org\/{rel}","templated":true}]}}