{"id":81274,"date":"2021-12-11T08:34:24","date_gmt":"2021-12-11T11:34:24","guid":{"rendered":"https:\/\/noticiasmercedinas.com\/site\/?p=81274"},"modified":"2021-12-11T08:46:30","modified_gmt":"2021-12-11T11:46:30","slug":"mercedes-elegida-historica-firma-de-convenio-entre-municipio-y-naciones-unidas","status":"publish","type":"post","link":"https:\/\/noticiasmercedinas.com\/site\/2021\/12\/11\/mercedes-elegida-historica-firma-de-convenio-entre-municipio-y-naciones-unidas\/","title":{"rendered":"Mercedes elegida: hist\u00f3rica firma de convenio con Naciones Unidas"},"content":{"rendered":"<p><img loading=\"lazy\" decoding=\"async\" class=\"alignnone size-full wp-image-81275\" src=\"https:\/\/noticiasmercedinas.com\/site\/wp-content\/uploads\/2021\/12\/NUD.jpg\" alt=\"\" width=\"640\" height=\"304\" srcset=\"https:\/\/noticiasmercedinas.com\/site\/wp-content\/uploads\/2021\/12\/NUD.jpg 640w, https:\/\/noticiasmercedinas.com\/site\/wp-content\/uploads\/2021\/12\/NUD-300x143.jpg 300w\" sizes=\"auto, (max-width: 640px) 100vw, 640px\" \/><\/p>\n<p>El Municipio de Mercedes fue elegido para trabajar con el Programa de las Naciones Unidas para el Desarrollo.<\/p>\n<p>El objetivo de este convenio es cooperar en el marco de la iniciativa ambiental \u201cPreserVamos\u201d. La integraci\u00f3n permitir\u00e1 desplegar programas socio educativos para cuidado de la naturaleza. La r\u00fabrica realizada por el intendente Juan Ustarroz fue junto a Valent\u00edn Gonz\u00e1lez, residente adjunto en el pa\u00eds de Naciones Unidas.<\/p>\n<p>El intendente Juan Ignacio Ustarroz expres\u00f3: \u201cPara nosotros como ciudad es un honor y un orgullo muy grande trabajar con el programa de Naciones Unidas para el Desarrollo, en una de las tem\u00e1ticas m\u00e1s importantes que ha dejado en claro la pandemia, que es el ambiente, lo cual creo que es muy significativo\u201d<\/p>\n<p>Adem\u00e1s destac\u00f3 la posibilidad de \u201chacerlo con un recurso tan importante como es el agua, la cual en t\u00e9rminos geopol\u00edticos, es uno de los recursos m\u00e1s sustanciales en el mundo, donde no siempre tenemos el nivel de conciencia y de cuidado necesario para preservarla\u201d.<\/p>\n<p>\u201cY hacerlo con un organismo que tiene trayectoria, un conocimiento, saber y herramientas como la que vamos a utilizar, a nosotros nos enriquece mucho, fortalece mucho la capacidad de gobierno que tiene no solamente el Municipio, sino la comunidad\u201d asegur\u00f3 el doctor Ustarroz y remarc\u00f3: \u201cEsperamos prontamente comenzar a trabajar, ponernos a disposici\u00f3n plenamente, para interactuar, cooperar, colaborar y poder implementar este programa en nuestra ciudad y que sea el inicio de una pol\u00edtica p\u00fablica de cuidado del ambiente, del agua y calidad de vida de todos nuestros vecinos\u201d.<\/p>\n<p>Estas herramientas fueron dise\u00f1adas con cient\u00edficos y cient\u00edficas del Conicet que forman parte del equipo de PreserVamos. El municipio de Mercedes participar\u00e1 de una fase de testeo de la herramienta, y fue elegido por su amplio trabajo en la materia.<\/p>\n<p>El Representante Residente adjunto de Naciones Unidas para el Desarrollo, Valent\u00edn Gonz\u00e1lez Le\u00f3n, manifest\u00f3: \u201cEn primer lugar queremos agradecer al intendente Ustarroz por recibirnos en Mercedes, para nosotros es un gran honor trabajar en esta ciudad. Tenemos una data de trabajo en el pa\u00eds muy larga, venimos apoyando y colaborando con el pa\u00eds en muchos temas importantes desde hace ya muchos a\u00f1os\u201d y apunt\u00f3 que \u201cla idea de colaboraci\u00f3n con los Municipio parte de un principio de nuestro administrador que es c\u00f3mo podemos \u201caterrizar\u201d esas ideas y grandes acciones, por eso la idea es salir a buscar cu\u00e1les son las soluciones que se tienen en muchos municipios y ciudades\u201d.<\/p>\n<blockquote><p>\u00abEn marzo vamos a poder realizar los primeros testeos con esta aplicaci\u00f3n que nos permitir\u00e1 saber el estado de los ecosistemas acu\u00e1ticos que tenemos en Mercedes\u00bb<\/p><\/blockquote>\n<p>\u201cPor ello se crearon este tipo de aplicaciones que generan un conjunto de datos para llegar a mejores soluciones, donde el objetivo es poder testear la soluci\u00f3n y por consiguiente poder aplicarla en otros lugares\u201d, indic\u00f3 Gonz\u00e1lez y a\u00f1adi\u00f3: \u201cEstamos muy agradecidos por la recepci\u00f3n, poder trabajar con ustedes y esperamos que la colaboraci\u00f3n pueda avanzar mucho m\u00e1s all\u00e1 de esta acci\u00f3n\u201d.<\/p>\n<p>Juan Cruz Mendia, director de Ambiente de la Municipalidad de Mercedes, cont\u00f3: \u201cLa idea es poder articular una mirada del programa de las Naciones Unidas a nivel local y generar insumos y conocimientos que puedan ser conjugados con las Naciones Unidas. Para nosotros es un desaf\u00edo muy lindo porque nos permite trabajar nuestra concepci\u00f3n local referida al ambiente y llevar nuestra experiencia a una instituci\u00f3n internacional\u201d y apunt\u00f3 que \u201cen marzo vamos a poder realizar los primeros testeos con esta aplicaci\u00f3n que nos permitir\u00e1 saber el estado de los ecosistemas acu\u00e1ticos que tenemos en Mercedes \u2013la reserva del Balta, el R\u00edo Luj\u00e1n, el arroyo Las Pulgas, el Arroyo de Oro, el Arroyo Fr\u00edas, etc- cuencas y lugares que podemos revalorizar, entendiendo que ambiente y calidad de vida van de la mano\u201d.<\/p>\n<p>La primera tarea incorporar\u00e1 a Mercedes en una red tecnol\u00f3gica y aplicaciones que buscan ir generando instancias de trabajo contextualizado a nuestra localidad, con relevamiento de datos y saberes espec\u00edficos.<\/p>\n<p>Fueron parte del convenio, adem\u00e1s, la secretaria de Gobierno, Clara Zunino, el secretario de Salud, N\u00e9stor Pisapia, la secretaria de Desarrollo de la Comunidad, Jorgelina Silva, concejales, instituciones, trabajadores y trabajadoras del \u00e1rea de Ambiente.<\/p>\n<p><iframe loading=\"lazy\" title=\"Firma de convenio entre Mercedes y PNUD\" width=\"640\" height=\"360\" src=\"https:\/\/www.youtube.com\/embed\/JieDTaWGEP4?feature=oembed\" frameborder=\"0\" allow=\"accelerometer; autoplay; clipboard-write; encrypted-media; gyroscope; picture-in-picture; web-share\" referrerpolicy=\"strict-origin-when-cross-origin\" allowfullscreen><\/iframe><\/p>\n<p>&nbsp;<\/p>\n","protected":false},"excerpt":{"rendered":"<p>\u25a0 En ambiente, con herramientas dise\u00f1adas por el Conicet y el equipo de PreserVamos. El municipio  participar\u00e1 de una fase de testeo de la herramienta, y fue elegido por su amplio trabajo en la materia.<\/p>\n","protected":false},"author":16,"featured_media":81275,"comment_status":"open","ping_status":"open","sticky":false,"template":"","format":"standard","meta":{"footnotes":""},"categories":[3],"tags":[1347,852,9297,13424],"class_list":["post-81274","post","type-post","status-publish","format-standard","has-post-thumbnail","hentry","category-sociedad","tag-ambiente","tag-gobierno","tag-naciones-unidas","tag-pnud"],"yoast_head":"<!-- This site is optimized with the Yoast SEO plugin v27.5 - https:\/\/yoast.com\/product\/yoast-seo-wordpress\/ -->\n<title>Mercedes elegida: hist\u00f3rica firma de convenio con Naciones Unidas<\/title>\n<meta name=\"robots\" content=\"index, follow, max-snippet:-1, max-image-preview:large, max-video-preview:-1\" \/>\n<link rel=\"canonical\" href=\"https:\/\/noticiasmercedinas.com\/site\/2021\/12\/11\/mercedes-elegida-historica-firma-de-convenio-entre-municipio-y-naciones-unidas\/\" \/>\n<meta property=\"og:locale\" content=\"es_ES\" \/>\n<meta property=\"og:type\" content=\"article\" \/>\n<meta property=\"og:title\" content=\"Mercedes elegida: hist\u00f3rica firma de convenio con Naciones Unidas\" \/>\n<meta property=\"og:description\" content=\"\u25a0 En ambiente, con herramientas dise\u00f1adas por el Conicet y el equipo de PreserVamos. El municipio participar\u00e1 de una fase de testeo de la herramienta, y fue elegido por su amplio trabajo en la materia.\" \/>\n<meta property=\"og:url\" content=\"https:\/\/noticiasmercedinas.com\/site\/2021\/12\/11\/mercedes-elegida-historica-firma-de-convenio-entre-municipio-y-naciones-unidas\/\" \/>\n<meta property=\"og:site_name\" content=\"NOTICIASMERCEDINAS.COM\" \/>\n<meta property=\"article:publisher\" content=\"https:\/\/www.facebook.com\/noticiasmercedinas\/\" \/>\n<meta property=\"article:published_time\" content=\"2021-12-11T11:34:24+00:00\" \/>\n<meta property=\"article:modified_time\" content=\"2021-12-11T11:46:30+00:00\" \/>\n<meta property=\"og:image\" content=\"https:\/\/noticiasmercedinas.com\/site\/wp-content\/uploads\/2021\/12\/NUD.jpg\" \/>\n\t<meta property=\"og:image:width\" content=\"640\" \/>\n\t<meta property=\"og:image:height\" content=\"304\" \/>\n\t<meta property=\"og:image:type\" content=\"image\/jpeg\" \/>\n<meta name=\"author\" content=\"NOTICIASMERCEDINAS.COM\" \/>\n<meta name=\"twitter:card\" content=\"summary_large_image\" \/>\n<meta name=\"twitter:creator\" content=\"@notmercedinas\" \/>\n<meta name=\"twitter:site\" content=\"@notmercedinas\" \/>\n<meta name=\"twitter:label1\" content=\"Escrito por\" \/>\n\t<meta name=\"twitter:data1\" content=\"NOTICIASMERCEDINAS.COM\" \/>\n\t<meta name=\"twitter:label2\" content=\"Tiempo de lectura\" \/>\n\t<meta name=\"twitter:data2\" content=\"4 minutos\" \/>\n<script type=\"application\/ld+json\" class=\"yoast-schema-graph\">{\"@context\":\"https:\\\/\\\/schema.org\",\"@graph\":[{\"@type\":\"Article\",\"@id\":\"https:\\\/\\\/noticiasmercedinas.com\\\/site\\\/2021\\\/12\\\/11\\\/mercedes-elegida-historica-firma-de-convenio-entre-municipio-y-naciones-unidas\\\/#article\",\"isPartOf\":{\"@id\":\"https:\\\/\\\/noticiasmercedinas.com\\\/site\\\/2021\\\/12\\\/11\\\/mercedes-elegida-historica-firma-de-convenio-entre-municipio-y-naciones-unidas\\\/\"},\"author\":{\"name\":\"NOTICIASMERCEDINAS.COM\",\"@id\":\"https:\\\/\\\/noticiasmercedinas.com\\\/site\\\/#\\\/schema\\\/person\\\/84b59c099c28ff2e8b77d4ceec5d8063\"},\"headline\":\"Mercedes elegida: hist\u00f3rica firma de convenio con Naciones Unidas\",\"datePublished\":\"2021-12-11T11:34:24+00:00\",\"dateModified\":\"2021-12-11T11:46:30+00:00\",\"mainEntityOfPage\":{\"@id\":\"https:\\\/\\\/noticiasmercedinas.com\\\/site\\\/2021\\\/12\\\/11\\\/mercedes-elegida-historica-firma-de-convenio-entre-municipio-y-naciones-unidas\\\/\"},\"wordCount\":747,\"commentCount\":0,\"publisher\":{\"@id\":\"https:\\\/\\\/noticiasmercedinas.com\\\/site\\\/#organization\"},\"image\":{\"@id\":\"https:\\\/\\\/noticiasmercedinas.com\\\/site\\\/2021\\\/12\\\/11\\\/mercedes-elegida-historica-firma-de-convenio-entre-municipio-y-naciones-unidas\\\/#primaryimage\"},\"thumbnailUrl\":\"https:\\\/\\\/noticiasmercedinas.com\\\/site\\\/wp-content\\\/uploads\\\/2021\\\/12\\\/NUD.jpg\",\"keywords\":[\"ambiente\",\"gobierno\",\"naciones unidas\",\"pnud\"],\"articleSection\":[\"Sociedad\"],\"inLanguage\":\"es\",\"potentialAction\":[{\"@type\":\"CommentAction\",\"name\":\"Comment\",\"target\":[\"https:\\\/\\\/noticiasmercedinas.com\\\/site\\\/2021\\\/12\\\/11\\\/mercedes-elegida-historica-firma-de-convenio-entre-municipio-y-naciones-unidas\\\/#respond\"]}]},{\"@type\":\"WebPage\",\"@id\":\"https:\\\/\\\/noticiasmercedinas.com\\\/site\\\/2021\\\/12\\\/11\\\/mercedes-elegida-historica-firma-de-convenio-entre-municipio-y-naciones-unidas\\\/\",\"url\":\"https:\\\/\\\/noticiasmercedinas.com\\\/site\\\/2021\\\/12\\\/11\\\/mercedes-elegida-historica-firma-de-convenio-entre-municipio-y-naciones-unidas\\\/\",\"name\":\"Mercedes elegida: hist\u00f3rica firma de convenio con Naciones Unidas\",\"isPartOf\":{\"@id\":\"https:\\\/\\\/noticiasmercedinas.com\\\/site\\\/#website\"},\"primaryImageOfPage\":{\"@id\":\"https:\\\/\\\/noticiasmercedinas.com\\\/site\\\/2021\\\/12\\\/11\\\/mercedes-elegida-historica-firma-de-convenio-entre-municipio-y-naciones-unidas\\\/#primaryimage\"},\"image\":{\"@id\":\"https:\\\/\\\/noticiasmercedinas.com\\\/site\\\/2021\\\/12\\\/11\\\/mercedes-elegida-historica-firma-de-convenio-entre-municipio-y-naciones-unidas\\\/#primaryimage\"},\"thumbnailUrl\":\"https:\\\/\\\/noticiasmercedinas.com\\\/site\\\/wp-content\\\/uploads\\\/2021\\\/12\\\/NUD.jpg\",\"datePublished\":\"2021-12-11T11:34:24+00:00\",\"dateModified\":\"2021-12-11T11:46:30+00:00\",\"breadcrumb\":{\"@id\":\"https:\\\/\\\/noticiasmercedinas.com\\\/site\\\/2021\\\/12\\\/11\\\/mercedes-elegida-historica-firma-de-convenio-entre-municipio-y-naciones-unidas\\\/#breadcrumb\"},\"inLanguage\":\"es\",\"potentialAction\":[{\"@type\":\"ReadAction\",\"target\":[\"https:\\\/\\\/noticiasmercedinas.com\\\/site\\\/2021\\\/12\\\/11\\\/mercedes-elegida-historica-firma-de-convenio-entre-municipio-y-naciones-unidas\\\/\"]}]},{\"@type\":\"ImageObject\",\"inLanguage\":\"es\",\"@id\":\"https:\\\/\\\/noticiasmercedinas.com\\\/site\\\/2021\\\/12\\\/11\\\/mercedes-elegida-historica-firma-de-convenio-entre-municipio-y-naciones-unidas\\\/#primaryimage\",\"url\":\"https:\\\/\\\/noticiasmercedinas.com\\\/site\\\/wp-content\\\/uploads\\\/2021\\\/12\\\/NUD.jpg\",\"contentUrl\":\"https:\\\/\\\/noticiasmercedinas.com\\\/site\\\/wp-content\\\/uploads\\\/2021\\\/12\\\/NUD.jpg\",\"width\":640,\"height\":304},{\"@type\":\"BreadcrumbList\",\"@id\":\"https:\\\/\\\/noticiasmercedinas.com\\\/site\\\/2021\\\/12\\\/11\\\/mercedes-elegida-historica-firma-de-convenio-entre-municipio-y-naciones-unidas\\\/#breadcrumb\",\"itemListElement\":[{\"@type\":\"ListItem\",\"position\":1,\"name\":\"Portada\",\"item\":\"https:\\\/\\\/noticiasmercedinas.com\\\/site\\\/\"},{\"@type\":\"ListItem\",\"position\":2,\"name\":\"Mercedes elegida: hist\u00f3rica firma de convenio con Naciones Unidas\"}]},{\"@type\":\"WebSite\",\"@id\":\"https:\\\/\\\/noticiasmercedinas.com\\\/site\\\/#website\",\"url\":\"https:\\\/\\\/noticiasmercedinas.com\\\/site\\\/\",\"name\":\"NOTICIASMERCEDINAS.COM\",\"description\":\"Mercedes, Buenos Aires, Argentina\",\"publisher\":{\"@id\":\"https:\\\/\\\/noticiasmercedinas.com\\\/site\\\/#organization\"},\"potentialAction\":[{\"@type\":\"SearchAction\",\"target\":{\"@type\":\"EntryPoint\",\"urlTemplate\":\"https:\\\/\\\/noticiasmercedinas.com\\\/site\\\/?s={search_term_string}\"},\"query-input\":{\"@type\":\"PropertyValueSpecification\",\"valueRequired\":true,\"valueName\":\"search_term_string\"}}],\"inLanguage\":\"es\"},{\"@type\":\"Organization\",\"@id\":\"https:\\\/\\\/noticiasmercedinas.com\\\/site\\\/#organization\",\"name\":\"NOTICIASMERCEDINAS.COM\",\"url\":\"https:\\\/\\\/noticiasmercedinas.com\\\/site\\\/\",\"logo\":{\"@type\":\"ImageObject\",\"inLanguage\":\"es\",\"@id\":\"https:\\\/\\\/noticiasmercedinas.com\\\/site\\\/#\\\/schema\\\/logo\\\/image\\\/\",\"url\":\"https:\\\/\\\/noticiasmercedinas.com\\\/site\\\/wp-content\\\/uploads\\\/2020\\\/06\\\/LOGO-512.jpg\",\"contentUrl\":\"https:\\\/\\\/noticiasmercedinas.com\\\/site\\\/wp-content\\\/uploads\\\/2020\\\/06\\\/LOGO-512.jpg\",\"width\":512,\"height\":512,\"caption\":\"NOTICIASMERCEDINAS.COM\"},\"image\":{\"@id\":\"https:\\\/\\\/noticiasmercedinas.com\\\/site\\\/#\\\/schema\\\/logo\\\/image\\\/\"},\"sameAs\":[\"https:\\\/\\\/www.facebook.com\\\/noticiasmercedinas\\\/\",\"https:\\\/\\\/x.com\\\/notmercedinas\",\"https:\\\/\\\/www.instagram.com\\\/noticiasmercedinas\\\/\"]},{\"@type\":\"Person\",\"@id\":\"https:\\\/\\\/noticiasmercedinas.com\\\/site\\\/#\\\/schema\\\/person\\\/84b59c099c28ff2e8b77d4ceec5d8063\",\"name\":\"NOTICIASMERCEDINAS.COM\",\"image\":{\"@type\":\"ImageObject\",\"inLanguage\":\"es\",\"@id\":\"https:\\\/\\\/secure.gravatar.com\\\/avatar\\\/4dfbf16b4d17945bfb6341b2d19043457132fcf478a5ee04f42e959fd8f5df0a?s=96&d=mm&r=g\",\"url\":\"https:\\\/\\\/secure.gravatar.com\\\/avatar\\\/4dfbf16b4d17945bfb6341b2d19043457132fcf478a5ee04f42e959fd8f5df0a?s=96&d=mm&r=g\",\"contentUrl\":\"https:\\\/\\\/secure.gravatar.com\\\/avatar\\\/4dfbf16b4d17945bfb6341b2d19043457132fcf478a5ee04f42e959fd8f5df0a?s=96&d=mm&r=g\",\"caption\":\"NOTICIASMERCEDINAS.COM\"},\"url\":\"https:\\\/\\\/noticiasmercedinas.com\\\/site\\\/author\\\/anonimo\\\/\"}]}<\/script>\n<!-- \/ Yoast SEO plugin. -->","yoast_head_json":{"title":"Mercedes elegida: hist\u00f3rica firma de convenio con Naciones Unidas","robots":{"index":"index","follow":"follow","max-snippet":"max-snippet:-1","max-image-preview":"max-image-preview:large","max-video-preview":"max-video-preview:-1"},"canonical":"https:\/\/noticiasmercedinas.com\/site\/2021\/12\/11\/mercedes-elegida-historica-firma-de-convenio-entre-municipio-y-naciones-unidas\/","og_locale":"es_ES","og_type":"article","og_title":"Mercedes elegida: hist\u00f3rica firma de convenio con Naciones Unidas","og_description":"\u25a0 En ambiente, con herramientas dise\u00f1adas por el Conicet y el equipo de PreserVamos. El municipio participar\u00e1 de una fase de testeo de la herramienta, y fue elegido por su amplio trabajo en la materia.","og_url":"https:\/\/noticiasmercedinas.com\/site\/2021\/12\/11\/mercedes-elegida-historica-firma-de-convenio-entre-municipio-y-naciones-unidas\/","og_site_name":"NOTICIASMERCEDINAS.COM","article_publisher":"https:\/\/www.facebook.com\/noticiasmercedinas\/","article_published_time":"2021-12-11T11:34:24+00:00","article_modified_time":"2021-12-11T11:46:30+00:00","og_image":[{"width":640,"height":304,"url":"https:\/\/noticiasmercedinas.com\/site\/wp-content\/uploads\/2021\/12\/NUD.jpg","type":"image\/jpeg"}],"author":"NOTICIASMERCEDINAS.COM","twitter_card":"summary_large_image","twitter_creator":"@notmercedinas","twitter_site":"@notmercedinas","twitter_misc":{"Escrito por":"NOTICIASMERCEDINAS.COM","Tiempo de lectura":"4 minutos"},"schema":{"@context":"https:\/\/schema.org","@graph":[{"@type":"Article","@id":"https:\/\/noticiasmercedinas.com\/site\/2021\/12\/11\/mercedes-elegida-historica-firma-de-convenio-entre-municipio-y-naciones-unidas\/#article","isPartOf":{"@id":"https:\/\/noticiasmercedinas.com\/site\/2021\/12\/11\/mercedes-elegida-historica-firma-de-convenio-entre-municipio-y-naciones-unidas\/"},"author":{"name":"NOTICIASMERCEDINAS.COM","@id":"https:\/\/noticiasmercedinas.com\/site\/#\/schema\/person\/84b59c099c28ff2e8b77d4ceec5d8063"},"headline":"Mercedes elegida: hist\u00f3rica firma de convenio con Naciones Unidas","datePublished":"2021-12-11T11:34:24+00:00","dateModified":"2021-12-11T11:46:30+00:00","mainEntityOfPage":{"@id":"https:\/\/noticiasmercedinas.com\/site\/2021\/12\/11\/mercedes-elegida-historica-firma-de-convenio-entre-municipio-y-naciones-unidas\/"},"wordCount":747,"commentCount":0,"publisher":{"@id":"https:\/\/noticiasmercedinas.com\/site\/#organization"},"image":{"@id":"https:\/\/noticiasmercedinas.com\/site\/2021\/12\/11\/mercedes-elegida-historica-firma-de-convenio-entre-municipio-y-naciones-unidas\/#primaryimage"},"thumbnailUrl":"https:\/\/noticiasmercedinas.com\/site\/wp-content\/uploads\/2021\/12\/NUD.jpg","keywords":["ambiente","gobierno","naciones unidas","pnud"],"articleSection":["Sociedad"],"inLanguage":"es","potentialAction":[{"@type":"CommentAction","name":"Comment","target":["https:\/\/noticiasmercedinas.com\/site\/2021\/12\/11\/mercedes-elegida-historica-firma-de-convenio-entre-municipio-y-naciones-unidas\/#respond"]}]},{"@type":"WebPage","@id":"https:\/\/noticiasmercedinas.com\/site\/2021\/12\/11\/mercedes-elegida-historica-firma-de-convenio-entre-municipio-y-naciones-unidas\/","url":"https:\/\/noticiasmercedinas.com\/site\/2021\/12\/11\/mercedes-elegida-historica-firma-de-convenio-entre-municipio-y-naciones-unidas\/","name":"Mercedes elegida: hist\u00f3rica firma de convenio con Naciones Unidas","isPartOf":{"@id":"https:\/\/noticiasmercedinas.com\/site\/#website"},"primaryImageOfPage":{"@id":"https:\/\/noticiasmercedinas.com\/site\/2021\/12\/11\/mercedes-elegida-historica-firma-de-convenio-entre-municipio-y-naciones-unidas\/#primaryimage"},"image":{"@id":"https:\/\/noticiasmercedinas.com\/site\/2021\/12\/11\/mercedes-elegida-historica-firma-de-convenio-entre-municipio-y-naciones-unidas\/#primaryimage"},"thumbnailUrl":"https:\/\/noticiasmercedinas.com\/site\/wp-content\/uploads\/2021\/12\/NUD.jpg","datePublished":"2021-12-11T11:34:24+00:00","dateModified":"2021-12-11T11:46:30+00:00","breadcrumb":{"@id":"https:\/\/noticiasmercedinas.com\/site\/2021\/12\/11\/mercedes-elegida-historica-firma-de-convenio-entre-municipio-y-naciones-unidas\/#breadcrumb"},"inLanguage":"es","potentialAction":[{"@type":"ReadAction","target":["https:\/\/noticiasmercedinas.com\/site\/2021\/12\/11\/mercedes-elegida-historica-firma-de-convenio-entre-municipio-y-naciones-unidas\/"]}]},{"@type":"ImageObject","inLanguage":"es","@id":"https:\/\/noticiasmercedinas.com\/site\/2021\/12\/11\/mercedes-elegida-historica-firma-de-convenio-entre-municipio-y-naciones-unidas\/#primaryimage","url":"https:\/\/noticiasmercedinas.com\/site\/wp-content\/uploads\/2021\/12\/NUD.jpg","contentUrl":"https:\/\/noticiasmercedinas.com\/site\/wp-content\/uploads\/2021\/12\/NUD.jpg","width":640,"height":304},{"@type":"BreadcrumbList","@id":"https:\/\/noticiasmercedinas.com\/site\/2021\/12\/11\/mercedes-elegida-historica-firma-de-convenio-entre-municipio-y-naciones-unidas\/#breadcrumb","itemListElement":[{"@type":"ListItem","position":1,"name":"Portada","item":"https:\/\/noticiasmercedinas.com\/site\/"},{"@type":"ListItem","position":2,"name":"Mercedes elegida: hist\u00f3rica firma de convenio con Naciones Unidas"}]},{"@type":"WebSite","@id":"https:\/\/noticiasmercedinas.com\/site\/#website","url":"https:\/\/noticiasmercedinas.com\/site\/","name":"NOTICIASMERCEDINAS.COM","description":"Mercedes, Buenos Aires, Argentina","publisher":{"@id":"https:\/\/noticiasmercedinas.com\/site\/#organization"},"potentialAction":[{"@type":"SearchAction","target":{"@type":"EntryPoint","urlTemplate":"https:\/\/noticiasmercedinas.com\/site\/?s={search_term_string}"},"query-input":{"@type":"PropertyValueSpecification","valueRequired":true,"valueName":"search_term_string"}}],"inLanguage":"es"},{"@type":"Organization","@id":"https:\/\/noticiasmercedinas.com\/site\/#organization","name":"NOTICIASMERCEDINAS.COM","url":"https:\/\/noticiasmercedinas.com\/site\/","logo":{"@type":"ImageObject","inLanguage":"es","@id":"https:\/\/noticiasmercedinas.com\/site\/#\/schema\/logo\/image\/","url":"https:\/\/noticiasmercedinas.com\/site\/wp-content\/uploads\/2020\/06\/LOGO-512.jpg","contentUrl":"https:\/\/noticiasmercedinas.com\/site\/wp-content\/uploads\/2020\/06\/LOGO-512.jpg","width":512,"height":512,"caption":"NOTICIASMERCEDINAS.COM"},"image":{"@id":"https:\/\/noticiasmercedinas.com\/site\/#\/schema\/logo\/image\/"},"sameAs":["https:\/\/www.facebook.com\/noticiasmercedinas\/","https:\/\/x.com\/notmercedinas","https:\/\/www.instagram.com\/noticiasmercedinas\/"]},{"@type":"Person","@id":"https:\/\/noticiasmercedinas.com\/site\/#\/schema\/person\/84b59c099c28ff2e8b77d4ceec5d8063","name":"NOTICIASMERCEDINAS.COM","image":{"@type":"ImageObject","inLanguage":"es","@id":"https:\/\/secure.gravatar.com\/avatar\/4dfbf16b4d17945bfb6341b2d19043457132fcf478a5ee04f42e959fd8f5df0a?s=96&d=mm&r=g","url":"https:\/\/secure.gravatar.com\/avatar\/4dfbf16b4d17945bfb6341b2d19043457132fcf478a5ee04f42e959fd8f5df0a?s=96&d=mm&r=g","contentUrl":"https:\/\/secure.gravatar.com\/avatar\/4dfbf16b4d17945bfb6341b2d19043457132fcf478a5ee04f42e959fd8f5df0a?s=96&d=mm&r=g","caption":"NOTICIASMERCEDINAS.COM"},"url":"https:\/\/noticiasmercedinas.com\/site\/author\/anonimo\/"}]}},"amp_enabled":true,"_links":{"self":[{"href":"https:\/\/noticiasmercedinas.com\/site\/wp-json\/wp\/v2\/posts\/81274","targetHints":{"allow":["GET"]}}],"collection":[{"href":"https:\/\/noticiasmercedinas.com\/site\/wp-json\/wp\/v2\/posts"}],"about":[{"href":"https:\/\/noticiasmercedinas.com\/site\/wp-json\/wp\/v2\/types\/post"}],"author":[{"embeddable":true,"href":"https:\/\/noticiasmercedinas.com\/site\/wp-json\/wp\/v2\/users\/16"}],"replies":[{"embeddable":true,"href":"https:\/\/noticiasmercedinas.com\/site\/wp-json\/wp\/v2\/comments?post=81274"}],"version-history":[{"count":2,"href":"https:\/\/noticiasmercedinas.com\/site\/wp-json\/wp\/v2\/posts\/81274\/revisions"}],"predecessor-version":[{"id":81284,"href":"https:\/\/noticiasmercedinas.com\/site\/wp-json\/wp\/v2\/posts\/81274\/revisions\/81284"}],"wp:featuredmedia":[{"embeddable":true,"href":"https:\/\/noticiasmercedinas.com\/site\/wp-json\/wp\/v2\/media\/81275"}],"wp:attachment":[{"href":"https:\/\/noticiasmercedinas.com\/site\/wp-json\/wp\/v2\/media?parent=81274"}],"wp:term":[{"taxonomy":"category","embeddable":true,"href":"https:\/\/noticiasmercedinas.com\/site\/wp-json\/wp\/v2\/categories?post=81274"},{"taxonomy":"post_tag","embeddable":true,"href":"https:\/\/noticiasmercedinas.com\/site\/wp-json\/wp\/v2\/tags?post=81274"}],"curies":[{"name":"wp","href":"https:\/\/api.w.org\/{rel}","templated":true}]}}