{"id":81632,"date":"2021-12-15T19:44:48","date_gmt":"2021-12-15T22:44:48","guid":{"rendered":"https:\/\/noticiasmercedinas.com\/site\/?p=81632"},"modified":"2021-12-15T19:44:48","modified_gmt":"2021-12-15T22:44:48","slug":"mercedes-fue-ejemplo-en-el-encuentro-federal-de-los-1000-dias-en-tecnopolis","status":"publish","type":"post","link":"https:\/\/noticiasmercedinas.com\/site\/2021\/12\/15\/mercedes-fue-ejemplo-en-el-encuentro-federal-de-los-1000-dias-en-tecnopolis\/","title":{"rendered":"Mercedes fue ejemplo en el Encuentro Federal de los 1000 D\u00edas en Tecn\u00f3polis"},"content":{"rendered":"<p><img loading=\"lazy\" decoding=\"async\" class=\"alignnone size-full wp-image-81633\" src=\"https:\/\/noticiasmercedinas.com\/site\/wp-content\/uploads\/2021\/12\/1000D.jpg\" alt=\"\" width=\"960\" height=\"613\" srcset=\"https:\/\/noticiasmercedinas.com\/site\/wp-content\/uploads\/2021\/12\/1000D.jpg 960w, https:\/\/noticiasmercedinas.com\/site\/wp-content\/uploads\/2021\/12\/1000D-300x192.jpg 300w, https:\/\/noticiasmercedinas.com\/site\/wp-content\/uploads\/2021\/12\/1000D-768x490.jpg 768w, https:\/\/noticiasmercedinas.com\/site\/wp-content\/uploads\/2021\/12\/1000D-640x409.jpg 640w, https:\/\/noticiasmercedinas.com\/site\/wp-content\/uploads\/2021\/12\/1000D-681x435.jpg 681w\" sizes=\"auto, (max-width: 960px) 100vw, 960px\" \/><\/p>\n<p>El intendente Juan Ustarroz expuso en el 1\u00ba Encuentro Federal de los 1000 D\u00edas en Tecn\u00f3polis narrando la experiencia de Mercedes que ha sido reconocida por organismos como UNICEF, el Senado y nacionalizado a trav\u00e9s de una ley. El jefe comunal estuvo acompa\u00f1ado del equipo del Programa Primeros Mil D\u00edas de la secretar\u00eda de Salud. Se mont\u00f3 un stand, se entreg\u00f3 folleter\u00eda y se mostr\u00f3 a 2500 participantes de todas las provincias el exitoso proceso que se desarrolla en nuestro Parido.<\/p>\n<p>Nuestra ciudad ha sido considerada ejemplo en t\u00e9rminos de implementaci\u00f3n del programa por la variedad de intervenciones que se ejecutan. Entre ellas se destacan los controles m\u00e9dicos, nutricionales, ex\u00e1menes complementarios, mejoras habitacionales, talleres, intervenciones culturales, capacitaci\u00f3n ambiental, educaci\u00f3n, programa de reinserci\u00f3n escolar, acceso a la justicia, confecci\u00f3n y entrega de cunas, entrega de juguetes del taller de g\u00e9nero, abuelas tejedoras generadoras de ropitas, intervenciones culturales y deportivas, bosque de la memoria, entre otras acciones contemplando m\u00faltiples dispositivos, como los CAPS, Centro de Diagn\u00f3stico, creaci\u00f3n de espacios amigables, Puericultura y sede en el Hospital Dubarry.<\/p>\n<p>Todas estas intervenciones, de amplia cobertura social, fueron tambi\u00e9n expuestas en la reuni\u00f3n general de Tecn\u00f3polis.<\/p>\n<p>Fueron parte tambi\u00e9n el secretario de Salud, doctor N\u00e9stor Pisapia, la subsecretaria licenciada Marianela Arenillas, la secretaria de Desarrollo de la Comunidad, licenciada Jorgelina Silva, el director del Hospital Dubarry, doctor Pablo Cassiani, entre otros integrantes de los equipos de trabajo.<\/p>\n<p>El encuentro estuvo encabezado por el presidente de la Naci\u00f3n, Dr. Alberto Fern\u00e1ndez, contando con la participaci\u00f3n de las ministras de Salud, Carla Vizzotti; y de Mujeres, G\u00e9neros y Diversidad, Elizabeth G\u00f3mez Alcorta; la secretaria de Legal y T\u00e9cnica, Vilma Ibarra; y la titular de ANSES, Fernanda Raverta.<\/p>\n<p>\u201cEs un honor tener esta invitaci\u00f3n\u201d dijo el intendente Ustarroz, que narr\u00f3 que \u201call\u00e1 por el a\u00f1o 2016 iniciamos la planificaci\u00f3n de este programa que se materializa en 2017\u201d para luego realizar un an\u00e1lisis institucional y legal del tema.<\/p>\n<p>\u201cPrimero sentamos a todos los actores del municipio y luego de la comunidad en post de objetivos cumplibles, ordenando desde la salud primero, para avanzar en otros aspectos, siempre abriendo la participaci\u00f3n de la comunidad\u201d mencion\u00f3, dando como ejemplo las \u201cabuelas tejedoras\u201d.<\/p>\n<p>Cada uno de los aspectos anteriormente detallados fueron expuestos ante el auditorio, desde los recursos dispuestos a la interinstitucionalidad, interdisciplinariedad y protecci\u00f3n integral, donde tambi\u00e9n \u201cse articula la atenci\u00f3n primaria con el hospital provincial\u201d sostuvo y destac\u00f3 que \u201chemos consolidado un sistema\u201d sin olvidar \u201cel seguimiento que se hace, durante el embazo, pero despu\u00e9s tambi\u00e9n\u201d con un crecimiento que permiti\u00f3 \u201cperspectivas de g\u00e9nero, ambiental, educativo, deportivo, cultural, formativo, de encuentro, construyendo consciencia y un futuro mejor\u201d desde \u201cun Estado que construye comunidad y una comunidad que construye el Estado\u201d siendo un \u201cespacio de planificaci\u00f3n y encuentra con resultados concretos\u201d con \u201cdesaf\u00edas a\u00f1o a a\u00f1o, construyendo una comunidad que forme parte activa en la construcci\u00f3n de pol\u00edticas p\u00fablicas\u201d, sostuvo el intendente Ustarroz entre otros conceptos.<\/p>\n<p>Asistieron a la actividad, que se llev\u00f3 a cabo durante toda la jornada, personas de todo el pa\u00eds que participaron de talleres y charlas debate sobre seguridad social, identidad, acompa\u00f1amiento prenatal, parto respetado, alimentaci\u00f3n y lactancia, crianza y comunidad, desarrollo infantil, ni\u00f1eces con cuidados especiales de atenci\u00f3n, violencias por motivos de g\u00e9nero, y embarazos en adolescentes, entre otros.<\/p>\n<p>En ese marco, se analizaron los avances en la aplicaci\u00f3n de la ley de Atenci\u00f3n y Cuidado Integral de la Salud durante el Embarazo y la Primera Infancia (N\u00b0 27.611), que fue aprobada el 30 de diciembre de 2020 por el Congreso de la Naci\u00f3n.<\/p>\n","protected":false},"excerpt":{"rendered":"<p>\u25a0 Nuestra ciudad ha sido considerada ejemplo en t\u00e9rminos de implementaci\u00f3n del programa por la variedad de intervenciones que se ejecutan. El trabajo fue expuesto en la reuni\u00f3n general de Tecn\u00f3polis.<\/p>\n","protected":false},"author":16,"featured_media":81633,"comment_status":"open","ping_status":"open","sticky":false,"template":"","format":"standard","meta":{"footnotes":""},"categories":[3],"tags":[5701,71,12682],"class_list":["post-81632","post","type-post","status-publish","format-standard","has-post-thumbnail","hentry","category-sociedad","tag-primeros-1000-dias","tag-salud","tag-tecnopolis"],"yoast_head":"<!-- This site is optimized with the Yoast SEO plugin v27.5 - https:\/\/yoast.com\/product\/yoast-seo-wordpress\/ -->\n<title>Mercedes fue ejemplo en el Encuentro Federal de los 1000 D\u00edas en Tecn\u00f3polis<\/title>\n<meta name=\"robots\" content=\"index, follow, max-snippet:-1, max-image-preview:large, max-video-preview:-1\" \/>\n<link rel=\"canonical\" href=\"https:\/\/noticiasmercedinas.com\/site\/2021\/12\/15\/mercedes-fue-ejemplo-en-el-encuentro-federal-de-los-1000-dias-en-tecnopolis\/\" \/>\n<meta property=\"og:locale\" content=\"es_ES\" \/>\n<meta property=\"og:type\" content=\"article\" \/>\n<meta property=\"og:title\" content=\"Mercedes fue ejemplo en el Encuentro Federal de los 1000 D\u00edas en Tecn\u00f3polis\" \/>\n<meta property=\"og:description\" content=\"\u25a0 Nuestra ciudad ha sido considerada ejemplo en t\u00e9rminos de implementaci\u00f3n del programa por la variedad de intervenciones que se ejecutan. El trabajo fue expuesto en la reuni\u00f3n general de Tecn\u00f3polis.\" \/>\n<meta property=\"og:url\" content=\"https:\/\/noticiasmercedinas.com\/site\/2021\/12\/15\/mercedes-fue-ejemplo-en-el-encuentro-federal-de-los-1000-dias-en-tecnopolis\/\" \/>\n<meta property=\"og:site_name\" content=\"NOTICIASMERCEDINAS.COM\" \/>\n<meta property=\"article:publisher\" content=\"https:\/\/www.facebook.com\/noticiasmercedinas\/\" \/>\n<meta property=\"article:published_time\" content=\"2021-12-15T22:44:48+00:00\" \/>\n<meta property=\"og:image\" content=\"https:\/\/noticiasmercedinas.com\/site\/wp-content\/uploads\/2021\/12\/1000D.jpg\" \/>\n\t<meta property=\"og:image:width\" content=\"960\" \/>\n\t<meta property=\"og:image:height\" content=\"613\" \/>\n\t<meta property=\"og:image:type\" content=\"image\/jpeg\" \/>\n<meta name=\"author\" content=\"NOTICIASMERCEDINAS.COM\" \/>\n<meta name=\"twitter:card\" content=\"summary_large_image\" \/>\n<meta name=\"twitter:creator\" content=\"@notmercedinas\" \/>\n<meta name=\"twitter:site\" content=\"@notmercedinas\" \/>\n<meta name=\"twitter:label1\" content=\"Escrito por\" \/>\n\t<meta name=\"twitter:data1\" content=\"NOTICIASMERCEDINAS.COM\" \/>\n\t<meta name=\"twitter:label2\" content=\"Tiempo de lectura\" \/>\n\t<meta name=\"twitter:data2\" content=\"3 minutos\" \/>\n<script type=\"application\/ld+json\" class=\"yoast-schema-graph\">{\"@context\":\"https:\\\/\\\/schema.org\",\"@graph\":[{\"@type\":\"Article\",\"@id\":\"https:\\\/\\\/noticiasmercedinas.com\\\/site\\\/2021\\\/12\\\/15\\\/mercedes-fue-ejemplo-en-el-encuentro-federal-de-los-1000-dias-en-tecnopolis\\\/#article\",\"isPartOf\":{\"@id\":\"https:\\\/\\\/noticiasmercedinas.com\\\/site\\\/2021\\\/12\\\/15\\\/mercedes-fue-ejemplo-en-el-encuentro-federal-de-los-1000-dias-en-tecnopolis\\\/\"},\"author\":{\"name\":\"NOTICIASMERCEDINAS.COM\",\"@id\":\"https:\\\/\\\/noticiasmercedinas.com\\\/site\\\/#\\\/schema\\\/person\\\/84b59c099c28ff2e8b77d4ceec5d8063\"},\"headline\":\"Mercedes fue ejemplo en el Encuentro Federal de los 1000 D\u00edas en Tecn\u00f3polis\",\"datePublished\":\"2021-12-15T22:44:48+00:00\",\"mainEntityOfPage\":{\"@id\":\"https:\\\/\\\/noticiasmercedinas.com\\\/site\\\/2021\\\/12\\\/15\\\/mercedes-fue-ejemplo-en-el-encuentro-federal-de-los-1000-dias-en-tecnopolis\\\/\"},\"wordCount\":651,\"commentCount\":0,\"publisher\":{\"@id\":\"https:\\\/\\\/noticiasmercedinas.com\\\/site\\\/#organization\"},\"image\":{\"@id\":\"https:\\\/\\\/noticiasmercedinas.com\\\/site\\\/2021\\\/12\\\/15\\\/mercedes-fue-ejemplo-en-el-encuentro-federal-de-los-1000-dias-en-tecnopolis\\\/#primaryimage\"},\"thumbnailUrl\":\"https:\\\/\\\/noticiasmercedinas.com\\\/site\\\/wp-content\\\/uploads\\\/2021\\\/12\\\/1000D.jpg\",\"keywords\":[\"primeros 1000 d\u00edas\",\"salud\",\"tecnopolis\"],\"articleSection\":[\"Sociedad\"],\"inLanguage\":\"es\",\"potentialAction\":[{\"@type\":\"CommentAction\",\"name\":\"Comment\",\"target\":[\"https:\\\/\\\/noticiasmercedinas.com\\\/site\\\/2021\\\/12\\\/15\\\/mercedes-fue-ejemplo-en-el-encuentro-federal-de-los-1000-dias-en-tecnopolis\\\/#respond\"]}]},{\"@type\":\"WebPage\",\"@id\":\"https:\\\/\\\/noticiasmercedinas.com\\\/site\\\/2021\\\/12\\\/15\\\/mercedes-fue-ejemplo-en-el-encuentro-federal-de-los-1000-dias-en-tecnopolis\\\/\",\"url\":\"https:\\\/\\\/noticiasmercedinas.com\\\/site\\\/2021\\\/12\\\/15\\\/mercedes-fue-ejemplo-en-el-encuentro-federal-de-los-1000-dias-en-tecnopolis\\\/\",\"name\":\"Mercedes fue ejemplo en el Encuentro Federal de los 1000 D\u00edas en Tecn\u00f3polis\",\"isPartOf\":{\"@id\":\"https:\\\/\\\/noticiasmercedinas.com\\\/site\\\/#website\"},\"primaryImageOfPage\":{\"@id\":\"https:\\\/\\\/noticiasmercedinas.com\\\/site\\\/2021\\\/12\\\/15\\\/mercedes-fue-ejemplo-en-el-encuentro-federal-de-los-1000-dias-en-tecnopolis\\\/#primaryimage\"},\"image\":{\"@id\":\"https:\\\/\\\/noticiasmercedinas.com\\\/site\\\/2021\\\/12\\\/15\\\/mercedes-fue-ejemplo-en-el-encuentro-federal-de-los-1000-dias-en-tecnopolis\\\/#primaryimage\"},\"thumbnailUrl\":\"https:\\\/\\\/noticiasmercedinas.com\\\/site\\\/wp-content\\\/uploads\\\/2021\\\/12\\\/1000D.jpg\",\"datePublished\":\"2021-12-15T22:44:48+00:00\",\"breadcrumb\":{\"@id\":\"https:\\\/\\\/noticiasmercedinas.com\\\/site\\\/2021\\\/12\\\/15\\\/mercedes-fue-ejemplo-en-el-encuentro-federal-de-los-1000-dias-en-tecnopolis\\\/#breadcrumb\"},\"inLanguage\":\"es\",\"potentialAction\":[{\"@type\":\"ReadAction\",\"target\":[\"https:\\\/\\\/noticiasmercedinas.com\\\/site\\\/2021\\\/12\\\/15\\\/mercedes-fue-ejemplo-en-el-encuentro-federal-de-los-1000-dias-en-tecnopolis\\\/\"]}]},{\"@type\":\"ImageObject\",\"inLanguage\":\"es\",\"@id\":\"https:\\\/\\\/noticiasmercedinas.com\\\/site\\\/2021\\\/12\\\/15\\\/mercedes-fue-ejemplo-en-el-encuentro-federal-de-los-1000-dias-en-tecnopolis\\\/#primaryimage\",\"url\":\"https:\\\/\\\/noticiasmercedinas.com\\\/site\\\/wp-content\\\/uploads\\\/2021\\\/12\\\/1000D.jpg\",\"contentUrl\":\"https:\\\/\\\/noticiasmercedinas.com\\\/site\\\/wp-content\\\/uploads\\\/2021\\\/12\\\/1000D.jpg\",\"width\":960,\"height\":613},{\"@type\":\"BreadcrumbList\",\"@id\":\"https:\\\/\\\/noticiasmercedinas.com\\\/site\\\/2021\\\/12\\\/15\\\/mercedes-fue-ejemplo-en-el-encuentro-federal-de-los-1000-dias-en-tecnopolis\\\/#breadcrumb\",\"itemListElement\":[{\"@type\":\"ListItem\",\"position\":1,\"name\":\"Portada\",\"item\":\"https:\\\/\\\/noticiasmercedinas.com\\\/site\\\/\"},{\"@type\":\"ListItem\",\"position\":2,\"name\":\"Mercedes fue ejemplo en el Encuentro Federal de los 1000 D\u00edas en Tecn\u00f3polis\"}]},{\"@type\":\"WebSite\",\"@id\":\"https:\\\/\\\/noticiasmercedinas.com\\\/site\\\/#website\",\"url\":\"https:\\\/\\\/noticiasmercedinas.com\\\/site\\\/\",\"name\":\"NOTICIASMERCEDINAS.COM\",\"description\":\"Mercedes, Buenos Aires, Argentina\",\"publisher\":{\"@id\":\"https:\\\/\\\/noticiasmercedinas.com\\\/site\\\/#organization\"},\"potentialAction\":[{\"@type\":\"SearchAction\",\"target\":{\"@type\":\"EntryPoint\",\"urlTemplate\":\"https:\\\/\\\/noticiasmercedinas.com\\\/site\\\/?s={search_term_string}\"},\"query-input\":{\"@type\":\"PropertyValueSpecification\",\"valueRequired\":true,\"valueName\":\"search_term_string\"}}],\"inLanguage\":\"es\"},{\"@type\":\"Organization\",\"@id\":\"https:\\\/\\\/noticiasmercedinas.com\\\/site\\\/#organization\",\"name\":\"NOTICIASMERCEDINAS.COM\",\"url\":\"https:\\\/\\\/noticiasmercedinas.com\\\/site\\\/\",\"logo\":{\"@type\":\"ImageObject\",\"inLanguage\":\"es\",\"@id\":\"https:\\\/\\\/noticiasmercedinas.com\\\/site\\\/#\\\/schema\\\/logo\\\/image\\\/\",\"url\":\"https:\\\/\\\/noticiasmercedinas.com\\\/site\\\/wp-content\\\/uploads\\\/2020\\\/06\\\/LOGO-512.jpg\",\"contentUrl\":\"https:\\\/\\\/noticiasmercedinas.com\\\/site\\\/wp-content\\\/uploads\\\/2020\\\/06\\\/LOGO-512.jpg\",\"width\":512,\"height\":512,\"caption\":\"NOTICIASMERCEDINAS.COM\"},\"image\":{\"@id\":\"https:\\\/\\\/noticiasmercedinas.com\\\/site\\\/#\\\/schema\\\/logo\\\/image\\\/\"},\"sameAs\":[\"https:\\\/\\\/www.facebook.com\\\/noticiasmercedinas\\\/\",\"https:\\\/\\\/x.com\\\/notmercedinas\",\"https:\\\/\\\/www.instagram.com\\\/noticiasmercedinas\\\/\"]},{\"@type\":\"Person\",\"@id\":\"https:\\\/\\\/noticiasmercedinas.com\\\/site\\\/#\\\/schema\\\/person\\\/84b59c099c28ff2e8b77d4ceec5d8063\",\"name\":\"NOTICIASMERCEDINAS.COM\",\"image\":{\"@type\":\"ImageObject\",\"inLanguage\":\"es\",\"@id\":\"https:\\\/\\\/secure.gravatar.com\\\/avatar\\\/4dfbf16b4d17945bfb6341b2d19043457132fcf478a5ee04f42e959fd8f5df0a?s=96&d=mm&r=g\",\"url\":\"https:\\\/\\\/secure.gravatar.com\\\/avatar\\\/4dfbf16b4d17945bfb6341b2d19043457132fcf478a5ee04f42e959fd8f5df0a?s=96&d=mm&r=g\",\"contentUrl\":\"https:\\\/\\\/secure.gravatar.com\\\/avatar\\\/4dfbf16b4d17945bfb6341b2d19043457132fcf478a5ee04f42e959fd8f5df0a?s=96&d=mm&r=g\",\"caption\":\"NOTICIASMERCEDINAS.COM\"},\"url\":\"https:\\\/\\\/noticiasmercedinas.com\\\/site\\\/author\\\/anonimo\\\/\"}]}<\/script>\n<!-- \/ Yoast SEO plugin. -->","yoast_head_json":{"title":"Mercedes fue ejemplo en el Encuentro Federal de los 1000 D\u00edas en Tecn\u00f3polis","robots":{"index":"index","follow":"follow","max-snippet":"max-snippet:-1","max-image-preview":"max-image-preview:large","max-video-preview":"max-video-preview:-1"},"canonical":"https:\/\/noticiasmercedinas.com\/site\/2021\/12\/15\/mercedes-fue-ejemplo-en-el-encuentro-federal-de-los-1000-dias-en-tecnopolis\/","og_locale":"es_ES","og_type":"article","og_title":"Mercedes fue ejemplo en el Encuentro Federal de los 1000 D\u00edas en Tecn\u00f3polis","og_description":"\u25a0 Nuestra ciudad ha sido considerada ejemplo en t\u00e9rminos de implementaci\u00f3n del programa por la variedad de intervenciones que se ejecutan. El trabajo fue expuesto en la reuni\u00f3n general de Tecn\u00f3polis.","og_url":"https:\/\/noticiasmercedinas.com\/site\/2021\/12\/15\/mercedes-fue-ejemplo-en-el-encuentro-federal-de-los-1000-dias-en-tecnopolis\/","og_site_name":"NOTICIASMERCEDINAS.COM","article_publisher":"https:\/\/www.facebook.com\/noticiasmercedinas\/","article_published_time":"2021-12-15T22:44:48+00:00","og_image":[{"width":960,"height":613,"url":"https:\/\/noticiasmercedinas.com\/site\/wp-content\/uploads\/2021\/12\/1000D.jpg","type":"image\/jpeg"}],"author":"NOTICIASMERCEDINAS.COM","twitter_card":"summary_large_image","twitter_creator":"@notmercedinas","twitter_site":"@notmercedinas","twitter_misc":{"Escrito por":"NOTICIASMERCEDINAS.COM","Tiempo de lectura":"3 minutos"},"schema":{"@context":"https:\/\/schema.org","@graph":[{"@type":"Article","@id":"https:\/\/noticiasmercedinas.com\/site\/2021\/12\/15\/mercedes-fue-ejemplo-en-el-encuentro-federal-de-los-1000-dias-en-tecnopolis\/#article","isPartOf":{"@id":"https:\/\/noticiasmercedinas.com\/site\/2021\/12\/15\/mercedes-fue-ejemplo-en-el-encuentro-federal-de-los-1000-dias-en-tecnopolis\/"},"author":{"name":"NOTICIASMERCEDINAS.COM","@id":"https:\/\/noticiasmercedinas.com\/site\/#\/schema\/person\/84b59c099c28ff2e8b77d4ceec5d8063"},"headline":"Mercedes fue ejemplo en el Encuentro Federal de los 1000 D\u00edas en Tecn\u00f3polis","datePublished":"2021-12-15T22:44:48+00:00","mainEntityOfPage":{"@id":"https:\/\/noticiasmercedinas.com\/site\/2021\/12\/15\/mercedes-fue-ejemplo-en-el-encuentro-federal-de-los-1000-dias-en-tecnopolis\/"},"wordCount":651,"commentCount":0,"publisher":{"@id":"https:\/\/noticiasmercedinas.com\/site\/#organization"},"image":{"@id":"https:\/\/noticiasmercedinas.com\/site\/2021\/12\/15\/mercedes-fue-ejemplo-en-el-encuentro-federal-de-los-1000-dias-en-tecnopolis\/#primaryimage"},"thumbnailUrl":"https:\/\/noticiasmercedinas.com\/site\/wp-content\/uploads\/2021\/12\/1000D.jpg","keywords":["primeros 1000 d\u00edas","salud","tecnopolis"],"articleSection":["Sociedad"],"inLanguage":"es","potentialAction":[{"@type":"CommentAction","name":"Comment","target":["https:\/\/noticiasmercedinas.com\/site\/2021\/12\/15\/mercedes-fue-ejemplo-en-el-encuentro-federal-de-los-1000-dias-en-tecnopolis\/#respond"]}]},{"@type":"WebPage","@id":"https:\/\/noticiasmercedinas.com\/site\/2021\/12\/15\/mercedes-fue-ejemplo-en-el-encuentro-federal-de-los-1000-dias-en-tecnopolis\/","url":"https:\/\/noticiasmercedinas.com\/site\/2021\/12\/15\/mercedes-fue-ejemplo-en-el-encuentro-federal-de-los-1000-dias-en-tecnopolis\/","name":"Mercedes fue ejemplo en el Encuentro Federal de los 1000 D\u00edas en Tecn\u00f3polis","isPartOf":{"@id":"https:\/\/noticiasmercedinas.com\/site\/#website"},"primaryImageOfPage":{"@id":"https:\/\/noticiasmercedinas.com\/site\/2021\/12\/15\/mercedes-fue-ejemplo-en-el-encuentro-federal-de-los-1000-dias-en-tecnopolis\/#primaryimage"},"image":{"@id":"https:\/\/noticiasmercedinas.com\/site\/2021\/12\/15\/mercedes-fue-ejemplo-en-el-encuentro-federal-de-los-1000-dias-en-tecnopolis\/#primaryimage"},"thumbnailUrl":"https:\/\/noticiasmercedinas.com\/site\/wp-content\/uploads\/2021\/12\/1000D.jpg","datePublished":"2021-12-15T22:44:48+00:00","breadcrumb":{"@id":"https:\/\/noticiasmercedinas.com\/site\/2021\/12\/15\/mercedes-fue-ejemplo-en-el-encuentro-federal-de-los-1000-dias-en-tecnopolis\/#breadcrumb"},"inLanguage":"es","potentialAction":[{"@type":"ReadAction","target":["https:\/\/noticiasmercedinas.com\/site\/2021\/12\/15\/mercedes-fue-ejemplo-en-el-encuentro-federal-de-los-1000-dias-en-tecnopolis\/"]}]},{"@type":"ImageObject","inLanguage":"es","@id":"https:\/\/noticiasmercedinas.com\/site\/2021\/12\/15\/mercedes-fue-ejemplo-en-el-encuentro-federal-de-los-1000-dias-en-tecnopolis\/#primaryimage","url":"https:\/\/noticiasmercedinas.com\/site\/wp-content\/uploads\/2021\/12\/1000D.jpg","contentUrl":"https:\/\/noticiasmercedinas.com\/site\/wp-content\/uploads\/2021\/12\/1000D.jpg","width":960,"height":613},{"@type":"BreadcrumbList","@id":"https:\/\/noticiasmercedinas.com\/site\/2021\/12\/15\/mercedes-fue-ejemplo-en-el-encuentro-federal-de-los-1000-dias-en-tecnopolis\/#breadcrumb","itemListElement":[{"@type":"ListItem","position":1,"name":"Portada","item":"https:\/\/noticiasmercedinas.com\/site\/"},{"@type":"ListItem","position":2,"name":"Mercedes fue ejemplo en el Encuentro Federal de los 1000 D\u00edas en Tecn\u00f3polis"}]},{"@type":"WebSite","@id":"https:\/\/noticiasmercedinas.com\/site\/#website","url":"https:\/\/noticiasmercedinas.com\/site\/","name":"NOTICIASMERCEDINAS.COM","description":"Mercedes, Buenos Aires, Argentina","publisher":{"@id":"https:\/\/noticiasmercedinas.com\/site\/#organization"},"potentialAction":[{"@type":"SearchAction","target":{"@type":"EntryPoint","urlTemplate":"https:\/\/noticiasmercedinas.com\/site\/?s={search_term_string}"},"query-input":{"@type":"PropertyValueSpecification","valueRequired":true,"valueName":"search_term_string"}}],"inLanguage":"es"},{"@type":"Organization","@id":"https:\/\/noticiasmercedinas.com\/site\/#organization","name":"NOTICIASMERCEDINAS.COM","url":"https:\/\/noticiasmercedinas.com\/site\/","logo":{"@type":"ImageObject","inLanguage":"es","@id":"https:\/\/noticiasmercedinas.com\/site\/#\/schema\/logo\/image\/","url":"https:\/\/noticiasmercedinas.com\/site\/wp-content\/uploads\/2020\/06\/LOGO-512.jpg","contentUrl":"https:\/\/noticiasmercedinas.com\/site\/wp-content\/uploads\/2020\/06\/LOGO-512.jpg","width":512,"height":512,"caption":"NOTICIASMERCEDINAS.COM"},"image":{"@id":"https:\/\/noticiasmercedinas.com\/site\/#\/schema\/logo\/image\/"},"sameAs":["https:\/\/www.facebook.com\/noticiasmercedinas\/","https:\/\/x.com\/notmercedinas","https:\/\/www.instagram.com\/noticiasmercedinas\/"]},{"@type":"Person","@id":"https:\/\/noticiasmercedinas.com\/site\/#\/schema\/person\/84b59c099c28ff2e8b77d4ceec5d8063","name":"NOTICIASMERCEDINAS.COM","image":{"@type":"ImageObject","inLanguage":"es","@id":"https:\/\/secure.gravatar.com\/avatar\/4dfbf16b4d17945bfb6341b2d19043457132fcf478a5ee04f42e959fd8f5df0a?s=96&d=mm&r=g","url":"https:\/\/secure.gravatar.com\/avatar\/4dfbf16b4d17945bfb6341b2d19043457132fcf478a5ee04f42e959fd8f5df0a?s=96&d=mm&r=g","contentUrl":"https:\/\/secure.gravatar.com\/avatar\/4dfbf16b4d17945bfb6341b2d19043457132fcf478a5ee04f42e959fd8f5df0a?s=96&d=mm&r=g","caption":"NOTICIASMERCEDINAS.COM"},"url":"https:\/\/noticiasmercedinas.com\/site\/author\/anonimo\/"}]}},"amp_enabled":true,"_links":{"self":[{"href":"https:\/\/noticiasmercedinas.com\/site\/wp-json\/wp\/v2\/posts\/81632","targetHints":{"allow":["GET"]}}],"collection":[{"href":"https:\/\/noticiasmercedinas.com\/site\/wp-json\/wp\/v2\/posts"}],"about":[{"href":"https:\/\/noticiasmercedinas.com\/site\/wp-json\/wp\/v2\/types\/post"}],"author":[{"embeddable":true,"href":"https:\/\/noticiasmercedinas.com\/site\/wp-json\/wp\/v2\/users\/16"}],"replies":[{"embeddable":true,"href":"https:\/\/noticiasmercedinas.com\/site\/wp-json\/wp\/v2\/comments?post=81632"}],"version-history":[{"count":1,"href":"https:\/\/noticiasmercedinas.com\/site\/wp-json\/wp\/v2\/posts\/81632\/revisions"}],"predecessor-version":[{"id":81634,"href":"https:\/\/noticiasmercedinas.com\/site\/wp-json\/wp\/v2\/posts\/81632\/revisions\/81634"}],"wp:featuredmedia":[{"embeddable":true,"href":"https:\/\/noticiasmercedinas.com\/site\/wp-json\/wp\/v2\/media\/81633"}],"wp:attachment":[{"href":"https:\/\/noticiasmercedinas.com\/site\/wp-json\/wp\/v2\/media?parent=81632"}],"wp:term":[{"taxonomy":"category","embeddable":true,"href":"https:\/\/noticiasmercedinas.com\/site\/wp-json\/wp\/v2\/categories?post=81632"},{"taxonomy":"post_tag","embeddable":true,"href":"https:\/\/noticiasmercedinas.com\/site\/wp-json\/wp\/v2\/tags?post=81632"}],"curies":[{"name":"wp","href":"https:\/\/api.w.org\/{rel}","templated":true}]}}