{"id":81758,"date":"2021-12-17T14:33:47","date_gmt":"2021-12-17T17:33:47","guid":{"rendered":"https:\/\/noticiasmercedinas.com\/site\/?p=81758"},"modified":"2021-12-17T17:48:31","modified_gmt":"2021-12-17T20:48:31","slug":"abrieron-sobes-para-tramo-de-autovia-41-entre-san-antonio-de-areco-y-giles","status":"publish","type":"post","link":"https:\/\/noticiasmercedinas.com\/site\/2021\/12\/17\/abrieron-sobes-para-tramo-de-autovia-41-entre-san-antonio-de-areco-y-giles\/","title":{"rendered":"Abrieron sobres para tramo de Autov\u00eda 41 entre San Antonio de Areco y Giles"},"content":{"rendered":"<p><img loading=\"lazy\" decoding=\"async\" class=\"alignnone size-large wp-image-81759\" src=\"https:\/\/noticiasmercedinas.com\/site\/wp-content\/uploads\/2021\/12\/268100775_4551069904973893_8058707409239146048_n-1024x682.jpg\" alt=\"\" width=\"640\" height=\"426\" srcset=\"https:\/\/noticiasmercedinas.com\/site\/wp-content\/uploads\/2021\/12\/268100775_4551069904973893_8058707409239146048_n-1024x682.jpg 1024w, https:\/\/noticiasmercedinas.com\/site\/wp-content\/uploads\/2021\/12\/268100775_4551069904973893_8058707409239146048_n-300x200.jpg 300w, https:\/\/noticiasmercedinas.com\/site\/wp-content\/uploads\/2021\/12\/268100775_4551069904973893_8058707409239146048_n-768x512.jpg 768w, https:\/\/noticiasmercedinas.com\/site\/wp-content\/uploads\/2021\/12\/268100775_4551069904973893_8058707409239146048_n-640x427.jpg 640w, https:\/\/noticiasmercedinas.com\/site\/wp-content\/uploads\/2021\/12\/268100775_4551069904973893_8058707409239146048_n-681x454.jpg 681w, https:\/\/noticiasmercedinas.com\/site\/wp-content\/uploads\/2021\/12\/268100775_4551069904973893_8058707409239146048_n.jpg 1280w\" sizes=\"auto, (max-width: 640px) 100vw, 640px\" \/><\/p>\n<p>La Autopista 41 entre las localidades de San Antonio De Areco y San Andr\u00e9s de Giles est\u00e1 cerca de concretarse.<\/p>\n<p>Este jueves se produjo en dependencias del Municipio de San Andr\u00e9s de Giles, junto al Senador Francisco \u00abPaco\u00bb Dura\u00f1ona, la apertura de sobres de la licitaci\u00f3n de esta obra fundamental.<\/p>\n<p><img loading=\"lazy\" decoding=\"async\" class=\"alignnone size-large wp-image-81760\" src=\"https:\/\/noticiasmercedinas.com\/site\/wp-content\/uploads\/2021\/12\/266765058_4551069788307238_434954762927249775_n-1024x576.jpg\" alt=\"\" width=\"640\" height=\"360\" srcset=\"https:\/\/noticiasmercedinas.com\/site\/wp-content\/uploads\/2021\/12\/266765058_4551069788307238_434954762927249775_n-1024x576.jpg 1024w, https:\/\/noticiasmercedinas.com\/site\/wp-content\/uploads\/2021\/12\/266765058_4551069788307238_434954762927249775_n-300x169.jpg 300w, https:\/\/noticiasmercedinas.com\/site\/wp-content\/uploads\/2021\/12\/266765058_4551069788307238_434954762927249775_n-768x432.jpg 768w, https:\/\/noticiasmercedinas.com\/site\/wp-content\/uploads\/2021\/12\/266765058_4551069788307238_434954762927249775_n-640x360.jpg 640w, https:\/\/noticiasmercedinas.com\/site\/wp-content\/uploads\/2021\/12\/266765058_4551069788307238_434954762927249775_n-681x383.jpg 681w, https:\/\/noticiasmercedinas.com\/site\/wp-content\/uploads\/2021\/12\/266765058_4551069788307238_434954762927249775_n.jpg 1280w\" sizes=\"auto, (max-width: 640px) 100vw, 640px\" \/><\/p>\n<p>Con la duplicaci\u00f3n de calzada viene tambi\u00e9n el nuevo y m\u00e1s amplio puente sobre el R\u00edo Areco, una obra central para hacerle frente a las inundaciones en esa zona.<\/p>\n<p>\u00abAbrimos los sobres de la licitaci\u00f3n y muy pronto comenzar\u00e1 esta obra fundamental para el arraigo en toda nuestra regi\u00f3n\u00bb, coment\u00f3 Dura\u00f1ona.<\/p>\n<p>\u00abSer\u00e1 un paso enorme no solo para la seguridad vial sino tambi\u00e9n para lo hidr\u00e1ulico, ya que esta inversi\u00f3n incluye el ensanche del puente sobre el R\u00edo Areco para hacerle frente de mejor manera a las inundaciones. Un sue\u00f1o por el que venimos empujando desde hace mucho tiempo y que va a generar mayor calidad de vida para nuestros vecinos y vecinas. Con compromiso y gesti\u00f3n y de la mano del gobierno nacional y provincial, lo estamos haciendo posible\u00bb, dijo.<\/p>\n<p><img loading=\"lazy\" decoding=\"async\" class=\"alignnone size-full wp-image-81761\" src=\"https:\/\/noticiasmercedinas.com\/site\/wp-content\/uploads\/2021\/12\/268876645_4551067691640781_6964680806293855398_n.jpg\" alt=\"\" width=\"960\" height=\"640\" srcset=\"https:\/\/noticiasmercedinas.com\/site\/wp-content\/uploads\/2021\/12\/268876645_4551067691640781_6964680806293855398_n.jpg 960w, https:\/\/noticiasmercedinas.com\/site\/wp-content\/uploads\/2021\/12\/268876645_4551067691640781_6964680806293855398_n-300x200.jpg 300w, https:\/\/noticiasmercedinas.com\/site\/wp-content\/uploads\/2021\/12\/268876645_4551067691640781_6964680806293855398_n-768x512.jpg 768w, https:\/\/noticiasmercedinas.com\/site\/wp-content\/uploads\/2021\/12\/268876645_4551067691640781_6964680806293855398_n-640x427.jpg 640w, https:\/\/noticiasmercedinas.com\/site\/wp-content\/uploads\/2021\/12\/268876645_4551067691640781_6964680806293855398_n-681x454.jpg 681w\" sizes=\"auto, (max-width: 960px) 100vw, 960px\" \/><\/p>\n","protected":false},"excerpt":{"rendered":"<p>La Autopista 41 entre las localidades de San Antonio De Areco y San Andr\u00e9s de Giles est\u00e1 cerca de concretarse. Este jueves se produjo en dependencias del Municipio de San Andr\u00e9s de Giles, junto al Senador Francisco \u00abPaco\u00bb Dura\u00f1ona, la apertura de sobres de la licitaci\u00f3n de esta obra fundamental. Con la duplicaci\u00f3n de calzada [&hellip;]<\/p>\n","protected":false},"author":16,"featured_media":81761,"comment_status":"open","ping_status":"open","sticky":false,"template":"","format":"standard","meta":{"footnotes":""},"categories":[139],"tags":[9729,2557,9730,185],"class_list":["post-81758","post","type-post","status-publish","format-standard","has-post-thumbnail","hentry","category-regionales","tag-areco","tag-giles","tag-paco-duranona","tag-ruta-41"],"yoast_head":"<!-- This site is optimized with the Yoast SEO plugin v27.4 - https:\/\/yoast.com\/product\/yoast-seo-wordpress\/ -->\n<title>Abrieron sobres para tramo de Autov\u00eda 41 entre San Antonio de Areco y Giles<\/title>\n<meta name=\"robots\" content=\"index, follow, max-snippet:-1, max-image-preview:large, max-video-preview:-1\" \/>\n<link rel=\"canonical\" href=\"https:\/\/noticiasmercedinas.com\/site\/2021\/12\/17\/abrieron-sobes-para-tramo-de-autovia-41-entre-san-antonio-de-areco-y-giles\/\" \/>\n<meta property=\"og:locale\" content=\"es_ES\" \/>\n<meta property=\"og:type\" content=\"article\" \/>\n<meta property=\"og:title\" content=\"Abrieron sobres para tramo de Autov\u00eda 41 entre San Antonio de Areco y Giles\" \/>\n<meta property=\"og:description\" content=\"La Autopista 41 entre las localidades de San Antonio De Areco y San Andr\u00e9s de Giles est\u00e1 cerca de concretarse. Este jueves se produjo en dependencias del Municipio de San Andr\u00e9s de Giles, junto al Senador Francisco \u00abPaco\u00bb Dura\u00f1ona, la apertura de sobres de la licitaci\u00f3n de esta obra fundamental. Con la duplicaci\u00f3n de calzada [&hellip;]\" \/>\n<meta property=\"og:url\" content=\"https:\/\/noticiasmercedinas.com\/site\/2021\/12\/17\/abrieron-sobes-para-tramo-de-autovia-41-entre-san-antonio-de-areco-y-giles\/\" \/>\n<meta property=\"og:site_name\" content=\"NOTICIASMERCEDINAS.COM\" \/>\n<meta property=\"article:publisher\" content=\"https:\/\/www.facebook.com\/noticiasmercedinas\/\" \/>\n<meta property=\"article:published_time\" content=\"2021-12-17T17:33:47+00:00\" \/>\n<meta property=\"article:modified_time\" content=\"2021-12-17T20:48:31+00:00\" \/>\n<meta property=\"og:image\" content=\"https:\/\/noticiasmercedinas.com\/site\/wp-content\/uploads\/2021\/12\/268876645_4551067691640781_6964680806293855398_n.jpg\" \/>\n\t<meta property=\"og:image:width\" content=\"960\" \/>\n\t<meta property=\"og:image:height\" content=\"640\" \/>\n\t<meta property=\"og:image:type\" content=\"image\/jpeg\" \/>\n<meta name=\"author\" content=\"NOTICIASMERCEDINAS.COM\" \/>\n<meta name=\"twitter:card\" content=\"summary_large_image\" \/>\n<meta name=\"twitter:creator\" content=\"@notmercedinas\" \/>\n<meta name=\"twitter:site\" content=\"@notmercedinas\" \/>\n<meta name=\"twitter:label1\" content=\"Escrito por\" \/>\n\t<meta name=\"twitter:data1\" content=\"NOTICIASMERCEDINAS.COM\" \/>\n\t<meta name=\"twitter:label2\" content=\"Tiempo de lectura\" \/>\n\t<meta name=\"twitter:data2\" content=\"2 minutos\" \/>\n<script type=\"application\/ld+json\" class=\"yoast-schema-graph\">{\"@context\":\"https:\\\/\\\/schema.org\",\"@graph\":[{\"@type\":\"Article\",\"@id\":\"https:\\\/\\\/noticiasmercedinas.com\\\/site\\\/2021\\\/12\\\/17\\\/abrieron-sobes-para-tramo-de-autovia-41-entre-san-antonio-de-areco-y-giles\\\/#article\",\"isPartOf\":{\"@id\":\"https:\\\/\\\/noticiasmercedinas.com\\\/site\\\/2021\\\/12\\\/17\\\/abrieron-sobes-para-tramo-de-autovia-41-entre-san-antonio-de-areco-y-giles\\\/\"},\"author\":{\"name\":\"NOTICIASMERCEDINAS.COM\",\"@id\":\"https:\\\/\\\/noticiasmercedinas.com\\\/site\\\/#\\\/schema\\\/person\\\/84b59c099c28ff2e8b77d4ceec5d8063\"},\"headline\":\"Abrieron sobres para tramo de Autov\u00eda 41 entre San Antonio de Areco y Giles\",\"datePublished\":\"2021-12-17T17:33:47+00:00\",\"dateModified\":\"2021-12-17T20:48:31+00:00\",\"mainEntityOfPage\":{\"@id\":\"https:\\\/\\\/noticiasmercedinas.com\\\/site\\\/2021\\\/12\\\/17\\\/abrieron-sobes-para-tramo-de-autovia-41-entre-san-antonio-de-areco-y-giles\\\/\"},\"wordCount\":211,\"commentCount\":0,\"publisher\":{\"@id\":\"https:\\\/\\\/noticiasmercedinas.com\\\/site\\\/#organization\"},\"image\":{\"@id\":\"https:\\\/\\\/noticiasmercedinas.com\\\/site\\\/2021\\\/12\\\/17\\\/abrieron-sobes-para-tramo-de-autovia-41-entre-san-antonio-de-areco-y-giles\\\/#primaryimage\"},\"thumbnailUrl\":\"https:\\\/\\\/noticiasmercedinas.com\\\/site\\\/wp-content\\\/uploads\\\/2021\\\/12\\\/268876645_4551067691640781_6964680806293855398_n.jpg\",\"keywords\":[\"areco\",\"giles\",\"paco dura\u00f1ona\",\"ruta 41\"],\"articleSection\":[\"Regionales\"],\"inLanguage\":\"es\",\"potentialAction\":[{\"@type\":\"CommentAction\",\"name\":\"Comment\",\"target\":[\"https:\\\/\\\/noticiasmercedinas.com\\\/site\\\/2021\\\/12\\\/17\\\/abrieron-sobes-para-tramo-de-autovia-41-entre-san-antonio-de-areco-y-giles\\\/#respond\"]}]},{\"@type\":\"WebPage\",\"@id\":\"https:\\\/\\\/noticiasmercedinas.com\\\/site\\\/2021\\\/12\\\/17\\\/abrieron-sobes-para-tramo-de-autovia-41-entre-san-antonio-de-areco-y-giles\\\/\",\"url\":\"https:\\\/\\\/noticiasmercedinas.com\\\/site\\\/2021\\\/12\\\/17\\\/abrieron-sobes-para-tramo-de-autovia-41-entre-san-antonio-de-areco-y-giles\\\/\",\"name\":\"Abrieron sobres para tramo de Autov\u00eda 41 entre San Antonio de Areco y Giles\",\"isPartOf\":{\"@id\":\"https:\\\/\\\/noticiasmercedinas.com\\\/site\\\/#website\"},\"primaryImageOfPage\":{\"@id\":\"https:\\\/\\\/noticiasmercedinas.com\\\/site\\\/2021\\\/12\\\/17\\\/abrieron-sobes-para-tramo-de-autovia-41-entre-san-antonio-de-areco-y-giles\\\/#primaryimage\"},\"image\":{\"@id\":\"https:\\\/\\\/noticiasmercedinas.com\\\/site\\\/2021\\\/12\\\/17\\\/abrieron-sobes-para-tramo-de-autovia-41-entre-san-antonio-de-areco-y-giles\\\/#primaryimage\"},\"thumbnailUrl\":\"https:\\\/\\\/noticiasmercedinas.com\\\/site\\\/wp-content\\\/uploads\\\/2021\\\/12\\\/268876645_4551067691640781_6964680806293855398_n.jpg\",\"datePublished\":\"2021-12-17T17:33:47+00:00\",\"dateModified\":\"2021-12-17T20:48:31+00:00\",\"breadcrumb\":{\"@id\":\"https:\\\/\\\/noticiasmercedinas.com\\\/site\\\/2021\\\/12\\\/17\\\/abrieron-sobes-para-tramo-de-autovia-41-entre-san-antonio-de-areco-y-giles\\\/#breadcrumb\"},\"inLanguage\":\"es\",\"potentialAction\":[{\"@type\":\"ReadAction\",\"target\":[\"https:\\\/\\\/noticiasmercedinas.com\\\/site\\\/2021\\\/12\\\/17\\\/abrieron-sobes-para-tramo-de-autovia-41-entre-san-antonio-de-areco-y-giles\\\/\"]}]},{\"@type\":\"ImageObject\",\"inLanguage\":\"es\",\"@id\":\"https:\\\/\\\/noticiasmercedinas.com\\\/site\\\/2021\\\/12\\\/17\\\/abrieron-sobes-para-tramo-de-autovia-41-entre-san-antonio-de-areco-y-giles\\\/#primaryimage\",\"url\":\"https:\\\/\\\/noticiasmercedinas.com\\\/site\\\/wp-content\\\/uploads\\\/2021\\\/12\\\/268876645_4551067691640781_6964680806293855398_n.jpg\",\"contentUrl\":\"https:\\\/\\\/noticiasmercedinas.com\\\/site\\\/wp-content\\\/uploads\\\/2021\\\/12\\\/268876645_4551067691640781_6964680806293855398_n.jpg\",\"width\":960,\"height\":640},{\"@type\":\"BreadcrumbList\",\"@id\":\"https:\\\/\\\/noticiasmercedinas.com\\\/site\\\/2021\\\/12\\\/17\\\/abrieron-sobes-para-tramo-de-autovia-41-entre-san-antonio-de-areco-y-giles\\\/#breadcrumb\",\"itemListElement\":[{\"@type\":\"ListItem\",\"position\":1,\"name\":\"Portada\",\"item\":\"https:\\\/\\\/noticiasmercedinas.com\\\/site\\\/\"},{\"@type\":\"ListItem\",\"position\":2,\"name\":\"Abrieron sobres para tramo de Autov\u00eda 41 entre San Antonio de Areco y Giles\"}]},{\"@type\":\"WebSite\",\"@id\":\"https:\\\/\\\/noticiasmercedinas.com\\\/site\\\/#website\",\"url\":\"https:\\\/\\\/noticiasmercedinas.com\\\/site\\\/\",\"name\":\"NOTICIASMERCEDINAS.COM\",\"description\":\"Mercedes, Buenos Aires, Argentina\",\"publisher\":{\"@id\":\"https:\\\/\\\/noticiasmercedinas.com\\\/site\\\/#organization\"},\"potentialAction\":[{\"@type\":\"SearchAction\",\"target\":{\"@type\":\"EntryPoint\",\"urlTemplate\":\"https:\\\/\\\/noticiasmercedinas.com\\\/site\\\/?s={search_term_string}\"},\"query-input\":{\"@type\":\"PropertyValueSpecification\",\"valueRequired\":true,\"valueName\":\"search_term_string\"}}],\"inLanguage\":\"es\"},{\"@type\":\"Organization\",\"@id\":\"https:\\\/\\\/noticiasmercedinas.com\\\/site\\\/#organization\",\"name\":\"NOTICIASMERCEDINAS.COM\",\"url\":\"https:\\\/\\\/noticiasmercedinas.com\\\/site\\\/\",\"logo\":{\"@type\":\"ImageObject\",\"inLanguage\":\"es\",\"@id\":\"https:\\\/\\\/noticiasmercedinas.com\\\/site\\\/#\\\/schema\\\/logo\\\/image\\\/\",\"url\":\"https:\\\/\\\/noticiasmercedinas.com\\\/site\\\/wp-content\\\/uploads\\\/2020\\\/06\\\/LOGO-512.jpg\",\"contentUrl\":\"https:\\\/\\\/noticiasmercedinas.com\\\/site\\\/wp-content\\\/uploads\\\/2020\\\/06\\\/LOGO-512.jpg\",\"width\":512,\"height\":512,\"caption\":\"NOTICIASMERCEDINAS.COM\"},\"image\":{\"@id\":\"https:\\\/\\\/noticiasmercedinas.com\\\/site\\\/#\\\/schema\\\/logo\\\/image\\\/\"},\"sameAs\":[\"https:\\\/\\\/www.facebook.com\\\/noticiasmercedinas\\\/\",\"https:\\\/\\\/x.com\\\/notmercedinas\",\"https:\\\/\\\/www.instagram.com\\\/noticiasmercedinas\\\/\"]},{\"@type\":\"Person\",\"@id\":\"https:\\\/\\\/noticiasmercedinas.com\\\/site\\\/#\\\/schema\\\/person\\\/84b59c099c28ff2e8b77d4ceec5d8063\",\"name\":\"NOTICIASMERCEDINAS.COM\",\"image\":{\"@type\":\"ImageObject\",\"inLanguage\":\"es\",\"@id\":\"https:\\\/\\\/secure.gravatar.com\\\/avatar\\\/4dfbf16b4d17945bfb6341b2d19043457132fcf478a5ee04f42e959fd8f5df0a?s=96&d=mm&r=g\",\"url\":\"https:\\\/\\\/secure.gravatar.com\\\/avatar\\\/4dfbf16b4d17945bfb6341b2d19043457132fcf478a5ee04f42e959fd8f5df0a?s=96&d=mm&r=g\",\"contentUrl\":\"https:\\\/\\\/secure.gravatar.com\\\/avatar\\\/4dfbf16b4d17945bfb6341b2d19043457132fcf478a5ee04f42e959fd8f5df0a?s=96&d=mm&r=g\",\"caption\":\"NOTICIASMERCEDINAS.COM\"},\"url\":\"https:\\\/\\\/noticiasmercedinas.com\\\/site\\\/author\\\/anonimo\\\/\"}]}<\/script>\n<!-- \/ Yoast SEO plugin. -->","yoast_head_json":{"title":"Abrieron sobres para tramo de Autov\u00eda 41 entre San Antonio de Areco y Giles","robots":{"index":"index","follow":"follow","max-snippet":"max-snippet:-1","max-image-preview":"max-image-preview:large","max-video-preview":"max-video-preview:-1"},"canonical":"https:\/\/noticiasmercedinas.com\/site\/2021\/12\/17\/abrieron-sobes-para-tramo-de-autovia-41-entre-san-antonio-de-areco-y-giles\/","og_locale":"es_ES","og_type":"article","og_title":"Abrieron sobres para tramo de Autov\u00eda 41 entre San Antonio de Areco y Giles","og_description":"La Autopista 41 entre las localidades de San Antonio De Areco y San Andr\u00e9s de Giles est\u00e1 cerca de concretarse. Este jueves se produjo en dependencias del Municipio de San Andr\u00e9s de Giles, junto al Senador Francisco \u00abPaco\u00bb Dura\u00f1ona, la apertura de sobres de la licitaci\u00f3n de esta obra fundamental. Con la duplicaci\u00f3n de calzada [&hellip;]","og_url":"https:\/\/noticiasmercedinas.com\/site\/2021\/12\/17\/abrieron-sobes-para-tramo-de-autovia-41-entre-san-antonio-de-areco-y-giles\/","og_site_name":"NOTICIASMERCEDINAS.COM","article_publisher":"https:\/\/www.facebook.com\/noticiasmercedinas\/","article_published_time":"2021-12-17T17:33:47+00:00","article_modified_time":"2021-12-17T20:48:31+00:00","og_image":[{"width":960,"height":640,"url":"https:\/\/noticiasmercedinas.com\/site\/wp-content\/uploads\/2021\/12\/268876645_4551067691640781_6964680806293855398_n.jpg","type":"image\/jpeg"}],"author":"NOTICIASMERCEDINAS.COM","twitter_card":"summary_large_image","twitter_creator":"@notmercedinas","twitter_site":"@notmercedinas","twitter_misc":{"Escrito por":"NOTICIASMERCEDINAS.COM","Tiempo de lectura":"2 minutos"},"schema":{"@context":"https:\/\/schema.org","@graph":[{"@type":"Article","@id":"https:\/\/noticiasmercedinas.com\/site\/2021\/12\/17\/abrieron-sobes-para-tramo-de-autovia-41-entre-san-antonio-de-areco-y-giles\/#article","isPartOf":{"@id":"https:\/\/noticiasmercedinas.com\/site\/2021\/12\/17\/abrieron-sobes-para-tramo-de-autovia-41-entre-san-antonio-de-areco-y-giles\/"},"author":{"name":"NOTICIASMERCEDINAS.COM","@id":"https:\/\/noticiasmercedinas.com\/site\/#\/schema\/person\/84b59c099c28ff2e8b77d4ceec5d8063"},"headline":"Abrieron sobres para tramo de Autov\u00eda 41 entre San Antonio de Areco y Giles","datePublished":"2021-12-17T17:33:47+00:00","dateModified":"2021-12-17T20:48:31+00:00","mainEntityOfPage":{"@id":"https:\/\/noticiasmercedinas.com\/site\/2021\/12\/17\/abrieron-sobes-para-tramo-de-autovia-41-entre-san-antonio-de-areco-y-giles\/"},"wordCount":211,"commentCount":0,"publisher":{"@id":"https:\/\/noticiasmercedinas.com\/site\/#organization"},"image":{"@id":"https:\/\/noticiasmercedinas.com\/site\/2021\/12\/17\/abrieron-sobes-para-tramo-de-autovia-41-entre-san-antonio-de-areco-y-giles\/#primaryimage"},"thumbnailUrl":"https:\/\/noticiasmercedinas.com\/site\/wp-content\/uploads\/2021\/12\/268876645_4551067691640781_6964680806293855398_n.jpg","keywords":["areco","giles","paco dura\u00f1ona","ruta 41"],"articleSection":["Regionales"],"inLanguage":"es","potentialAction":[{"@type":"CommentAction","name":"Comment","target":["https:\/\/noticiasmercedinas.com\/site\/2021\/12\/17\/abrieron-sobes-para-tramo-de-autovia-41-entre-san-antonio-de-areco-y-giles\/#respond"]}]},{"@type":"WebPage","@id":"https:\/\/noticiasmercedinas.com\/site\/2021\/12\/17\/abrieron-sobes-para-tramo-de-autovia-41-entre-san-antonio-de-areco-y-giles\/","url":"https:\/\/noticiasmercedinas.com\/site\/2021\/12\/17\/abrieron-sobes-para-tramo-de-autovia-41-entre-san-antonio-de-areco-y-giles\/","name":"Abrieron sobres para tramo de Autov\u00eda 41 entre San Antonio de Areco y Giles","isPartOf":{"@id":"https:\/\/noticiasmercedinas.com\/site\/#website"},"primaryImageOfPage":{"@id":"https:\/\/noticiasmercedinas.com\/site\/2021\/12\/17\/abrieron-sobes-para-tramo-de-autovia-41-entre-san-antonio-de-areco-y-giles\/#primaryimage"},"image":{"@id":"https:\/\/noticiasmercedinas.com\/site\/2021\/12\/17\/abrieron-sobes-para-tramo-de-autovia-41-entre-san-antonio-de-areco-y-giles\/#primaryimage"},"thumbnailUrl":"https:\/\/noticiasmercedinas.com\/site\/wp-content\/uploads\/2021\/12\/268876645_4551067691640781_6964680806293855398_n.jpg","datePublished":"2021-12-17T17:33:47+00:00","dateModified":"2021-12-17T20:48:31+00:00","breadcrumb":{"@id":"https:\/\/noticiasmercedinas.com\/site\/2021\/12\/17\/abrieron-sobes-para-tramo-de-autovia-41-entre-san-antonio-de-areco-y-giles\/#breadcrumb"},"inLanguage":"es","potentialAction":[{"@type":"ReadAction","target":["https:\/\/noticiasmercedinas.com\/site\/2021\/12\/17\/abrieron-sobes-para-tramo-de-autovia-41-entre-san-antonio-de-areco-y-giles\/"]}]},{"@type":"ImageObject","inLanguage":"es","@id":"https:\/\/noticiasmercedinas.com\/site\/2021\/12\/17\/abrieron-sobes-para-tramo-de-autovia-41-entre-san-antonio-de-areco-y-giles\/#primaryimage","url":"https:\/\/noticiasmercedinas.com\/site\/wp-content\/uploads\/2021\/12\/268876645_4551067691640781_6964680806293855398_n.jpg","contentUrl":"https:\/\/noticiasmercedinas.com\/site\/wp-content\/uploads\/2021\/12\/268876645_4551067691640781_6964680806293855398_n.jpg","width":960,"height":640},{"@type":"BreadcrumbList","@id":"https:\/\/noticiasmercedinas.com\/site\/2021\/12\/17\/abrieron-sobes-para-tramo-de-autovia-41-entre-san-antonio-de-areco-y-giles\/#breadcrumb","itemListElement":[{"@type":"ListItem","position":1,"name":"Portada","item":"https:\/\/noticiasmercedinas.com\/site\/"},{"@type":"ListItem","position":2,"name":"Abrieron sobres para tramo de Autov\u00eda 41 entre San Antonio de Areco y Giles"}]},{"@type":"WebSite","@id":"https:\/\/noticiasmercedinas.com\/site\/#website","url":"https:\/\/noticiasmercedinas.com\/site\/","name":"NOTICIASMERCEDINAS.COM","description":"Mercedes, Buenos Aires, Argentina","publisher":{"@id":"https:\/\/noticiasmercedinas.com\/site\/#organization"},"potentialAction":[{"@type":"SearchAction","target":{"@type":"EntryPoint","urlTemplate":"https:\/\/noticiasmercedinas.com\/site\/?s={search_term_string}"},"query-input":{"@type":"PropertyValueSpecification","valueRequired":true,"valueName":"search_term_string"}}],"inLanguage":"es"},{"@type":"Organization","@id":"https:\/\/noticiasmercedinas.com\/site\/#organization","name":"NOTICIASMERCEDINAS.COM","url":"https:\/\/noticiasmercedinas.com\/site\/","logo":{"@type":"ImageObject","inLanguage":"es","@id":"https:\/\/noticiasmercedinas.com\/site\/#\/schema\/logo\/image\/","url":"https:\/\/noticiasmercedinas.com\/site\/wp-content\/uploads\/2020\/06\/LOGO-512.jpg","contentUrl":"https:\/\/noticiasmercedinas.com\/site\/wp-content\/uploads\/2020\/06\/LOGO-512.jpg","width":512,"height":512,"caption":"NOTICIASMERCEDINAS.COM"},"image":{"@id":"https:\/\/noticiasmercedinas.com\/site\/#\/schema\/logo\/image\/"},"sameAs":["https:\/\/www.facebook.com\/noticiasmercedinas\/","https:\/\/x.com\/notmercedinas","https:\/\/www.instagram.com\/noticiasmercedinas\/"]},{"@type":"Person","@id":"https:\/\/noticiasmercedinas.com\/site\/#\/schema\/person\/84b59c099c28ff2e8b77d4ceec5d8063","name":"NOTICIASMERCEDINAS.COM","image":{"@type":"ImageObject","inLanguage":"es","@id":"https:\/\/secure.gravatar.com\/avatar\/4dfbf16b4d17945bfb6341b2d19043457132fcf478a5ee04f42e959fd8f5df0a?s=96&d=mm&r=g","url":"https:\/\/secure.gravatar.com\/avatar\/4dfbf16b4d17945bfb6341b2d19043457132fcf478a5ee04f42e959fd8f5df0a?s=96&d=mm&r=g","contentUrl":"https:\/\/secure.gravatar.com\/avatar\/4dfbf16b4d17945bfb6341b2d19043457132fcf478a5ee04f42e959fd8f5df0a?s=96&d=mm&r=g","caption":"NOTICIASMERCEDINAS.COM"},"url":"https:\/\/noticiasmercedinas.com\/site\/author\/anonimo\/"}]}},"amp_enabled":true,"_links":{"self":[{"href":"https:\/\/noticiasmercedinas.com\/site\/wp-json\/wp\/v2\/posts\/81758","targetHints":{"allow":["GET"]}}],"collection":[{"href":"https:\/\/noticiasmercedinas.com\/site\/wp-json\/wp\/v2\/posts"}],"about":[{"href":"https:\/\/noticiasmercedinas.com\/site\/wp-json\/wp\/v2\/types\/post"}],"author":[{"embeddable":true,"href":"https:\/\/noticiasmercedinas.com\/site\/wp-json\/wp\/v2\/users\/16"}],"replies":[{"embeddable":true,"href":"https:\/\/noticiasmercedinas.com\/site\/wp-json\/wp\/v2\/comments?post=81758"}],"version-history":[{"count":2,"href":"https:\/\/noticiasmercedinas.com\/site\/wp-json\/wp\/v2\/posts\/81758\/revisions"}],"predecessor-version":[{"id":81776,"href":"https:\/\/noticiasmercedinas.com\/site\/wp-json\/wp\/v2\/posts\/81758\/revisions\/81776"}],"wp:featuredmedia":[{"embeddable":true,"href":"https:\/\/noticiasmercedinas.com\/site\/wp-json\/wp\/v2\/media\/81761"}],"wp:attachment":[{"href":"https:\/\/noticiasmercedinas.com\/site\/wp-json\/wp\/v2\/media?parent=81758"}],"wp:term":[{"taxonomy":"category","embeddable":true,"href":"https:\/\/noticiasmercedinas.com\/site\/wp-json\/wp\/v2\/categories?post=81758"},{"taxonomy":"post_tag","embeddable":true,"href":"https:\/\/noticiasmercedinas.com\/site\/wp-json\/wp\/v2\/tags?post=81758"}],"curies":[{"name":"wp","href":"https:\/\/api.w.org\/{rel}","templated":true}]}}