{"id":82029,"date":"2021-12-21T09:23:58","date_gmt":"2021-12-21T12:23:58","guid":{"rendered":"https:\/\/noticiasmercedinas.com\/site\/?p=82029"},"modified":"2021-12-21T09:23:58","modified_gmt":"2021-12-21T12:23:58","slug":"se-definen-los-clasificados-a-cuartos-de-final","status":"publish","type":"post","link":"https:\/\/noticiasmercedinas.com\/site\/2021\/12\/21\/se-definen-los-clasificados-a-cuartos-de-final\/","title":{"rendered":"Se definen los clasificados a cuartos de final"},"content":{"rendered":"<figure id=\"attachment_82031\" aria-describedby=\"caption-attachment-82031\" style=\"width: 640px\" class=\"wp-caption alignnone\"><img loading=\"lazy\" decoding=\"async\" class=\"wp-image-82031 size-full\" src=\"https:\/\/noticiasmercedinas.com\/site\/wp-content\/uploads\/2021\/12\/267626254_419851672835441_4789123089636355892_n.jpg\" alt=\"\" width=\"640\" height=\"390\" srcset=\"https:\/\/noticiasmercedinas.com\/site\/wp-content\/uploads\/2021\/12\/267626254_419851672835441_4789123089636355892_n.jpg 640w, https:\/\/noticiasmercedinas.com\/site\/wp-content\/uploads\/2021\/12\/267626254_419851672835441_4789123089636355892_n-300x183.jpg 300w\" sizes=\"auto, (max-width: 640px) 100vw, 640px\" \/><figcaption id=\"caption-attachment-82031\" class=\"wp-caption-text\">Estrella de Berisso, el rival de Col\u00f3n (Foto Estrella).<\/figcaption><\/figure>\n<p>Los \u00faltimos partidos de f\u00fatbol del 2021 se jugar\u00e1n este mi\u00e9rcoles 22 por el torneo Regional Federal Amateur, que se encuentra atravesando la instancia de octavos de final. Tras la ida 0 a 0 en Berisso, el Col\u00f3n de los mercedinos recibir\u00e1 a Estrella de la Liga Amateur Platense.<\/p>\n<p>El que resulte ganador en los 90\u2019 pasar\u00e1 a cuartos de final, en\u00a0 caso de empate habr\u00e1 penales. Reanud\u00e1ndose el certamen los d\u00edas 9 y 16 de enero de 2022 en busca de los conjuntos que afrontar\u00e1n ya las semifinales en la Regi\u00f3n Pampeana Norte.<\/p>\n<p>Este mi\u00e9rcoles tambi\u00e9n se disputar\u00e1\u00a0 el cruce de Sportivo Baradero y Malvinas Argentinas desde las 20.30 horas, en la ida gan\u00f3 el de la Liga de Escobar por 2-0 con lo que tienen una ventaja a su favor. De este encuentro saldr\u00e1 el rival de Col\u00f3n o Estrella. \u00a0<strong><\/p>\n<p>Mi\u00e9rcoles 22<br \/>\nCancha:<\/strong> Col\u00f3n<br \/>\nA las 17.30 Col\u00f3n (Chivilcoy) vs. \u00a0Estrella (Berisso).<br \/>\n<strong>Arbitro:<\/strong> Joaqu\u00edn Badano (Saladillo).<br \/>\n<strong>Asistentes:<\/strong> Nicol\u00e1s Nicol\u00f3 y Lucas Loza (Saladillo).<\/p>\n","protected":false},"excerpt":{"rendered":"<p>\u25a0 En el Regional Federal Amateur se jugar\u00e1n este mi\u00e9rcoles las revanchas de octavos de final. Col\u00f3n en Chivilcoy recibe a Estrella con la obligaci\u00f3n de ganar tras el empate sin goles de la ida. <\/p>\n","protected":false},"author":6,"featured_media":82031,"comment_status":"open","ping_status":"open","sticky":false,"template":"","format":"standard","meta":{"footnotes":""},"categories":[5],"tags":[11815,3405],"class_list":["post-82029","post","type-post","status-publish","format-standard","has-post-thumbnail","hentry","category-deportes","tag-colon-de-chivilcoy","tag-torneo-regional-federal-amateur"],"yoast_head":"<!-- This site is optimized with the Yoast SEO plugin v27.5 - https:\/\/yoast.com\/product\/yoast-seo-wordpress\/ -->\n<title>Se definen los clasificados a cuartos de final<\/title>\n<meta name=\"robots\" content=\"index, follow, max-snippet:-1, max-image-preview:large, max-video-preview:-1\" \/>\n<link rel=\"canonical\" href=\"https:\/\/noticiasmercedinas.com\/site\/2021\/12\/21\/se-definen-los-clasificados-a-cuartos-de-final\/\" \/>\n<meta property=\"og:locale\" content=\"es_ES\" \/>\n<meta property=\"og:type\" content=\"article\" \/>\n<meta property=\"og:title\" content=\"Se definen los clasificados a cuartos de final\" \/>\n<meta property=\"og:description\" content=\"\u25a0 En el Regional Federal Amateur se jugar\u00e1n este mi\u00e9rcoles las revanchas de octavos de final. Col\u00f3n en Chivilcoy recibe a Estrella con la obligaci\u00f3n de ganar tras el empate sin goles de la ida.\" \/>\n<meta property=\"og:url\" content=\"https:\/\/noticiasmercedinas.com\/site\/2021\/12\/21\/se-definen-los-clasificados-a-cuartos-de-final\/\" \/>\n<meta property=\"og:site_name\" content=\"NOTICIASMERCEDINAS.COM\" \/>\n<meta property=\"article:publisher\" content=\"https:\/\/www.facebook.com\/noticiasmercedinas\/\" \/>\n<meta property=\"article:published_time\" content=\"2021-12-21T12:23:58+00:00\" \/>\n<meta property=\"og:image\" content=\"https:\/\/noticiasmercedinas.com\/site\/wp-content\/uploads\/2021\/12\/267626254_419851672835441_4789123089636355892_n.jpg\" \/>\n\t<meta property=\"og:image:width\" content=\"640\" \/>\n\t<meta property=\"og:image:height\" content=\"390\" \/>\n\t<meta property=\"og:image:type\" content=\"image\/jpeg\" \/>\n<meta name=\"author\" content=\"Juan Dagnino NOTICIASMERCEDINAS.COM\" \/>\n<meta name=\"twitter:card\" content=\"summary_large_image\" \/>\n<meta name=\"twitter:creator\" content=\"@notmercedinas\" \/>\n<meta name=\"twitter:site\" content=\"@notmercedinas\" \/>\n<meta name=\"twitter:label1\" content=\"Escrito por\" \/>\n\t<meta name=\"twitter:data1\" content=\"Juan Dagnino NOTICIASMERCEDINAS.COM\" \/>\n\t<meta name=\"twitter:label2\" content=\"Tiempo de lectura\" \/>\n\t<meta name=\"twitter:data2\" content=\"2 minutos\" \/>\n<script type=\"application\/ld+json\" class=\"yoast-schema-graph\">{\"@context\":\"https:\\\/\\\/schema.org\",\"@graph\":[{\"@type\":\"Article\",\"@id\":\"https:\\\/\\\/noticiasmercedinas.com\\\/site\\\/2021\\\/12\\\/21\\\/se-definen-los-clasificados-a-cuartos-de-final\\\/#article\",\"isPartOf\":{\"@id\":\"https:\\\/\\\/noticiasmercedinas.com\\\/site\\\/2021\\\/12\\\/21\\\/se-definen-los-clasificados-a-cuartos-de-final\\\/\"},\"author\":{\"name\":\"Juan Dagnino NOTICIASMERCEDINAS.COM\",\"@id\":\"https:\\\/\\\/noticiasmercedinas.com\\\/site\\\/#\\\/schema\\\/person\\\/8f2f09d666ef40986eba4a5e6f2a06f9\"},\"headline\":\"Se definen los clasificados a cuartos de final\",\"datePublished\":\"2021-12-21T12:23:58+00:00\",\"mainEntityOfPage\":{\"@id\":\"https:\\\/\\\/noticiasmercedinas.com\\\/site\\\/2021\\\/12\\\/21\\\/se-definen-los-clasificados-a-cuartos-de-final\\\/\"},\"wordCount\":195,\"commentCount\":0,\"publisher\":{\"@id\":\"https:\\\/\\\/noticiasmercedinas.com\\\/site\\\/#organization\"},\"image\":{\"@id\":\"https:\\\/\\\/noticiasmercedinas.com\\\/site\\\/2021\\\/12\\\/21\\\/se-definen-los-clasificados-a-cuartos-de-final\\\/#primaryimage\"},\"thumbnailUrl\":\"https:\\\/\\\/noticiasmercedinas.com\\\/site\\\/wp-content\\\/uploads\\\/2021\\\/12\\\/267626254_419851672835441_4789123089636355892_n.jpg\",\"keywords\":[\"colon de chivilcoy\",\"Torneo Regional Federal Amateur\"],\"articleSection\":[\"Deportes\"],\"inLanguage\":\"es\",\"potentialAction\":[{\"@type\":\"CommentAction\",\"name\":\"Comment\",\"target\":[\"https:\\\/\\\/noticiasmercedinas.com\\\/site\\\/2021\\\/12\\\/21\\\/se-definen-los-clasificados-a-cuartos-de-final\\\/#respond\"]}]},{\"@type\":\"WebPage\",\"@id\":\"https:\\\/\\\/noticiasmercedinas.com\\\/site\\\/2021\\\/12\\\/21\\\/se-definen-los-clasificados-a-cuartos-de-final\\\/\",\"url\":\"https:\\\/\\\/noticiasmercedinas.com\\\/site\\\/2021\\\/12\\\/21\\\/se-definen-los-clasificados-a-cuartos-de-final\\\/\",\"name\":\"Se definen los clasificados a cuartos de final\",\"isPartOf\":{\"@id\":\"https:\\\/\\\/noticiasmercedinas.com\\\/site\\\/#website\"},\"primaryImageOfPage\":{\"@id\":\"https:\\\/\\\/noticiasmercedinas.com\\\/site\\\/2021\\\/12\\\/21\\\/se-definen-los-clasificados-a-cuartos-de-final\\\/#primaryimage\"},\"image\":{\"@id\":\"https:\\\/\\\/noticiasmercedinas.com\\\/site\\\/2021\\\/12\\\/21\\\/se-definen-los-clasificados-a-cuartos-de-final\\\/#primaryimage\"},\"thumbnailUrl\":\"https:\\\/\\\/noticiasmercedinas.com\\\/site\\\/wp-content\\\/uploads\\\/2021\\\/12\\\/267626254_419851672835441_4789123089636355892_n.jpg\",\"datePublished\":\"2021-12-21T12:23:58+00:00\",\"breadcrumb\":{\"@id\":\"https:\\\/\\\/noticiasmercedinas.com\\\/site\\\/2021\\\/12\\\/21\\\/se-definen-los-clasificados-a-cuartos-de-final\\\/#breadcrumb\"},\"inLanguage\":\"es\",\"potentialAction\":[{\"@type\":\"ReadAction\",\"target\":[\"https:\\\/\\\/noticiasmercedinas.com\\\/site\\\/2021\\\/12\\\/21\\\/se-definen-los-clasificados-a-cuartos-de-final\\\/\"]}]},{\"@type\":\"ImageObject\",\"inLanguage\":\"es\",\"@id\":\"https:\\\/\\\/noticiasmercedinas.com\\\/site\\\/2021\\\/12\\\/21\\\/se-definen-los-clasificados-a-cuartos-de-final\\\/#primaryimage\",\"url\":\"https:\\\/\\\/noticiasmercedinas.com\\\/site\\\/wp-content\\\/uploads\\\/2021\\\/12\\\/267626254_419851672835441_4789123089636355892_n.jpg\",\"contentUrl\":\"https:\\\/\\\/noticiasmercedinas.com\\\/site\\\/wp-content\\\/uploads\\\/2021\\\/12\\\/267626254_419851672835441_4789123089636355892_n.jpg\",\"width\":640,\"height\":390},{\"@type\":\"BreadcrumbList\",\"@id\":\"https:\\\/\\\/noticiasmercedinas.com\\\/site\\\/2021\\\/12\\\/21\\\/se-definen-los-clasificados-a-cuartos-de-final\\\/#breadcrumb\",\"itemListElement\":[{\"@type\":\"ListItem\",\"position\":1,\"name\":\"Portada\",\"item\":\"https:\\\/\\\/noticiasmercedinas.com\\\/site\\\/\"},{\"@type\":\"ListItem\",\"position\":2,\"name\":\"Se definen los clasificados a cuartos de final\"}]},{\"@type\":\"WebSite\",\"@id\":\"https:\\\/\\\/noticiasmercedinas.com\\\/site\\\/#website\",\"url\":\"https:\\\/\\\/noticiasmercedinas.com\\\/site\\\/\",\"name\":\"NOTICIASMERCEDINAS.COM\",\"description\":\"Mercedes, Buenos Aires, Argentina\",\"publisher\":{\"@id\":\"https:\\\/\\\/noticiasmercedinas.com\\\/site\\\/#organization\"},\"potentialAction\":[{\"@type\":\"SearchAction\",\"target\":{\"@type\":\"EntryPoint\",\"urlTemplate\":\"https:\\\/\\\/noticiasmercedinas.com\\\/site\\\/?s={search_term_string}\"},\"query-input\":{\"@type\":\"PropertyValueSpecification\",\"valueRequired\":true,\"valueName\":\"search_term_string\"}}],\"inLanguage\":\"es\"},{\"@type\":\"Organization\",\"@id\":\"https:\\\/\\\/noticiasmercedinas.com\\\/site\\\/#organization\",\"name\":\"NOTICIASMERCEDINAS.COM\",\"url\":\"https:\\\/\\\/noticiasmercedinas.com\\\/site\\\/\",\"logo\":{\"@type\":\"ImageObject\",\"inLanguage\":\"es\",\"@id\":\"https:\\\/\\\/noticiasmercedinas.com\\\/site\\\/#\\\/schema\\\/logo\\\/image\\\/\",\"url\":\"https:\\\/\\\/noticiasmercedinas.com\\\/site\\\/wp-content\\\/uploads\\\/2020\\\/06\\\/LOGO-512.jpg\",\"contentUrl\":\"https:\\\/\\\/noticiasmercedinas.com\\\/site\\\/wp-content\\\/uploads\\\/2020\\\/06\\\/LOGO-512.jpg\",\"width\":512,\"height\":512,\"caption\":\"NOTICIASMERCEDINAS.COM\"},\"image\":{\"@id\":\"https:\\\/\\\/noticiasmercedinas.com\\\/site\\\/#\\\/schema\\\/logo\\\/image\\\/\"},\"sameAs\":[\"https:\\\/\\\/www.facebook.com\\\/noticiasmercedinas\\\/\",\"https:\\\/\\\/x.com\\\/notmercedinas\",\"https:\\\/\\\/www.instagram.com\\\/noticiasmercedinas\\\/\"]},{\"@type\":\"Person\",\"@id\":\"https:\\\/\\\/noticiasmercedinas.com\\\/site\\\/#\\\/schema\\\/person\\\/8f2f09d666ef40986eba4a5e6f2a06f9\",\"name\":\"Juan Dagnino NOTICIASMERCEDINAS.COM\",\"image\":{\"@type\":\"ImageObject\",\"inLanguage\":\"es\",\"@id\":\"https:\\\/\\\/secure.gravatar.com\\\/avatar\\\/fc7059a769f5a3cae65fadb228a3e4accf3a64b4b2305020d0a27e6d5333c91b?s=96&d=mm&r=g\",\"url\":\"https:\\\/\\\/secure.gravatar.com\\\/avatar\\\/fc7059a769f5a3cae65fadb228a3e4accf3a64b4b2305020d0a27e6d5333c91b?s=96&d=mm&r=g\",\"contentUrl\":\"https:\\\/\\\/secure.gravatar.com\\\/avatar\\\/fc7059a769f5a3cae65fadb228a3e4accf3a64b4b2305020d0a27e6d5333c91b?s=96&d=mm&r=g\",\"caption\":\"Juan Dagnino NOTICIASMERCEDINAS.COM\"},\"url\":\"https:\\\/\\\/noticiasmercedinas.com\\\/site\\\/author\\\/juandagnino\\\/\"}]}<\/script>\n<!-- \/ Yoast SEO plugin. -->","yoast_head_json":{"title":"Se definen los clasificados a cuartos de final","robots":{"index":"index","follow":"follow","max-snippet":"max-snippet:-1","max-image-preview":"max-image-preview:large","max-video-preview":"max-video-preview:-1"},"canonical":"https:\/\/noticiasmercedinas.com\/site\/2021\/12\/21\/se-definen-los-clasificados-a-cuartos-de-final\/","og_locale":"es_ES","og_type":"article","og_title":"Se definen los clasificados a cuartos de final","og_description":"\u25a0 En el Regional Federal Amateur se jugar\u00e1n este mi\u00e9rcoles las revanchas de octavos de final. Col\u00f3n en Chivilcoy recibe a Estrella con la obligaci\u00f3n de ganar tras el empate sin goles de la ida.","og_url":"https:\/\/noticiasmercedinas.com\/site\/2021\/12\/21\/se-definen-los-clasificados-a-cuartos-de-final\/","og_site_name":"NOTICIASMERCEDINAS.COM","article_publisher":"https:\/\/www.facebook.com\/noticiasmercedinas\/","article_published_time":"2021-12-21T12:23:58+00:00","og_image":[{"width":640,"height":390,"url":"https:\/\/noticiasmercedinas.com\/site\/wp-content\/uploads\/2021\/12\/267626254_419851672835441_4789123089636355892_n.jpg","type":"image\/jpeg"}],"author":"Juan Dagnino NOTICIASMERCEDINAS.COM","twitter_card":"summary_large_image","twitter_creator":"@notmercedinas","twitter_site":"@notmercedinas","twitter_misc":{"Escrito por":"Juan Dagnino NOTICIASMERCEDINAS.COM","Tiempo de lectura":"2 minutos"},"schema":{"@context":"https:\/\/schema.org","@graph":[{"@type":"Article","@id":"https:\/\/noticiasmercedinas.com\/site\/2021\/12\/21\/se-definen-los-clasificados-a-cuartos-de-final\/#article","isPartOf":{"@id":"https:\/\/noticiasmercedinas.com\/site\/2021\/12\/21\/se-definen-los-clasificados-a-cuartos-de-final\/"},"author":{"name":"Juan Dagnino NOTICIASMERCEDINAS.COM","@id":"https:\/\/noticiasmercedinas.com\/site\/#\/schema\/person\/8f2f09d666ef40986eba4a5e6f2a06f9"},"headline":"Se definen los clasificados a cuartos de final","datePublished":"2021-12-21T12:23:58+00:00","mainEntityOfPage":{"@id":"https:\/\/noticiasmercedinas.com\/site\/2021\/12\/21\/se-definen-los-clasificados-a-cuartos-de-final\/"},"wordCount":195,"commentCount":0,"publisher":{"@id":"https:\/\/noticiasmercedinas.com\/site\/#organization"},"image":{"@id":"https:\/\/noticiasmercedinas.com\/site\/2021\/12\/21\/se-definen-los-clasificados-a-cuartos-de-final\/#primaryimage"},"thumbnailUrl":"https:\/\/noticiasmercedinas.com\/site\/wp-content\/uploads\/2021\/12\/267626254_419851672835441_4789123089636355892_n.jpg","keywords":["colon de chivilcoy","Torneo Regional Federal Amateur"],"articleSection":["Deportes"],"inLanguage":"es","potentialAction":[{"@type":"CommentAction","name":"Comment","target":["https:\/\/noticiasmercedinas.com\/site\/2021\/12\/21\/se-definen-los-clasificados-a-cuartos-de-final\/#respond"]}]},{"@type":"WebPage","@id":"https:\/\/noticiasmercedinas.com\/site\/2021\/12\/21\/se-definen-los-clasificados-a-cuartos-de-final\/","url":"https:\/\/noticiasmercedinas.com\/site\/2021\/12\/21\/se-definen-los-clasificados-a-cuartos-de-final\/","name":"Se definen los clasificados a cuartos de final","isPartOf":{"@id":"https:\/\/noticiasmercedinas.com\/site\/#website"},"primaryImageOfPage":{"@id":"https:\/\/noticiasmercedinas.com\/site\/2021\/12\/21\/se-definen-los-clasificados-a-cuartos-de-final\/#primaryimage"},"image":{"@id":"https:\/\/noticiasmercedinas.com\/site\/2021\/12\/21\/se-definen-los-clasificados-a-cuartos-de-final\/#primaryimage"},"thumbnailUrl":"https:\/\/noticiasmercedinas.com\/site\/wp-content\/uploads\/2021\/12\/267626254_419851672835441_4789123089636355892_n.jpg","datePublished":"2021-12-21T12:23:58+00:00","breadcrumb":{"@id":"https:\/\/noticiasmercedinas.com\/site\/2021\/12\/21\/se-definen-los-clasificados-a-cuartos-de-final\/#breadcrumb"},"inLanguage":"es","potentialAction":[{"@type":"ReadAction","target":["https:\/\/noticiasmercedinas.com\/site\/2021\/12\/21\/se-definen-los-clasificados-a-cuartos-de-final\/"]}]},{"@type":"ImageObject","inLanguage":"es","@id":"https:\/\/noticiasmercedinas.com\/site\/2021\/12\/21\/se-definen-los-clasificados-a-cuartos-de-final\/#primaryimage","url":"https:\/\/noticiasmercedinas.com\/site\/wp-content\/uploads\/2021\/12\/267626254_419851672835441_4789123089636355892_n.jpg","contentUrl":"https:\/\/noticiasmercedinas.com\/site\/wp-content\/uploads\/2021\/12\/267626254_419851672835441_4789123089636355892_n.jpg","width":640,"height":390},{"@type":"BreadcrumbList","@id":"https:\/\/noticiasmercedinas.com\/site\/2021\/12\/21\/se-definen-los-clasificados-a-cuartos-de-final\/#breadcrumb","itemListElement":[{"@type":"ListItem","position":1,"name":"Portada","item":"https:\/\/noticiasmercedinas.com\/site\/"},{"@type":"ListItem","position":2,"name":"Se definen los clasificados a cuartos de final"}]},{"@type":"WebSite","@id":"https:\/\/noticiasmercedinas.com\/site\/#website","url":"https:\/\/noticiasmercedinas.com\/site\/","name":"NOTICIASMERCEDINAS.COM","description":"Mercedes, Buenos Aires, Argentina","publisher":{"@id":"https:\/\/noticiasmercedinas.com\/site\/#organization"},"potentialAction":[{"@type":"SearchAction","target":{"@type":"EntryPoint","urlTemplate":"https:\/\/noticiasmercedinas.com\/site\/?s={search_term_string}"},"query-input":{"@type":"PropertyValueSpecification","valueRequired":true,"valueName":"search_term_string"}}],"inLanguage":"es"},{"@type":"Organization","@id":"https:\/\/noticiasmercedinas.com\/site\/#organization","name":"NOTICIASMERCEDINAS.COM","url":"https:\/\/noticiasmercedinas.com\/site\/","logo":{"@type":"ImageObject","inLanguage":"es","@id":"https:\/\/noticiasmercedinas.com\/site\/#\/schema\/logo\/image\/","url":"https:\/\/noticiasmercedinas.com\/site\/wp-content\/uploads\/2020\/06\/LOGO-512.jpg","contentUrl":"https:\/\/noticiasmercedinas.com\/site\/wp-content\/uploads\/2020\/06\/LOGO-512.jpg","width":512,"height":512,"caption":"NOTICIASMERCEDINAS.COM"},"image":{"@id":"https:\/\/noticiasmercedinas.com\/site\/#\/schema\/logo\/image\/"},"sameAs":["https:\/\/www.facebook.com\/noticiasmercedinas\/","https:\/\/x.com\/notmercedinas","https:\/\/www.instagram.com\/noticiasmercedinas\/"]},{"@type":"Person","@id":"https:\/\/noticiasmercedinas.com\/site\/#\/schema\/person\/8f2f09d666ef40986eba4a5e6f2a06f9","name":"Juan Dagnino NOTICIASMERCEDINAS.COM","image":{"@type":"ImageObject","inLanguage":"es","@id":"https:\/\/secure.gravatar.com\/avatar\/fc7059a769f5a3cae65fadb228a3e4accf3a64b4b2305020d0a27e6d5333c91b?s=96&d=mm&r=g","url":"https:\/\/secure.gravatar.com\/avatar\/fc7059a769f5a3cae65fadb228a3e4accf3a64b4b2305020d0a27e6d5333c91b?s=96&d=mm&r=g","contentUrl":"https:\/\/secure.gravatar.com\/avatar\/fc7059a769f5a3cae65fadb228a3e4accf3a64b4b2305020d0a27e6d5333c91b?s=96&d=mm&r=g","caption":"Juan Dagnino NOTICIASMERCEDINAS.COM"},"url":"https:\/\/noticiasmercedinas.com\/site\/author\/juandagnino\/"}]}},"amp_enabled":true,"_links":{"self":[{"href":"https:\/\/noticiasmercedinas.com\/site\/wp-json\/wp\/v2\/posts\/82029","targetHints":{"allow":["GET"]}}],"collection":[{"href":"https:\/\/noticiasmercedinas.com\/site\/wp-json\/wp\/v2\/posts"}],"about":[{"href":"https:\/\/noticiasmercedinas.com\/site\/wp-json\/wp\/v2\/types\/post"}],"author":[{"embeddable":true,"href":"https:\/\/noticiasmercedinas.com\/site\/wp-json\/wp\/v2\/users\/6"}],"replies":[{"embeddable":true,"href":"https:\/\/noticiasmercedinas.com\/site\/wp-json\/wp\/v2\/comments?post=82029"}],"version-history":[{"count":1,"href":"https:\/\/noticiasmercedinas.com\/site\/wp-json\/wp\/v2\/posts\/82029\/revisions"}],"predecessor-version":[{"id":82033,"href":"https:\/\/noticiasmercedinas.com\/site\/wp-json\/wp\/v2\/posts\/82029\/revisions\/82033"}],"wp:featuredmedia":[{"embeddable":true,"href":"https:\/\/noticiasmercedinas.com\/site\/wp-json\/wp\/v2\/media\/82031"}],"wp:attachment":[{"href":"https:\/\/noticiasmercedinas.com\/site\/wp-json\/wp\/v2\/media?parent=82029"}],"wp:term":[{"taxonomy":"category","embeddable":true,"href":"https:\/\/noticiasmercedinas.com\/site\/wp-json\/wp\/v2\/categories?post=82029"},{"taxonomy":"post_tag","embeddable":true,"href":"https:\/\/noticiasmercedinas.com\/site\/wp-json\/wp\/v2\/tags?post=82029"}],"curies":[{"name":"wp","href":"https:\/\/api.w.org\/{rel}","templated":true}]}}