{"id":82380,"date":"2021-12-28T19:04:26","date_gmt":"2021-12-28T22:04:26","guid":{"rendered":"https:\/\/noticiasmercedinas.com\/site\/?p=82380"},"modified":"2021-12-28T19:04:26","modified_gmt":"2021-12-28T22:04:26","slug":"no-funciona-bien-la-politica-cuando-los-politicos-solo-se-miran-el-ombligo","status":"publish","type":"post","link":"https:\/\/noticiasmercedinas.com\/site\/2021\/12\/28\/no-funciona-bien-la-politica-cuando-los-politicos-solo-se-miran-el-ombligo\/","title":{"rendered":"\u00abNo funciona bien la pol\u00edtica cuando los pol\u00edticos s\u00f3lo se miran el ombligo\u00bb"},"content":{"rendered":"<p><img loading=\"lazy\" decoding=\"async\" class=\"alignnone size-full wp-image-82381\" src=\"https:\/\/noticiasmercedinas.com\/site\/wp-content\/uploads\/2021\/12\/09d695f0-4af9-4e52-b927-581859018a5c.jpg\" alt=\"\" width=\"960\" height=\"750\" srcset=\"https:\/\/noticiasmercedinas.com\/site\/wp-content\/uploads\/2021\/12\/09d695f0-4af9-4e52-b927-581859018a5c.jpg 960w, https:\/\/noticiasmercedinas.com\/site\/wp-content\/uploads\/2021\/12\/09d695f0-4af9-4e52-b927-581859018a5c-300x234.jpg 300w, https:\/\/noticiasmercedinas.com\/site\/wp-content\/uploads\/2021\/12\/09d695f0-4af9-4e52-b927-581859018a5c-768x600.jpg 768w, https:\/\/noticiasmercedinas.com\/site\/wp-content\/uploads\/2021\/12\/09d695f0-4af9-4e52-b927-581859018a5c-511x400.jpg 511w, https:\/\/noticiasmercedinas.com\/site\/wp-content\/uploads\/2021\/12\/09d695f0-4af9-4e52-b927-581859018a5c-640x500.jpg 640w, https:\/\/noticiasmercedinas.com\/site\/wp-content\/uploads\/2021\/12\/09d695f0-4af9-4e52-b927-581859018a5c-681x532.jpg 681w\" sizes=\"auto, (max-width: 960px) 100vw, 960px\" \/><\/p>\n<p><em><strong>Por Juan Carlos Ju\u00e1rez<\/strong><\/em>. En la provincia de Buenos Aires mientras los intendentes y legisladores del oficialismo y la oposici\u00f3n discuten como sostener su situaci\u00f3n pol\u00edtica y personal de manera indefinida con las reelecciones permanentes, suceden otras cosas que afectan a vecinas y vecinas de la provincia de Buenos Aires.<\/p>\n<p>En este caso vamos a hacer referencia a lo que sucede con los jubilados y pensionados del Instituto de Previsi\u00f3n Social \u2013 IPS que \u00e9ste a\u00f1o va a cerrar su ejercicio con un d\u00e9ficit cercano a los 60 mil millones de pesos, sucede como consecuencia de que en los \u00faltimos 10 a\u00f1os se han ido jubilando m\u00e1s personas de las que se incorporan y se fue desfinanciando el sistema paulatinamente.<\/p>\n<p>Hace 10 a\u00f1os el IPS ten\u00eda 3,8 aportantes por cada jubilado y pensionados, y hoy 2,7 por cada jubilado y pensionado. Sin lugar a dudas esto es mucho m\u00e1s preocupante para el a\u00f1o 2022 porque se observa que este d\u00e9ficit va a aumentar y superar los 110 mil millones de pesos. Tema m\u00e1s que preocupante pero claro, obviamente no est\u00e1 en la agenda del gobierno provincial, legisladores e intendentes.<\/p>\n<p>\u00c9sta situaci\u00f3n afecta a los docentes, personal de la salud, municipal, del servicio penitenciario, de la justicia, al personal de los organismos descentralizados, a los de la administraci\u00f3n central y tambi\u00e9n a los empleados de la legislatura bonaerense.<\/p>\n<blockquote><p>Hace 10 a\u00f1os el IPS ten\u00eda 3,8 aportantes por cada jubilado y pensionados, y hoy 2,7 por cada jubilado y pensionado. Sin lugar a dudas esto es mucho m\u00e1s preocupante para el a\u00f1o 2022 porque se observa que este d\u00e9ficit va a aumentar y superar los 110 mil millones de pesos<\/p><\/blockquote>\n<p>Es evidente que este tema tan importante y sensible no est\u00e1 en el centro de la discusi\u00f3n e incide directamente en 300 mil beneficiarios, y que tiene como potenciales beneficiarios a cerca de un mill\u00f3n de agentes provinciales. Sin lugar a duda que esta situaci\u00f3n merece la atenci\u00f3n de manera inmediata para estudiar c\u00f3mo se va a resolver el tema de financiamiento de \u00e9ste Instituto de Previsi\u00f3n Social \u2013 IPS, que evidentemente a \u00e9ste paso, tambi\u00e9n, puede ocurrir lo que le ocurri\u00f3 a otras cajas provinciales como las de Mendoza, de la Ciudad Aut\u00f3noma de Buenos Aires y la de La Rioja que tambi\u00e9n fueron transferidas al sistema Nacional en los a\u00f1os 90, precisamente, porque se desfinanciaron.<\/p>\n<p>El tema de las reelecciones indefinidas de tanto los intendentes como de los legisladores provinciales, bueno, no debe estar en el centro porque sin lugar a duda no es lo m\u00e1s importante. Gobernar ocho a\u00f1os o ser legislador por ocho a\u00f1os es un tiempo muy interesante para hacer muchas cosas. Hay muchos casos de intendentes y legisladores que estuvieron ocho a\u00f1os, se fueron y luego volvieron porque fueron reelectos por sus vecinos porque fueron buenos gobernadores y legisladores.<\/p>\n<p>No funciona bien la pol\u00edtica cuando los pol\u00edticos solo se miran el ombligo y s\u00f3lo les interesa su situaci\u00f3n pol\u00edtico personal.<\/p>\n<hr \/>\n<p><strong><em>Juan Carlos Ju\u00e1rez es diputado provincial mandato cumplido, ex funcionario de ANSES, IPS e INSSJP<\/em><\/strong><\/p>\n","protected":false},"excerpt":{"rendered":"<p>Por Juan Carlos Ju\u00e1rez. En la provincia de Buenos Aires mientras los intendentes y legisladores del oficialismo y la oposici\u00f3n discuten como sostener su situaci\u00f3n pol\u00edtica y personal de manera indefinida con las reelecciones permanentes, suceden otras cosas que afectan a vecinas y vecinas de la provincia de Buenos Aires. En este caso vamos a [&hellip;]<\/p>\n","protected":false},"author":16,"featured_media":82381,"comment_status":"open","ping_status":"open","sticky":false,"template":"","format":"standard","meta":{"footnotes":""},"categories":[8],"tags":[159,547,160,256,470,1050],"class_list":["post-82380","post","type-post","status-publish","format-standard","has-post-thumbnail","hentry","category-opinion","tag-ips","tag-juan-carlos-juarez","tag-jubilados","tag-opinion","tag-pensionados","tag-politica"],"yoast_head":"<!-- This site is optimized with the Yoast SEO plugin v27.4 - https:\/\/yoast.com\/product\/yoast-seo-wordpress\/ -->\n<title>&quot;No funciona bien la pol\u00edtica cuando los pol\u00edticos s\u00f3lo se miran el ombligo&quot;<\/title>\n<meta name=\"robots\" content=\"index, follow, max-snippet:-1, max-image-preview:large, max-video-preview:-1\" \/>\n<link rel=\"canonical\" href=\"https:\/\/noticiasmercedinas.com\/site\/2021\/12\/28\/no-funciona-bien-la-politica-cuando-los-politicos-solo-se-miran-el-ombligo\/\" \/>\n<meta property=\"og:locale\" content=\"es_ES\" \/>\n<meta property=\"og:type\" content=\"article\" \/>\n<meta property=\"og:title\" content=\"&quot;No funciona bien la pol\u00edtica cuando los pol\u00edticos s\u00f3lo se miran el ombligo&quot;\" \/>\n<meta property=\"og:description\" content=\"Por Juan Carlos Ju\u00e1rez. En la provincia de Buenos Aires mientras los intendentes y legisladores del oficialismo y la oposici\u00f3n discuten como sostener su situaci\u00f3n pol\u00edtica y personal de manera indefinida con las reelecciones permanentes, suceden otras cosas que afectan a vecinas y vecinas de la provincia de Buenos Aires. En este caso vamos a [&hellip;]\" \/>\n<meta property=\"og:url\" content=\"https:\/\/noticiasmercedinas.com\/site\/2021\/12\/28\/no-funciona-bien-la-politica-cuando-los-politicos-solo-se-miran-el-ombligo\/\" \/>\n<meta property=\"og:site_name\" content=\"NOTICIASMERCEDINAS.COM\" \/>\n<meta property=\"article:publisher\" content=\"https:\/\/www.facebook.com\/noticiasmercedinas\/\" \/>\n<meta property=\"article:published_time\" content=\"2021-12-28T22:04:26+00:00\" \/>\n<meta property=\"og:image\" content=\"https:\/\/noticiasmercedinas.com\/site\/wp-content\/uploads\/2021\/12\/09d695f0-4af9-4e52-b927-581859018a5c.jpg\" \/>\n\t<meta property=\"og:image:width\" content=\"960\" \/>\n\t<meta property=\"og:image:height\" content=\"750\" \/>\n\t<meta property=\"og:image:type\" content=\"image\/jpeg\" \/>\n<meta name=\"author\" content=\"NOTICIASMERCEDINAS.COM\" \/>\n<meta name=\"twitter:card\" content=\"summary_large_image\" \/>\n<meta name=\"twitter:creator\" content=\"@notmercedinas\" \/>\n<meta name=\"twitter:site\" content=\"@notmercedinas\" \/>\n<meta name=\"twitter:label1\" content=\"Escrito por\" \/>\n\t<meta name=\"twitter:data1\" content=\"NOTICIASMERCEDINAS.COM\" \/>\n\t<meta name=\"twitter:label2\" content=\"Tiempo de lectura\" \/>\n\t<meta name=\"twitter:data2\" content=\"3 minutos\" \/>\n<script type=\"application\/ld+json\" class=\"yoast-schema-graph\">{\"@context\":\"https:\\\/\\\/schema.org\",\"@graph\":[{\"@type\":\"Article\",\"@id\":\"https:\\\/\\\/noticiasmercedinas.com\\\/site\\\/2021\\\/12\\\/28\\\/no-funciona-bien-la-politica-cuando-los-politicos-solo-se-miran-el-ombligo\\\/#article\",\"isPartOf\":{\"@id\":\"https:\\\/\\\/noticiasmercedinas.com\\\/site\\\/2021\\\/12\\\/28\\\/no-funciona-bien-la-politica-cuando-los-politicos-solo-se-miran-el-ombligo\\\/\"},\"author\":{\"name\":\"NOTICIASMERCEDINAS.COM\",\"@id\":\"https:\\\/\\\/noticiasmercedinas.com\\\/site\\\/#\\\/schema\\\/person\\\/84b59c099c28ff2e8b77d4ceec5d8063\"},\"headline\":\"\u00abNo funciona bien la pol\u00edtica cuando los pol\u00edticos s\u00f3lo se miran el ombligo\u00bb\",\"datePublished\":\"2021-12-28T22:04:26+00:00\",\"mainEntityOfPage\":{\"@id\":\"https:\\\/\\\/noticiasmercedinas.com\\\/site\\\/2021\\\/12\\\/28\\\/no-funciona-bien-la-politica-cuando-los-politicos-solo-se-miran-el-ombligo\\\/\"},\"wordCount\":552,\"commentCount\":0,\"publisher\":{\"@id\":\"https:\\\/\\\/noticiasmercedinas.com\\\/site\\\/#organization\"},\"image\":{\"@id\":\"https:\\\/\\\/noticiasmercedinas.com\\\/site\\\/2021\\\/12\\\/28\\\/no-funciona-bien-la-politica-cuando-los-politicos-solo-se-miran-el-ombligo\\\/#primaryimage\"},\"thumbnailUrl\":\"https:\\\/\\\/noticiasmercedinas.com\\\/site\\\/wp-content\\\/uploads\\\/2021\\\/12\\\/09d695f0-4af9-4e52-b927-581859018a5c.jpg\",\"keywords\":[\"ips\",\"juan carlos juarez\",\"jubilados\",\"opinion\",\"pensionados\",\"politica\"],\"articleSection\":[\"Opinion\"],\"inLanguage\":\"es\",\"potentialAction\":[{\"@type\":\"CommentAction\",\"name\":\"Comment\",\"target\":[\"https:\\\/\\\/noticiasmercedinas.com\\\/site\\\/2021\\\/12\\\/28\\\/no-funciona-bien-la-politica-cuando-los-politicos-solo-se-miran-el-ombligo\\\/#respond\"]}]},{\"@type\":\"WebPage\",\"@id\":\"https:\\\/\\\/noticiasmercedinas.com\\\/site\\\/2021\\\/12\\\/28\\\/no-funciona-bien-la-politica-cuando-los-politicos-solo-se-miran-el-ombligo\\\/\",\"url\":\"https:\\\/\\\/noticiasmercedinas.com\\\/site\\\/2021\\\/12\\\/28\\\/no-funciona-bien-la-politica-cuando-los-politicos-solo-se-miran-el-ombligo\\\/\",\"name\":\"\\\"No funciona bien la pol\u00edtica cuando los pol\u00edticos s\u00f3lo se miran el ombligo\\\"\",\"isPartOf\":{\"@id\":\"https:\\\/\\\/noticiasmercedinas.com\\\/site\\\/#website\"},\"primaryImageOfPage\":{\"@id\":\"https:\\\/\\\/noticiasmercedinas.com\\\/site\\\/2021\\\/12\\\/28\\\/no-funciona-bien-la-politica-cuando-los-politicos-solo-se-miran-el-ombligo\\\/#primaryimage\"},\"image\":{\"@id\":\"https:\\\/\\\/noticiasmercedinas.com\\\/site\\\/2021\\\/12\\\/28\\\/no-funciona-bien-la-politica-cuando-los-politicos-solo-se-miran-el-ombligo\\\/#primaryimage\"},\"thumbnailUrl\":\"https:\\\/\\\/noticiasmercedinas.com\\\/site\\\/wp-content\\\/uploads\\\/2021\\\/12\\\/09d695f0-4af9-4e52-b927-581859018a5c.jpg\",\"datePublished\":\"2021-12-28T22:04:26+00:00\",\"breadcrumb\":{\"@id\":\"https:\\\/\\\/noticiasmercedinas.com\\\/site\\\/2021\\\/12\\\/28\\\/no-funciona-bien-la-politica-cuando-los-politicos-solo-se-miran-el-ombligo\\\/#breadcrumb\"},\"inLanguage\":\"es\",\"potentialAction\":[{\"@type\":\"ReadAction\",\"target\":[\"https:\\\/\\\/noticiasmercedinas.com\\\/site\\\/2021\\\/12\\\/28\\\/no-funciona-bien-la-politica-cuando-los-politicos-solo-se-miran-el-ombligo\\\/\"]}]},{\"@type\":\"ImageObject\",\"inLanguage\":\"es\",\"@id\":\"https:\\\/\\\/noticiasmercedinas.com\\\/site\\\/2021\\\/12\\\/28\\\/no-funciona-bien-la-politica-cuando-los-politicos-solo-se-miran-el-ombligo\\\/#primaryimage\",\"url\":\"https:\\\/\\\/noticiasmercedinas.com\\\/site\\\/wp-content\\\/uploads\\\/2021\\\/12\\\/09d695f0-4af9-4e52-b927-581859018a5c.jpg\",\"contentUrl\":\"https:\\\/\\\/noticiasmercedinas.com\\\/site\\\/wp-content\\\/uploads\\\/2021\\\/12\\\/09d695f0-4af9-4e52-b927-581859018a5c.jpg\",\"width\":960,\"height\":750},{\"@type\":\"BreadcrumbList\",\"@id\":\"https:\\\/\\\/noticiasmercedinas.com\\\/site\\\/2021\\\/12\\\/28\\\/no-funciona-bien-la-politica-cuando-los-politicos-solo-se-miran-el-ombligo\\\/#breadcrumb\",\"itemListElement\":[{\"@type\":\"ListItem\",\"position\":1,\"name\":\"Portada\",\"item\":\"https:\\\/\\\/noticiasmercedinas.com\\\/site\\\/\"},{\"@type\":\"ListItem\",\"position\":2,\"name\":\"\u00abNo funciona bien la pol\u00edtica cuando los pol\u00edticos s\u00f3lo se miran el ombligo\u00bb\"}]},{\"@type\":\"WebSite\",\"@id\":\"https:\\\/\\\/noticiasmercedinas.com\\\/site\\\/#website\",\"url\":\"https:\\\/\\\/noticiasmercedinas.com\\\/site\\\/\",\"name\":\"NOTICIASMERCEDINAS.COM\",\"description\":\"Mercedes, Buenos Aires, Argentina\",\"publisher\":{\"@id\":\"https:\\\/\\\/noticiasmercedinas.com\\\/site\\\/#organization\"},\"potentialAction\":[{\"@type\":\"SearchAction\",\"target\":{\"@type\":\"EntryPoint\",\"urlTemplate\":\"https:\\\/\\\/noticiasmercedinas.com\\\/site\\\/?s={search_term_string}\"},\"query-input\":{\"@type\":\"PropertyValueSpecification\",\"valueRequired\":true,\"valueName\":\"search_term_string\"}}],\"inLanguage\":\"es\"},{\"@type\":\"Organization\",\"@id\":\"https:\\\/\\\/noticiasmercedinas.com\\\/site\\\/#organization\",\"name\":\"NOTICIASMERCEDINAS.COM\",\"url\":\"https:\\\/\\\/noticiasmercedinas.com\\\/site\\\/\",\"logo\":{\"@type\":\"ImageObject\",\"inLanguage\":\"es\",\"@id\":\"https:\\\/\\\/noticiasmercedinas.com\\\/site\\\/#\\\/schema\\\/logo\\\/image\\\/\",\"url\":\"https:\\\/\\\/noticiasmercedinas.com\\\/site\\\/wp-content\\\/uploads\\\/2020\\\/06\\\/LOGO-512.jpg\",\"contentUrl\":\"https:\\\/\\\/noticiasmercedinas.com\\\/site\\\/wp-content\\\/uploads\\\/2020\\\/06\\\/LOGO-512.jpg\",\"width\":512,\"height\":512,\"caption\":\"NOTICIASMERCEDINAS.COM\"},\"image\":{\"@id\":\"https:\\\/\\\/noticiasmercedinas.com\\\/site\\\/#\\\/schema\\\/logo\\\/image\\\/\"},\"sameAs\":[\"https:\\\/\\\/www.facebook.com\\\/noticiasmercedinas\\\/\",\"https:\\\/\\\/x.com\\\/notmercedinas\",\"https:\\\/\\\/www.instagram.com\\\/noticiasmercedinas\\\/\"]},{\"@type\":\"Person\",\"@id\":\"https:\\\/\\\/noticiasmercedinas.com\\\/site\\\/#\\\/schema\\\/person\\\/84b59c099c28ff2e8b77d4ceec5d8063\",\"name\":\"NOTICIASMERCEDINAS.COM\",\"image\":{\"@type\":\"ImageObject\",\"inLanguage\":\"es\",\"@id\":\"https:\\\/\\\/secure.gravatar.com\\\/avatar\\\/4dfbf16b4d17945bfb6341b2d19043457132fcf478a5ee04f42e959fd8f5df0a?s=96&d=mm&r=g\",\"url\":\"https:\\\/\\\/secure.gravatar.com\\\/avatar\\\/4dfbf16b4d17945bfb6341b2d19043457132fcf478a5ee04f42e959fd8f5df0a?s=96&d=mm&r=g\",\"contentUrl\":\"https:\\\/\\\/secure.gravatar.com\\\/avatar\\\/4dfbf16b4d17945bfb6341b2d19043457132fcf478a5ee04f42e959fd8f5df0a?s=96&d=mm&r=g\",\"caption\":\"NOTICIASMERCEDINAS.COM\"},\"url\":\"https:\\\/\\\/noticiasmercedinas.com\\\/site\\\/author\\\/anonimo\\\/\"}]}<\/script>\n<!-- \/ Yoast SEO plugin. -->","yoast_head_json":{"title":"\"No funciona bien la pol\u00edtica cuando los pol\u00edticos s\u00f3lo se miran el ombligo\"","robots":{"index":"index","follow":"follow","max-snippet":"max-snippet:-1","max-image-preview":"max-image-preview:large","max-video-preview":"max-video-preview:-1"},"canonical":"https:\/\/noticiasmercedinas.com\/site\/2021\/12\/28\/no-funciona-bien-la-politica-cuando-los-politicos-solo-se-miran-el-ombligo\/","og_locale":"es_ES","og_type":"article","og_title":"\"No funciona bien la pol\u00edtica cuando los pol\u00edticos s\u00f3lo se miran el ombligo\"","og_description":"Por Juan Carlos Ju\u00e1rez. En la provincia de Buenos Aires mientras los intendentes y legisladores del oficialismo y la oposici\u00f3n discuten como sostener su situaci\u00f3n pol\u00edtica y personal de manera indefinida con las reelecciones permanentes, suceden otras cosas que afectan a vecinas y vecinas de la provincia de Buenos Aires. En este caso vamos a [&hellip;]","og_url":"https:\/\/noticiasmercedinas.com\/site\/2021\/12\/28\/no-funciona-bien-la-politica-cuando-los-politicos-solo-se-miran-el-ombligo\/","og_site_name":"NOTICIASMERCEDINAS.COM","article_publisher":"https:\/\/www.facebook.com\/noticiasmercedinas\/","article_published_time":"2021-12-28T22:04:26+00:00","og_image":[{"width":960,"height":750,"url":"https:\/\/noticiasmercedinas.com\/site\/wp-content\/uploads\/2021\/12\/09d695f0-4af9-4e52-b927-581859018a5c.jpg","type":"image\/jpeg"}],"author":"NOTICIASMERCEDINAS.COM","twitter_card":"summary_large_image","twitter_creator":"@notmercedinas","twitter_site":"@notmercedinas","twitter_misc":{"Escrito por":"NOTICIASMERCEDINAS.COM","Tiempo de lectura":"3 minutos"},"schema":{"@context":"https:\/\/schema.org","@graph":[{"@type":"Article","@id":"https:\/\/noticiasmercedinas.com\/site\/2021\/12\/28\/no-funciona-bien-la-politica-cuando-los-politicos-solo-se-miran-el-ombligo\/#article","isPartOf":{"@id":"https:\/\/noticiasmercedinas.com\/site\/2021\/12\/28\/no-funciona-bien-la-politica-cuando-los-politicos-solo-se-miran-el-ombligo\/"},"author":{"name":"NOTICIASMERCEDINAS.COM","@id":"https:\/\/noticiasmercedinas.com\/site\/#\/schema\/person\/84b59c099c28ff2e8b77d4ceec5d8063"},"headline":"\u00abNo funciona bien la pol\u00edtica cuando los pol\u00edticos s\u00f3lo se miran el ombligo\u00bb","datePublished":"2021-12-28T22:04:26+00:00","mainEntityOfPage":{"@id":"https:\/\/noticiasmercedinas.com\/site\/2021\/12\/28\/no-funciona-bien-la-politica-cuando-los-politicos-solo-se-miran-el-ombligo\/"},"wordCount":552,"commentCount":0,"publisher":{"@id":"https:\/\/noticiasmercedinas.com\/site\/#organization"},"image":{"@id":"https:\/\/noticiasmercedinas.com\/site\/2021\/12\/28\/no-funciona-bien-la-politica-cuando-los-politicos-solo-se-miran-el-ombligo\/#primaryimage"},"thumbnailUrl":"https:\/\/noticiasmercedinas.com\/site\/wp-content\/uploads\/2021\/12\/09d695f0-4af9-4e52-b927-581859018a5c.jpg","keywords":["ips","juan carlos juarez","jubilados","opinion","pensionados","politica"],"articleSection":["Opinion"],"inLanguage":"es","potentialAction":[{"@type":"CommentAction","name":"Comment","target":["https:\/\/noticiasmercedinas.com\/site\/2021\/12\/28\/no-funciona-bien-la-politica-cuando-los-politicos-solo-se-miran-el-ombligo\/#respond"]}]},{"@type":"WebPage","@id":"https:\/\/noticiasmercedinas.com\/site\/2021\/12\/28\/no-funciona-bien-la-politica-cuando-los-politicos-solo-se-miran-el-ombligo\/","url":"https:\/\/noticiasmercedinas.com\/site\/2021\/12\/28\/no-funciona-bien-la-politica-cuando-los-politicos-solo-se-miran-el-ombligo\/","name":"\"No funciona bien la pol\u00edtica cuando los pol\u00edticos s\u00f3lo se miran el ombligo\"","isPartOf":{"@id":"https:\/\/noticiasmercedinas.com\/site\/#website"},"primaryImageOfPage":{"@id":"https:\/\/noticiasmercedinas.com\/site\/2021\/12\/28\/no-funciona-bien-la-politica-cuando-los-politicos-solo-se-miran-el-ombligo\/#primaryimage"},"image":{"@id":"https:\/\/noticiasmercedinas.com\/site\/2021\/12\/28\/no-funciona-bien-la-politica-cuando-los-politicos-solo-se-miran-el-ombligo\/#primaryimage"},"thumbnailUrl":"https:\/\/noticiasmercedinas.com\/site\/wp-content\/uploads\/2021\/12\/09d695f0-4af9-4e52-b927-581859018a5c.jpg","datePublished":"2021-12-28T22:04:26+00:00","breadcrumb":{"@id":"https:\/\/noticiasmercedinas.com\/site\/2021\/12\/28\/no-funciona-bien-la-politica-cuando-los-politicos-solo-se-miran-el-ombligo\/#breadcrumb"},"inLanguage":"es","potentialAction":[{"@type":"ReadAction","target":["https:\/\/noticiasmercedinas.com\/site\/2021\/12\/28\/no-funciona-bien-la-politica-cuando-los-politicos-solo-se-miran-el-ombligo\/"]}]},{"@type":"ImageObject","inLanguage":"es","@id":"https:\/\/noticiasmercedinas.com\/site\/2021\/12\/28\/no-funciona-bien-la-politica-cuando-los-politicos-solo-se-miran-el-ombligo\/#primaryimage","url":"https:\/\/noticiasmercedinas.com\/site\/wp-content\/uploads\/2021\/12\/09d695f0-4af9-4e52-b927-581859018a5c.jpg","contentUrl":"https:\/\/noticiasmercedinas.com\/site\/wp-content\/uploads\/2021\/12\/09d695f0-4af9-4e52-b927-581859018a5c.jpg","width":960,"height":750},{"@type":"BreadcrumbList","@id":"https:\/\/noticiasmercedinas.com\/site\/2021\/12\/28\/no-funciona-bien-la-politica-cuando-los-politicos-solo-se-miran-el-ombligo\/#breadcrumb","itemListElement":[{"@type":"ListItem","position":1,"name":"Portada","item":"https:\/\/noticiasmercedinas.com\/site\/"},{"@type":"ListItem","position":2,"name":"\u00abNo funciona bien la pol\u00edtica cuando los pol\u00edticos s\u00f3lo se miran el ombligo\u00bb"}]},{"@type":"WebSite","@id":"https:\/\/noticiasmercedinas.com\/site\/#website","url":"https:\/\/noticiasmercedinas.com\/site\/","name":"NOTICIASMERCEDINAS.COM","description":"Mercedes, Buenos Aires, Argentina","publisher":{"@id":"https:\/\/noticiasmercedinas.com\/site\/#organization"},"potentialAction":[{"@type":"SearchAction","target":{"@type":"EntryPoint","urlTemplate":"https:\/\/noticiasmercedinas.com\/site\/?s={search_term_string}"},"query-input":{"@type":"PropertyValueSpecification","valueRequired":true,"valueName":"search_term_string"}}],"inLanguage":"es"},{"@type":"Organization","@id":"https:\/\/noticiasmercedinas.com\/site\/#organization","name":"NOTICIASMERCEDINAS.COM","url":"https:\/\/noticiasmercedinas.com\/site\/","logo":{"@type":"ImageObject","inLanguage":"es","@id":"https:\/\/noticiasmercedinas.com\/site\/#\/schema\/logo\/image\/","url":"https:\/\/noticiasmercedinas.com\/site\/wp-content\/uploads\/2020\/06\/LOGO-512.jpg","contentUrl":"https:\/\/noticiasmercedinas.com\/site\/wp-content\/uploads\/2020\/06\/LOGO-512.jpg","width":512,"height":512,"caption":"NOTICIASMERCEDINAS.COM"},"image":{"@id":"https:\/\/noticiasmercedinas.com\/site\/#\/schema\/logo\/image\/"},"sameAs":["https:\/\/www.facebook.com\/noticiasmercedinas\/","https:\/\/x.com\/notmercedinas","https:\/\/www.instagram.com\/noticiasmercedinas\/"]},{"@type":"Person","@id":"https:\/\/noticiasmercedinas.com\/site\/#\/schema\/person\/84b59c099c28ff2e8b77d4ceec5d8063","name":"NOTICIASMERCEDINAS.COM","image":{"@type":"ImageObject","inLanguage":"es","@id":"https:\/\/secure.gravatar.com\/avatar\/4dfbf16b4d17945bfb6341b2d19043457132fcf478a5ee04f42e959fd8f5df0a?s=96&d=mm&r=g","url":"https:\/\/secure.gravatar.com\/avatar\/4dfbf16b4d17945bfb6341b2d19043457132fcf478a5ee04f42e959fd8f5df0a?s=96&d=mm&r=g","contentUrl":"https:\/\/secure.gravatar.com\/avatar\/4dfbf16b4d17945bfb6341b2d19043457132fcf478a5ee04f42e959fd8f5df0a?s=96&d=mm&r=g","caption":"NOTICIASMERCEDINAS.COM"},"url":"https:\/\/noticiasmercedinas.com\/site\/author\/anonimo\/"}]}},"amp_enabled":true,"_links":{"self":[{"href":"https:\/\/noticiasmercedinas.com\/site\/wp-json\/wp\/v2\/posts\/82380","targetHints":{"allow":["GET"]}}],"collection":[{"href":"https:\/\/noticiasmercedinas.com\/site\/wp-json\/wp\/v2\/posts"}],"about":[{"href":"https:\/\/noticiasmercedinas.com\/site\/wp-json\/wp\/v2\/types\/post"}],"author":[{"embeddable":true,"href":"https:\/\/noticiasmercedinas.com\/site\/wp-json\/wp\/v2\/users\/16"}],"replies":[{"embeddable":true,"href":"https:\/\/noticiasmercedinas.com\/site\/wp-json\/wp\/v2\/comments?post=82380"}],"version-history":[{"count":1,"href":"https:\/\/noticiasmercedinas.com\/site\/wp-json\/wp\/v2\/posts\/82380\/revisions"}],"predecessor-version":[{"id":82382,"href":"https:\/\/noticiasmercedinas.com\/site\/wp-json\/wp\/v2\/posts\/82380\/revisions\/82382"}],"wp:featuredmedia":[{"embeddable":true,"href":"https:\/\/noticiasmercedinas.com\/site\/wp-json\/wp\/v2\/media\/82381"}],"wp:attachment":[{"href":"https:\/\/noticiasmercedinas.com\/site\/wp-json\/wp\/v2\/media?parent=82380"}],"wp:term":[{"taxonomy":"category","embeddable":true,"href":"https:\/\/noticiasmercedinas.com\/site\/wp-json\/wp\/v2\/categories?post=82380"},{"taxonomy":"post_tag","embeddable":true,"href":"https:\/\/noticiasmercedinas.com\/site\/wp-json\/wp\/v2\/tags?post=82380"}],"curies":[{"name":"wp","href":"https:\/\/api.w.org\/{rel}","templated":true}]}}