{"id":82454,"date":"2021-12-30T09:58:01","date_gmt":"2021-12-30T12:58:01","guid":{"rendered":"https:\/\/noticiasmercedinas.com\/site\/?p=82454"},"modified":"2021-12-30T10:06:40","modified_gmt":"2021-12-30T13:06:40","slug":"ernesto-rissola-ya-integra-el-organismo-de-los-com-it-es-como-consejero","status":"publish","type":"post","link":"https:\/\/noticiasmercedinas.com\/site\/2021\/12\/30\/ernesto-rissola-ya-integra-el-organismo-de-los-com-it-es-como-consejero\/","title":{"rendered":"Ernesto R\u00edssola ya integra el organismo de los Com.It.Es como consejero"},"content":{"rendered":"<p><img loading=\"lazy\" decoding=\"async\" class=\"alignnone size-full wp-image-82455\" src=\"https:\/\/noticiasmercedinas.com\/site\/wp-content\/uploads\/2021\/12\/bbe5ba6f-da7e-4a93-b5af-32407d2a3170.jpg\" alt=\"\" width=\"1024\" height=\"766\" srcset=\"https:\/\/noticiasmercedinas.com\/site\/wp-content\/uploads\/2021\/12\/bbe5ba6f-da7e-4a93-b5af-32407d2a3170.jpg 1024w, https:\/\/noticiasmercedinas.com\/site\/wp-content\/uploads\/2021\/12\/bbe5ba6f-da7e-4a93-b5af-32407d2a3170-300x224.jpg 300w, https:\/\/noticiasmercedinas.com\/site\/wp-content\/uploads\/2021\/12\/bbe5ba6f-da7e-4a93-b5af-32407d2a3170-768x575.jpg 768w, https:\/\/noticiasmercedinas.com\/site\/wp-content\/uploads\/2021\/12\/bbe5ba6f-da7e-4a93-b5af-32407d2a3170-80x60.jpg 80w, https:\/\/noticiasmercedinas.com\/site\/wp-content\/uploads\/2021\/12\/bbe5ba6f-da7e-4a93-b5af-32407d2a3170-160x120.jpg 160w, https:\/\/noticiasmercedinas.com\/site\/wp-content\/uploads\/2021\/12\/bbe5ba6f-da7e-4a93-b5af-32407d2a3170-100x75.jpg 100w, https:\/\/noticiasmercedinas.com\/site\/wp-content\/uploads\/2021\/12\/bbe5ba6f-da7e-4a93-b5af-32407d2a3170-200x150.jpg 200w, https:\/\/noticiasmercedinas.com\/site\/wp-content\/uploads\/2021\/12\/bbe5ba6f-da7e-4a93-b5af-32407d2a3170-180x135.jpg 180w, https:\/\/noticiasmercedinas.com\/site\/wp-content\/uploads\/2021\/12\/bbe5ba6f-da7e-4a93-b5af-32407d2a3170-360x270.jpg 360w, https:\/\/noticiasmercedinas.com\/site\/wp-content\/uploads\/2021\/12\/bbe5ba6f-da7e-4a93-b5af-32407d2a3170-238x178.jpg 238w, https:\/\/noticiasmercedinas.com\/site\/wp-content\/uploads\/2021\/12\/bbe5ba6f-da7e-4a93-b5af-32407d2a3170-476x356.jpg 476w, https:\/\/noticiasmercedinas.com\/site\/wp-content\/uploads\/2021\/12\/bbe5ba6f-da7e-4a93-b5af-32407d2a3170-1022x766.jpg 1022w, https:\/\/noticiasmercedinas.com\/site\/wp-content\/uploads\/2021\/12\/bbe5ba6f-da7e-4a93-b5af-32407d2a3170-640x479.jpg 640w, https:\/\/noticiasmercedinas.com\/site\/wp-content\/uploads\/2021\/12\/bbe5ba6f-da7e-4a93-b5af-32407d2a3170-681x509.jpg 681w\" sizes=\"auto, (max-width: 1024px) 100vw, 1024px\" \/><\/p>\n<p>Alegr\u00eda hay en la Sociedad Italiana de Socorros Mutuos de Mercedes luego de que se confirmara que el MAIE (Movimento associativo Italiani all\u2019estero), al que representa Ernesto R\u00edssola, presidente de esa instituci\u00f3n, ha sacado el 63% de los votos, lo que les permite por segunda vez consecutiva integrar el organismo de los Com.It.Es.<\/p>\n<p>Estuvieron en juego los cargos de Consejeros en los Comites (Comitati degli italiani all Estero). Estos Comites son un \u00f3rgano que constituye el principal instrumento de representaci\u00f3n democr\u00e1tica en las circunscripciones consulares.<\/p>\n<p>Y uno de los protagonistas de esta elecci\u00f3n (como parte del MAIE) fue el presidente de la Sociedad Italiana de Mercedes, Ernesto R\u00edssola.<\/p>\n<p>El cuerpo se reuni\u00f3 el d\u00eda 16 de diciembre en La Plata, y la reuni\u00f3n fue encabezada por el C\u00f3nsul General de La Plata Dott. Filippo Romano.<\/p>\n<p>\u00abEs de destacar que de las 59 localidades que incluye la jurisdicci\u00f3n he sido el tercero m\u00e1s votado, permaneciendo, desde ahora, por cinco a\u00f1os en el cargo\u00bb, indic\u00f3 R\u00edssola. \u00abSoy del Ejecutivo, y estoy entre los 4 que mas votos sacamos. Por ello integro la Mesa Ejecutiva\u00bb, aclar\u00f3.<\/p>\n<p>Y en ese sentido destac\u00f3 que es \u00abgracias al apoyo que todos ustedes han brindado, unos votando y otros en la log\u00edstica del desarrollo de dicha elecci\u00f3n\u00bb.<\/p>\n<p><strong>Turnos liberados<\/strong><br \/>\nYa en lo que hace a la actividad, se inform\u00f3 que a partir del comunicado emitido por el Consulado de La Plata dentro del portal Prenot@mi, se supo que ser\u00e1n liberados turnos para Pasaporte el d\u00eda 3 de enero de 2022 a las 11:00 horas.<\/p>\n","protected":false},"excerpt":{"rendered":"<p>\u25a0 El MAIE (Movimento associativo Italiani all\u2019estero), al que representa el presidente de la Sociedad Italiana de Mercedes, sac\u00f3 el 63% de los votos.<\/p>\n","protected":false},"author":16,"featured_media":82455,"comment_status":"open","ping_status":"open","sticky":false,"template":"","format":"standard","meta":{"footnotes":""},"categories":[3],"tags":[2919,822,821],"class_list":["post-82454","post","type-post","status-publish","format-standard","has-post-thumbnail","hentry","category-sociedad","tag-comites","tag-ernesto-rissola","tag-sociedad-italiana"],"yoast_head":"<!-- This site is optimized with the Yoast SEO plugin v28.3 - https:\/\/yoast.com\/product\/yoast-seo-wordpress\/ -->\n<title>Ernesto R\u00edssola ya integra el organismo de los Com.It.Es como consejero<\/title>\n<meta name=\"robots\" content=\"index, follow, max-snippet:-1, max-image-preview:large, max-video-preview:-1\" \/>\n<link rel=\"canonical\" href=\"https:\/\/noticiasmercedinas.com\/site\/2021\/12\/30\/ernesto-rissola-ya-integra-el-organismo-de-los-com-it-es-como-consejero\/\" \/>\n<meta property=\"og:locale\" content=\"es_ES\" \/>\n<meta property=\"og:type\" content=\"article\" \/>\n<meta property=\"og:title\" content=\"Ernesto R\u00edssola ya integra el organismo de los Com.It.Es como consejero\" \/>\n<meta property=\"og:description\" content=\"\u25a0 El MAIE (Movimento associativo Italiani all\u2019estero), al que representa el presidente de la Sociedad Italiana de Mercedes, sac\u00f3 el 63% de los votos.\" \/>\n<meta property=\"og:url\" content=\"https:\/\/noticiasmercedinas.com\/site\/2021\/12\/30\/ernesto-rissola-ya-integra-el-organismo-de-los-com-it-es-como-consejero\/\" \/>\n<meta property=\"og:site_name\" content=\"NOTICIASMERCEDINAS.COM\" \/>\n<meta property=\"article:publisher\" content=\"https:\/\/www.facebook.com\/noticiasmercedinas\/\" \/>\n<meta property=\"article:published_time\" content=\"2021-12-30T12:58:01+00:00\" \/>\n<meta property=\"article:modified_time\" content=\"2021-12-30T13:06:40+00:00\" \/>\n<meta property=\"og:image\" content=\"https:\/\/noticiasmercedinas.com\/site\/wp-content\/uploads\/2021\/12\/bbe5ba6f-da7e-4a93-b5af-32407d2a3170.jpg\" \/>\n\t<meta property=\"og:image:width\" content=\"1024\" \/>\n\t<meta property=\"og:image:height\" content=\"766\" \/>\n\t<meta property=\"og:image:type\" content=\"image\/jpeg\" \/>\n<meta name=\"author\" content=\"NOTICIASMERCEDINAS.COM\" \/>\n<meta name=\"twitter:card\" content=\"summary_large_image\" \/>\n<meta name=\"twitter:creator\" content=\"@notmercedinas\" \/>\n<meta name=\"twitter:site\" content=\"@notmercedinas\" \/>\n<meta name=\"twitter:label1\" content=\"Escrito por\" \/>\n\t<meta name=\"twitter:data1\" content=\"NOTICIASMERCEDINAS.COM\" \/>\n\t<meta name=\"twitter:label2\" content=\"Tiempo de lectura\" \/>\n\t<meta name=\"twitter:data2\" content=\"1 minuto\" \/>\n<script type=\"application\/ld+json\" class=\"yoast-schema-graph\">{\"@context\":\"https:\\\/\\\/schema.org\",\"@graph\":[{\"@type\":\"Article\",\"@id\":\"https:\\\/\\\/noticiasmercedinas.com\\\/site\\\/2021\\\/12\\\/30\\\/ernesto-rissola-ya-integra-el-organismo-de-los-com-it-es-como-consejero\\\/#article\",\"isPartOf\":{\"@id\":\"https:\\\/\\\/noticiasmercedinas.com\\\/site\\\/2021\\\/12\\\/30\\\/ernesto-rissola-ya-integra-el-organismo-de-los-com-it-es-como-consejero\\\/\"},\"author\":{\"name\":\"NOTICIASMERCEDINAS.COM\",\"@id\":\"https:\\\/\\\/noticiasmercedinas.com\\\/site\\\/#\\\/schema\\\/person\\\/84b59c099c28ff2e8b77d4ceec5d8063\"},\"headline\":\"Ernesto R\u00edssola ya integra el organismo de los Com.It.Es como consejero\",\"datePublished\":\"2021-12-30T12:58:01+00:00\",\"dateModified\":\"2021-12-30T13:06:40+00:00\",\"mainEntityOfPage\":{\"@id\":\"https:\\\/\\\/noticiasmercedinas.com\\\/site\\\/2021\\\/12\\\/30\\\/ernesto-rissola-ya-integra-el-organismo-de-los-com-it-es-como-consejero\\\/\"},\"wordCount\":286,\"commentCount\":0,\"publisher\":{\"@id\":\"https:\\\/\\\/noticiasmercedinas.com\\\/site\\\/#organization\"},\"image\":{\"@id\":\"https:\\\/\\\/noticiasmercedinas.com\\\/site\\\/2021\\\/12\\\/30\\\/ernesto-rissola-ya-integra-el-organismo-de-los-com-it-es-como-consejero\\\/#primaryimage\"},\"thumbnailUrl\":\"https:\\\/\\\/noticiasmercedinas.com\\\/site\\\/wp-content\\\/uploads\\\/2021\\\/12\\\/bbe5ba6f-da7e-4a93-b5af-32407d2a3170.jpg\",\"keywords\":[\"comites\",\"ernesto rissola\",\"sociedad italiana\"],\"articleSection\":[\"Sociedad\"],\"inLanguage\":\"es\",\"potentialAction\":[{\"@type\":\"CommentAction\",\"name\":\"Comment\",\"target\":[\"https:\\\/\\\/noticiasmercedinas.com\\\/site\\\/2021\\\/12\\\/30\\\/ernesto-rissola-ya-integra-el-organismo-de-los-com-it-es-como-consejero\\\/#respond\"]}]},{\"@type\":\"WebPage\",\"@id\":\"https:\\\/\\\/noticiasmercedinas.com\\\/site\\\/2021\\\/12\\\/30\\\/ernesto-rissola-ya-integra-el-organismo-de-los-com-it-es-como-consejero\\\/\",\"url\":\"https:\\\/\\\/noticiasmercedinas.com\\\/site\\\/2021\\\/12\\\/30\\\/ernesto-rissola-ya-integra-el-organismo-de-los-com-it-es-como-consejero\\\/\",\"name\":\"Ernesto R\u00edssola ya integra el organismo de los Com.It.Es como consejero\",\"isPartOf\":{\"@id\":\"https:\\\/\\\/noticiasmercedinas.com\\\/site\\\/#website\"},\"primaryImageOfPage\":{\"@id\":\"https:\\\/\\\/noticiasmercedinas.com\\\/site\\\/2021\\\/12\\\/30\\\/ernesto-rissola-ya-integra-el-organismo-de-los-com-it-es-como-consejero\\\/#primaryimage\"},\"image\":{\"@id\":\"https:\\\/\\\/noticiasmercedinas.com\\\/site\\\/2021\\\/12\\\/30\\\/ernesto-rissola-ya-integra-el-organismo-de-los-com-it-es-como-consejero\\\/#primaryimage\"},\"thumbnailUrl\":\"https:\\\/\\\/noticiasmercedinas.com\\\/site\\\/wp-content\\\/uploads\\\/2021\\\/12\\\/bbe5ba6f-da7e-4a93-b5af-32407d2a3170.jpg\",\"datePublished\":\"2021-12-30T12:58:01+00:00\",\"dateModified\":\"2021-12-30T13:06:40+00:00\",\"breadcrumb\":{\"@id\":\"https:\\\/\\\/noticiasmercedinas.com\\\/site\\\/2021\\\/12\\\/30\\\/ernesto-rissola-ya-integra-el-organismo-de-los-com-it-es-como-consejero\\\/#breadcrumb\"},\"inLanguage\":\"es\",\"potentialAction\":[{\"@type\":\"ReadAction\",\"target\":[\"https:\\\/\\\/noticiasmercedinas.com\\\/site\\\/2021\\\/12\\\/30\\\/ernesto-rissola-ya-integra-el-organismo-de-los-com-it-es-como-consejero\\\/\"]}]},{\"@type\":\"ImageObject\",\"inLanguage\":\"es\",\"@id\":\"https:\\\/\\\/noticiasmercedinas.com\\\/site\\\/2021\\\/12\\\/30\\\/ernesto-rissola-ya-integra-el-organismo-de-los-com-it-es-como-consejero\\\/#primaryimage\",\"url\":\"https:\\\/\\\/noticiasmercedinas.com\\\/site\\\/wp-content\\\/uploads\\\/2021\\\/12\\\/bbe5ba6f-da7e-4a93-b5af-32407d2a3170.jpg\",\"contentUrl\":\"https:\\\/\\\/noticiasmercedinas.com\\\/site\\\/wp-content\\\/uploads\\\/2021\\\/12\\\/bbe5ba6f-da7e-4a93-b5af-32407d2a3170.jpg\",\"width\":1024,\"height\":766},{\"@type\":\"BreadcrumbList\",\"@id\":\"https:\\\/\\\/noticiasmercedinas.com\\\/site\\\/2021\\\/12\\\/30\\\/ernesto-rissola-ya-integra-el-organismo-de-los-com-it-es-como-consejero\\\/#breadcrumb\",\"itemListElement\":[{\"@type\":\"ListItem\",\"position\":1,\"name\":\"Portada\",\"item\":\"https:\\\/\\\/noticiasmercedinas.com\\\/site\\\/\"},{\"@type\":\"ListItem\",\"position\":2,\"name\":\"Ernesto R\u00edssola ya integra el organismo de los Com.It.Es como consejero\"}]},{\"@type\":\"WebSite\",\"@id\":\"https:\\\/\\\/noticiasmercedinas.com\\\/site\\\/#website\",\"url\":\"https:\\\/\\\/noticiasmercedinas.com\\\/site\\\/\",\"name\":\"NOTICIASMERCEDINAS.COM\",\"description\":\"Mercedes, Buenos Aires, Argentina\",\"publisher\":{\"@id\":\"https:\\\/\\\/noticiasmercedinas.com\\\/site\\\/#organization\"},\"potentialAction\":[{\"@type\":\"SearchAction\",\"target\":{\"@type\":\"EntryPoint\",\"urlTemplate\":\"https:\\\/\\\/noticiasmercedinas.com\\\/site\\\/?s={search_term_string}\"},\"query-input\":{\"@type\":\"PropertyValueSpecification\",\"valueRequired\":true,\"valueName\":\"search_term_string\"}}],\"inLanguage\":\"es\"},{\"@type\":\"Organization\",\"@id\":\"https:\\\/\\\/noticiasmercedinas.com\\\/site\\\/#organization\",\"name\":\"NOTICIASMERCEDINAS.COM\",\"url\":\"https:\\\/\\\/noticiasmercedinas.com\\\/site\\\/\",\"logo\":{\"@type\":\"ImageObject\",\"inLanguage\":\"es\",\"@id\":\"https:\\\/\\\/noticiasmercedinas.com\\\/site\\\/#\\\/schema\\\/logo\\\/image\\\/\",\"url\":\"https:\\\/\\\/noticiasmercedinas.com\\\/site\\\/wp-content\\\/uploads\\\/2020\\\/06\\\/LOGO-512.jpg\",\"contentUrl\":\"https:\\\/\\\/noticiasmercedinas.com\\\/site\\\/wp-content\\\/uploads\\\/2020\\\/06\\\/LOGO-512.jpg\",\"width\":512,\"height\":512,\"caption\":\"NOTICIASMERCEDINAS.COM\"},\"image\":{\"@id\":\"https:\\\/\\\/noticiasmercedinas.com\\\/site\\\/#\\\/schema\\\/logo\\\/image\\\/\"},\"sameAs\":[\"https:\\\/\\\/www.facebook.com\\\/noticiasmercedinas\\\/\",\"https:\\\/\\\/x.com\\\/notmercedinas\",\"https:\\\/\\\/www.instagram.com\\\/noticiasmercedinas\\\/\"]},{\"@type\":\"Person\",\"@id\":\"https:\\\/\\\/noticiasmercedinas.com\\\/site\\\/#\\\/schema\\\/person\\\/84b59c099c28ff2e8b77d4ceec5d8063\",\"name\":\"NOTICIASMERCEDINAS.COM\",\"image\":{\"@type\":\"ImageObject\",\"inLanguage\":\"es\",\"@id\":\"https:\\\/\\\/secure.gravatar.com\\\/avatar\\\/4dfbf16b4d17945bfb6341b2d19043457132fcf478a5ee04f42e959fd8f5df0a?s=96&d=mm&r=g\",\"url\":\"https:\\\/\\\/secure.gravatar.com\\\/avatar\\\/4dfbf16b4d17945bfb6341b2d19043457132fcf478a5ee04f42e959fd8f5df0a?s=96&d=mm&r=g\",\"contentUrl\":\"https:\\\/\\\/secure.gravatar.com\\\/avatar\\\/4dfbf16b4d17945bfb6341b2d19043457132fcf478a5ee04f42e959fd8f5df0a?s=96&d=mm&r=g\",\"caption\":\"NOTICIASMERCEDINAS.COM\"},\"url\":\"https:\\\/\\\/noticiasmercedinas.com\\\/site\\\/author\\\/anonimo\\\/\"}]}<\/script>\n<!-- \/ Yoast SEO plugin. -->","yoast_head_json":{"title":"Ernesto R\u00edssola ya integra el organismo de los Com.It.Es como consejero","robots":{"index":"index","follow":"follow","max-snippet":"max-snippet:-1","max-image-preview":"max-image-preview:large","max-video-preview":"max-video-preview:-1"},"canonical":"https:\/\/noticiasmercedinas.com\/site\/2021\/12\/30\/ernesto-rissola-ya-integra-el-organismo-de-los-com-it-es-como-consejero\/","og_locale":"es_ES","og_type":"article","og_title":"Ernesto R\u00edssola ya integra el organismo de los Com.It.Es como consejero","og_description":"\u25a0 El MAIE (Movimento associativo Italiani all\u2019estero), al que representa el presidente de la Sociedad Italiana de Mercedes, sac\u00f3 el 63% de los votos.","og_url":"https:\/\/noticiasmercedinas.com\/site\/2021\/12\/30\/ernesto-rissola-ya-integra-el-organismo-de-los-com-it-es-como-consejero\/","og_site_name":"NOTICIASMERCEDINAS.COM","article_publisher":"https:\/\/www.facebook.com\/noticiasmercedinas\/","article_published_time":"2021-12-30T12:58:01+00:00","article_modified_time":"2021-12-30T13:06:40+00:00","og_image":[{"width":1024,"height":766,"url":"https:\/\/noticiasmercedinas.com\/site\/wp-content\/uploads\/2021\/12\/bbe5ba6f-da7e-4a93-b5af-32407d2a3170.jpg","type":"image\/jpeg"}],"author":"NOTICIASMERCEDINAS.COM","twitter_card":"summary_large_image","twitter_creator":"@notmercedinas","twitter_site":"@notmercedinas","twitter_misc":{"Escrito por":"NOTICIASMERCEDINAS.COM","Tiempo de lectura":"1 minuto"},"schema":{"@context":"https:\/\/schema.org","@graph":[{"@type":"Article","@id":"https:\/\/noticiasmercedinas.com\/site\/2021\/12\/30\/ernesto-rissola-ya-integra-el-organismo-de-los-com-it-es-como-consejero\/#article","isPartOf":{"@id":"https:\/\/noticiasmercedinas.com\/site\/2021\/12\/30\/ernesto-rissola-ya-integra-el-organismo-de-los-com-it-es-como-consejero\/"},"author":{"name":"NOTICIASMERCEDINAS.COM","@id":"https:\/\/noticiasmercedinas.com\/site\/#\/schema\/person\/84b59c099c28ff2e8b77d4ceec5d8063"},"headline":"Ernesto R\u00edssola ya integra el organismo de los Com.It.Es como consejero","datePublished":"2021-12-30T12:58:01+00:00","dateModified":"2021-12-30T13:06:40+00:00","mainEntityOfPage":{"@id":"https:\/\/noticiasmercedinas.com\/site\/2021\/12\/30\/ernesto-rissola-ya-integra-el-organismo-de-los-com-it-es-como-consejero\/"},"wordCount":286,"commentCount":0,"publisher":{"@id":"https:\/\/noticiasmercedinas.com\/site\/#organization"},"image":{"@id":"https:\/\/noticiasmercedinas.com\/site\/2021\/12\/30\/ernesto-rissola-ya-integra-el-organismo-de-los-com-it-es-como-consejero\/#primaryimage"},"thumbnailUrl":"https:\/\/noticiasmercedinas.com\/site\/wp-content\/uploads\/2021\/12\/bbe5ba6f-da7e-4a93-b5af-32407d2a3170.jpg","keywords":["comites","ernesto rissola","sociedad italiana"],"articleSection":["Sociedad"],"inLanguage":"es","potentialAction":[{"@type":"CommentAction","name":"Comment","target":["https:\/\/noticiasmercedinas.com\/site\/2021\/12\/30\/ernesto-rissola-ya-integra-el-organismo-de-los-com-it-es-como-consejero\/#respond"]}]},{"@type":"WebPage","@id":"https:\/\/noticiasmercedinas.com\/site\/2021\/12\/30\/ernesto-rissola-ya-integra-el-organismo-de-los-com-it-es-como-consejero\/","url":"https:\/\/noticiasmercedinas.com\/site\/2021\/12\/30\/ernesto-rissola-ya-integra-el-organismo-de-los-com-it-es-como-consejero\/","name":"Ernesto R\u00edssola ya integra el organismo de los Com.It.Es como consejero","isPartOf":{"@id":"https:\/\/noticiasmercedinas.com\/site\/#website"},"primaryImageOfPage":{"@id":"https:\/\/noticiasmercedinas.com\/site\/2021\/12\/30\/ernesto-rissola-ya-integra-el-organismo-de-los-com-it-es-como-consejero\/#primaryimage"},"image":{"@id":"https:\/\/noticiasmercedinas.com\/site\/2021\/12\/30\/ernesto-rissola-ya-integra-el-organismo-de-los-com-it-es-como-consejero\/#primaryimage"},"thumbnailUrl":"https:\/\/noticiasmercedinas.com\/site\/wp-content\/uploads\/2021\/12\/bbe5ba6f-da7e-4a93-b5af-32407d2a3170.jpg","datePublished":"2021-12-30T12:58:01+00:00","dateModified":"2021-12-30T13:06:40+00:00","breadcrumb":{"@id":"https:\/\/noticiasmercedinas.com\/site\/2021\/12\/30\/ernesto-rissola-ya-integra-el-organismo-de-los-com-it-es-como-consejero\/#breadcrumb"},"inLanguage":"es","potentialAction":[{"@type":"ReadAction","target":["https:\/\/noticiasmercedinas.com\/site\/2021\/12\/30\/ernesto-rissola-ya-integra-el-organismo-de-los-com-it-es-como-consejero\/"]}]},{"@type":"ImageObject","inLanguage":"es","@id":"https:\/\/noticiasmercedinas.com\/site\/2021\/12\/30\/ernesto-rissola-ya-integra-el-organismo-de-los-com-it-es-como-consejero\/#primaryimage","url":"https:\/\/noticiasmercedinas.com\/site\/wp-content\/uploads\/2021\/12\/bbe5ba6f-da7e-4a93-b5af-32407d2a3170.jpg","contentUrl":"https:\/\/noticiasmercedinas.com\/site\/wp-content\/uploads\/2021\/12\/bbe5ba6f-da7e-4a93-b5af-32407d2a3170.jpg","width":1024,"height":766},{"@type":"BreadcrumbList","@id":"https:\/\/noticiasmercedinas.com\/site\/2021\/12\/30\/ernesto-rissola-ya-integra-el-organismo-de-los-com-it-es-como-consejero\/#breadcrumb","itemListElement":[{"@type":"ListItem","position":1,"name":"Portada","item":"https:\/\/noticiasmercedinas.com\/site\/"},{"@type":"ListItem","position":2,"name":"Ernesto R\u00edssola ya integra el organismo de los Com.It.Es como consejero"}]},{"@type":"WebSite","@id":"https:\/\/noticiasmercedinas.com\/site\/#website","url":"https:\/\/noticiasmercedinas.com\/site\/","name":"NOTICIASMERCEDINAS.COM","description":"Mercedes, Buenos Aires, Argentina","publisher":{"@id":"https:\/\/noticiasmercedinas.com\/site\/#organization"},"potentialAction":[{"@type":"SearchAction","target":{"@type":"EntryPoint","urlTemplate":"https:\/\/noticiasmercedinas.com\/site\/?s={search_term_string}"},"query-input":{"@type":"PropertyValueSpecification","valueRequired":true,"valueName":"search_term_string"}}],"inLanguage":"es"},{"@type":"Organization","@id":"https:\/\/noticiasmercedinas.com\/site\/#organization","name":"NOTICIASMERCEDINAS.COM","url":"https:\/\/noticiasmercedinas.com\/site\/","logo":{"@type":"ImageObject","inLanguage":"es","@id":"https:\/\/noticiasmercedinas.com\/site\/#\/schema\/logo\/image\/","url":"https:\/\/noticiasmercedinas.com\/site\/wp-content\/uploads\/2020\/06\/LOGO-512.jpg","contentUrl":"https:\/\/noticiasmercedinas.com\/site\/wp-content\/uploads\/2020\/06\/LOGO-512.jpg","width":512,"height":512,"caption":"NOTICIASMERCEDINAS.COM"},"image":{"@id":"https:\/\/noticiasmercedinas.com\/site\/#\/schema\/logo\/image\/"},"sameAs":["https:\/\/www.facebook.com\/noticiasmercedinas\/","https:\/\/x.com\/notmercedinas","https:\/\/www.instagram.com\/noticiasmercedinas\/"]},{"@type":"Person","@id":"https:\/\/noticiasmercedinas.com\/site\/#\/schema\/person\/84b59c099c28ff2e8b77d4ceec5d8063","name":"NOTICIASMERCEDINAS.COM","image":{"@type":"ImageObject","inLanguage":"es","@id":"https:\/\/secure.gravatar.com\/avatar\/4dfbf16b4d17945bfb6341b2d19043457132fcf478a5ee04f42e959fd8f5df0a?s=96&d=mm&r=g","url":"https:\/\/secure.gravatar.com\/avatar\/4dfbf16b4d17945bfb6341b2d19043457132fcf478a5ee04f42e959fd8f5df0a?s=96&d=mm&r=g","contentUrl":"https:\/\/secure.gravatar.com\/avatar\/4dfbf16b4d17945bfb6341b2d19043457132fcf478a5ee04f42e959fd8f5df0a?s=96&d=mm&r=g","caption":"NOTICIASMERCEDINAS.COM"},"url":"https:\/\/noticiasmercedinas.com\/site\/author\/anonimo\/"}]}},"amp_enabled":true,"_links":{"self":[{"href":"https:\/\/noticiasmercedinas.com\/site\/wp-json\/wp\/v2\/posts\/82454","targetHints":{"allow":["GET"]}}],"collection":[{"href":"https:\/\/noticiasmercedinas.com\/site\/wp-json\/wp\/v2\/posts"}],"about":[{"href":"https:\/\/noticiasmercedinas.com\/site\/wp-json\/wp\/v2\/types\/post"}],"author":[{"embeddable":true,"href":"https:\/\/noticiasmercedinas.com\/site\/wp-json\/wp\/v2\/users\/16"}],"replies":[{"embeddable":true,"href":"https:\/\/noticiasmercedinas.com\/site\/wp-json\/wp\/v2\/comments?post=82454"}],"version-history":[{"count":2,"href":"https:\/\/noticiasmercedinas.com\/site\/wp-json\/wp\/v2\/posts\/82454\/revisions"}],"predecessor-version":[{"id":82463,"href":"https:\/\/noticiasmercedinas.com\/site\/wp-json\/wp\/v2\/posts\/82454\/revisions\/82463"}],"wp:featuredmedia":[{"embeddable":true,"href":"https:\/\/noticiasmercedinas.com\/site\/wp-json\/wp\/v2\/media\/82455"}],"wp:attachment":[{"href":"https:\/\/noticiasmercedinas.com\/site\/wp-json\/wp\/v2\/media?parent=82454"}],"wp:term":[{"taxonomy":"category","embeddable":true,"href":"https:\/\/noticiasmercedinas.com\/site\/wp-json\/wp\/v2\/categories?post=82454"},{"taxonomy":"post_tag","embeddable":true,"href":"https:\/\/noticiasmercedinas.com\/site\/wp-json\/wp\/v2\/tags?post=82454"}],"curies":[{"name":"wp","href":"https:\/\/api.w.org\/{rel}","templated":true}]}}