{"id":82661,"date":"2022-01-04T17:41:11","date_gmt":"2022-01-04T20:41:11","guid":{"rendered":"https:\/\/noticiasmercedinas.com\/site\/?p=82661"},"modified":"2022-01-04T17:41:11","modified_gmt":"2022-01-04T20:41:11","slug":"se-suman-refuerzos-al-canario","status":"publish","type":"post","link":"https:\/\/noticiasmercedinas.com\/site\/2022\/01\/04\/se-suman-refuerzos-al-canario\/","title":{"rendered":"Se suman refuerzos al \u201cCanario\u201d"},"content":{"rendered":"<p><img loading=\"lazy\" decoding=\"async\" class=\"alignnone size-full wp-image-82662\" src=\"https:\/\/noticiasmercedinas.com\/site\/wp-content\/uploads\/2022\/01\/canario1.png\" alt=\"\" width=\"640\" height=\"324\" srcset=\"https:\/\/noticiasmercedinas.com\/site\/wp-content\/uploads\/2022\/01\/canario1.png 640w, https:\/\/noticiasmercedinas.com\/site\/wp-content\/uploads\/2022\/01\/canario1-300x152.png 300w\" sizes=\"auto, (max-width: 640px) 100vw, 640px\" \/><\/p>\n<p>Flandria ha vuelto a entrenarse, lo hizo en el Carlos V bajo la direcci\u00f3n t\u00e9cnica del \u201cLobo\u201d Montenegro con miras a lo que ser\u00e1 la Primera Nacional y la Copa Argentina, tras alcanzar el ascenso en un gran 2021 para el \u201cCanario\u201d en la Primera B donde resulto campe\u00f3n.<\/p>\n<p>Se dieron renovaciones de contrato como la del referente Alejandro \u201cPerro\u201d Gonz\u00e1lez, tambi\u00e9n lo hizo Enzo Trinidad y el arquero Germ\u00e1n Yacaruso. Por su parte, el delantero Fernando Gim\u00e9nez extendi\u00f3 su v\u00ednculo hasta diciembre de 2022 aunque pasar\u00e1 a pr\u00e9stamo a UAI Urquiza.<\/p>\n<p>En lo que hace a Joaqu\u00edn Ib\u00e1\u00f1ez prolong\u00f3 su contrato hasta diciembre de 2023. En cuanto a incorporaciones lleg\u00f3 el defensor Adri\u00e1n Torres 32 a\u00f1os proveniente de Gimnasia de Jujuy, tiene pasado en V\u00e9lez, Godoy Cruz y Chacarita.\u00a0 Tambi\u00e9n se sum\u00f3 Facundo Quintana, extremo izquierdo ex Estudiantes de La Plata y Arsenal. Viene de Los Andes.<\/p>\n<p>El defensor Gino Barbieri 22 a\u00f1os ex Belgrano y el delantero Juan Ignacio Barbieri de 25 a\u00f1os ex CADU y Ferro de Olavarr\u00eda son otros de los nuevos como Gast\u00f3n Mansilla, un volante de 24 a\u00f1os de reciente paso por Colegiales. La lista sigue con Lautaro L\u00f3pez Bertoni, \u00a0aunque este es jugador de las inferiores \u00a0que firm\u00f3 su primer contrato.<\/p>\n<p>Tras los trabajos de esta semana en J\u00e1uregui, el equipo se trasladar\u00e1 a Chivilcoy donde estar\u00e1 realizando la pretemporada. Para el \u201cCanario\u201d ser\u00e1 un a\u00f1o importante y sobre todo al aplicarse los promedios, es por ello que resultar\u00e1 clave una campa\u00f1a decorosa, por ello el conjunto del Montenegro de refuerza.<br \/>\n<img loading=\"lazy\" decoding=\"async\" class=\"alignnone size-full wp-image-82663\" src=\"https:\/\/noticiasmercedinas.com\/site\/wp-content\/uploads\/2022\/01\/canario.png\" alt=\"\" width=\"640\" height=\"358\" srcset=\"https:\/\/noticiasmercedinas.com\/site\/wp-content\/uploads\/2022\/01\/canario.png 640w, https:\/\/noticiasmercedinas.com\/site\/wp-content\/uploads\/2022\/01\/canario-300x168.png 300w\" sizes=\"auto, (max-width: 640px) 100vw, 640px\" \/><\/p>\n","protected":false},"excerpt":{"rendered":"<p>\u25a0 Varios futbolistas ya se entrenan en el equipo de J\u00e1uregui. Algunos de los campeones renovaron contrato. El domingo se iniciar\u00e1 en Chivilcoy buena parte de la pretemporada. Ser\u00e1 un a\u00f1o de Copa Argentina y Primera Nacional. <\/p>\n","protected":false},"author":6,"featured_media":82662,"comment_status":"open","ping_status":"open","sticky":false,"template":"","format":"standard","meta":{"footnotes":""},"categories":[5],"tags":[3526,11470],"class_list":["post-82661","post","type-post","status-publish","format-standard","has-post-thumbnail","hentry","category-deportes","tag-club-flandria","tag-primera-nacional"],"yoast_head":"<!-- This site is optimized with the Yoast SEO plugin v27.4 - https:\/\/yoast.com\/product\/yoast-seo-wordpress\/ -->\n<title>Se suman refuerzos al \u201cCanario\u201d<\/title>\n<meta name=\"robots\" content=\"index, follow, max-snippet:-1, max-image-preview:large, max-video-preview:-1\" \/>\n<link rel=\"canonical\" href=\"https:\/\/noticiasmercedinas.com\/site\/2022\/01\/04\/se-suman-refuerzos-al-canario\/\" \/>\n<meta property=\"og:locale\" content=\"es_ES\" \/>\n<meta property=\"og:type\" content=\"article\" \/>\n<meta property=\"og:title\" content=\"Se suman refuerzos al \u201cCanario\u201d\" \/>\n<meta property=\"og:description\" content=\"\u25a0 Varios futbolistas ya se entrenan en el equipo de J\u00e1uregui. Algunos de los campeones renovaron contrato. El domingo se iniciar\u00e1 en Chivilcoy buena parte de la pretemporada. Ser\u00e1 un a\u00f1o de Copa Argentina y Primera Nacional.\" \/>\n<meta property=\"og:url\" content=\"https:\/\/noticiasmercedinas.com\/site\/2022\/01\/04\/se-suman-refuerzos-al-canario\/\" \/>\n<meta property=\"og:site_name\" content=\"NOTICIASMERCEDINAS.COM\" \/>\n<meta property=\"article:publisher\" content=\"https:\/\/www.facebook.com\/noticiasmercedinas\/\" \/>\n<meta property=\"article:published_time\" content=\"2022-01-04T20:41:11+00:00\" \/>\n<meta property=\"og:image\" content=\"https:\/\/noticiasmercedinas.com\/site\/wp-content\/uploads\/2022\/01\/canario1.png\" \/>\n\t<meta property=\"og:image:width\" content=\"640\" \/>\n\t<meta property=\"og:image:height\" content=\"324\" \/>\n\t<meta property=\"og:image:type\" content=\"image\/png\" \/>\n<meta name=\"author\" content=\"Juan Dagnino NOTICIASMERCEDINAS.COM\" \/>\n<meta name=\"twitter:card\" content=\"summary_large_image\" \/>\n<meta name=\"twitter:creator\" content=\"@notmercedinas\" \/>\n<meta name=\"twitter:site\" content=\"@notmercedinas\" \/>\n<meta name=\"twitter:label1\" content=\"Escrito por\" \/>\n\t<meta name=\"twitter:data1\" content=\"Juan Dagnino NOTICIASMERCEDINAS.COM\" \/>\n\t<meta name=\"twitter:label2\" content=\"Tiempo de lectura\" \/>\n\t<meta name=\"twitter:data2\" content=\"2 minutos\" \/>\n<script type=\"application\/ld+json\" class=\"yoast-schema-graph\">{\"@context\":\"https:\\\/\\\/schema.org\",\"@graph\":[{\"@type\":\"Article\",\"@id\":\"https:\\\/\\\/noticiasmercedinas.com\\\/site\\\/2022\\\/01\\\/04\\\/se-suman-refuerzos-al-canario\\\/#article\",\"isPartOf\":{\"@id\":\"https:\\\/\\\/noticiasmercedinas.com\\\/site\\\/2022\\\/01\\\/04\\\/se-suman-refuerzos-al-canario\\\/\"},\"author\":{\"name\":\"Juan Dagnino NOTICIASMERCEDINAS.COM\",\"@id\":\"https:\\\/\\\/noticiasmercedinas.com\\\/site\\\/#\\\/schema\\\/person\\\/8f2f09d666ef40986eba4a5e6f2a06f9\"},\"headline\":\"Se suman refuerzos al \u201cCanario\u201d\",\"datePublished\":\"2022-01-04T20:41:11+00:00\",\"mainEntityOfPage\":{\"@id\":\"https:\\\/\\\/noticiasmercedinas.com\\\/site\\\/2022\\\/01\\\/04\\\/se-suman-refuerzos-al-canario\\\/\"},\"wordCount\":280,\"commentCount\":0,\"publisher\":{\"@id\":\"https:\\\/\\\/noticiasmercedinas.com\\\/site\\\/#organization\"},\"image\":{\"@id\":\"https:\\\/\\\/noticiasmercedinas.com\\\/site\\\/2022\\\/01\\\/04\\\/se-suman-refuerzos-al-canario\\\/#primaryimage\"},\"thumbnailUrl\":\"https:\\\/\\\/noticiasmercedinas.com\\\/site\\\/wp-content\\\/uploads\\\/2022\\\/01\\\/canario1.png\",\"keywords\":[\"Club Flandria\",\"primera nacional\"],\"articleSection\":[\"Deportes\"],\"inLanguage\":\"es\",\"potentialAction\":[{\"@type\":\"CommentAction\",\"name\":\"Comment\",\"target\":[\"https:\\\/\\\/noticiasmercedinas.com\\\/site\\\/2022\\\/01\\\/04\\\/se-suman-refuerzos-al-canario\\\/#respond\"]}]},{\"@type\":\"WebPage\",\"@id\":\"https:\\\/\\\/noticiasmercedinas.com\\\/site\\\/2022\\\/01\\\/04\\\/se-suman-refuerzos-al-canario\\\/\",\"url\":\"https:\\\/\\\/noticiasmercedinas.com\\\/site\\\/2022\\\/01\\\/04\\\/se-suman-refuerzos-al-canario\\\/\",\"name\":\"Se suman refuerzos al \u201cCanario\u201d\",\"isPartOf\":{\"@id\":\"https:\\\/\\\/noticiasmercedinas.com\\\/site\\\/#website\"},\"primaryImageOfPage\":{\"@id\":\"https:\\\/\\\/noticiasmercedinas.com\\\/site\\\/2022\\\/01\\\/04\\\/se-suman-refuerzos-al-canario\\\/#primaryimage\"},\"image\":{\"@id\":\"https:\\\/\\\/noticiasmercedinas.com\\\/site\\\/2022\\\/01\\\/04\\\/se-suman-refuerzos-al-canario\\\/#primaryimage\"},\"thumbnailUrl\":\"https:\\\/\\\/noticiasmercedinas.com\\\/site\\\/wp-content\\\/uploads\\\/2022\\\/01\\\/canario1.png\",\"datePublished\":\"2022-01-04T20:41:11+00:00\",\"breadcrumb\":{\"@id\":\"https:\\\/\\\/noticiasmercedinas.com\\\/site\\\/2022\\\/01\\\/04\\\/se-suman-refuerzos-al-canario\\\/#breadcrumb\"},\"inLanguage\":\"es\",\"potentialAction\":[{\"@type\":\"ReadAction\",\"target\":[\"https:\\\/\\\/noticiasmercedinas.com\\\/site\\\/2022\\\/01\\\/04\\\/se-suman-refuerzos-al-canario\\\/\"]}]},{\"@type\":\"ImageObject\",\"inLanguage\":\"es\",\"@id\":\"https:\\\/\\\/noticiasmercedinas.com\\\/site\\\/2022\\\/01\\\/04\\\/se-suman-refuerzos-al-canario\\\/#primaryimage\",\"url\":\"https:\\\/\\\/noticiasmercedinas.com\\\/site\\\/wp-content\\\/uploads\\\/2022\\\/01\\\/canario1.png\",\"contentUrl\":\"https:\\\/\\\/noticiasmercedinas.com\\\/site\\\/wp-content\\\/uploads\\\/2022\\\/01\\\/canario1.png\",\"width\":640,\"height\":324},{\"@type\":\"BreadcrumbList\",\"@id\":\"https:\\\/\\\/noticiasmercedinas.com\\\/site\\\/2022\\\/01\\\/04\\\/se-suman-refuerzos-al-canario\\\/#breadcrumb\",\"itemListElement\":[{\"@type\":\"ListItem\",\"position\":1,\"name\":\"Portada\",\"item\":\"https:\\\/\\\/noticiasmercedinas.com\\\/site\\\/\"},{\"@type\":\"ListItem\",\"position\":2,\"name\":\"Se suman refuerzos al \u201cCanario\u201d\"}]},{\"@type\":\"WebSite\",\"@id\":\"https:\\\/\\\/noticiasmercedinas.com\\\/site\\\/#website\",\"url\":\"https:\\\/\\\/noticiasmercedinas.com\\\/site\\\/\",\"name\":\"NOTICIASMERCEDINAS.COM\",\"description\":\"Mercedes, Buenos Aires, Argentina\",\"publisher\":{\"@id\":\"https:\\\/\\\/noticiasmercedinas.com\\\/site\\\/#organization\"},\"potentialAction\":[{\"@type\":\"SearchAction\",\"target\":{\"@type\":\"EntryPoint\",\"urlTemplate\":\"https:\\\/\\\/noticiasmercedinas.com\\\/site\\\/?s={search_term_string}\"},\"query-input\":{\"@type\":\"PropertyValueSpecification\",\"valueRequired\":true,\"valueName\":\"search_term_string\"}}],\"inLanguage\":\"es\"},{\"@type\":\"Organization\",\"@id\":\"https:\\\/\\\/noticiasmercedinas.com\\\/site\\\/#organization\",\"name\":\"NOTICIASMERCEDINAS.COM\",\"url\":\"https:\\\/\\\/noticiasmercedinas.com\\\/site\\\/\",\"logo\":{\"@type\":\"ImageObject\",\"inLanguage\":\"es\",\"@id\":\"https:\\\/\\\/noticiasmercedinas.com\\\/site\\\/#\\\/schema\\\/logo\\\/image\\\/\",\"url\":\"https:\\\/\\\/noticiasmercedinas.com\\\/site\\\/wp-content\\\/uploads\\\/2020\\\/06\\\/LOGO-512.jpg\",\"contentUrl\":\"https:\\\/\\\/noticiasmercedinas.com\\\/site\\\/wp-content\\\/uploads\\\/2020\\\/06\\\/LOGO-512.jpg\",\"width\":512,\"height\":512,\"caption\":\"NOTICIASMERCEDINAS.COM\"},\"image\":{\"@id\":\"https:\\\/\\\/noticiasmercedinas.com\\\/site\\\/#\\\/schema\\\/logo\\\/image\\\/\"},\"sameAs\":[\"https:\\\/\\\/www.facebook.com\\\/noticiasmercedinas\\\/\",\"https:\\\/\\\/x.com\\\/notmercedinas\",\"https:\\\/\\\/www.instagram.com\\\/noticiasmercedinas\\\/\"]},{\"@type\":\"Person\",\"@id\":\"https:\\\/\\\/noticiasmercedinas.com\\\/site\\\/#\\\/schema\\\/person\\\/8f2f09d666ef40986eba4a5e6f2a06f9\",\"name\":\"Juan Dagnino NOTICIASMERCEDINAS.COM\",\"image\":{\"@type\":\"ImageObject\",\"inLanguage\":\"es\",\"@id\":\"https:\\\/\\\/secure.gravatar.com\\\/avatar\\\/fc7059a769f5a3cae65fadb228a3e4accf3a64b4b2305020d0a27e6d5333c91b?s=96&d=mm&r=g\",\"url\":\"https:\\\/\\\/secure.gravatar.com\\\/avatar\\\/fc7059a769f5a3cae65fadb228a3e4accf3a64b4b2305020d0a27e6d5333c91b?s=96&d=mm&r=g\",\"contentUrl\":\"https:\\\/\\\/secure.gravatar.com\\\/avatar\\\/fc7059a769f5a3cae65fadb228a3e4accf3a64b4b2305020d0a27e6d5333c91b?s=96&d=mm&r=g\",\"caption\":\"Juan Dagnino NOTICIASMERCEDINAS.COM\"},\"url\":\"https:\\\/\\\/noticiasmercedinas.com\\\/site\\\/author\\\/juandagnino\\\/\"}]}<\/script>\n<!-- \/ Yoast SEO plugin. -->","yoast_head_json":{"title":"Se suman refuerzos al \u201cCanario\u201d","robots":{"index":"index","follow":"follow","max-snippet":"max-snippet:-1","max-image-preview":"max-image-preview:large","max-video-preview":"max-video-preview:-1"},"canonical":"https:\/\/noticiasmercedinas.com\/site\/2022\/01\/04\/se-suman-refuerzos-al-canario\/","og_locale":"es_ES","og_type":"article","og_title":"Se suman refuerzos al \u201cCanario\u201d","og_description":"\u25a0 Varios futbolistas ya se entrenan en el equipo de J\u00e1uregui. Algunos de los campeones renovaron contrato. El domingo se iniciar\u00e1 en Chivilcoy buena parte de la pretemporada. Ser\u00e1 un a\u00f1o de Copa Argentina y Primera Nacional.","og_url":"https:\/\/noticiasmercedinas.com\/site\/2022\/01\/04\/se-suman-refuerzos-al-canario\/","og_site_name":"NOTICIASMERCEDINAS.COM","article_publisher":"https:\/\/www.facebook.com\/noticiasmercedinas\/","article_published_time":"2022-01-04T20:41:11+00:00","og_image":[{"width":640,"height":324,"url":"https:\/\/noticiasmercedinas.com\/site\/wp-content\/uploads\/2022\/01\/canario1.png","type":"image\/png"}],"author":"Juan Dagnino NOTICIASMERCEDINAS.COM","twitter_card":"summary_large_image","twitter_creator":"@notmercedinas","twitter_site":"@notmercedinas","twitter_misc":{"Escrito por":"Juan Dagnino NOTICIASMERCEDINAS.COM","Tiempo de lectura":"2 minutos"},"schema":{"@context":"https:\/\/schema.org","@graph":[{"@type":"Article","@id":"https:\/\/noticiasmercedinas.com\/site\/2022\/01\/04\/se-suman-refuerzos-al-canario\/#article","isPartOf":{"@id":"https:\/\/noticiasmercedinas.com\/site\/2022\/01\/04\/se-suman-refuerzos-al-canario\/"},"author":{"name":"Juan Dagnino NOTICIASMERCEDINAS.COM","@id":"https:\/\/noticiasmercedinas.com\/site\/#\/schema\/person\/8f2f09d666ef40986eba4a5e6f2a06f9"},"headline":"Se suman refuerzos al \u201cCanario\u201d","datePublished":"2022-01-04T20:41:11+00:00","mainEntityOfPage":{"@id":"https:\/\/noticiasmercedinas.com\/site\/2022\/01\/04\/se-suman-refuerzos-al-canario\/"},"wordCount":280,"commentCount":0,"publisher":{"@id":"https:\/\/noticiasmercedinas.com\/site\/#organization"},"image":{"@id":"https:\/\/noticiasmercedinas.com\/site\/2022\/01\/04\/se-suman-refuerzos-al-canario\/#primaryimage"},"thumbnailUrl":"https:\/\/noticiasmercedinas.com\/site\/wp-content\/uploads\/2022\/01\/canario1.png","keywords":["Club Flandria","primera nacional"],"articleSection":["Deportes"],"inLanguage":"es","potentialAction":[{"@type":"CommentAction","name":"Comment","target":["https:\/\/noticiasmercedinas.com\/site\/2022\/01\/04\/se-suman-refuerzos-al-canario\/#respond"]}]},{"@type":"WebPage","@id":"https:\/\/noticiasmercedinas.com\/site\/2022\/01\/04\/se-suman-refuerzos-al-canario\/","url":"https:\/\/noticiasmercedinas.com\/site\/2022\/01\/04\/se-suman-refuerzos-al-canario\/","name":"Se suman refuerzos al \u201cCanario\u201d","isPartOf":{"@id":"https:\/\/noticiasmercedinas.com\/site\/#website"},"primaryImageOfPage":{"@id":"https:\/\/noticiasmercedinas.com\/site\/2022\/01\/04\/se-suman-refuerzos-al-canario\/#primaryimage"},"image":{"@id":"https:\/\/noticiasmercedinas.com\/site\/2022\/01\/04\/se-suman-refuerzos-al-canario\/#primaryimage"},"thumbnailUrl":"https:\/\/noticiasmercedinas.com\/site\/wp-content\/uploads\/2022\/01\/canario1.png","datePublished":"2022-01-04T20:41:11+00:00","breadcrumb":{"@id":"https:\/\/noticiasmercedinas.com\/site\/2022\/01\/04\/se-suman-refuerzos-al-canario\/#breadcrumb"},"inLanguage":"es","potentialAction":[{"@type":"ReadAction","target":["https:\/\/noticiasmercedinas.com\/site\/2022\/01\/04\/se-suman-refuerzos-al-canario\/"]}]},{"@type":"ImageObject","inLanguage":"es","@id":"https:\/\/noticiasmercedinas.com\/site\/2022\/01\/04\/se-suman-refuerzos-al-canario\/#primaryimage","url":"https:\/\/noticiasmercedinas.com\/site\/wp-content\/uploads\/2022\/01\/canario1.png","contentUrl":"https:\/\/noticiasmercedinas.com\/site\/wp-content\/uploads\/2022\/01\/canario1.png","width":640,"height":324},{"@type":"BreadcrumbList","@id":"https:\/\/noticiasmercedinas.com\/site\/2022\/01\/04\/se-suman-refuerzos-al-canario\/#breadcrumb","itemListElement":[{"@type":"ListItem","position":1,"name":"Portada","item":"https:\/\/noticiasmercedinas.com\/site\/"},{"@type":"ListItem","position":2,"name":"Se suman refuerzos al \u201cCanario\u201d"}]},{"@type":"WebSite","@id":"https:\/\/noticiasmercedinas.com\/site\/#website","url":"https:\/\/noticiasmercedinas.com\/site\/","name":"NOTICIASMERCEDINAS.COM","description":"Mercedes, Buenos Aires, Argentina","publisher":{"@id":"https:\/\/noticiasmercedinas.com\/site\/#organization"},"potentialAction":[{"@type":"SearchAction","target":{"@type":"EntryPoint","urlTemplate":"https:\/\/noticiasmercedinas.com\/site\/?s={search_term_string}"},"query-input":{"@type":"PropertyValueSpecification","valueRequired":true,"valueName":"search_term_string"}}],"inLanguage":"es"},{"@type":"Organization","@id":"https:\/\/noticiasmercedinas.com\/site\/#organization","name":"NOTICIASMERCEDINAS.COM","url":"https:\/\/noticiasmercedinas.com\/site\/","logo":{"@type":"ImageObject","inLanguage":"es","@id":"https:\/\/noticiasmercedinas.com\/site\/#\/schema\/logo\/image\/","url":"https:\/\/noticiasmercedinas.com\/site\/wp-content\/uploads\/2020\/06\/LOGO-512.jpg","contentUrl":"https:\/\/noticiasmercedinas.com\/site\/wp-content\/uploads\/2020\/06\/LOGO-512.jpg","width":512,"height":512,"caption":"NOTICIASMERCEDINAS.COM"},"image":{"@id":"https:\/\/noticiasmercedinas.com\/site\/#\/schema\/logo\/image\/"},"sameAs":["https:\/\/www.facebook.com\/noticiasmercedinas\/","https:\/\/x.com\/notmercedinas","https:\/\/www.instagram.com\/noticiasmercedinas\/"]},{"@type":"Person","@id":"https:\/\/noticiasmercedinas.com\/site\/#\/schema\/person\/8f2f09d666ef40986eba4a5e6f2a06f9","name":"Juan Dagnino NOTICIASMERCEDINAS.COM","image":{"@type":"ImageObject","inLanguage":"es","@id":"https:\/\/secure.gravatar.com\/avatar\/fc7059a769f5a3cae65fadb228a3e4accf3a64b4b2305020d0a27e6d5333c91b?s=96&d=mm&r=g","url":"https:\/\/secure.gravatar.com\/avatar\/fc7059a769f5a3cae65fadb228a3e4accf3a64b4b2305020d0a27e6d5333c91b?s=96&d=mm&r=g","contentUrl":"https:\/\/secure.gravatar.com\/avatar\/fc7059a769f5a3cae65fadb228a3e4accf3a64b4b2305020d0a27e6d5333c91b?s=96&d=mm&r=g","caption":"Juan Dagnino NOTICIASMERCEDINAS.COM"},"url":"https:\/\/noticiasmercedinas.com\/site\/author\/juandagnino\/"}]}},"amp_enabled":true,"_links":{"self":[{"href":"https:\/\/noticiasmercedinas.com\/site\/wp-json\/wp\/v2\/posts\/82661","targetHints":{"allow":["GET"]}}],"collection":[{"href":"https:\/\/noticiasmercedinas.com\/site\/wp-json\/wp\/v2\/posts"}],"about":[{"href":"https:\/\/noticiasmercedinas.com\/site\/wp-json\/wp\/v2\/types\/post"}],"author":[{"embeddable":true,"href":"https:\/\/noticiasmercedinas.com\/site\/wp-json\/wp\/v2\/users\/6"}],"replies":[{"embeddable":true,"href":"https:\/\/noticiasmercedinas.com\/site\/wp-json\/wp\/v2\/comments?post=82661"}],"version-history":[{"count":1,"href":"https:\/\/noticiasmercedinas.com\/site\/wp-json\/wp\/v2\/posts\/82661\/revisions"}],"predecessor-version":[{"id":82664,"href":"https:\/\/noticiasmercedinas.com\/site\/wp-json\/wp\/v2\/posts\/82661\/revisions\/82664"}],"wp:featuredmedia":[{"embeddable":true,"href":"https:\/\/noticiasmercedinas.com\/site\/wp-json\/wp\/v2\/media\/82662"}],"wp:attachment":[{"href":"https:\/\/noticiasmercedinas.com\/site\/wp-json\/wp\/v2\/media?parent=82661"}],"wp:term":[{"taxonomy":"category","embeddable":true,"href":"https:\/\/noticiasmercedinas.com\/site\/wp-json\/wp\/v2\/categories?post=82661"},{"taxonomy":"post_tag","embeddable":true,"href":"https:\/\/noticiasmercedinas.com\/site\/wp-json\/wp\/v2\/tags?post=82661"}],"curies":[{"name":"wp","href":"https:\/\/api.w.org\/{rel}","templated":true}]}}