{"id":82805,"date":"2022-01-07T09:48:18","date_gmt":"2022-01-07T12:48:18","guid":{"rendered":"https:\/\/noticiasmercedinas.com\/site\/?p=82805"},"modified":"2022-01-08T09:34:52","modified_gmt":"2022-01-08T12:34:52","slug":"comienzan-a-cobrar-acceso-al-parque-a-turistas-con-bono-solidario-para-bomberos","status":"publish","type":"post","link":"https:\/\/noticiasmercedinas.com\/site\/2022\/01\/07\/comienzan-a-cobrar-acceso-al-parque-a-turistas-con-bono-solidario-para-bomberos\/","title":{"rendered":"Comienzan a cobrar acceso al Parque a turistas con bono solidario para Bomberos"},"content":{"rendered":"<p><img loading=\"lazy\" decoding=\"async\" class=\"alignnone size-large wp-image-82806\" src=\"https:\/\/noticiasmercedinas.com\/site\/wp-content\/uploads\/2022\/01\/271019624_4712585352168586_9083885476301695137_n-1024x580.jpg\" alt=\"\" width=\"640\" height=\"363\" \/><\/p>\n<p>Desde la Municipalidad de Mercedes se anunci\u00f3, luego de una conferencia de prensa alusiva, que se comenzar\u00e1 a cobrar el acceso al Parque Municipal Independencia a turistas con un bono solidario que ser\u00e1 para beneficio de Bomberos.<\/p>\n<p>\u00abDesde este fin de semana se cobrar\u00e1 acceso al Parque Municipal a visitantes y turistas\u00bb, indicaron desde la comuna y precisaron que el 100% de lo recaudado ser\u00e1 a beneficio de los Bomberos Voluntarios.<\/p>\n<p>\u00abDe esta manera, como en tantas las ciudades, a los no residentes se les solicitar\u00e1 un aporte solidario para una instituci\u00f3n local y en este caso para ellos, nuestros h\u00e9roes locales, los Bomberos Voluntarios\u00bb, dijeron.<\/p>\n<p>Para el anuncio ante los medios se hicieron presente, junto al intendente Juan Ustarroz, integrantes de la Asociaci\u00f3n Cooperadora de Bomberos Voluntarios de Mercedes.<\/p>\n<p>En este sentido el presidente de la Cooperadora de los Bomberos Voluntarios, Pedro Di Cecco, comunic\u00f3: \u201cYa nos estamos organizando por grupos para poder realizar esta tarea, y a medida que vaya pasando el tiempo intentaremos de ir mejorando la implementaci\u00f3n, ya que para nosotros es un ingreso neto, dado que no tenemos gastos ni p\u00e9rdidas\u201d.<\/p>\n<p>\u201cSe les cobrar\u00e1 a los no residentes, es decir, que no pertenezcan a nuestra ciudad. El ingreso ser\u00e1 de 200 pesos (auto o moto) y 1.000 pesos a colectivos. Y para quienes quieran hacer uso de la pileta, el valor ser\u00e1 de 300 pesos a menores de 14 a\u00f1os, 500 pesos a mayores de 14 a\u00f1os y para el grupo familiar 1.100 pesos\u201d.<\/p>\n<p>Di Cecco recalc\u00f3 \u201cel agradecimiento al Municipio de Mercedes por esta acci\u00f3n, ya que los ingresos, el cien por ciento, es para Bomberos. Esperamos que esta nueva experiencia salga bien porque para nosotros es una ayuda muy importante\u201d.<\/p>\n","protected":false},"excerpt":{"rendered":"<p>\u25a0 \u00abDesde este fin de semana se cobrar\u00e1 acceso al Parque Municipal a visitantes y turistas\u00bb, indicaron desde la comuna y precisaron que el 100% de lo recaudado ser\u00e1 a beneficio de los Bomberos Voluntarios.<\/p>\n","protected":false},"author":16,"featured_media":82806,"comment_status":"open","ping_status":"open","sticky":false,"template":"","format":"standard","meta":{"footnotes":""},"categories":[3],"tags":[4238,3523],"class_list":["post-82805","post","type-post","status-publish","format-standard","has-post-thumbnail","hentry","category-sociedad","tag-bomberos-voluntarios-de-mercedes","tag-parque-municipal-independencia"],"yoast_head":"<!-- This site is optimized with the Yoast SEO plugin v27.5 - https:\/\/yoast.com\/product\/yoast-seo-wordpress\/ -->\n<title>Comienzan a cobrar acceso al Parque a turistas con bono solidario para Bomberos<\/title>\n<meta name=\"robots\" content=\"index, follow, max-snippet:-1, max-image-preview:large, max-video-preview:-1\" \/>\n<link rel=\"canonical\" href=\"https:\/\/noticiasmercedinas.com\/site\/2022\/01\/07\/comienzan-a-cobrar-acceso-al-parque-a-turistas-con-bono-solidario-para-bomberos\/\" \/>\n<meta property=\"og:locale\" content=\"es_ES\" \/>\n<meta property=\"og:type\" content=\"article\" \/>\n<meta property=\"og:title\" content=\"Comienzan a cobrar acceso al Parque a turistas con bono solidario para Bomberos\" \/>\n<meta property=\"og:description\" content=\"\u25a0 &quot;Desde este fin de semana se cobrar\u00e1 acceso al Parque Municipal a visitantes y turistas&quot;, indicaron desde la comuna y precisaron que el 100% de lo recaudado ser\u00e1 a beneficio de los Bomberos Voluntarios.\" \/>\n<meta property=\"og:url\" content=\"https:\/\/noticiasmercedinas.com\/site\/2022\/01\/07\/comienzan-a-cobrar-acceso-al-parque-a-turistas-con-bono-solidario-para-bomberos\/\" \/>\n<meta property=\"og:site_name\" content=\"NOTICIASMERCEDINAS.COM\" \/>\n<meta property=\"article:publisher\" content=\"https:\/\/www.facebook.com\/noticiasmercedinas\/\" \/>\n<meta property=\"article:published_time\" content=\"2022-01-07T12:48:18+00:00\" \/>\n<meta property=\"article:modified_time\" content=\"2022-01-08T12:34:52+00:00\" \/>\n<meta property=\"og:image\" content=\"https:\/\/noticiasmercedinas.com\/site\/wp-content\/uploads\/2022\/01\/271019624_4712585352168586_9083885476301695137_n-e1641559579345.jpg\" \/>\n\t<meta property=\"og:image:width\" content=\"640\" \/>\n\t<meta property=\"og:image:height\" content=\"362\" \/>\n\t<meta property=\"og:image:type\" content=\"image\/jpeg\" \/>\n<meta name=\"author\" content=\"NOTICIASMERCEDINAS.COM\" \/>\n<meta name=\"twitter:card\" content=\"summary_large_image\" \/>\n<meta name=\"twitter:creator\" content=\"@notmercedinas\" \/>\n<meta name=\"twitter:site\" content=\"@notmercedinas\" \/>\n<meta name=\"twitter:label1\" content=\"Escrito por\" \/>\n\t<meta name=\"twitter:data1\" content=\"NOTICIASMERCEDINAS.COM\" \/>\n\t<meta name=\"twitter:label2\" content=\"Tiempo de lectura\" \/>\n\t<meta name=\"twitter:data2\" content=\"1 minuto\" \/>\n<script type=\"application\/ld+json\" class=\"yoast-schema-graph\">{\"@context\":\"https:\\\/\\\/schema.org\",\"@graph\":[{\"@type\":\"Article\",\"@id\":\"https:\\\/\\\/noticiasmercedinas.com\\\/site\\\/2022\\\/01\\\/07\\\/comienzan-a-cobrar-acceso-al-parque-a-turistas-con-bono-solidario-para-bomberos\\\/#article\",\"isPartOf\":{\"@id\":\"https:\\\/\\\/noticiasmercedinas.com\\\/site\\\/2022\\\/01\\\/07\\\/comienzan-a-cobrar-acceso-al-parque-a-turistas-con-bono-solidario-para-bomberos\\\/\"},\"author\":{\"name\":\"NOTICIASMERCEDINAS.COM\",\"@id\":\"https:\\\/\\\/noticiasmercedinas.com\\\/site\\\/#\\\/schema\\\/person\\\/84b59c099c28ff2e8b77d4ceec5d8063\"},\"headline\":\"Comienzan a cobrar acceso al Parque a turistas con bono solidario para Bomberos\",\"datePublished\":\"2022-01-07T12:48:18+00:00\",\"dateModified\":\"2022-01-08T12:34:52+00:00\",\"mainEntityOfPage\":{\"@id\":\"https:\\\/\\\/noticiasmercedinas.com\\\/site\\\/2022\\\/01\\\/07\\\/comienzan-a-cobrar-acceso-al-parque-a-turistas-con-bono-solidario-para-bomberos\\\/\"},\"wordCount\":300,\"commentCount\":0,\"publisher\":{\"@id\":\"https:\\\/\\\/noticiasmercedinas.com\\\/site\\\/#organization\"},\"image\":{\"@id\":\"https:\\\/\\\/noticiasmercedinas.com\\\/site\\\/2022\\\/01\\\/07\\\/comienzan-a-cobrar-acceso-al-parque-a-turistas-con-bono-solidario-para-bomberos\\\/#primaryimage\"},\"thumbnailUrl\":\"https:\\\/\\\/noticiasmercedinas.com\\\/site\\\/wp-content\\\/uploads\\\/2022\\\/01\\\/271019624_4712585352168586_9083885476301695137_n-e1641559579345.jpg\",\"keywords\":[\"Bomberos Voluntarios de Mercedes\",\"Parque Municipal Independencia\"],\"articleSection\":[\"Sociedad\"],\"inLanguage\":\"es\",\"potentialAction\":[{\"@type\":\"CommentAction\",\"name\":\"Comment\",\"target\":[\"https:\\\/\\\/noticiasmercedinas.com\\\/site\\\/2022\\\/01\\\/07\\\/comienzan-a-cobrar-acceso-al-parque-a-turistas-con-bono-solidario-para-bomberos\\\/#respond\"]}]},{\"@type\":\"WebPage\",\"@id\":\"https:\\\/\\\/noticiasmercedinas.com\\\/site\\\/2022\\\/01\\\/07\\\/comienzan-a-cobrar-acceso-al-parque-a-turistas-con-bono-solidario-para-bomberos\\\/\",\"url\":\"https:\\\/\\\/noticiasmercedinas.com\\\/site\\\/2022\\\/01\\\/07\\\/comienzan-a-cobrar-acceso-al-parque-a-turistas-con-bono-solidario-para-bomberos\\\/\",\"name\":\"Comienzan a cobrar acceso al Parque a turistas con bono solidario para Bomberos\",\"isPartOf\":{\"@id\":\"https:\\\/\\\/noticiasmercedinas.com\\\/site\\\/#website\"},\"primaryImageOfPage\":{\"@id\":\"https:\\\/\\\/noticiasmercedinas.com\\\/site\\\/2022\\\/01\\\/07\\\/comienzan-a-cobrar-acceso-al-parque-a-turistas-con-bono-solidario-para-bomberos\\\/#primaryimage\"},\"image\":{\"@id\":\"https:\\\/\\\/noticiasmercedinas.com\\\/site\\\/2022\\\/01\\\/07\\\/comienzan-a-cobrar-acceso-al-parque-a-turistas-con-bono-solidario-para-bomberos\\\/#primaryimage\"},\"thumbnailUrl\":\"https:\\\/\\\/noticiasmercedinas.com\\\/site\\\/wp-content\\\/uploads\\\/2022\\\/01\\\/271019624_4712585352168586_9083885476301695137_n-e1641559579345.jpg\",\"datePublished\":\"2022-01-07T12:48:18+00:00\",\"dateModified\":\"2022-01-08T12:34:52+00:00\",\"breadcrumb\":{\"@id\":\"https:\\\/\\\/noticiasmercedinas.com\\\/site\\\/2022\\\/01\\\/07\\\/comienzan-a-cobrar-acceso-al-parque-a-turistas-con-bono-solidario-para-bomberos\\\/#breadcrumb\"},\"inLanguage\":\"es\",\"potentialAction\":[{\"@type\":\"ReadAction\",\"target\":[\"https:\\\/\\\/noticiasmercedinas.com\\\/site\\\/2022\\\/01\\\/07\\\/comienzan-a-cobrar-acceso-al-parque-a-turistas-con-bono-solidario-para-bomberos\\\/\"]}]},{\"@type\":\"ImageObject\",\"inLanguage\":\"es\",\"@id\":\"https:\\\/\\\/noticiasmercedinas.com\\\/site\\\/2022\\\/01\\\/07\\\/comienzan-a-cobrar-acceso-al-parque-a-turistas-con-bono-solidario-para-bomberos\\\/#primaryimage\",\"url\":\"https:\\\/\\\/noticiasmercedinas.com\\\/site\\\/wp-content\\\/uploads\\\/2022\\\/01\\\/271019624_4712585352168586_9083885476301695137_n-e1641559579345.jpg\",\"contentUrl\":\"https:\\\/\\\/noticiasmercedinas.com\\\/site\\\/wp-content\\\/uploads\\\/2022\\\/01\\\/271019624_4712585352168586_9083885476301695137_n-e1641559579345.jpg\",\"width\":640,\"height\":362},{\"@type\":\"BreadcrumbList\",\"@id\":\"https:\\\/\\\/noticiasmercedinas.com\\\/site\\\/2022\\\/01\\\/07\\\/comienzan-a-cobrar-acceso-al-parque-a-turistas-con-bono-solidario-para-bomberos\\\/#breadcrumb\",\"itemListElement\":[{\"@type\":\"ListItem\",\"position\":1,\"name\":\"Portada\",\"item\":\"https:\\\/\\\/noticiasmercedinas.com\\\/site\\\/\"},{\"@type\":\"ListItem\",\"position\":2,\"name\":\"Comienzan a cobrar acceso al Parque a turistas con bono solidario para Bomberos\"}]},{\"@type\":\"WebSite\",\"@id\":\"https:\\\/\\\/noticiasmercedinas.com\\\/site\\\/#website\",\"url\":\"https:\\\/\\\/noticiasmercedinas.com\\\/site\\\/\",\"name\":\"NOTICIASMERCEDINAS.COM\",\"description\":\"Mercedes, Buenos Aires, Argentina\",\"publisher\":{\"@id\":\"https:\\\/\\\/noticiasmercedinas.com\\\/site\\\/#organization\"},\"potentialAction\":[{\"@type\":\"SearchAction\",\"target\":{\"@type\":\"EntryPoint\",\"urlTemplate\":\"https:\\\/\\\/noticiasmercedinas.com\\\/site\\\/?s={search_term_string}\"},\"query-input\":{\"@type\":\"PropertyValueSpecification\",\"valueRequired\":true,\"valueName\":\"search_term_string\"}}],\"inLanguage\":\"es\"},{\"@type\":\"Organization\",\"@id\":\"https:\\\/\\\/noticiasmercedinas.com\\\/site\\\/#organization\",\"name\":\"NOTICIASMERCEDINAS.COM\",\"url\":\"https:\\\/\\\/noticiasmercedinas.com\\\/site\\\/\",\"logo\":{\"@type\":\"ImageObject\",\"inLanguage\":\"es\",\"@id\":\"https:\\\/\\\/noticiasmercedinas.com\\\/site\\\/#\\\/schema\\\/logo\\\/image\\\/\",\"url\":\"https:\\\/\\\/noticiasmercedinas.com\\\/site\\\/wp-content\\\/uploads\\\/2020\\\/06\\\/LOGO-512.jpg\",\"contentUrl\":\"https:\\\/\\\/noticiasmercedinas.com\\\/site\\\/wp-content\\\/uploads\\\/2020\\\/06\\\/LOGO-512.jpg\",\"width\":512,\"height\":512,\"caption\":\"NOTICIASMERCEDINAS.COM\"},\"image\":{\"@id\":\"https:\\\/\\\/noticiasmercedinas.com\\\/site\\\/#\\\/schema\\\/logo\\\/image\\\/\"},\"sameAs\":[\"https:\\\/\\\/www.facebook.com\\\/noticiasmercedinas\\\/\",\"https:\\\/\\\/x.com\\\/notmercedinas\",\"https:\\\/\\\/www.instagram.com\\\/noticiasmercedinas\\\/\"]},{\"@type\":\"Person\",\"@id\":\"https:\\\/\\\/noticiasmercedinas.com\\\/site\\\/#\\\/schema\\\/person\\\/84b59c099c28ff2e8b77d4ceec5d8063\",\"name\":\"NOTICIASMERCEDINAS.COM\",\"image\":{\"@type\":\"ImageObject\",\"inLanguage\":\"es\",\"@id\":\"https:\\\/\\\/secure.gravatar.com\\\/avatar\\\/4dfbf16b4d17945bfb6341b2d19043457132fcf478a5ee04f42e959fd8f5df0a?s=96&d=mm&r=g\",\"url\":\"https:\\\/\\\/secure.gravatar.com\\\/avatar\\\/4dfbf16b4d17945bfb6341b2d19043457132fcf478a5ee04f42e959fd8f5df0a?s=96&d=mm&r=g\",\"contentUrl\":\"https:\\\/\\\/secure.gravatar.com\\\/avatar\\\/4dfbf16b4d17945bfb6341b2d19043457132fcf478a5ee04f42e959fd8f5df0a?s=96&d=mm&r=g\",\"caption\":\"NOTICIASMERCEDINAS.COM\"},\"url\":\"https:\\\/\\\/noticiasmercedinas.com\\\/site\\\/author\\\/anonimo\\\/\"}]}<\/script>\n<!-- \/ Yoast SEO plugin. -->","yoast_head_json":{"title":"Comienzan a cobrar acceso al Parque a turistas con bono solidario para Bomberos","robots":{"index":"index","follow":"follow","max-snippet":"max-snippet:-1","max-image-preview":"max-image-preview:large","max-video-preview":"max-video-preview:-1"},"canonical":"https:\/\/noticiasmercedinas.com\/site\/2022\/01\/07\/comienzan-a-cobrar-acceso-al-parque-a-turistas-con-bono-solidario-para-bomberos\/","og_locale":"es_ES","og_type":"article","og_title":"Comienzan a cobrar acceso al Parque a turistas con bono solidario para Bomberos","og_description":"\u25a0 \"Desde este fin de semana se cobrar\u00e1 acceso al Parque Municipal a visitantes y turistas\", indicaron desde la comuna y precisaron que el 100% de lo recaudado ser\u00e1 a beneficio de los Bomberos Voluntarios.","og_url":"https:\/\/noticiasmercedinas.com\/site\/2022\/01\/07\/comienzan-a-cobrar-acceso-al-parque-a-turistas-con-bono-solidario-para-bomberos\/","og_site_name":"NOTICIASMERCEDINAS.COM","article_publisher":"https:\/\/www.facebook.com\/noticiasmercedinas\/","article_published_time":"2022-01-07T12:48:18+00:00","article_modified_time":"2022-01-08T12:34:52+00:00","og_image":[{"width":640,"height":362,"url":"https:\/\/noticiasmercedinas.com\/site\/wp-content\/uploads\/2022\/01\/271019624_4712585352168586_9083885476301695137_n-e1641559579345.jpg","type":"image\/jpeg"}],"author":"NOTICIASMERCEDINAS.COM","twitter_card":"summary_large_image","twitter_creator":"@notmercedinas","twitter_site":"@notmercedinas","twitter_misc":{"Escrito por":"NOTICIASMERCEDINAS.COM","Tiempo de lectura":"1 minuto"},"schema":{"@context":"https:\/\/schema.org","@graph":[{"@type":"Article","@id":"https:\/\/noticiasmercedinas.com\/site\/2022\/01\/07\/comienzan-a-cobrar-acceso-al-parque-a-turistas-con-bono-solidario-para-bomberos\/#article","isPartOf":{"@id":"https:\/\/noticiasmercedinas.com\/site\/2022\/01\/07\/comienzan-a-cobrar-acceso-al-parque-a-turistas-con-bono-solidario-para-bomberos\/"},"author":{"name":"NOTICIASMERCEDINAS.COM","@id":"https:\/\/noticiasmercedinas.com\/site\/#\/schema\/person\/84b59c099c28ff2e8b77d4ceec5d8063"},"headline":"Comienzan a cobrar acceso al Parque a turistas con bono solidario para Bomberos","datePublished":"2022-01-07T12:48:18+00:00","dateModified":"2022-01-08T12:34:52+00:00","mainEntityOfPage":{"@id":"https:\/\/noticiasmercedinas.com\/site\/2022\/01\/07\/comienzan-a-cobrar-acceso-al-parque-a-turistas-con-bono-solidario-para-bomberos\/"},"wordCount":300,"commentCount":0,"publisher":{"@id":"https:\/\/noticiasmercedinas.com\/site\/#organization"},"image":{"@id":"https:\/\/noticiasmercedinas.com\/site\/2022\/01\/07\/comienzan-a-cobrar-acceso-al-parque-a-turistas-con-bono-solidario-para-bomberos\/#primaryimage"},"thumbnailUrl":"https:\/\/noticiasmercedinas.com\/site\/wp-content\/uploads\/2022\/01\/271019624_4712585352168586_9083885476301695137_n-e1641559579345.jpg","keywords":["Bomberos Voluntarios de Mercedes","Parque Municipal Independencia"],"articleSection":["Sociedad"],"inLanguage":"es","potentialAction":[{"@type":"CommentAction","name":"Comment","target":["https:\/\/noticiasmercedinas.com\/site\/2022\/01\/07\/comienzan-a-cobrar-acceso-al-parque-a-turistas-con-bono-solidario-para-bomberos\/#respond"]}]},{"@type":"WebPage","@id":"https:\/\/noticiasmercedinas.com\/site\/2022\/01\/07\/comienzan-a-cobrar-acceso-al-parque-a-turistas-con-bono-solidario-para-bomberos\/","url":"https:\/\/noticiasmercedinas.com\/site\/2022\/01\/07\/comienzan-a-cobrar-acceso-al-parque-a-turistas-con-bono-solidario-para-bomberos\/","name":"Comienzan a cobrar acceso al Parque a turistas con bono solidario para Bomberos","isPartOf":{"@id":"https:\/\/noticiasmercedinas.com\/site\/#website"},"primaryImageOfPage":{"@id":"https:\/\/noticiasmercedinas.com\/site\/2022\/01\/07\/comienzan-a-cobrar-acceso-al-parque-a-turistas-con-bono-solidario-para-bomberos\/#primaryimage"},"image":{"@id":"https:\/\/noticiasmercedinas.com\/site\/2022\/01\/07\/comienzan-a-cobrar-acceso-al-parque-a-turistas-con-bono-solidario-para-bomberos\/#primaryimage"},"thumbnailUrl":"https:\/\/noticiasmercedinas.com\/site\/wp-content\/uploads\/2022\/01\/271019624_4712585352168586_9083885476301695137_n-e1641559579345.jpg","datePublished":"2022-01-07T12:48:18+00:00","dateModified":"2022-01-08T12:34:52+00:00","breadcrumb":{"@id":"https:\/\/noticiasmercedinas.com\/site\/2022\/01\/07\/comienzan-a-cobrar-acceso-al-parque-a-turistas-con-bono-solidario-para-bomberos\/#breadcrumb"},"inLanguage":"es","potentialAction":[{"@type":"ReadAction","target":["https:\/\/noticiasmercedinas.com\/site\/2022\/01\/07\/comienzan-a-cobrar-acceso-al-parque-a-turistas-con-bono-solidario-para-bomberos\/"]}]},{"@type":"ImageObject","inLanguage":"es","@id":"https:\/\/noticiasmercedinas.com\/site\/2022\/01\/07\/comienzan-a-cobrar-acceso-al-parque-a-turistas-con-bono-solidario-para-bomberos\/#primaryimage","url":"https:\/\/noticiasmercedinas.com\/site\/wp-content\/uploads\/2022\/01\/271019624_4712585352168586_9083885476301695137_n-e1641559579345.jpg","contentUrl":"https:\/\/noticiasmercedinas.com\/site\/wp-content\/uploads\/2022\/01\/271019624_4712585352168586_9083885476301695137_n-e1641559579345.jpg","width":640,"height":362},{"@type":"BreadcrumbList","@id":"https:\/\/noticiasmercedinas.com\/site\/2022\/01\/07\/comienzan-a-cobrar-acceso-al-parque-a-turistas-con-bono-solidario-para-bomberos\/#breadcrumb","itemListElement":[{"@type":"ListItem","position":1,"name":"Portada","item":"https:\/\/noticiasmercedinas.com\/site\/"},{"@type":"ListItem","position":2,"name":"Comienzan a cobrar acceso al Parque a turistas con bono solidario para Bomberos"}]},{"@type":"WebSite","@id":"https:\/\/noticiasmercedinas.com\/site\/#website","url":"https:\/\/noticiasmercedinas.com\/site\/","name":"NOTICIASMERCEDINAS.COM","description":"Mercedes, Buenos Aires, Argentina","publisher":{"@id":"https:\/\/noticiasmercedinas.com\/site\/#organization"},"potentialAction":[{"@type":"SearchAction","target":{"@type":"EntryPoint","urlTemplate":"https:\/\/noticiasmercedinas.com\/site\/?s={search_term_string}"},"query-input":{"@type":"PropertyValueSpecification","valueRequired":true,"valueName":"search_term_string"}}],"inLanguage":"es"},{"@type":"Organization","@id":"https:\/\/noticiasmercedinas.com\/site\/#organization","name":"NOTICIASMERCEDINAS.COM","url":"https:\/\/noticiasmercedinas.com\/site\/","logo":{"@type":"ImageObject","inLanguage":"es","@id":"https:\/\/noticiasmercedinas.com\/site\/#\/schema\/logo\/image\/","url":"https:\/\/noticiasmercedinas.com\/site\/wp-content\/uploads\/2020\/06\/LOGO-512.jpg","contentUrl":"https:\/\/noticiasmercedinas.com\/site\/wp-content\/uploads\/2020\/06\/LOGO-512.jpg","width":512,"height":512,"caption":"NOTICIASMERCEDINAS.COM"},"image":{"@id":"https:\/\/noticiasmercedinas.com\/site\/#\/schema\/logo\/image\/"},"sameAs":["https:\/\/www.facebook.com\/noticiasmercedinas\/","https:\/\/x.com\/notmercedinas","https:\/\/www.instagram.com\/noticiasmercedinas\/"]},{"@type":"Person","@id":"https:\/\/noticiasmercedinas.com\/site\/#\/schema\/person\/84b59c099c28ff2e8b77d4ceec5d8063","name":"NOTICIASMERCEDINAS.COM","image":{"@type":"ImageObject","inLanguage":"es","@id":"https:\/\/secure.gravatar.com\/avatar\/4dfbf16b4d17945bfb6341b2d19043457132fcf478a5ee04f42e959fd8f5df0a?s=96&d=mm&r=g","url":"https:\/\/secure.gravatar.com\/avatar\/4dfbf16b4d17945bfb6341b2d19043457132fcf478a5ee04f42e959fd8f5df0a?s=96&d=mm&r=g","contentUrl":"https:\/\/secure.gravatar.com\/avatar\/4dfbf16b4d17945bfb6341b2d19043457132fcf478a5ee04f42e959fd8f5df0a?s=96&d=mm&r=g","caption":"NOTICIASMERCEDINAS.COM"},"url":"https:\/\/noticiasmercedinas.com\/site\/author\/anonimo\/"}]}},"amp_enabled":true,"_links":{"self":[{"href":"https:\/\/noticiasmercedinas.com\/site\/wp-json\/wp\/v2\/posts\/82805","targetHints":{"allow":["GET"]}}],"collection":[{"href":"https:\/\/noticiasmercedinas.com\/site\/wp-json\/wp\/v2\/posts"}],"about":[{"href":"https:\/\/noticiasmercedinas.com\/site\/wp-json\/wp\/v2\/types\/post"}],"author":[{"embeddable":true,"href":"https:\/\/noticiasmercedinas.com\/site\/wp-json\/wp\/v2\/users\/16"}],"replies":[{"embeddable":true,"href":"https:\/\/noticiasmercedinas.com\/site\/wp-json\/wp\/v2\/comments?post=82805"}],"version-history":[{"count":3,"href":"https:\/\/noticiasmercedinas.com\/site\/wp-json\/wp\/v2\/posts\/82805\/revisions"}],"predecessor-version":[{"id":82834,"href":"https:\/\/noticiasmercedinas.com\/site\/wp-json\/wp\/v2\/posts\/82805\/revisions\/82834"}],"wp:featuredmedia":[{"embeddable":true,"href":"https:\/\/noticiasmercedinas.com\/site\/wp-json\/wp\/v2\/media\/82806"}],"wp:attachment":[{"href":"https:\/\/noticiasmercedinas.com\/site\/wp-json\/wp\/v2\/media?parent=82805"}],"wp:term":[{"taxonomy":"category","embeddable":true,"href":"https:\/\/noticiasmercedinas.com\/site\/wp-json\/wp\/v2\/categories?post=82805"},{"taxonomy":"post_tag","embeddable":true,"href":"https:\/\/noticiasmercedinas.com\/site\/wp-json\/wp\/v2\/tags?post=82805"}],"curies":[{"name":"wp","href":"https:\/\/api.w.org\/{rel}","templated":true}]}}