{"id":82830,"date":"2022-01-08T09:30:49","date_gmt":"2022-01-08T12:30:49","guid":{"rendered":"https:\/\/noticiasmercedinas.com\/site\/?p=82830"},"modified":"2022-01-09T10:08:46","modified_gmt":"2022-01-09T13:08:46","slug":"colon-recibe-a-sportivo-baradero-por-los-cuartos-de-final","status":"publish","type":"post","link":"https:\/\/noticiasmercedinas.com\/site\/2022\/01\/08\/colon-recibe-a-sportivo-baradero-por-los-cuartos-de-final\/","title":{"rendered":"Col\u00f3n recibe a Sportivo Baradero por los cuartos de final"},"content":{"rendered":"<figure id=\"attachment_82831\" aria-describedby=\"caption-attachment-82831\" style=\"width: 856px\" class=\"wp-caption alignnone\"><img loading=\"lazy\" decoding=\"async\" class=\"wp-image-82831 size-full\" src=\"https:\/\/noticiasmercedinas.com\/site\/wp-content\/uploads\/2022\/01\/269755064_325729852888970_3904629586967993314_n.jpg\" alt=\"\" width=\"856\" height=\"573\" srcset=\"https:\/\/noticiasmercedinas.com\/site\/wp-content\/uploads\/2022\/01\/269755064_325729852888970_3904629586967993314_n.jpg 856w, https:\/\/noticiasmercedinas.com\/site\/wp-content\/uploads\/2022\/01\/269755064_325729852888970_3904629586967993314_n-300x201.jpg 300w, https:\/\/noticiasmercedinas.com\/site\/wp-content\/uploads\/2022\/01\/269755064_325729852888970_3904629586967993314_n-768x514.jpg 768w, https:\/\/noticiasmercedinas.com\/site\/wp-content\/uploads\/2022\/01\/269755064_325729852888970_3904629586967993314_n-537x360.jpg 537w, https:\/\/noticiasmercedinas.com\/site\/wp-content\/uploads\/2022\/01\/269755064_325729852888970_3904629586967993314_n-640x428.jpg 640w, https:\/\/noticiasmercedinas.com\/site\/wp-content\/uploads\/2022\/01\/269755064_325729852888970_3904629586967993314_n-681x456.jpg 681w\" sizes=\"auto, (max-width: 856px) 100vw, 856px\" \/><figcaption id=\"caption-attachment-82831\" class=\"wp-caption-text\">Schenone, uno de los mercedinos en Colon. (Foto Col\u00f3n).<\/figcaption><\/figure>\n<p>Este domingo se reanuda el Torneo Regional Federal Amateur, cumplido el receso se pondr\u00e1n en marcha los cuartos de final y Col\u00f3n de Chivilcoy con mercedinos en su plantel ser\u00e1 local\u00a0 ante Sportivo Baradero.<\/p>\n<p>A las \u00f3rdenes de Omar Santorelli no podr\u00e1 estar Franco Gatti de vacaciones, aunque si lo har\u00e1n Juan Pedro Gatti, Thom\u00e1s Schenone y Mat\u00edas L\u00f3pez. Otra de las bajas, para lo que queda del torneo y m\u00e1s, es al del defensor Lucas Noguera.<\/p>\n<p><strong>Domingo 9<br \/>\nCancha:<\/strong> Col\u00f3n.<br \/>\nA las 17.30 Col\u00f3n (Chivilcoy) vs. Sportivo Baradero.<br \/>\n<strong>Arbitro:<\/strong> Joaqu\u00edn Gil (San Pedro).<br \/>\n<strong>Asistentes:<\/strong> Milton Ayala y Dami\u00e1n Bertolini (San Pedro).<\/p>\n<p><strong>Otros cruces<\/strong><br \/>\nLa Pampeana Norte el domingo 9 tendr\u00e1 tambi\u00e9n a Mutual TV (Luj\u00e1n) vs. Mariano Moreno (Jun\u00edn) desde las 17,\u00a0 postergados quedaron Deportivo Zoe (Z\u00e1rate) vs. Unidos de Olmos (La Plata) y Colonial Ferre (Ascensi\u00f3n) vs. Rivadavia de Lincoln (Jun\u00edn) ante varios casos de Covid 19.<\/p>\n<p>Finalmente el Tribunal de Penas le dio continuidad al partido de Colonial y Linque\u00f1o, que terminaron empatando 0 a 0 y tras ganar 2-0 la ida se clasific\u00f3 Colonial, club que fue multado al agredir un auxiliar a uno de los asistentes del encuentro en la vuelta.<\/p>\n","protected":false},"excerpt":{"rendered":"<p>\u25a0 En Chivilcoy se jugar\u00e1 la ida este domingo 9 por el certamen del Consejo Federal. Tres de los cuatro mercedinos podr\u00e1 contar el DT Omar Santorelli. Los otros tres cruces de la Pampeana Norte presentan dos postergados ante casos de Covid en los equipos.<\/p>\n","protected":false},"author":6,"featured_media":82831,"comment_status":"open","ping_status":"open","sticky":false,"template":"","format":"standard","meta":{"footnotes":""},"categories":[5],"tags":[11815,3405],"class_list":["post-82830","post","type-post","status-publish","format-standard","has-post-thumbnail","hentry","category-deportes","tag-colon-de-chivilcoy","tag-torneo-regional-federal-amateur"],"yoast_head":"<!-- This site is optimized with the Yoast SEO plugin v27.5 - https:\/\/yoast.com\/product\/yoast-seo-wordpress\/ -->\n<title>Col\u00f3n recibe a Sportivo Baradero por los cuartos de final<\/title>\n<meta name=\"robots\" content=\"index, follow, max-snippet:-1, max-image-preview:large, max-video-preview:-1\" \/>\n<link rel=\"canonical\" href=\"https:\/\/noticiasmercedinas.com\/site\/2022\/01\/08\/colon-recibe-a-sportivo-baradero-por-los-cuartos-de-final\/\" \/>\n<meta property=\"og:locale\" content=\"es_ES\" \/>\n<meta property=\"og:type\" content=\"article\" \/>\n<meta property=\"og:title\" content=\"Col\u00f3n recibe a Sportivo Baradero por los cuartos de final\" \/>\n<meta property=\"og:description\" content=\"\u25a0 En Chivilcoy se jugar\u00e1 la ida este domingo 9 por el certamen del Consejo Federal. Tres de los cuatro mercedinos podr\u00e1 contar el DT Omar Santorelli. Los otros tres cruces de la Pampeana Norte presentan dos postergados ante casos de Covid en los equipos.\" \/>\n<meta property=\"og:url\" content=\"https:\/\/noticiasmercedinas.com\/site\/2022\/01\/08\/colon-recibe-a-sportivo-baradero-por-los-cuartos-de-final\/\" \/>\n<meta property=\"og:site_name\" content=\"NOTICIASMERCEDINAS.COM\" \/>\n<meta property=\"article:publisher\" content=\"https:\/\/www.facebook.com\/noticiasmercedinas\/\" \/>\n<meta property=\"article:published_time\" content=\"2022-01-08T12:30:49+00:00\" \/>\n<meta property=\"article:modified_time\" content=\"2022-01-09T13:08:46+00:00\" \/>\n<meta property=\"og:image\" content=\"https:\/\/noticiasmercedinas.com\/site\/wp-content\/uploads\/2022\/01\/269755064_325729852888970_3904629586967993314_n.jpg\" \/>\n\t<meta property=\"og:image:width\" content=\"856\" \/>\n\t<meta property=\"og:image:height\" content=\"573\" \/>\n\t<meta property=\"og:image:type\" content=\"image\/jpeg\" \/>\n<meta name=\"author\" content=\"Juan Dagnino NOTICIASMERCEDINAS.COM\" \/>\n<meta name=\"twitter:card\" content=\"summary_large_image\" \/>\n<meta name=\"twitter:creator\" content=\"@notmercedinas\" \/>\n<meta name=\"twitter:site\" content=\"@notmercedinas\" \/>\n<meta name=\"twitter:label1\" content=\"Escrito por\" \/>\n\t<meta name=\"twitter:data1\" content=\"Juan Dagnino NOTICIASMERCEDINAS.COM\" \/>\n\t<meta name=\"twitter:label2\" content=\"Tiempo de lectura\" \/>\n\t<meta name=\"twitter:data2\" content=\"2 minutos\" \/>\n<script type=\"application\/ld+json\" class=\"yoast-schema-graph\">{\"@context\":\"https:\\\/\\\/schema.org\",\"@graph\":[{\"@type\":\"Article\",\"@id\":\"https:\\\/\\\/noticiasmercedinas.com\\\/site\\\/2022\\\/01\\\/08\\\/colon-recibe-a-sportivo-baradero-por-los-cuartos-de-final\\\/#article\",\"isPartOf\":{\"@id\":\"https:\\\/\\\/noticiasmercedinas.com\\\/site\\\/2022\\\/01\\\/08\\\/colon-recibe-a-sportivo-baradero-por-los-cuartos-de-final\\\/\"},\"author\":{\"name\":\"Juan Dagnino NOTICIASMERCEDINAS.COM\",\"@id\":\"https:\\\/\\\/noticiasmercedinas.com\\\/site\\\/#\\\/schema\\\/person\\\/8f2f09d666ef40986eba4a5e6f2a06f9\"},\"headline\":\"Col\u00f3n recibe a Sportivo Baradero por los cuartos de final\",\"datePublished\":\"2022-01-08T12:30:49+00:00\",\"dateModified\":\"2022-01-09T13:08:46+00:00\",\"mainEntityOfPage\":{\"@id\":\"https:\\\/\\\/noticiasmercedinas.com\\\/site\\\/2022\\\/01\\\/08\\\/colon-recibe-a-sportivo-baradero-por-los-cuartos-de-final\\\/\"},\"wordCount\":235,\"commentCount\":0,\"publisher\":{\"@id\":\"https:\\\/\\\/noticiasmercedinas.com\\\/site\\\/#organization\"},\"image\":{\"@id\":\"https:\\\/\\\/noticiasmercedinas.com\\\/site\\\/2022\\\/01\\\/08\\\/colon-recibe-a-sportivo-baradero-por-los-cuartos-de-final\\\/#primaryimage\"},\"thumbnailUrl\":\"https:\\\/\\\/noticiasmercedinas.com\\\/site\\\/wp-content\\\/uploads\\\/2022\\\/01\\\/269755064_325729852888970_3904629586967993314_n.jpg\",\"keywords\":[\"colon de chivilcoy\",\"Torneo Regional Federal Amateur\"],\"articleSection\":[\"Deportes\"],\"inLanguage\":\"es\",\"potentialAction\":[{\"@type\":\"CommentAction\",\"name\":\"Comment\",\"target\":[\"https:\\\/\\\/noticiasmercedinas.com\\\/site\\\/2022\\\/01\\\/08\\\/colon-recibe-a-sportivo-baradero-por-los-cuartos-de-final\\\/#respond\"]}]},{\"@type\":\"WebPage\",\"@id\":\"https:\\\/\\\/noticiasmercedinas.com\\\/site\\\/2022\\\/01\\\/08\\\/colon-recibe-a-sportivo-baradero-por-los-cuartos-de-final\\\/\",\"url\":\"https:\\\/\\\/noticiasmercedinas.com\\\/site\\\/2022\\\/01\\\/08\\\/colon-recibe-a-sportivo-baradero-por-los-cuartos-de-final\\\/\",\"name\":\"Col\u00f3n recibe a Sportivo Baradero por los cuartos de final\",\"isPartOf\":{\"@id\":\"https:\\\/\\\/noticiasmercedinas.com\\\/site\\\/#website\"},\"primaryImageOfPage\":{\"@id\":\"https:\\\/\\\/noticiasmercedinas.com\\\/site\\\/2022\\\/01\\\/08\\\/colon-recibe-a-sportivo-baradero-por-los-cuartos-de-final\\\/#primaryimage\"},\"image\":{\"@id\":\"https:\\\/\\\/noticiasmercedinas.com\\\/site\\\/2022\\\/01\\\/08\\\/colon-recibe-a-sportivo-baradero-por-los-cuartos-de-final\\\/#primaryimage\"},\"thumbnailUrl\":\"https:\\\/\\\/noticiasmercedinas.com\\\/site\\\/wp-content\\\/uploads\\\/2022\\\/01\\\/269755064_325729852888970_3904629586967993314_n.jpg\",\"datePublished\":\"2022-01-08T12:30:49+00:00\",\"dateModified\":\"2022-01-09T13:08:46+00:00\",\"breadcrumb\":{\"@id\":\"https:\\\/\\\/noticiasmercedinas.com\\\/site\\\/2022\\\/01\\\/08\\\/colon-recibe-a-sportivo-baradero-por-los-cuartos-de-final\\\/#breadcrumb\"},\"inLanguage\":\"es\",\"potentialAction\":[{\"@type\":\"ReadAction\",\"target\":[\"https:\\\/\\\/noticiasmercedinas.com\\\/site\\\/2022\\\/01\\\/08\\\/colon-recibe-a-sportivo-baradero-por-los-cuartos-de-final\\\/\"]}]},{\"@type\":\"ImageObject\",\"inLanguage\":\"es\",\"@id\":\"https:\\\/\\\/noticiasmercedinas.com\\\/site\\\/2022\\\/01\\\/08\\\/colon-recibe-a-sportivo-baradero-por-los-cuartos-de-final\\\/#primaryimage\",\"url\":\"https:\\\/\\\/noticiasmercedinas.com\\\/site\\\/wp-content\\\/uploads\\\/2022\\\/01\\\/269755064_325729852888970_3904629586967993314_n.jpg\",\"contentUrl\":\"https:\\\/\\\/noticiasmercedinas.com\\\/site\\\/wp-content\\\/uploads\\\/2022\\\/01\\\/269755064_325729852888970_3904629586967993314_n.jpg\",\"width\":856,\"height\":573},{\"@type\":\"BreadcrumbList\",\"@id\":\"https:\\\/\\\/noticiasmercedinas.com\\\/site\\\/2022\\\/01\\\/08\\\/colon-recibe-a-sportivo-baradero-por-los-cuartos-de-final\\\/#breadcrumb\",\"itemListElement\":[{\"@type\":\"ListItem\",\"position\":1,\"name\":\"Portada\",\"item\":\"https:\\\/\\\/noticiasmercedinas.com\\\/site\\\/\"},{\"@type\":\"ListItem\",\"position\":2,\"name\":\"Col\u00f3n recibe a Sportivo Baradero por los cuartos de final\"}]},{\"@type\":\"WebSite\",\"@id\":\"https:\\\/\\\/noticiasmercedinas.com\\\/site\\\/#website\",\"url\":\"https:\\\/\\\/noticiasmercedinas.com\\\/site\\\/\",\"name\":\"NOTICIASMERCEDINAS.COM\",\"description\":\"Mercedes, Buenos Aires, Argentina\",\"publisher\":{\"@id\":\"https:\\\/\\\/noticiasmercedinas.com\\\/site\\\/#organization\"},\"potentialAction\":[{\"@type\":\"SearchAction\",\"target\":{\"@type\":\"EntryPoint\",\"urlTemplate\":\"https:\\\/\\\/noticiasmercedinas.com\\\/site\\\/?s={search_term_string}\"},\"query-input\":{\"@type\":\"PropertyValueSpecification\",\"valueRequired\":true,\"valueName\":\"search_term_string\"}}],\"inLanguage\":\"es\"},{\"@type\":\"Organization\",\"@id\":\"https:\\\/\\\/noticiasmercedinas.com\\\/site\\\/#organization\",\"name\":\"NOTICIASMERCEDINAS.COM\",\"url\":\"https:\\\/\\\/noticiasmercedinas.com\\\/site\\\/\",\"logo\":{\"@type\":\"ImageObject\",\"inLanguage\":\"es\",\"@id\":\"https:\\\/\\\/noticiasmercedinas.com\\\/site\\\/#\\\/schema\\\/logo\\\/image\\\/\",\"url\":\"https:\\\/\\\/noticiasmercedinas.com\\\/site\\\/wp-content\\\/uploads\\\/2020\\\/06\\\/LOGO-512.jpg\",\"contentUrl\":\"https:\\\/\\\/noticiasmercedinas.com\\\/site\\\/wp-content\\\/uploads\\\/2020\\\/06\\\/LOGO-512.jpg\",\"width\":512,\"height\":512,\"caption\":\"NOTICIASMERCEDINAS.COM\"},\"image\":{\"@id\":\"https:\\\/\\\/noticiasmercedinas.com\\\/site\\\/#\\\/schema\\\/logo\\\/image\\\/\"},\"sameAs\":[\"https:\\\/\\\/www.facebook.com\\\/noticiasmercedinas\\\/\",\"https:\\\/\\\/x.com\\\/notmercedinas\",\"https:\\\/\\\/www.instagram.com\\\/noticiasmercedinas\\\/\"]},{\"@type\":\"Person\",\"@id\":\"https:\\\/\\\/noticiasmercedinas.com\\\/site\\\/#\\\/schema\\\/person\\\/8f2f09d666ef40986eba4a5e6f2a06f9\",\"name\":\"Juan Dagnino NOTICIASMERCEDINAS.COM\",\"image\":{\"@type\":\"ImageObject\",\"inLanguage\":\"es\",\"@id\":\"https:\\\/\\\/secure.gravatar.com\\\/avatar\\\/fc7059a769f5a3cae65fadb228a3e4accf3a64b4b2305020d0a27e6d5333c91b?s=96&d=mm&r=g\",\"url\":\"https:\\\/\\\/secure.gravatar.com\\\/avatar\\\/fc7059a769f5a3cae65fadb228a3e4accf3a64b4b2305020d0a27e6d5333c91b?s=96&d=mm&r=g\",\"contentUrl\":\"https:\\\/\\\/secure.gravatar.com\\\/avatar\\\/fc7059a769f5a3cae65fadb228a3e4accf3a64b4b2305020d0a27e6d5333c91b?s=96&d=mm&r=g\",\"caption\":\"Juan Dagnino NOTICIASMERCEDINAS.COM\"},\"url\":\"https:\\\/\\\/noticiasmercedinas.com\\\/site\\\/author\\\/juandagnino\\\/\"}]}<\/script>\n<!-- \/ Yoast SEO plugin. -->","yoast_head_json":{"title":"Col\u00f3n recibe a Sportivo Baradero por los cuartos de final","robots":{"index":"index","follow":"follow","max-snippet":"max-snippet:-1","max-image-preview":"max-image-preview:large","max-video-preview":"max-video-preview:-1"},"canonical":"https:\/\/noticiasmercedinas.com\/site\/2022\/01\/08\/colon-recibe-a-sportivo-baradero-por-los-cuartos-de-final\/","og_locale":"es_ES","og_type":"article","og_title":"Col\u00f3n recibe a Sportivo Baradero por los cuartos de final","og_description":"\u25a0 En Chivilcoy se jugar\u00e1 la ida este domingo 9 por el certamen del Consejo Federal. Tres de los cuatro mercedinos podr\u00e1 contar el DT Omar Santorelli. Los otros tres cruces de la Pampeana Norte presentan dos postergados ante casos de Covid en los equipos.","og_url":"https:\/\/noticiasmercedinas.com\/site\/2022\/01\/08\/colon-recibe-a-sportivo-baradero-por-los-cuartos-de-final\/","og_site_name":"NOTICIASMERCEDINAS.COM","article_publisher":"https:\/\/www.facebook.com\/noticiasmercedinas\/","article_published_time":"2022-01-08T12:30:49+00:00","article_modified_time":"2022-01-09T13:08:46+00:00","og_image":[{"width":856,"height":573,"url":"https:\/\/noticiasmercedinas.com\/site\/wp-content\/uploads\/2022\/01\/269755064_325729852888970_3904629586967993314_n.jpg","type":"image\/jpeg"}],"author":"Juan Dagnino NOTICIASMERCEDINAS.COM","twitter_card":"summary_large_image","twitter_creator":"@notmercedinas","twitter_site":"@notmercedinas","twitter_misc":{"Escrito por":"Juan Dagnino NOTICIASMERCEDINAS.COM","Tiempo de lectura":"2 minutos"},"schema":{"@context":"https:\/\/schema.org","@graph":[{"@type":"Article","@id":"https:\/\/noticiasmercedinas.com\/site\/2022\/01\/08\/colon-recibe-a-sportivo-baradero-por-los-cuartos-de-final\/#article","isPartOf":{"@id":"https:\/\/noticiasmercedinas.com\/site\/2022\/01\/08\/colon-recibe-a-sportivo-baradero-por-los-cuartos-de-final\/"},"author":{"name":"Juan Dagnino NOTICIASMERCEDINAS.COM","@id":"https:\/\/noticiasmercedinas.com\/site\/#\/schema\/person\/8f2f09d666ef40986eba4a5e6f2a06f9"},"headline":"Col\u00f3n recibe a Sportivo Baradero por los cuartos de final","datePublished":"2022-01-08T12:30:49+00:00","dateModified":"2022-01-09T13:08:46+00:00","mainEntityOfPage":{"@id":"https:\/\/noticiasmercedinas.com\/site\/2022\/01\/08\/colon-recibe-a-sportivo-baradero-por-los-cuartos-de-final\/"},"wordCount":235,"commentCount":0,"publisher":{"@id":"https:\/\/noticiasmercedinas.com\/site\/#organization"},"image":{"@id":"https:\/\/noticiasmercedinas.com\/site\/2022\/01\/08\/colon-recibe-a-sportivo-baradero-por-los-cuartos-de-final\/#primaryimage"},"thumbnailUrl":"https:\/\/noticiasmercedinas.com\/site\/wp-content\/uploads\/2022\/01\/269755064_325729852888970_3904629586967993314_n.jpg","keywords":["colon de chivilcoy","Torneo Regional Federal Amateur"],"articleSection":["Deportes"],"inLanguage":"es","potentialAction":[{"@type":"CommentAction","name":"Comment","target":["https:\/\/noticiasmercedinas.com\/site\/2022\/01\/08\/colon-recibe-a-sportivo-baradero-por-los-cuartos-de-final\/#respond"]}]},{"@type":"WebPage","@id":"https:\/\/noticiasmercedinas.com\/site\/2022\/01\/08\/colon-recibe-a-sportivo-baradero-por-los-cuartos-de-final\/","url":"https:\/\/noticiasmercedinas.com\/site\/2022\/01\/08\/colon-recibe-a-sportivo-baradero-por-los-cuartos-de-final\/","name":"Col\u00f3n recibe a Sportivo Baradero por los cuartos de final","isPartOf":{"@id":"https:\/\/noticiasmercedinas.com\/site\/#website"},"primaryImageOfPage":{"@id":"https:\/\/noticiasmercedinas.com\/site\/2022\/01\/08\/colon-recibe-a-sportivo-baradero-por-los-cuartos-de-final\/#primaryimage"},"image":{"@id":"https:\/\/noticiasmercedinas.com\/site\/2022\/01\/08\/colon-recibe-a-sportivo-baradero-por-los-cuartos-de-final\/#primaryimage"},"thumbnailUrl":"https:\/\/noticiasmercedinas.com\/site\/wp-content\/uploads\/2022\/01\/269755064_325729852888970_3904629586967993314_n.jpg","datePublished":"2022-01-08T12:30:49+00:00","dateModified":"2022-01-09T13:08:46+00:00","breadcrumb":{"@id":"https:\/\/noticiasmercedinas.com\/site\/2022\/01\/08\/colon-recibe-a-sportivo-baradero-por-los-cuartos-de-final\/#breadcrumb"},"inLanguage":"es","potentialAction":[{"@type":"ReadAction","target":["https:\/\/noticiasmercedinas.com\/site\/2022\/01\/08\/colon-recibe-a-sportivo-baradero-por-los-cuartos-de-final\/"]}]},{"@type":"ImageObject","inLanguage":"es","@id":"https:\/\/noticiasmercedinas.com\/site\/2022\/01\/08\/colon-recibe-a-sportivo-baradero-por-los-cuartos-de-final\/#primaryimage","url":"https:\/\/noticiasmercedinas.com\/site\/wp-content\/uploads\/2022\/01\/269755064_325729852888970_3904629586967993314_n.jpg","contentUrl":"https:\/\/noticiasmercedinas.com\/site\/wp-content\/uploads\/2022\/01\/269755064_325729852888970_3904629586967993314_n.jpg","width":856,"height":573},{"@type":"BreadcrumbList","@id":"https:\/\/noticiasmercedinas.com\/site\/2022\/01\/08\/colon-recibe-a-sportivo-baradero-por-los-cuartos-de-final\/#breadcrumb","itemListElement":[{"@type":"ListItem","position":1,"name":"Portada","item":"https:\/\/noticiasmercedinas.com\/site\/"},{"@type":"ListItem","position":2,"name":"Col\u00f3n recibe a Sportivo Baradero por los cuartos de final"}]},{"@type":"WebSite","@id":"https:\/\/noticiasmercedinas.com\/site\/#website","url":"https:\/\/noticiasmercedinas.com\/site\/","name":"NOTICIASMERCEDINAS.COM","description":"Mercedes, Buenos Aires, Argentina","publisher":{"@id":"https:\/\/noticiasmercedinas.com\/site\/#organization"},"potentialAction":[{"@type":"SearchAction","target":{"@type":"EntryPoint","urlTemplate":"https:\/\/noticiasmercedinas.com\/site\/?s={search_term_string}"},"query-input":{"@type":"PropertyValueSpecification","valueRequired":true,"valueName":"search_term_string"}}],"inLanguage":"es"},{"@type":"Organization","@id":"https:\/\/noticiasmercedinas.com\/site\/#organization","name":"NOTICIASMERCEDINAS.COM","url":"https:\/\/noticiasmercedinas.com\/site\/","logo":{"@type":"ImageObject","inLanguage":"es","@id":"https:\/\/noticiasmercedinas.com\/site\/#\/schema\/logo\/image\/","url":"https:\/\/noticiasmercedinas.com\/site\/wp-content\/uploads\/2020\/06\/LOGO-512.jpg","contentUrl":"https:\/\/noticiasmercedinas.com\/site\/wp-content\/uploads\/2020\/06\/LOGO-512.jpg","width":512,"height":512,"caption":"NOTICIASMERCEDINAS.COM"},"image":{"@id":"https:\/\/noticiasmercedinas.com\/site\/#\/schema\/logo\/image\/"},"sameAs":["https:\/\/www.facebook.com\/noticiasmercedinas\/","https:\/\/x.com\/notmercedinas","https:\/\/www.instagram.com\/noticiasmercedinas\/"]},{"@type":"Person","@id":"https:\/\/noticiasmercedinas.com\/site\/#\/schema\/person\/8f2f09d666ef40986eba4a5e6f2a06f9","name":"Juan Dagnino NOTICIASMERCEDINAS.COM","image":{"@type":"ImageObject","inLanguage":"es","@id":"https:\/\/secure.gravatar.com\/avatar\/fc7059a769f5a3cae65fadb228a3e4accf3a64b4b2305020d0a27e6d5333c91b?s=96&d=mm&r=g","url":"https:\/\/secure.gravatar.com\/avatar\/fc7059a769f5a3cae65fadb228a3e4accf3a64b4b2305020d0a27e6d5333c91b?s=96&d=mm&r=g","contentUrl":"https:\/\/secure.gravatar.com\/avatar\/fc7059a769f5a3cae65fadb228a3e4accf3a64b4b2305020d0a27e6d5333c91b?s=96&d=mm&r=g","caption":"Juan Dagnino NOTICIASMERCEDINAS.COM"},"url":"https:\/\/noticiasmercedinas.com\/site\/author\/juandagnino\/"}]}},"amp_enabled":true,"_links":{"self":[{"href":"https:\/\/noticiasmercedinas.com\/site\/wp-json\/wp\/v2\/posts\/82830","targetHints":{"allow":["GET"]}}],"collection":[{"href":"https:\/\/noticiasmercedinas.com\/site\/wp-json\/wp\/v2\/posts"}],"about":[{"href":"https:\/\/noticiasmercedinas.com\/site\/wp-json\/wp\/v2\/types\/post"}],"author":[{"embeddable":true,"href":"https:\/\/noticiasmercedinas.com\/site\/wp-json\/wp\/v2\/users\/6"}],"replies":[{"embeddable":true,"href":"https:\/\/noticiasmercedinas.com\/site\/wp-json\/wp\/v2\/comments?post=82830"}],"version-history":[{"count":2,"href":"https:\/\/noticiasmercedinas.com\/site\/wp-json\/wp\/v2\/posts\/82830\/revisions"}],"predecessor-version":[{"id":82879,"href":"https:\/\/noticiasmercedinas.com\/site\/wp-json\/wp\/v2\/posts\/82830\/revisions\/82879"}],"wp:featuredmedia":[{"embeddable":true,"href":"https:\/\/noticiasmercedinas.com\/site\/wp-json\/wp\/v2\/media\/82831"}],"wp:attachment":[{"href":"https:\/\/noticiasmercedinas.com\/site\/wp-json\/wp\/v2\/media?parent=82830"}],"wp:term":[{"taxonomy":"category","embeddable":true,"href":"https:\/\/noticiasmercedinas.com\/site\/wp-json\/wp\/v2\/categories?post=82830"},{"taxonomy":"post_tag","embeddable":true,"href":"https:\/\/noticiasmercedinas.com\/site\/wp-json\/wp\/v2\/tags?post=82830"}],"curies":[{"name":"wp","href":"https:\/\/api.w.org\/{rel}","templated":true}]}}