{"id":83060,"date":"2022-01-13T10:09:55","date_gmt":"2022-01-13T13:09:55","guid":{"rendered":"https:\/\/noticiasmercedinas.com\/site\/?p=83060"},"modified":"2022-01-14T10:07:18","modified_gmt":"2022-01-14T13:07:18","slug":"noche-de-revancha-en-baradero","status":"publish","type":"post","link":"https:\/\/noticiasmercedinas.com\/site\/2022\/01\/13\/noche-de-revancha-en-baradero\/","title":{"rendered":"Noche de revancha en Baradero"},"content":{"rendered":"<figure id=\"attachment_83061\" aria-describedby=\"caption-attachment-83061\" style=\"width: 640px\" class=\"wp-caption alignnone\"><img loading=\"lazy\" decoding=\"async\" class=\"wp-image-83061 size-full\" src=\"https:\/\/noticiasmercedinas.com\/site\/wp-content\/uploads\/2022\/01\/colon.jpg\" alt=\"\" width=\"640\" height=\"405\" srcset=\"https:\/\/noticiasmercedinas.com\/site\/wp-content\/uploads\/2022\/01\/colon.jpg 640w, https:\/\/noticiasmercedinas.com\/site\/wp-content\/uploads\/2022\/01\/colon-300x190.jpg 300w\" sizes=\"auto, (max-width: 640px) 100vw, 640px\" \/><figcaption id=\"caption-attachment-83061\" class=\"wp-caption-text\">Col\u00f3n viene de ganar en Chivilcoy. (Foto Col\u00f3n).<\/figcaption><\/figure>\n<p>Luego del triunfo 1-0 en Chivilcoy el \u00faltimo domingo, Col\u00f3n visitar\u00e1 este viernes a Sportivo Baradero en horas de la noche. Lo har\u00e1 con la meta de llegar a las semifinales de la Pampeana Norte en lo que es el Regional Federal Amateur.<\/p>\n<p>El triunfo o el empate lo clasificar\u00e1 al conjunto dirigido por Omar Santorelli, un traspi\u00e9 por un gol de diferencia llevar\u00e1 todo a los penales. Ahora, de ganar Sportivo por dos tantos o m\u00e1s pasar\u00e1 este a la siguiente fase.\u00a0 La continuidad del certamen ser\u00e1 el lunes con Mariano Moreno y Mutual TV.<\/p>\n<p>Habiendo ganado la ida los de Jun\u00edn en Moreno, ya el lunes se jugar\u00e1n los restantes cruces que no pudieron celebrarse el pasado fin de semana, por casos de Covid 19. Son Unidos ante Zoe y Rivadavia ante Colonial por los encuentros de vuelta.<\/p>\n<p><strong>Viernes 14<br \/>\nCancha:<\/strong> Sportivo Baradero.<br \/>\nA las 21 Sportivo Baradero vs. Col\u00f3n (Chivilcoy).<br \/>\n<strong>Arbitro:<\/strong> Maximiliano Macheroni (Rosario).<br \/>\n<strong>Asistentes:<\/strong> Sebasti\u00e1n Osudar y Hugo Fleitas (Rosario).<\/p>\n<p><strong>Domingo 16<\/strong><br \/>\n<strong>Cancha:<\/strong> Mariano Moreno.<br \/>\nA las 21 Mariano Moreno (Jun\u00edn) vs. Mutual TV (Luj\u00e1n).<br \/>\n<strong>Arbitro:<\/strong> Federico De Luca (Chivilcoy).<\/p>\n<p><strong>Lunes 17<\/strong><br \/>\n<strong>Cancha:<\/strong> Unidos de Olmos.<br \/>\nA las 17 Unidos de Olmos (La Plata) vs. Deportivo Zoe (Z\u00e1rate)<br \/>\n<strong>Arbitro:<\/strong> Joaqu\u00edn Gil (San Pedro).<\/p>\n<p>A las 21 Rivadavia de Lincoln (Jun\u00edn) vs. Colonial Ferre (Ascensi\u00f3n).<br \/>\n<strong>Cancha: <\/strong>Rivadavia.<strong><br \/>\nArbitro:<\/strong> V\u00edctor Mora (Concordia).<\/p>\n","protected":false},"excerpt":{"rendered":"<p>\u25a0 Col\u00f3n tras ganar la ida 1-0 definir\u00e1 la serie de cuartos de final como visitante. Este viernes desde las 21 enfrentar\u00e1 a Sportivo Baradero. Otra revancha va el domingo y los postergados el lunes 17 en lo que es la Pampeana Norte.<\/p>\n","protected":false},"author":6,"featured_media":83061,"comment_status":"open","ping_status":"open","sticky":false,"template":"","format":"standard","meta":{"footnotes":""},"categories":[5],"tags":[11815,3405],"class_list":["post-83060","post","type-post","status-publish","format-standard","has-post-thumbnail","hentry","category-deportes","tag-colon-de-chivilcoy","tag-torneo-regional-federal-amateur"],"yoast_head":"<!-- This site is optimized with the Yoast SEO plugin v27.5 - https:\/\/yoast.com\/product\/yoast-seo-wordpress\/ -->\n<title>Noche de revancha en Baradero<\/title>\n<meta name=\"robots\" content=\"index, follow, max-snippet:-1, max-image-preview:large, max-video-preview:-1\" \/>\n<link rel=\"canonical\" href=\"https:\/\/noticiasmercedinas.com\/site\/2022\/01\/13\/noche-de-revancha-en-baradero\/\" \/>\n<meta property=\"og:locale\" content=\"es_ES\" \/>\n<meta property=\"og:type\" content=\"article\" \/>\n<meta property=\"og:title\" content=\"Noche de revancha en Baradero\" \/>\n<meta property=\"og:description\" content=\"\u25a0 Col\u00f3n tras ganar la ida 1-0 definir\u00e1 la serie de cuartos de final como visitante. Este viernes desde las 21 enfrentar\u00e1 a Sportivo Baradero. Otra revancha va el domingo y los postergados el lunes 17 en lo que es la Pampeana Norte.\" \/>\n<meta property=\"og:url\" content=\"https:\/\/noticiasmercedinas.com\/site\/2022\/01\/13\/noche-de-revancha-en-baradero\/\" \/>\n<meta property=\"og:site_name\" content=\"NOTICIASMERCEDINAS.COM\" \/>\n<meta property=\"article:publisher\" content=\"https:\/\/www.facebook.com\/noticiasmercedinas\/\" \/>\n<meta property=\"article:published_time\" content=\"2022-01-13T13:09:55+00:00\" \/>\n<meta property=\"article:modified_time\" content=\"2022-01-14T13:07:18+00:00\" \/>\n<meta property=\"og:image\" content=\"https:\/\/noticiasmercedinas.com\/site\/wp-content\/uploads\/2022\/01\/colon.jpg\" \/>\n\t<meta property=\"og:image:width\" content=\"640\" \/>\n\t<meta property=\"og:image:height\" content=\"405\" \/>\n\t<meta property=\"og:image:type\" content=\"image\/jpeg\" \/>\n<meta name=\"author\" content=\"Juan Dagnino NOTICIASMERCEDINAS.COM\" \/>\n<meta name=\"twitter:card\" content=\"summary_large_image\" \/>\n<meta name=\"twitter:creator\" content=\"@notmercedinas\" \/>\n<meta name=\"twitter:site\" content=\"@notmercedinas\" \/>\n<meta name=\"twitter:label1\" content=\"Escrito por\" \/>\n\t<meta name=\"twitter:data1\" content=\"Juan Dagnino NOTICIASMERCEDINAS.COM\" \/>\n\t<meta name=\"twitter:label2\" content=\"Tiempo de lectura\" \/>\n\t<meta name=\"twitter:data2\" content=\"2 minutos\" \/>\n<script type=\"application\/ld+json\" class=\"yoast-schema-graph\">{\"@context\":\"https:\\\/\\\/schema.org\",\"@graph\":[{\"@type\":\"Article\",\"@id\":\"https:\\\/\\\/noticiasmercedinas.com\\\/site\\\/2022\\\/01\\\/13\\\/noche-de-revancha-en-baradero\\\/#article\",\"isPartOf\":{\"@id\":\"https:\\\/\\\/noticiasmercedinas.com\\\/site\\\/2022\\\/01\\\/13\\\/noche-de-revancha-en-baradero\\\/\"},\"author\":{\"name\":\"Juan Dagnino NOTICIASMERCEDINAS.COM\",\"@id\":\"https:\\\/\\\/noticiasmercedinas.com\\\/site\\\/#\\\/schema\\\/person\\\/8f2f09d666ef40986eba4a5e6f2a06f9\"},\"headline\":\"Noche de revancha en Baradero\",\"datePublished\":\"2022-01-13T13:09:55+00:00\",\"dateModified\":\"2022-01-14T13:07:18+00:00\",\"mainEntityOfPage\":{\"@id\":\"https:\\\/\\\/noticiasmercedinas.com\\\/site\\\/2022\\\/01\\\/13\\\/noche-de-revancha-en-baradero\\\/\"},\"wordCount\":251,\"commentCount\":0,\"publisher\":{\"@id\":\"https:\\\/\\\/noticiasmercedinas.com\\\/site\\\/#organization\"},\"image\":{\"@id\":\"https:\\\/\\\/noticiasmercedinas.com\\\/site\\\/2022\\\/01\\\/13\\\/noche-de-revancha-en-baradero\\\/#primaryimage\"},\"thumbnailUrl\":\"https:\\\/\\\/noticiasmercedinas.com\\\/site\\\/wp-content\\\/uploads\\\/2022\\\/01\\\/colon.jpg\",\"keywords\":[\"colon de chivilcoy\",\"Torneo Regional Federal Amateur\"],\"articleSection\":[\"Deportes\"],\"inLanguage\":\"es\",\"potentialAction\":[{\"@type\":\"CommentAction\",\"name\":\"Comment\",\"target\":[\"https:\\\/\\\/noticiasmercedinas.com\\\/site\\\/2022\\\/01\\\/13\\\/noche-de-revancha-en-baradero\\\/#respond\"]}]},{\"@type\":\"WebPage\",\"@id\":\"https:\\\/\\\/noticiasmercedinas.com\\\/site\\\/2022\\\/01\\\/13\\\/noche-de-revancha-en-baradero\\\/\",\"url\":\"https:\\\/\\\/noticiasmercedinas.com\\\/site\\\/2022\\\/01\\\/13\\\/noche-de-revancha-en-baradero\\\/\",\"name\":\"Noche de revancha en Baradero\",\"isPartOf\":{\"@id\":\"https:\\\/\\\/noticiasmercedinas.com\\\/site\\\/#website\"},\"primaryImageOfPage\":{\"@id\":\"https:\\\/\\\/noticiasmercedinas.com\\\/site\\\/2022\\\/01\\\/13\\\/noche-de-revancha-en-baradero\\\/#primaryimage\"},\"image\":{\"@id\":\"https:\\\/\\\/noticiasmercedinas.com\\\/site\\\/2022\\\/01\\\/13\\\/noche-de-revancha-en-baradero\\\/#primaryimage\"},\"thumbnailUrl\":\"https:\\\/\\\/noticiasmercedinas.com\\\/site\\\/wp-content\\\/uploads\\\/2022\\\/01\\\/colon.jpg\",\"datePublished\":\"2022-01-13T13:09:55+00:00\",\"dateModified\":\"2022-01-14T13:07:18+00:00\",\"breadcrumb\":{\"@id\":\"https:\\\/\\\/noticiasmercedinas.com\\\/site\\\/2022\\\/01\\\/13\\\/noche-de-revancha-en-baradero\\\/#breadcrumb\"},\"inLanguage\":\"es\",\"potentialAction\":[{\"@type\":\"ReadAction\",\"target\":[\"https:\\\/\\\/noticiasmercedinas.com\\\/site\\\/2022\\\/01\\\/13\\\/noche-de-revancha-en-baradero\\\/\"]}]},{\"@type\":\"ImageObject\",\"inLanguage\":\"es\",\"@id\":\"https:\\\/\\\/noticiasmercedinas.com\\\/site\\\/2022\\\/01\\\/13\\\/noche-de-revancha-en-baradero\\\/#primaryimage\",\"url\":\"https:\\\/\\\/noticiasmercedinas.com\\\/site\\\/wp-content\\\/uploads\\\/2022\\\/01\\\/colon.jpg\",\"contentUrl\":\"https:\\\/\\\/noticiasmercedinas.com\\\/site\\\/wp-content\\\/uploads\\\/2022\\\/01\\\/colon.jpg\",\"width\":640,\"height\":405},{\"@type\":\"BreadcrumbList\",\"@id\":\"https:\\\/\\\/noticiasmercedinas.com\\\/site\\\/2022\\\/01\\\/13\\\/noche-de-revancha-en-baradero\\\/#breadcrumb\",\"itemListElement\":[{\"@type\":\"ListItem\",\"position\":1,\"name\":\"Portada\",\"item\":\"https:\\\/\\\/noticiasmercedinas.com\\\/site\\\/\"},{\"@type\":\"ListItem\",\"position\":2,\"name\":\"Noche de revancha en Baradero\"}]},{\"@type\":\"WebSite\",\"@id\":\"https:\\\/\\\/noticiasmercedinas.com\\\/site\\\/#website\",\"url\":\"https:\\\/\\\/noticiasmercedinas.com\\\/site\\\/\",\"name\":\"NOTICIASMERCEDINAS.COM\",\"description\":\"Mercedes, Buenos Aires, Argentina\",\"publisher\":{\"@id\":\"https:\\\/\\\/noticiasmercedinas.com\\\/site\\\/#organization\"},\"potentialAction\":[{\"@type\":\"SearchAction\",\"target\":{\"@type\":\"EntryPoint\",\"urlTemplate\":\"https:\\\/\\\/noticiasmercedinas.com\\\/site\\\/?s={search_term_string}\"},\"query-input\":{\"@type\":\"PropertyValueSpecification\",\"valueRequired\":true,\"valueName\":\"search_term_string\"}}],\"inLanguage\":\"es\"},{\"@type\":\"Organization\",\"@id\":\"https:\\\/\\\/noticiasmercedinas.com\\\/site\\\/#organization\",\"name\":\"NOTICIASMERCEDINAS.COM\",\"url\":\"https:\\\/\\\/noticiasmercedinas.com\\\/site\\\/\",\"logo\":{\"@type\":\"ImageObject\",\"inLanguage\":\"es\",\"@id\":\"https:\\\/\\\/noticiasmercedinas.com\\\/site\\\/#\\\/schema\\\/logo\\\/image\\\/\",\"url\":\"https:\\\/\\\/noticiasmercedinas.com\\\/site\\\/wp-content\\\/uploads\\\/2020\\\/06\\\/LOGO-512.jpg\",\"contentUrl\":\"https:\\\/\\\/noticiasmercedinas.com\\\/site\\\/wp-content\\\/uploads\\\/2020\\\/06\\\/LOGO-512.jpg\",\"width\":512,\"height\":512,\"caption\":\"NOTICIASMERCEDINAS.COM\"},\"image\":{\"@id\":\"https:\\\/\\\/noticiasmercedinas.com\\\/site\\\/#\\\/schema\\\/logo\\\/image\\\/\"},\"sameAs\":[\"https:\\\/\\\/www.facebook.com\\\/noticiasmercedinas\\\/\",\"https:\\\/\\\/x.com\\\/notmercedinas\",\"https:\\\/\\\/www.instagram.com\\\/noticiasmercedinas\\\/\"]},{\"@type\":\"Person\",\"@id\":\"https:\\\/\\\/noticiasmercedinas.com\\\/site\\\/#\\\/schema\\\/person\\\/8f2f09d666ef40986eba4a5e6f2a06f9\",\"name\":\"Juan Dagnino NOTICIASMERCEDINAS.COM\",\"image\":{\"@type\":\"ImageObject\",\"inLanguage\":\"es\",\"@id\":\"https:\\\/\\\/secure.gravatar.com\\\/avatar\\\/fc7059a769f5a3cae65fadb228a3e4accf3a64b4b2305020d0a27e6d5333c91b?s=96&d=mm&r=g\",\"url\":\"https:\\\/\\\/secure.gravatar.com\\\/avatar\\\/fc7059a769f5a3cae65fadb228a3e4accf3a64b4b2305020d0a27e6d5333c91b?s=96&d=mm&r=g\",\"contentUrl\":\"https:\\\/\\\/secure.gravatar.com\\\/avatar\\\/fc7059a769f5a3cae65fadb228a3e4accf3a64b4b2305020d0a27e6d5333c91b?s=96&d=mm&r=g\",\"caption\":\"Juan Dagnino NOTICIASMERCEDINAS.COM\"},\"url\":\"https:\\\/\\\/noticiasmercedinas.com\\\/site\\\/author\\\/juandagnino\\\/\"}]}<\/script>\n<!-- \/ Yoast SEO plugin. -->","yoast_head_json":{"title":"Noche de revancha en Baradero","robots":{"index":"index","follow":"follow","max-snippet":"max-snippet:-1","max-image-preview":"max-image-preview:large","max-video-preview":"max-video-preview:-1"},"canonical":"https:\/\/noticiasmercedinas.com\/site\/2022\/01\/13\/noche-de-revancha-en-baradero\/","og_locale":"es_ES","og_type":"article","og_title":"Noche de revancha en Baradero","og_description":"\u25a0 Col\u00f3n tras ganar la ida 1-0 definir\u00e1 la serie de cuartos de final como visitante. Este viernes desde las 21 enfrentar\u00e1 a Sportivo Baradero. Otra revancha va el domingo y los postergados el lunes 17 en lo que es la Pampeana Norte.","og_url":"https:\/\/noticiasmercedinas.com\/site\/2022\/01\/13\/noche-de-revancha-en-baradero\/","og_site_name":"NOTICIASMERCEDINAS.COM","article_publisher":"https:\/\/www.facebook.com\/noticiasmercedinas\/","article_published_time":"2022-01-13T13:09:55+00:00","article_modified_time":"2022-01-14T13:07:18+00:00","og_image":[{"width":640,"height":405,"url":"https:\/\/noticiasmercedinas.com\/site\/wp-content\/uploads\/2022\/01\/colon.jpg","type":"image\/jpeg"}],"author":"Juan Dagnino NOTICIASMERCEDINAS.COM","twitter_card":"summary_large_image","twitter_creator":"@notmercedinas","twitter_site":"@notmercedinas","twitter_misc":{"Escrito por":"Juan Dagnino NOTICIASMERCEDINAS.COM","Tiempo de lectura":"2 minutos"},"schema":{"@context":"https:\/\/schema.org","@graph":[{"@type":"Article","@id":"https:\/\/noticiasmercedinas.com\/site\/2022\/01\/13\/noche-de-revancha-en-baradero\/#article","isPartOf":{"@id":"https:\/\/noticiasmercedinas.com\/site\/2022\/01\/13\/noche-de-revancha-en-baradero\/"},"author":{"name":"Juan Dagnino NOTICIASMERCEDINAS.COM","@id":"https:\/\/noticiasmercedinas.com\/site\/#\/schema\/person\/8f2f09d666ef40986eba4a5e6f2a06f9"},"headline":"Noche de revancha en Baradero","datePublished":"2022-01-13T13:09:55+00:00","dateModified":"2022-01-14T13:07:18+00:00","mainEntityOfPage":{"@id":"https:\/\/noticiasmercedinas.com\/site\/2022\/01\/13\/noche-de-revancha-en-baradero\/"},"wordCount":251,"commentCount":0,"publisher":{"@id":"https:\/\/noticiasmercedinas.com\/site\/#organization"},"image":{"@id":"https:\/\/noticiasmercedinas.com\/site\/2022\/01\/13\/noche-de-revancha-en-baradero\/#primaryimage"},"thumbnailUrl":"https:\/\/noticiasmercedinas.com\/site\/wp-content\/uploads\/2022\/01\/colon.jpg","keywords":["colon de chivilcoy","Torneo Regional Federal Amateur"],"articleSection":["Deportes"],"inLanguage":"es","potentialAction":[{"@type":"CommentAction","name":"Comment","target":["https:\/\/noticiasmercedinas.com\/site\/2022\/01\/13\/noche-de-revancha-en-baradero\/#respond"]}]},{"@type":"WebPage","@id":"https:\/\/noticiasmercedinas.com\/site\/2022\/01\/13\/noche-de-revancha-en-baradero\/","url":"https:\/\/noticiasmercedinas.com\/site\/2022\/01\/13\/noche-de-revancha-en-baradero\/","name":"Noche de revancha en Baradero","isPartOf":{"@id":"https:\/\/noticiasmercedinas.com\/site\/#website"},"primaryImageOfPage":{"@id":"https:\/\/noticiasmercedinas.com\/site\/2022\/01\/13\/noche-de-revancha-en-baradero\/#primaryimage"},"image":{"@id":"https:\/\/noticiasmercedinas.com\/site\/2022\/01\/13\/noche-de-revancha-en-baradero\/#primaryimage"},"thumbnailUrl":"https:\/\/noticiasmercedinas.com\/site\/wp-content\/uploads\/2022\/01\/colon.jpg","datePublished":"2022-01-13T13:09:55+00:00","dateModified":"2022-01-14T13:07:18+00:00","breadcrumb":{"@id":"https:\/\/noticiasmercedinas.com\/site\/2022\/01\/13\/noche-de-revancha-en-baradero\/#breadcrumb"},"inLanguage":"es","potentialAction":[{"@type":"ReadAction","target":["https:\/\/noticiasmercedinas.com\/site\/2022\/01\/13\/noche-de-revancha-en-baradero\/"]}]},{"@type":"ImageObject","inLanguage":"es","@id":"https:\/\/noticiasmercedinas.com\/site\/2022\/01\/13\/noche-de-revancha-en-baradero\/#primaryimage","url":"https:\/\/noticiasmercedinas.com\/site\/wp-content\/uploads\/2022\/01\/colon.jpg","contentUrl":"https:\/\/noticiasmercedinas.com\/site\/wp-content\/uploads\/2022\/01\/colon.jpg","width":640,"height":405},{"@type":"BreadcrumbList","@id":"https:\/\/noticiasmercedinas.com\/site\/2022\/01\/13\/noche-de-revancha-en-baradero\/#breadcrumb","itemListElement":[{"@type":"ListItem","position":1,"name":"Portada","item":"https:\/\/noticiasmercedinas.com\/site\/"},{"@type":"ListItem","position":2,"name":"Noche de revancha en Baradero"}]},{"@type":"WebSite","@id":"https:\/\/noticiasmercedinas.com\/site\/#website","url":"https:\/\/noticiasmercedinas.com\/site\/","name":"NOTICIASMERCEDINAS.COM","description":"Mercedes, Buenos Aires, Argentina","publisher":{"@id":"https:\/\/noticiasmercedinas.com\/site\/#organization"},"potentialAction":[{"@type":"SearchAction","target":{"@type":"EntryPoint","urlTemplate":"https:\/\/noticiasmercedinas.com\/site\/?s={search_term_string}"},"query-input":{"@type":"PropertyValueSpecification","valueRequired":true,"valueName":"search_term_string"}}],"inLanguage":"es"},{"@type":"Organization","@id":"https:\/\/noticiasmercedinas.com\/site\/#organization","name":"NOTICIASMERCEDINAS.COM","url":"https:\/\/noticiasmercedinas.com\/site\/","logo":{"@type":"ImageObject","inLanguage":"es","@id":"https:\/\/noticiasmercedinas.com\/site\/#\/schema\/logo\/image\/","url":"https:\/\/noticiasmercedinas.com\/site\/wp-content\/uploads\/2020\/06\/LOGO-512.jpg","contentUrl":"https:\/\/noticiasmercedinas.com\/site\/wp-content\/uploads\/2020\/06\/LOGO-512.jpg","width":512,"height":512,"caption":"NOTICIASMERCEDINAS.COM"},"image":{"@id":"https:\/\/noticiasmercedinas.com\/site\/#\/schema\/logo\/image\/"},"sameAs":["https:\/\/www.facebook.com\/noticiasmercedinas\/","https:\/\/x.com\/notmercedinas","https:\/\/www.instagram.com\/noticiasmercedinas\/"]},{"@type":"Person","@id":"https:\/\/noticiasmercedinas.com\/site\/#\/schema\/person\/8f2f09d666ef40986eba4a5e6f2a06f9","name":"Juan Dagnino NOTICIASMERCEDINAS.COM","image":{"@type":"ImageObject","inLanguage":"es","@id":"https:\/\/secure.gravatar.com\/avatar\/fc7059a769f5a3cae65fadb228a3e4accf3a64b4b2305020d0a27e6d5333c91b?s=96&d=mm&r=g","url":"https:\/\/secure.gravatar.com\/avatar\/fc7059a769f5a3cae65fadb228a3e4accf3a64b4b2305020d0a27e6d5333c91b?s=96&d=mm&r=g","contentUrl":"https:\/\/secure.gravatar.com\/avatar\/fc7059a769f5a3cae65fadb228a3e4accf3a64b4b2305020d0a27e6d5333c91b?s=96&d=mm&r=g","caption":"Juan Dagnino NOTICIASMERCEDINAS.COM"},"url":"https:\/\/noticiasmercedinas.com\/site\/author\/juandagnino\/"}]}},"amp_enabled":true,"_links":{"self":[{"href":"https:\/\/noticiasmercedinas.com\/site\/wp-json\/wp\/v2\/posts\/83060","targetHints":{"allow":["GET"]}}],"collection":[{"href":"https:\/\/noticiasmercedinas.com\/site\/wp-json\/wp\/v2\/posts"}],"about":[{"href":"https:\/\/noticiasmercedinas.com\/site\/wp-json\/wp\/v2\/types\/post"}],"author":[{"embeddable":true,"href":"https:\/\/noticiasmercedinas.com\/site\/wp-json\/wp\/v2\/users\/6"}],"replies":[{"embeddable":true,"href":"https:\/\/noticiasmercedinas.com\/site\/wp-json\/wp\/v2\/comments?post=83060"}],"version-history":[{"count":3,"href":"https:\/\/noticiasmercedinas.com\/site\/wp-json\/wp\/v2\/posts\/83060\/revisions"}],"predecessor-version":[{"id":83128,"href":"https:\/\/noticiasmercedinas.com\/site\/wp-json\/wp\/v2\/posts\/83060\/revisions\/83128"}],"wp:featuredmedia":[{"embeddable":true,"href":"https:\/\/noticiasmercedinas.com\/site\/wp-json\/wp\/v2\/media\/83061"}],"wp:attachment":[{"href":"https:\/\/noticiasmercedinas.com\/site\/wp-json\/wp\/v2\/media?parent=83060"}],"wp:term":[{"taxonomy":"category","embeddable":true,"href":"https:\/\/noticiasmercedinas.com\/site\/wp-json\/wp\/v2\/categories?post=83060"},{"taxonomy":"post_tag","embeddable":true,"href":"https:\/\/noticiasmercedinas.com\/site\/wp-json\/wp\/v2\/tags?post=83060"}],"curies":[{"name":"wp","href":"https:\/\/api.w.org\/{rel}","templated":true}]}}