{"id":83073,"date":"2022-01-13T13:29:49","date_gmt":"2022-01-13T16:29:49","guid":{"rendered":"https:\/\/noticiasmercedinas.com\/site\/?p=83073"},"modified":"2022-01-13T13:29:49","modified_gmt":"2022-01-13T16:29:49","slug":"flandria-conoce-sus-rivales-para-la-primera-nacional","status":"publish","type":"post","link":"https:\/\/noticiasmercedinas.com\/site\/2022\/01\/13\/flandria-conoce-sus-rivales-para-la-primera-nacional\/","title":{"rendered":"Flandria conoce sus rivales para la Primera Nacional"},"content":{"rendered":"<figure id=\"attachment_83074\" aria-describedby=\"caption-attachment-83074\" style=\"width: 960px\" class=\"wp-caption alignnone\"><img loading=\"lazy\" decoding=\"async\" class=\"wp-image-83074 size-full\" src=\"https:\/\/noticiasmercedinas.com\/site\/wp-content\/uploads\/2022\/01\/271598274_595816951768019_888703003777117338_n.jpg\" alt=\"\" width=\"960\" height=\"506\" srcset=\"https:\/\/noticiasmercedinas.com\/site\/wp-content\/uploads\/2022\/01\/271598274_595816951768019_888703003777117338_n.jpg 960w, https:\/\/noticiasmercedinas.com\/site\/wp-content\/uploads\/2022\/01\/271598274_595816951768019_888703003777117338_n-300x158.jpg 300w, https:\/\/noticiasmercedinas.com\/site\/wp-content\/uploads\/2022\/01\/271598274_595816951768019_888703003777117338_n-768x405.jpg 768w, https:\/\/noticiasmercedinas.com\/site\/wp-content\/uploads\/2022\/01\/271598274_595816951768019_888703003777117338_n-640x337.jpg 640w, https:\/\/noticiasmercedinas.com\/site\/wp-content\/uploads\/2022\/01\/271598274_595816951768019_888703003777117338_n-681x359.jpg 681w\" sizes=\"auto, (max-width: 960px) 100vw, 960px\" \/><figcaption id=\"caption-attachment-83074\" class=\"wp-caption-text\">En Chivilcoy es la pretemporada. (Foto Flandria).<\/figcaption><\/figure>\n<p>Esta ma\u00f1ana se sorte\u00f3 el fixture de la Primera Nacional de AFA, donde volver\u00e1 a jugar el Club Social y Deportivo Flandria tras consagrarse campe\u00f3n en la Primera B 2021. El torneo llevar\u00e1 el nombre de Malvinas Argentinas y se conocieron detalles en el predio de AFA. El certamen comenzar\u00eda el 13 de febrero.<\/p>\n<p>El debut de Flandria ser\u00e1 en el Carlos V ante Defensores de Belgrano, por la segunda fecha visitar\u00e1 a Brown de Adrogu\u00e9 y ay en tercera recibe el \u201cCanario\u201d a Chacarita. La cuarta jornada ser\u00e1 en la lejana ciudad de Madryn ante Brown, estos ser\u00e1n los primeros compromisos.<\/p>\n<p>Ser\u00e1 un largo torneo de 37 fechas con 37 clubes participantes donde el primero ser\u00e1 el campe\u00f3n y ascendido a Primera. El segundo se clasificar\u00e1 a semifinales, el tercero a cuartos de final y del cuarto a d\u00e9cimo tercero ser\u00e1n parte de los octavos de final por el segundo ascenso. Habr\u00e1 dos descensos.<\/p>\n<p><strong>Pretemporada<\/strong><br \/>\nEn Chivilcoy, este s\u00e1bado 15 desde las 8:30 el \u201cCanario\u201d tendr\u00e1 su primer amistoso ante Los Andes, ser\u00e1 sin p\u00fablico y no est\u00e1 permitido el ingreso a la prensa. Mientras tanto los entrenamientos se llevan adelante en el predio de<br \/>\nIndependiente de Chivilcoy.<\/p>\n<p>El plantel dirigido por Andr\u00e9s Montenegro se hospeda en el Hotel Tomaso y por estos d\u00edas se conoci\u00f3 que no continuar\u00e1n en Flandria los futbolistas Tob\u00edas Bovone y Jos\u00e9 Carlos L\u00f3pez Quinteros, las incorporaciones se dieron antes de viajar a Chivilcoy.<\/p>\n","protected":false},"excerpt":{"rendered":"<p>\u25a0 Esta ma\u00f1ana se sorte\u00f3 el fixture en el predio de AFA. El debut ser\u00e1 ante Defensores de Belgrano en el Carlos V. En Chivilcoy se realiza la pretemporada y el s\u00e1bado habr\u00e1 un amistoso con Los Andes.<\/p>\n","protected":false},"author":6,"featured_media":83074,"comment_status":"open","ping_status":"open","sticky":false,"template":"","format":"standard","meta":{"footnotes":""},"categories":[5],"tags":[3526,11470],"class_list":["post-83073","post","type-post","status-publish","format-standard","has-post-thumbnail","hentry","category-deportes","tag-club-flandria","tag-primera-nacional"],"yoast_head":"<!-- This site is optimized with the Yoast SEO plugin v27.4 - https:\/\/yoast.com\/product\/yoast-seo-wordpress\/ -->\n<title>Flandria conoce sus rivales para la Primera Nacional<\/title>\n<meta name=\"robots\" content=\"index, follow, max-snippet:-1, max-image-preview:large, max-video-preview:-1\" \/>\n<link rel=\"canonical\" href=\"https:\/\/noticiasmercedinas.com\/site\/2022\/01\/13\/flandria-conoce-sus-rivales-para-la-primera-nacional\/\" \/>\n<meta property=\"og:locale\" content=\"es_ES\" \/>\n<meta property=\"og:type\" content=\"article\" \/>\n<meta property=\"og:title\" content=\"Flandria conoce sus rivales para la Primera Nacional\" \/>\n<meta property=\"og:description\" content=\"\u25a0 Esta ma\u00f1ana se sorte\u00f3 el fixture en el predio de AFA. El debut ser\u00e1 ante Defensores de Belgrano en el Carlos V. En Chivilcoy se realiza la pretemporada y el s\u00e1bado habr\u00e1 un amistoso con Los Andes.\" \/>\n<meta property=\"og:url\" content=\"https:\/\/noticiasmercedinas.com\/site\/2022\/01\/13\/flandria-conoce-sus-rivales-para-la-primera-nacional\/\" \/>\n<meta property=\"og:site_name\" content=\"NOTICIASMERCEDINAS.COM\" \/>\n<meta property=\"article:publisher\" content=\"https:\/\/www.facebook.com\/noticiasmercedinas\/\" \/>\n<meta property=\"article:published_time\" content=\"2022-01-13T16:29:49+00:00\" \/>\n<meta property=\"og:image\" content=\"https:\/\/noticiasmercedinas.com\/site\/wp-content\/uploads\/2022\/01\/271598274_595816951768019_888703003777117338_n.jpg\" \/>\n\t<meta property=\"og:image:width\" content=\"960\" \/>\n\t<meta property=\"og:image:height\" content=\"506\" \/>\n\t<meta property=\"og:image:type\" content=\"image\/jpeg\" \/>\n<meta name=\"author\" content=\"Juan Dagnino NOTICIASMERCEDINAS.COM\" \/>\n<meta name=\"twitter:card\" content=\"summary_large_image\" \/>\n<meta name=\"twitter:creator\" content=\"@notmercedinas\" \/>\n<meta name=\"twitter:site\" content=\"@notmercedinas\" \/>\n<meta name=\"twitter:label1\" content=\"Escrito por\" \/>\n\t<meta name=\"twitter:data1\" content=\"Juan Dagnino NOTICIASMERCEDINAS.COM\" \/>\n\t<meta name=\"twitter:label2\" content=\"Tiempo de lectura\" \/>\n\t<meta name=\"twitter:data2\" content=\"2 minutos\" \/>\n<script type=\"application\/ld+json\" class=\"yoast-schema-graph\">{\"@context\":\"https:\\\/\\\/schema.org\",\"@graph\":[{\"@type\":\"Article\",\"@id\":\"https:\\\/\\\/noticiasmercedinas.com\\\/site\\\/2022\\\/01\\\/13\\\/flandria-conoce-sus-rivales-para-la-primera-nacional\\\/#article\",\"isPartOf\":{\"@id\":\"https:\\\/\\\/noticiasmercedinas.com\\\/site\\\/2022\\\/01\\\/13\\\/flandria-conoce-sus-rivales-para-la-primera-nacional\\\/\"},\"author\":{\"name\":\"Juan Dagnino NOTICIASMERCEDINAS.COM\",\"@id\":\"https:\\\/\\\/noticiasmercedinas.com\\\/site\\\/#\\\/schema\\\/person\\\/8f2f09d666ef40986eba4a5e6f2a06f9\"},\"headline\":\"Flandria conoce sus rivales para la Primera Nacional\",\"datePublished\":\"2022-01-13T16:29:49+00:00\",\"mainEntityOfPage\":{\"@id\":\"https:\\\/\\\/noticiasmercedinas.com\\\/site\\\/2022\\\/01\\\/13\\\/flandria-conoce-sus-rivales-para-la-primera-nacional\\\/\"},\"wordCount\":270,\"commentCount\":0,\"publisher\":{\"@id\":\"https:\\\/\\\/noticiasmercedinas.com\\\/site\\\/#organization\"},\"image\":{\"@id\":\"https:\\\/\\\/noticiasmercedinas.com\\\/site\\\/2022\\\/01\\\/13\\\/flandria-conoce-sus-rivales-para-la-primera-nacional\\\/#primaryimage\"},\"thumbnailUrl\":\"https:\\\/\\\/noticiasmercedinas.com\\\/site\\\/wp-content\\\/uploads\\\/2022\\\/01\\\/271598274_595816951768019_888703003777117338_n.jpg\",\"keywords\":[\"Club Flandria\",\"primera nacional\"],\"articleSection\":[\"Deportes\"],\"inLanguage\":\"es\",\"potentialAction\":[{\"@type\":\"CommentAction\",\"name\":\"Comment\",\"target\":[\"https:\\\/\\\/noticiasmercedinas.com\\\/site\\\/2022\\\/01\\\/13\\\/flandria-conoce-sus-rivales-para-la-primera-nacional\\\/#respond\"]}]},{\"@type\":\"WebPage\",\"@id\":\"https:\\\/\\\/noticiasmercedinas.com\\\/site\\\/2022\\\/01\\\/13\\\/flandria-conoce-sus-rivales-para-la-primera-nacional\\\/\",\"url\":\"https:\\\/\\\/noticiasmercedinas.com\\\/site\\\/2022\\\/01\\\/13\\\/flandria-conoce-sus-rivales-para-la-primera-nacional\\\/\",\"name\":\"Flandria conoce sus rivales para la Primera Nacional\",\"isPartOf\":{\"@id\":\"https:\\\/\\\/noticiasmercedinas.com\\\/site\\\/#website\"},\"primaryImageOfPage\":{\"@id\":\"https:\\\/\\\/noticiasmercedinas.com\\\/site\\\/2022\\\/01\\\/13\\\/flandria-conoce-sus-rivales-para-la-primera-nacional\\\/#primaryimage\"},\"image\":{\"@id\":\"https:\\\/\\\/noticiasmercedinas.com\\\/site\\\/2022\\\/01\\\/13\\\/flandria-conoce-sus-rivales-para-la-primera-nacional\\\/#primaryimage\"},\"thumbnailUrl\":\"https:\\\/\\\/noticiasmercedinas.com\\\/site\\\/wp-content\\\/uploads\\\/2022\\\/01\\\/271598274_595816951768019_888703003777117338_n.jpg\",\"datePublished\":\"2022-01-13T16:29:49+00:00\",\"breadcrumb\":{\"@id\":\"https:\\\/\\\/noticiasmercedinas.com\\\/site\\\/2022\\\/01\\\/13\\\/flandria-conoce-sus-rivales-para-la-primera-nacional\\\/#breadcrumb\"},\"inLanguage\":\"es\",\"potentialAction\":[{\"@type\":\"ReadAction\",\"target\":[\"https:\\\/\\\/noticiasmercedinas.com\\\/site\\\/2022\\\/01\\\/13\\\/flandria-conoce-sus-rivales-para-la-primera-nacional\\\/\"]}]},{\"@type\":\"ImageObject\",\"inLanguage\":\"es\",\"@id\":\"https:\\\/\\\/noticiasmercedinas.com\\\/site\\\/2022\\\/01\\\/13\\\/flandria-conoce-sus-rivales-para-la-primera-nacional\\\/#primaryimage\",\"url\":\"https:\\\/\\\/noticiasmercedinas.com\\\/site\\\/wp-content\\\/uploads\\\/2022\\\/01\\\/271598274_595816951768019_888703003777117338_n.jpg\",\"contentUrl\":\"https:\\\/\\\/noticiasmercedinas.com\\\/site\\\/wp-content\\\/uploads\\\/2022\\\/01\\\/271598274_595816951768019_888703003777117338_n.jpg\",\"width\":960,\"height\":506},{\"@type\":\"BreadcrumbList\",\"@id\":\"https:\\\/\\\/noticiasmercedinas.com\\\/site\\\/2022\\\/01\\\/13\\\/flandria-conoce-sus-rivales-para-la-primera-nacional\\\/#breadcrumb\",\"itemListElement\":[{\"@type\":\"ListItem\",\"position\":1,\"name\":\"Portada\",\"item\":\"https:\\\/\\\/noticiasmercedinas.com\\\/site\\\/\"},{\"@type\":\"ListItem\",\"position\":2,\"name\":\"Flandria conoce sus rivales para la Primera Nacional\"}]},{\"@type\":\"WebSite\",\"@id\":\"https:\\\/\\\/noticiasmercedinas.com\\\/site\\\/#website\",\"url\":\"https:\\\/\\\/noticiasmercedinas.com\\\/site\\\/\",\"name\":\"NOTICIASMERCEDINAS.COM\",\"description\":\"Mercedes, Buenos Aires, Argentina\",\"publisher\":{\"@id\":\"https:\\\/\\\/noticiasmercedinas.com\\\/site\\\/#organization\"},\"potentialAction\":[{\"@type\":\"SearchAction\",\"target\":{\"@type\":\"EntryPoint\",\"urlTemplate\":\"https:\\\/\\\/noticiasmercedinas.com\\\/site\\\/?s={search_term_string}\"},\"query-input\":{\"@type\":\"PropertyValueSpecification\",\"valueRequired\":true,\"valueName\":\"search_term_string\"}}],\"inLanguage\":\"es\"},{\"@type\":\"Organization\",\"@id\":\"https:\\\/\\\/noticiasmercedinas.com\\\/site\\\/#organization\",\"name\":\"NOTICIASMERCEDINAS.COM\",\"url\":\"https:\\\/\\\/noticiasmercedinas.com\\\/site\\\/\",\"logo\":{\"@type\":\"ImageObject\",\"inLanguage\":\"es\",\"@id\":\"https:\\\/\\\/noticiasmercedinas.com\\\/site\\\/#\\\/schema\\\/logo\\\/image\\\/\",\"url\":\"https:\\\/\\\/noticiasmercedinas.com\\\/site\\\/wp-content\\\/uploads\\\/2020\\\/06\\\/LOGO-512.jpg\",\"contentUrl\":\"https:\\\/\\\/noticiasmercedinas.com\\\/site\\\/wp-content\\\/uploads\\\/2020\\\/06\\\/LOGO-512.jpg\",\"width\":512,\"height\":512,\"caption\":\"NOTICIASMERCEDINAS.COM\"},\"image\":{\"@id\":\"https:\\\/\\\/noticiasmercedinas.com\\\/site\\\/#\\\/schema\\\/logo\\\/image\\\/\"},\"sameAs\":[\"https:\\\/\\\/www.facebook.com\\\/noticiasmercedinas\\\/\",\"https:\\\/\\\/x.com\\\/notmercedinas\",\"https:\\\/\\\/www.instagram.com\\\/noticiasmercedinas\\\/\"]},{\"@type\":\"Person\",\"@id\":\"https:\\\/\\\/noticiasmercedinas.com\\\/site\\\/#\\\/schema\\\/person\\\/8f2f09d666ef40986eba4a5e6f2a06f9\",\"name\":\"Juan Dagnino NOTICIASMERCEDINAS.COM\",\"image\":{\"@type\":\"ImageObject\",\"inLanguage\":\"es\",\"@id\":\"https:\\\/\\\/secure.gravatar.com\\\/avatar\\\/fc7059a769f5a3cae65fadb228a3e4accf3a64b4b2305020d0a27e6d5333c91b?s=96&d=mm&r=g\",\"url\":\"https:\\\/\\\/secure.gravatar.com\\\/avatar\\\/fc7059a769f5a3cae65fadb228a3e4accf3a64b4b2305020d0a27e6d5333c91b?s=96&d=mm&r=g\",\"contentUrl\":\"https:\\\/\\\/secure.gravatar.com\\\/avatar\\\/fc7059a769f5a3cae65fadb228a3e4accf3a64b4b2305020d0a27e6d5333c91b?s=96&d=mm&r=g\",\"caption\":\"Juan Dagnino NOTICIASMERCEDINAS.COM\"},\"url\":\"https:\\\/\\\/noticiasmercedinas.com\\\/site\\\/author\\\/juandagnino\\\/\"}]}<\/script>\n<!-- \/ Yoast SEO plugin. -->","yoast_head_json":{"title":"Flandria conoce sus rivales para la Primera Nacional","robots":{"index":"index","follow":"follow","max-snippet":"max-snippet:-1","max-image-preview":"max-image-preview:large","max-video-preview":"max-video-preview:-1"},"canonical":"https:\/\/noticiasmercedinas.com\/site\/2022\/01\/13\/flandria-conoce-sus-rivales-para-la-primera-nacional\/","og_locale":"es_ES","og_type":"article","og_title":"Flandria conoce sus rivales para la Primera Nacional","og_description":"\u25a0 Esta ma\u00f1ana se sorte\u00f3 el fixture en el predio de AFA. El debut ser\u00e1 ante Defensores de Belgrano en el Carlos V. En Chivilcoy se realiza la pretemporada y el s\u00e1bado habr\u00e1 un amistoso con Los Andes.","og_url":"https:\/\/noticiasmercedinas.com\/site\/2022\/01\/13\/flandria-conoce-sus-rivales-para-la-primera-nacional\/","og_site_name":"NOTICIASMERCEDINAS.COM","article_publisher":"https:\/\/www.facebook.com\/noticiasmercedinas\/","article_published_time":"2022-01-13T16:29:49+00:00","og_image":[{"width":960,"height":506,"url":"https:\/\/noticiasmercedinas.com\/site\/wp-content\/uploads\/2022\/01\/271598274_595816951768019_888703003777117338_n.jpg","type":"image\/jpeg"}],"author":"Juan Dagnino NOTICIASMERCEDINAS.COM","twitter_card":"summary_large_image","twitter_creator":"@notmercedinas","twitter_site":"@notmercedinas","twitter_misc":{"Escrito por":"Juan Dagnino NOTICIASMERCEDINAS.COM","Tiempo de lectura":"2 minutos"},"schema":{"@context":"https:\/\/schema.org","@graph":[{"@type":"Article","@id":"https:\/\/noticiasmercedinas.com\/site\/2022\/01\/13\/flandria-conoce-sus-rivales-para-la-primera-nacional\/#article","isPartOf":{"@id":"https:\/\/noticiasmercedinas.com\/site\/2022\/01\/13\/flandria-conoce-sus-rivales-para-la-primera-nacional\/"},"author":{"name":"Juan Dagnino NOTICIASMERCEDINAS.COM","@id":"https:\/\/noticiasmercedinas.com\/site\/#\/schema\/person\/8f2f09d666ef40986eba4a5e6f2a06f9"},"headline":"Flandria conoce sus rivales para la Primera Nacional","datePublished":"2022-01-13T16:29:49+00:00","mainEntityOfPage":{"@id":"https:\/\/noticiasmercedinas.com\/site\/2022\/01\/13\/flandria-conoce-sus-rivales-para-la-primera-nacional\/"},"wordCount":270,"commentCount":0,"publisher":{"@id":"https:\/\/noticiasmercedinas.com\/site\/#organization"},"image":{"@id":"https:\/\/noticiasmercedinas.com\/site\/2022\/01\/13\/flandria-conoce-sus-rivales-para-la-primera-nacional\/#primaryimage"},"thumbnailUrl":"https:\/\/noticiasmercedinas.com\/site\/wp-content\/uploads\/2022\/01\/271598274_595816951768019_888703003777117338_n.jpg","keywords":["Club Flandria","primera nacional"],"articleSection":["Deportes"],"inLanguage":"es","potentialAction":[{"@type":"CommentAction","name":"Comment","target":["https:\/\/noticiasmercedinas.com\/site\/2022\/01\/13\/flandria-conoce-sus-rivales-para-la-primera-nacional\/#respond"]}]},{"@type":"WebPage","@id":"https:\/\/noticiasmercedinas.com\/site\/2022\/01\/13\/flandria-conoce-sus-rivales-para-la-primera-nacional\/","url":"https:\/\/noticiasmercedinas.com\/site\/2022\/01\/13\/flandria-conoce-sus-rivales-para-la-primera-nacional\/","name":"Flandria conoce sus rivales para la Primera Nacional","isPartOf":{"@id":"https:\/\/noticiasmercedinas.com\/site\/#website"},"primaryImageOfPage":{"@id":"https:\/\/noticiasmercedinas.com\/site\/2022\/01\/13\/flandria-conoce-sus-rivales-para-la-primera-nacional\/#primaryimage"},"image":{"@id":"https:\/\/noticiasmercedinas.com\/site\/2022\/01\/13\/flandria-conoce-sus-rivales-para-la-primera-nacional\/#primaryimage"},"thumbnailUrl":"https:\/\/noticiasmercedinas.com\/site\/wp-content\/uploads\/2022\/01\/271598274_595816951768019_888703003777117338_n.jpg","datePublished":"2022-01-13T16:29:49+00:00","breadcrumb":{"@id":"https:\/\/noticiasmercedinas.com\/site\/2022\/01\/13\/flandria-conoce-sus-rivales-para-la-primera-nacional\/#breadcrumb"},"inLanguage":"es","potentialAction":[{"@type":"ReadAction","target":["https:\/\/noticiasmercedinas.com\/site\/2022\/01\/13\/flandria-conoce-sus-rivales-para-la-primera-nacional\/"]}]},{"@type":"ImageObject","inLanguage":"es","@id":"https:\/\/noticiasmercedinas.com\/site\/2022\/01\/13\/flandria-conoce-sus-rivales-para-la-primera-nacional\/#primaryimage","url":"https:\/\/noticiasmercedinas.com\/site\/wp-content\/uploads\/2022\/01\/271598274_595816951768019_888703003777117338_n.jpg","contentUrl":"https:\/\/noticiasmercedinas.com\/site\/wp-content\/uploads\/2022\/01\/271598274_595816951768019_888703003777117338_n.jpg","width":960,"height":506},{"@type":"BreadcrumbList","@id":"https:\/\/noticiasmercedinas.com\/site\/2022\/01\/13\/flandria-conoce-sus-rivales-para-la-primera-nacional\/#breadcrumb","itemListElement":[{"@type":"ListItem","position":1,"name":"Portada","item":"https:\/\/noticiasmercedinas.com\/site\/"},{"@type":"ListItem","position":2,"name":"Flandria conoce sus rivales para la Primera Nacional"}]},{"@type":"WebSite","@id":"https:\/\/noticiasmercedinas.com\/site\/#website","url":"https:\/\/noticiasmercedinas.com\/site\/","name":"NOTICIASMERCEDINAS.COM","description":"Mercedes, Buenos Aires, Argentina","publisher":{"@id":"https:\/\/noticiasmercedinas.com\/site\/#organization"},"potentialAction":[{"@type":"SearchAction","target":{"@type":"EntryPoint","urlTemplate":"https:\/\/noticiasmercedinas.com\/site\/?s={search_term_string}"},"query-input":{"@type":"PropertyValueSpecification","valueRequired":true,"valueName":"search_term_string"}}],"inLanguage":"es"},{"@type":"Organization","@id":"https:\/\/noticiasmercedinas.com\/site\/#organization","name":"NOTICIASMERCEDINAS.COM","url":"https:\/\/noticiasmercedinas.com\/site\/","logo":{"@type":"ImageObject","inLanguage":"es","@id":"https:\/\/noticiasmercedinas.com\/site\/#\/schema\/logo\/image\/","url":"https:\/\/noticiasmercedinas.com\/site\/wp-content\/uploads\/2020\/06\/LOGO-512.jpg","contentUrl":"https:\/\/noticiasmercedinas.com\/site\/wp-content\/uploads\/2020\/06\/LOGO-512.jpg","width":512,"height":512,"caption":"NOTICIASMERCEDINAS.COM"},"image":{"@id":"https:\/\/noticiasmercedinas.com\/site\/#\/schema\/logo\/image\/"},"sameAs":["https:\/\/www.facebook.com\/noticiasmercedinas\/","https:\/\/x.com\/notmercedinas","https:\/\/www.instagram.com\/noticiasmercedinas\/"]},{"@type":"Person","@id":"https:\/\/noticiasmercedinas.com\/site\/#\/schema\/person\/8f2f09d666ef40986eba4a5e6f2a06f9","name":"Juan Dagnino NOTICIASMERCEDINAS.COM","image":{"@type":"ImageObject","inLanguage":"es","@id":"https:\/\/secure.gravatar.com\/avatar\/fc7059a769f5a3cae65fadb228a3e4accf3a64b4b2305020d0a27e6d5333c91b?s=96&d=mm&r=g","url":"https:\/\/secure.gravatar.com\/avatar\/fc7059a769f5a3cae65fadb228a3e4accf3a64b4b2305020d0a27e6d5333c91b?s=96&d=mm&r=g","contentUrl":"https:\/\/secure.gravatar.com\/avatar\/fc7059a769f5a3cae65fadb228a3e4accf3a64b4b2305020d0a27e6d5333c91b?s=96&d=mm&r=g","caption":"Juan Dagnino NOTICIASMERCEDINAS.COM"},"url":"https:\/\/noticiasmercedinas.com\/site\/author\/juandagnino\/"}]}},"amp_enabled":true,"_links":{"self":[{"href":"https:\/\/noticiasmercedinas.com\/site\/wp-json\/wp\/v2\/posts\/83073","targetHints":{"allow":["GET"]}}],"collection":[{"href":"https:\/\/noticiasmercedinas.com\/site\/wp-json\/wp\/v2\/posts"}],"about":[{"href":"https:\/\/noticiasmercedinas.com\/site\/wp-json\/wp\/v2\/types\/post"}],"author":[{"embeddable":true,"href":"https:\/\/noticiasmercedinas.com\/site\/wp-json\/wp\/v2\/users\/6"}],"replies":[{"embeddable":true,"href":"https:\/\/noticiasmercedinas.com\/site\/wp-json\/wp\/v2\/comments?post=83073"}],"version-history":[{"count":1,"href":"https:\/\/noticiasmercedinas.com\/site\/wp-json\/wp\/v2\/posts\/83073\/revisions"}],"predecessor-version":[{"id":83075,"href":"https:\/\/noticiasmercedinas.com\/site\/wp-json\/wp\/v2\/posts\/83073\/revisions\/83075"}],"wp:featuredmedia":[{"embeddable":true,"href":"https:\/\/noticiasmercedinas.com\/site\/wp-json\/wp\/v2\/media\/83074"}],"wp:attachment":[{"href":"https:\/\/noticiasmercedinas.com\/site\/wp-json\/wp\/v2\/media?parent=83073"}],"wp:term":[{"taxonomy":"category","embeddable":true,"href":"https:\/\/noticiasmercedinas.com\/site\/wp-json\/wp\/v2\/categories?post=83073"},{"taxonomy":"post_tag","embeddable":true,"href":"https:\/\/noticiasmercedinas.com\/site\/wp-json\/wp\/v2\/tags?post=83073"}],"curies":[{"name":"wp","href":"https:\/\/api.w.org\/{rel}","templated":true}]}}