{"id":83119,"date":"2022-01-14T09:41:45","date_gmt":"2022-01-14T12:41:45","guid":{"rendered":"https:\/\/noticiasmercedinas.com\/site\/?p=83119"},"modified":"2022-01-14T09:41:45","modified_gmt":"2022-01-14T12:41:45","slug":"horacio-salaverry-la-sequia-esta-pegando-muy-duro","status":"publish","type":"post","link":"https:\/\/noticiasmercedinas.com\/site\/2022\/01\/14\/horacio-salaverry-la-sequia-esta-pegando-muy-duro\/","title":{"rendered":"Horacio Salaverry: \u00abLa sequ\u00eda est\u00e1 pegando muy duro\u00bb"},"content":{"rendered":"<p><img loading=\"lazy\" decoding=\"async\" class=\"alignnone wp-image-75868\" src=\"https:\/\/noticiasmercedinas.com\/site\/wp-content\/uploads\/2021\/09\/Horacio-Salaberry.jpg\" alt=\"\" width=\"640\" height=\"360\" srcset=\"https:\/\/noticiasmercedinas.com\/site\/wp-content\/uploads\/2021\/09\/Horacio-Salaberry.jpg 512w, https:\/\/noticiasmercedinas.com\/site\/wp-content\/uploads\/2021\/09\/Horacio-Salaberry-300x169.jpg 300w\" sizes=\"auto, (max-width: 640px) 100vw, 640px\" \/><\/p>\n<audio class=\"wp-audio-shortcode\" id=\"audio-83119-1\" preload=\"none\" style=\"width: 100%;\" controls=\"controls\"><source type=\"audio\/mpeg\" src=\"https:\/\/noticiasmercedinas.com\/site\/wp-content\/uploads\/2022\/01\/Salaverry_1401.mp3?_=1\" \/><a href=\"https:\/\/noticiasmercedinas.com\/site\/wp-content\/uploads\/2022\/01\/Salaverry_1401.mp3\">https:\/\/noticiasmercedinas.com\/site\/wp-content\/uploads\/2022\/01\/Salaverry_1401.mp3<\/a><\/audio>\n<p>El presidente de Carbap, Horacio Salaverry, asegur\u00f3 que la sequ\u00eda \u201cest\u00e1 pegando muy duro\u201d en gran parte de la provincia y defini\u00f3 que \u201cla cosecha est\u00e1 muy complicada\u201d. En declaraciones a La Mecha por Radio Provincia indic\u00f3 que \u201chay p\u00e9rdidas irrecuperables, sobre todo en el ma\u00edz. La soja tiene m\u00e1s probabilidades (para soportar la falta de lluvias) pero tambi\u00e9n va a afectar la cosecha\u201d.<\/p>\n<p>En tanto, detall\u00f3 que \u201cen la ganader\u00eda el gran inconveniente es el achicamiento de los campos porque las pasturas no vuelven, el pasto natural parece una paja. Un d\u00eda de calor, un animal adulto puede consumir hasta 80 litros de agua, por lo que los productores tienen que estar atentos\u201d. A esto sum\u00f3 el problema que generan los incendios.<\/p>\n<blockquote><p>Salaverry indic\u00f3 que \u201chay p\u00e9rdidas irrecuperables, sobre todo en el ma\u00edz. La soja tiene m\u00e1s probabilidades (para soportar la falta de lluvias) pero tambi\u00e9n va a afectar la cosecha\u201d<\/p><\/blockquote>\n<p>En ese marco, el dirigente plante\u00f3 que esperan ayuda del gobierno bonaerense a trav\u00e9s de la Ley de Emergencias, sobre la que pidi\u00f3 modificaciones porque consider\u00f3 que no es pr\u00e1ctica.<\/p>\n<p>Salaverry sostuvo que \u201cla merma en la cosecha no solo genera inconvenientes para los productores\u201d sino tambi\u00e9n al pa\u00eds porque habr\u00e1 un menor ingreso de divisas. \u201cEl grueso de ingresos de divisas se produce en abril a trav\u00e9s de la cosecha y la baja en toneladas puede complicar la situaci\u00f3n cambiaria en el pa\u00eds\u201d.<\/p>\n<p>Por \u00faltimo, se refiri\u00f3 a las medidas en relaci\u00f3n a la exportaci\u00f3n de la carne. Expres\u00f3 que \u00abhubo inconvenientes a partir del decreto presidencial de mayo- junio de 2021. Luego se empez\u00f3 un trabajo con el ministro Dom\u00ednguez para liberar mayor parte de los animales para la exportaci\u00f3n pero sac\u00f3 dos resoluciones muy complicadas. Si bien no estamos en contra de ver qu\u00e9 se puede hacer con el precio de los siete cortes para el mercado local, no nos parece es que se deba estar as\u00ed dos a\u00f1os\u201d.<\/p>\n<p>Por otro lado, critic\u00f3 las declaraciones juradas que se exigen para la exportaci\u00f3n. \u201cEl ministro se hab\u00eda comprometido a que no iba a haber esas restricciones\u201d, reconoci\u00f3.<\/p>\n","protected":false},"excerpt":{"rendered":"<p>\u25a0 El presidente de Carbap dio detalles de la situaci\u00f3n y asegur\u00f3 que las p\u00e9rdidas del sector pueden \u201ccomplicar la situaci\u00f3n cambiaria\u201d del pa\u00eds.<\/p>\n","protected":false},"author":16,"featured_media":75868,"comment_status":"open","ping_status":"open","sticky":false,"template":"","format":"standard","meta":{"footnotes":""},"categories":[9527],"tags":[3887,3019,11257,13592],"class_list":["post-83119","post","type-post","status-publish","format-standard","has-post-thumbnail","hentry","category-campo","tag-campo","tag-carbap","tag-horacio-salaberry","tag-sequia"],"yoast_head":"<!-- This site is optimized with the Yoast SEO plugin v27.4 - https:\/\/yoast.com\/product\/yoast-seo-wordpress\/ -->\n<title>Horacio Salaverry: &quot;La sequ\u00eda est\u00e1 pegando muy duro&quot;<\/title>\n<meta name=\"robots\" content=\"index, follow, max-snippet:-1, max-image-preview:large, max-video-preview:-1\" \/>\n<link rel=\"canonical\" href=\"https:\/\/noticiasmercedinas.com\/site\/2022\/01\/14\/horacio-salaverry-la-sequia-esta-pegando-muy-duro\/\" \/>\n<meta property=\"og:locale\" content=\"es_ES\" \/>\n<meta property=\"og:type\" content=\"article\" \/>\n<meta property=\"og:title\" content=\"Horacio Salaverry: &quot;La sequ\u00eda est\u00e1 pegando muy duro&quot;\" \/>\n<meta property=\"og:description\" content=\"\u25a0 El presidente de Carbap dio detalles de la situaci\u00f3n y asegur\u00f3 que las p\u00e9rdidas del sector pueden \u201ccomplicar la situaci\u00f3n cambiaria\u201d del pa\u00eds.\" \/>\n<meta property=\"og:url\" content=\"https:\/\/noticiasmercedinas.com\/site\/2022\/01\/14\/horacio-salaverry-la-sequia-esta-pegando-muy-duro\/\" \/>\n<meta property=\"og:site_name\" content=\"NOTICIASMERCEDINAS.COM\" \/>\n<meta property=\"article:publisher\" content=\"https:\/\/www.facebook.com\/noticiasmercedinas\/\" \/>\n<meta property=\"article:published_time\" content=\"2022-01-14T12:41:45+00:00\" \/>\n<meta property=\"og:image\" content=\"https:\/\/noticiasmercedinas.com\/site\/wp-content\/uploads\/2021\/09\/Horacio-Salaberry.jpg\" \/>\n\t<meta property=\"og:image:width\" content=\"512\" \/>\n\t<meta property=\"og:image:height\" content=\"288\" \/>\n\t<meta property=\"og:image:type\" content=\"image\/jpeg\" \/>\n<meta name=\"author\" content=\"NOTICIASMERCEDINAS.COM\" \/>\n<meta name=\"twitter:card\" content=\"summary_large_image\" \/>\n<meta name=\"twitter:creator\" content=\"@notmercedinas\" \/>\n<meta name=\"twitter:site\" content=\"@notmercedinas\" \/>\n<meta name=\"twitter:label1\" content=\"Escrito por\" \/>\n\t<meta name=\"twitter:data1\" content=\"NOTICIASMERCEDINAS.COM\" \/>\n\t<meta name=\"twitter:label2\" content=\"Tiempo de lectura\" \/>\n\t<meta name=\"twitter:data2\" content=\"2 minutos\" \/>\n<script type=\"application\/ld+json\" class=\"yoast-schema-graph\">{\"@context\":\"https:\\\/\\\/schema.org\",\"@graph\":[{\"@type\":\"Article\",\"@id\":\"https:\\\/\\\/noticiasmercedinas.com\\\/site\\\/2022\\\/01\\\/14\\\/horacio-salaverry-la-sequia-esta-pegando-muy-duro\\\/#article\",\"isPartOf\":{\"@id\":\"https:\\\/\\\/noticiasmercedinas.com\\\/site\\\/2022\\\/01\\\/14\\\/horacio-salaverry-la-sequia-esta-pegando-muy-duro\\\/\"},\"author\":{\"name\":\"NOTICIASMERCEDINAS.COM\",\"@id\":\"https:\\\/\\\/noticiasmercedinas.com\\\/site\\\/#\\\/schema\\\/person\\\/84b59c099c28ff2e8b77d4ceec5d8063\"},\"headline\":\"Horacio Salaverry: \u00abLa sequ\u00eda est\u00e1 pegando muy duro\u00bb\",\"datePublished\":\"2022-01-14T12:41:45+00:00\",\"mainEntityOfPage\":{\"@id\":\"https:\\\/\\\/noticiasmercedinas.com\\\/site\\\/2022\\\/01\\\/14\\\/horacio-salaverry-la-sequia-esta-pegando-muy-duro\\\/\"},\"wordCount\":394,\"commentCount\":0,\"publisher\":{\"@id\":\"https:\\\/\\\/noticiasmercedinas.com\\\/site\\\/#organization\"},\"image\":{\"@id\":\"https:\\\/\\\/noticiasmercedinas.com\\\/site\\\/2022\\\/01\\\/14\\\/horacio-salaverry-la-sequia-esta-pegando-muy-duro\\\/#primaryimage\"},\"thumbnailUrl\":\"https:\\\/\\\/noticiasmercedinas.com\\\/site\\\/wp-content\\\/uploads\\\/2021\\\/09\\\/Horacio-Salaberry.jpg\",\"keywords\":[\"campo\",\"carbap\",\"horacio salaberry\",\"sequia\"],\"articleSection\":[\"Campo\"],\"inLanguage\":\"es\",\"potentialAction\":[{\"@type\":\"CommentAction\",\"name\":\"Comment\",\"target\":[\"https:\\\/\\\/noticiasmercedinas.com\\\/site\\\/2022\\\/01\\\/14\\\/horacio-salaverry-la-sequia-esta-pegando-muy-duro\\\/#respond\"]}]},{\"@type\":\"WebPage\",\"@id\":\"https:\\\/\\\/noticiasmercedinas.com\\\/site\\\/2022\\\/01\\\/14\\\/horacio-salaverry-la-sequia-esta-pegando-muy-duro\\\/\",\"url\":\"https:\\\/\\\/noticiasmercedinas.com\\\/site\\\/2022\\\/01\\\/14\\\/horacio-salaverry-la-sequia-esta-pegando-muy-duro\\\/\",\"name\":\"Horacio Salaverry: \\\"La sequ\u00eda est\u00e1 pegando muy duro\\\"\",\"isPartOf\":{\"@id\":\"https:\\\/\\\/noticiasmercedinas.com\\\/site\\\/#website\"},\"primaryImageOfPage\":{\"@id\":\"https:\\\/\\\/noticiasmercedinas.com\\\/site\\\/2022\\\/01\\\/14\\\/horacio-salaverry-la-sequia-esta-pegando-muy-duro\\\/#primaryimage\"},\"image\":{\"@id\":\"https:\\\/\\\/noticiasmercedinas.com\\\/site\\\/2022\\\/01\\\/14\\\/horacio-salaverry-la-sequia-esta-pegando-muy-duro\\\/#primaryimage\"},\"thumbnailUrl\":\"https:\\\/\\\/noticiasmercedinas.com\\\/site\\\/wp-content\\\/uploads\\\/2021\\\/09\\\/Horacio-Salaberry.jpg\",\"datePublished\":\"2022-01-14T12:41:45+00:00\",\"breadcrumb\":{\"@id\":\"https:\\\/\\\/noticiasmercedinas.com\\\/site\\\/2022\\\/01\\\/14\\\/horacio-salaverry-la-sequia-esta-pegando-muy-duro\\\/#breadcrumb\"},\"inLanguage\":\"es\",\"potentialAction\":[{\"@type\":\"ReadAction\",\"target\":[\"https:\\\/\\\/noticiasmercedinas.com\\\/site\\\/2022\\\/01\\\/14\\\/horacio-salaverry-la-sequia-esta-pegando-muy-duro\\\/\"]}]},{\"@type\":\"ImageObject\",\"inLanguage\":\"es\",\"@id\":\"https:\\\/\\\/noticiasmercedinas.com\\\/site\\\/2022\\\/01\\\/14\\\/horacio-salaverry-la-sequia-esta-pegando-muy-duro\\\/#primaryimage\",\"url\":\"https:\\\/\\\/noticiasmercedinas.com\\\/site\\\/wp-content\\\/uploads\\\/2021\\\/09\\\/Horacio-Salaberry.jpg\",\"contentUrl\":\"https:\\\/\\\/noticiasmercedinas.com\\\/site\\\/wp-content\\\/uploads\\\/2021\\\/09\\\/Horacio-Salaberry.jpg\",\"width\":512,\"height\":288},{\"@type\":\"BreadcrumbList\",\"@id\":\"https:\\\/\\\/noticiasmercedinas.com\\\/site\\\/2022\\\/01\\\/14\\\/horacio-salaverry-la-sequia-esta-pegando-muy-duro\\\/#breadcrumb\",\"itemListElement\":[{\"@type\":\"ListItem\",\"position\":1,\"name\":\"Portada\",\"item\":\"https:\\\/\\\/noticiasmercedinas.com\\\/site\\\/\"},{\"@type\":\"ListItem\",\"position\":2,\"name\":\"Horacio Salaverry: \u00abLa sequ\u00eda est\u00e1 pegando muy duro\u00bb\"}]},{\"@type\":\"WebSite\",\"@id\":\"https:\\\/\\\/noticiasmercedinas.com\\\/site\\\/#website\",\"url\":\"https:\\\/\\\/noticiasmercedinas.com\\\/site\\\/\",\"name\":\"NOTICIASMERCEDINAS.COM\",\"description\":\"Mercedes, Buenos Aires, Argentina\",\"publisher\":{\"@id\":\"https:\\\/\\\/noticiasmercedinas.com\\\/site\\\/#organization\"},\"potentialAction\":[{\"@type\":\"SearchAction\",\"target\":{\"@type\":\"EntryPoint\",\"urlTemplate\":\"https:\\\/\\\/noticiasmercedinas.com\\\/site\\\/?s={search_term_string}\"},\"query-input\":{\"@type\":\"PropertyValueSpecification\",\"valueRequired\":true,\"valueName\":\"search_term_string\"}}],\"inLanguage\":\"es\"},{\"@type\":\"Organization\",\"@id\":\"https:\\\/\\\/noticiasmercedinas.com\\\/site\\\/#organization\",\"name\":\"NOTICIASMERCEDINAS.COM\",\"url\":\"https:\\\/\\\/noticiasmercedinas.com\\\/site\\\/\",\"logo\":{\"@type\":\"ImageObject\",\"inLanguage\":\"es\",\"@id\":\"https:\\\/\\\/noticiasmercedinas.com\\\/site\\\/#\\\/schema\\\/logo\\\/image\\\/\",\"url\":\"https:\\\/\\\/noticiasmercedinas.com\\\/site\\\/wp-content\\\/uploads\\\/2020\\\/06\\\/LOGO-512.jpg\",\"contentUrl\":\"https:\\\/\\\/noticiasmercedinas.com\\\/site\\\/wp-content\\\/uploads\\\/2020\\\/06\\\/LOGO-512.jpg\",\"width\":512,\"height\":512,\"caption\":\"NOTICIASMERCEDINAS.COM\"},\"image\":{\"@id\":\"https:\\\/\\\/noticiasmercedinas.com\\\/site\\\/#\\\/schema\\\/logo\\\/image\\\/\"},\"sameAs\":[\"https:\\\/\\\/www.facebook.com\\\/noticiasmercedinas\\\/\",\"https:\\\/\\\/x.com\\\/notmercedinas\",\"https:\\\/\\\/www.instagram.com\\\/noticiasmercedinas\\\/\"]},{\"@type\":\"Person\",\"@id\":\"https:\\\/\\\/noticiasmercedinas.com\\\/site\\\/#\\\/schema\\\/person\\\/84b59c099c28ff2e8b77d4ceec5d8063\",\"name\":\"NOTICIASMERCEDINAS.COM\",\"image\":{\"@type\":\"ImageObject\",\"inLanguage\":\"es\",\"@id\":\"https:\\\/\\\/secure.gravatar.com\\\/avatar\\\/4dfbf16b4d17945bfb6341b2d19043457132fcf478a5ee04f42e959fd8f5df0a?s=96&d=mm&r=g\",\"url\":\"https:\\\/\\\/secure.gravatar.com\\\/avatar\\\/4dfbf16b4d17945bfb6341b2d19043457132fcf478a5ee04f42e959fd8f5df0a?s=96&d=mm&r=g\",\"contentUrl\":\"https:\\\/\\\/secure.gravatar.com\\\/avatar\\\/4dfbf16b4d17945bfb6341b2d19043457132fcf478a5ee04f42e959fd8f5df0a?s=96&d=mm&r=g\",\"caption\":\"NOTICIASMERCEDINAS.COM\"},\"url\":\"https:\\\/\\\/noticiasmercedinas.com\\\/site\\\/author\\\/anonimo\\\/\"}]}<\/script>\n<!-- \/ Yoast SEO plugin. -->","yoast_head_json":{"title":"Horacio Salaverry: \"La sequ\u00eda est\u00e1 pegando muy duro\"","robots":{"index":"index","follow":"follow","max-snippet":"max-snippet:-1","max-image-preview":"max-image-preview:large","max-video-preview":"max-video-preview:-1"},"canonical":"https:\/\/noticiasmercedinas.com\/site\/2022\/01\/14\/horacio-salaverry-la-sequia-esta-pegando-muy-duro\/","og_locale":"es_ES","og_type":"article","og_title":"Horacio Salaverry: \"La sequ\u00eda est\u00e1 pegando muy duro\"","og_description":"\u25a0 El presidente de Carbap dio detalles de la situaci\u00f3n y asegur\u00f3 que las p\u00e9rdidas del sector pueden \u201ccomplicar la situaci\u00f3n cambiaria\u201d del pa\u00eds.","og_url":"https:\/\/noticiasmercedinas.com\/site\/2022\/01\/14\/horacio-salaverry-la-sequia-esta-pegando-muy-duro\/","og_site_name":"NOTICIASMERCEDINAS.COM","article_publisher":"https:\/\/www.facebook.com\/noticiasmercedinas\/","article_published_time":"2022-01-14T12:41:45+00:00","og_image":[{"width":512,"height":288,"url":"https:\/\/noticiasmercedinas.com\/site\/wp-content\/uploads\/2021\/09\/Horacio-Salaberry.jpg","type":"image\/jpeg"}],"author":"NOTICIASMERCEDINAS.COM","twitter_card":"summary_large_image","twitter_creator":"@notmercedinas","twitter_site":"@notmercedinas","twitter_misc":{"Escrito por":"NOTICIASMERCEDINAS.COM","Tiempo de lectura":"2 minutos"},"schema":{"@context":"https:\/\/schema.org","@graph":[{"@type":"Article","@id":"https:\/\/noticiasmercedinas.com\/site\/2022\/01\/14\/horacio-salaverry-la-sequia-esta-pegando-muy-duro\/#article","isPartOf":{"@id":"https:\/\/noticiasmercedinas.com\/site\/2022\/01\/14\/horacio-salaverry-la-sequia-esta-pegando-muy-duro\/"},"author":{"name":"NOTICIASMERCEDINAS.COM","@id":"https:\/\/noticiasmercedinas.com\/site\/#\/schema\/person\/84b59c099c28ff2e8b77d4ceec5d8063"},"headline":"Horacio Salaverry: \u00abLa sequ\u00eda est\u00e1 pegando muy duro\u00bb","datePublished":"2022-01-14T12:41:45+00:00","mainEntityOfPage":{"@id":"https:\/\/noticiasmercedinas.com\/site\/2022\/01\/14\/horacio-salaverry-la-sequia-esta-pegando-muy-duro\/"},"wordCount":394,"commentCount":0,"publisher":{"@id":"https:\/\/noticiasmercedinas.com\/site\/#organization"},"image":{"@id":"https:\/\/noticiasmercedinas.com\/site\/2022\/01\/14\/horacio-salaverry-la-sequia-esta-pegando-muy-duro\/#primaryimage"},"thumbnailUrl":"https:\/\/noticiasmercedinas.com\/site\/wp-content\/uploads\/2021\/09\/Horacio-Salaberry.jpg","keywords":["campo","carbap","horacio salaberry","sequia"],"articleSection":["Campo"],"inLanguage":"es","potentialAction":[{"@type":"CommentAction","name":"Comment","target":["https:\/\/noticiasmercedinas.com\/site\/2022\/01\/14\/horacio-salaverry-la-sequia-esta-pegando-muy-duro\/#respond"]}]},{"@type":"WebPage","@id":"https:\/\/noticiasmercedinas.com\/site\/2022\/01\/14\/horacio-salaverry-la-sequia-esta-pegando-muy-duro\/","url":"https:\/\/noticiasmercedinas.com\/site\/2022\/01\/14\/horacio-salaverry-la-sequia-esta-pegando-muy-duro\/","name":"Horacio Salaverry: \"La sequ\u00eda est\u00e1 pegando muy duro\"","isPartOf":{"@id":"https:\/\/noticiasmercedinas.com\/site\/#website"},"primaryImageOfPage":{"@id":"https:\/\/noticiasmercedinas.com\/site\/2022\/01\/14\/horacio-salaverry-la-sequia-esta-pegando-muy-duro\/#primaryimage"},"image":{"@id":"https:\/\/noticiasmercedinas.com\/site\/2022\/01\/14\/horacio-salaverry-la-sequia-esta-pegando-muy-duro\/#primaryimage"},"thumbnailUrl":"https:\/\/noticiasmercedinas.com\/site\/wp-content\/uploads\/2021\/09\/Horacio-Salaberry.jpg","datePublished":"2022-01-14T12:41:45+00:00","breadcrumb":{"@id":"https:\/\/noticiasmercedinas.com\/site\/2022\/01\/14\/horacio-salaverry-la-sequia-esta-pegando-muy-duro\/#breadcrumb"},"inLanguage":"es","potentialAction":[{"@type":"ReadAction","target":["https:\/\/noticiasmercedinas.com\/site\/2022\/01\/14\/horacio-salaverry-la-sequia-esta-pegando-muy-duro\/"]}]},{"@type":"ImageObject","inLanguage":"es","@id":"https:\/\/noticiasmercedinas.com\/site\/2022\/01\/14\/horacio-salaverry-la-sequia-esta-pegando-muy-duro\/#primaryimage","url":"https:\/\/noticiasmercedinas.com\/site\/wp-content\/uploads\/2021\/09\/Horacio-Salaberry.jpg","contentUrl":"https:\/\/noticiasmercedinas.com\/site\/wp-content\/uploads\/2021\/09\/Horacio-Salaberry.jpg","width":512,"height":288},{"@type":"BreadcrumbList","@id":"https:\/\/noticiasmercedinas.com\/site\/2022\/01\/14\/horacio-salaverry-la-sequia-esta-pegando-muy-duro\/#breadcrumb","itemListElement":[{"@type":"ListItem","position":1,"name":"Portada","item":"https:\/\/noticiasmercedinas.com\/site\/"},{"@type":"ListItem","position":2,"name":"Horacio Salaverry: \u00abLa sequ\u00eda est\u00e1 pegando muy duro\u00bb"}]},{"@type":"WebSite","@id":"https:\/\/noticiasmercedinas.com\/site\/#website","url":"https:\/\/noticiasmercedinas.com\/site\/","name":"NOTICIASMERCEDINAS.COM","description":"Mercedes, Buenos Aires, Argentina","publisher":{"@id":"https:\/\/noticiasmercedinas.com\/site\/#organization"},"potentialAction":[{"@type":"SearchAction","target":{"@type":"EntryPoint","urlTemplate":"https:\/\/noticiasmercedinas.com\/site\/?s={search_term_string}"},"query-input":{"@type":"PropertyValueSpecification","valueRequired":true,"valueName":"search_term_string"}}],"inLanguage":"es"},{"@type":"Organization","@id":"https:\/\/noticiasmercedinas.com\/site\/#organization","name":"NOTICIASMERCEDINAS.COM","url":"https:\/\/noticiasmercedinas.com\/site\/","logo":{"@type":"ImageObject","inLanguage":"es","@id":"https:\/\/noticiasmercedinas.com\/site\/#\/schema\/logo\/image\/","url":"https:\/\/noticiasmercedinas.com\/site\/wp-content\/uploads\/2020\/06\/LOGO-512.jpg","contentUrl":"https:\/\/noticiasmercedinas.com\/site\/wp-content\/uploads\/2020\/06\/LOGO-512.jpg","width":512,"height":512,"caption":"NOTICIASMERCEDINAS.COM"},"image":{"@id":"https:\/\/noticiasmercedinas.com\/site\/#\/schema\/logo\/image\/"},"sameAs":["https:\/\/www.facebook.com\/noticiasmercedinas\/","https:\/\/x.com\/notmercedinas","https:\/\/www.instagram.com\/noticiasmercedinas\/"]},{"@type":"Person","@id":"https:\/\/noticiasmercedinas.com\/site\/#\/schema\/person\/84b59c099c28ff2e8b77d4ceec5d8063","name":"NOTICIASMERCEDINAS.COM","image":{"@type":"ImageObject","inLanguage":"es","@id":"https:\/\/secure.gravatar.com\/avatar\/4dfbf16b4d17945bfb6341b2d19043457132fcf478a5ee04f42e959fd8f5df0a?s=96&d=mm&r=g","url":"https:\/\/secure.gravatar.com\/avatar\/4dfbf16b4d17945bfb6341b2d19043457132fcf478a5ee04f42e959fd8f5df0a?s=96&d=mm&r=g","contentUrl":"https:\/\/secure.gravatar.com\/avatar\/4dfbf16b4d17945bfb6341b2d19043457132fcf478a5ee04f42e959fd8f5df0a?s=96&d=mm&r=g","caption":"NOTICIASMERCEDINAS.COM"},"url":"https:\/\/noticiasmercedinas.com\/site\/author\/anonimo\/"}]}},"amp_enabled":true,"_links":{"self":[{"href":"https:\/\/noticiasmercedinas.com\/site\/wp-json\/wp\/v2\/posts\/83119","targetHints":{"allow":["GET"]}}],"collection":[{"href":"https:\/\/noticiasmercedinas.com\/site\/wp-json\/wp\/v2\/posts"}],"about":[{"href":"https:\/\/noticiasmercedinas.com\/site\/wp-json\/wp\/v2\/types\/post"}],"author":[{"embeddable":true,"href":"https:\/\/noticiasmercedinas.com\/site\/wp-json\/wp\/v2\/users\/16"}],"replies":[{"embeddable":true,"href":"https:\/\/noticiasmercedinas.com\/site\/wp-json\/wp\/v2\/comments?post=83119"}],"version-history":[{"count":1,"href":"https:\/\/noticiasmercedinas.com\/site\/wp-json\/wp\/v2\/posts\/83119\/revisions"}],"predecessor-version":[{"id":83121,"href":"https:\/\/noticiasmercedinas.com\/site\/wp-json\/wp\/v2\/posts\/83119\/revisions\/83121"}],"wp:featuredmedia":[{"embeddable":true,"href":"https:\/\/noticiasmercedinas.com\/site\/wp-json\/wp\/v2\/media\/75868"}],"wp:attachment":[{"href":"https:\/\/noticiasmercedinas.com\/site\/wp-json\/wp\/v2\/media?parent=83119"}],"wp:term":[{"taxonomy":"category","embeddable":true,"href":"https:\/\/noticiasmercedinas.com\/site\/wp-json\/wp\/v2\/categories?post=83119"},{"taxonomy":"post_tag","embeddable":true,"href":"https:\/\/noticiasmercedinas.com\/site\/wp-json\/wp\/v2\/tags?post=83119"}],"curies":[{"name":"wp","href":"https:\/\/api.w.org\/{rel}","templated":true}]}}