{"id":8362,"date":"2018-12-05T09:17:00","date_gmt":"2018-12-05T12:17:00","guid":{"rendered":"https:\/\/noticiasmercedinas.com\/site\/?p=8362"},"modified":"2018-12-05T23:59:06","modified_gmt":"2018-12-06T02:59:06","slug":"festival-el-poder-de-la-cruz-convoco-a-mucha-gente","status":"publish","type":"post","link":"https:\/\/noticiasmercedinas.com\/site\/2018\/12\/05\/festival-el-poder-de-la-cruz-convoco-a-mucha-gente\/","title":{"rendered":"Festival \u201cEl poder de la Cruz\u201d convoc\u00f3 a mucha gente"},"content":{"rendered":"<p><img loading=\"lazy\" decoding=\"async\" class=\"alignnone size-full wp-image-8363\" src=\"https:\/\/noticiasmercedinas.com\/site\/wp-content\/uploads\/2018\/12\/56bbf042-5e17-4305-a89d-e7316247392e.jpg\" alt=\"\" width=\"708\" height=\"420\" srcset=\"https:\/\/noticiasmercedinas.com\/site\/wp-content\/uploads\/2018\/12\/56bbf042-5e17-4305-a89d-e7316247392e.jpg 708w, https:\/\/noticiasmercedinas.com\/site\/wp-content\/uploads\/2018\/12\/56bbf042-5e17-4305-a89d-e7316247392e-300x178.jpg 300w, https:\/\/noticiasmercedinas.com\/site\/wp-content\/uploads\/2018\/12\/56bbf042-5e17-4305-a89d-e7316247392e-640x380.jpg 640w, https:\/\/noticiasmercedinas.com\/site\/wp-content\/uploads\/2018\/12\/56bbf042-5e17-4305-a89d-e7316247392e-681x404.jpg 681w\" sizes=\"auto, (max-width: 708px) 100vw, 708px\" \/><\/p>\n<p>Entre las actividades culturales que se realizaron el fin de semana, una de las que se destac\u00f3 fue el Festival Cristiano en la plaza de calles 26 y 55.<\/p>\n<p>\u201cTodo estuvo espectacular. Un \u00e9xito total\u201d, sintetiz\u00f3 Juan D\u00edaz, del merendero \u201cGotas de Un Diluvio\u201d, que estuvo en la organizaci\u00f3n junto a iglesias evang\u00e9licas de la ciudad contando con la participaci\u00f3n de artistas del g\u00e9nero cristiano de la zona.<\/p>\n<p>Entre s\u00e1bado y domingo hubo presencia de pastores de muchas ciudades y una importante cantidad de gente que se sum\u00f3.<\/p>\n<p>El 1 y 2 de diciembre hubo varios micros que se llegaron desde Chivilcoy, Alberti y otras ciudades como Mor\u00f3n, Merlo, Mor\u00f3n o la Ciudad de Buenos Aires. Hubo bandas en vivo que fueron muy aplaudidas. \u201cFue una tremenda bendici\u00f3n. Se acerc\u00f3 mucha gente entre los dos d\u00edas\u201d, sostuvo D\u00edaz.<\/p>\n<p>\u201cEl poder de la Cruz\u201d fue el t\u00edtulo que se le dio al festival, que en su parte musical incluy\u00f3 a D\u00e9bora Granizo y Marcos Funes, entre otros n\u00fameros. Algunos de los pastores presentes en la actividad fueron Miguel Casas, Ezequiel Bartolomeo y Gerardo Gonz\u00e1lez.<\/p>\n<p><img loading=\"lazy\" decoding=\"async\" class=\"alignnone size-large wp-image-8364\" src=\"https:\/\/noticiasmercedinas.com\/site\/wp-content\/uploads\/2018\/12\/a7134395-398a-4bed-86bb-2689e04addde-577x1024.jpg\" alt=\"\" width=\"577\" height=\"1024\" srcset=\"https:\/\/noticiasmercedinas.com\/site\/wp-content\/uploads\/2018\/12\/a7134395-398a-4bed-86bb-2689e04addde-577x1024.jpg 577w, https:\/\/noticiasmercedinas.com\/site\/wp-content\/uploads\/2018\/12\/a7134395-398a-4bed-86bb-2689e04addde-169x300.jpg 169w, https:\/\/noticiasmercedinas.com\/site\/wp-content\/uploads\/2018\/12\/a7134395-398a-4bed-86bb-2689e04addde-640x1136.jpg 640w, https:\/\/noticiasmercedinas.com\/site\/wp-content\/uploads\/2018\/12\/a7134395-398a-4bed-86bb-2689e04addde-681x1209.jpg 681w, https:\/\/noticiasmercedinas.com\/site\/wp-content\/uploads\/2018\/12\/a7134395-398a-4bed-86bb-2689e04addde.jpg 721w\" sizes=\"auto, (max-width: 577px) 100vw, 577px\" \/><\/p>\n","protected":false},"excerpt":{"rendered":"<p>Entre las actividades culturales que se realizaron el fin de semana, una de las que se destac\u00f3 fue el Festival Cristiano en la plaza de calles 26 y 55. \u201cTodo estuvo espectacular. Un \u00e9xito total\u201d, sintetiz\u00f3 Juan D\u00edaz, del merendero \u201cGotas de Un Diluvio\u201d, que estuvo en la organizaci\u00f3n junto a iglesias evang\u00e9licas de la [&hellip;]<\/p>\n","protected":false},"author":2,"featured_media":8363,"comment_status":"open","ping_status":"open","sticky":false,"template":"","format":"standard","meta":{"footnotes":""},"categories":[4],"tags":[2639,2472,2638,562,2640,561,88],"class_list":["post-8362","post","type-post","status-publish","format-standard","has-post-thumbnail","hentry","category-cultura","tag-debora-granizo","tag-el-poder-de-la-cruz","tag-festival-cristiano","tag-gotas-de-un-diluvio","tag-iglesia-evangelica","tag-juan-diaz","tag-musica"],"yoast_head":"<!-- This site is optimized with the Yoast SEO plugin v27.5 - https:\/\/yoast.com\/product\/yoast-seo-wordpress\/ -->\n<title>Festival \u201cEl poder de la Cruz\u201d convoc\u00f3 a mucha gente<\/title>\n<meta name=\"robots\" content=\"index, follow, max-snippet:-1, max-image-preview:large, max-video-preview:-1\" \/>\n<link rel=\"canonical\" href=\"https:\/\/noticiasmercedinas.com\/site\/2018\/12\/05\/festival-el-poder-de-la-cruz-convoco-a-mucha-gente\/\" \/>\n<meta property=\"og:locale\" content=\"es_ES\" \/>\n<meta property=\"og:type\" content=\"article\" \/>\n<meta property=\"og:title\" content=\"Festival \u201cEl poder de la Cruz\u201d convoc\u00f3 a mucha gente\" \/>\n<meta property=\"og:description\" content=\"Entre las actividades culturales que se realizaron el fin de semana, una de las que se destac\u00f3 fue el Festival Cristiano en la plaza de calles 26 y 55. \u201cTodo estuvo espectacular. Un \u00e9xito total\u201d, sintetiz\u00f3 Juan D\u00edaz, del merendero \u201cGotas de Un Diluvio\u201d, que estuvo en la organizaci\u00f3n junto a iglesias evang\u00e9licas de la [&hellip;]\" \/>\n<meta property=\"og:url\" content=\"https:\/\/noticiasmercedinas.com\/site\/2018\/12\/05\/festival-el-poder-de-la-cruz-convoco-a-mucha-gente\/\" \/>\n<meta property=\"og:site_name\" content=\"NOTICIASMERCEDINAS.COM\" \/>\n<meta property=\"article:publisher\" content=\"https:\/\/www.facebook.com\/noticiasmercedinas\/\" \/>\n<meta property=\"article:author\" content=\"https:\/\/www.facebook.com\/cristian.falabella\" \/>\n<meta property=\"article:published_time\" content=\"2018-12-05T12:17:00+00:00\" \/>\n<meta property=\"article:modified_time\" content=\"2018-12-06T02:59:06+00:00\" \/>\n<meta property=\"og:image\" content=\"https:\/\/noticiasmercedinas.com\/site\/wp-content\/uploads\/2018\/12\/56bbf042-5e17-4305-a89d-e7316247392e.jpg\" \/>\n\t<meta property=\"og:image:width\" content=\"708\" \/>\n\t<meta property=\"og:image:height\" content=\"420\" \/>\n\t<meta property=\"og:image:type\" content=\"image\/jpeg\" \/>\n<meta name=\"author\" content=\"Cristian Falabella NOTICIASMERCEDINAS.COM\" \/>\n<meta name=\"twitter:card\" content=\"summary_large_image\" \/>\n<meta name=\"twitter:creator\" content=\"@https:\/\/twitter.com\/NOTMERCEDINAS\" \/>\n<meta name=\"twitter:site\" content=\"@notmercedinas\" \/>\n<meta name=\"twitter:label1\" content=\"Escrito por\" \/>\n\t<meta name=\"twitter:data1\" content=\"Cristian Falabella NOTICIASMERCEDINAS.COM\" \/>\n\t<meta name=\"twitter:label2\" content=\"Tiempo de lectura\" \/>\n\t<meta name=\"twitter:data2\" content=\"1 minuto\" \/>\n<script type=\"application\/ld+json\" class=\"yoast-schema-graph\">{\"@context\":\"https:\\\/\\\/schema.org\",\"@graph\":[{\"@type\":\"Article\",\"@id\":\"https:\\\/\\\/noticiasmercedinas.com\\\/site\\\/2018\\\/12\\\/05\\\/festival-el-poder-de-la-cruz-convoco-a-mucha-gente\\\/#article\",\"isPartOf\":{\"@id\":\"https:\\\/\\\/noticiasmercedinas.com\\\/site\\\/2018\\\/12\\\/05\\\/festival-el-poder-de-la-cruz-convoco-a-mucha-gente\\\/\"},\"author\":{\"name\":\"Cristian Falabella NOTICIASMERCEDINAS.COM\",\"@id\":\"https:\\\/\\\/noticiasmercedinas.com\\\/site\\\/#\\\/schema\\\/person\\\/d481a9696a5feaec13a60e2bbd991a6a\"},\"headline\":\"Festival \u201cEl poder de la Cruz\u201d convoc\u00f3 a mucha gente\",\"datePublished\":\"2018-12-05T12:17:00+00:00\",\"dateModified\":\"2018-12-06T02:59:06+00:00\",\"mainEntityOfPage\":{\"@id\":\"https:\\\/\\\/noticiasmercedinas.com\\\/site\\\/2018\\\/12\\\/05\\\/festival-el-poder-de-la-cruz-convoco-a-mucha-gente\\\/\"},\"wordCount\":204,\"commentCount\":0,\"publisher\":{\"@id\":\"https:\\\/\\\/noticiasmercedinas.com\\\/site\\\/#organization\"},\"image\":{\"@id\":\"https:\\\/\\\/noticiasmercedinas.com\\\/site\\\/2018\\\/12\\\/05\\\/festival-el-poder-de-la-cruz-convoco-a-mucha-gente\\\/#primaryimage\"},\"thumbnailUrl\":\"https:\\\/\\\/noticiasmercedinas.com\\\/site\\\/wp-content\\\/uploads\\\/2018\\\/12\\\/56bbf042-5e17-4305-a89d-e7316247392e.jpg\",\"keywords\":[\"debora granizo\",\"el poder de la cruz\",\"festival cristiano\",\"gotas de un diluvio\",\"iglesia evangelica\",\"juan diaz\",\"musica\"],\"articleSection\":[\"Cultura\"],\"inLanguage\":\"es\",\"potentialAction\":[{\"@type\":\"CommentAction\",\"name\":\"Comment\",\"target\":[\"https:\\\/\\\/noticiasmercedinas.com\\\/site\\\/2018\\\/12\\\/05\\\/festival-el-poder-de-la-cruz-convoco-a-mucha-gente\\\/#respond\"]}]},{\"@type\":\"WebPage\",\"@id\":\"https:\\\/\\\/noticiasmercedinas.com\\\/site\\\/2018\\\/12\\\/05\\\/festival-el-poder-de-la-cruz-convoco-a-mucha-gente\\\/\",\"url\":\"https:\\\/\\\/noticiasmercedinas.com\\\/site\\\/2018\\\/12\\\/05\\\/festival-el-poder-de-la-cruz-convoco-a-mucha-gente\\\/\",\"name\":\"Festival \u201cEl poder de la Cruz\u201d convoc\u00f3 a mucha gente\",\"isPartOf\":{\"@id\":\"https:\\\/\\\/noticiasmercedinas.com\\\/site\\\/#website\"},\"primaryImageOfPage\":{\"@id\":\"https:\\\/\\\/noticiasmercedinas.com\\\/site\\\/2018\\\/12\\\/05\\\/festival-el-poder-de-la-cruz-convoco-a-mucha-gente\\\/#primaryimage\"},\"image\":{\"@id\":\"https:\\\/\\\/noticiasmercedinas.com\\\/site\\\/2018\\\/12\\\/05\\\/festival-el-poder-de-la-cruz-convoco-a-mucha-gente\\\/#primaryimage\"},\"thumbnailUrl\":\"https:\\\/\\\/noticiasmercedinas.com\\\/site\\\/wp-content\\\/uploads\\\/2018\\\/12\\\/56bbf042-5e17-4305-a89d-e7316247392e.jpg\",\"datePublished\":\"2018-12-05T12:17:00+00:00\",\"dateModified\":\"2018-12-06T02:59:06+00:00\",\"breadcrumb\":{\"@id\":\"https:\\\/\\\/noticiasmercedinas.com\\\/site\\\/2018\\\/12\\\/05\\\/festival-el-poder-de-la-cruz-convoco-a-mucha-gente\\\/#breadcrumb\"},\"inLanguage\":\"es\",\"potentialAction\":[{\"@type\":\"ReadAction\",\"target\":[\"https:\\\/\\\/noticiasmercedinas.com\\\/site\\\/2018\\\/12\\\/05\\\/festival-el-poder-de-la-cruz-convoco-a-mucha-gente\\\/\"]}]},{\"@type\":\"ImageObject\",\"inLanguage\":\"es\",\"@id\":\"https:\\\/\\\/noticiasmercedinas.com\\\/site\\\/2018\\\/12\\\/05\\\/festival-el-poder-de-la-cruz-convoco-a-mucha-gente\\\/#primaryimage\",\"url\":\"https:\\\/\\\/noticiasmercedinas.com\\\/site\\\/wp-content\\\/uploads\\\/2018\\\/12\\\/56bbf042-5e17-4305-a89d-e7316247392e.jpg\",\"contentUrl\":\"https:\\\/\\\/noticiasmercedinas.com\\\/site\\\/wp-content\\\/uploads\\\/2018\\\/12\\\/56bbf042-5e17-4305-a89d-e7316247392e.jpg\",\"width\":708,\"height\":420},{\"@type\":\"BreadcrumbList\",\"@id\":\"https:\\\/\\\/noticiasmercedinas.com\\\/site\\\/2018\\\/12\\\/05\\\/festival-el-poder-de-la-cruz-convoco-a-mucha-gente\\\/#breadcrumb\",\"itemListElement\":[{\"@type\":\"ListItem\",\"position\":1,\"name\":\"Portada\",\"item\":\"https:\\\/\\\/noticiasmercedinas.com\\\/site\\\/\"},{\"@type\":\"ListItem\",\"position\":2,\"name\":\"Festival \u201cEl poder de la Cruz\u201d convoc\u00f3 a mucha gente\"}]},{\"@type\":\"WebSite\",\"@id\":\"https:\\\/\\\/noticiasmercedinas.com\\\/site\\\/#website\",\"url\":\"https:\\\/\\\/noticiasmercedinas.com\\\/site\\\/\",\"name\":\"NOTICIASMERCEDINAS.COM\",\"description\":\"Mercedes, Buenos Aires, Argentina\",\"publisher\":{\"@id\":\"https:\\\/\\\/noticiasmercedinas.com\\\/site\\\/#organization\"},\"potentialAction\":[{\"@type\":\"SearchAction\",\"target\":{\"@type\":\"EntryPoint\",\"urlTemplate\":\"https:\\\/\\\/noticiasmercedinas.com\\\/site\\\/?s={search_term_string}\"},\"query-input\":{\"@type\":\"PropertyValueSpecification\",\"valueRequired\":true,\"valueName\":\"search_term_string\"}}],\"inLanguage\":\"es\"},{\"@type\":\"Organization\",\"@id\":\"https:\\\/\\\/noticiasmercedinas.com\\\/site\\\/#organization\",\"name\":\"NOTICIASMERCEDINAS.COM\",\"url\":\"https:\\\/\\\/noticiasmercedinas.com\\\/site\\\/\",\"logo\":{\"@type\":\"ImageObject\",\"inLanguage\":\"es\",\"@id\":\"https:\\\/\\\/noticiasmercedinas.com\\\/site\\\/#\\\/schema\\\/logo\\\/image\\\/\",\"url\":\"https:\\\/\\\/noticiasmercedinas.com\\\/site\\\/wp-content\\\/uploads\\\/2020\\\/06\\\/LOGO-512.jpg\",\"contentUrl\":\"https:\\\/\\\/noticiasmercedinas.com\\\/site\\\/wp-content\\\/uploads\\\/2020\\\/06\\\/LOGO-512.jpg\",\"width\":512,\"height\":512,\"caption\":\"NOTICIASMERCEDINAS.COM\"},\"image\":{\"@id\":\"https:\\\/\\\/noticiasmercedinas.com\\\/site\\\/#\\\/schema\\\/logo\\\/image\\\/\"},\"sameAs\":[\"https:\\\/\\\/www.facebook.com\\\/noticiasmercedinas\\\/\",\"https:\\\/\\\/x.com\\\/notmercedinas\",\"https:\\\/\\\/www.instagram.com\\\/noticiasmercedinas\\\/\"]},{\"@type\":\"Person\",\"@id\":\"https:\\\/\\\/noticiasmercedinas.com\\\/site\\\/#\\\/schema\\\/person\\\/d481a9696a5feaec13a60e2bbd991a6a\",\"name\":\"Cristian Falabella NOTICIASMERCEDINAS.COM\",\"image\":{\"@type\":\"ImageObject\",\"inLanguage\":\"es\",\"@id\":\"https:\\\/\\\/secure.gravatar.com\\\/avatar\\\/0dbbfc45970cc46bcd0e57766228574ff3511d6eed045b182f536f0f478c1f06?s=96&d=mm&r=g\",\"url\":\"https:\\\/\\\/secure.gravatar.com\\\/avatar\\\/0dbbfc45970cc46bcd0e57766228574ff3511d6eed045b182f536f0f478c1f06?s=96&d=mm&r=g\",\"contentUrl\":\"https:\\\/\\\/secure.gravatar.com\\\/avatar\\\/0dbbfc45970cc46bcd0e57766228574ff3511d6eed045b182f536f0f478c1f06?s=96&d=mm&r=g\",\"caption\":\"Cristian Falabella NOTICIASMERCEDINAS.COM\"},\"description\":\"Periodista, editor de Noticias Mercedinas. Pas\u00f3 por varias redacciones y emprendimientos de prensa, en distintos formatos y \u00e9pocas. Se especializ\u00f3 --y sigue haci\u00e9ndolo-- en comunicaci\u00f3n en la web y en junio de 2006 fund\u00f3 este diario digital.\",\"sameAs\":[\"https:\\\/\\\/noticiasmercedinas.com\",\"https:\\\/\\\/www.facebook.com\\\/cristian.falabella\",\"https:\\\/\\\/www.instagram.com\\\/noticiasmercedinas\\\/\",\"https:\\\/\\\/x.com\\\/https:\\\/\\\/twitter.com\\\/NOTMERCEDINAS\"],\"url\":\"https:\\\/\\\/noticiasmercedinas.com\\\/site\\\/author\\\/as000384\\\/\"}]}<\/script>\n<!-- \/ Yoast SEO plugin. -->","yoast_head_json":{"title":"Festival \u201cEl poder de la Cruz\u201d convoc\u00f3 a mucha gente","robots":{"index":"index","follow":"follow","max-snippet":"max-snippet:-1","max-image-preview":"max-image-preview:large","max-video-preview":"max-video-preview:-1"},"canonical":"https:\/\/noticiasmercedinas.com\/site\/2018\/12\/05\/festival-el-poder-de-la-cruz-convoco-a-mucha-gente\/","og_locale":"es_ES","og_type":"article","og_title":"Festival \u201cEl poder de la Cruz\u201d convoc\u00f3 a mucha gente","og_description":"Entre las actividades culturales que se realizaron el fin de semana, una de las que se destac\u00f3 fue el Festival Cristiano en la plaza de calles 26 y 55. \u201cTodo estuvo espectacular. Un \u00e9xito total\u201d, sintetiz\u00f3 Juan D\u00edaz, del merendero \u201cGotas de Un Diluvio\u201d, que estuvo en la organizaci\u00f3n junto a iglesias evang\u00e9licas de la [&hellip;]","og_url":"https:\/\/noticiasmercedinas.com\/site\/2018\/12\/05\/festival-el-poder-de-la-cruz-convoco-a-mucha-gente\/","og_site_name":"NOTICIASMERCEDINAS.COM","article_publisher":"https:\/\/www.facebook.com\/noticiasmercedinas\/","article_author":"https:\/\/www.facebook.com\/cristian.falabella","article_published_time":"2018-12-05T12:17:00+00:00","article_modified_time":"2018-12-06T02:59:06+00:00","og_image":[{"width":708,"height":420,"url":"https:\/\/noticiasmercedinas.com\/site\/wp-content\/uploads\/2018\/12\/56bbf042-5e17-4305-a89d-e7316247392e.jpg","type":"image\/jpeg"}],"author":"Cristian Falabella NOTICIASMERCEDINAS.COM","twitter_card":"summary_large_image","twitter_creator":"@https:\/\/twitter.com\/NOTMERCEDINAS","twitter_site":"@notmercedinas","twitter_misc":{"Escrito por":"Cristian Falabella NOTICIASMERCEDINAS.COM","Tiempo de lectura":"1 minuto"},"schema":{"@context":"https:\/\/schema.org","@graph":[{"@type":"Article","@id":"https:\/\/noticiasmercedinas.com\/site\/2018\/12\/05\/festival-el-poder-de-la-cruz-convoco-a-mucha-gente\/#article","isPartOf":{"@id":"https:\/\/noticiasmercedinas.com\/site\/2018\/12\/05\/festival-el-poder-de-la-cruz-convoco-a-mucha-gente\/"},"author":{"name":"Cristian Falabella NOTICIASMERCEDINAS.COM","@id":"https:\/\/noticiasmercedinas.com\/site\/#\/schema\/person\/d481a9696a5feaec13a60e2bbd991a6a"},"headline":"Festival \u201cEl poder de la Cruz\u201d convoc\u00f3 a mucha gente","datePublished":"2018-12-05T12:17:00+00:00","dateModified":"2018-12-06T02:59:06+00:00","mainEntityOfPage":{"@id":"https:\/\/noticiasmercedinas.com\/site\/2018\/12\/05\/festival-el-poder-de-la-cruz-convoco-a-mucha-gente\/"},"wordCount":204,"commentCount":0,"publisher":{"@id":"https:\/\/noticiasmercedinas.com\/site\/#organization"},"image":{"@id":"https:\/\/noticiasmercedinas.com\/site\/2018\/12\/05\/festival-el-poder-de-la-cruz-convoco-a-mucha-gente\/#primaryimage"},"thumbnailUrl":"https:\/\/noticiasmercedinas.com\/site\/wp-content\/uploads\/2018\/12\/56bbf042-5e17-4305-a89d-e7316247392e.jpg","keywords":["debora granizo","el poder de la cruz","festival cristiano","gotas de un diluvio","iglesia evangelica","juan diaz","musica"],"articleSection":["Cultura"],"inLanguage":"es","potentialAction":[{"@type":"CommentAction","name":"Comment","target":["https:\/\/noticiasmercedinas.com\/site\/2018\/12\/05\/festival-el-poder-de-la-cruz-convoco-a-mucha-gente\/#respond"]}]},{"@type":"WebPage","@id":"https:\/\/noticiasmercedinas.com\/site\/2018\/12\/05\/festival-el-poder-de-la-cruz-convoco-a-mucha-gente\/","url":"https:\/\/noticiasmercedinas.com\/site\/2018\/12\/05\/festival-el-poder-de-la-cruz-convoco-a-mucha-gente\/","name":"Festival \u201cEl poder de la Cruz\u201d convoc\u00f3 a mucha gente","isPartOf":{"@id":"https:\/\/noticiasmercedinas.com\/site\/#website"},"primaryImageOfPage":{"@id":"https:\/\/noticiasmercedinas.com\/site\/2018\/12\/05\/festival-el-poder-de-la-cruz-convoco-a-mucha-gente\/#primaryimage"},"image":{"@id":"https:\/\/noticiasmercedinas.com\/site\/2018\/12\/05\/festival-el-poder-de-la-cruz-convoco-a-mucha-gente\/#primaryimage"},"thumbnailUrl":"https:\/\/noticiasmercedinas.com\/site\/wp-content\/uploads\/2018\/12\/56bbf042-5e17-4305-a89d-e7316247392e.jpg","datePublished":"2018-12-05T12:17:00+00:00","dateModified":"2018-12-06T02:59:06+00:00","breadcrumb":{"@id":"https:\/\/noticiasmercedinas.com\/site\/2018\/12\/05\/festival-el-poder-de-la-cruz-convoco-a-mucha-gente\/#breadcrumb"},"inLanguage":"es","potentialAction":[{"@type":"ReadAction","target":["https:\/\/noticiasmercedinas.com\/site\/2018\/12\/05\/festival-el-poder-de-la-cruz-convoco-a-mucha-gente\/"]}]},{"@type":"ImageObject","inLanguage":"es","@id":"https:\/\/noticiasmercedinas.com\/site\/2018\/12\/05\/festival-el-poder-de-la-cruz-convoco-a-mucha-gente\/#primaryimage","url":"https:\/\/noticiasmercedinas.com\/site\/wp-content\/uploads\/2018\/12\/56bbf042-5e17-4305-a89d-e7316247392e.jpg","contentUrl":"https:\/\/noticiasmercedinas.com\/site\/wp-content\/uploads\/2018\/12\/56bbf042-5e17-4305-a89d-e7316247392e.jpg","width":708,"height":420},{"@type":"BreadcrumbList","@id":"https:\/\/noticiasmercedinas.com\/site\/2018\/12\/05\/festival-el-poder-de-la-cruz-convoco-a-mucha-gente\/#breadcrumb","itemListElement":[{"@type":"ListItem","position":1,"name":"Portada","item":"https:\/\/noticiasmercedinas.com\/site\/"},{"@type":"ListItem","position":2,"name":"Festival \u201cEl poder de la Cruz\u201d convoc\u00f3 a mucha gente"}]},{"@type":"WebSite","@id":"https:\/\/noticiasmercedinas.com\/site\/#website","url":"https:\/\/noticiasmercedinas.com\/site\/","name":"NOTICIASMERCEDINAS.COM","description":"Mercedes, Buenos Aires, Argentina","publisher":{"@id":"https:\/\/noticiasmercedinas.com\/site\/#organization"},"potentialAction":[{"@type":"SearchAction","target":{"@type":"EntryPoint","urlTemplate":"https:\/\/noticiasmercedinas.com\/site\/?s={search_term_string}"},"query-input":{"@type":"PropertyValueSpecification","valueRequired":true,"valueName":"search_term_string"}}],"inLanguage":"es"},{"@type":"Organization","@id":"https:\/\/noticiasmercedinas.com\/site\/#organization","name":"NOTICIASMERCEDINAS.COM","url":"https:\/\/noticiasmercedinas.com\/site\/","logo":{"@type":"ImageObject","inLanguage":"es","@id":"https:\/\/noticiasmercedinas.com\/site\/#\/schema\/logo\/image\/","url":"https:\/\/noticiasmercedinas.com\/site\/wp-content\/uploads\/2020\/06\/LOGO-512.jpg","contentUrl":"https:\/\/noticiasmercedinas.com\/site\/wp-content\/uploads\/2020\/06\/LOGO-512.jpg","width":512,"height":512,"caption":"NOTICIASMERCEDINAS.COM"},"image":{"@id":"https:\/\/noticiasmercedinas.com\/site\/#\/schema\/logo\/image\/"},"sameAs":["https:\/\/www.facebook.com\/noticiasmercedinas\/","https:\/\/x.com\/notmercedinas","https:\/\/www.instagram.com\/noticiasmercedinas\/"]},{"@type":"Person","@id":"https:\/\/noticiasmercedinas.com\/site\/#\/schema\/person\/d481a9696a5feaec13a60e2bbd991a6a","name":"Cristian Falabella NOTICIASMERCEDINAS.COM","image":{"@type":"ImageObject","inLanguage":"es","@id":"https:\/\/secure.gravatar.com\/avatar\/0dbbfc45970cc46bcd0e57766228574ff3511d6eed045b182f536f0f478c1f06?s=96&d=mm&r=g","url":"https:\/\/secure.gravatar.com\/avatar\/0dbbfc45970cc46bcd0e57766228574ff3511d6eed045b182f536f0f478c1f06?s=96&d=mm&r=g","contentUrl":"https:\/\/secure.gravatar.com\/avatar\/0dbbfc45970cc46bcd0e57766228574ff3511d6eed045b182f536f0f478c1f06?s=96&d=mm&r=g","caption":"Cristian Falabella NOTICIASMERCEDINAS.COM"},"description":"Periodista, editor de Noticias Mercedinas. Pas\u00f3 por varias redacciones y emprendimientos de prensa, en distintos formatos y \u00e9pocas. Se especializ\u00f3 --y sigue haci\u00e9ndolo-- en comunicaci\u00f3n en la web y en junio de 2006 fund\u00f3 este diario digital.","sameAs":["https:\/\/noticiasmercedinas.com","https:\/\/www.facebook.com\/cristian.falabella","https:\/\/www.instagram.com\/noticiasmercedinas\/","https:\/\/x.com\/https:\/\/twitter.com\/NOTMERCEDINAS"],"url":"https:\/\/noticiasmercedinas.com\/site\/author\/as000384\/"}]}},"amp_enabled":true,"_links":{"self":[{"href":"https:\/\/noticiasmercedinas.com\/site\/wp-json\/wp\/v2\/posts\/8362","targetHints":{"allow":["GET"]}}],"collection":[{"href":"https:\/\/noticiasmercedinas.com\/site\/wp-json\/wp\/v2\/posts"}],"about":[{"href":"https:\/\/noticiasmercedinas.com\/site\/wp-json\/wp\/v2\/types\/post"}],"author":[{"embeddable":true,"href":"https:\/\/noticiasmercedinas.com\/site\/wp-json\/wp\/v2\/users\/2"}],"replies":[{"embeddable":true,"href":"https:\/\/noticiasmercedinas.com\/site\/wp-json\/wp\/v2\/comments?post=8362"}],"version-history":[{"count":1,"href":"https:\/\/noticiasmercedinas.com\/site\/wp-json\/wp\/v2\/posts\/8362\/revisions"}],"predecessor-version":[{"id":8365,"href":"https:\/\/noticiasmercedinas.com\/site\/wp-json\/wp\/v2\/posts\/8362\/revisions\/8365"}],"wp:featuredmedia":[{"embeddable":true,"href":"https:\/\/noticiasmercedinas.com\/site\/wp-json\/wp\/v2\/media\/8363"}],"wp:attachment":[{"href":"https:\/\/noticiasmercedinas.com\/site\/wp-json\/wp\/v2\/media?parent=8362"}],"wp:term":[{"taxonomy":"category","embeddable":true,"href":"https:\/\/noticiasmercedinas.com\/site\/wp-json\/wp\/v2\/categories?post=8362"},{"taxonomy":"post_tag","embeddable":true,"href":"https:\/\/noticiasmercedinas.com\/site\/wp-json\/wp\/v2\/tags?post=8362"}],"curies":[{"name":"wp","href":"https:\/\/api.w.org\/{rel}","templated":true}]}}