{"id":83852,"date":"2022-01-30T22:40:40","date_gmt":"2022-01-31T01:40:40","guid":{"rendered":"https:\/\/noticiasmercedinas.com\/site\/?p=83852"},"modified":"2022-01-30T22:40:40","modified_gmt":"2022-01-31T01:40:40","slug":"pabellon-complico-a-palometas","status":"publish","type":"post","link":"https:\/\/noticiasmercedinas.com\/site\/2022\/01\/30\/pabellon-complico-a-palometas\/","title":{"rendered":"Pabell\u00f3n complic\u00f3 a Palometas"},"content":{"rendered":"<figure id=\"attachment_83853\" aria-describedby=\"caption-attachment-83853\" style=\"width: 640px\" class=\"wp-caption alignnone\"><img loading=\"lazy\" decoding=\"async\" class=\"wp-image-83853 size-full\" src=\"https:\/\/noticiasmercedinas.com\/site\/wp-content\/uploads\/2022\/01\/IMG_4062.jpg\" alt=\"\" width=\"640\" height=\"419\" srcset=\"https:\/\/noticiasmercedinas.com\/site\/wp-content\/uploads\/2022\/01\/IMG_4062.jpg 640w, https:\/\/noticiasmercedinas.com\/site\/wp-content\/uploads\/2022\/01\/IMG_4062-300x196.jpg 300w\" sizes=\"auto, (max-width: 640px) 100vw, 640px\" \/><figcaption id=\"caption-attachment-83853\" class=\"wp-caption-text\">Palometas y Pabell\u00f3n jugaron en V\u00e9lez.<\/figcaption><\/figure>\n<p>La Liga Mercedina de F\u00fatbol termin\u00f3 de \u00a0jugar este domingo 30 los partidos que estaban pendientes correspondientes a la 19\u00b0 fecha de Primera divisi\u00f3n. En cancha de V\u00e9lez le gan\u00f3 Pabell\u00f3n sobre Palometas 3-0, con ello los de Marcos Paz siguen en zona campeonato y el \u201cGranate\u201d en el grupo de todos los que tienen 24 unidades. En cuanto al partido, Pabell\u00f3n pas\u00f3 a ganar en la primera mitad en medio de un tr\u00e1mite sin mucho m\u00e1s para destacar. Palometas pudo empatarlo, s\u00f3lo que el penal ejecutado por Pastor lo ataj\u00f3 Gionto. Sobre el final, de contra, lo defini\u00f3 Pabell\u00f3n ante un \u201cGranate\u201d que termin\u00f3 jugando con 10.<\/p>\n<p><strong>Palometas 0:<\/strong> Mat\u00edas Roncoroni, Nicol\u00e1s Randazzo, Thom\u00e1s Pinto, Maximiliano Schitler, Mart\u00edn Pastor, Nicol\u00e1s Aranda, Mat\u00edas Paolacci, Mat\u00edas Gallo, Javier Rosales, Juan Virto y Facundo Pinto. <strong>DT:<\/strong> Diego Figueredo. <strong>Suplentes:<\/strong> Felipe Fedullo y Juan Romero.<br \/>\n<strong>Pabell\u00f3n Argentino 3:<\/strong> Patricio Gionto, Luciano Tacconi, Mauro Vigliarolo, Maximiliano Romero Cahu\u00e9, Gonzalo Castelano, Franco Del Piero, Bautista Olguiati, Nahuel Romero, Franco Monz\u00f3n, Juan Castelano y Luciano Gallardo. <strong>DT:<\/strong> Juan Achucarro.<br \/>\n<strong>Suplentes:<\/strong> Ger\u00f3nimo Norbedo, Santino Chiesa, Ariel Saavedra y Mat\u00edas Mandaradoni.<\/p>\n<p><strong>Gol en el PT:<\/strong> A los 33\u2019 Olguiati (P).<br \/>\n<strong>Goles en el ST:<\/strong> A los 44\u2019 Hourquebie y a los 45\u2019 Olguiati (P)<br \/>\n<strong>Cambios:<\/strong> Maximiliano Castro Segura por Gallo, Mateo Bianco por Rosales, Valent\u00edn Russi por F. Pinto, Juan Sparks por T. Pinto y Emanuel Elisaul por Nicol\u00e1s Aranda (P). Fabricio Grielis por Tacconi, Gast\u00f3n Bianchi por Romero y Gonzalo Hourquebie por Gonzalo Castelano (PA).<br \/>\n<strong>Arbitro:<\/strong> Diego Gauna (AAM).<br \/>\n<strong>Expulsado:<\/strong> A los 17\u2019 del ST Maximiliano Schitler (P).<br \/>\n<strong>Incidencia:<\/strong> A los 26\u2019 Gionto (PA) le contuvo un penal a Pastor (P)<\/p>\n<p>En cancha de Quilmes este domingo 30 fue triunfo de Atl\u00e9tico Marcos Paz que arranc\u00f3 abajo en el marcador ante La Tijera. Se termin\u00f3 imponiendo 2-1 para pasar a ocupar ese lote de equipo que tienen todos 24 puntos. Se vine un cierre para determinar cruces por el descenso m\u00e1s que cadente, vitales ser\u00e1n los pr\u00f3ximos resultados.<\/p>\n<p><strong>Atl\u00e9tico Marcos Paz 2:<\/strong> Correa y Quintana.<br \/>\n<strong>La Tijera 1: <\/strong>Lucas Oyola.<br \/>\n<strong>Arbitro:<\/strong> Luis L\u00f3pez (AAM).<br \/>\n<strong>Expulsado:<\/strong> Luciano Aveni (La Tijera).<br \/>\n<img loading=\"lazy\" decoding=\"async\" class=\"alignnone size-full wp-image-83854\" src=\"https:\/\/noticiasmercedinas.com\/site\/wp-content\/uploads\/2022\/01\/tabla1ra-6.jpg\" alt=\"\" width=\"640\" height=\"673\" srcset=\"https:\/\/noticiasmercedinas.com\/site\/wp-content\/uploads\/2022\/01\/tabla1ra-6.jpg 640w, https:\/\/noticiasmercedinas.com\/site\/wp-content\/uploads\/2022\/01\/tabla1ra-6-285x300.jpg 285w\" sizes=\"auto, (max-width: 640px) 100vw, 640px\" \/><br \/>\n<strong>Pr\u00f3xima fecha<\/strong><br \/>\nDefensores vs. Quilmes.<br \/>\nCol\u00f3n vs. Juventud.<br \/>\nLos Carteros vs. Uni\u00f3n.<br \/>\nEstudiantes vs. El Tim\u00f3n.<br \/>\nDiego Armando vs. Holanda.<br \/>\nAteneo vs. Palometas.<br \/>\nPabell\u00f3n vs. Club Mercedes.<br \/>\nTalleres vs. V\u00e9lez.<br \/>\nGowland vs. Atl\u00e9tico Marcos Paz.<br \/>\nLa Tijera vs. AMEFIP San Mart\u00edn.<br \/>\n<strong>Libre:<\/strong> El Front\u00f3n y Trocha.<\/p>\n<p><strong>Reserva<\/strong><br \/>\n<strong>Atl\u00e9tico Marcos Paz 1:<\/strong> Ram\u00edrez.<br \/>\n<strong>La Tijera 0.<\/strong><\/p>\n<p><strong>Palometas 1:<\/strong> Maximiliano Castro.<br \/>\n<strong>Pabell\u00f3n Argentino 5:<\/strong> Tom\u00e1s Casta\u00f1iz, Gonzalo Hourquebie, Mat\u00edas Mandaradoni 2 y Horacio Sosa.<\/p>\n","protected":false},"excerpt":{"rendered":"<p>\u25a0 En cancha de V\u00e9lez fue 3-0 para los de Marcos Paz en medio de un juego donde el \u201cGranate\u201d no pudo empatar de penal. Atl\u00e9tico Marcos Paz lo dio vuelta frente a La Tijera con un 2 a 1. Tambi\u00e9n hubo partidos de Reserva. <\/p>\n","protected":false},"author":6,"featured_media":83853,"comment_status":"open","ping_status":"open","sticky":false,"template":"","format":"standard","meta":{"footnotes":""},"categories":[5],"tags":[3346,3994,592],"class_list":["post-83852","post","type-post","status-publish","format-standard","has-post-thumbnail","hentry","category-deportes","tag-liga-mercedina-de-futbol","tag-primera","tag-reserva"],"yoast_head":"<!-- This site is optimized with the Yoast SEO plugin v27.5 - https:\/\/yoast.com\/product\/yoast-seo-wordpress\/ -->\n<title>Pabell\u00f3n complic\u00f3 a Palometas<\/title>\n<meta name=\"robots\" content=\"index, follow, max-snippet:-1, max-image-preview:large, max-video-preview:-1\" \/>\n<link rel=\"canonical\" href=\"https:\/\/noticiasmercedinas.com\/site\/2022\/01\/30\/pabellon-complico-a-palometas\/\" \/>\n<meta property=\"og:locale\" content=\"es_ES\" \/>\n<meta property=\"og:type\" content=\"article\" \/>\n<meta property=\"og:title\" content=\"Pabell\u00f3n complic\u00f3 a Palometas\" \/>\n<meta property=\"og:description\" content=\"\u25a0 En cancha de V\u00e9lez fue 3-0 para los de Marcos Paz en medio de un juego donde el \u201cGranate\u201d no pudo empatar de penal. Atl\u00e9tico Marcos Paz lo dio vuelta frente a La Tijera con un 2 a 1. Tambi\u00e9n hubo partidos de Reserva.\" \/>\n<meta property=\"og:url\" content=\"https:\/\/noticiasmercedinas.com\/site\/2022\/01\/30\/pabellon-complico-a-palometas\/\" \/>\n<meta property=\"og:site_name\" content=\"NOTICIASMERCEDINAS.COM\" \/>\n<meta property=\"article:publisher\" content=\"https:\/\/www.facebook.com\/noticiasmercedinas\/\" \/>\n<meta property=\"article:published_time\" content=\"2022-01-31T01:40:40+00:00\" \/>\n<meta property=\"og:image\" content=\"https:\/\/noticiasmercedinas.com\/site\/wp-content\/uploads\/2022\/01\/IMG_4062.jpg\" \/>\n\t<meta property=\"og:image:width\" content=\"640\" \/>\n\t<meta property=\"og:image:height\" content=\"419\" \/>\n\t<meta property=\"og:image:type\" content=\"image\/jpeg\" \/>\n<meta name=\"author\" content=\"Juan Dagnino NOTICIASMERCEDINAS.COM\" \/>\n<meta name=\"twitter:card\" content=\"summary_large_image\" \/>\n<meta name=\"twitter:creator\" content=\"@notmercedinas\" \/>\n<meta name=\"twitter:site\" content=\"@notmercedinas\" \/>\n<meta name=\"twitter:label1\" content=\"Escrito por\" \/>\n\t<meta name=\"twitter:data1\" content=\"Juan Dagnino NOTICIASMERCEDINAS.COM\" \/>\n\t<meta name=\"twitter:label2\" content=\"Tiempo de lectura\" \/>\n\t<meta name=\"twitter:data2\" content=\"3 minutos\" \/>\n<script type=\"application\/ld+json\" class=\"yoast-schema-graph\">{\"@context\":\"https:\\\/\\\/schema.org\",\"@graph\":[{\"@type\":\"Article\",\"@id\":\"https:\\\/\\\/noticiasmercedinas.com\\\/site\\\/2022\\\/01\\\/30\\\/pabellon-complico-a-palometas\\\/#article\",\"isPartOf\":{\"@id\":\"https:\\\/\\\/noticiasmercedinas.com\\\/site\\\/2022\\\/01\\\/30\\\/pabellon-complico-a-palometas\\\/\"},\"author\":{\"name\":\"Juan Dagnino NOTICIASMERCEDINAS.COM\",\"@id\":\"https:\\\/\\\/noticiasmercedinas.com\\\/site\\\/#\\\/schema\\\/person\\\/8f2f09d666ef40986eba4a5e6f2a06f9\"},\"headline\":\"Pabell\u00f3n complic\u00f3 a Palometas\",\"datePublished\":\"2022-01-31T01:40:40+00:00\",\"mainEntityOfPage\":{\"@id\":\"https:\\\/\\\/noticiasmercedinas.com\\\/site\\\/2022\\\/01\\\/30\\\/pabellon-complico-a-palometas\\\/\"},\"wordCount\":468,\"commentCount\":0,\"publisher\":{\"@id\":\"https:\\\/\\\/noticiasmercedinas.com\\\/site\\\/#organization\"},\"image\":{\"@id\":\"https:\\\/\\\/noticiasmercedinas.com\\\/site\\\/2022\\\/01\\\/30\\\/pabellon-complico-a-palometas\\\/#primaryimage\"},\"thumbnailUrl\":\"https:\\\/\\\/noticiasmercedinas.com\\\/site\\\/wp-content\\\/uploads\\\/2022\\\/01\\\/IMG_4062.jpg\",\"keywords\":[\"Liga Mercedina de F\u00fatbol\",\"Primera\",\"reserva\"],\"articleSection\":[\"Deportes\"],\"inLanguage\":\"es\",\"potentialAction\":[{\"@type\":\"CommentAction\",\"name\":\"Comment\",\"target\":[\"https:\\\/\\\/noticiasmercedinas.com\\\/site\\\/2022\\\/01\\\/30\\\/pabellon-complico-a-palometas\\\/#respond\"]}]},{\"@type\":\"WebPage\",\"@id\":\"https:\\\/\\\/noticiasmercedinas.com\\\/site\\\/2022\\\/01\\\/30\\\/pabellon-complico-a-palometas\\\/\",\"url\":\"https:\\\/\\\/noticiasmercedinas.com\\\/site\\\/2022\\\/01\\\/30\\\/pabellon-complico-a-palometas\\\/\",\"name\":\"Pabell\u00f3n complic\u00f3 a Palometas\",\"isPartOf\":{\"@id\":\"https:\\\/\\\/noticiasmercedinas.com\\\/site\\\/#website\"},\"primaryImageOfPage\":{\"@id\":\"https:\\\/\\\/noticiasmercedinas.com\\\/site\\\/2022\\\/01\\\/30\\\/pabellon-complico-a-palometas\\\/#primaryimage\"},\"image\":{\"@id\":\"https:\\\/\\\/noticiasmercedinas.com\\\/site\\\/2022\\\/01\\\/30\\\/pabellon-complico-a-palometas\\\/#primaryimage\"},\"thumbnailUrl\":\"https:\\\/\\\/noticiasmercedinas.com\\\/site\\\/wp-content\\\/uploads\\\/2022\\\/01\\\/IMG_4062.jpg\",\"datePublished\":\"2022-01-31T01:40:40+00:00\",\"breadcrumb\":{\"@id\":\"https:\\\/\\\/noticiasmercedinas.com\\\/site\\\/2022\\\/01\\\/30\\\/pabellon-complico-a-palometas\\\/#breadcrumb\"},\"inLanguage\":\"es\",\"potentialAction\":[{\"@type\":\"ReadAction\",\"target\":[\"https:\\\/\\\/noticiasmercedinas.com\\\/site\\\/2022\\\/01\\\/30\\\/pabellon-complico-a-palometas\\\/\"]}]},{\"@type\":\"ImageObject\",\"inLanguage\":\"es\",\"@id\":\"https:\\\/\\\/noticiasmercedinas.com\\\/site\\\/2022\\\/01\\\/30\\\/pabellon-complico-a-palometas\\\/#primaryimage\",\"url\":\"https:\\\/\\\/noticiasmercedinas.com\\\/site\\\/wp-content\\\/uploads\\\/2022\\\/01\\\/IMG_4062.jpg\",\"contentUrl\":\"https:\\\/\\\/noticiasmercedinas.com\\\/site\\\/wp-content\\\/uploads\\\/2022\\\/01\\\/IMG_4062.jpg\",\"width\":640,\"height\":419},{\"@type\":\"BreadcrumbList\",\"@id\":\"https:\\\/\\\/noticiasmercedinas.com\\\/site\\\/2022\\\/01\\\/30\\\/pabellon-complico-a-palometas\\\/#breadcrumb\",\"itemListElement\":[{\"@type\":\"ListItem\",\"position\":1,\"name\":\"Portada\",\"item\":\"https:\\\/\\\/noticiasmercedinas.com\\\/site\\\/\"},{\"@type\":\"ListItem\",\"position\":2,\"name\":\"Pabell\u00f3n complic\u00f3 a Palometas\"}]},{\"@type\":\"WebSite\",\"@id\":\"https:\\\/\\\/noticiasmercedinas.com\\\/site\\\/#website\",\"url\":\"https:\\\/\\\/noticiasmercedinas.com\\\/site\\\/\",\"name\":\"NOTICIASMERCEDINAS.COM\",\"description\":\"Mercedes, Buenos Aires, Argentina\",\"publisher\":{\"@id\":\"https:\\\/\\\/noticiasmercedinas.com\\\/site\\\/#organization\"},\"potentialAction\":[{\"@type\":\"SearchAction\",\"target\":{\"@type\":\"EntryPoint\",\"urlTemplate\":\"https:\\\/\\\/noticiasmercedinas.com\\\/site\\\/?s={search_term_string}\"},\"query-input\":{\"@type\":\"PropertyValueSpecification\",\"valueRequired\":true,\"valueName\":\"search_term_string\"}}],\"inLanguage\":\"es\"},{\"@type\":\"Organization\",\"@id\":\"https:\\\/\\\/noticiasmercedinas.com\\\/site\\\/#organization\",\"name\":\"NOTICIASMERCEDINAS.COM\",\"url\":\"https:\\\/\\\/noticiasmercedinas.com\\\/site\\\/\",\"logo\":{\"@type\":\"ImageObject\",\"inLanguage\":\"es\",\"@id\":\"https:\\\/\\\/noticiasmercedinas.com\\\/site\\\/#\\\/schema\\\/logo\\\/image\\\/\",\"url\":\"https:\\\/\\\/noticiasmercedinas.com\\\/site\\\/wp-content\\\/uploads\\\/2020\\\/06\\\/LOGO-512.jpg\",\"contentUrl\":\"https:\\\/\\\/noticiasmercedinas.com\\\/site\\\/wp-content\\\/uploads\\\/2020\\\/06\\\/LOGO-512.jpg\",\"width\":512,\"height\":512,\"caption\":\"NOTICIASMERCEDINAS.COM\"},\"image\":{\"@id\":\"https:\\\/\\\/noticiasmercedinas.com\\\/site\\\/#\\\/schema\\\/logo\\\/image\\\/\"},\"sameAs\":[\"https:\\\/\\\/www.facebook.com\\\/noticiasmercedinas\\\/\",\"https:\\\/\\\/x.com\\\/notmercedinas\",\"https:\\\/\\\/www.instagram.com\\\/noticiasmercedinas\\\/\"]},{\"@type\":\"Person\",\"@id\":\"https:\\\/\\\/noticiasmercedinas.com\\\/site\\\/#\\\/schema\\\/person\\\/8f2f09d666ef40986eba4a5e6f2a06f9\",\"name\":\"Juan Dagnino NOTICIASMERCEDINAS.COM\",\"image\":{\"@type\":\"ImageObject\",\"inLanguage\":\"es\",\"@id\":\"https:\\\/\\\/secure.gravatar.com\\\/avatar\\\/fc7059a769f5a3cae65fadb228a3e4accf3a64b4b2305020d0a27e6d5333c91b?s=96&d=mm&r=g\",\"url\":\"https:\\\/\\\/secure.gravatar.com\\\/avatar\\\/fc7059a769f5a3cae65fadb228a3e4accf3a64b4b2305020d0a27e6d5333c91b?s=96&d=mm&r=g\",\"contentUrl\":\"https:\\\/\\\/secure.gravatar.com\\\/avatar\\\/fc7059a769f5a3cae65fadb228a3e4accf3a64b4b2305020d0a27e6d5333c91b?s=96&d=mm&r=g\",\"caption\":\"Juan Dagnino NOTICIASMERCEDINAS.COM\"},\"url\":\"https:\\\/\\\/noticiasmercedinas.com\\\/site\\\/author\\\/juandagnino\\\/\"}]}<\/script>\n<!-- \/ Yoast SEO plugin. -->","yoast_head_json":{"title":"Pabell\u00f3n complic\u00f3 a Palometas","robots":{"index":"index","follow":"follow","max-snippet":"max-snippet:-1","max-image-preview":"max-image-preview:large","max-video-preview":"max-video-preview:-1"},"canonical":"https:\/\/noticiasmercedinas.com\/site\/2022\/01\/30\/pabellon-complico-a-palometas\/","og_locale":"es_ES","og_type":"article","og_title":"Pabell\u00f3n complic\u00f3 a Palometas","og_description":"\u25a0 En cancha de V\u00e9lez fue 3-0 para los de Marcos Paz en medio de un juego donde el \u201cGranate\u201d no pudo empatar de penal. Atl\u00e9tico Marcos Paz lo dio vuelta frente a La Tijera con un 2 a 1. Tambi\u00e9n hubo partidos de Reserva.","og_url":"https:\/\/noticiasmercedinas.com\/site\/2022\/01\/30\/pabellon-complico-a-palometas\/","og_site_name":"NOTICIASMERCEDINAS.COM","article_publisher":"https:\/\/www.facebook.com\/noticiasmercedinas\/","article_published_time":"2022-01-31T01:40:40+00:00","og_image":[{"width":640,"height":419,"url":"https:\/\/noticiasmercedinas.com\/site\/wp-content\/uploads\/2022\/01\/IMG_4062.jpg","type":"image\/jpeg"}],"author":"Juan Dagnino NOTICIASMERCEDINAS.COM","twitter_card":"summary_large_image","twitter_creator":"@notmercedinas","twitter_site":"@notmercedinas","twitter_misc":{"Escrito por":"Juan Dagnino NOTICIASMERCEDINAS.COM","Tiempo de lectura":"3 minutos"},"schema":{"@context":"https:\/\/schema.org","@graph":[{"@type":"Article","@id":"https:\/\/noticiasmercedinas.com\/site\/2022\/01\/30\/pabellon-complico-a-palometas\/#article","isPartOf":{"@id":"https:\/\/noticiasmercedinas.com\/site\/2022\/01\/30\/pabellon-complico-a-palometas\/"},"author":{"name":"Juan Dagnino NOTICIASMERCEDINAS.COM","@id":"https:\/\/noticiasmercedinas.com\/site\/#\/schema\/person\/8f2f09d666ef40986eba4a5e6f2a06f9"},"headline":"Pabell\u00f3n complic\u00f3 a Palometas","datePublished":"2022-01-31T01:40:40+00:00","mainEntityOfPage":{"@id":"https:\/\/noticiasmercedinas.com\/site\/2022\/01\/30\/pabellon-complico-a-palometas\/"},"wordCount":468,"commentCount":0,"publisher":{"@id":"https:\/\/noticiasmercedinas.com\/site\/#organization"},"image":{"@id":"https:\/\/noticiasmercedinas.com\/site\/2022\/01\/30\/pabellon-complico-a-palometas\/#primaryimage"},"thumbnailUrl":"https:\/\/noticiasmercedinas.com\/site\/wp-content\/uploads\/2022\/01\/IMG_4062.jpg","keywords":["Liga Mercedina de F\u00fatbol","Primera","reserva"],"articleSection":["Deportes"],"inLanguage":"es","potentialAction":[{"@type":"CommentAction","name":"Comment","target":["https:\/\/noticiasmercedinas.com\/site\/2022\/01\/30\/pabellon-complico-a-palometas\/#respond"]}]},{"@type":"WebPage","@id":"https:\/\/noticiasmercedinas.com\/site\/2022\/01\/30\/pabellon-complico-a-palometas\/","url":"https:\/\/noticiasmercedinas.com\/site\/2022\/01\/30\/pabellon-complico-a-palometas\/","name":"Pabell\u00f3n complic\u00f3 a Palometas","isPartOf":{"@id":"https:\/\/noticiasmercedinas.com\/site\/#website"},"primaryImageOfPage":{"@id":"https:\/\/noticiasmercedinas.com\/site\/2022\/01\/30\/pabellon-complico-a-palometas\/#primaryimage"},"image":{"@id":"https:\/\/noticiasmercedinas.com\/site\/2022\/01\/30\/pabellon-complico-a-palometas\/#primaryimage"},"thumbnailUrl":"https:\/\/noticiasmercedinas.com\/site\/wp-content\/uploads\/2022\/01\/IMG_4062.jpg","datePublished":"2022-01-31T01:40:40+00:00","breadcrumb":{"@id":"https:\/\/noticiasmercedinas.com\/site\/2022\/01\/30\/pabellon-complico-a-palometas\/#breadcrumb"},"inLanguage":"es","potentialAction":[{"@type":"ReadAction","target":["https:\/\/noticiasmercedinas.com\/site\/2022\/01\/30\/pabellon-complico-a-palometas\/"]}]},{"@type":"ImageObject","inLanguage":"es","@id":"https:\/\/noticiasmercedinas.com\/site\/2022\/01\/30\/pabellon-complico-a-palometas\/#primaryimage","url":"https:\/\/noticiasmercedinas.com\/site\/wp-content\/uploads\/2022\/01\/IMG_4062.jpg","contentUrl":"https:\/\/noticiasmercedinas.com\/site\/wp-content\/uploads\/2022\/01\/IMG_4062.jpg","width":640,"height":419},{"@type":"BreadcrumbList","@id":"https:\/\/noticiasmercedinas.com\/site\/2022\/01\/30\/pabellon-complico-a-palometas\/#breadcrumb","itemListElement":[{"@type":"ListItem","position":1,"name":"Portada","item":"https:\/\/noticiasmercedinas.com\/site\/"},{"@type":"ListItem","position":2,"name":"Pabell\u00f3n complic\u00f3 a Palometas"}]},{"@type":"WebSite","@id":"https:\/\/noticiasmercedinas.com\/site\/#website","url":"https:\/\/noticiasmercedinas.com\/site\/","name":"NOTICIASMERCEDINAS.COM","description":"Mercedes, Buenos Aires, Argentina","publisher":{"@id":"https:\/\/noticiasmercedinas.com\/site\/#organization"},"potentialAction":[{"@type":"SearchAction","target":{"@type":"EntryPoint","urlTemplate":"https:\/\/noticiasmercedinas.com\/site\/?s={search_term_string}"},"query-input":{"@type":"PropertyValueSpecification","valueRequired":true,"valueName":"search_term_string"}}],"inLanguage":"es"},{"@type":"Organization","@id":"https:\/\/noticiasmercedinas.com\/site\/#organization","name":"NOTICIASMERCEDINAS.COM","url":"https:\/\/noticiasmercedinas.com\/site\/","logo":{"@type":"ImageObject","inLanguage":"es","@id":"https:\/\/noticiasmercedinas.com\/site\/#\/schema\/logo\/image\/","url":"https:\/\/noticiasmercedinas.com\/site\/wp-content\/uploads\/2020\/06\/LOGO-512.jpg","contentUrl":"https:\/\/noticiasmercedinas.com\/site\/wp-content\/uploads\/2020\/06\/LOGO-512.jpg","width":512,"height":512,"caption":"NOTICIASMERCEDINAS.COM"},"image":{"@id":"https:\/\/noticiasmercedinas.com\/site\/#\/schema\/logo\/image\/"},"sameAs":["https:\/\/www.facebook.com\/noticiasmercedinas\/","https:\/\/x.com\/notmercedinas","https:\/\/www.instagram.com\/noticiasmercedinas\/"]},{"@type":"Person","@id":"https:\/\/noticiasmercedinas.com\/site\/#\/schema\/person\/8f2f09d666ef40986eba4a5e6f2a06f9","name":"Juan Dagnino NOTICIASMERCEDINAS.COM","image":{"@type":"ImageObject","inLanguage":"es","@id":"https:\/\/secure.gravatar.com\/avatar\/fc7059a769f5a3cae65fadb228a3e4accf3a64b4b2305020d0a27e6d5333c91b?s=96&d=mm&r=g","url":"https:\/\/secure.gravatar.com\/avatar\/fc7059a769f5a3cae65fadb228a3e4accf3a64b4b2305020d0a27e6d5333c91b?s=96&d=mm&r=g","contentUrl":"https:\/\/secure.gravatar.com\/avatar\/fc7059a769f5a3cae65fadb228a3e4accf3a64b4b2305020d0a27e6d5333c91b?s=96&d=mm&r=g","caption":"Juan Dagnino NOTICIASMERCEDINAS.COM"},"url":"https:\/\/noticiasmercedinas.com\/site\/author\/juandagnino\/"}]}},"amp_enabled":true,"_links":{"self":[{"href":"https:\/\/noticiasmercedinas.com\/site\/wp-json\/wp\/v2\/posts\/83852","targetHints":{"allow":["GET"]}}],"collection":[{"href":"https:\/\/noticiasmercedinas.com\/site\/wp-json\/wp\/v2\/posts"}],"about":[{"href":"https:\/\/noticiasmercedinas.com\/site\/wp-json\/wp\/v2\/types\/post"}],"author":[{"embeddable":true,"href":"https:\/\/noticiasmercedinas.com\/site\/wp-json\/wp\/v2\/users\/6"}],"replies":[{"embeddable":true,"href":"https:\/\/noticiasmercedinas.com\/site\/wp-json\/wp\/v2\/comments?post=83852"}],"version-history":[{"count":1,"href":"https:\/\/noticiasmercedinas.com\/site\/wp-json\/wp\/v2\/posts\/83852\/revisions"}],"predecessor-version":[{"id":83855,"href":"https:\/\/noticiasmercedinas.com\/site\/wp-json\/wp\/v2\/posts\/83852\/revisions\/83855"}],"wp:featuredmedia":[{"embeddable":true,"href":"https:\/\/noticiasmercedinas.com\/site\/wp-json\/wp\/v2\/media\/83853"}],"wp:attachment":[{"href":"https:\/\/noticiasmercedinas.com\/site\/wp-json\/wp\/v2\/media?parent=83852"}],"wp:term":[{"taxonomy":"category","embeddable":true,"href":"https:\/\/noticiasmercedinas.com\/site\/wp-json\/wp\/v2\/categories?post=83852"},{"taxonomy":"post_tag","embeddable":true,"href":"https:\/\/noticiasmercedinas.com\/site\/wp-json\/wp\/v2\/tags?post=83852"}],"curies":[{"name":"wp","href":"https:\/\/api.w.org\/{rel}","templated":true}]}}